{"id":112104,"date":"2023-09-27T12:21:13","date_gmt":"2023-09-27T17:21:13","guid":{"rendered":"https:\/\/lospoliticosveracruz.com.mx\/?p=112104"},"modified":"2023-09-27T12:21:22","modified_gmt":"2023-09-27T17:21:22","slug":"uv-y-si-la-rebeldia-inicia-en-las-aulas","status":"publish","type":"post","link":"https:\/\/lospoliticosveracruz.com\/?p=112104","title":{"rendered":"UV: \u00bfY SI LA REBELD\u00cdA INICIA EN LAS AULAS?"},"content":{"rendered":"\n<p><strong>Vicente Luna Hern\u00e1ndez<\/strong><\/p>\n\n\n\n<p>El pueblo manda, tonto es aquel que cree que el pueblo es tonto, las cosas ya no son como antes, la libertad nos har\u00e1 libres, los de hoy no son como los de ayer, son algunas de las frases que la llamada 4 transformaci\u00f3n ha repetido de manera permanente y como toda una estrategia de gobierno, sin embargo, &#8211; ante las diferencias con la UV &#8211; en Veracruz parece que los de hoy\u2026s\u00ed son como los de ayer.<\/p>\n\n\n<div class=\"wp-block-image\">\n<figure class=\"alignleft size-medium\"><a href=\"https:\/\/lospoliticosveracruz.com.mx\/wp-content\/uploads\/2021\/10\/WhatsApp-Image-2021-10-02-at-15.20.25.jpeg\"><img loading=\"lazy\" decoding=\"async\" width=\"212\" height=\"300\" src=\"https:\/\/lospoliticosveracruz.com.mx\/wp-content\/uploads\/2021\/10\/WhatsApp-Image-2021-10-02-at-15.20.25-212x300.jpeg\" alt=\"\" class=\"wp-image-80177\" srcset=\"https:\/\/lospoliticosveracruz.com\/wp-content\/uploads\/2021\/10\/WhatsApp-Image-2021-10-02-at-15.20.25-212x300.jpeg 212w, https:\/\/lospoliticosveracruz.com\/wp-content\/uploads\/2021\/10\/WhatsApp-Image-2021-10-02-at-15.20.25-724x1024.jpeg 724w, https:\/\/lospoliticosveracruz.com\/wp-content\/uploads\/2021\/10\/WhatsApp-Image-2021-10-02-at-15.20.25-768x1086.jpeg 768w, https:\/\/lospoliticosveracruz.com\/wp-content\/uploads\/2021\/10\/WhatsApp-Image-2021-10-02-at-15.20.25.jpeg 905w\" sizes=\"auto, (max-width: 212px) 100vw, 212px\" \/><\/a><\/figure>\n<\/div>\n\n\n<p>Hoy al igual que ayer la batalla es por los recursos econ\u00f3micos que le corresponden a la universidad veracruzana, el art\u00edculo 10 de la constituci\u00f3n local es muy preciso, claro y concreto, en su p\u00e1rrafo tercero fracci\u00f3n X se\u00f1ala:<\/p>\n\n\n\n<p>&nbsp;\u00ab\u2026 en el caso de la universidad veracruzana, el presupuesto asignado no podr\u00e1 ser menor al 4% del total del presupuesto general del Estado, previsto para el ejercicio anual respectivo, el cual deber\u00e1 ministrarse conforme al calendario autorizado en los t\u00e9rminos que establezca la legislaci\u00f3n aplicable y, en ning\u00fan caso, el monto del presupuesto asignado ser\u00e1 inferior al otorgado en el ejercicio inmediato anterior\u00bb<\/p>\n\n\n\n<p>Es cierto, en el 2016 ante circunstancias iguales la Rectora Sara Ladr\u00f3n de Guevara junto con miles de universitarios encabez\u00f3 una lucha justa en aras de que el gobierno cumpliera la entrega de los recursos econ\u00f3micos a la m\u00e1xima casa de estudios, aparte de justa la demanda cont\u00f3 con la simpat\u00eda popular ante un gobierno desgastado y debilitado ante la opini\u00f3n p\u00fablica,&nbsp;&nbsp;sin embargo, tambi\u00e9n es cierto, que manos de color azul y color guinda estaban al acecho.<\/p>\n\n\n\n<p>La Rectora encabezo marchas multitudinarias, la comunidad estudiantil se volc\u00f3 a las calles para defender a su \u00abcasa de estudios\u00bb, ciudadanos de diferentes estratos sociales marcharon e incluso egresados &#8211; nunca se deja de ser universitario &#8211; gritaron consignas a favor de la UV y se demostr\u00f3 que la comunidad universitaria es un tigre que no hay que provocar ya que se vuelve una marea dif\u00edcil de contener al defender sus derechos consagrados en la Constituci\u00f3n de Veracruz, cuando se trata del presupuesto p\u00fablico asignado para su buena marcha, la universidad no debe tener color partidista, al igual que ayer no era un movimiento en contra del PRI ni hoy es un movimiento en contra de morena es &#8211; as\u00ed debe ser- un movimiento en defensa de los derechos de la Universidad Veracruzana.<\/p>\n\n\n\n<p>Dicen que el dinero no sabe de ideolog\u00edas ni de simpat\u00edas partidistas, hoy el Rector Martin Aguilar S\u00e1nchez debe encabezar y ser el l\u00edder &#8211; seguramente en el 2016 apoy\u00f3 los reclamos de las autoridades universitarias, tal vez tambi\u00e9n march\u00f3, tal vez tambi\u00e9n grit\u00f3 consignas, hoy es mayor su responsabilidad, miles de universitarios seguramente apoyaran esos reclamos, \u00bf a qu\u00e9 tiene miedo? \u00bfEstar\u00e1 a la altura de las circunstancias hist\u00f3ricas que exige la universidad? Si no puede\u2026que renuncie.<\/p>\n\n\n\n<p>Hoy que las redes sociales juegan un papel fundamental en la comunicaci\u00f3n entre j\u00f3venes y en la movilizaci\u00f3n social, las y los j\u00f3venes universitarios deben asumir tambi\u00e9n su responsabilidad cono parte fundamental de la comunidad universitaria, su voz debe ser escuchada al interior y al exterior de sus aulas, el movimiento \u00abart\u00edculo 10 constitucional\u00bb debe iniciar en cada sal\u00f3n universitario, la informaci\u00f3n es indispensable en toda acci\u00f3n, no se trata de salir a las calles a gritar consignas ofensivas, no se trata de permitir que manos ajenas a la universidad lleven agua a su molino, se trata de demostrar que las y los j\u00f3venes a la hora de defender su \u00abcasa\u00bb est\u00e1n listos y decididos, tal vez m\u00e1s y mejor que la propias autoridades.<\/p>\n\n\n\n<p>El Rector organiz\u00f3 un Foro en los Lagos para sensibilizar a la sociedad, \u00bf para sensibilizar a la sociedad o para sensibilizare \u00e9l? la sociedad ya est\u00e1 sensibilizada, \u00bfno tuvo otro pretexto el Rector para disfrazar su tibieza? que no llore por los rincones de la Rector\u00eda lo que no puede defender como principal responsable de la buena marcha de la universidad, su simpat\u00eda partidista &#8211; si es que la tiene &#8211; que no sea obst\u00e1culo para evadir su obligaci\u00f3n, en uno de los discursos m\u00e1s dram\u00e1ticos de un presidente en M\u00e9xico, el 17 de agosto de 1981 Jos\u00e9 L\u00f3pez Portillo expres\u00f3:&nbsp;&nbsp;\u00bb \u2026defendamos nuestro peso, esa es la estructura que conviene al pa\u00eds, esa es la estructura a la que me he comprometido defender como perro\u00bb ante circunstancia iguales y diferentes escenarios, la comunidad universitaria exige que el Rector tenga muy presente esas palabras.<\/p>\n\n\n\n<p>P.D.- Con el \u00e1nimo que la comunidad universitaria haga escuchar su voz sin titubeos\u2026Escribir\u00e9 otro d\u00eda.<\/p>\n","protected":false},"excerpt":{"rendered":"<p>Vicente Luna Hern\u00e1ndez El pueblo manda, tonto es aquel que cree que el pueblo es tonto, las cosas ya no son como antes, la libertad nos har\u00e1 libres, los de hoy no son como los de ayer, son algunas de las frases que la llamada 4 transformaci\u00f3n ha repetido de manera permanente y como toda [&hellip;]<\/p>\n","protected":false},"author":2,"featured_media":0,"comment_status":"closed","ping_status":"closed","sticky":false,"template":"","format":"standard","meta":{"tdm_status":"","tdm_grid_status":"","footnotes":""},"categories":[70],"tags":[39434,172],"class_list":{"0":"post-112104","1":"post","2":"type-post","3":"status-publish","4":"format-standard","6":"category-de-opinion","7":"tag-rector-martin-aguilar-sanchez","8":"tag-uv"},"yoast_head":"<!-- This site is optimized with the Yoast SEO plugin v27.4 - https:\/\/yoast.com\/product\/yoast-seo-wordpress\/ -->\n<title>UV: \u00bfY SI LA REBELD\u00cdA INICIA EN LAS AULAS? - Los pol\u00edticos Veracruz<\/title>\n<meta name=\"robots\" content=\"index, follow, max-snippet:-1, max-image-preview:large, max-video-preview:-1\" \/>\n<link rel=\"canonical\" href=\"https:\/\/lospoliticosveracruz.com\/?p=112104\" \/>\n<meta property=\"og:locale\" content=\"es_ES\" \/>\n<meta property=\"og:type\" content=\"article\" \/>\n<meta property=\"og:title\" content=\"UV: \u00bfY SI LA REBELD\u00cdA INICIA EN LAS AULAS? - Los pol\u00edticos Veracruz\" \/>\n<meta property=\"og:description\" content=\"Vicente Luna Hern\u00e1ndez El pueblo manda, tonto es aquel que cree que el pueblo es tonto, las cosas ya no son como antes, la libertad nos har\u00e1 libres, los de hoy no son como los de ayer, son algunas de las frases que la llamada 4 transformaci\u00f3n ha repetido de manera permanente y como toda [&hellip;]\" \/>\n<meta property=\"og:url\" content=\"https:\/\/lospoliticosveracruz.com\/?p=112104\" \/>\n<meta property=\"og:site_name\" content=\"Los pol\u00edticos Veracruz\" \/>\n<meta property=\"article:publisher\" content=\"https:\/\/www.facebook.com\/people\/Notimemes-de-los-Polticos\/61565672886568\/\" \/>\n<meta property=\"article:published_time\" content=\"2023-09-27T17:21:13+00:00\" \/>\n<meta property=\"article:modified_time\" content=\"2023-09-27T17:21:22+00:00\" \/>\n<meta property=\"og:image\" content=\"https:\/\/lospoliticosveracruz.com.mx\/wp-content\/uploads\/2021\/10\/WhatsApp-Image-2021-10-02-at-15.20.25-212x300.jpeg\" \/>\n<meta name=\"author\" content=\"Lo viste en Los Pol\u00edticos\" \/>\n<meta name=\"twitter:card\" content=\"summary_large_image\" \/>\n<meta name=\"twitter:creator\" content=\"@LosPoliticosVer\" \/>\n<meta name=\"twitter:site\" content=\"@LosPoliticosVer\" \/>\n<meta name=\"twitter:label1\" content=\"Escrito por\" \/>\n\t<meta name=\"twitter:data1\" content=\"Lo viste en Los Pol\u00edticos\" \/>\n\t<meta name=\"twitter:label2\" content=\"Tiempo de lectura\" \/>\n\t<meta name=\"twitter:data2\" content=\"4 minutos\" \/>\n<script type=\"application\/ld+json\" class=\"yoast-schema-graph\">{\"@context\":\"https:\\\/\\\/schema.org\",\"@graph\":[{\"@type\":\"Article\",\"@id\":\"https:\\\/\\\/lospoliticosveracruz.com\\\/?p=112104#article\",\"isPartOf\":{\"@id\":\"https:\\\/\\\/lospoliticosveracruz.com\\\/?p=112104\"},\"author\":{\"name\":\"Lo viste en Los Pol\u00edticos\",\"@id\":\"https:\\\/\\\/lospoliticosveracruz.com\\\/#\\\/schema\\\/person\\\/b8702bb0e538456e6efd07080bf2a4a2\"},\"headline\":\"UV: \u00bfY SI LA REBELD\u00cdA INICIA EN LAS AULAS?\",\"datePublished\":\"2023-09-27T17:21:13+00:00\",\"dateModified\":\"2023-09-27T17:21:22+00:00\",\"mainEntityOfPage\":{\"@id\":\"https:\\\/\\\/lospoliticosveracruz.com\\\/?p=112104\"},\"wordCount\":816,\"publisher\":{\"@id\":\"https:\\\/\\\/lospoliticosveracruz.com\\\/#organization\"},\"image\":{\"@id\":\"https:\\\/\\\/lospoliticosveracruz.com\\\/?p=112104#primaryimage\"},\"thumbnailUrl\":\"https:\\\/\\\/lospoliticosveracruz.com.mx\\\/wp-content\\\/uploads\\\/2021\\\/10\\\/WhatsApp-Image-2021-10-02-at-15.20.25-212x300.jpeg\",\"keywords\":[\"Rector Martin Aguilar S\u00e1nchez\",\"UV\"],\"articleSection\":[\"De Opini\u00f3n\"],\"inLanguage\":\"es\"},{\"@type\":\"WebPage\",\"@id\":\"https:\\\/\\\/lospoliticosveracruz.com\\\/?p=112104\",\"url\":\"https:\\\/\\\/lospoliticosveracruz.com\\\/?p=112104\",\"name\":\"UV: \u00bfY SI LA REBELD\u00cdA INICIA EN LAS AULAS? - Los pol\u00edticos Veracruz\",\"isPartOf\":{\"@id\":\"https:\\\/\\\/lospoliticosveracruz.com\\\/#website\"},\"primaryImageOfPage\":{\"@id\":\"https:\\\/\\\/lospoliticosveracruz.com\\\/?p=112104#primaryimage\"},\"image\":{\"@id\":\"https:\\\/\\\/lospoliticosveracruz.com\\\/?p=112104#primaryimage\"},\"thumbnailUrl\":\"https:\\\/\\\/lospoliticosveracruz.com.mx\\\/wp-content\\\/uploads\\\/2021\\\/10\\\/WhatsApp-Image-2021-10-02-at-15.20.25-212x300.jpeg\",\"datePublished\":\"2023-09-27T17:21:13+00:00\",\"dateModified\":\"2023-09-27T17:21:22+00:00\",\"breadcrumb\":{\"@id\":\"https:\\\/\\\/lospoliticosveracruz.com\\\/?p=112104#breadcrumb\"},\"inLanguage\":\"es\",\"potentialAction\":[{\"@type\":\"ReadAction\",\"target\":[\"https:\\\/\\\/lospoliticosveracruz.com\\\/?p=112104\"]}]},{\"@type\":\"ImageObject\",\"inLanguage\":\"es\",\"@id\":\"https:\\\/\\\/lospoliticosveracruz.com\\\/?p=112104#primaryimage\",\"url\":\"https:\\\/\\\/lospoliticosveracruz.com.mx\\\/wp-content\\\/uploads\\\/2021\\\/10\\\/WhatsApp-Image-2021-10-02-at-15.20.25-212x300.jpeg\",\"contentUrl\":\"https:\\\/\\\/lospoliticosveracruz.com.mx\\\/wp-content\\\/uploads\\\/2021\\\/10\\\/WhatsApp-Image-2021-10-02-at-15.20.25-212x300.jpeg\"},{\"@type\":\"BreadcrumbList\",\"@id\":\"https:\\\/\\\/lospoliticosveracruz.com\\\/?p=112104#breadcrumb\",\"itemListElement\":[{\"@type\":\"ListItem\",\"position\":1,\"name\":\"Portada\",\"item\":\"https:\\\/\\\/lospoliticosveracruz.com\\\/\"},{\"@type\":\"ListItem\",\"position\":2,\"name\":\"UV: \u00bfY SI LA REBELD\u00cdA INICIA EN LAS AULAS?\"}]},{\"@type\":\"WebSite\",\"@id\":\"https:\\\/\\\/lospoliticosveracruz.com\\\/#website\",\"url\":\"https:\\\/\\\/lospoliticosveracruz.com\\\/\",\"name\":\"Los pol\u00edticos Veracruz\",\"description\":\"\",\"publisher\":{\"@id\":\"https:\\\/\\\/lospoliticosveracruz.com\\\/#organization\"},\"potentialAction\":[{\"@type\":\"SearchAction\",\"target\":{\"@type\":\"EntryPoint\",\"urlTemplate\":\"https:\\\/\\\/lospoliticosveracruz.com\\\/?s={search_term_string}\"},\"query-input\":{\"@type\":\"PropertyValueSpecification\",\"valueRequired\":true,\"valueName\":\"search_term_string\"}}],\"inLanguage\":\"es\"},{\"@type\":\"Organization\",\"@id\":\"https:\\\/\\\/lospoliticosveracruz.com\\\/#organization\",\"name\":\"Los pol\u00edticos Veracruz\",\"url\":\"https:\\\/\\\/lospoliticosveracruz.com\\\/\",\"logo\":{\"@type\":\"ImageObject\",\"inLanguage\":\"es\",\"@id\":\"https:\\\/\\\/lospoliticosveracruz.com\\\/#\\\/schema\\\/logo\\\/image\\\/\",\"url\":\"https:\\\/\\\/lospoliticosveracruz.com\\\/wp-content\\\/uploads\\\/2025\\\/12\\\/Logo-Nuevo-LOS-POLITICOS-1.jpg\",\"contentUrl\":\"https:\\\/\\\/lospoliticosveracruz.com\\\/wp-content\\\/uploads\\\/2025\\\/12\\\/Logo-Nuevo-LOS-POLITICOS-1.jpg\",\"width\":260,\"height\":70,\"caption\":\"Los pol\u00edticos Veracruz\"},\"image\":{\"@id\":\"https:\\\/\\\/lospoliticosveracruz.com\\\/#\\\/schema\\\/logo\\\/image\\\/\"},\"sameAs\":[\"https:\\\/\\\/www.facebook.com\\\/people\\\/Notimemes-de-los-Polticos\\\/61565672886568\\\/\",\"https:\\\/\\\/x.com\\\/LosPoliticosVer\"]},{\"@type\":\"Person\",\"@id\":\"https:\\\/\\\/lospoliticosveracruz.com\\\/#\\\/schema\\\/person\\\/b8702bb0e538456e6efd07080bf2a4a2\",\"name\":\"Lo viste en Los Pol\u00edticos\",\"image\":{\"@type\":\"ImageObject\",\"inLanguage\":\"es\",\"@id\":\"https:\\\/\\\/secure.gravatar.com\\\/avatar\\\/3a8de04a2656d44082be478bd6c086daa447c4651605818287b9532d3d0bd435?s=96&d=mm&r=g\",\"url\":\"https:\\\/\\\/secure.gravatar.com\\\/avatar\\\/3a8de04a2656d44082be478bd6c086daa447c4651605818287b9532d3d0bd435?s=96&d=mm&r=g\",\"contentUrl\":\"https:\\\/\\\/secure.gravatar.com\\\/avatar\\\/3a8de04a2656d44082be478bd6c086daa447c4651605818287b9532d3d0bd435?s=96&d=mm&r=g\",\"caption\":\"Lo viste en Los Pol\u00edticos\"},\"url\":\"https:\\\/\\\/lospoliticosveracruz.com\\\/?author=2\"}]}<\/script>\n<!-- \/ Yoast SEO plugin. -->","yoast_head_json":{"title":"UV: \u00bfY SI LA REBELD\u00cdA INICIA EN LAS AULAS? - Los pol\u00edticos Veracruz","robots":{"index":"index","follow":"follow","max-snippet":"max-snippet:-1","max-image-preview":"max-image-preview:large","max-video-preview":"max-video-preview:-1"},"canonical":"https:\/\/lospoliticosveracruz.com\/?p=112104","og_locale":"es_ES","og_type":"article","og_title":"UV: \u00bfY SI LA REBELD\u00cdA INICIA EN LAS AULAS? - Los pol\u00edticos Veracruz","og_description":"Vicente Luna Hern\u00e1ndez El pueblo manda, tonto es aquel que cree que el pueblo es tonto, las cosas ya no son como antes, la libertad nos har\u00e1 libres, los de hoy no son como los de ayer, son algunas de las frases que la llamada 4 transformaci\u00f3n ha repetido de manera permanente y como toda [&hellip;]","og_url":"https:\/\/lospoliticosveracruz.com\/?p=112104","og_site_name":"Los pol\u00edticos Veracruz","article_publisher":"https:\/\/www.facebook.com\/people\/Notimemes-de-los-Polticos\/61565672886568\/","article_published_time":"2023-09-27T17:21:13+00:00","article_modified_time":"2023-09-27T17:21:22+00:00","og_image":[{"url":"https:\/\/lospoliticosveracruz.com.mx\/wp-content\/uploads\/2021\/10\/WhatsApp-Image-2021-10-02-at-15.20.25-212x300.jpeg","type":"","width":"","height":""}],"author":"Lo viste en Los Pol\u00edticos","twitter_card":"summary_large_image","twitter_creator":"@LosPoliticosVer","twitter_site":"@LosPoliticosVer","twitter_misc":{"Escrito por":"Lo viste en Los Pol\u00edticos","Tiempo de lectura":"4 minutos"},"schema":{"@context":"https:\/\/schema.org","@graph":[{"@type":"Article","@id":"https:\/\/lospoliticosveracruz.com\/?p=112104#article","isPartOf":{"@id":"https:\/\/lospoliticosveracruz.com\/?p=112104"},"author":{"name":"Lo viste en Los Pol\u00edticos","@id":"https:\/\/lospoliticosveracruz.com\/#\/schema\/person\/b8702bb0e538456e6efd07080bf2a4a2"},"headline":"UV: \u00bfY SI LA REBELD\u00cdA INICIA EN LAS AULAS?","datePublished":"2023-09-27T17:21:13+00:00","dateModified":"2023-09-27T17:21:22+00:00","mainEntityOfPage":{"@id":"https:\/\/lospoliticosveracruz.com\/?p=112104"},"wordCount":816,"publisher":{"@id":"https:\/\/lospoliticosveracruz.com\/#organization"},"image":{"@id":"https:\/\/lospoliticosveracruz.com\/?p=112104#primaryimage"},"thumbnailUrl":"https:\/\/lospoliticosveracruz.com.mx\/wp-content\/uploads\/2021\/10\/WhatsApp-Image-2021-10-02-at-15.20.25-212x300.jpeg","keywords":["Rector Martin Aguilar S\u00e1nchez","UV"],"articleSection":["De Opini\u00f3n"],"inLanguage":"es"},{"@type":"WebPage","@id":"https:\/\/lospoliticosveracruz.com\/?p=112104","url":"https:\/\/lospoliticosveracruz.com\/?p=112104","name":"UV: \u00bfY SI LA REBELD\u00cdA INICIA EN LAS AULAS? - Los pol\u00edticos Veracruz","isPartOf":{"@id":"https:\/\/lospoliticosveracruz.com\/#website"},"primaryImageOfPage":{"@id":"https:\/\/lospoliticosveracruz.com\/?p=112104#primaryimage"},"image":{"@id":"https:\/\/lospoliticosveracruz.com\/?p=112104#primaryimage"},"thumbnailUrl":"https:\/\/lospoliticosveracruz.com.mx\/wp-content\/uploads\/2021\/10\/WhatsApp-Image-2021-10-02-at-15.20.25-212x300.jpeg","datePublished":"2023-09-27T17:21:13+00:00","dateModified":"2023-09-27T17:21:22+00:00","breadcrumb":{"@id":"https:\/\/lospoliticosveracruz.com\/?p=112104#breadcrumb"},"inLanguage":"es","potentialAction":[{"@type":"ReadAction","target":["https:\/\/lospoliticosveracruz.com\/?p=112104"]}]},{"@type":"ImageObject","inLanguage":"es","@id":"https:\/\/lospoliticosveracruz.com\/?p=112104#primaryimage","url":"https:\/\/lospoliticosveracruz.com.mx\/wp-content\/uploads\/2021\/10\/WhatsApp-Image-2021-10-02-at-15.20.25-212x300.jpeg","contentUrl":"https:\/\/lospoliticosveracruz.com.mx\/wp-content\/uploads\/2021\/10\/WhatsApp-Image-2021-10-02-at-15.20.25-212x300.jpeg"},{"@type":"BreadcrumbList","@id":"https:\/\/lospoliticosveracruz.com\/?p=112104#breadcrumb","itemListElement":[{"@type":"ListItem","position":1,"name":"Portada","item":"https:\/\/lospoliticosveracruz.com\/"},{"@type":"ListItem","position":2,"name":"UV: \u00bfY SI LA REBELD\u00cdA INICIA EN LAS AULAS?"}]},{"@type":"WebSite","@id":"https:\/\/lospoliticosveracruz.com\/#website","url":"https:\/\/lospoliticosveracruz.com\/","name":"Los pol\u00edticos Veracruz","description":"","publisher":{"@id":"https:\/\/lospoliticosveracruz.com\/#organization"},"potentialAction":[{"@type":"SearchAction","target":{"@type":"EntryPoint","urlTemplate":"https:\/\/lospoliticosveracruz.com\/?s={search_term_string}"},"query-input":{"@type":"PropertyValueSpecification","valueRequired":true,"valueName":"search_term_string"}}],"inLanguage":"es"},{"@type":"Organization","@id":"https:\/\/lospoliticosveracruz.com\/#organization","name":"Los pol\u00edticos Veracruz","url":"https:\/\/lospoliticosveracruz.com\/","logo":{"@type":"ImageObject","inLanguage":"es","@id":"https:\/\/lospoliticosveracruz.com\/#\/schema\/logo\/image\/","url":"https:\/\/lospoliticosveracruz.com\/wp-content\/uploads\/2025\/12\/Logo-Nuevo-LOS-POLITICOS-1.jpg","contentUrl":"https:\/\/lospoliticosveracruz.com\/wp-content\/uploads\/2025\/12\/Logo-Nuevo-LOS-POLITICOS-1.jpg","width":260,"height":70,"caption":"Los pol\u00edticos Veracruz"},"image":{"@id":"https:\/\/lospoliticosveracruz.com\/#\/schema\/logo\/image\/"},"sameAs":["https:\/\/www.facebook.com\/people\/Notimemes-de-los-Polticos\/61565672886568\/","https:\/\/x.com\/LosPoliticosVer"]},{"@type":"Person","@id":"https:\/\/lospoliticosveracruz.com\/#\/schema\/person\/b8702bb0e538456e6efd07080bf2a4a2","name":"Lo viste en Los Pol\u00edticos","image":{"@type":"ImageObject","inLanguage":"es","@id":"https:\/\/secure.gravatar.com\/avatar\/3a8de04a2656d44082be478bd6c086daa447c4651605818287b9532d3d0bd435?s=96&d=mm&r=g","url":"https:\/\/secure.gravatar.com\/avatar\/3a8de04a2656d44082be478bd6c086daa447c4651605818287b9532d3d0bd435?s=96&d=mm&r=g","contentUrl":"https:\/\/secure.gravatar.com\/avatar\/3a8de04a2656d44082be478bd6c086daa447c4651605818287b9532d3d0bd435?s=96&d=mm&r=g","caption":"Lo viste en Los Pol\u00edticos"},"url":"https:\/\/lospoliticosveracruz.com\/?author=2"}]}},"_links":{"self":[{"href":"https:\/\/lospoliticosveracruz.com\/index.php?rest_route=\/wp\/v2\/posts\/112104","targetHints":{"allow":["GET"]}}],"collection":[{"href":"https:\/\/lospoliticosveracruz.com\/index.php?rest_route=\/wp\/v2\/posts"}],"about":[{"href":"https:\/\/lospoliticosveracruz.com\/index.php?rest_route=\/wp\/v2\/types\/post"}],"author":[{"embeddable":true,"href":"https:\/\/lospoliticosveracruz.com\/index.php?rest_route=\/wp\/v2\/users\/2"}],"replies":[{"embeddable":true,"href":"https:\/\/lospoliticosveracruz.com\/index.php?rest_route=%2Fwp%2Fv2%2Fcomments&post=112104"}],"version-history":[{"count":1,"href":"https:\/\/lospoliticosveracruz.com\/index.php?rest_route=\/wp\/v2\/posts\/112104\/revisions"}],"predecessor-version":[{"id":112105,"href":"https:\/\/lospoliticosveracruz.com\/index.php?rest_route=\/wp\/v2\/posts\/112104\/revisions\/112105"}],"wp:attachment":[{"href":"https:\/\/lospoliticosveracruz.com\/index.php?rest_route=%2Fwp%2Fv2%2Fmedia&parent=112104"}],"wp:term":[{"taxonomy":"category","embeddable":true,"href":"https:\/\/lospoliticosveracruz.com\/index.php?rest_route=%2Fwp%2Fv2%2Fcategories&post=112104"},{"taxonomy":"post_tag","embeddable":true,"href":"https:\/\/lospoliticosveracruz.com\/index.php?rest_route=%2Fwp%2Fv2%2Ftags&post=112104"}],"curies":[{"name":"wp","href":"https:\/\/api.w.org\/{rel}","templated":true}]}}