{"id":112267,"date":"2023-09-30T09:48:08","date_gmt":"2023-09-30T14:48:08","guid":{"rendered":"https:\/\/lospoliticosveracruz.com.mx\/?p=112267"},"modified":"2023-09-30T09:48:20","modified_gmt":"2023-09-30T14:48:20","slug":"sisniega-la-punta-de-la-madeja","status":"publish","type":"post","link":"https:\/\/lospoliticosveracruz.com\/?p=112267","title":{"rendered":"SISNIEGA, LA PUNTA DE LA MADEJA"},"content":{"rendered":"\n<p><strong>Ricardo Chua<br><\/strong><em>Sale y Vale<\/em><\/p>\n\n\n\n<p>EXCLUSIVA\u2026 El director Administrativo de la Secretar\u00eda de Salud del gobierno estatal, Jorge Sisniega Fern\u00e1ndez, es la \u00abpunta de la madeja\u00bb de lo que viene.. Que ah\u00ed viene y en unos d\u00edas m\u00e1s todo saldr\u00e1 a la luz p\u00fablica.. El tema de Sisniega conduce a SEFIPLAN donde el secretario de Finanzas, Jos\u00e9 Luis Lima Franco, ya tiene un \u00abflanco\u00bb abierto contra el subsecretario de la dependencia, Eleazar Guerrero P\u00e9rez, porque lo quieren \u00abembarrar\u00bb en el tema de las empresas \u00abfantasmas\u00bb.. Y Lima ya \u00abchill\u00f3\u00bb con Claudia Sheinbaum v\u00eda su \u00abpadrino\u00bb..<\/p>\n\n\n\n<figure class=\"wp-block-image size-large\"><a href=\"https:\/\/lospoliticosveracruz.com.mx\/wp-content\/uploads\/2016\/07\/Seguro-Julio-Cerecedo-2.jpg\"><img decoding=\"async\" src=\"https:\/\/lospoliticosveracruz.com.mx\/wp-content\/uploads\/2016\/07\/Seguro-Julio-Cerecedo-2-1024x381.jpg\" alt=\"\" class=\"wp-image-105879\"\/><\/a><\/figure>\n\n\n\n<p>Sisniega es la posici\u00f3n del Primo Eleazar por lo que a Lima Franco no le importa su suerte.. Las disputas al interior del gabinete de Cuitl\u00e1huac Garc\u00eda est\u00e1n a la orden del d\u00eda, que ni el gobernador ha podido tranquilizar.. Tanto as\u00ed que el tema tambi\u00e9n trae molesta a la propia Roc\u00edo Nahle, candidata al gobierno de Veracruz por MORENA, y que pareciera estos temas le est\u00e1n afectando a su pre pre pre campa\u00f1a como el hecho de no ser de Veracruz.. Sisniega ser\u00e1 \u00absacrificable\u00bb.. Lo que viene est\u00e1 ca\u00f1\u00f3n.. EL QUE ENTENDI\u00d3, ENTENDI\u00d3..<\/p>\n\n\n\n<p><strong>ROC\u00cdO NAHLE Y SU CIRCUNSTANCIA..<\/strong> Ya sali\u00f3 el tema de Roc\u00edo Nahle, el de hacerla aspirante de MORENA para entrar a la encuesta y as\u00ed ganar la coordinaci\u00f3n estatal de la Defensa de la 4T, que es lo mismo que la candidatura a gobernador de Veracruz.. Que si bien es cierto, hay 3 aspirantes m\u00e1s, sabemos que todos son de \u00abchocolate\u00bb\u2026 Por eso, lo que hoy queda con el resto de los que participan en la encuesta para legitimar a Nahle, es saber qui\u00e9nes ser\u00e1n los candidatos al Senado..<\/p>\n\n\n\n<p>Si bien es cierto, en ese panorama, el mejor candidato a gobernador para MORENA en Veracruz, ser\u00eda Zenyazen Escobar Garc\u00eda.. Por la fuerza que tiene, pero a \u00e9l ser\u00eda al que le tocar\u00eda el Senado por Veracruz.. Sin embargo, todo parece indicar que esa posici\u00f3n es para el Partido Verde Ecologista de M\u00e9xico y en d\u00f3nde seguramente ser\u00e1 Javier Herrera Borunda, el ungido por Claudia Sheinbaum para seguir con esa lucha en Veracruz\u2026<\/p>\n\n\n\n<p>Por lo cual, entonces, MORENA habr\u00e1 de proponer a una candidata mujer por la raz\u00f3n de g\u00e9nero.. Y aunque, se dice que el gobernador, Cuitl\u00e1huac Garc\u00eda quiere que sea Dorenhy Garc\u00eda Cayetano, pero si Nahle se afirma como la coordinadora de la Defensa de la 4T, seguramente elegir\u00e1 a su comadre, la diputada federal, Claudia Tello, porque as\u00ed tambi\u00e9n lo quiere Shienbaum y con esa mano, Cuitl\u00e1huac habr\u00e1 perdido grandes posiciones e injerencia en el nuevo Gobierno de Veracruz\u2026 C\u00f3mo dice el dicho: \u00abMuerto el Rey, viva la Reina\u00bb..<\/p>\n\n\n\n<p>S\u00f3lo hay que observar un poco.. Y se dar\u00e1n cuenta, que muchos de los aliados de Cuitl\u00e1huac y hasta los que son funcionarios de su gabinete.. Hoy ya se deslindan de \u00e9l y se asumen m\u00e1s como \u00abNahlenistas\u00bb que la propia Roc\u00edo Nahle.. Al final, al no lograr imponer a Dorheny Garc\u00eda, queda claro, que poco a poco Cuitl\u00e1huac.. Ir\u00e1 despidi\u00e9ndose de las \u00abmieles\u00bb del poder y ahora le tocar\u00e1 ver lo que ha sembrado: NADA,.<\/p>\n\n\n\n<p>As\u00ed que con estas circunstancias en su Quinto A\u00f1o de gobierno.. S\u00f3lo le queda poner todo el recurso estatal a disposici\u00f3n de la \u00abfutura\u00bb gobernadora (si es que le gana a los Yunes la elecci\u00f3n estatal) para ver si as\u00ed lograr salvarse \u00e9l, pues, es bien sabido que cada gobernante deber\u00e1 actuar contra su antecesor, as\u00ed sea del mismo partido.. La pregunta es a qui\u00e9n o quienes entregar\u00e1 Cuitl\u00e1huac: Quienes ser\u00e1n los sacrificados. Esa pregunta es la que ya ronda y por la que muchos, ya ni los \u00abbuenos d\u00edas alegr\u00eda\u00bb le dan..<\/p>\n\n\n\n<p>Si le sale bien a MORENA (Habr\u00e1 que verlo) Veracruz en 2024 tendr\u00e1 gobernadora.. Si bien existe la posibilidad que Pepe Yunes vaya con la alianza y levante buenas expectativas en la sociedad.. En MORENA conf\u00edan que Pepe no ha aprendido, en estos \u00faltimos a\u00f1os de \u00abencierro\u00bb pol\u00edtico.. De que \u00e9l representa todo lo que el electorado no quiere: Un pol\u00edtico m\u00e1s.. En Palacio de Gobierno, sus principales inquilinos dicen que PepeYu sigue siendo viejo, hablando como robot, no es aut\u00e9ntico y se conf\u00eda de los mismos que lo hicieron perder en 2018..<\/p>\n\n\n\n<p>En la principal oficina del Palacio de Gobierno de Xalapa.. Le dicen a Cuitl\u00e1huac que si bien Pepe Yunes es una persona muy preparada, que es un caballero de la pol\u00edtica y que sabe cu\u00e1l debe ser el rumbo que requiere Veracruz.. Comentan que el de Perote sigue \u00abpecando\u00bb de credulidad, de que el electorado es el mismo que hace 6 y 14 a\u00f1os a\u00f1os.. Y este mismo va cambiando cada periodo de tiempo.. Esto har\u00e1 que haga una campa\u00f1a resaltando que es el mejor.. Lo cual lo har\u00e1 perder.. Al menos eso es lo que Cuitl\u00e1huac y Patrocinio piensan.. AMEN<\/p>\n","protected":false},"excerpt":{"rendered":"<p>Ricardo ChuaSale y Vale EXCLUSIVA\u2026 El director Administrativo de la Secretar\u00eda de Salud del gobierno estatal, Jorge Sisniega Fern\u00e1ndez, es la \u00abpunta de la madeja\u00bb de lo que viene.. Que ah\u00ed viene y en unos d\u00edas m\u00e1s todo saldr\u00e1 a la luz p\u00fablica.. El tema de Sisniega conduce a SEFIPLAN donde el secretario de Finanzas, [&hellip;]<\/p>\n","protected":false},"author":2,"featured_media":0,"comment_status":"closed","ping_status":"closed","sticky":false,"template":"","format":"standard","meta":{"tdm_status":"","tdm_grid_status":"","footnotes":""},"categories":[70],"tags":[9627,19961,1563,39446,13912,1124,35783,13713,1026,570,3578,640,195,12372],"class_list":{"0":"post-112267","1":"post","2":"type-post","3":"status-publish","4":"format-standard","6":"category-de-opinion","7":"tag-claudia-sheinbaum","8":"tag-claudia-tello","9":"tag-cuitlahuac-garcia-jimenez","10":"tag-dorenhy-garcia-cayetano","11":"tag-eleazar-guerrero-perez","12":"tag-javier-herrera-borunda","13":"tag-jorge-sisniega-fernandez","14":"tag-jose-luis-lima-franco","15":"tag-morena","16":"tag-pepe-yunes","17":"tag-rocio-nahle","18":"tag-sefiplan","19":"tag-veracruz","20":"tag-zenyazen-escobar-garcia"},"yoast_head":"<!-- This site is optimized with the Yoast SEO plugin v27.4 - https:\/\/yoast.com\/product\/yoast-seo-wordpress\/ -->\n<title>SISNIEGA, LA PUNTA DE LA MADEJA - Los pol\u00edticos Veracruz<\/title>\n<meta name=\"robots\" content=\"index, follow, max-snippet:-1, max-image-preview:large, max-video-preview:-1\" \/>\n<link rel=\"canonical\" href=\"https:\/\/lospoliticosveracruz.com\/?p=112267\" \/>\n<meta property=\"og:locale\" content=\"es_ES\" \/>\n<meta property=\"og:type\" content=\"article\" \/>\n<meta property=\"og:title\" content=\"SISNIEGA, LA PUNTA DE LA MADEJA - Los pol\u00edticos Veracruz\" \/>\n<meta property=\"og:description\" content=\"Ricardo ChuaSale y Vale EXCLUSIVA\u2026 El director Administrativo de la Secretar\u00eda de Salud del gobierno estatal, Jorge Sisniega Fern\u00e1ndez, es la \u00abpunta de la madeja\u00bb de lo que viene.. Que ah\u00ed viene y en unos d\u00edas m\u00e1s todo saldr\u00e1 a la luz p\u00fablica.. El tema de Sisniega conduce a SEFIPLAN donde el secretario de Finanzas, [&hellip;]\" \/>\n<meta property=\"og:url\" content=\"https:\/\/lospoliticosveracruz.com\/?p=112267\" \/>\n<meta property=\"og:site_name\" content=\"Los pol\u00edticos Veracruz\" \/>\n<meta property=\"article:publisher\" content=\"https:\/\/www.facebook.com\/people\/Notimemes-de-los-Polticos\/61565672886568\/\" \/>\n<meta property=\"article:published_time\" content=\"2023-09-30T14:48:08+00:00\" \/>\n<meta property=\"article:modified_time\" content=\"2023-09-30T14:48:20+00:00\" \/>\n<meta property=\"og:image\" content=\"https:\/\/lospoliticosveracruz.com.mx\/wp-content\/uploads\/2016\/07\/Seguro-Julio-Cerecedo-2-1024x381.jpg\" \/>\n<meta name=\"author\" content=\"Lo viste en Los Pol\u00edticos\" \/>\n<meta name=\"twitter:card\" content=\"summary_large_image\" \/>\n<meta name=\"twitter:creator\" content=\"@LosPoliticosVer\" \/>\n<meta name=\"twitter:site\" content=\"@LosPoliticosVer\" \/>\n<meta name=\"twitter:label1\" content=\"Escrito por\" \/>\n\t<meta name=\"twitter:data1\" content=\"Lo viste en Los Pol\u00edticos\" \/>\n\t<meta name=\"twitter:label2\" content=\"Tiempo de lectura\" \/>\n\t<meta name=\"twitter:data2\" content=\"4 minutos\" \/>\n<script type=\"application\/ld+json\" class=\"yoast-schema-graph\">{\"@context\":\"https:\\\/\\\/schema.org\",\"@graph\":[{\"@type\":\"Article\",\"@id\":\"https:\\\/\\\/lospoliticosveracruz.com\\\/?p=112267#article\",\"isPartOf\":{\"@id\":\"https:\\\/\\\/lospoliticosveracruz.com\\\/?p=112267\"},\"author\":{\"name\":\"Lo viste en Los Pol\u00edticos\",\"@id\":\"https:\\\/\\\/lospoliticosveracruz.com\\\/#\\\/schema\\\/person\\\/b8702bb0e538456e6efd07080bf2a4a2\"},\"headline\":\"SISNIEGA, LA PUNTA DE LA MADEJA\",\"datePublished\":\"2023-09-30T14:48:08+00:00\",\"dateModified\":\"2023-09-30T14:48:20+00:00\",\"mainEntityOfPage\":{\"@id\":\"https:\\\/\\\/lospoliticosveracruz.com\\\/?p=112267\"},\"wordCount\":873,\"publisher\":{\"@id\":\"https:\\\/\\\/lospoliticosveracruz.com\\\/#organization\"},\"image\":{\"@id\":\"https:\\\/\\\/lospoliticosveracruz.com\\\/?p=112267#primaryimage\"},\"thumbnailUrl\":\"https:\\\/\\\/lospoliticosveracruz.com.mx\\\/wp-content\\\/uploads\\\/2016\\\/07\\\/Seguro-Julio-Cerecedo-2-1024x381.jpg\",\"keywords\":[\"Claudia Sheinbaum\",\"Claudia Tello\",\"Cuitl\u00e1huac Garc\u00eda Jim\u00e9nez\",\"Dorenhy Garc\u00eda Cayetano\",\"Eleazar Guerrero P\u00e9rez\",\"Javier Herrera Borunda\",\"Jorge Sisniega Fern\u00e1ndez\",\"Jos\u00e9 Luis Lima Franco\",\"Morena\",\"Pepe Yunes\",\"Roc\u00edo Nahle\",\"Sefiplan\",\"Veracruz\",\"Zenyazen Escobar Garc\u00eda\"],\"articleSection\":[\"De Opini\u00f3n\"],\"inLanguage\":\"es\"},{\"@type\":\"WebPage\",\"@id\":\"https:\\\/\\\/lospoliticosveracruz.com\\\/?p=112267\",\"url\":\"https:\\\/\\\/lospoliticosveracruz.com\\\/?p=112267\",\"name\":\"SISNIEGA, LA PUNTA DE LA MADEJA - Los pol\u00edticos Veracruz\",\"isPartOf\":{\"@id\":\"https:\\\/\\\/lospoliticosveracruz.com\\\/#website\"},\"primaryImageOfPage\":{\"@id\":\"https:\\\/\\\/lospoliticosveracruz.com\\\/?p=112267#primaryimage\"},\"image\":{\"@id\":\"https:\\\/\\\/lospoliticosveracruz.com\\\/?p=112267#primaryimage\"},\"thumbnailUrl\":\"https:\\\/\\\/lospoliticosveracruz.com.mx\\\/wp-content\\\/uploads\\\/2016\\\/07\\\/Seguro-Julio-Cerecedo-2-1024x381.jpg\",\"datePublished\":\"2023-09-30T14:48:08+00:00\",\"dateModified\":\"2023-09-30T14:48:20+00:00\",\"breadcrumb\":{\"@id\":\"https:\\\/\\\/lospoliticosveracruz.com\\\/?p=112267#breadcrumb\"},\"inLanguage\":\"es\",\"potentialAction\":[{\"@type\":\"ReadAction\",\"target\":[\"https:\\\/\\\/lospoliticosveracruz.com\\\/?p=112267\"]}]},{\"@type\":\"ImageObject\",\"inLanguage\":\"es\",\"@id\":\"https:\\\/\\\/lospoliticosveracruz.com\\\/?p=112267#primaryimage\",\"url\":\"https:\\\/\\\/lospoliticosveracruz.com.mx\\\/wp-content\\\/uploads\\\/2016\\\/07\\\/Seguro-Julio-Cerecedo-2-1024x381.jpg\",\"contentUrl\":\"https:\\\/\\\/lospoliticosveracruz.com.mx\\\/wp-content\\\/uploads\\\/2016\\\/07\\\/Seguro-Julio-Cerecedo-2-1024x381.jpg\"},{\"@type\":\"BreadcrumbList\",\"@id\":\"https:\\\/\\\/lospoliticosveracruz.com\\\/?p=112267#breadcrumb\",\"itemListElement\":[{\"@type\":\"ListItem\",\"position\":1,\"name\":\"Portada\",\"item\":\"https:\\\/\\\/lospoliticosveracruz.com\\\/\"},{\"@type\":\"ListItem\",\"position\":2,\"name\":\"SISNIEGA, LA PUNTA DE LA MADEJA\"}]},{\"@type\":\"WebSite\",\"@id\":\"https:\\\/\\\/lospoliticosveracruz.com\\\/#website\",\"url\":\"https:\\\/\\\/lospoliticosveracruz.com\\\/\",\"name\":\"Los pol\u00edticos Veracruz\",\"description\":\"\",\"publisher\":{\"@id\":\"https:\\\/\\\/lospoliticosveracruz.com\\\/#organization\"},\"potentialAction\":[{\"@type\":\"SearchAction\",\"target\":{\"@type\":\"EntryPoint\",\"urlTemplate\":\"https:\\\/\\\/lospoliticosveracruz.com\\\/?s={search_term_string}\"},\"query-input\":{\"@type\":\"PropertyValueSpecification\",\"valueRequired\":true,\"valueName\":\"search_term_string\"}}],\"inLanguage\":\"es\"},{\"@type\":\"Organization\",\"@id\":\"https:\\\/\\\/lospoliticosveracruz.com\\\/#organization\",\"name\":\"Los pol\u00edticos Veracruz\",\"url\":\"https:\\\/\\\/lospoliticosveracruz.com\\\/\",\"logo\":{\"@type\":\"ImageObject\",\"inLanguage\":\"es\",\"@id\":\"https:\\\/\\\/lospoliticosveracruz.com\\\/#\\\/schema\\\/logo\\\/image\\\/\",\"url\":\"https:\\\/\\\/lospoliticosveracruz.com\\\/wp-content\\\/uploads\\\/2025\\\/12\\\/Logo-Nuevo-LOS-POLITICOS-1.jpg\",\"contentUrl\":\"https:\\\/\\\/lospoliticosveracruz.com\\\/wp-content\\\/uploads\\\/2025\\\/12\\\/Logo-Nuevo-LOS-POLITICOS-1.jpg\",\"width\":260,\"height\":70,\"caption\":\"Los pol\u00edticos Veracruz\"},\"image\":{\"@id\":\"https:\\\/\\\/lospoliticosveracruz.com\\\/#\\\/schema\\\/logo\\\/image\\\/\"},\"sameAs\":[\"https:\\\/\\\/www.facebook.com\\\/people\\\/Notimemes-de-los-Polticos\\\/61565672886568\\\/\",\"https:\\\/\\\/x.com\\\/LosPoliticosVer\"]},{\"@type\":\"Person\",\"@id\":\"https:\\\/\\\/lospoliticosveracruz.com\\\/#\\\/schema\\\/person\\\/b8702bb0e538456e6efd07080bf2a4a2\",\"name\":\"Lo viste en Los Pol\u00edticos\",\"image\":{\"@type\":\"ImageObject\",\"inLanguage\":\"es\",\"@id\":\"https:\\\/\\\/secure.gravatar.com\\\/avatar\\\/3a8de04a2656d44082be478bd6c086daa447c4651605818287b9532d3d0bd435?s=96&d=mm&r=g\",\"url\":\"https:\\\/\\\/secure.gravatar.com\\\/avatar\\\/3a8de04a2656d44082be478bd6c086daa447c4651605818287b9532d3d0bd435?s=96&d=mm&r=g\",\"contentUrl\":\"https:\\\/\\\/secure.gravatar.com\\\/avatar\\\/3a8de04a2656d44082be478bd6c086daa447c4651605818287b9532d3d0bd435?s=96&d=mm&r=g\",\"caption\":\"Lo viste en Los Pol\u00edticos\"},\"url\":\"https:\\\/\\\/lospoliticosveracruz.com\\\/?author=2\"}]}<\/script>\n<!-- \/ Yoast SEO plugin. -->","yoast_head_json":{"title":"SISNIEGA, LA PUNTA DE LA MADEJA - Los pol\u00edticos Veracruz","robots":{"index":"index","follow":"follow","max-snippet":"max-snippet:-1","max-image-preview":"max-image-preview:large","max-video-preview":"max-video-preview:-1"},"canonical":"https:\/\/lospoliticosveracruz.com\/?p=112267","og_locale":"es_ES","og_type":"article","og_title":"SISNIEGA, LA PUNTA DE LA MADEJA - Los pol\u00edticos Veracruz","og_description":"Ricardo ChuaSale y Vale EXCLUSIVA\u2026 El director Administrativo de la Secretar\u00eda de Salud del gobierno estatal, Jorge Sisniega Fern\u00e1ndez, es la \u00abpunta de la madeja\u00bb de lo que viene.. Que ah\u00ed viene y en unos d\u00edas m\u00e1s todo saldr\u00e1 a la luz p\u00fablica.. El tema de Sisniega conduce a SEFIPLAN donde el secretario de Finanzas, [&hellip;]","og_url":"https:\/\/lospoliticosveracruz.com\/?p=112267","og_site_name":"Los pol\u00edticos Veracruz","article_publisher":"https:\/\/www.facebook.com\/people\/Notimemes-de-los-Polticos\/61565672886568\/","article_published_time":"2023-09-30T14:48:08+00:00","article_modified_time":"2023-09-30T14:48:20+00:00","og_image":[{"url":"https:\/\/lospoliticosveracruz.com.mx\/wp-content\/uploads\/2016\/07\/Seguro-Julio-Cerecedo-2-1024x381.jpg","type":"","width":"","height":""}],"author":"Lo viste en Los Pol\u00edticos","twitter_card":"summary_large_image","twitter_creator":"@LosPoliticosVer","twitter_site":"@LosPoliticosVer","twitter_misc":{"Escrito por":"Lo viste en Los Pol\u00edticos","Tiempo de lectura":"4 minutos"},"schema":{"@context":"https:\/\/schema.org","@graph":[{"@type":"Article","@id":"https:\/\/lospoliticosveracruz.com\/?p=112267#article","isPartOf":{"@id":"https:\/\/lospoliticosveracruz.com\/?p=112267"},"author":{"name":"Lo viste en Los Pol\u00edticos","@id":"https:\/\/lospoliticosveracruz.com\/#\/schema\/person\/b8702bb0e538456e6efd07080bf2a4a2"},"headline":"SISNIEGA, LA PUNTA DE LA MADEJA","datePublished":"2023-09-30T14:48:08+00:00","dateModified":"2023-09-30T14:48:20+00:00","mainEntityOfPage":{"@id":"https:\/\/lospoliticosveracruz.com\/?p=112267"},"wordCount":873,"publisher":{"@id":"https:\/\/lospoliticosveracruz.com\/#organization"},"image":{"@id":"https:\/\/lospoliticosveracruz.com\/?p=112267#primaryimage"},"thumbnailUrl":"https:\/\/lospoliticosveracruz.com.mx\/wp-content\/uploads\/2016\/07\/Seguro-Julio-Cerecedo-2-1024x381.jpg","keywords":["Claudia Sheinbaum","Claudia Tello","Cuitl\u00e1huac Garc\u00eda Jim\u00e9nez","Dorenhy Garc\u00eda Cayetano","Eleazar Guerrero P\u00e9rez","Javier Herrera Borunda","Jorge Sisniega Fern\u00e1ndez","Jos\u00e9 Luis Lima Franco","Morena","Pepe Yunes","Roc\u00edo Nahle","Sefiplan","Veracruz","Zenyazen Escobar Garc\u00eda"],"articleSection":["De Opini\u00f3n"],"inLanguage":"es"},{"@type":"WebPage","@id":"https:\/\/lospoliticosveracruz.com\/?p=112267","url":"https:\/\/lospoliticosveracruz.com\/?p=112267","name":"SISNIEGA, LA PUNTA DE LA MADEJA - Los pol\u00edticos Veracruz","isPartOf":{"@id":"https:\/\/lospoliticosveracruz.com\/#website"},"primaryImageOfPage":{"@id":"https:\/\/lospoliticosveracruz.com\/?p=112267#primaryimage"},"image":{"@id":"https:\/\/lospoliticosveracruz.com\/?p=112267#primaryimage"},"thumbnailUrl":"https:\/\/lospoliticosveracruz.com.mx\/wp-content\/uploads\/2016\/07\/Seguro-Julio-Cerecedo-2-1024x381.jpg","datePublished":"2023-09-30T14:48:08+00:00","dateModified":"2023-09-30T14:48:20+00:00","breadcrumb":{"@id":"https:\/\/lospoliticosveracruz.com\/?p=112267#breadcrumb"},"inLanguage":"es","potentialAction":[{"@type":"ReadAction","target":["https:\/\/lospoliticosveracruz.com\/?p=112267"]}]},{"@type":"ImageObject","inLanguage":"es","@id":"https:\/\/lospoliticosveracruz.com\/?p=112267#primaryimage","url":"https:\/\/lospoliticosveracruz.com.mx\/wp-content\/uploads\/2016\/07\/Seguro-Julio-Cerecedo-2-1024x381.jpg","contentUrl":"https:\/\/lospoliticosveracruz.com.mx\/wp-content\/uploads\/2016\/07\/Seguro-Julio-Cerecedo-2-1024x381.jpg"},{"@type":"BreadcrumbList","@id":"https:\/\/lospoliticosveracruz.com\/?p=112267#breadcrumb","itemListElement":[{"@type":"ListItem","position":1,"name":"Portada","item":"https:\/\/lospoliticosveracruz.com\/"},{"@type":"ListItem","position":2,"name":"SISNIEGA, LA PUNTA DE LA MADEJA"}]},{"@type":"WebSite","@id":"https:\/\/lospoliticosveracruz.com\/#website","url":"https:\/\/lospoliticosveracruz.com\/","name":"Los pol\u00edticos Veracruz","description":"","publisher":{"@id":"https:\/\/lospoliticosveracruz.com\/#organization"},"potentialAction":[{"@type":"SearchAction","target":{"@type":"EntryPoint","urlTemplate":"https:\/\/lospoliticosveracruz.com\/?s={search_term_string}"},"query-input":{"@type":"PropertyValueSpecification","valueRequired":true,"valueName":"search_term_string"}}],"inLanguage":"es"},{"@type":"Organization","@id":"https:\/\/lospoliticosveracruz.com\/#organization","name":"Los pol\u00edticos Veracruz","url":"https:\/\/lospoliticosveracruz.com\/","logo":{"@type":"ImageObject","inLanguage":"es","@id":"https:\/\/lospoliticosveracruz.com\/#\/schema\/logo\/image\/","url":"https:\/\/lospoliticosveracruz.com\/wp-content\/uploads\/2025\/12\/Logo-Nuevo-LOS-POLITICOS-1.jpg","contentUrl":"https:\/\/lospoliticosveracruz.com\/wp-content\/uploads\/2025\/12\/Logo-Nuevo-LOS-POLITICOS-1.jpg","width":260,"height":70,"caption":"Los pol\u00edticos Veracruz"},"image":{"@id":"https:\/\/lospoliticosveracruz.com\/#\/schema\/logo\/image\/"},"sameAs":["https:\/\/www.facebook.com\/people\/Notimemes-de-los-Polticos\/61565672886568\/","https:\/\/x.com\/LosPoliticosVer"]},{"@type":"Person","@id":"https:\/\/lospoliticosveracruz.com\/#\/schema\/person\/b8702bb0e538456e6efd07080bf2a4a2","name":"Lo viste en Los Pol\u00edticos","image":{"@type":"ImageObject","inLanguage":"es","@id":"https:\/\/secure.gravatar.com\/avatar\/3a8de04a2656d44082be478bd6c086daa447c4651605818287b9532d3d0bd435?s=96&d=mm&r=g","url":"https:\/\/secure.gravatar.com\/avatar\/3a8de04a2656d44082be478bd6c086daa447c4651605818287b9532d3d0bd435?s=96&d=mm&r=g","contentUrl":"https:\/\/secure.gravatar.com\/avatar\/3a8de04a2656d44082be478bd6c086daa447c4651605818287b9532d3d0bd435?s=96&d=mm&r=g","caption":"Lo viste en Los Pol\u00edticos"},"url":"https:\/\/lospoliticosveracruz.com\/?author=2"}]}},"_links":{"self":[{"href":"https:\/\/lospoliticosveracruz.com\/index.php?rest_route=\/wp\/v2\/posts\/112267","targetHints":{"allow":["GET"]}}],"collection":[{"href":"https:\/\/lospoliticosveracruz.com\/index.php?rest_route=\/wp\/v2\/posts"}],"about":[{"href":"https:\/\/lospoliticosveracruz.com\/index.php?rest_route=\/wp\/v2\/types\/post"}],"author":[{"embeddable":true,"href":"https:\/\/lospoliticosveracruz.com\/index.php?rest_route=\/wp\/v2\/users\/2"}],"replies":[{"embeddable":true,"href":"https:\/\/lospoliticosveracruz.com\/index.php?rest_route=%2Fwp%2Fv2%2Fcomments&post=112267"}],"version-history":[{"count":1,"href":"https:\/\/lospoliticosveracruz.com\/index.php?rest_route=\/wp\/v2\/posts\/112267\/revisions"}],"predecessor-version":[{"id":112269,"href":"https:\/\/lospoliticosveracruz.com\/index.php?rest_route=\/wp\/v2\/posts\/112267\/revisions\/112269"}],"wp:attachment":[{"href":"https:\/\/lospoliticosveracruz.com\/index.php?rest_route=%2Fwp%2Fv2%2Fmedia&parent=112267"}],"wp:term":[{"taxonomy":"category","embeddable":true,"href":"https:\/\/lospoliticosveracruz.com\/index.php?rest_route=%2Fwp%2Fv2%2Fcategories&post=112267"},{"taxonomy":"post_tag","embeddable":true,"href":"https:\/\/lospoliticosveracruz.com\/index.php?rest_route=%2Fwp%2Fv2%2Ftags&post=112267"}],"curies":[{"name":"wp","href":"https:\/\/api.w.org\/{rel}","templated":true}]}}