{"id":112313,"date":"2023-10-01T20:21:02","date_gmt":"2023-10-02T01:21:02","guid":{"rendered":"https:\/\/lospoliticosveracruz.com.mx\/?p=112313"},"modified":"2023-10-01T20:21:09","modified_gmt":"2023-10-02T01:21:09","slug":"con-sus-discrepancias","status":"publish","type":"post","link":"https:\/\/lospoliticosveracruz.com\/?p=112313","title":{"rendered":"CON SUS DISCREPANCIAS"},"content":{"rendered":"\n<p><strong>Jos\u00e9 Luis Enr\u00edquez Ambell<\/strong><\/p>\n\n\n\n<p><em>Caf\u00e9 de Ma\u00f1ana<\/em><\/p>\n\n\n\n<p>\u00abLos escenarios hipot\u00e9ticos son lo \u00fanico cierto al hablar de alianzas, coaliciones y candidaturas comunes, pero lo cierto y real es que las tres situaciones coinciden en \u00ablas discrepancias\u00bb, en mayor o menor medida, pero esa es una verdad innegable\u00bb<\/p>\n\n\n\n<p>Don Gonzalo Mart\u00ednez Corbal\u00e1 (QEPD), hombre con visi\u00f3n y cultura de izquierda, parlamentario, diplom\u00e1tico, pol\u00edtico, y cercano en afectos y formaci\u00f3n al ingeniero Cuauht\u00e9moc C\u00e1rdenas Solorzano, y ambos forjados en virtudes por don L\u00e1zaro C\u00e1rdenas del R\u00edo, sol\u00eda comentar y decir a sus j\u00f3venes colaboradores &#8211; entre 1990 y 2000 &#8211; que antes de revisar y exponer para solventar un tema que tratar o asunto, hab\u00eda que empezar por conceptualizarlo.<\/p>\n\n\n\n<p>Don Gonzalo opinaba que las alianzas que en el a\u00f1o 2000 aparecieron en la escena nacional ya eran figuras que en lo regional se estaban dando, pero quiz\u00e1 habr\u00edan pasado desapercibidas en el contexto nacional, \u00aby ahora parece una forma casi com\u00fan en las elecciones, y tambi\u00e9n para gobernar en algunos casos\u00bb.<\/p>\n\n\n\n<p>Y de ese modo, entendemos que la coalici\u00f3n y alianza al final de cuentas tiene que ver con la uni\u00f3n de acuerdos de dos o m\u00e1s partes, y que busca cumplir una acci\u00f3n conjunta en beneficio de un mismo objetivo.<\/p>\n\n\n\n<p>Las candidaturas comunes y las coaliciones en nuestro pa\u00eds al final de cuentas son alianzas pol\u00edticas &#8211; temporales &#8211; y se forman durante los procesos electorales con el prop\u00f3sito de que dos o m\u00e1s partidos pol\u00edticos se unan para as\u00ed postular a las mismas candidaturas en determinados cargos de elecci\u00f3n popular.<\/p>\n\n\n\n<p>Y este escenario como posibilidad, creo que en M\u00e9xico y Veracruz en el 2024 estamos cerca de que lo veamos,- ya lo estamos presenciando,- e igualmente las discrepancias tambi\u00e9n vienen aumentando desde el interior de los partidos y no s\u00f3lo entre ellos como organizaciones.<\/p>\n\n\n\n<p>Adem\u00e1s, y si las tendencias de las recientes encuestas se mantienen, M\u00e9xico y Veracruz estar\u00e1n en 2024 a las puertas de un hecho in\u00e9dito; y en donde dos mujeres, una por parte del partido en el poder o sea, el oficialismo de Morena, y otra representando a los partidos mayoritarios de la oposici\u00f3n,- PAN, PRI y PRD por el momento,- compitan en forma simult\u00e1nea por la silla presidencial, y esto mismo podr\u00eda resultar en Veracruz, y sea una mujer quien resulte titular del Poder Ejecutivo en la entidad, a\u00fan cuando contin\u00fae en aumento la discusi\u00f3n, pero por otras circunstancias en Morena; en donde entre el origen de sangre y las batallas grupales adentro del r\u00e9gimen, parece que a\u00fan continuar\u00e1n.<\/p>\n\n\n\n<p>Por eso, creo que todo el proceso de selecci\u00f3n interna dejara heridas que volver\u00e1n vulnerable en m\u00e1s a las alianzas, coaliciones y candidaturas comunes, y por ende las discrepancias crecer\u00e1n y har\u00e1n que las campa\u00f1as entre morena y la oposici\u00f3n tiendan a cerrarse en alg\u00fan momento.<\/p>\n\n\n\n<p>En s\u00edntesis, las discrepancias suelen aumentar y enfrentar actores hasta por variables menores; sea por no aceptar un externo, el origen u otras razones que al final llevan a peleas y divisiones que fragmentan la unidad, caracter\u00edstica que es el camino del triunfo o la derrota.<\/p>\n\n\n\n<p>DE SOBREMESA<\/p>\n\n\n\n<p>Falta mucho para la jornada del 2 de junio y la elecci\u00f3n presidencial, y no se debe subestimar la capacidad de do\u00f1a Claudia, pero su equipo m\u00e1s cercano no parece estar a la altura de la \u00e9poca, y lleva a suponer que desde el interior quisieran tirar todo por la borda, pues a\u00fan la competencia no se cierra, pero cuando se vaya a niveles de la comparaci\u00f3n con do\u00f1a X\u00f3chitl la estad\u00edstica se apretara en distancia, pues en qu\u00e9 cabeza cabe el llevar im\u00e1genes a espectaculares en Nueva York de la ex Jefa de Gobierno, eso es un error de primaria.<\/p>\n\n\n\n<p>UN CAF\u00c9 CON DOBLE CARGA<\/p>\n\n\n\n<p>\u00abEn pol\u00edtica se ataca al puntero\u00bb, pues hacerlo al que se supone se le lleva marcada ventaja puede llevar a darle ox\u00edgeno, de ah\u00ed que los asesores de do\u00f1a Claudia &#8211; cualquier otra semejanza es una mera casualidad &#8211; parecen estar fallando.<\/p>\n\n\n\n<p>UN CAF\u00c9 VERACRUZANO<\/p>\n\n\n\n<p>En el caso de Veracruz, quienes se dicen rodear y ayudar a do\u00f1a Roc\u00edo Nahle, deber\u00edan mejor no caer en la din\u00e1mica de los asesores de Claudia Sheinbaum pues, podr\u00edan complicar escenarios en d\u00f3nde y pareciera no tendr\u00e1n m\u00e1s sobresaltos que los internos.<\/p>\n\n\n\n<p>Mandar mensajes que difundan acciones lleva a realizarlo con un lenguaje que comunique, sin la necesidad de agredir. O sea, el bullying pol\u00edtico no debe operar y menos al interior, dado que no hay necesidad de mayores lastimaduras.<\/p>\n\n\n\n<p>UN LECHERO LIGHT DIVORCIADO<\/p>\n\n\n\n<p>En materia pol\u00edtica aplica que una hija mimada, consentida y chiquieda no le ser\u00e1 f\u00e1cil aprender a trabajar, y peor a\u00fan, no sabr\u00e1 defenderse sola al ser acostumbrada a actuar con todo puesto sobre la mesa.<\/p>\n\n\n\n<p>UN CAF\u00c9 CON CANELA Y PANELA<\/p>\n\n\n\n<p>En unas horas empezar\u00e1 el chismerio tropical en torno a la cuenta p\u00fablica 2022 y en especial de algunos ayuntamientos. Y es que la Comisi\u00f3n de Vigilancia del H. Congreso del Estado, como un cuerpo colegiado, y otros actores m\u00e1s, hablar\u00e1n de los informes y trabajo t\u00e9cnico, administrativo y legal del ORFIS, unos queriendo apretar tuercas y otros s\u00f3lo por aparecer.<\/p>\n\n\n\n<p>UN CAF\u00c9 DE OLLA DE BARRO<\/p>\n\n\n\n<p>Llama la atenci\u00f3n que algunos diputados digan que un elevado n\u00famero de los ayuntamientos presentan fallas e inconsistencias, y presuntos da\u00f1os al patrimonio municipal. Esto de ser real, lleva a preguntar si funcionan o no tantos cursos de capacitaci\u00f3n que promueven en ese sentido, pues deja mal parada a la gesti\u00f3n p\u00fablica de los servidores p\u00fablicos en municipalidades, pero de igual manera a las \u00e1reas correspondientes del Poder Legislativo y Orfis.<\/p>\n\n\n\n<p>UN CAF\u00c9 PARA LLEVAR<\/p>\n\n\n\n<p>Oficinas del Poder Ejecutivo y Legislativo en su b\u00fasqueda por mantener el control pol\u00edtico, y sobre todo en esta etapa transexenal suelen politizar el \u00e1mbito municipal de acuerdo a sus intereses.<\/p>\n\n\n\n<p>UN CAF\u00c9 DESCAFEINADO<\/p>\n\n\n\n<p>Por cierto, y si los recursos federalizados son fiscalizados por la Auditor\u00eda Superior de la Federaci\u00f3n, entonces ese monto corresponde a los recursos propios de los municipios ? Si es el caso, ser\u00eda m\u00e1s grave por el monto, y si no, entonces el ORFIS est\u00e1 fiscalizando recursos federalizados y hasta donde se sabe no hay convenio &#8211; al menos actualizado &#8211; con la ASF.<\/p>\n\n\n\n<p>\u00a1 ES CUANTO !<\/p>\n\n\n\n<p>Jos\u00e9 Luis Enr\u00edquez Ambell<br>enamjl62@gmail.com; enriquezambell@gmail.com<br>Secretario General de la Federaci\u00f3n Aut\u00e9ntica de Trabajadores del Estado de Veracruz (FATEV &#8211; JLEG) Registro Federal del Trabajo # 5844 y Director General de la Consultor\u00eda y Asesor\u00eda Integral AECAI Torre Animas en Xalapa, Ver.<\/p>\n","protected":false},"excerpt":{"rendered":"<p>Jos\u00e9 Luis Enr\u00edquez Ambell Caf\u00e9 de Ma\u00f1ana \u00abLos escenarios hipot\u00e9ticos son lo \u00fanico cierto al hablar de alianzas, coaliciones y candidaturas comunes, pero lo cierto y real es que las tres situaciones coinciden en \u00ablas discrepancias\u00bb, en mayor o menor medida, pero esa es una verdad innegable\u00bb Don Gonzalo Mart\u00ednez Corbal\u00e1 (QEPD), hombre con visi\u00f3n [&hellip;]<\/p>\n","protected":false},"author":2,"featured_media":0,"comment_status":"closed","ping_status":"closed","sticky":false,"template":"","format":"standard","meta":{"tdm_status":"","tdm_grid_status":"","footnotes":""},"categories":[70],"tags":[1122,195],"class_list":{"0":"post-112313","1":"post","2":"type-post","3":"status-publish","4":"format-standard","6":"category-de-opinion","7":"tag-candidaturas","8":"tag-veracruz"},"yoast_head":"<!-- This site is optimized with the Yoast SEO plugin v27.4 - https:\/\/yoast.com\/product\/yoast-seo-wordpress\/ -->\n<title>CON SUS DISCREPANCIAS - Los pol\u00edticos Veracruz<\/title>\n<meta name=\"robots\" content=\"index, follow, max-snippet:-1, max-image-preview:large, max-video-preview:-1\" \/>\n<link rel=\"canonical\" href=\"https:\/\/lospoliticosveracruz.com\/?p=112313\" \/>\n<meta property=\"og:locale\" content=\"es_ES\" \/>\n<meta property=\"og:type\" content=\"article\" \/>\n<meta property=\"og:title\" content=\"CON SUS DISCREPANCIAS - Los pol\u00edticos Veracruz\" \/>\n<meta property=\"og:description\" content=\"Jos\u00e9 Luis Enr\u00edquez Ambell Caf\u00e9 de Ma\u00f1ana \u00abLos escenarios hipot\u00e9ticos son lo \u00fanico cierto al hablar de alianzas, coaliciones y candidaturas comunes, pero lo cierto y real es que las tres situaciones coinciden en \u00ablas discrepancias\u00bb, en mayor o menor medida, pero esa es una verdad innegable\u00bb Don Gonzalo Mart\u00ednez Corbal\u00e1 (QEPD), hombre con visi\u00f3n [&hellip;]\" \/>\n<meta property=\"og:url\" content=\"https:\/\/lospoliticosveracruz.com\/?p=112313\" \/>\n<meta property=\"og:site_name\" content=\"Los pol\u00edticos Veracruz\" \/>\n<meta property=\"article:publisher\" content=\"https:\/\/www.facebook.com\/people\/Notimemes-de-los-Polticos\/61565672886568\/\" \/>\n<meta property=\"article:published_time\" content=\"2023-10-02T01:21:02+00:00\" \/>\n<meta property=\"article:modified_time\" content=\"2023-10-02T01:21:09+00:00\" \/>\n<meta property=\"og:image\" content=\"https:\/\/lospoliticosveracruz.com\/wp-content\/uploads\/2016\/07\/Logo-Dor.jpg\" \/>\n\t<meta property=\"og:image:width\" content=\"200\" \/>\n\t<meta property=\"og:image:height\" content=\"200\" \/>\n\t<meta property=\"og:image:type\" content=\"image\/jpeg\" \/>\n<meta name=\"author\" content=\"Lo viste en Los Pol\u00edticos\" \/>\n<meta name=\"twitter:card\" content=\"summary_large_image\" \/>\n<meta name=\"twitter:creator\" content=\"@LosPoliticosVer\" \/>\n<meta name=\"twitter:site\" content=\"@LosPoliticosVer\" \/>\n<meta name=\"twitter:label1\" content=\"Escrito por\" \/>\n\t<meta name=\"twitter:data1\" content=\"Lo viste en Los Pol\u00edticos\" \/>\n\t<meta name=\"twitter:label2\" content=\"Tiempo de lectura\" \/>\n\t<meta name=\"twitter:data2\" content=\"6 minutos\" \/>\n<script type=\"application\/ld+json\" class=\"yoast-schema-graph\">{\"@context\":\"https:\\\/\\\/schema.org\",\"@graph\":[{\"@type\":\"Article\",\"@id\":\"https:\\\/\\\/lospoliticosveracruz.com\\\/?p=112313#article\",\"isPartOf\":{\"@id\":\"https:\\\/\\\/lospoliticosveracruz.com\\\/?p=112313\"},\"author\":{\"name\":\"Lo viste en Los Pol\u00edticos\",\"@id\":\"https:\\\/\\\/lospoliticosveracruz.com\\\/#\\\/schema\\\/person\\\/b8702bb0e538456e6efd07080bf2a4a2\"},\"headline\":\"CON SUS DISCREPANCIAS\",\"datePublished\":\"2023-10-02T01:21:02+00:00\",\"dateModified\":\"2023-10-02T01:21:09+00:00\",\"mainEntityOfPage\":{\"@id\":\"https:\\\/\\\/lospoliticosveracruz.com\\\/?p=112313\"},\"wordCount\":1182,\"publisher\":{\"@id\":\"https:\\\/\\\/lospoliticosveracruz.com\\\/#organization\"},\"keywords\":[\"candidaturas\",\"Veracruz\"],\"articleSection\":[\"De Opini\u00f3n\"],\"inLanguage\":\"es\"},{\"@type\":\"WebPage\",\"@id\":\"https:\\\/\\\/lospoliticosveracruz.com\\\/?p=112313\",\"url\":\"https:\\\/\\\/lospoliticosveracruz.com\\\/?p=112313\",\"name\":\"CON SUS DISCREPANCIAS - Los pol\u00edticos Veracruz\",\"isPartOf\":{\"@id\":\"https:\\\/\\\/lospoliticosveracruz.com\\\/#website\"},\"datePublished\":\"2023-10-02T01:21:02+00:00\",\"dateModified\":\"2023-10-02T01:21:09+00:00\",\"breadcrumb\":{\"@id\":\"https:\\\/\\\/lospoliticosveracruz.com\\\/?p=112313#breadcrumb\"},\"inLanguage\":\"es\",\"potentialAction\":[{\"@type\":\"ReadAction\",\"target\":[\"https:\\\/\\\/lospoliticosveracruz.com\\\/?p=112313\"]}]},{\"@type\":\"BreadcrumbList\",\"@id\":\"https:\\\/\\\/lospoliticosveracruz.com\\\/?p=112313#breadcrumb\",\"itemListElement\":[{\"@type\":\"ListItem\",\"position\":1,\"name\":\"Portada\",\"item\":\"https:\\\/\\\/lospoliticosveracruz.com\\\/\"},{\"@type\":\"ListItem\",\"position\":2,\"name\":\"CON SUS DISCREPANCIAS\"}]},{\"@type\":\"WebSite\",\"@id\":\"https:\\\/\\\/lospoliticosveracruz.com\\\/#website\",\"url\":\"https:\\\/\\\/lospoliticosveracruz.com\\\/\",\"name\":\"Los pol\u00edticos Veracruz\",\"description\":\"\",\"publisher\":{\"@id\":\"https:\\\/\\\/lospoliticosveracruz.com\\\/#organization\"},\"potentialAction\":[{\"@type\":\"SearchAction\",\"target\":{\"@type\":\"EntryPoint\",\"urlTemplate\":\"https:\\\/\\\/lospoliticosveracruz.com\\\/?s={search_term_string}\"},\"query-input\":{\"@type\":\"PropertyValueSpecification\",\"valueRequired\":true,\"valueName\":\"search_term_string\"}}],\"inLanguage\":\"es\"},{\"@type\":\"Organization\",\"@id\":\"https:\\\/\\\/lospoliticosveracruz.com\\\/#organization\",\"name\":\"Los pol\u00edticos Veracruz\",\"url\":\"https:\\\/\\\/lospoliticosveracruz.com\\\/\",\"logo\":{\"@type\":\"ImageObject\",\"inLanguage\":\"es\",\"@id\":\"https:\\\/\\\/lospoliticosveracruz.com\\\/#\\\/schema\\\/logo\\\/image\\\/\",\"url\":\"https:\\\/\\\/lospoliticosveracruz.com\\\/wp-content\\\/uploads\\\/2025\\\/12\\\/Logo-Nuevo-LOS-POLITICOS-1.jpg\",\"contentUrl\":\"https:\\\/\\\/lospoliticosveracruz.com\\\/wp-content\\\/uploads\\\/2025\\\/12\\\/Logo-Nuevo-LOS-POLITICOS-1.jpg\",\"width\":260,\"height\":70,\"caption\":\"Los pol\u00edticos Veracruz\"},\"image\":{\"@id\":\"https:\\\/\\\/lospoliticosveracruz.com\\\/#\\\/schema\\\/logo\\\/image\\\/\"},\"sameAs\":[\"https:\\\/\\\/www.facebook.com\\\/people\\\/Notimemes-de-los-Polticos\\\/61565672886568\\\/\",\"https:\\\/\\\/x.com\\\/LosPoliticosVer\"]},{\"@type\":\"Person\",\"@id\":\"https:\\\/\\\/lospoliticosveracruz.com\\\/#\\\/schema\\\/person\\\/b8702bb0e538456e6efd07080bf2a4a2\",\"name\":\"Lo viste en Los Pol\u00edticos\",\"image\":{\"@type\":\"ImageObject\",\"inLanguage\":\"es\",\"@id\":\"https:\\\/\\\/secure.gravatar.com\\\/avatar\\\/3a8de04a2656d44082be478bd6c086daa447c4651605818287b9532d3d0bd435?s=96&d=mm&r=g\",\"url\":\"https:\\\/\\\/secure.gravatar.com\\\/avatar\\\/3a8de04a2656d44082be478bd6c086daa447c4651605818287b9532d3d0bd435?s=96&d=mm&r=g\",\"contentUrl\":\"https:\\\/\\\/secure.gravatar.com\\\/avatar\\\/3a8de04a2656d44082be478bd6c086daa447c4651605818287b9532d3d0bd435?s=96&d=mm&r=g\",\"caption\":\"Lo viste en Los Pol\u00edticos\"},\"url\":\"https:\\\/\\\/lospoliticosveracruz.com\\\/?author=2\"}]}<\/script>\n<!-- \/ Yoast SEO plugin. -->","yoast_head_json":{"title":"CON SUS DISCREPANCIAS - Los pol\u00edticos Veracruz","robots":{"index":"index","follow":"follow","max-snippet":"max-snippet:-1","max-image-preview":"max-image-preview:large","max-video-preview":"max-video-preview:-1"},"canonical":"https:\/\/lospoliticosveracruz.com\/?p=112313","og_locale":"es_ES","og_type":"article","og_title":"CON SUS DISCREPANCIAS - Los pol\u00edticos Veracruz","og_description":"Jos\u00e9 Luis Enr\u00edquez Ambell Caf\u00e9 de Ma\u00f1ana \u00abLos escenarios hipot\u00e9ticos son lo \u00fanico cierto al hablar de alianzas, coaliciones y candidaturas comunes, pero lo cierto y real es que las tres situaciones coinciden en \u00ablas discrepancias\u00bb, en mayor o menor medida, pero esa es una verdad innegable\u00bb Don Gonzalo Mart\u00ednez Corbal\u00e1 (QEPD), hombre con visi\u00f3n [&hellip;]","og_url":"https:\/\/lospoliticosveracruz.com\/?p=112313","og_site_name":"Los pol\u00edticos Veracruz","article_publisher":"https:\/\/www.facebook.com\/people\/Notimemes-de-los-Polticos\/61565672886568\/","article_published_time":"2023-10-02T01:21:02+00:00","article_modified_time":"2023-10-02T01:21:09+00:00","og_image":[{"width":200,"height":200,"url":"https:\/\/lospoliticosveracruz.com\/wp-content\/uploads\/2016\/07\/Logo-Dor.jpg","type":"image\/jpeg"}],"author":"Lo viste en Los Pol\u00edticos","twitter_card":"summary_large_image","twitter_creator":"@LosPoliticosVer","twitter_site":"@LosPoliticosVer","twitter_misc":{"Escrito por":"Lo viste en Los Pol\u00edticos","Tiempo de lectura":"6 minutos"},"schema":{"@context":"https:\/\/schema.org","@graph":[{"@type":"Article","@id":"https:\/\/lospoliticosveracruz.com\/?p=112313#article","isPartOf":{"@id":"https:\/\/lospoliticosveracruz.com\/?p=112313"},"author":{"name":"Lo viste en Los Pol\u00edticos","@id":"https:\/\/lospoliticosveracruz.com\/#\/schema\/person\/b8702bb0e538456e6efd07080bf2a4a2"},"headline":"CON SUS DISCREPANCIAS","datePublished":"2023-10-02T01:21:02+00:00","dateModified":"2023-10-02T01:21:09+00:00","mainEntityOfPage":{"@id":"https:\/\/lospoliticosveracruz.com\/?p=112313"},"wordCount":1182,"publisher":{"@id":"https:\/\/lospoliticosveracruz.com\/#organization"},"keywords":["candidaturas","Veracruz"],"articleSection":["De Opini\u00f3n"],"inLanguage":"es"},{"@type":"WebPage","@id":"https:\/\/lospoliticosveracruz.com\/?p=112313","url":"https:\/\/lospoliticosveracruz.com\/?p=112313","name":"CON SUS DISCREPANCIAS - Los pol\u00edticos Veracruz","isPartOf":{"@id":"https:\/\/lospoliticosveracruz.com\/#website"},"datePublished":"2023-10-02T01:21:02+00:00","dateModified":"2023-10-02T01:21:09+00:00","breadcrumb":{"@id":"https:\/\/lospoliticosveracruz.com\/?p=112313#breadcrumb"},"inLanguage":"es","potentialAction":[{"@type":"ReadAction","target":["https:\/\/lospoliticosveracruz.com\/?p=112313"]}]},{"@type":"BreadcrumbList","@id":"https:\/\/lospoliticosveracruz.com\/?p=112313#breadcrumb","itemListElement":[{"@type":"ListItem","position":1,"name":"Portada","item":"https:\/\/lospoliticosveracruz.com\/"},{"@type":"ListItem","position":2,"name":"CON SUS DISCREPANCIAS"}]},{"@type":"WebSite","@id":"https:\/\/lospoliticosveracruz.com\/#website","url":"https:\/\/lospoliticosveracruz.com\/","name":"Los pol\u00edticos Veracruz","description":"","publisher":{"@id":"https:\/\/lospoliticosveracruz.com\/#organization"},"potentialAction":[{"@type":"SearchAction","target":{"@type":"EntryPoint","urlTemplate":"https:\/\/lospoliticosveracruz.com\/?s={search_term_string}"},"query-input":{"@type":"PropertyValueSpecification","valueRequired":true,"valueName":"search_term_string"}}],"inLanguage":"es"},{"@type":"Organization","@id":"https:\/\/lospoliticosveracruz.com\/#organization","name":"Los pol\u00edticos Veracruz","url":"https:\/\/lospoliticosveracruz.com\/","logo":{"@type":"ImageObject","inLanguage":"es","@id":"https:\/\/lospoliticosveracruz.com\/#\/schema\/logo\/image\/","url":"https:\/\/lospoliticosveracruz.com\/wp-content\/uploads\/2025\/12\/Logo-Nuevo-LOS-POLITICOS-1.jpg","contentUrl":"https:\/\/lospoliticosveracruz.com\/wp-content\/uploads\/2025\/12\/Logo-Nuevo-LOS-POLITICOS-1.jpg","width":260,"height":70,"caption":"Los pol\u00edticos Veracruz"},"image":{"@id":"https:\/\/lospoliticosveracruz.com\/#\/schema\/logo\/image\/"},"sameAs":["https:\/\/www.facebook.com\/people\/Notimemes-de-los-Polticos\/61565672886568\/","https:\/\/x.com\/LosPoliticosVer"]},{"@type":"Person","@id":"https:\/\/lospoliticosveracruz.com\/#\/schema\/person\/b8702bb0e538456e6efd07080bf2a4a2","name":"Lo viste en Los Pol\u00edticos","image":{"@type":"ImageObject","inLanguage":"es","@id":"https:\/\/secure.gravatar.com\/avatar\/3a8de04a2656d44082be478bd6c086daa447c4651605818287b9532d3d0bd435?s=96&d=mm&r=g","url":"https:\/\/secure.gravatar.com\/avatar\/3a8de04a2656d44082be478bd6c086daa447c4651605818287b9532d3d0bd435?s=96&d=mm&r=g","contentUrl":"https:\/\/secure.gravatar.com\/avatar\/3a8de04a2656d44082be478bd6c086daa447c4651605818287b9532d3d0bd435?s=96&d=mm&r=g","caption":"Lo viste en Los Pol\u00edticos"},"url":"https:\/\/lospoliticosveracruz.com\/?author=2"}]}},"_links":{"self":[{"href":"https:\/\/lospoliticosveracruz.com\/index.php?rest_route=\/wp\/v2\/posts\/112313","targetHints":{"allow":["GET"]}}],"collection":[{"href":"https:\/\/lospoliticosveracruz.com\/index.php?rest_route=\/wp\/v2\/posts"}],"about":[{"href":"https:\/\/lospoliticosveracruz.com\/index.php?rest_route=\/wp\/v2\/types\/post"}],"author":[{"embeddable":true,"href":"https:\/\/lospoliticosveracruz.com\/index.php?rest_route=\/wp\/v2\/users\/2"}],"replies":[{"embeddable":true,"href":"https:\/\/lospoliticosveracruz.com\/index.php?rest_route=%2Fwp%2Fv2%2Fcomments&post=112313"}],"version-history":[{"count":1,"href":"https:\/\/lospoliticosveracruz.com\/index.php?rest_route=\/wp\/v2\/posts\/112313\/revisions"}],"predecessor-version":[{"id":112314,"href":"https:\/\/lospoliticosveracruz.com\/index.php?rest_route=\/wp\/v2\/posts\/112313\/revisions\/112314"}],"wp:attachment":[{"href":"https:\/\/lospoliticosveracruz.com\/index.php?rest_route=%2Fwp%2Fv2%2Fmedia&parent=112313"}],"wp:term":[{"taxonomy":"category","embeddable":true,"href":"https:\/\/lospoliticosveracruz.com\/index.php?rest_route=%2Fwp%2Fv2%2Fcategories&post=112313"},{"taxonomy":"post_tag","embeddable":true,"href":"https:\/\/lospoliticosveracruz.com\/index.php?rest_route=%2Fwp%2Fv2%2Ftags&post=112313"}],"curies":[{"name":"wp","href":"https:\/\/api.w.org\/{rel}","templated":true}]}}