{"id":112315,"date":"2023-10-01T20:58:20","date_gmt":"2023-10-02T01:58:20","guid":{"rendered":"https:\/\/lospoliticosveracruz.com.mx\/?p=112315"},"modified":"2023-10-01T20:58:23","modified_gmt":"2023-10-02T01:58:23","slug":"marcos-isleno-el-desvio","status":"publish","type":"post","link":"https:\/\/lospoliticosveracruz.com\/?p=112315","title":{"rendered":"MARCOS ISLE\u00d1O, EL DESV\u00cdO"},"content":{"rendered":"\n<p><strong>Enrique Yasser Pompeyo<\/strong><\/p>\n\n\n\n<p><em>Mesa de Redacci\u00f3n<\/em><\/p>\n\n\n\n<p>La misoginia y ser golpeador de mujeres no es lo \u00fanico que caracteriza al presidente municipal de Medell\u00edn de Bravo, Marcos Isle\u00f1o Andrade.<\/p>\n\n\n\n<p>Ahora, tambi\u00e9n hay un presunto desv\u00edo de recursos en su primer a\u00f1o de administraci\u00f3n (2022) por 84 millones 461 mil 584.77 pesos.<\/p>\n\n\n\n<p>Por cierto, esta cifra es superior a los 65 millones de pesos por probable da\u00f1o patrimonial del \u00faltimo a\u00f1o de gobierno del ex edil Hip\u00f3lito Deschamps Espino Barros, mejor conocido en la cloaca pol\u00edtica como Polo Deschamps.<\/p>\n\n\n\n<p>Lo que tienen claro los habitantes de ese municipio, es que Marcos Isle\u00f1o habr\u00eda desviado ese dinero de las arcas p\u00fablicas para poder financiar su campa\u00f1a para diputado.<\/p>\n\n\n\n<p>Adem\u00e1s, los diferentes sectores de la poblaci\u00f3n medellinense tambi\u00e9n saben que el edil del partido verde-morenista busca obtener fuero y as\u00ed poder negociar el presunto desv\u00edo millonario de recursos.<\/p>\n\n\n\n<p>El presidente municipal tuvo tiempo suficiente para poder comprobar obras de mala calidad sin validaci\u00f3n, construcciones irregulares, apoyos sin demostrar la entrega, gastos personales y facturas de empresas fantasma, pero no lo hizo.<\/p>\n\n\n\n<p>Los ciudadanos de Medell\u00edn tambi\u00e9n dan por hecho que los titulares de Obras, Tesorer\u00eda y Contralor\u00eda son sus aliados en el saqueo millonario a la hacienda municipal.<\/p>\n\n\n\n<p>Hay un dato interesante. Sus directores a cargo de las \u00e1reas m\u00e1s importantes arriba mencionadas tienen nula experiencia y uno que otro \u201cdemasiada experiencia\u201d.<\/p>\n\n\n\n<p>Por citar un ejemplo. La directora de Obras P\u00fablicas es empleada con licencia de la Comisi\u00f3n Federal de Electricidad (CFE) sin experiencia m\u00ednima acreditada, adem\u00e1s de ser conocida por supuestamente conseguir facturas con empresas fantasma y as\u00ed \u201cinflar\u201d los trabajos de los contratistas.<\/p>\n\n\n\n<p>A la par, el tesorero C\u00e9sar Yosip Hern\u00e1ndez, tambi\u00e9n fungi\u00f3 como tesorero en la administraci\u00f3n 2021 del municipio de Tres Valles que dej\u00f3 un quebranto de 33 millones de pesos y el contralor es padre de distinguido personaje del Partido Verde a nivel estatal.<\/p>\n\n\n\n<p>En Medell\u00edn, las p\u00e9rdidas son millonarias, ya que, adem\u00e1s de dejar de hacer obras, los habitantes le perdieron la confianza a Marcos Isle\u00f1o, por lo que el malestar social crece cada d\u00eda.<\/p>\n\n\n\n<p>El presidente municipal result\u00f3 una decepci\u00f3n para los medellinenses, pues la experiencia que tanto presum\u00eda Marcos Isle\u00f1o s\u00f3lo ha sido para \u201csangrar\u201d al erario, cuyos resultados est\u00e1n en manos del \u00d3rgano de Fiscalizaci\u00f3n Superior (ORFIS). Por cierto, el alcalde pretende dejar en el cargo a un t\u00edtere que le cuide la espalda y cubra todas las presuntas irregularidades.<\/p>\n\n\n\n<p>enriquepompeyo@hotmail.com<\/p>\n","protected":false},"excerpt":{"rendered":"<p>Enrique Yasser Pompeyo Mesa de Redacci\u00f3n La misoginia y ser golpeador de mujeres no es lo \u00fanico que caracteriza al presidente municipal de Medell\u00edn de Bravo, Marcos Isle\u00f1o Andrade. Ahora, tambi\u00e9n hay un presunto desv\u00edo de recursos en su primer a\u00f1o de administraci\u00f3n (2022) por 84 millones 461 mil 584.77 pesos. Por cierto, esta cifra [&hellip;]<\/p>\n","protected":false},"author":2,"featured_media":0,"comment_status":"closed","ping_status":"closed","sticky":false,"template":"","format":"standard","meta":{"tdm_status":"","tdm_grid_status":"","footnotes":""},"categories":[70],"tags":[39449,18727,1420,135,12496],"class_list":{"0":"post-112315","1":"post","2":"type-post","3":"status-publish","4":"format-standard","6":"category-de-opinion","7":"tag-cesar-yosip-hernandez","8":"tag-marcos-isleno-andrade","9":"tag-medellin-de-bravo","10":"tag-orfis","11":"tag-tres-valles"},"yoast_head":"<!-- This site is optimized with the Yoast SEO plugin v27.4 - https:\/\/yoast.com\/product\/yoast-seo-wordpress\/ -->\n<title>MARCOS ISLE\u00d1O, EL DESV\u00cdO - Los pol\u00edticos Veracruz<\/title>\n<meta name=\"robots\" content=\"index, follow, max-snippet:-1, max-image-preview:large, max-video-preview:-1\" \/>\n<link rel=\"canonical\" href=\"https:\/\/lospoliticosveracruz.com\/?p=112315\" \/>\n<meta property=\"og:locale\" content=\"es_ES\" \/>\n<meta property=\"og:type\" content=\"article\" \/>\n<meta property=\"og:title\" content=\"MARCOS ISLE\u00d1O, EL DESV\u00cdO - Los pol\u00edticos Veracruz\" \/>\n<meta property=\"og:description\" content=\"Enrique Yasser Pompeyo Mesa de Redacci\u00f3n La misoginia y ser golpeador de mujeres no es lo \u00fanico que caracteriza al presidente municipal de Medell\u00edn de Bravo, Marcos Isle\u00f1o Andrade. Ahora, tambi\u00e9n hay un presunto desv\u00edo de recursos en su primer a\u00f1o de administraci\u00f3n (2022) por 84 millones 461 mil 584.77 pesos. Por cierto, esta cifra [&hellip;]\" \/>\n<meta property=\"og:url\" content=\"https:\/\/lospoliticosveracruz.com\/?p=112315\" \/>\n<meta property=\"og:site_name\" content=\"Los pol\u00edticos Veracruz\" \/>\n<meta property=\"article:publisher\" content=\"https:\/\/www.facebook.com\/people\/Notimemes-de-los-Polticos\/61565672886568\/\" \/>\n<meta property=\"article:published_time\" content=\"2023-10-02T01:58:20+00:00\" \/>\n<meta property=\"article:modified_time\" content=\"2023-10-02T01:58:23+00:00\" \/>\n<meta property=\"og:image\" content=\"https:\/\/lospoliticosveracruz.com\/wp-content\/uploads\/2016\/07\/Logo-Dor.jpg\" \/>\n\t<meta property=\"og:image:width\" content=\"200\" \/>\n\t<meta property=\"og:image:height\" content=\"200\" \/>\n\t<meta property=\"og:image:type\" content=\"image\/jpeg\" \/>\n<meta name=\"author\" content=\"Lo viste en Los Pol\u00edticos\" \/>\n<meta name=\"twitter:card\" content=\"summary_large_image\" \/>\n<meta name=\"twitter:creator\" content=\"@LosPoliticosVer\" \/>\n<meta name=\"twitter:site\" content=\"@LosPoliticosVer\" \/>\n<meta name=\"twitter:label1\" content=\"Escrito por\" \/>\n\t<meta name=\"twitter:data1\" content=\"Lo viste en Los Pol\u00edticos\" \/>\n\t<meta name=\"twitter:label2\" content=\"Tiempo de lectura\" \/>\n\t<meta name=\"twitter:data2\" content=\"2 minutos\" \/>\n<script type=\"application\/ld+json\" class=\"yoast-schema-graph\">{\"@context\":\"https:\\\/\\\/schema.org\",\"@graph\":[{\"@type\":\"Article\",\"@id\":\"https:\\\/\\\/lospoliticosveracruz.com\\\/?p=112315#article\",\"isPartOf\":{\"@id\":\"https:\\\/\\\/lospoliticosveracruz.com\\\/?p=112315\"},\"author\":{\"name\":\"Lo viste en Los Pol\u00edticos\",\"@id\":\"https:\\\/\\\/lospoliticosveracruz.com\\\/#\\\/schema\\\/person\\\/b8702bb0e538456e6efd07080bf2a4a2\"},\"headline\":\"MARCOS ISLE\u00d1O, EL DESV\u00cdO\",\"datePublished\":\"2023-10-02T01:58:20+00:00\",\"dateModified\":\"2023-10-02T01:58:23+00:00\",\"mainEntityOfPage\":{\"@id\":\"https:\\\/\\\/lospoliticosveracruz.com\\\/?p=112315\"},\"wordCount\":453,\"publisher\":{\"@id\":\"https:\\\/\\\/lospoliticosveracruz.com\\\/#organization\"},\"keywords\":[\"C\u00e9sar Yosip Hern\u00e1ndez\",\"Marcos Isle\u00f1o Andrade\",\"Medell\u00edn de Bravo\",\"Orfis\",\"Tres Valles\"],\"articleSection\":[\"De Opini\u00f3n\"],\"inLanguage\":\"es\"},{\"@type\":\"WebPage\",\"@id\":\"https:\\\/\\\/lospoliticosveracruz.com\\\/?p=112315\",\"url\":\"https:\\\/\\\/lospoliticosveracruz.com\\\/?p=112315\",\"name\":\"MARCOS ISLE\u00d1O, EL DESV\u00cdO - Los pol\u00edticos Veracruz\",\"isPartOf\":{\"@id\":\"https:\\\/\\\/lospoliticosveracruz.com\\\/#website\"},\"datePublished\":\"2023-10-02T01:58:20+00:00\",\"dateModified\":\"2023-10-02T01:58:23+00:00\",\"breadcrumb\":{\"@id\":\"https:\\\/\\\/lospoliticosveracruz.com\\\/?p=112315#breadcrumb\"},\"inLanguage\":\"es\",\"potentialAction\":[{\"@type\":\"ReadAction\",\"target\":[\"https:\\\/\\\/lospoliticosveracruz.com\\\/?p=112315\"]}]},{\"@type\":\"BreadcrumbList\",\"@id\":\"https:\\\/\\\/lospoliticosveracruz.com\\\/?p=112315#breadcrumb\",\"itemListElement\":[{\"@type\":\"ListItem\",\"position\":1,\"name\":\"Portada\",\"item\":\"https:\\\/\\\/lospoliticosveracruz.com\\\/\"},{\"@type\":\"ListItem\",\"position\":2,\"name\":\"MARCOS ISLE\u00d1O, EL DESV\u00cdO\"}]},{\"@type\":\"WebSite\",\"@id\":\"https:\\\/\\\/lospoliticosveracruz.com\\\/#website\",\"url\":\"https:\\\/\\\/lospoliticosveracruz.com\\\/\",\"name\":\"Los pol\u00edticos Veracruz\",\"description\":\"\",\"publisher\":{\"@id\":\"https:\\\/\\\/lospoliticosveracruz.com\\\/#organization\"},\"potentialAction\":[{\"@type\":\"SearchAction\",\"target\":{\"@type\":\"EntryPoint\",\"urlTemplate\":\"https:\\\/\\\/lospoliticosveracruz.com\\\/?s={search_term_string}\"},\"query-input\":{\"@type\":\"PropertyValueSpecification\",\"valueRequired\":true,\"valueName\":\"search_term_string\"}}],\"inLanguage\":\"es\"},{\"@type\":\"Organization\",\"@id\":\"https:\\\/\\\/lospoliticosveracruz.com\\\/#organization\",\"name\":\"Los pol\u00edticos Veracruz\",\"url\":\"https:\\\/\\\/lospoliticosveracruz.com\\\/\",\"logo\":{\"@type\":\"ImageObject\",\"inLanguage\":\"es\",\"@id\":\"https:\\\/\\\/lospoliticosveracruz.com\\\/#\\\/schema\\\/logo\\\/image\\\/\",\"url\":\"https:\\\/\\\/lospoliticosveracruz.com\\\/wp-content\\\/uploads\\\/2025\\\/12\\\/Logo-Nuevo-LOS-POLITICOS-1.jpg\",\"contentUrl\":\"https:\\\/\\\/lospoliticosveracruz.com\\\/wp-content\\\/uploads\\\/2025\\\/12\\\/Logo-Nuevo-LOS-POLITICOS-1.jpg\",\"width\":260,\"height\":70,\"caption\":\"Los pol\u00edticos Veracruz\"},\"image\":{\"@id\":\"https:\\\/\\\/lospoliticosveracruz.com\\\/#\\\/schema\\\/logo\\\/image\\\/\"},\"sameAs\":[\"https:\\\/\\\/www.facebook.com\\\/people\\\/Notimemes-de-los-Polticos\\\/61565672886568\\\/\",\"https:\\\/\\\/x.com\\\/LosPoliticosVer\"]},{\"@type\":\"Person\",\"@id\":\"https:\\\/\\\/lospoliticosveracruz.com\\\/#\\\/schema\\\/person\\\/b8702bb0e538456e6efd07080bf2a4a2\",\"name\":\"Lo viste en Los Pol\u00edticos\",\"image\":{\"@type\":\"ImageObject\",\"inLanguage\":\"es\",\"@id\":\"https:\\\/\\\/secure.gravatar.com\\\/avatar\\\/3a8de04a2656d44082be478bd6c086daa447c4651605818287b9532d3d0bd435?s=96&d=mm&r=g\",\"url\":\"https:\\\/\\\/secure.gravatar.com\\\/avatar\\\/3a8de04a2656d44082be478bd6c086daa447c4651605818287b9532d3d0bd435?s=96&d=mm&r=g\",\"contentUrl\":\"https:\\\/\\\/secure.gravatar.com\\\/avatar\\\/3a8de04a2656d44082be478bd6c086daa447c4651605818287b9532d3d0bd435?s=96&d=mm&r=g\",\"caption\":\"Lo viste en Los Pol\u00edticos\"},\"url\":\"https:\\\/\\\/lospoliticosveracruz.com\\\/?author=2\"}]}<\/script>\n<!-- \/ Yoast SEO plugin. -->","yoast_head_json":{"title":"MARCOS ISLE\u00d1O, EL DESV\u00cdO - Los pol\u00edticos Veracruz","robots":{"index":"index","follow":"follow","max-snippet":"max-snippet:-1","max-image-preview":"max-image-preview:large","max-video-preview":"max-video-preview:-1"},"canonical":"https:\/\/lospoliticosveracruz.com\/?p=112315","og_locale":"es_ES","og_type":"article","og_title":"MARCOS ISLE\u00d1O, EL DESV\u00cdO - Los pol\u00edticos Veracruz","og_description":"Enrique Yasser Pompeyo Mesa de Redacci\u00f3n La misoginia y ser golpeador de mujeres no es lo \u00fanico que caracteriza al presidente municipal de Medell\u00edn de Bravo, Marcos Isle\u00f1o Andrade. Ahora, tambi\u00e9n hay un presunto desv\u00edo de recursos en su primer a\u00f1o de administraci\u00f3n (2022) por 84 millones 461 mil 584.77 pesos. Por cierto, esta cifra [&hellip;]","og_url":"https:\/\/lospoliticosveracruz.com\/?p=112315","og_site_name":"Los pol\u00edticos Veracruz","article_publisher":"https:\/\/www.facebook.com\/people\/Notimemes-de-los-Polticos\/61565672886568\/","article_published_time":"2023-10-02T01:58:20+00:00","article_modified_time":"2023-10-02T01:58:23+00:00","og_image":[{"width":200,"height":200,"url":"https:\/\/lospoliticosveracruz.com\/wp-content\/uploads\/2016\/07\/Logo-Dor.jpg","type":"image\/jpeg"}],"author":"Lo viste en Los Pol\u00edticos","twitter_card":"summary_large_image","twitter_creator":"@LosPoliticosVer","twitter_site":"@LosPoliticosVer","twitter_misc":{"Escrito por":"Lo viste en Los Pol\u00edticos","Tiempo de lectura":"2 minutos"},"schema":{"@context":"https:\/\/schema.org","@graph":[{"@type":"Article","@id":"https:\/\/lospoliticosveracruz.com\/?p=112315#article","isPartOf":{"@id":"https:\/\/lospoliticosveracruz.com\/?p=112315"},"author":{"name":"Lo viste en Los Pol\u00edticos","@id":"https:\/\/lospoliticosveracruz.com\/#\/schema\/person\/b8702bb0e538456e6efd07080bf2a4a2"},"headline":"MARCOS ISLE\u00d1O, EL DESV\u00cdO","datePublished":"2023-10-02T01:58:20+00:00","dateModified":"2023-10-02T01:58:23+00:00","mainEntityOfPage":{"@id":"https:\/\/lospoliticosveracruz.com\/?p=112315"},"wordCount":453,"publisher":{"@id":"https:\/\/lospoliticosveracruz.com\/#organization"},"keywords":["C\u00e9sar Yosip Hern\u00e1ndez","Marcos Isle\u00f1o Andrade","Medell\u00edn de Bravo","Orfis","Tres Valles"],"articleSection":["De Opini\u00f3n"],"inLanguage":"es"},{"@type":"WebPage","@id":"https:\/\/lospoliticosveracruz.com\/?p=112315","url":"https:\/\/lospoliticosveracruz.com\/?p=112315","name":"MARCOS ISLE\u00d1O, EL DESV\u00cdO - Los pol\u00edticos Veracruz","isPartOf":{"@id":"https:\/\/lospoliticosveracruz.com\/#website"},"datePublished":"2023-10-02T01:58:20+00:00","dateModified":"2023-10-02T01:58:23+00:00","breadcrumb":{"@id":"https:\/\/lospoliticosveracruz.com\/?p=112315#breadcrumb"},"inLanguage":"es","potentialAction":[{"@type":"ReadAction","target":["https:\/\/lospoliticosveracruz.com\/?p=112315"]}]},{"@type":"BreadcrumbList","@id":"https:\/\/lospoliticosveracruz.com\/?p=112315#breadcrumb","itemListElement":[{"@type":"ListItem","position":1,"name":"Portada","item":"https:\/\/lospoliticosveracruz.com\/"},{"@type":"ListItem","position":2,"name":"MARCOS ISLE\u00d1O, EL DESV\u00cdO"}]},{"@type":"WebSite","@id":"https:\/\/lospoliticosveracruz.com\/#website","url":"https:\/\/lospoliticosveracruz.com\/","name":"Los pol\u00edticos Veracruz","description":"","publisher":{"@id":"https:\/\/lospoliticosveracruz.com\/#organization"},"potentialAction":[{"@type":"SearchAction","target":{"@type":"EntryPoint","urlTemplate":"https:\/\/lospoliticosveracruz.com\/?s={search_term_string}"},"query-input":{"@type":"PropertyValueSpecification","valueRequired":true,"valueName":"search_term_string"}}],"inLanguage":"es"},{"@type":"Organization","@id":"https:\/\/lospoliticosveracruz.com\/#organization","name":"Los pol\u00edticos Veracruz","url":"https:\/\/lospoliticosveracruz.com\/","logo":{"@type":"ImageObject","inLanguage":"es","@id":"https:\/\/lospoliticosveracruz.com\/#\/schema\/logo\/image\/","url":"https:\/\/lospoliticosveracruz.com\/wp-content\/uploads\/2025\/12\/Logo-Nuevo-LOS-POLITICOS-1.jpg","contentUrl":"https:\/\/lospoliticosveracruz.com\/wp-content\/uploads\/2025\/12\/Logo-Nuevo-LOS-POLITICOS-1.jpg","width":260,"height":70,"caption":"Los pol\u00edticos Veracruz"},"image":{"@id":"https:\/\/lospoliticosveracruz.com\/#\/schema\/logo\/image\/"},"sameAs":["https:\/\/www.facebook.com\/people\/Notimemes-de-los-Polticos\/61565672886568\/","https:\/\/x.com\/LosPoliticosVer"]},{"@type":"Person","@id":"https:\/\/lospoliticosveracruz.com\/#\/schema\/person\/b8702bb0e538456e6efd07080bf2a4a2","name":"Lo viste en Los Pol\u00edticos","image":{"@type":"ImageObject","inLanguage":"es","@id":"https:\/\/secure.gravatar.com\/avatar\/3a8de04a2656d44082be478bd6c086daa447c4651605818287b9532d3d0bd435?s=96&d=mm&r=g","url":"https:\/\/secure.gravatar.com\/avatar\/3a8de04a2656d44082be478bd6c086daa447c4651605818287b9532d3d0bd435?s=96&d=mm&r=g","contentUrl":"https:\/\/secure.gravatar.com\/avatar\/3a8de04a2656d44082be478bd6c086daa447c4651605818287b9532d3d0bd435?s=96&d=mm&r=g","caption":"Lo viste en Los Pol\u00edticos"},"url":"https:\/\/lospoliticosveracruz.com\/?author=2"}]}},"_links":{"self":[{"href":"https:\/\/lospoliticosveracruz.com\/index.php?rest_route=\/wp\/v2\/posts\/112315","targetHints":{"allow":["GET"]}}],"collection":[{"href":"https:\/\/lospoliticosveracruz.com\/index.php?rest_route=\/wp\/v2\/posts"}],"about":[{"href":"https:\/\/lospoliticosveracruz.com\/index.php?rest_route=\/wp\/v2\/types\/post"}],"author":[{"embeddable":true,"href":"https:\/\/lospoliticosveracruz.com\/index.php?rest_route=\/wp\/v2\/users\/2"}],"replies":[{"embeddable":true,"href":"https:\/\/lospoliticosveracruz.com\/index.php?rest_route=%2Fwp%2Fv2%2Fcomments&post=112315"}],"version-history":[{"count":1,"href":"https:\/\/lospoliticosveracruz.com\/index.php?rest_route=\/wp\/v2\/posts\/112315\/revisions"}],"predecessor-version":[{"id":112316,"href":"https:\/\/lospoliticosveracruz.com\/index.php?rest_route=\/wp\/v2\/posts\/112315\/revisions\/112316"}],"wp:attachment":[{"href":"https:\/\/lospoliticosveracruz.com\/index.php?rest_route=%2Fwp%2Fv2%2Fmedia&parent=112315"}],"wp:term":[{"taxonomy":"category","embeddable":true,"href":"https:\/\/lospoliticosveracruz.com\/index.php?rest_route=%2Fwp%2Fv2%2Fcategories&post=112315"},{"taxonomy":"post_tag","embeddable":true,"href":"https:\/\/lospoliticosveracruz.com\/index.php?rest_route=%2Fwp%2Fv2%2Ftags&post=112315"}],"curies":[{"name":"wp","href":"https:\/\/api.w.org\/{rel}","templated":true}]}}