{"id":112317,"date":"2023-10-02T06:22:03","date_gmt":"2023-10-02T11:22:03","guid":{"rendered":"https:\/\/lospoliticosveracruz.com.mx\/?p=112317"},"modified":"2023-10-02T08:49:19","modified_gmt":"2023-10-02T13:49:19","slug":"prd-su-guerra-en-veracruz","status":"publish","type":"post","link":"https:\/\/lospoliticosveracruz.com\/?p=112317","title":{"rendered":"PRD, SU \u00abGUERRA\u00bb EN VERACRUZ"},"content":{"rendered":"\n<p><br><strong>Ricardo Chua<\/strong><br><em>Sale y Vale<\/em><br>Cuenta \u00abGarganta Profunda\u00bb que el comit\u00e9 estatal del PRD.. Agobiado por todas las demandas de laudos laborales desde el 2011 y con la advertencia de que si no las pagaba, empezar\u00edan a embargar sus cuentas bancarias.. El l\u00edder estatal, Sergio Cadena Mart\u00ednez, tuvo que ir con Jes\u00fas Zambrano, l\u00edder nacional a buscar una soluci\u00f3n.. La deuda lo asfixiaba. Pero Zambrano le dio la salida, pero en Veracruz hubo quienes se opusieron a esa soluci\u00f3n y ah\u00ed \u00abrevent\u00f3\u00bb todo..<\/p>\n\n\n<div class=\"wp-block-image\">\n<figure class=\"alignleft size-full is-resized\"><a href=\"https:\/\/lospoliticosveracruz.com.mx\/wp-content\/uploads\/2023\/02\/Vinissimo.jpg\"><img loading=\"lazy\" decoding=\"async\" src=\"https:\/\/lospoliticosveracruz.com.mx\/wp-content\/uploads\/2023\/02\/Vinissimo.jpg\" alt=\"\" class=\"wp-image-102752\" width=\"175\" height=\"178\"\/><\/a><\/figure>\n<\/div>\n\n\n<p>Resulta que Zambrano le dijo a Cadena que buscar\u00e1 la manera de vender todas las propiedades f\u00edsicas del PRD (Edificios, terrenos, etc\u00e9tera) en Veracruz para liquidar todo lo que deb\u00edan.. Ya que el registro para el 2024 estaba en riesgo y si no alcanzaban el 3 por ciento.. Todas esas propiedades iban a pasar a manos del INE.. Mejor los vend\u00edan para liquidar laudos pendientes y si lograban mantenerse con registro como partido, pues, empezaban desde cero.. A lo que Cadena acept\u00f3.. No quedaba de otra y el problema era para \u00e9l\u2026<\/p>\n\n\n\n<p>Pero \u00abGarganta Profunda\u00bb coment\u00f3 que tan graves han sido las contracciones financieras del PRD en Veracruz, por una serie de irregularidades heredadas de dirigencias pasadas, que las multas, indemnizaciones y laudos laborales son de millones de pesos.. Pero como el gobierno de Cuitl\u00e1huac Garc\u00eda les redujo las prerrogativas en un 50 por ciento a partidos pol\u00edticos.. El PRD \u00abjarocho\u00bb no pudo m\u00e1s.. Por eso, su situaci\u00f3n financiera fue tratada durante el Consejo Pol\u00edtico Nacional 11 y dar soporte a los trabajos de la construcci\u00f3n del Frente Amplio estatal\u2026<\/p>\n\n\n\n<p>Lo interesante del caso, se\u00f1ala \u00abGarganta Profunda\u00bb que en ese Consejo Pol\u00edtico, por primera vez, desde que dej\u00f3 el penal de Pacho Viejo, particip\u00f3 v\u00eda zoom el ex l\u00edder estatal del PRD, Rogelio Franco Cast\u00e1n.. Ah\u00ed Zambrano le dio la bienvenida y se\u00f1al\u00f3 el gusto que su proceso penal, lo lleve en su casa y no en la c\u00e1rcel.. Y que le daban el apoyo irrestricto por su caso personal.. Una situaci\u00f3n que tambi\u00e9n aval\u00f3 Cadena y los dem\u00e1s miembros del comit\u00e9 estatal.. Pero porque siempre hay un pero.. Franco SE LE PUSO AL BRINCO a Zambrano..<\/p>\n\n\n\n<p>Sobre todo porque el ex dirigente perredista y ex secretario de Gobierno de Veracruz.. Se opuso a lo planteado por Zambrano para solventar la deuda del PRD en Veracruz\u2026 Y en donde Franco, en su calidad de dirigente estatal dej\u00f3 una deuda de alrededor de 30 millones de pesos del CDE del PRD\u2026 Es decir, en su momento, cuando era Presidente de este partido fue uno de los que lo endeud\u00f3 y dej\u00f3 ese problema que ahora arrastra ese organismo pol\u00edtico.. Lo cual hizo enfadar con todo a Zambrano porque \u00abve la tempestad y no se hinca\u00bb\u2026<\/p>\n\n\n\n<p>Tanto fue la insistencia del NO de Franco, que menciona \u00abGarganta Profunda\u00bb, que el Consejo Pol\u00edtico Nacional puso a votaci\u00f3n todas las opciones planteadas por Zambrano, como la venta de bienes inmuebles.. Pero ese intento de oposici\u00f3n fue sin \u00e9xito.. Ya que Franco y sus pocos aliados perdieron la votaci\u00f3n de manera contundente, al lograr s\u00f3lo sumar 5 votos contra los 148 a favor de la propuesta acordada entre Jes\u00fas Zambrano y Sergio Cadena.. En pocas palabras, a Franco lo \u00abnoquearon\u00bb del Consejo Pol\u00edtico Nacional del PRD..<\/p>\n\n\n\n<p>Sin embargo, el que estaba m\u00e1s \u00abenchilado\u00bb que nadie era Zambrano porque esa postura de Franco era para \u00abfregar\u00bb a Sergio Cadena.. Sin importarle que eso afectara a su partido en tiempos electorales y sobre todo porque la idea fue de Zambrano y Franco se le puso al \u00abtiro\u00bb.. Pero tampoco NUNCA explic\u00f3 d\u00f3nde fueron a parar esos 30 millones de pesos que hay de faltantes en su paso por el CDE del PRD.. Dicen que PRESUNTAMENTE Zambrano dijo a Cadena: \u00abInvestiguen y si hay que denunciar, denuncien\u00bb.. ABRROOOOONNN<\/p>\n\n\n\n<p>Parec\u00eda \u00abPepita en comal\u00bb el \u00abJefe de los Chuchos\u00bb en el PRD.. Ya que en este momento hab\u00eda dos cosas cruciales que resolver en el PRD nacional y en donde habr\u00e1 elecciones a gobernador y son cuidar las alianzas del Frente Amplio Opositor en los estados y que el PRD mantenga su registro como partido, al menos, en estas entidades.. Y se\u00f1alaba Zambrano en \u00abcorto\u00bb a varios consejeros nacionales, que esa actitud del ex l\u00edder perredista dejaba mucho que desear y que abre una serie de sospechas..<\/p>\n\n\n\n<p>Pero eso no fue todo.. Ya que Zambrano tambi\u00e9n hizo hincapi\u00e9, aduce \u00abGarganta Profunda\u00bb, a consejeros.. Que estaba molest\u00f3 con Franco porque cuando fue detenido, \u00e9l pidi\u00f3 su liberaci\u00f3n, dio la cara por \u00e9l a medios de comunicaci\u00f3n, se enfrent\u00f3 a Cuitl\u00e1huac y la Fiscal\u00eda de Veracruz.. Para que le saliera con esta actitud.. En vez de alternativas y tratar de sanar \u00abheridas\u00bb ahora que se ha incorporado.. Pero fue todo lo contrario.. DIOS SI PERDONA.. ZAMBRANO NO..<\/p>\n\n\n\n<p>PD.. Despu\u00e9s de estos hechos, se ve que el escenario para Rogelio Franco dentro del PRD nacional, no es nada halagador. Ya que pareciera que qued\u00f3 pr\u00e1cticamente solo, al sumar apenas 5 votos a su postura.. Mientras que la propuesta nacional y estatal, aplast\u00f3 la intentona de Franco con 148 votos.. Situaci\u00f3n que permitir\u00e1 al comit\u00e9 estatal poner en venta sus activos para pagar sus deudas heredadas y trabajar de cara a las elecciones de 2024.. Parece que el antiguo liderazgo de Franco se empieza a diluir\u2026 LE LLOVI\u00d3 SOBRE MOJADO..<\/p>\n","protected":false},"excerpt":{"rendered":"<p>Ricardo ChuaSale y ValeCuenta \u00abGarganta Profunda\u00bb que el comit\u00e9 estatal del PRD.. Agobiado por todas las demandas de laudos laborales desde el 2011 y con la advertencia de que si no las pagaba, empezar\u00edan a embargar sus cuentas bancarias.. El l\u00edder estatal, Sergio Cadena Mart\u00ednez, tuvo que ir con Jes\u00fas Zambrano, l\u00edder nacional a buscar [&hellip;]<\/p>\n","protected":false},"author":2,"featured_media":0,"comment_status":"closed","ping_status":"closed","sticky":false,"template":"","format":"standard","meta":{"tdm_status":"","tdm_grid_status":"","footnotes":""},"categories":[70],"tags":[21651,107,808,7887,195],"class_list":{"0":"post-112317","1":"post","2":"type-post","3":"status-publish","4":"format-standard","6":"category-de-opinion","7":"tag-jesus-zambrano-grijalva","8":"tag-prd","9":"tag-rogelio-franco-castan","10":"tag-sergio-cadena-martinez","11":"tag-veracruz"},"yoast_head":"<!-- This site is optimized with the Yoast SEO plugin v27.4 - https:\/\/yoast.com\/product\/yoast-seo-wordpress\/ -->\n<title>PRD, SU &quot;GUERRA&quot; EN VERACRUZ - Los pol\u00edticos Veracruz<\/title>\n<meta name=\"robots\" content=\"index, follow, max-snippet:-1, max-image-preview:large, max-video-preview:-1\" \/>\n<link rel=\"canonical\" href=\"https:\/\/lospoliticosveracruz.com\/?p=112317\" \/>\n<meta property=\"og:locale\" content=\"es_ES\" \/>\n<meta property=\"og:type\" content=\"article\" \/>\n<meta property=\"og:title\" content=\"PRD, SU &quot;GUERRA&quot; EN VERACRUZ - Los pol\u00edticos Veracruz\" \/>\n<meta property=\"og:description\" content=\"Ricardo ChuaSale y ValeCuenta \u00abGarganta Profunda\u00bb que el comit\u00e9 estatal del PRD.. Agobiado por todas las demandas de laudos laborales desde el 2011 y con la advertencia de que si no las pagaba, empezar\u00edan a embargar sus cuentas bancarias.. El l\u00edder estatal, Sergio Cadena Mart\u00ednez, tuvo que ir con Jes\u00fas Zambrano, l\u00edder nacional a buscar [&hellip;]\" \/>\n<meta property=\"og:url\" content=\"https:\/\/lospoliticosveracruz.com\/?p=112317\" \/>\n<meta property=\"og:site_name\" content=\"Los pol\u00edticos Veracruz\" \/>\n<meta property=\"article:publisher\" content=\"https:\/\/www.facebook.com\/people\/Notimemes-de-los-Polticos\/61565672886568\/\" \/>\n<meta property=\"article:published_time\" content=\"2023-10-02T11:22:03+00:00\" \/>\n<meta property=\"article:modified_time\" content=\"2023-10-02T13:49:19+00:00\" \/>\n<meta property=\"og:image\" content=\"https:\/\/lospoliticosveracruz.com.mx\/wp-content\/uploads\/2023\/02\/Vinissimo.jpg\" \/>\n<meta name=\"author\" content=\"Lo viste en Los Pol\u00edticos\" \/>\n<meta name=\"twitter:card\" content=\"summary_large_image\" \/>\n<meta name=\"twitter:creator\" content=\"@LosPoliticosVer\" \/>\n<meta name=\"twitter:site\" content=\"@LosPoliticosVer\" \/>\n<meta name=\"twitter:label1\" content=\"Escrito por\" \/>\n\t<meta name=\"twitter:data1\" content=\"Lo viste en Los Pol\u00edticos\" \/>\n\t<meta name=\"twitter:label2\" content=\"Tiempo de lectura\" \/>\n\t<meta name=\"twitter:data2\" content=\"5 minutos\" \/>\n<script type=\"application\/ld+json\" class=\"yoast-schema-graph\">{\"@context\":\"https:\\\/\\\/schema.org\",\"@graph\":[{\"@type\":\"Article\",\"@id\":\"https:\\\/\\\/lospoliticosveracruz.com\\\/?p=112317#article\",\"isPartOf\":{\"@id\":\"https:\\\/\\\/lospoliticosveracruz.com\\\/?p=112317\"},\"author\":{\"name\":\"Lo viste en Los Pol\u00edticos\",\"@id\":\"https:\\\/\\\/lospoliticosveracruz.com\\\/#\\\/schema\\\/person\\\/b8702bb0e538456e6efd07080bf2a4a2\"},\"headline\":\"PRD, SU \u00abGUERRA\u00bb EN VERACRUZ\",\"datePublished\":\"2023-10-02T11:22:03+00:00\",\"dateModified\":\"2023-10-02T13:49:19+00:00\",\"mainEntityOfPage\":{\"@id\":\"https:\\\/\\\/lospoliticosveracruz.com\\\/?p=112317\"},\"wordCount\":932,\"publisher\":{\"@id\":\"https:\\\/\\\/lospoliticosveracruz.com\\\/#organization\"},\"image\":{\"@id\":\"https:\\\/\\\/lospoliticosveracruz.com\\\/?p=112317#primaryimage\"},\"thumbnailUrl\":\"https:\\\/\\\/lospoliticosveracruz.com.mx\\\/wp-content\\\/uploads\\\/2023\\\/02\\\/Vinissimo.jpg\",\"keywords\":[\"Jes\u00fas Zambrano Grijalva\",\"PRD\",\"Rogelio Franco Cast\u00e1n\",\"Sergio Cadena Mart\u00ednez\",\"Veracruz\"],\"articleSection\":[\"De Opini\u00f3n\"],\"inLanguage\":\"es\"},{\"@type\":\"WebPage\",\"@id\":\"https:\\\/\\\/lospoliticosveracruz.com\\\/?p=112317\",\"url\":\"https:\\\/\\\/lospoliticosveracruz.com\\\/?p=112317\",\"name\":\"PRD, SU \\\"GUERRA\\\" EN VERACRUZ - Los pol\u00edticos Veracruz\",\"isPartOf\":{\"@id\":\"https:\\\/\\\/lospoliticosveracruz.com\\\/#website\"},\"primaryImageOfPage\":{\"@id\":\"https:\\\/\\\/lospoliticosveracruz.com\\\/?p=112317#primaryimage\"},\"image\":{\"@id\":\"https:\\\/\\\/lospoliticosveracruz.com\\\/?p=112317#primaryimage\"},\"thumbnailUrl\":\"https:\\\/\\\/lospoliticosveracruz.com.mx\\\/wp-content\\\/uploads\\\/2023\\\/02\\\/Vinissimo.jpg\",\"datePublished\":\"2023-10-02T11:22:03+00:00\",\"dateModified\":\"2023-10-02T13:49:19+00:00\",\"breadcrumb\":{\"@id\":\"https:\\\/\\\/lospoliticosveracruz.com\\\/?p=112317#breadcrumb\"},\"inLanguage\":\"es\",\"potentialAction\":[{\"@type\":\"ReadAction\",\"target\":[\"https:\\\/\\\/lospoliticosveracruz.com\\\/?p=112317\"]}]},{\"@type\":\"ImageObject\",\"inLanguage\":\"es\",\"@id\":\"https:\\\/\\\/lospoliticosveracruz.com\\\/?p=112317#primaryimage\",\"url\":\"https:\\\/\\\/lospoliticosveracruz.com.mx\\\/wp-content\\\/uploads\\\/2023\\\/02\\\/Vinissimo.jpg\",\"contentUrl\":\"https:\\\/\\\/lospoliticosveracruz.com.mx\\\/wp-content\\\/uploads\\\/2023\\\/02\\\/Vinissimo.jpg\"},{\"@type\":\"BreadcrumbList\",\"@id\":\"https:\\\/\\\/lospoliticosveracruz.com\\\/?p=112317#breadcrumb\",\"itemListElement\":[{\"@type\":\"ListItem\",\"position\":1,\"name\":\"Portada\",\"item\":\"https:\\\/\\\/lospoliticosveracruz.com\\\/\"},{\"@type\":\"ListItem\",\"position\":2,\"name\":\"PRD, SU \u00abGUERRA\u00bb EN VERACRUZ\"}]},{\"@type\":\"WebSite\",\"@id\":\"https:\\\/\\\/lospoliticosveracruz.com\\\/#website\",\"url\":\"https:\\\/\\\/lospoliticosveracruz.com\\\/\",\"name\":\"Los pol\u00edticos Veracruz\",\"description\":\"\",\"publisher\":{\"@id\":\"https:\\\/\\\/lospoliticosveracruz.com\\\/#organization\"},\"potentialAction\":[{\"@type\":\"SearchAction\",\"target\":{\"@type\":\"EntryPoint\",\"urlTemplate\":\"https:\\\/\\\/lospoliticosveracruz.com\\\/?s={search_term_string}\"},\"query-input\":{\"@type\":\"PropertyValueSpecification\",\"valueRequired\":true,\"valueName\":\"search_term_string\"}}],\"inLanguage\":\"es\"},{\"@type\":\"Organization\",\"@id\":\"https:\\\/\\\/lospoliticosveracruz.com\\\/#organization\",\"name\":\"Los pol\u00edticos Veracruz\",\"url\":\"https:\\\/\\\/lospoliticosveracruz.com\\\/\",\"logo\":{\"@type\":\"ImageObject\",\"inLanguage\":\"es\",\"@id\":\"https:\\\/\\\/lospoliticosveracruz.com\\\/#\\\/schema\\\/logo\\\/image\\\/\",\"url\":\"https:\\\/\\\/lospoliticosveracruz.com\\\/wp-content\\\/uploads\\\/2025\\\/12\\\/Logo-Nuevo-LOS-POLITICOS-1.jpg\",\"contentUrl\":\"https:\\\/\\\/lospoliticosveracruz.com\\\/wp-content\\\/uploads\\\/2025\\\/12\\\/Logo-Nuevo-LOS-POLITICOS-1.jpg\",\"width\":260,\"height\":70,\"caption\":\"Los pol\u00edticos Veracruz\"},\"image\":{\"@id\":\"https:\\\/\\\/lospoliticosveracruz.com\\\/#\\\/schema\\\/logo\\\/image\\\/\"},\"sameAs\":[\"https:\\\/\\\/www.facebook.com\\\/people\\\/Notimemes-de-los-Polticos\\\/61565672886568\\\/\",\"https:\\\/\\\/x.com\\\/LosPoliticosVer\"]},{\"@type\":\"Person\",\"@id\":\"https:\\\/\\\/lospoliticosveracruz.com\\\/#\\\/schema\\\/person\\\/b8702bb0e538456e6efd07080bf2a4a2\",\"name\":\"Lo viste en Los Pol\u00edticos\",\"image\":{\"@type\":\"ImageObject\",\"inLanguage\":\"es\",\"@id\":\"https:\\\/\\\/secure.gravatar.com\\\/avatar\\\/3a8de04a2656d44082be478bd6c086daa447c4651605818287b9532d3d0bd435?s=96&d=mm&r=g\",\"url\":\"https:\\\/\\\/secure.gravatar.com\\\/avatar\\\/3a8de04a2656d44082be478bd6c086daa447c4651605818287b9532d3d0bd435?s=96&d=mm&r=g\",\"contentUrl\":\"https:\\\/\\\/secure.gravatar.com\\\/avatar\\\/3a8de04a2656d44082be478bd6c086daa447c4651605818287b9532d3d0bd435?s=96&d=mm&r=g\",\"caption\":\"Lo viste en Los Pol\u00edticos\"},\"url\":\"https:\\\/\\\/lospoliticosveracruz.com\\\/?author=2\"}]}<\/script>\n<!-- \/ Yoast SEO plugin. -->","yoast_head_json":{"title":"PRD, SU \"GUERRA\" EN VERACRUZ - Los pol\u00edticos Veracruz","robots":{"index":"index","follow":"follow","max-snippet":"max-snippet:-1","max-image-preview":"max-image-preview:large","max-video-preview":"max-video-preview:-1"},"canonical":"https:\/\/lospoliticosveracruz.com\/?p=112317","og_locale":"es_ES","og_type":"article","og_title":"PRD, SU \"GUERRA\" EN VERACRUZ - Los pol\u00edticos Veracruz","og_description":"Ricardo ChuaSale y ValeCuenta \u00abGarganta Profunda\u00bb que el comit\u00e9 estatal del PRD.. Agobiado por todas las demandas de laudos laborales desde el 2011 y con la advertencia de que si no las pagaba, empezar\u00edan a embargar sus cuentas bancarias.. El l\u00edder estatal, Sergio Cadena Mart\u00ednez, tuvo que ir con Jes\u00fas Zambrano, l\u00edder nacional a buscar [&hellip;]","og_url":"https:\/\/lospoliticosveracruz.com\/?p=112317","og_site_name":"Los pol\u00edticos Veracruz","article_publisher":"https:\/\/www.facebook.com\/people\/Notimemes-de-los-Polticos\/61565672886568\/","article_published_time":"2023-10-02T11:22:03+00:00","article_modified_time":"2023-10-02T13:49:19+00:00","og_image":[{"url":"https:\/\/lospoliticosveracruz.com.mx\/wp-content\/uploads\/2023\/02\/Vinissimo.jpg","type":"","width":"","height":""}],"author":"Lo viste en Los Pol\u00edticos","twitter_card":"summary_large_image","twitter_creator":"@LosPoliticosVer","twitter_site":"@LosPoliticosVer","twitter_misc":{"Escrito por":"Lo viste en Los Pol\u00edticos","Tiempo de lectura":"5 minutos"},"schema":{"@context":"https:\/\/schema.org","@graph":[{"@type":"Article","@id":"https:\/\/lospoliticosveracruz.com\/?p=112317#article","isPartOf":{"@id":"https:\/\/lospoliticosveracruz.com\/?p=112317"},"author":{"name":"Lo viste en Los Pol\u00edticos","@id":"https:\/\/lospoliticosveracruz.com\/#\/schema\/person\/b8702bb0e538456e6efd07080bf2a4a2"},"headline":"PRD, SU \u00abGUERRA\u00bb EN VERACRUZ","datePublished":"2023-10-02T11:22:03+00:00","dateModified":"2023-10-02T13:49:19+00:00","mainEntityOfPage":{"@id":"https:\/\/lospoliticosveracruz.com\/?p=112317"},"wordCount":932,"publisher":{"@id":"https:\/\/lospoliticosveracruz.com\/#organization"},"image":{"@id":"https:\/\/lospoliticosveracruz.com\/?p=112317#primaryimage"},"thumbnailUrl":"https:\/\/lospoliticosveracruz.com.mx\/wp-content\/uploads\/2023\/02\/Vinissimo.jpg","keywords":["Jes\u00fas Zambrano Grijalva","PRD","Rogelio Franco Cast\u00e1n","Sergio Cadena Mart\u00ednez","Veracruz"],"articleSection":["De Opini\u00f3n"],"inLanguage":"es"},{"@type":"WebPage","@id":"https:\/\/lospoliticosveracruz.com\/?p=112317","url":"https:\/\/lospoliticosveracruz.com\/?p=112317","name":"PRD, SU \"GUERRA\" EN VERACRUZ - Los pol\u00edticos Veracruz","isPartOf":{"@id":"https:\/\/lospoliticosveracruz.com\/#website"},"primaryImageOfPage":{"@id":"https:\/\/lospoliticosveracruz.com\/?p=112317#primaryimage"},"image":{"@id":"https:\/\/lospoliticosveracruz.com\/?p=112317#primaryimage"},"thumbnailUrl":"https:\/\/lospoliticosveracruz.com.mx\/wp-content\/uploads\/2023\/02\/Vinissimo.jpg","datePublished":"2023-10-02T11:22:03+00:00","dateModified":"2023-10-02T13:49:19+00:00","breadcrumb":{"@id":"https:\/\/lospoliticosveracruz.com\/?p=112317#breadcrumb"},"inLanguage":"es","potentialAction":[{"@type":"ReadAction","target":["https:\/\/lospoliticosveracruz.com\/?p=112317"]}]},{"@type":"ImageObject","inLanguage":"es","@id":"https:\/\/lospoliticosveracruz.com\/?p=112317#primaryimage","url":"https:\/\/lospoliticosveracruz.com.mx\/wp-content\/uploads\/2023\/02\/Vinissimo.jpg","contentUrl":"https:\/\/lospoliticosveracruz.com.mx\/wp-content\/uploads\/2023\/02\/Vinissimo.jpg"},{"@type":"BreadcrumbList","@id":"https:\/\/lospoliticosveracruz.com\/?p=112317#breadcrumb","itemListElement":[{"@type":"ListItem","position":1,"name":"Portada","item":"https:\/\/lospoliticosveracruz.com\/"},{"@type":"ListItem","position":2,"name":"PRD, SU \u00abGUERRA\u00bb EN VERACRUZ"}]},{"@type":"WebSite","@id":"https:\/\/lospoliticosveracruz.com\/#website","url":"https:\/\/lospoliticosveracruz.com\/","name":"Los pol\u00edticos Veracruz","description":"","publisher":{"@id":"https:\/\/lospoliticosveracruz.com\/#organization"},"potentialAction":[{"@type":"SearchAction","target":{"@type":"EntryPoint","urlTemplate":"https:\/\/lospoliticosveracruz.com\/?s={search_term_string}"},"query-input":{"@type":"PropertyValueSpecification","valueRequired":true,"valueName":"search_term_string"}}],"inLanguage":"es"},{"@type":"Organization","@id":"https:\/\/lospoliticosveracruz.com\/#organization","name":"Los pol\u00edticos Veracruz","url":"https:\/\/lospoliticosveracruz.com\/","logo":{"@type":"ImageObject","inLanguage":"es","@id":"https:\/\/lospoliticosveracruz.com\/#\/schema\/logo\/image\/","url":"https:\/\/lospoliticosveracruz.com\/wp-content\/uploads\/2025\/12\/Logo-Nuevo-LOS-POLITICOS-1.jpg","contentUrl":"https:\/\/lospoliticosveracruz.com\/wp-content\/uploads\/2025\/12\/Logo-Nuevo-LOS-POLITICOS-1.jpg","width":260,"height":70,"caption":"Los pol\u00edticos Veracruz"},"image":{"@id":"https:\/\/lospoliticosveracruz.com\/#\/schema\/logo\/image\/"},"sameAs":["https:\/\/www.facebook.com\/people\/Notimemes-de-los-Polticos\/61565672886568\/","https:\/\/x.com\/LosPoliticosVer"]},{"@type":"Person","@id":"https:\/\/lospoliticosveracruz.com\/#\/schema\/person\/b8702bb0e538456e6efd07080bf2a4a2","name":"Lo viste en Los Pol\u00edticos","image":{"@type":"ImageObject","inLanguage":"es","@id":"https:\/\/secure.gravatar.com\/avatar\/3a8de04a2656d44082be478bd6c086daa447c4651605818287b9532d3d0bd435?s=96&d=mm&r=g","url":"https:\/\/secure.gravatar.com\/avatar\/3a8de04a2656d44082be478bd6c086daa447c4651605818287b9532d3d0bd435?s=96&d=mm&r=g","contentUrl":"https:\/\/secure.gravatar.com\/avatar\/3a8de04a2656d44082be478bd6c086daa447c4651605818287b9532d3d0bd435?s=96&d=mm&r=g","caption":"Lo viste en Los Pol\u00edticos"},"url":"https:\/\/lospoliticosveracruz.com\/?author=2"}]}},"_links":{"self":[{"href":"https:\/\/lospoliticosveracruz.com\/index.php?rest_route=\/wp\/v2\/posts\/112317","targetHints":{"allow":["GET"]}}],"collection":[{"href":"https:\/\/lospoliticosveracruz.com\/index.php?rest_route=\/wp\/v2\/posts"}],"about":[{"href":"https:\/\/lospoliticosveracruz.com\/index.php?rest_route=\/wp\/v2\/types\/post"}],"author":[{"embeddable":true,"href":"https:\/\/lospoliticosveracruz.com\/index.php?rest_route=\/wp\/v2\/users\/2"}],"replies":[{"embeddable":true,"href":"https:\/\/lospoliticosveracruz.com\/index.php?rest_route=%2Fwp%2Fv2%2Fcomments&post=112317"}],"version-history":[{"count":2,"href":"https:\/\/lospoliticosveracruz.com\/index.php?rest_route=\/wp\/v2\/posts\/112317\/revisions"}],"predecessor-version":[{"id":112323,"href":"https:\/\/lospoliticosveracruz.com\/index.php?rest_route=\/wp\/v2\/posts\/112317\/revisions\/112323"}],"wp:attachment":[{"href":"https:\/\/lospoliticosveracruz.com\/index.php?rest_route=%2Fwp%2Fv2%2Fmedia&parent=112317"}],"wp:term":[{"taxonomy":"category","embeddable":true,"href":"https:\/\/lospoliticosveracruz.com\/index.php?rest_route=%2Fwp%2Fv2%2Fcategories&post=112317"},{"taxonomy":"post_tag","embeddable":true,"href":"https:\/\/lospoliticosveracruz.com\/index.php?rest_route=%2Fwp%2Fv2%2Ftags&post=112317"}],"curies":[{"name":"wp","href":"https:\/\/api.w.org\/{rel}","templated":true}]}}