{"id":112324,"date":"2023-10-02T08:40:48","date_gmt":"2023-10-02T13:40:48","guid":{"rendered":"https:\/\/lospoliticosveracruz.com.mx\/?p=112324"},"modified":"2023-10-02T08:40:53","modified_gmt":"2023-10-02T13:40:53","slug":"entre-el-senor-de-los-cielos-y-el-senor-de-palacio","status":"publish","type":"post","link":"https:\/\/lospoliticosveracruz.com\/?p=112324","title":{"rendered":"ENTRE EL SE\u00d1OR DE LOS CIELOS Y EL SE\u00d1OR DE PALACIO"},"content":{"rendered":"\n<p><strong>Bernardo Guti\u00e9rrez Parra<br><\/strong><em>Desde el Caf\u00e9<\/em><\/p>\n\n\n\n<p>Chale\u2026 Tanto andar recorriendo el estado aventando millones de pesos como quien avienta confeti; tanto comprar espacios en medios de comunicaci\u00f3n; tanto billetear a reporteros y columnistas; tanto hacer festivales infantiles para que los padres de los chamacos vean lo buena onda que es uno con sus hijos; tanto homenajear a las cabecitas blancas el D\u00eda de las Madres; tanto prometer a los ancianitos pensiones m\u00e1s jugosas y todo para qu\u00e9\u2026<\/p>\n\n\n\n<figure class=\"wp-block-image size-large\"><a href=\"https:\/\/lospoliticosveracruz.com.mx\/wp-content\/uploads\/2016\/07\/Seguro-Julio-Cerecedo-2.jpg\"><img decoding=\"async\" src=\"https:\/\/lospoliticosveracruz.com.mx\/wp-content\/uploads\/2016\/07\/Seguro-Julio-Cerecedo-2-1024x381.jpg\" alt=\"\" class=\"wp-image-105879\"\/><\/a><\/figure>\n\n\n\n<p>Es lo que debi\u00f3 pensar el diputado federal Sergio Guti\u00e9rrez Luna, al enterarse el fin de semana que el Consejo Estatal de Morena lo excluy\u00f3 de la lista de cuatro aspirantes (dos mujeres y dos hombres), a la Coordinaci\u00f3n de los Comit\u00e9s de Defensa de la 4T en Veracruz.<\/p>\n\n\n\n<p>Y es que lo que sea de cada qui\u00e9n, de la runfla de aspirantes fue Sergio el primero en arrancar su precampa\u00f1a por la gubernatura. Desde hace dos a\u00f1os ha subido y bajado cerros, ha soportado aguaceros, calorones, se convirti\u00f3 en la esperanza de empresarios arruinados, de los desempleados, de pol\u00edticos resentidos y en enemigo jurado de Cuitl\u00e1huac Garc\u00eda, Roc\u00edo Nahle y Eric Cisneros.<\/p>\n\n\n\n<p>F\u00e1cil le dio tres veces la vuelta a la geograf\u00eda veracruzana gastando dinero a mares, comprando voluntades, haciendo amarres y organizando m\u00edtines de antolog\u00eda, ya fueran para \u00e9l o para su candidato a la Presidencia, Ad\u00e1n Augusto L\u00f3pez, que se qued\u00f3 en la orilla y casi casi lo dej\u00f3 en la orfandad pol\u00edtica.<\/p>\n\n\n\n<p>Pero el legislador minatitleco al que el optimismo le brota por los poros, tiene la certeza de que la Comisi\u00f3n Nacional de Elecciones de Morena, esa que sesiona en la CDMX, lo incluya en la lista, a ver si en una de esas da el campanazo y resulta coordinador y por inercia, candidato a la gubernatura.<\/p>\n\n\n\n<p>\u00bfSer\u00e1?<\/p>\n\n\n\n<p>Uta\u2026<\/p>\n\n\n\n<p>Otro que se qued\u00f3 en la orilla pero que a\u00fan resuella es el ex delegado federal de los programas del Bienestar, Manuel Huerta Ladr\u00f3n de Guevara, pero su situaci\u00f3n es diferente a la de Sergio.<\/p>\n\n\n\n<p>Manuel es amigo personal de Andr\u00e9s Manuel desde hace m\u00e1s de 25 a\u00f1os y Sergio no. Est\u00e1 con el tabasque\u00f1o desde que \u00e9ste organizaba aquellas marat\u00f3nicas marchas de Tabasco al DF y Sergio no. L\u00f3pez Obrador le tiene tanta confianza que lo hizo s\u00faper delegado de los Programas federales con un multimillonario presupuesto y a Sergio no.<\/p>\n\n\n\n<p>Se rumora que si lo chisparon de la lista fue para darle un calambrazo porque \u00faltimamente andaba muy suelto.<\/p>\n\n\n\n<p>Sobre Manuel Huerta una periodista coment\u00f3 que tras recibir una cita para presentarse en Palacio Nacional donde pens\u00f3 que se ver\u00eda con el presidente, fue recibido por un funcionario segund\u00f3n \u201camable pero firme\u201d, que no lo invit\u00f3 ni a sentarse y le dijo que le bajara porque no ser\u00e1 candidato a la gubernatura.<\/p>\n\n\n\n<p>\u00bfSer\u00e1?<\/p>\n\n\n\n<p>Qui\u00e9n sabe.<\/p>\n\n\n\n<p>Manuel, (que renunci\u00f3 el pasado viernes como delegado del Bienestar) cit\u00f3 a una conferencia de prensa para hoy en un caf\u00e9 del centro de Xalapa y de inmediato se soltaron las especulaciones. \u201cO anuncia que se va por la libre al estilo de Eric Cisneros, o dice que se disciplina y que ir\u00e1 donde lo mande su amigo el presidente\u201d me dijo un analista sabelotodo.<\/p>\n\n\n\n<p>Habr\u00e1 que esperar.<\/p>\n\n\n\n<p>Mientras son peras o manzanas, ambos personajes manifestaron su confianza en que la Comisi\u00f3n Nacional de Elecciones los tome en cuenta. Por lo pronto y para que vean que sus intenciones son serias, Manuel Huerta mand\u00f3 al Comit\u00e9 Directivo Nacional de Morena 300 mil firmas de ciudadanos que le manifiestan su apoyo, mientras que Sergio Guti\u00e9rrez busc\u00f3 la ayuda divina. Este domingo se le vio en la Catedral xalape\u00f1a escuchando con devoci\u00f3n la Santa Misa.<\/p>\n\n\n\n<p>El problema es que por muchas firmas de apoyo y por muchos ruegos al Se\u00f1or, el se\u00f1or que decide est\u00e1 en Palacio Nacional y ya se decant\u00f3 por Roc\u00edo Nahle como candidata para Veracruz.<\/p>\n\n\n\n<p>El incluirlos en la lista y hacer como que se har\u00e1n encuestas, es (lo dije anteriormente) una costos\u00edsima faramalla ordenada por Andr\u00e9s Manuel y acatada sin chistar por Morena.<\/p>\n\n\n\n<p>Pero tanto Sergio como Manuel padecen el s\u00edndrome de Marcelo; a pesar de que saben c\u00f3mo se cuecen las habas al interior de Morena, quieren creer que por esta ocasi\u00f3n las encuestas ser\u00e1n derechas.<\/p>\n\n\n\n<p>M\u00e1s ingenuos, imposible.<\/p>\n\n\n\n<p>Inauguran en Tuxpan Jornada Integral de Salud<\/p>\n\n\n\n<p>El s\u00e1bado y domingo de la semana anterior se llev\u00f3 a cabo en la Unidad Deportiva de en Tuxpan, la Jornada Integral de Salud-Mes Rosa en beneficio de decenas de familias. El evento fue organizado por el Ayuntamiento tuxpe\u00f1o, el DIF municipal, la Secretar\u00eda de Salud y los Servicios de Salud de Veracruz (SESVER).<\/p>\n\n\n\n<p>A esta jornada tuvieron acceso gratuito quienes requirieron de consultas m\u00e9dicas generales, as\u00ed como de especialidades en Pediatr\u00eda y Medicina Interna; consultas odontol\u00f3gicas, estudios de mastograf\u00edas; ex\u00e1menes de detecci\u00f3n de VIH, s\u00edfilis y hepatitis C; detecci\u00f3n de ant\u00edgeno prost\u00e1tico; y pl\u00e1ticas preventivas para diversas enfermedades, entre otros servicios m\u00e9dicos.<\/p>\n\n\n\n<p>En la inauguraci\u00f3n estuvieron presentes Jorge Eduardo Sisniega Fern\u00e1ndez, director administrativo de SESVER; el alcalde Jos\u00e9 Manuel Pozos Castro; Pamela Morales Huesca, presidenta del DIF Tuxpan, entre otras personalidades quienes entregaron aparatos funcionales y de movilidad como sillas de ruedas, muletas, andaderas y bastones.<\/p>\n\n\n\n<p>El alcalde Jos\u00e9 Manuel Pozos Castro dijo que es a trav\u00e9s de las jornadas de salud que se atiende a la poblaci\u00f3n con servicios m\u00e9dicos gratuitos que permiten mejorar la calidad de vida y el bienestar de las personas.<\/p>\n\n\n\n<p>\u201cLa Secretar\u00eda de Salud y SESVER han puesto a disposici\u00f3n de las familias tuxpe\u00f1as m\u00e1s de 25 servicios y unidades m\u00f3viles de Mastograf\u00eda, Dental, Ultrasonido y Laboratorio. Esta es una gran oportunidad para que las mujeres participen en los programas de prevenci\u00f3n de C\u00e1ncer de Mama y C\u00e1ncer Cervicouterino. Acercando los servicios de salud a la poblaci\u00f3n, bajo criterios de equidad, inclusi\u00f3n e igualdad de g\u00e9nero, se est\u00e1 logrando acortar la brecha de la desigualdad, lo que antes no era posible\u201d.<\/p>\n\n\n\n<p>En ese sentido, record\u00f3 que el Gobierno de Tuxpan y los Servicios de Salud de Veracruz han rehabilitado los centros de salud de varias comunidades del municipio: \u201cVamos a seguir con ese programa, porque no podemos descuidar la salud de los habitantes. Estas acciones son lo que llamamos una verdadera transformaci\u00f3n que beneficia a todas y a todos. Tengamos siempre presente que una comunidad sana es una comunidad fuerte\u201d.<\/p>\n\n\n\n<p>bernardogup@hotmail.com<\/p>\n","protected":false},"excerpt":{"rendered":"<p>Bernardo Guti\u00e9rrez ParraDesde el Caf\u00e9 Chale\u2026 Tanto andar recorriendo el estado aventando millones de pesos como quien avienta confeti; tanto comprar espacios en medios de comunicaci\u00f3n; tanto billetear a reporteros y columnistas; tanto hacer festivales infantiles para que los padres de los chamacos vean lo buena onda que es uno con sus hijos; tanto homenajear [&hellip;]<\/p>\n","protected":false},"author":2,"featured_media":0,"comment_status":"closed","ping_status":"closed","sticky":false,"template":"","format":"standard","meta":{"tdm_status":"","tdm_grid_status":"","footnotes":""},"categories":[70],"tags":[39450,1563,8247,12299,3578,16147,195],"class_list":{"0":"post-112324","1":"post","2":"type-post","3":"status-publish","4":"format-standard","6":"category-de-opinion","7":"tag-coordinacion-de-los-comites-de-defensa-de-la-4t-en-veracruz","8":"tag-cuitlahuac-garcia-jimenez","9":"tag-dia-de-las-madres","10":"tag-eric-cisneros-burgos","11":"tag-rocio-nahle","12":"tag-sergio-gutierrez-luna","13":"tag-veracruz"},"yoast_head":"<!-- This site is optimized with the Yoast SEO plugin v27.4 - https:\/\/yoast.com\/product\/yoast-seo-wordpress\/ -->\n<title>ENTRE EL SE\u00d1OR DE LOS CIELOS Y EL SE\u00d1OR DE PALACIO - Los pol\u00edticos Veracruz<\/title>\n<meta name=\"robots\" content=\"index, follow, max-snippet:-1, max-image-preview:large, max-video-preview:-1\" \/>\n<link rel=\"canonical\" href=\"https:\/\/lospoliticosveracruz.com\/?p=112324\" \/>\n<meta property=\"og:locale\" content=\"es_ES\" \/>\n<meta property=\"og:type\" content=\"article\" \/>\n<meta property=\"og:title\" content=\"ENTRE EL SE\u00d1OR DE LOS CIELOS Y EL SE\u00d1OR DE PALACIO - Los pol\u00edticos Veracruz\" \/>\n<meta property=\"og:description\" content=\"Bernardo Guti\u00e9rrez ParraDesde el Caf\u00e9 Chale\u2026 Tanto andar recorriendo el estado aventando millones de pesos como quien avienta confeti; tanto comprar espacios en medios de comunicaci\u00f3n; tanto billetear a reporteros y columnistas; tanto hacer festivales infantiles para que los padres de los chamacos vean lo buena onda que es uno con sus hijos; tanto homenajear [&hellip;]\" \/>\n<meta property=\"og:url\" content=\"https:\/\/lospoliticosveracruz.com\/?p=112324\" \/>\n<meta property=\"og:site_name\" content=\"Los pol\u00edticos Veracruz\" \/>\n<meta property=\"article:publisher\" content=\"https:\/\/www.facebook.com\/people\/Notimemes-de-los-Polticos\/61565672886568\/\" \/>\n<meta property=\"article:published_time\" content=\"2023-10-02T13:40:48+00:00\" \/>\n<meta property=\"article:modified_time\" content=\"2023-10-02T13:40:53+00:00\" \/>\n<meta property=\"og:image\" content=\"https:\/\/lospoliticosveracruz.com.mx\/wp-content\/uploads\/2016\/07\/Seguro-Julio-Cerecedo-2-1024x381.jpg\" \/>\n<meta name=\"author\" content=\"Lo viste en Los Pol\u00edticos\" \/>\n<meta name=\"twitter:card\" content=\"summary_large_image\" \/>\n<meta name=\"twitter:creator\" content=\"@LosPoliticosVer\" \/>\n<meta name=\"twitter:site\" content=\"@LosPoliticosVer\" \/>\n<meta name=\"twitter:label1\" content=\"Escrito por\" \/>\n\t<meta name=\"twitter:data1\" content=\"Lo viste en Los Pol\u00edticos\" \/>\n\t<meta name=\"twitter:label2\" content=\"Tiempo de lectura\" \/>\n\t<meta name=\"twitter:data2\" content=\"6 minutos\" \/>\n<script type=\"application\/ld+json\" class=\"yoast-schema-graph\">{\"@context\":\"https:\\\/\\\/schema.org\",\"@graph\":[{\"@type\":\"Article\",\"@id\":\"https:\\\/\\\/lospoliticosveracruz.com\\\/?p=112324#article\",\"isPartOf\":{\"@id\":\"https:\\\/\\\/lospoliticosveracruz.com\\\/?p=112324\"},\"author\":{\"name\":\"Lo viste en Los Pol\u00edticos\",\"@id\":\"https:\\\/\\\/lospoliticosveracruz.com\\\/#\\\/schema\\\/person\\\/b8702bb0e538456e6efd07080bf2a4a2\"},\"headline\":\"ENTRE EL SE\u00d1OR DE LOS CIELOS Y EL SE\u00d1OR DE PALACIO\",\"datePublished\":\"2023-10-02T13:40:48+00:00\",\"dateModified\":\"2023-10-02T13:40:53+00:00\",\"mainEntityOfPage\":{\"@id\":\"https:\\\/\\\/lospoliticosveracruz.com\\\/?p=112324\"},\"wordCount\":1150,\"publisher\":{\"@id\":\"https:\\\/\\\/lospoliticosveracruz.com\\\/#organization\"},\"image\":{\"@id\":\"https:\\\/\\\/lospoliticosveracruz.com\\\/?p=112324#primaryimage\"},\"thumbnailUrl\":\"https:\\\/\\\/lospoliticosveracruz.com.mx\\\/wp-content\\\/uploads\\\/2016\\\/07\\\/Seguro-Julio-Cerecedo-2-1024x381.jpg\",\"keywords\":[\"Coordinaci\u00f3n de los Comit\u00e9s de Defensa de la 4T en Veracruz\",\"Cuitl\u00e1huac Garc\u00eda Jim\u00e9nez\",\"D\u00eda de las Madres\",\"Eric Cisneros Burgos\",\"Roc\u00edo Nahle\",\"Sergio Guti\u00e9rrez Luna\",\"Veracruz\"],\"articleSection\":[\"De Opini\u00f3n\"],\"inLanguage\":\"es\"},{\"@type\":\"WebPage\",\"@id\":\"https:\\\/\\\/lospoliticosveracruz.com\\\/?p=112324\",\"url\":\"https:\\\/\\\/lospoliticosveracruz.com\\\/?p=112324\",\"name\":\"ENTRE EL SE\u00d1OR DE LOS CIELOS Y EL SE\u00d1OR DE PALACIO - Los pol\u00edticos Veracruz\",\"isPartOf\":{\"@id\":\"https:\\\/\\\/lospoliticosveracruz.com\\\/#website\"},\"primaryImageOfPage\":{\"@id\":\"https:\\\/\\\/lospoliticosveracruz.com\\\/?p=112324#primaryimage\"},\"image\":{\"@id\":\"https:\\\/\\\/lospoliticosveracruz.com\\\/?p=112324#primaryimage\"},\"thumbnailUrl\":\"https:\\\/\\\/lospoliticosveracruz.com.mx\\\/wp-content\\\/uploads\\\/2016\\\/07\\\/Seguro-Julio-Cerecedo-2-1024x381.jpg\",\"datePublished\":\"2023-10-02T13:40:48+00:00\",\"dateModified\":\"2023-10-02T13:40:53+00:00\",\"breadcrumb\":{\"@id\":\"https:\\\/\\\/lospoliticosveracruz.com\\\/?p=112324#breadcrumb\"},\"inLanguage\":\"es\",\"potentialAction\":[{\"@type\":\"ReadAction\",\"target\":[\"https:\\\/\\\/lospoliticosveracruz.com\\\/?p=112324\"]}]},{\"@type\":\"ImageObject\",\"inLanguage\":\"es\",\"@id\":\"https:\\\/\\\/lospoliticosveracruz.com\\\/?p=112324#primaryimage\",\"url\":\"https:\\\/\\\/lospoliticosveracruz.com.mx\\\/wp-content\\\/uploads\\\/2016\\\/07\\\/Seguro-Julio-Cerecedo-2-1024x381.jpg\",\"contentUrl\":\"https:\\\/\\\/lospoliticosveracruz.com.mx\\\/wp-content\\\/uploads\\\/2016\\\/07\\\/Seguro-Julio-Cerecedo-2-1024x381.jpg\"},{\"@type\":\"BreadcrumbList\",\"@id\":\"https:\\\/\\\/lospoliticosveracruz.com\\\/?p=112324#breadcrumb\",\"itemListElement\":[{\"@type\":\"ListItem\",\"position\":1,\"name\":\"Portada\",\"item\":\"https:\\\/\\\/lospoliticosveracruz.com\\\/\"},{\"@type\":\"ListItem\",\"position\":2,\"name\":\"ENTRE EL SE\u00d1OR DE LOS CIELOS Y EL SE\u00d1OR DE PALACIO\"}]},{\"@type\":\"WebSite\",\"@id\":\"https:\\\/\\\/lospoliticosveracruz.com\\\/#website\",\"url\":\"https:\\\/\\\/lospoliticosveracruz.com\\\/\",\"name\":\"Los pol\u00edticos Veracruz\",\"description\":\"\",\"publisher\":{\"@id\":\"https:\\\/\\\/lospoliticosveracruz.com\\\/#organization\"},\"potentialAction\":[{\"@type\":\"SearchAction\",\"target\":{\"@type\":\"EntryPoint\",\"urlTemplate\":\"https:\\\/\\\/lospoliticosveracruz.com\\\/?s={search_term_string}\"},\"query-input\":{\"@type\":\"PropertyValueSpecification\",\"valueRequired\":true,\"valueName\":\"search_term_string\"}}],\"inLanguage\":\"es\"},{\"@type\":\"Organization\",\"@id\":\"https:\\\/\\\/lospoliticosveracruz.com\\\/#organization\",\"name\":\"Los pol\u00edticos Veracruz\",\"url\":\"https:\\\/\\\/lospoliticosveracruz.com\\\/\",\"logo\":{\"@type\":\"ImageObject\",\"inLanguage\":\"es\",\"@id\":\"https:\\\/\\\/lospoliticosveracruz.com\\\/#\\\/schema\\\/logo\\\/image\\\/\",\"url\":\"https:\\\/\\\/lospoliticosveracruz.com\\\/wp-content\\\/uploads\\\/2025\\\/12\\\/Logo-Nuevo-LOS-POLITICOS-1.jpg\",\"contentUrl\":\"https:\\\/\\\/lospoliticosveracruz.com\\\/wp-content\\\/uploads\\\/2025\\\/12\\\/Logo-Nuevo-LOS-POLITICOS-1.jpg\",\"width\":260,\"height\":70,\"caption\":\"Los pol\u00edticos Veracruz\"},\"image\":{\"@id\":\"https:\\\/\\\/lospoliticosveracruz.com\\\/#\\\/schema\\\/logo\\\/image\\\/\"},\"sameAs\":[\"https:\\\/\\\/www.facebook.com\\\/people\\\/Notimemes-de-los-Polticos\\\/61565672886568\\\/\",\"https:\\\/\\\/x.com\\\/LosPoliticosVer\"]},{\"@type\":\"Person\",\"@id\":\"https:\\\/\\\/lospoliticosveracruz.com\\\/#\\\/schema\\\/person\\\/b8702bb0e538456e6efd07080bf2a4a2\",\"name\":\"Lo viste en Los Pol\u00edticos\",\"image\":{\"@type\":\"ImageObject\",\"inLanguage\":\"es\",\"@id\":\"https:\\\/\\\/secure.gravatar.com\\\/avatar\\\/3a8de04a2656d44082be478bd6c086daa447c4651605818287b9532d3d0bd435?s=96&d=mm&r=g\",\"url\":\"https:\\\/\\\/secure.gravatar.com\\\/avatar\\\/3a8de04a2656d44082be478bd6c086daa447c4651605818287b9532d3d0bd435?s=96&d=mm&r=g\",\"contentUrl\":\"https:\\\/\\\/secure.gravatar.com\\\/avatar\\\/3a8de04a2656d44082be478bd6c086daa447c4651605818287b9532d3d0bd435?s=96&d=mm&r=g\",\"caption\":\"Lo viste en Los Pol\u00edticos\"},\"url\":\"https:\\\/\\\/lospoliticosveracruz.com\\\/?author=2\"}]}<\/script>\n<!-- \/ Yoast SEO plugin. -->","yoast_head_json":{"title":"ENTRE EL SE\u00d1OR DE LOS CIELOS Y EL SE\u00d1OR DE PALACIO - Los pol\u00edticos Veracruz","robots":{"index":"index","follow":"follow","max-snippet":"max-snippet:-1","max-image-preview":"max-image-preview:large","max-video-preview":"max-video-preview:-1"},"canonical":"https:\/\/lospoliticosveracruz.com\/?p=112324","og_locale":"es_ES","og_type":"article","og_title":"ENTRE EL SE\u00d1OR DE LOS CIELOS Y EL SE\u00d1OR DE PALACIO - Los pol\u00edticos Veracruz","og_description":"Bernardo Guti\u00e9rrez ParraDesde el Caf\u00e9 Chale\u2026 Tanto andar recorriendo el estado aventando millones de pesos como quien avienta confeti; tanto comprar espacios en medios de comunicaci\u00f3n; tanto billetear a reporteros y columnistas; tanto hacer festivales infantiles para que los padres de los chamacos vean lo buena onda que es uno con sus hijos; tanto homenajear [&hellip;]","og_url":"https:\/\/lospoliticosveracruz.com\/?p=112324","og_site_name":"Los pol\u00edticos Veracruz","article_publisher":"https:\/\/www.facebook.com\/people\/Notimemes-de-los-Polticos\/61565672886568\/","article_published_time":"2023-10-02T13:40:48+00:00","article_modified_time":"2023-10-02T13:40:53+00:00","og_image":[{"url":"https:\/\/lospoliticosveracruz.com.mx\/wp-content\/uploads\/2016\/07\/Seguro-Julio-Cerecedo-2-1024x381.jpg","type":"","width":"","height":""}],"author":"Lo viste en Los Pol\u00edticos","twitter_card":"summary_large_image","twitter_creator":"@LosPoliticosVer","twitter_site":"@LosPoliticosVer","twitter_misc":{"Escrito por":"Lo viste en Los Pol\u00edticos","Tiempo de lectura":"6 minutos"},"schema":{"@context":"https:\/\/schema.org","@graph":[{"@type":"Article","@id":"https:\/\/lospoliticosveracruz.com\/?p=112324#article","isPartOf":{"@id":"https:\/\/lospoliticosveracruz.com\/?p=112324"},"author":{"name":"Lo viste en Los Pol\u00edticos","@id":"https:\/\/lospoliticosveracruz.com\/#\/schema\/person\/b8702bb0e538456e6efd07080bf2a4a2"},"headline":"ENTRE EL SE\u00d1OR DE LOS CIELOS Y EL SE\u00d1OR DE PALACIO","datePublished":"2023-10-02T13:40:48+00:00","dateModified":"2023-10-02T13:40:53+00:00","mainEntityOfPage":{"@id":"https:\/\/lospoliticosveracruz.com\/?p=112324"},"wordCount":1150,"publisher":{"@id":"https:\/\/lospoliticosveracruz.com\/#organization"},"image":{"@id":"https:\/\/lospoliticosveracruz.com\/?p=112324#primaryimage"},"thumbnailUrl":"https:\/\/lospoliticosveracruz.com.mx\/wp-content\/uploads\/2016\/07\/Seguro-Julio-Cerecedo-2-1024x381.jpg","keywords":["Coordinaci\u00f3n de los Comit\u00e9s de Defensa de la 4T en Veracruz","Cuitl\u00e1huac Garc\u00eda Jim\u00e9nez","D\u00eda de las Madres","Eric Cisneros Burgos","Roc\u00edo Nahle","Sergio Guti\u00e9rrez Luna","Veracruz"],"articleSection":["De Opini\u00f3n"],"inLanguage":"es"},{"@type":"WebPage","@id":"https:\/\/lospoliticosveracruz.com\/?p=112324","url":"https:\/\/lospoliticosveracruz.com\/?p=112324","name":"ENTRE EL SE\u00d1OR DE LOS CIELOS Y EL SE\u00d1OR DE PALACIO - Los pol\u00edticos Veracruz","isPartOf":{"@id":"https:\/\/lospoliticosveracruz.com\/#website"},"primaryImageOfPage":{"@id":"https:\/\/lospoliticosveracruz.com\/?p=112324#primaryimage"},"image":{"@id":"https:\/\/lospoliticosveracruz.com\/?p=112324#primaryimage"},"thumbnailUrl":"https:\/\/lospoliticosveracruz.com.mx\/wp-content\/uploads\/2016\/07\/Seguro-Julio-Cerecedo-2-1024x381.jpg","datePublished":"2023-10-02T13:40:48+00:00","dateModified":"2023-10-02T13:40:53+00:00","breadcrumb":{"@id":"https:\/\/lospoliticosveracruz.com\/?p=112324#breadcrumb"},"inLanguage":"es","potentialAction":[{"@type":"ReadAction","target":["https:\/\/lospoliticosveracruz.com\/?p=112324"]}]},{"@type":"ImageObject","inLanguage":"es","@id":"https:\/\/lospoliticosveracruz.com\/?p=112324#primaryimage","url":"https:\/\/lospoliticosveracruz.com.mx\/wp-content\/uploads\/2016\/07\/Seguro-Julio-Cerecedo-2-1024x381.jpg","contentUrl":"https:\/\/lospoliticosveracruz.com.mx\/wp-content\/uploads\/2016\/07\/Seguro-Julio-Cerecedo-2-1024x381.jpg"},{"@type":"BreadcrumbList","@id":"https:\/\/lospoliticosveracruz.com\/?p=112324#breadcrumb","itemListElement":[{"@type":"ListItem","position":1,"name":"Portada","item":"https:\/\/lospoliticosveracruz.com\/"},{"@type":"ListItem","position":2,"name":"ENTRE EL SE\u00d1OR DE LOS CIELOS Y EL SE\u00d1OR DE PALACIO"}]},{"@type":"WebSite","@id":"https:\/\/lospoliticosveracruz.com\/#website","url":"https:\/\/lospoliticosveracruz.com\/","name":"Los pol\u00edticos Veracruz","description":"","publisher":{"@id":"https:\/\/lospoliticosveracruz.com\/#organization"},"potentialAction":[{"@type":"SearchAction","target":{"@type":"EntryPoint","urlTemplate":"https:\/\/lospoliticosveracruz.com\/?s={search_term_string}"},"query-input":{"@type":"PropertyValueSpecification","valueRequired":true,"valueName":"search_term_string"}}],"inLanguage":"es"},{"@type":"Organization","@id":"https:\/\/lospoliticosveracruz.com\/#organization","name":"Los pol\u00edticos Veracruz","url":"https:\/\/lospoliticosveracruz.com\/","logo":{"@type":"ImageObject","inLanguage":"es","@id":"https:\/\/lospoliticosveracruz.com\/#\/schema\/logo\/image\/","url":"https:\/\/lospoliticosveracruz.com\/wp-content\/uploads\/2025\/12\/Logo-Nuevo-LOS-POLITICOS-1.jpg","contentUrl":"https:\/\/lospoliticosveracruz.com\/wp-content\/uploads\/2025\/12\/Logo-Nuevo-LOS-POLITICOS-1.jpg","width":260,"height":70,"caption":"Los pol\u00edticos Veracruz"},"image":{"@id":"https:\/\/lospoliticosveracruz.com\/#\/schema\/logo\/image\/"},"sameAs":["https:\/\/www.facebook.com\/people\/Notimemes-de-los-Polticos\/61565672886568\/","https:\/\/x.com\/LosPoliticosVer"]},{"@type":"Person","@id":"https:\/\/lospoliticosveracruz.com\/#\/schema\/person\/b8702bb0e538456e6efd07080bf2a4a2","name":"Lo viste en Los Pol\u00edticos","image":{"@type":"ImageObject","inLanguage":"es","@id":"https:\/\/secure.gravatar.com\/avatar\/3a8de04a2656d44082be478bd6c086daa447c4651605818287b9532d3d0bd435?s=96&d=mm&r=g","url":"https:\/\/secure.gravatar.com\/avatar\/3a8de04a2656d44082be478bd6c086daa447c4651605818287b9532d3d0bd435?s=96&d=mm&r=g","contentUrl":"https:\/\/secure.gravatar.com\/avatar\/3a8de04a2656d44082be478bd6c086daa447c4651605818287b9532d3d0bd435?s=96&d=mm&r=g","caption":"Lo viste en Los Pol\u00edticos"},"url":"https:\/\/lospoliticosveracruz.com\/?author=2"}]}},"_links":{"self":[{"href":"https:\/\/lospoliticosveracruz.com\/index.php?rest_route=\/wp\/v2\/posts\/112324","targetHints":{"allow":["GET"]}}],"collection":[{"href":"https:\/\/lospoliticosveracruz.com\/index.php?rest_route=\/wp\/v2\/posts"}],"about":[{"href":"https:\/\/lospoliticosveracruz.com\/index.php?rest_route=\/wp\/v2\/types\/post"}],"author":[{"embeddable":true,"href":"https:\/\/lospoliticosveracruz.com\/index.php?rest_route=\/wp\/v2\/users\/2"}],"replies":[{"embeddable":true,"href":"https:\/\/lospoliticosveracruz.com\/index.php?rest_route=%2Fwp%2Fv2%2Fcomments&post=112324"}],"version-history":[{"count":1,"href":"https:\/\/lospoliticosveracruz.com\/index.php?rest_route=\/wp\/v2\/posts\/112324\/revisions"}],"predecessor-version":[{"id":112325,"href":"https:\/\/lospoliticosveracruz.com\/index.php?rest_route=\/wp\/v2\/posts\/112324\/revisions\/112325"}],"wp:attachment":[{"href":"https:\/\/lospoliticosveracruz.com\/index.php?rest_route=%2Fwp%2Fv2%2Fmedia&parent=112324"}],"wp:term":[{"taxonomy":"category","embeddable":true,"href":"https:\/\/lospoliticosveracruz.com\/index.php?rest_route=%2Fwp%2Fv2%2Fcategories&post=112324"},{"taxonomy":"post_tag","embeddable":true,"href":"https:\/\/lospoliticosveracruz.com\/index.php?rest_route=%2Fwp%2Fv2%2Ftags&post=112324"}],"curies":[{"name":"wp","href":"https:\/\/api.w.org\/{rel}","templated":true}]}}