{"id":112337,"date":"2023-10-02T11:03:58","date_gmt":"2023-10-02T16:03:58","guid":{"rendered":"https:\/\/lospoliticosveracruz.com.mx\/?p=112337"},"modified":"2023-10-02T11:04:05","modified_gmt":"2023-10-02T16:04:05","slug":"pensar-sin-pensar","status":"publish","type":"post","link":"https:\/\/lospoliticosveracruz.com\/?p=112337","title":{"rendered":"PENSAR SIN PENSAR"},"content":{"rendered":"\n<p><strong>Jorge Arturo Rodr\u00edguez<br><\/strong><em>Tierra de Babel<\/em><\/p>\n\n\n\n<p><\/p>\n\n\n\n<p>Aperitivo: \u201cLa plaga de la p\u00e9rdida y del desperdicio de alimentos es tan alarmante y funesta como la tragedia del hambre que tan cruelmente aflige a la humanidad. Dos dramas juntos unidos por una \u00fanica ra\u00edz de fondo: la cultura imperante que ha llevado a desnaturalizar el valor del alimento, reduci\u00e9ndolo a mera mercanc\u00eda de intercambio\u201d. (Papa Francisco). \u00bfEntendimos?<\/p>\n\n\n\n<figure class=\"wp-block-embed is-type-video is-provider-youtube wp-block-embed-youtube wp-embed-aspect-16-9 wp-has-aspect-ratio\"><div class=\"wp-block-embed__wrapper\">\n<iframe loading=\"lazy\" title=\"Cluster Coworking\" width=\"696\" height=\"392\" src=\"https:\/\/www.youtube.com\/embed\/Nxe-vxf8GuY?feature=oembed\" frameborder=\"0\" allow=\"accelerometer; autoplay; clipboard-write; encrypted-media; gyroscope; picture-in-picture; web-share\" referrerpolicy=\"strict-origin-when-cross-origin\" allowfullscreen><\/iframe>\n<\/div><\/figure>\n\n\n\n<p>No, no entendemos ni comprendemos, seguimos reg\u00e1ndola \u2013iba a decir \u201ccag\u2026dola\u201d-, y se me viene encima la tristeza y el coraje. Somos necios. F\u00edjense nom\u00e1s lo que Ignacio Manuel Altamirano escribi\u00f3: \u201cLa vida es una cadena de necedades, de las que no es la menor no querer hacerlas\u201d. \u00a1V\u00e1lgame Dios! Ni c\u00f3mo ayudarnos. Entre hacer y no hacer, prefiero hacer, dijera Alejandro Jodorowsky.<br>Pero no es f\u00e1cil andar la senda del bien \u2013sin ponernos religiosos-, porque el mal siempre nos induce hacia caminos escabrosos y nos perdemos. Ayudar al pr\u00f3jimo no es nom\u00e1s soltar unas moneditas, es sobre todo dar todo. \u00a1Qu\u00e9! Bueno, seamos cuerdos, a\u00fan dentro de la locura. Pero por favor, acu\u00e9rdense de lo que dijo el monero Eko: \u201cAprovecha la oportunidad de utilizar al otro\u201d. \u00bfEntendimos?<br>Se las pongo f\u00e1cil, como escribi\u00f3 Enrique Canales, ha de ser f\u00e1cil morirse, todos han podido hacerlo.<br>No s\u00e9 a cuento y a cuenta de qu\u00e9 les suelto tanto rollo, quiz\u00e1s pa\u2019 no enfermarme de tanta necedad, pero realmente es porque me dio gusto enterarme de algo que parece insignificante; sin embargo, resulta muy muy muy importante lo siguiente que les comparto. Del Comunicado de la LXVI Legislatura local: \u201cSe une Congreso a campa\u00f1a de la asociaci\u00f3n Betito No Se Rinde\u201d; \u201cInauguran el contenedor para tapas de pl\u00e1stico, las cuales servir\u00e1n para gestionar tratamientos oncol\u00f3gicos\u201d.<br>Y dice as\u00ed en sus primeros dos p\u00e1rrafos: \u201cEste 28 de septiembre el Congreso del Estado se sum\u00f3 a la iniciativa de la asociaci\u00f3n \u201cBetito Meza no se Rinde\u201d e inaugur\u00f3 un contenedor que servir\u00e1 para el acopio de tapas de pl\u00e1stico a fin que con ellas puedan gestionarse los recursos o tratamientos para pacientes oncol\u00f3gicos infantiles.<br>\u201cEn el corte de list\u00f3n, el presidente de la Junta de Coordinaci\u00f3n Pol\u00edtica (Jucopo), diputado Juan Javier G\u00f3mez Cazar\u00edn, reconoci\u00f3 el esfuerzo y valent\u00eda de los ciudadanos Alberto Meza y Dulce G\u00f3mez, pap\u00e1 y mam\u00e1 de Betito, e invit\u00f3 a la plantilla de personal del Congreso local y a las y los ciudadanos en general a sumarse a esta noble causa y traer las tapas de pl\u00e1stico para depositarlas en este contenedor.\u201d<br>Bien. Ojal\u00e1, m\u00ednimo, sepamos escuchar. Me coment\u00f3 mi estimado Aurelio Asiain que quiz\u00e1 todos tenemos grandes ideas y no sabemos reconocerlas. Las dejamos pasar, inadvertidas. Pensamos distra\u00eddamente. Pensamos sin pensar.<br>He ah\u00ed el detalle.<\/p>\n\n\n\n<p><strong>Los d\u00edas y los temas<\/strong><\/p>\n\n\n\n<p>Me vino a la mente el libro Cuentos para entender el mundo, de Eloy Moreno, del cual les comparto \u201cAlgo he hecho\u201d:<br>Un hombre paseaba por la calle cuando, al girar la esquina, descubri\u00f3 a una ni\u00f1a pidiendo limosna en el suelo. La peque\u00f1a iba sucia, parec\u00eda hambrienta y no paraba de tiritar. Se aferraba a una vieja manta para entrar en calor.<br>Aquel hombre, al ver la escena exclam\u00f3:<br>-Se\u00f1or, \u00bfc\u00f3mo permites estas cosas? \u00bfPor qu\u00e9 no haces nada para ayudar a esa ni\u00f1a?<br>En cuanto gir\u00f3 la esquina escuch\u00f3 una voz:<br>-Claro que he hecho algo: te he hecho a ti.<\/p>\n\n\n\n<pre class=\"wp-block-code\"><code>Ah\u00ed nos hablan.<\/code><\/pre>\n\n\n\n<p><strong>De cinismo y anexas<\/strong><\/p>\n\n\n\n<p>En el mes d\u00e9cimo, pronto a terminarse el a\u00f1o \u2013\u00bfmatar el tiempo o el tiempo nos mata?-, les dejo lo siguiente pa\u2019 que no anden en malos pasos.<br>*Un ciego queda con otro amigo, tambi\u00e9n ciego, para tomar un caf\u00e9. Al rato, el primero saca un rallador de queso, se lo pasa al otro y dice: \u201cF\u00edjate, Ram\u00f3n, lo que me he encontrado hoy por la calle\u201d. El otro toca un poco el utensilio y contesta: \u201c\u00bfPero qui\u00e9n ha escrito esta tonter\u00eda?\u201d.<br>*Un hombre est\u00e1 hablando con Dios. \u201cDios, \u00bfcu\u00e1nto tiempo es un mill\u00f3n de a\u00f1os?\u201d. Dios responde: \u201cPara m\u00ed, es un minuto\u201d. \u201cDios, \u00bfcu\u00e1nto es un mill\u00f3n de pesos?\u201d. \u201cPara m\u00ed, es un centavo\u201d. \u201cDios, \u00bfme das un centavo?\u201d. \u201cEspera un minuto\u201d.<br>Hasta la pr\u00f3xima.<\/p>\n","protected":false},"excerpt":{"rendered":"<p>Jorge Arturo Rodr\u00edguezTierra de Babel Aperitivo: \u201cLa plaga de la p\u00e9rdida y del desperdicio de alimentos es tan alarmante y funesta como la tragedia del hambre que tan cruelmente aflige a la humanidad. Dos dramas juntos unidos por una \u00fanica ra\u00edz de fondo: la cultura imperante que ha llevado a desnaturalizar el valor del alimento, [&hellip;]<\/p>\n","protected":false},"author":2,"featured_media":0,"comment_status":"closed","ping_status":"closed","sticky":false,"template":"","format":"standard","meta":{"tdm_status":"","tdm_grid_status":"","footnotes":""},"categories":[70],"tags":[39457,2677,12695,1026,671,195],"class_list":{"0":"post-112337","1":"post","2":"type-post","3":"status-publish","4":"format-standard","6":"category-de-opinion","7":"tag-eloy-moreno","8":"tag-jorge-arturo-rodriguez","9":"tag-juan-javier-gomez-cazarin","10":"tag-morena","11":"tag-papa-francisco","12":"tag-veracruz"},"yoast_head":"<!-- This site is optimized with the Yoast SEO plugin v27.4 - https:\/\/yoast.com\/product\/yoast-seo-wordpress\/ -->\n<title>PENSAR SIN PENSAR - Los pol\u00edticos Veracruz<\/title>\n<meta name=\"robots\" content=\"index, follow, max-snippet:-1, max-image-preview:large, max-video-preview:-1\" \/>\n<link rel=\"canonical\" href=\"https:\/\/lospoliticosveracruz.com\/?p=112337\" \/>\n<meta property=\"og:locale\" content=\"es_ES\" \/>\n<meta property=\"og:type\" content=\"article\" \/>\n<meta property=\"og:title\" content=\"PENSAR SIN PENSAR - Los pol\u00edticos Veracruz\" \/>\n<meta property=\"og:description\" content=\"Jorge Arturo Rodr\u00edguezTierra de Babel Aperitivo: \u201cLa plaga de la p\u00e9rdida y del desperdicio de alimentos es tan alarmante y funesta como la tragedia del hambre que tan cruelmente aflige a la humanidad. Dos dramas juntos unidos por una \u00fanica ra\u00edz de fondo: la cultura imperante que ha llevado a desnaturalizar el valor del alimento, [&hellip;]\" \/>\n<meta property=\"og:url\" content=\"https:\/\/lospoliticosveracruz.com\/?p=112337\" \/>\n<meta property=\"og:site_name\" content=\"Los pol\u00edticos Veracruz\" \/>\n<meta property=\"article:publisher\" content=\"https:\/\/www.facebook.com\/people\/Notimemes-de-los-Polticos\/61565672886568\/\" \/>\n<meta property=\"article:published_time\" content=\"2023-10-02T16:03:58+00:00\" \/>\n<meta property=\"article:modified_time\" content=\"2023-10-02T16:04:05+00:00\" \/>\n<meta property=\"og:image\" content=\"https:\/\/lospoliticosveracruz.com\/wp-content\/uploads\/2016\/07\/Logo-Dor.jpg\" \/>\n\t<meta property=\"og:image:width\" content=\"200\" \/>\n\t<meta property=\"og:image:height\" content=\"200\" \/>\n\t<meta property=\"og:image:type\" content=\"image\/jpeg\" \/>\n<meta name=\"author\" content=\"Lo viste en Los Pol\u00edticos\" \/>\n<meta name=\"twitter:card\" content=\"summary_large_image\" \/>\n<meta name=\"twitter:creator\" content=\"@LosPoliticosVer\" \/>\n<meta name=\"twitter:site\" content=\"@LosPoliticosVer\" \/>\n<meta name=\"twitter:label1\" content=\"Escrito por\" \/>\n\t<meta name=\"twitter:data1\" content=\"Lo viste en Los Pol\u00edticos\" \/>\n\t<meta name=\"twitter:label2\" content=\"Tiempo de lectura\" \/>\n\t<meta name=\"twitter:data2\" content=\"4 minutos\" \/>\n<script type=\"application\/ld+json\" class=\"yoast-schema-graph\">{\"@context\":\"https:\\\/\\\/schema.org\",\"@graph\":[{\"@type\":\"Article\",\"@id\":\"https:\\\/\\\/lospoliticosveracruz.com\\\/?p=112337#article\",\"isPartOf\":{\"@id\":\"https:\\\/\\\/lospoliticosveracruz.com\\\/?p=112337\"},\"author\":{\"name\":\"Lo viste en Los Pol\u00edticos\",\"@id\":\"https:\\\/\\\/lospoliticosveracruz.com\\\/#\\\/schema\\\/person\\\/b8702bb0e538456e6efd07080bf2a4a2\"},\"headline\":\"PENSAR SIN PENSAR\",\"datePublished\":\"2023-10-02T16:03:58+00:00\",\"dateModified\":\"2023-10-02T16:04:05+00:00\",\"mainEntityOfPage\":{\"@id\":\"https:\\\/\\\/lospoliticosveracruz.com\\\/?p=112337\"},\"wordCount\":757,\"publisher\":{\"@id\":\"https:\\\/\\\/lospoliticosveracruz.com\\\/#organization\"},\"keywords\":[\"Eloy Moreno\",\"Jorge Arturo Rodr\u00edguez\",\"Juan Javier G\u00f3mez Cazar\u00edn\",\"Morena\",\"Papa Francisco\",\"Veracruz\"],\"articleSection\":[\"De Opini\u00f3n\"],\"inLanguage\":\"es\"},{\"@type\":\"WebPage\",\"@id\":\"https:\\\/\\\/lospoliticosveracruz.com\\\/?p=112337\",\"url\":\"https:\\\/\\\/lospoliticosveracruz.com\\\/?p=112337\",\"name\":\"PENSAR SIN PENSAR - Los pol\u00edticos Veracruz\",\"isPartOf\":{\"@id\":\"https:\\\/\\\/lospoliticosveracruz.com\\\/#website\"},\"datePublished\":\"2023-10-02T16:03:58+00:00\",\"dateModified\":\"2023-10-02T16:04:05+00:00\",\"breadcrumb\":{\"@id\":\"https:\\\/\\\/lospoliticosveracruz.com\\\/?p=112337#breadcrumb\"},\"inLanguage\":\"es\",\"potentialAction\":[{\"@type\":\"ReadAction\",\"target\":[\"https:\\\/\\\/lospoliticosveracruz.com\\\/?p=112337\"]}]},{\"@type\":\"BreadcrumbList\",\"@id\":\"https:\\\/\\\/lospoliticosveracruz.com\\\/?p=112337#breadcrumb\",\"itemListElement\":[{\"@type\":\"ListItem\",\"position\":1,\"name\":\"Portada\",\"item\":\"https:\\\/\\\/lospoliticosveracruz.com\\\/\"},{\"@type\":\"ListItem\",\"position\":2,\"name\":\"PENSAR SIN PENSAR\"}]},{\"@type\":\"WebSite\",\"@id\":\"https:\\\/\\\/lospoliticosveracruz.com\\\/#website\",\"url\":\"https:\\\/\\\/lospoliticosveracruz.com\\\/\",\"name\":\"Los pol\u00edticos Veracruz\",\"description\":\"\",\"publisher\":{\"@id\":\"https:\\\/\\\/lospoliticosveracruz.com\\\/#organization\"},\"potentialAction\":[{\"@type\":\"SearchAction\",\"target\":{\"@type\":\"EntryPoint\",\"urlTemplate\":\"https:\\\/\\\/lospoliticosveracruz.com\\\/?s={search_term_string}\"},\"query-input\":{\"@type\":\"PropertyValueSpecification\",\"valueRequired\":true,\"valueName\":\"search_term_string\"}}],\"inLanguage\":\"es\"},{\"@type\":\"Organization\",\"@id\":\"https:\\\/\\\/lospoliticosveracruz.com\\\/#organization\",\"name\":\"Los pol\u00edticos Veracruz\",\"url\":\"https:\\\/\\\/lospoliticosveracruz.com\\\/\",\"logo\":{\"@type\":\"ImageObject\",\"inLanguage\":\"es\",\"@id\":\"https:\\\/\\\/lospoliticosveracruz.com\\\/#\\\/schema\\\/logo\\\/image\\\/\",\"url\":\"https:\\\/\\\/lospoliticosveracruz.com\\\/wp-content\\\/uploads\\\/2025\\\/12\\\/Logo-Nuevo-LOS-POLITICOS-1.jpg\",\"contentUrl\":\"https:\\\/\\\/lospoliticosveracruz.com\\\/wp-content\\\/uploads\\\/2025\\\/12\\\/Logo-Nuevo-LOS-POLITICOS-1.jpg\",\"width\":260,\"height\":70,\"caption\":\"Los pol\u00edticos Veracruz\"},\"image\":{\"@id\":\"https:\\\/\\\/lospoliticosveracruz.com\\\/#\\\/schema\\\/logo\\\/image\\\/\"},\"sameAs\":[\"https:\\\/\\\/www.facebook.com\\\/people\\\/Notimemes-de-los-Polticos\\\/61565672886568\\\/\",\"https:\\\/\\\/x.com\\\/LosPoliticosVer\"]},{\"@type\":\"Person\",\"@id\":\"https:\\\/\\\/lospoliticosveracruz.com\\\/#\\\/schema\\\/person\\\/b8702bb0e538456e6efd07080bf2a4a2\",\"name\":\"Lo viste en Los Pol\u00edticos\",\"image\":{\"@type\":\"ImageObject\",\"inLanguage\":\"es\",\"@id\":\"https:\\\/\\\/secure.gravatar.com\\\/avatar\\\/3a8de04a2656d44082be478bd6c086daa447c4651605818287b9532d3d0bd435?s=96&d=mm&r=g\",\"url\":\"https:\\\/\\\/secure.gravatar.com\\\/avatar\\\/3a8de04a2656d44082be478bd6c086daa447c4651605818287b9532d3d0bd435?s=96&d=mm&r=g\",\"contentUrl\":\"https:\\\/\\\/secure.gravatar.com\\\/avatar\\\/3a8de04a2656d44082be478bd6c086daa447c4651605818287b9532d3d0bd435?s=96&d=mm&r=g\",\"caption\":\"Lo viste en Los Pol\u00edticos\"},\"url\":\"https:\\\/\\\/lospoliticosveracruz.com\\\/?author=2\"}]}<\/script>\n<!-- \/ Yoast SEO plugin. -->","yoast_head_json":{"title":"PENSAR SIN PENSAR - Los pol\u00edticos Veracruz","robots":{"index":"index","follow":"follow","max-snippet":"max-snippet:-1","max-image-preview":"max-image-preview:large","max-video-preview":"max-video-preview:-1"},"canonical":"https:\/\/lospoliticosveracruz.com\/?p=112337","og_locale":"es_ES","og_type":"article","og_title":"PENSAR SIN PENSAR - Los pol\u00edticos Veracruz","og_description":"Jorge Arturo Rodr\u00edguezTierra de Babel Aperitivo: \u201cLa plaga de la p\u00e9rdida y del desperdicio de alimentos es tan alarmante y funesta como la tragedia del hambre que tan cruelmente aflige a la humanidad. Dos dramas juntos unidos por una \u00fanica ra\u00edz de fondo: la cultura imperante que ha llevado a desnaturalizar el valor del alimento, [&hellip;]","og_url":"https:\/\/lospoliticosveracruz.com\/?p=112337","og_site_name":"Los pol\u00edticos Veracruz","article_publisher":"https:\/\/www.facebook.com\/people\/Notimemes-de-los-Polticos\/61565672886568\/","article_published_time":"2023-10-02T16:03:58+00:00","article_modified_time":"2023-10-02T16:04:05+00:00","og_image":[{"width":200,"height":200,"url":"https:\/\/lospoliticosveracruz.com\/wp-content\/uploads\/2016\/07\/Logo-Dor.jpg","type":"image\/jpeg"}],"author":"Lo viste en Los Pol\u00edticos","twitter_card":"summary_large_image","twitter_creator":"@LosPoliticosVer","twitter_site":"@LosPoliticosVer","twitter_misc":{"Escrito por":"Lo viste en Los Pol\u00edticos","Tiempo de lectura":"4 minutos"},"schema":{"@context":"https:\/\/schema.org","@graph":[{"@type":"Article","@id":"https:\/\/lospoliticosveracruz.com\/?p=112337#article","isPartOf":{"@id":"https:\/\/lospoliticosveracruz.com\/?p=112337"},"author":{"name":"Lo viste en Los Pol\u00edticos","@id":"https:\/\/lospoliticosveracruz.com\/#\/schema\/person\/b8702bb0e538456e6efd07080bf2a4a2"},"headline":"PENSAR SIN PENSAR","datePublished":"2023-10-02T16:03:58+00:00","dateModified":"2023-10-02T16:04:05+00:00","mainEntityOfPage":{"@id":"https:\/\/lospoliticosveracruz.com\/?p=112337"},"wordCount":757,"publisher":{"@id":"https:\/\/lospoliticosveracruz.com\/#organization"},"keywords":["Eloy Moreno","Jorge Arturo Rodr\u00edguez","Juan Javier G\u00f3mez Cazar\u00edn","Morena","Papa Francisco","Veracruz"],"articleSection":["De Opini\u00f3n"],"inLanguage":"es"},{"@type":"WebPage","@id":"https:\/\/lospoliticosveracruz.com\/?p=112337","url":"https:\/\/lospoliticosveracruz.com\/?p=112337","name":"PENSAR SIN PENSAR - Los pol\u00edticos Veracruz","isPartOf":{"@id":"https:\/\/lospoliticosveracruz.com\/#website"},"datePublished":"2023-10-02T16:03:58+00:00","dateModified":"2023-10-02T16:04:05+00:00","breadcrumb":{"@id":"https:\/\/lospoliticosveracruz.com\/?p=112337#breadcrumb"},"inLanguage":"es","potentialAction":[{"@type":"ReadAction","target":["https:\/\/lospoliticosveracruz.com\/?p=112337"]}]},{"@type":"BreadcrumbList","@id":"https:\/\/lospoliticosveracruz.com\/?p=112337#breadcrumb","itemListElement":[{"@type":"ListItem","position":1,"name":"Portada","item":"https:\/\/lospoliticosveracruz.com\/"},{"@type":"ListItem","position":2,"name":"PENSAR SIN PENSAR"}]},{"@type":"WebSite","@id":"https:\/\/lospoliticosveracruz.com\/#website","url":"https:\/\/lospoliticosveracruz.com\/","name":"Los pol\u00edticos Veracruz","description":"","publisher":{"@id":"https:\/\/lospoliticosveracruz.com\/#organization"},"potentialAction":[{"@type":"SearchAction","target":{"@type":"EntryPoint","urlTemplate":"https:\/\/lospoliticosveracruz.com\/?s={search_term_string}"},"query-input":{"@type":"PropertyValueSpecification","valueRequired":true,"valueName":"search_term_string"}}],"inLanguage":"es"},{"@type":"Organization","@id":"https:\/\/lospoliticosveracruz.com\/#organization","name":"Los pol\u00edticos Veracruz","url":"https:\/\/lospoliticosveracruz.com\/","logo":{"@type":"ImageObject","inLanguage":"es","@id":"https:\/\/lospoliticosveracruz.com\/#\/schema\/logo\/image\/","url":"https:\/\/lospoliticosveracruz.com\/wp-content\/uploads\/2025\/12\/Logo-Nuevo-LOS-POLITICOS-1.jpg","contentUrl":"https:\/\/lospoliticosveracruz.com\/wp-content\/uploads\/2025\/12\/Logo-Nuevo-LOS-POLITICOS-1.jpg","width":260,"height":70,"caption":"Los pol\u00edticos Veracruz"},"image":{"@id":"https:\/\/lospoliticosveracruz.com\/#\/schema\/logo\/image\/"},"sameAs":["https:\/\/www.facebook.com\/people\/Notimemes-de-los-Polticos\/61565672886568\/","https:\/\/x.com\/LosPoliticosVer"]},{"@type":"Person","@id":"https:\/\/lospoliticosveracruz.com\/#\/schema\/person\/b8702bb0e538456e6efd07080bf2a4a2","name":"Lo viste en Los Pol\u00edticos","image":{"@type":"ImageObject","inLanguage":"es","@id":"https:\/\/secure.gravatar.com\/avatar\/3a8de04a2656d44082be478bd6c086daa447c4651605818287b9532d3d0bd435?s=96&d=mm&r=g","url":"https:\/\/secure.gravatar.com\/avatar\/3a8de04a2656d44082be478bd6c086daa447c4651605818287b9532d3d0bd435?s=96&d=mm&r=g","contentUrl":"https:\/\/secure.gravatar.com\/avatar\/3a8de04a2656d44082be478bd6c086daa447c4651605818287b9532d3d0bd435?s=96&d=mm&r=g","caption":"Lo viste en Los Pol\u00edticos"},"url":"https:\/\/lospoliticosveracruz.com\/?author=2"}]}},"_links":{"self":[{"href":"https:\/\/lospoliticosveracruz.com\/index.php?rest_route=\/wp\/v2\/posts\/112337","targetHints":{"allow":["GET"]}}],"collection":[{"href":"https:\/\/lospoliticosveracruz.com\/index.php?rest_route=\/wp\/v2\/posts"}],"about":[{"href":"https:\/\/lospoliticosveracruz.com\/index.php?rest_route=\/wp\/v2\/types\/post"}],"author":[{"embeddable":true,"href":"https:\/\/lospoliticosveracruz.com\/index.php?rest_route=\/wp\/v2\/users\/2"}],"replies":[{"embeddable":true,"href":"https:\/\/lospoliticosveracruz.com\/index.php?rest_route=%2Fwp%2Fv2%2Fcomments&post=112337"}],"version-history":[{"count":1,"href":"https:\/\/lospoliticosveracruz.com\/index.php?rest_route=\/wp\/v2\/posts\/112337\/revisions"}],"predecessor-version":[{"id":112338,"href":"https:\/\/lospoliticosveracruz.com\/index.php?rest_route=\/wp\/v2\/posts\/112337\/revisions\/112338"}],"wp:attachment":[{"href":"https:\/\/lospoliticosveracruz.com\/index.php?rest_route=%2Fwp%2Fv2%2Fmedia&parent=112337"}],"wp:term":[{"taxonomy":"category","embeddable":true,"href":"https:\/\/lospoliticosveracruz.com\/index.php?rest_route=%2Fwp%2Fv2%2Fcategories&post=112337"},{"taxonomy":"post_tag","embeddable":true,"href":"https:\/\/lospoliticosveracruz.com\/index.php?rest_route=%2Fwp%2Fv2%2Ftags&post=112337"}],"curies":[{"name":"wp","href":"https:\/\/api.w.org\/{rel}","templated":true}]}}