{"id":112339,"date":"2023-10-02T11:36:40","date_gmt":"2023-10-02T16:36:40","guid":{"rendered":"https:\/\/lospoliticosveracruz.com.mx\/?p=112339"},"modified":"2023-10-02T11:36:50","modified_gmt":"2023-10-02T16:36:50","slug":"2-de-octubre-antiautoritario","status":"publish","type":"post","link":"https:\/\/lospoliticosveracruz.com\/?p=112339","title":{"rendered":"2 DE OCTUBRE: ANTIAUTORITARIO"},"content":{"rendered":"\n<p><strong>Inocencio Y\u00e1\u00f1ez Vicencio<\/strong><\/p>\n\n\n\n<p>Apenas este s\u00e1bado 30 de septiembre dec\u00eda yo ante un grupo de distinguidos polit\u00e9cnicos, que nuestras opiniones no pueden ser propias, sencillamente porque nadie tiene una opini\u00f3n propia, porque desde que abandonamos el vientre, somos todos seres sociales, como bien lo afirmara Arist\u00f3teles. Por eso en su libro La Pol\u00edtica, dice que la ciudad hace al hombre y no el hombre a la ciudad. Fuera de ella \u00fanicamente hay dioses o bestias.<\/p>\n\n\n<div class=\"wp-block-image\">\n<figure class=\"alignleft size-medium\"><a href=\"https:\/\/lospoliticosveracruz.com.mx\/wp-content\/uploads\/2021\/10\/WhatsApp-Image-2021-10-02-at-15.20.25.jpeg\"><img loading=\"lazy\" decoding=\"async\" width=\"212\" height=\"300\" src=\"https:\/\/lospoliticosveracruz.com.mx\/wp-content\/uploads\/2021\/10\/WhatsApp-Image-2021-10-02-at-15.20.25-212x300.jpeg\" alt=\"\" class=\"wp-image-80177\" srcset=\"https:\/\/lospoliticosveracruz.com\/wp-content\/uploads\/2021\/10\/WhatsApp-Image-2021-10-02-at-15.20.25-212x300.jpeg 212w, https:\/\/lospoliticosveracruz.com\/wp-content\/uploads\/2021\/10\/WhatsApp-Image-2021-10-02-at-15.20.25-724x1024.jpeg 724w, https:\/\/lospoliticosveracruz.com\/wp-content\/uploads\/2021\/10\/WhatsApp-Image-2021-10-02-at-15.20.25-768x1086.jpeg 768w, https:\/\/lospoliticosveracruz.com\/wp-content\/uploads\/2021\/10\/WhatsApp-Image-2021-10-02-at-15.20.25.jpeg 905w\" sizes=\"auto, (max-width: 212px) 100vw, 212px\" \/><\/a><\/figure>\n<\/div>\n\n\n<p>Un hombre aislado no existe, porque la b\u00fasqueda de sus alimentos lo pone en contacto con un medio que influye en \u00e9l, como lo demostr\u00f3 emp\u00edricamente Montesquieu. Salvo el libro once de su \u201cEl Esp\u00edritu de las Leyes\u201d, es un trabajo pionero de geopol\u00edtica. Menos partimos de cero. Con raz\u00f3n sol\u00eda repetir Newton, el aforismo de que somos \u00abenanos encaramados en hombros de gigantes\u00bb, que aunque muchos se lo adjudican, no es suyo sino de Bernard de Chartres. En las tabernas es muy com\u00fan escuchar \u00aba m\u00ed nadie me va a imponer una opini\u00f3n, porque yo tengo mi propia opini\u00f3n\u00bb. Es pat\u00e9tico, porque la verdad es que ni siquiera esa persona se dio cuenta la hora en que perdi\u00f3 su virginidad intelectual y tiene un pensamiento promiscuo.<\/p>\n\n\n\n<p>Casi siempre detr\u00e1s de estos desplantes se esconden ignorancias que los documentos acad\u00e9micos no pueden ocultar y se quieren conjurar con necedades y nada peor que necedades, que como dice el refr\u00e1n: a palabras necias, o\u00eddos sordos o aquel de que no hay peor sordo que el que no quiere escuchar. Fernando Savater, advert\u00eda que solamente los locos salen sin aprender nada de un dialogo, pero le falt\u00f3 agregar: de un dialogo reglado, al menos que se refiera a que de un dialogo babeliano, se aprende a no hacer lo mismo que nuestro interlocutor si es que realmente queremos aprender y a aprovechar el tiempo. Una cascada de palabrer\u00edas puestas y superpuestas s\u00f3lo puede servir de cortina para ocultar sofismas.<\/p>\n\n\n\n<p>Un pensamiento mientras no se externe no se puede enjuiciar, hacerlo ser\u00eda invadir la mente, porque est\u00e1 en su casa, pero en cuanto sale, en cuanto se externa, se somete al escrutinio y puede ser desmontado y para ser armado de otra forma o servir de pauta si en su contrataci\u00f3n tiene sale bien librado, no sea refutado. Las interpretaciones de los hechos se dice que dependen del \u00e1ngulo en que se miren, sin embargo, m\u00e1s que eso dependen del material, elementos y m\u00e9todo que nos alleguemos. Por eso hay varias interpretaciones de un mismo hecho, que dependen, adem\u00e1s de los datos de que dispongamos, va a depender de como los ordenemos, clasifiquemos, veamos similitudes y diferencias y sobre todo, los verifiquemos. De ah\u00ed que haya conocimiento revelado, conocimiento intuitivo, conocimiento emp\u00edrico, conocimiento especulativo, conocimiento cient\u00edfico\u2026 El conocimiento revelado lo pondr\u00eda entre comillas porque ese no es social, es propiedad del elegido, es suyo y de nadie m\u00e1s, es su verdad, es su dogma y los dogmas no se discuten, pertenecen a la escol\u00e1stica.<\/p>\n\n\n\n<p>Sobre el Movimiento del 68 tenemos muchos testimonios. Van de simples narraciones hasta posturas anal\u00edticas. No empleo habitualmente la palabra opini\u00f3n, por aquella calificaci\u00f3n que Plat\u00f3n hac\u00eda de ella, como intermedia entre verdad y falsedad. Para mi tanto la historia como narraci\u00f3n como la historia como m\u00e9todo son importantes. La segunda no tendr\u00eda material con qu\u00e9 trabajar sin la primera. Es indiscutible que lo particular es m\u00e1s rico que lo general, pero nos ahogaremos en el mundo de lo particular sin la sistematizaci\u00f3n. Sistematizaci\u00f3n y articulaci\u00f3n, es decir, relacionar los hechos, examinar sus nexos y conexiones.<br>Es imperioso atreverse a recepcionar todas las propuestas porque hoy est\u00e1 demostrado que se aprende m\u00e1s de la cr\u00edtica que del halago. El halago nos encierra en el surrealismo y nos impide rectificar.<\/p>\n\n\n\n<p>Gilberto Guevara Niebla, uno de los l\u00edderes m\u00e1s cr\u00edticos y autocr\u00edticos del Movimiento del 68, ya se dio a la tarea de pasar lista sobre la m\u00e1s relevante literatura sobre esta gesta. Sobre La Noche de Tlatelolco de Elena Poniatowsca, dice: El m\u00e9rito fue denunciar la masacre de Tlatelolco, su debilidad es incurrir con frecuencia en imprecisiones, superficialidad, amarillismo e incluso falsedades. Del libro de Luis Gonz\u00e1lez de Alba Los A\u00f1os y los D\u00edas, sostiene que: la virtud reside en su calidad de testimonio personal, aunque nunca profundiza en el an\u00e1lisis pol\u00edtico; la recreaci\u00f3n literaria hace m\u00e1s atractiva la lectura pero no aumenta su capacidad explicativa. (Su segundo libro: 1968 Largo camino a la democracia. Ediciones Cal y Arena. M\u00e9xico. 2008).<br>Sigue Gilberto con su repaso sobre los trabajos de este Movimiento hasta llegar por los que han tenido como prop\u00f3sito absolver a D\u00edaz Ordaz, Echeverr\u00eda y al general Garc\u00eda Barrag\u00e1n.<\/p>\n\n\n\n<p>Todav\u00eda hace falta mucho por escudri\u00f1ar sobre esta lucha estudiantil. Gilberto pone sobre la mesa de discusi\u00f3n dos cosas importantes. La batalla que se especific\u00f3 entre la corriente reformista y entre la corriente radical. Tomo de \u00e9l la conclusi\u00f3n de que el Movimiento del 68, es una lucha antiautoritaria.<\/p>\n\n\n\n<p>El Movimiento: Fue juego, ejercicio de autoafirmaci\u00f3n, construcci\u00f3n de la propia personalidad, discursos sinceros y demag\u00f3gicos, lucha, afecto, sexo, romance, trampas tendidas por la polic\u00eda y el ej\u00e9rcito, provocadores y p\u00edcaros, vagos y porros, etc\u00e9tera. Pero no se puede negar que el del 68 fue, ante todo, un movimiento pol\u00edtico de orientaci\u00f3n antiautoritaria.<br>Es lapidario cuando afirma que; La verdad es que fue realizado por masas pol\u00edticamente analfabetas. No hay duda.<br>Reconoce que: no tenemos una verdad irrefutable o \u00abcient\u00edfica\u00bb: las fuerzas dominantes (el PRI y el PAN) se han opuesto categ\u00f3ricamente a una investigaci\u00f3n; las iniciativas al respecto han sido parciales y en ocasiones simples mascaradas (como en el caso de la fiscal\u00eda creada por Vicente Fox).<br>La voz de Gilberto Guevara Niebla, sin temor a equivocaci\u00f3n, es una de las m\u00e1s autorizadas por eso he querido divulgar puntos de vista suyos, que pueden ayudar a desatar nudos sobre la lucha estudiantil.<\/p>\n\n\n\n<p>Recuerdo el reclamo de Porfirio Mu\u00f1oz Ledo, en el sentido de que es fundamental que esta batalla no se utilice para olvidarnos de las luchas de los campesinos, ferrocarrileros, maestros, m\u00e9dicos\u2026<br>Es hora ya que indaguemos sobre los personajes e intereses que intervinieron en el Movimiento del 68. S\u00e1nchez Celis, Corona del Rosal, Emilio Mart\u00ednez M., Alfonso Mart\u00ednez Dom\u00ednguez, Jes\u00fas Robles Mart\u00ednez, Garc\u00eda Barrag\u00e1n, Barrios Sierra\u2026<\/p>\n\n\n\n<p>\u00bfQu\u00e9 pretenden algunos universitarios al decir que el Movimiento inici\u00f3 con una refriega entre Voca 5 y prepa 4? Eso es falso. El Movimiento tiene origen en un enfrentamiento entre la escuela donde yo estudiaba, Voca 5 y la Preparatoria particular Isaac Ochoterena, el 23 de julio, sofocada por granaderos. La marcha que pretend\u00edamos organizar con Panchito Hern\u00e1ndez (originario de Jaltipan, Ver.) de Voca 2 y otros para repudiar la intromisi\u00f3n de granaderos al Polit\u00e9cnico, que el mismo d\u00eda se iba a realizar, por lluvia, se suspende y se pospone para el 26. El 26 de julio de 1968, del Monumento a la Revoluci\u00f3n al Cuadrilatero del Casco de Santo Tom\u00e1s, se realiza la marcha de protesta contra la polic\u00eda. Al pretender dispersarla, se sube Efra\u00edn Garc\u00eda Reyes y le pide a los estudiantes que vayan al Hemiciclo Ju\u00e1rez para sumarse a la marcha que organiza la juventud comunista (CNED) que part\u00eda del Salto del Agua a la Monumento a Ju\u00e1rez de la Alameda Central, conmemorando la Revoluci\u00f3n cubana.<\/p>\n\n\n\n<p>Ah\u00ed todos son arengados para marchar hacia el Z\u00f3calo. Al llegar a las calles de Palma, son recibidos a golpes por la polic\u00eda. La UNAM entra hasta el bazucaso que derriba la puerta de la prepa de San Idelfonso, que da lugar a la marcha de desagravio que organiza el rector Barrios Sierra, empujado por el Consejo Universitario y por su rencor por haber disputado sin \u00e9xito con D\u00edaz Ordaz, la silla presidencial. As\u00ed se incorpora la M\u00e1xima Casa de Estudios. Pero que claro. El Movimiento del 68 se inicia y lo inicia el IPN.<\/p>\n\n\n\n<p>La acci\u00f3n directa y los muertos los puso el Polit\u00e9cnico. La Plaza de las Tres Culturas donde se perpetr\u00f3 la masacre, es pr\u00e1cticamente la explanada de la Vocacional 7, que como castigo la trasladaron a una ciudad p\u00e9rdida de Iztapalapa.<br>Estamos en nuestro derecho de discrepar, pero no olvidemos, se aprende m\u00e1s de la cr\u00edtica que de los halagos.<br>Hoy, como bien lo dijo, Gilberto Guevara, al romper con Amlo, el gobierno de Morena, ha traicionado los ideales del Movimiento del 68, por eso tiene vigencia su ideario antiautoritario, para retomar sus banderas de libertad y de justicia<\/p>\n","protected":false},"excerpt":{"rendered":"<p>Inocencio Y\u00e1\u00f1ez Vicencio Apenas este s\u00e1bado 30 de septiembre dec\u00eda yo ante un grupo de distinguidos polit\u00e9cnicos, que nuestras opiniones no pueden ser propias, sencillamente porque nadie tiene una opini\u00f3n propia, porque desde que abandonamos el vientre, somos todos seres sociales, como bien lo afirmara Arist\u00f3teles. Por eso en su libro La Pol\u00edtica, dice que [&hellip;]<\/p>\n","protected":false},"author":2,"featured_media":0,"comment_status":"closed","ping_status":"closed","sticky":false,"template":"","format":"standard","meta":{"tdm_status":"","tdm_grid_status":"","footnotes":""},"categories":[70],"tags":[8256],"class_list":{"0":"post-112339","1":"post","2":"type-post","3":"status-publish","4":"format-standard","6":"category-de-opinion","7":"tag-inocencio-yanez-vicencio"},"yoast_head":"<!-- This site is optimized with the Yoast SEO plugin v27.4 - https:\/\/yoast.com\/product\/yoast-seo-wordpress\/ -->\n<title>2 DE OCTUBRE: ANTIAUTORITARIO - Los pol\u00edticos Veracruz<\/title>\n<meta name=\"robots\" content=\"index, follow, max-snippet:-1, max-image-preview:large, max-video-preview:-1\" \/>\n<link rel=\"canonical\" href=\"https:\/\/lospoliticosveracruz.com\/?p=112339\" \/>\n<meta property=\"og:locale\" content=\"es_ES\" \/>\n<meta property=\"og:type\" content=\"article\" \/>\n<meta property=\"og:title\" content=\"2 DE OCTUBRE: ANTIAUTORITARIO - Los pol\u00edticos Veracruz\" \/>\n<meta property=\"og:description\" content=\"Inocencio Y\u00e1\u00f1ez Vicencio Apenas este s\u00e1bado 30 de septiembre dec\u00eda yo ante un grupo de distinguidos polit\u00e9cnicos, que nuestras opiniones no pueden ser propias, sencillamente porque nadie tiene una opini\u00f3n propia, porque desde que abandonamos el vientre, somos todos seres sociales, como bien lo afirmara Arist\u00f3teles. Por eso en su libro La Pol\u00edtica, dice que [&hellip;]\" \/>\n<meta property=\"og:url\" content=\"https:\/\/lospoliticosveracruz.com\/?p=112339\" \/>\n<meta property=\"og:site_name\" content=\"Los pol\u00edticos Veracruz\" \/>\n<meta property=\"article:publisher\" content=\"https:\/\/www.facebook.com\/people\/Notimemes-de-los-Polticos\/61565672886568\/\" \/>\n<meta property=\"article:published_time\" content=\"2023-10-02T16:36:40+00:00\" \/>\n<meta property=\"article:modified_time\" content=\"2023-10-02T16:36:50+00:00\" \/>\n<meta property=\"og:image\" content=\"https:\/\/lospoliticosveracruz.com.mx\/wp-content\/uploads\/2021\/10\/WhatsApp-Image-2021-10-02-at-15.20.25-212x300.jpeg\" \/>\n<meta name=\"author\" content=\"Lo viste en Los Pol\u00edticos\" \/>\n<meta name=\"twitter:card\" content=\"summary_large_image\" \/>\n<meta name=\"twitter:creator\" content=\"@LosPoliticosVer\" \/>\n<meta name=\"twitter:site\" content=\"@LosPoliticosVer\" \/>\n<meta name=\"twitter:label1\" content=\"Escrito por\" \/>\n\t<meta name=\"twitter:data1\" content=\"Lo viste en Los Pol\u00edticos\" \/>\n\t<meta name=\"twitter:label2\" content=\"Tiempo de lectura\" \/>\n\t<meta name=\"twitter:data2\" content=\"8 minutos\" \/>\n<script type=\"application\/ld+json\" class=\"yoast-schema-graph\">{\"@context\":\"https:\\\/\\\/schema.org\",\"@graph\":[{\"@type\":\"Article\",\"@id\":\"https:\\\/\\\/lospoliticosveracruz.com\\\/?p=112339#article\",\"isPartOf\":{\"@id\":\"https:\\\/\\\/lospoliticosveracruz.com\\\/?p=112339\"},\"author\":{\"name\":\"Lo viste en Los Pol\u00edticos\",\"@id\":\"https:\\\/\\\/lospoliticosveracruz.com\\\/#\\\/schema\\\/person\\\/b8702bb0e538456e6efd07080bf2a4a2\"},\"headline\":\"2 DE OCTUBRE: ANTIAUTORITARIO\",\"datePublished\":\"2023-10-02T16:36:40+00:00\",\"dateModified\":\"2023-10-02T16:36:50+00:00\",\"mainEntityOfPage\":{\"@id\":\"https:\\\/\\\/lospoliticosveracruz.com\\\/?p=112339\"},\"wordCount\":1511,\"publisher\":{\"@id\":\"https:\\\/\\\/lospoliticosveracruz.com\\\/#organization\"},\"image\":{\"@id\":\"https:\\\/\\\/lospoliticosveracruz.com\\\/?p=112339#primaryimage\"},\"thumbnailUrl\":\"https:\\\/\\\/lospoliticosveracruz.com.mx\\\/wp-content\\\/uploads\\\/2021\\\/10\\\/WhatsApp-Image-2021-10-02-at-15.20.25-212x300.jpeg\",\"keywords\":[\"Inocencio Y\u00e1\u00f1ez Vicencio\"],\"articleSection\":[\"De Opini\u00f3n\"],\"inLanguage\":\"es\"},{\"@type\":\"WebPage\",\"@id\":\"https:\\\/\\\/lospoliticosveracruz.com\\\/?p=112339\",\"url\":\"https:\\\/\\\/lospoliticosveracruz.com\\\/?p=112339\",\"name\":\"2 DE OCTUBRE: ANTIAUTORITARIO - Los pol\u00edticos Veracruz\",\"isPartOf\":{\"@id\":\"https:\\\/\\\/lospoliticosveracruz.com\\\/#website\"},\"primaryImageOfPage\":{\"@id\":\"https:\\\/\\\/lospoliticosveracruz.com\\\/?p=112339#primaryimage\"},\"image\":{\"@id\":\"https:\\\/\\\/lospoliticosveracruz.com\\\/?p=112339#primaryimage\"},\"thumbnailUrl\":\"https:\\\/\\\/lospoliticosveracruz.com.mx\\\/wp-content\\\/uploads\\\/2021\\\/10\\\/WhatsApp-Image-2021-10-02-at-15.20.25-212x300.jpeg\",\"datePublished\":\"2023-10-02T16:36:40+00:00\",\"dateModified\":\"2023-10-02T16:36:50+00:00\",\"breadcrumb\":{\"@id\":\"https:\\\/\\\/lospoliticosveracruz.com\\\/?p=112339#breadcrumb\"},\"inLanguage\":\"es\",\"potentialAction\":[{\"@type\":\"ReadAction\",\"target\":[\"https:\\\/\\\/lospoliticosveracruz.com\\\/?p=112339\"]}]},{\"@type\":\"ImageObject\",\"inLanguage\":\"es\",\"@id\":\"https:\\\/\\\/lospoliticosveracruz.com\\\/?p=112339#primaryimage\",\"url\":\"https:\\\/\\\/lospoliticosveracruz.com.mx\\\/wp-content\\\/uploads\\\/2021\\\/10\\\/WhatsApp-Image-2021-10-02-at-15.20.25-212x300.jpeg\",\"contentUrl\":\"https:\\\/\\\/lospoliticosveracruz.com.mx\\\/wp-content\\\/uploads\\\/2021\\\/10\\\/WhatsApp-Image-2021-10-02-at-15.20.25-212x300.jpeg\"},{\"@type\":\"BreadcrumbList\",\"@id\":\"https:\\\/\\\/lospoliticosveracruz.com\\\/?p=112339#breadcrumb\",\"itemListElement\":[{\"@type\":\"ListItem\",\"position\":1,\"name\":\"Portada\",\"item\":\"https:\\\/\\\/lospoliticosveracruz.com\\\/\"},{\"@type\":\"ListItem\",\"position\":2,\"name\":\"2 DE OCTUBRE: ANTIAUTORITARIO\"}]},{\"@type\":\"WebSite\",\"@id\":\"https:\\\/\\\/lospoliticosveracruz.com\\\/#website\",\"url\":\"https:\\\/\\\/lospoliticosveracruz.com\\\/\",\"name\":\"Los pol\u00edticos Veracruz\",\"description\":\"\",\"publisher\":{\"@id\":\"https:\\\/\\\/lospoliticosveracruz.com\\\/#organization\"},\"potentialAction\":[{\"@type\":\"SearchAction\",\"target\":{\"@type\":\"EntryPoint\",\"urlTemplate\":\"https:\\\/\\\/lospoliticosveracruz.com\\\/?s={search_term_string}\"},\"query-input\":{\"@type\":\"PropertyValueSpecification\",\"valueRequired\":true,\"valueName\":\"search_term_string\"}}],\"inLanguage\":\"es\"},{\"@type\":\"Organization\",\"@id\":\"https:\\\/\\\/lospoliticosveracruz.com\\\/#organization\",\"name\":\"Los pol\u00edticos Veracruz\",\"url\":\"https:\\\/\\\/lospoliticosveracruz.com\\\/\",\"logo\":{\"@type\":\"ImageObject\",\"inLanguage\":\"es\",\"@id\":\"https:\\\/\\\/lospoliticosveracruz.com\\\/#\\\/schema\\\/logo\\\/image\\\/\",\"url\":\"https:\\\/\\\/lospoliticosveracruz.com\\\/wp-content\\\/uploads\\\/2025\\\/12\\\/Logo-Nuevo-LOS-POLITICOS-1.jpg\",\"contentUrl\":\"https:\\\/\\\/lospoliticosveracruz.com\\\/wp-content\\\/uploads\\\/2025\\\/12\\\/Logo-Nuevo-LOS-POLITICOS-1.jpg\",\"width\":260,\"height\":70,\"caption\":\"Los pol\u00edticos Veracruz\"},\"image\":{\"@id\":\"https:\\\/\\\/lospoliticosveracruz.com\\\/#\\\/schema\\\/logo\\\/image\\\/\"},\"sameAs\":[\"https:\\\/\\\/www.facebook.com\\\/people\\\/Notimemes-de-los-Polticos\\\/61565672886568\\\/\",\"https:\\\/\\\/x.com\\\/LosPoliticosVer\"]},{\"@type\":\"Person\",\"@id\":\"https:\\\/\\\/lospoliticosveracruz.com\\\/#\\\/schema\\\/person\\\/b8702bb0e538456e6efd07080bf2a4a2\",\"name\":\"Lo viste en Los Pol\u00edticos\",\"image\":{\"@type\":\"ImageObject\",\"inLanguage\":\"es\",\"@id\":\"https:\\\/\\\/secure.gravatar.com\\\/avatar\\\/3a8de04a2656d44082be478bd6c086daa447c4651605818287b9532d3d0bd435?s=96&d=mm&r=g\",\"url\":\"https:\\\/\\\/secure.gravatar.com\\\/avatar\\\/3a8de04a2656d44082be478bd6c086daa447c4651605818287b9532d3d0bd435?s=96&d=mm&r=g\",\"contentUrl\":\"https:\\\/\\\/secure.gravatar.com\\\/avatar\\\/3a8de04a2656d44082be478bd6c086daa447c4651605818287b9532d3d0bd435?s=96&d=mm&r=g\",\"caption\":\"Lo viste en Los Pol\u00edticos\"},\"url\":\"https:\\\/\\\/lospoliticosveracruz.com\\\/?author=2\"}]}<\/script>\n<!-- \/ Yoast SEO plugin. -->","yoast_head_json":{"title":"2 DE OCTUBRE: ANTIAUTORITARIO - Los pol\u00edticos Veracruz","robots":{"index":"index","follow":"follow","max-snippet":"max-snippet:-1","max-image-preview":"max-image-preview:large","max-video-preview":"max-video-preview:-1"},"canonical":"https:\/\/lospoliticosveracruz.com\/?p=112339","og_locale":"es_ES","og_type":"article","og_title":"2 DE OCTUBRE: ANTIAUTORITARIO - Los pol\u00edticos Veracruz","og_description":"Inocencio Y\u00e1\u00f1ez Vicencio Apenas este s\u00e1bado 30 de septiembre dec\u00eda yo ante un grupo de distinguidos polit\u00e9cnicos, que nuestras opiniones no pueden ser propias, sencillamente porque nadie tiene una opini\u00f3n propia, porque desde que abandonamos el vientre, somos todos seres sociales, como bien lo afirmara Arist\u00f3teles. Por eso en su libro La Pol\u00edtica, dice que [&hellip;]","og_url":"https:\/\/lospoliticosveracruz.com\/?p=112339","og_site_name":"Los pol\u00edticos Veracruz","article_publisher":"https:\/\/www.facebook.com\/people\/Notimemes-de-los-Polticos\/61565672886568\/","article_published_time":"2023-10-02T16:36:40+00:00","article_modified_time":"2023-10-02T16:36:50+00:00","og_image":[{"url":"https:\/\/lospoliticosveracruz.com.mx\/wp-content\/uploads\/2021\/10\/WhatsApp-Image-2021-10-02-at-15.20.25-212x300.jpeg","type":"","width":"","height":""}],"author":"Lo viste en Los Pol\u00edticos","twitter_card":"summary_large_image","twitter_creator":"@LosPoliticosVer","twitter_site":"@LosPoliticosVer","twitter_misc":{"Escrito por":"Lo viste en Los Pol\u00edticos","Tiempo de lectura":"8 minutos"},"schema":{"@context":"https:\/\/schema.org","@graph":[{"@type":"Article","@id":"https:\/\/lospoliticosveracruz.com\/?p=112339#article","isPartOf":{"@id":"https:\/\/lospoliticosveracruz.com\/?p=112339"},"author":{"name":"Lo viste en Los Pol\u00edticos","@id":"https:\/\/lospoliticosveracruz.com\/#\/schema\/person\/b8702bb0e538456e6efd07080bf2a4a2"},"headline":"2 DE OCTUBRE: ANTIAUTORITARIO","datePublished":"2023-10-02T16:36:40+00:00","dateModified":"2023-10-02T16:36:50+00:00","mainEntityOfPage":{"@id":"https:\/\/lospoliticosveracruz.com\/?p=112339"},"wordCount":1511,"publisher":{"@id":"https:\/\/lospoliticosveracruz.com\/#organization"},"image":{"@id":"https:\/\/lospoliticosveracruz.com\/?p=112339#primaryimage"},"thumbnailUrl":"https:\/\/lospoliticosveracruz.com.mx\/wp-content\/uploads\/2021\/10\/WhatsApp-Image-2021-10-02-at-15.20.25-212x300.jpeg","keywords":["Inocencio Y\u00e1\u00f1ez Vicencio"],"articleSection":["De Opini\u00f3n"],"inLanguage":"es"},{"@type":"WebPage","@id":"https:\/\/lospoliticosveracruz.com\/?p=112339","url":"https:\/\/lospoliticosveracruz.com\/?p=112339","name":"2 DE OCTUBRE: ANTIAUTORITARIO - Los pol\u00edticos Veracruz","isPartOf":{"@id":"https:\/\/lospoliticosveracruz.com\/#website"},"primaryImageOfPage":{"@id":"https:\/\/lospoliticosveracruz.com\/?p=112339#primaryimage"},"image":{"@id":"https:\/\/lospoliticosveracruz.com\/?p=112339#primaryimage"},"thumbnailUrl":"https:\/\/lospoliticosveracruz.com.mx\/wp-content\/uploads\/2021\/10\/WhatsApp-Image-2021-10-02-at-15.20.25-212x300.jpeg","datePublished":"2023-10-02T16:36:40+00:00","dateModified":"2023-10-02T16:36:50+00:00","breadcrumb":{"@id":"https:\/\/lospoliticosveracruz.com\/?p=112339#breadcrumb"},"inLanguage":"es","potentialAction":[{"@type":"ReadAction","target":["https:\/\/lospoliticosveracruz.com\/?p=112339"]}]},{"@type":"ImageObject","inLanguage":"es","@id":"https:\/\/lospoliticosveracruz.com\/?p=112339#primaryimage","url":"https:\/\/lospoliticosveracruz.com.mx\/wp-content\/uploads\/2021\/10\/WhatsApp-Image-2021-10-02-at-15.20.25-212x300.jpeg","contentUrl":"https:\/\/lospoliticosveracruz.com.mx\/wp-content\/uploads\/2021\/10\/WhatsApp-Image-2021-10-02-at-15.20.25-212x300.jpeg"},{"@type":"BreadcrumbList","@id":"https:\/\/lospoliticosveracruz.com\/?p=112339#breadcrumb","itemListElement":[{"@type":"ListItem","position":1,"name":"Portada","item":"https:\/\/lospoliticosveracruz.com\/"},{"@type":"ListItem","position":2,"name":"2 DE OCTUBRE: ANTIAUTORITARIO"}]},{"@type":"WebSite","@id":"https:\/\/lospoliticosveracruz.com\/#website","url":"https:\/\/lospoliticosveracruz.com\/","name":"Los pol\u00edticos Veracruz","description":"","publisher":{"@id":"https:\/\/lospoliticosveracruz.com\/#organization"},"potentialAction":[{"@type":"SearchAction","target":{"@type":"EntryPoint","urlTemplate":"https:\/\/lospoliticosveracruz.com\/?s={search_term_string}"},"query-input":{"@type":"PropertyValueSpecification","valueRequired":true,"valueName":"search_term_string"}}],"inLanguage":"es"},{"@type":"Organization","@id":"https:\/\/lospoliticosveracruz.com\/#organization","name":"Los pol\u00edticos Veracruz","url":"https:\/\/lospoliticosveracruz.com\/","logo":{"@type":"ImageObject","inLanguage":"es","@id":"https:\/\/lospoliticosveracruz.com\/#\/schema\/logo\/image\/","url":"https:\/\/lospoliticosveracruz.com\/wp-content\/uploads\/2025\/12\/Logo-Nuevo-LOS-POLITICOS-1.jpg","contentUrl":"https:\/\/lospoliticosveracruz.com\/wp-content\/uploads\/2025\/12\/Logo-Nuevo-LOS-POLITICOS-1.jpg","width":260,"height":70,"caption":"Los pol\u00edticos Veracruz"},"image":{"@id":"https:\/\/lospoliticosveracruz.com\/#\/schema\/logo\/image\/"},"sameAs":["https:\/\/www.facebook.com\/people\/Notimemes-de-los-Polticos\/61565672886568\/","https:\/\/x.com\/LosPoliticosVer"]},{"@type":"Person","@id":"https:\/\/lospoliticosveracruz.com\/#\/schema\/person\/b8702bb0e538456e6efd07080bf2a4a2","name":"Lo viste en Los Pol\u00edticos","image":{"@type":"ImageObject","inLanguage":"es","@id":"https:\/\/secure.gravatar.com\/avatar\/3a8de04a2656d44082be478bd6c086daa447c4651605818287b9532d3d0bd435?s=96&d=mm&r=g","url":"https:\/\/secure.gravatar.com\/avatar\/3a8de04a2656d44082be478bd6c086daa447c4651605818287b9532d3d0bd435?s=96&d=mm&r=g","contentUrl":"https:\/\/secure.gravatar.com\/avatar\/3a8de04a2656d44082be478bd6c086daa447c4651605818287b9532d3d0bd435?s=96&d=mm&r=g","caption":"Lo viste en Los Pol\u00edticos"},"url":"https:\/\/lospoliticosveracruz.com\/?author=2"}]}},"_links":{"self":[{"href":"https:\/\/lospoliticosveracruz.com\/index.php?rest_route=\/wp\/v2\/posts\/112339","targetHints":{"allow":["GET"]}}],"collection":[{"href":"https:\/\/lospoliticosveracruz.com\/index.php?rest_route=\/wp\/v2\/posts"}],"about":[{"href":"https:\/\/lospoliticosveracruz.com\/index.php?rest_route=\/wp\/v2\/types\/post"}],"author":[{"embeddable":true,"href":"https:\/\/lospoliticosveracruz.com\/index.php?rest_route=\/wp\/v2\/users\/2"}],"replies":[{"embeddable":true,"href":"https:\/\/lospoliticosveracruz.com\/index.php?rest_route=%2Fwp%2Fv2%2Fcomments&post=112339"}],"version-history":[{"count":1,"href":"https:\/\/lospoliticosveracruz.com\/index.php?rest_route=\/wp\/v2\/posts\/112339\/revisions"}],"predecessor-version":[{"id":112340,"href":"https:\/\/lospoliticosveracruz.com\/index.php?rest_route=\/wp\/v2\/posts\/112339\/revisions\/112340"}],"wp:attachment":[{"href":"https:\/\/lospoliticosveracruz.com\/index.php?rest_route=%2Fwp%2Fv2%2Fmedia&parent=112339"}],"wp:term":[{"taxonomy":"category","embeddable":true,"href":"https:\/\/lospoliticosveracruz.com\/index.php?rest_route=%2Fwp%2Fv2%2Fcategories&post=112339"},{"taxonomy":"post_tag","embeddable":true,"href":"https:\/\/lospoliticosveracruz.com\/index.php?rest_route=%2Fwp%2Fv2%2Ftags&post=112339"}],"curies":[{"name":"wp","href":"https:\/\/api.w.org\/{rel}","templated":true}]}}