{"id":112549,"date":"2023-10-06T08:42:55","date_gmt":"2023-10-06T13:42:55","guid":{"rendered":"https:\/\/lospoliticosveracruz.com.mx\/?p=112549"},"modified":"2023-10-06T08:43:02","modified_gmt":"2023-10-06T13:43:02","slug":"una-pesadilla-en-ciernes","status":"publish","type":"post","link":"https:\/\/lospoliticosveracruz.com\/?p=112549","title":{"rendered":"UNA PESADILLA EN CIERNES"},"content":{"rendered":"\n<p><strong>Bernardo Guti\u00e9rrez Parra<br><\/strong><em>Desde el Caf\u00e9<br><\/em>El librito de la pol\u00edtica lo dice bien claro. \u201cCuando te agarren en una maroma, es decir, cuando te descubran un desfalco y te balconeen p\u00fablicamente, qu\u00e9date callado si careces de argumentos para responder. Si te cuestionan sobre el tema en una conferencia de prensa finge que no escuchaste la pregunta; haz como que te habla la Virgen y c\u00e1llate la boca\u2026, por vida de lo que m\u00e1s quieras, \u00a1c\u00e1llate la boca!\u201d<\/p>\n\n\n<div class=\"wp-block-image\">\n<figure class=\"alignleft size-full is-resized\"><a href=\"https:\/\/lospoliticosveracruz.com.mx\/wp-content\/uploads\/2023\/02\/Vinissimo.jpg\"><img loading=\"lazy\" decoding=\"async\" src=\"https:\/\/lospoliticosveracruz.com.mx\/wp-content\/uploads\/2023\/02\/Vinissimo.jpg\" alt=\"\" class=\"wp-image-102752\" width=\"175\" height=\"178\"\/><\/a><\/figure>\n<\/div>\n\n\n<p>Pero Cuitl\u00e1huac Garc\u00eda que ni sabe de pol\u00edtica y menos de libros no se call\u00f3; ret\u00f3 al diputado local y l\u00edder estatal el PRI, Marlon Ram\u00edrez Mar\u00edn, a que presente pruebas sobre un presunto atraco por m\u00e1s de 1,500 millones de pesos en la secretar\u00eda de Salud que el legislador jarocho denunci\u00f3 p\u00fablicamente. \u201cSi tiene pruebas que denuncie, que denuncie. \u00bfCu\u00e1nto tiempo le damos para que ponga la denuncia?\u201d, pregunt\u00f3 a los reporteros.<\/p>\n\n\n\n<p>Pero este desplante torpemente temerario le puede costar caro no s\u00f3lo a su gobierno sino a su candidata Roc\u00edo Nahle.<\/p>\n\n\n\n<p>Boquiflojo y mal asesorado, Cuitl\u00e1huac quiso minimizar la acusaci\u00f3n: \u201cHay quienes solo buscan reflectores con declaraciones superficiales\u201d. Pero lo dicho por Marlon no tiene nada de superficial, es una denuncia debidamente sustentada que le ha provocado insomnio tanto al gobernador como a varios miembros de su gabinete por dos razones: porque no tienen con qu\u00e9 rebatirla y porque vienen m\u00e1s denuncias sobre atracos similares a otras dependencias.<\/p>\n\n\n\n<p>\u201cCuitl\u00e1huac no se qued\u00f3 cruzado de brazos y orden\u00f3 que le busquen algo a Marlon Ram\u00edrez para exhibirlo y callarlo. Cualquier cosa; algo como un desv\u00edo de recursos, alguna rater\u00eda, un acto de corrupci\u00f3n, alguna foto saludando a los malosos, alg\u00fan chanchuyo con Duarte pero no le han encontrado nada, ni siquiera que su tesis sea plagiada\u201d me dijo una fuente cercana a los morenos.<\/p>\n\n\n\n<p>Mientras el gobernador pretende hacer creer que no le preocupan los se\u00f1alamientos, el diputado tricolor sigue hurgando por aqu\u00ed, investigando por all\u00e1 y denunciando ante la Auditor\u00eda Superior de la Federaci\u00f3n la de porquer\u00edas que ha hecho la 4T en Veracruz.<\/p>\n\n\n\n<p>\u00bfA qu\u00e9 se debe que estos se\u00f1alamientos ahora s\u00ed levanten \u00e1mpula, lo que no ocurri\u00f3 hace cuatro a\u00f1os cuando Ram\u00edrez Mar\u00edn comenz\u00f3 con sus denuncias?<\/p>\n\n\n\n<p>Hace unos d\u00edas coment\u00e9 en este espacio que en 2019 la 4T apenas se estaba instalando en la silla del poder y todo se le perdonaba. En contrapunto, nadie quer\u00eda saber nada de los priistas y menos del PRI.<\/p>\n\n\n\n<p>Pero fue cuesti\u00f3n de tiempo para que los morenos ense\u00f1aran las u\u00f1as, sus ma\u00f1as y el cobre. Ahora todo mundo sabe que roban, pero nadie ten\u00eda el dato y menos documentado hasta que el martes 26 de septiembre, el diputado destap\u00f3 la cloaca del presunto atraco a la Secretar\u00eda de Salud en el que estar\u00edan involucradas al menos 18 dependencias.<\/p>\n\n\n\n<p>Este jueves estuvo en la CDMX y en entrevista con Pascal Beltr\u00e1n del R\u00edo de Imagen Radio, Marlon asegur\u00f3 que no solamente es la Secretar\u00eda de Salud donde hay irregularidades, sino que existe un mecanismo similar en todas las dependencias. Falta saber qui\u00e9n es el autor intelectual y si est\u00e1n utilizando los recursos esquilmados para financiar alguna campa\u00f1a.<\/p>\n\n\n\n<p>Uno de los se\u00f1alados por Ram\u00edrez Mar\u00edn de participar en la rapi\u00f1a a la Secretar\u00eda de Salud, es Jorge Sisniega Fern\u00e1ndez. Cuando Pascal le pregunt\u00f3 sobre las intenciones de este sujeto de ser diputado, Marlon contest\u00f3 que todo indica que as\u00ed ser\u00e1. \u201cEl fuero constitucional despu\u00e9s de este tipo de pr\u00e1cticas le ser\u00e1 necesario a este y a otros personajes de la 4T, a costa de los verdaderos militantes del partido que decida postularlos, esos que se forman y nunca llegan, porque hay que proteger a estas personas\u201d.<\/p>\n\n\n\n<p>En s\u00edntesis lector, Marlon se est\u00e1 convirtiendo en una pesadilla para la 4T. Sus denuncias fundadas y sin margen para rebatirse pueden ser la gota que colme el plato de una sociedad harta de tanto atraco.<\/p>\n\n\n\n<p>Si al p\u00e9simo trabajo de Cuitl\u00e1huac Garc\u00eda como gobernador, se le agregan los se\u00f1alamientos de corrupci\u00f3n que carga Roc\u00edo Nahle y los robos cometidos por funcionarios morenos, que nadie se llame sorprendido si la oposici\u00f3n en Veracruz da el campanazo en el 2024.<\/p>\n\n\n\n<p>bernardogup@hotmail.com<\/p>\n","protected":false},"excerpt":{"rendered":"<p>Bernardo Guti\u00e9rrez ParraDesde el Caf\u00e9El librito de la pol\u00edtica lo dice bien claro. \u201cCuando te agarren en una maroma, es decir, cuando te descubran un desfalco y te balconeen p\u00fablicamente, qu\u00e9date callado si careces de argumentos para responder. Si te cuestionan sobre el tema en una conferencia de prensa finge que no escuchaste la pregunta; [&hellip;]<\/p>\n","protected":false},"author":2,"featured_media":0,"comment_status":"closed","ping_status":"closed","sticky":false,"template":"","format":"standard","meta":{"tdm_status":"","tdm_grid_status":"","footnotes":""},"categories":[70],"tags":[34206,1563,2908,1026,251,195],"class_list":{"0":"post-112549","1":"post","2":"type-post","3":"status-publish","4":"format-standard","6":"category-de-opinion","7":"tag-bernardo-gutierrez-parra","8":"tag-cuitlahuac-garcia-jimenez","9":"tag-marlon-ramirez-marin","10":"tag-morena","11":"tag-pri","12":"tag-veracruz"},"yoast_head":"<!-- This site is optimized with the Yoast SEO plugin v27.4 - https:\/\/yoast.com\/product\/yoast-seo-wordpress\/ -->\n<title>UNA PESADILLA EN CIERNES - Los pol\u00edticos Veracruz<\/title>\n<meta name=\"robots\" content=\"index, follow, max-snippet:-1, max-image-preview:large, max-video-preview:-1\" \/>\n<link rel=\"canonical\" href=\"https:\/\/lospoliticosveracruz.com\/?p=112549\" \/>\n<meta property=\"og:locale\" content=\"es_ES\" \/>\n<meta property=\"og:type\" content=\"article\" \/>\n<meta property=\"og:title\" content=\"UNA PESADILLA EN CIERNES - Los pol\u00edticos Veracruz\" \/>\n<meta property=\"og:description\" content=\"Bernardo Guti\u00e9rrez ParraDesde el Caf\u00e9El librito de la pol\u00edtica lo dice bien claro. \u201cCuando te agarren en una maroma, es decir, cuando te descubran un desfalco y te balconeen p\u00fablicamente, qu\u00e9date callado si careces de argumentos para responder. Si te cuestionan sobre el tema en una conferencia de prensa finge que no escuchaste la pregunta; [&hellip;]\" \/>\n<meta property=\"og:url\" content=\"https:\/\/lospoliticosveracruz.com\/?p=112549\" \/>\n<meta property=\"og:site_name\" content=\"Los pol\u00edticos Veracruz\" \/>\n<meta property=\"article:publisher\" content=\"https:\/\/www.facebook.com\/people\/Notimemes-de-los-Polticos\/61565672886568\/\" \/>\n<meta property=\"article:published_time\" content=\"2023-10-06T13:42:55+00:00\" \/>\n<meta property=\"article:modified_time\" content=\"2023-10-06T13:43:02+00:00\" \/>\n<meta property=\"og:image\" content=\"https:\/\/lospoliticosveracruz.com.mx\/wp-content\/uploads\/2023\/02\/Vinissimo.jpg\" \/>\n<meta name=\"author\" content=\"Lo viste en Los Pol\u00edticos\" \/>\n<meta name=\"twitter:card\" content=\"summary_large_image\" \/>\n<meta name=\"twitter:creator\" content=\"@LosPoliticosVer\" \/>\n<meta name=\"twitter:site\" content=\"@LosPoliticosVer\" \/>\n<meta name=\"twitter:label1\" content=\"Escrito por\" \/>\n\t<meta name=\"twitter:data1\" content=\"Lo viste en Los Pol\u00edticos\" \/>\n\t<meta name=\"twitter:label2\" content=\"Tiempo de lectura\" \/>\n\t<meta name=\"twitter:data2\" content=\"4 minutos\" \/>\n<script type=\"application\/ld+json\" class=\"yoast-schema-graph\">{\"@context\":\"https:\\\/\\\/schema.org\",\"@graph\":[{\"@type\":\"Article\",\"@id\":\"https:\\\/\\\/lospoliticosveracruz.com\\\/?p=112549#article\",\"isPartOf\":{\"@id\":\"https:\\\/\\\/lospoliticosveracruz.com\\\/?p=112549\"},\"author\":{\"name\":\"Lo viste en Los Pol\u00edticos\",\"@id\":\"https:\\\/\\\/lospoliticosveracruz.com\\\/#\\\/schema\\\/person\\\/b8702bb0e538456e6efd07080bf2a4a2\"},\"headline\":\"UNA PESADILLA EN CIERNES\",\"datePublished\":\"2023-10-06T13:42:55+00:00\",\"dateModified\":\"2023-10-06T13:43:02+00:00\",\"mainEntityOfPage\":{\"@id\":\"https:\\\/\\\/lospoliticosveracruz.com\\\/?p=112549\"},\"wordCount\":762,\"publisher\":{\"@id\":\"https:\\\/\\\/lospoliticosveracruz.com\\\/#organization\"},\"image\":{\"@id\":\"https:\\\/\\\/lospoliticosveracruz.com\\\/?p=112549#primaryimage\"},\"thumbnailUrl\":\"https:\\\/\\\/lospoliticosveracruz.com.mx\\\/wp-content\\\/uploads\\\/2023\\\/02\\\/Vinissimo.jpg\",\"keywords\":[\"Bernardo Guti\u00e9rrez Parra\",\"Cuitl\u00e1huac Garc\u00eda Jim\u00e9nez\",\"Marlon Ram\u00edrez Mar\u00edn\",\"Morena\",\"PRI\",\"Veracruz\"],\"articleSection\":[\"De Opini\u00f3n\"],\"inLanguage\":\"es\"},{\"@type\":\"WebPage\",\"@id\":\"https:\\\/\\\/lospoliticosveracruz.com\\\/?p=112549\",\"url\":\"https:\\\/\\\/lospoliticosveracruz.com\\\/?p=112549\",\"name\":\"UNA PESADILLA EN CIERNES - Los pol\u00edticos Veracruz\",\"isPartOf\":{\"@id\":\"https:\\\/\\\/lospoliticosveracruz.com\\\/#website\"},\"primaryImageOfPage\":{\"@id\":\"https:\\\/\\\/lospoliticosveracruz.com\\\/?p=112549#primaryimage\"},\"image\":{\"@id\":\"https:\\\/\\\/lospoliticosveracruz.com\\\/?p=112549#primaryimage\"},\"thumbnailUrl\":\"https:\\\/\\\/lospoliticosveracruz.com.mx\\\/wp-content\\\/uploads\\\/2023\\\/02\\\/Vinissimo.jpg\",\"datePublished\":\"2023-10-06T13:42:55+00:00\",\"dateModified\":\"2023-10-06T13:43:02+00:00\",\"breadcrumb\":{\"@id\":\"https:\\\/\\\/lospoliticosveracruz.com\\\/?p=112549#breadcrumb\"},\"inLanguage\":\"es\",\"potentialAction\":[{\"@type\":\"ReadAction\",\"target\":[\"https:\\\/\\\/lospoliticosveracruz.com\\\/?p=112549\"]}]},{\"@type\":\"ImageObject\",\"inLanguage\":\"es\",\"@id\":\"https:\\\/\\\/lospoliticosveracruz.com\\\/?p=112549#primaryimage\",\"url\":\"https:\\\/\\\/lospoliticosveracruz.com.mx\\\/wp-content\\\/uploads\\\/2023\\\/02\\\/Vinissimo.jpg\",\"contentUrl\":\"https:\\\/\\\/lospoliticosveracruz.com.mx\\\/wp-content\\\/uploads\\\/2023\\\/02\\\/Vinissimo.jpg\"},{\"@type\":\"BreadcrumbList\",\"@id\":\"https:\\\/\\\/lospoliticosveracruz.com\\\/?p=112549#breadcrumb\",\"itemListElement\":[{\"@type\":\"ListItem\",\"position\":1,\"name\":\"Portada\",\"item\":\"https:\\\/\\\/lospoliticosveracruz.com\\\/\"},{\"@type\":\"ListItem\",\"position\":2,\"name\":\"UNA PESADILLA EN CIERNES\"}]},{\"@type\":\"WebSite\",\"@id\":\"https:\\\/\\\/lospoliticosveracruz.com\\\/#website\",\"url\":\"https:\\\/\\\/lospoliticosveracruz.com\\\/\",\"name\":\"Los pol\u00edticos Veracruz\",\"description\":\"\",\"publisher\":{\"@id\":\"https:\\\/\\\/lospoliticosveracruz.com\\\/#organization\"},\"potentialAction\":[{\"@type\":\"SearchAction\",\"target\":{\"@type\":\"EntryPoint\",\"urlTemplate\":\"https:\\\/\\\/lospoliticosveracruz.com\\\/?s={search_term_string}\"},\"query-input\":{\"@type\":\"PropertyValueSpecification\",\"valueRequired\":true,\"valueName\":\"search_term_string\"}}],\"inLanguage\":\"es\"},{\"@type\":\"Organization\",\"@id\":\"https:\\\/\\\/lospoliticosveracruz.com\\\/#organization\",\"name\":\"Los pol\u00edticos Veracruz\",\"url\":\"https:\\\/\\\/lospoliticosveracruz.com\\\/\",\"logo\":{\"@type\":\"ImageObject\",\"inLanguage\":\"es\",\"@id\":\"https:\\\/\\\/lospoliticosveracruz.com\\\/#\\\/schema\\\/logo\\\/image\\\/\",\"url\":\"https:\\\/\\\/lospoliticosveracruz.com\\\/wp-content\\\/uploads\\\/2025\\\/12\\\/Logo-Nuevo-LOS-POLITICOS-1.jpg\",\"contentUrl\":\"https:\\\/\\\/lospoliticosveracruz.com\\\/wp-content\\\/uploads\\\/2025\\\/12\\\/Logo-Nuevo-LOS-POLITICOS-1.jpg\",\"width\":260,\"height\":70,\"caption\":\"Los pol\u00edticos Veracruz\"},\"image\":{\"@id\":\"https:\\\/\\\/lospoliticosveracruz.com\\\/#\\\/schema\\\/logo\\\/image\\\/\"},\"sameAs\":[\"https:\\\/\\\/www.facebook.com\\\/people\\\/Notimemes-de-los-Polticos\\\/61565672886568\\\/\",\"https:\\\/\\\/x.com\\\/LosPoliticosVer\"]},{\"@type\":\"Person\",\"@id\":\"https:\\\/\\\/lospoliticosveracruz.com\\\/#\\\/schema\\\/person\\\/b8702bb0e538456e6efd07080bf2a4a2\",\"name\":\"Lo viste en Los Pol\u00edticos\",\"image\":{\"@type\":\"ImageObject\",\"inLanguage\":\"es\",\"@id\":\"https:\\\/\\\/secure.gravatar.com\\\/avatar\\\/3a8de04a2656d44082be478bd6c086daa447c4651605818287b9532d3d0bd435?s=96&d=mm&r=g\",\"url\":\"https:\\\/\\\/secure.gravatar.com\\\/avatar\\\/3a8de04a2656d44082be478bd6c086daa447c4651605818287b9532d3d0bd435?s=96&d=mm&r=g\",\"contentUrl\":\"https:\\\/\\\/secure.gravatar.com\\\/avatar\\\/3a8de04a2656d44082be478bd6c086daa447c4651605818287b9532d3d0bd435?s=96&d=mm&r=g\",\"caption\":\"Lo viste en Los Pol\u00edticos\"},\"url\":\"https:\\\/\\\/lospoliticosveracruz.com\\\/?author=2\"}]}<\/script>\n<!-- \/ Yoast SEO plugin. -->","yoast_head_json":{"title":"UNA PESADILLA EN CIERNES - Los pol\u00edticos Veracruz","robots":{"index":"index","follow":"follow","max-snippet":"max-snippet:-1","max-image-preview":"max-image-preview:large","max-video-preview":"max-video-preview:-1"},"canonical":"https:\/\/lospoliticosveracruz.com\/?p=112549","og_locale":"es_ES","og_type":"article","og_title":"UNA PESADILLA EN CIERNES - Los pol\u00edticos Veracruz","og_description":"Bernardo Guti\u00e9rrez ParraDesde el Caf\u00e9El librito de la pol\u00edtica lo dice bien claro. \u201cCuando te agarren en una maroma, es decir, cuando te descubran un desfalco y te balconeen p\u00fablicamente, qu\u00e9date callado si careces de argumentos para responder. Si te cuestionan sobre el tema en una conferencia de prensa finge que no escuchaste la pregunta; [&hellip;]","og_url":"https:\/\/lospoliticosveracruz.com\/?p=112549","og_site_name":"Los pol\u00edticos Veracruz","article_publisher":"https:\/\/www.facebook.com\/people\/Notimemes-de-los-Polticos\/61565672886568\/","article_published_time":"2023-10-06T13:42:55+00:00","article_modified_time":"2023-10-06T13:43:02+00:00","og_image":[{"url":"https:\/\/lospoliticosveracruz.com.mx\/wp-content\/uploads\/2023\/02\/Vinissimo.jpg","type":"","width":"","height":""}],"author":"Lo viste en Los Pol\u00edticos","twitter_card":"summary_large_image","twitter_creator":"@LosPoliticosVer","twitter_site":"@LosPoliticosVer","twitter_misc":{"Escrito por":"Lo viste en Los Pol\u00edticos","Tiempo de lectura":"4 minutos"},"schema":{"@context":"https:\/\/schema.org","@graph":[{"@type":"Article","@id":"https:\/\/lospoliticosveracruz.com\/?p=112549#article","isPartOf":{"@id":"https:\/\/lospoliticosveracruz.com\/?p=112549"},"author":{"name":"Lo viste en Los Pol\u00edticos","@id":"https:\/\/lospoliticosveracruz.com\/#\/schema\/person\/b8702bb0e538456e6efd07080bf2a4a2"},"headline":"UNA PESADILLA EN CIERNES","datePublished":"2023-10-06T13:42:55+00:00","dateModified":"2023-10-06T13:43:02+00:00","mainEntityOfPage":{"@id":"https:\/\/lospoliticosveracruz.com\/?p=112549"},"wordCount":762,"publisher":{"@id":"https:\/\/lospoliticosveracruz.com\/#organization"},"image":{"@id":"https:\/\/lospoliticosveracruz.com\/?p=112549#primaryimage"},"thumbnailUrl":"https:\/\/lospoliticosveracruz.com.mx\/wp-content\/uploads\/2023\/02\/Vinissimo.jpg","keywords":["Bernardo Guti\u00e9rrez Parra","Cuitl\u00e1huac Garc\u00eda Jim\u00e9nez","Marlon Ram\u00edrez Mar\u00edn","Morena","PRI","Veracruz"],"articleSection":["De Opini\u00f3n"],"inLanguage":"es"},{"@type":"WebPage","@id":"https:\/\/lospoliticosveracruz.com\/?p=112549","url":"https:\/\/lospoliticosveracruz.com\/?p=112549","name":"UNA PESADILLA EN CIERNES - Los pol\u00edticos Veracruz","isPartOf":{"@id":"https:\/\/lospoliticosveracruz.com\/#website"},"primaryImageOfPage":{"@id":"https:\/\/lospoliticosveracruz.com\/?p=112549#primaryimage"},"image":{"@id":"https:\/\/lospoliticosveracruz.com\/?p=112549#primaryimage"},"thumbnailUrl":"https:\/\/lospoliticosveracruz.com.mx\/wp-content\/uploads\/2023\/02\/Vinissimo.jpg","datePublished":"2023-10-06T13:42:55+00:00","dateModified":"2023-10-06T13:43:02+00:00","breadcrumb":{"@id":"https:\/\/lospoliticosveracruz.com\/?p=112549#breadcrumb"},"inLanguage":"es","potentialAction":[{"@type":"ReadAction","target":["https:\/\/lospoliticosveracruz.com\/?p=112549"]}]},{"@type":"ImageObject","inLanguage":"es","@id":"https:\/\/lospoliticosveracruz.com\/?p=112549#primaryimage","url":"https:\/\/lospoliticosveracruz.com.mx\/wp-content\/uploads\/2023\/02\/Vinissimo.jpg","contentUrl":"https:\/\/lospoliticosveracruz.com.mx\/wp-content\/uploads\/2023\/02\/Vinissimo.jpg"},{"@type":"BreadcrumbList","@id":"https:\/\/lospoliticosveracruz.com\/?p=112549#breadcrumb","itemListElement":[{"@type":"ListItem","position":1,"name":"Portada","item":"https:\/\/lospoliticosveracruz.com\/"},{"@type":"ListItem","position":2,"name":"UNA PESADILLA EN CIERNES"}]},{"@type":"WebSite","@id":"https:\/\/lospoliticosveracruz.com\/#website","url":"https:\/\/lospoliticosveracruz.com\/","name":"Los pol\u00edticos Veracruz","description":"","publisher":{"@id":"https:\/\/lospoliticosveracruz.com\/#organization"},"potentialAction":[{"@type":"SearchAction","target":{"@type":"EntryPoint","urlTemplate":"https:\/\/lospoliticosveracruz.com\/?s={search_term_string}"},"query-input":{"@type":"PropertyValueSpecification","valueRequired":true,"valueName":"search_term_string"}}],"inLanguage":"es"},{"@type":"Organization","@id":"https:\/\/lospoliticosveracruz.com\/#organization","name":"Los pol\u00edticos Veracruz","url":"https:\/\/lospoliticosveracruz.com\/","logo":{"@type":"ImageObject","inLanguage":"es","@id":"https:\/\/lospoliticosveracruz.com\/#\/schema\/logo\/image\/","url":"https:\/\/lospoliticosveracruz.com\/wp-content\/uploads\/2025\/12\/Logo-Nuevo-LOS-POLITICOS-1.jpg","contentUrl":"https:\/\/lospoliticosveracruz.com\/wp-content\/uploads\/2025\/12\/Logo-Nuevo-LOS-POLITICOS-1.jpg","width":260,"height":70,"caption":"Los pol\u00edticos Veracruz"},"image":{"@id":"https:\/\/lospoliticosveracruz.com\/#\/schema\/logo\/image\/"},"sameAs":["https:\/\/www.facebook.com\/people\/Notimemes-de-los-Polticos\/61565672886568\/","https:\/\/x.com\/LosPoliticosVer"]},{"@type":"Person","@id":"https:\/\/lospoliticosveracruz.com\/#\/schema\/person\/b8702bb0e538456e6efd07080bf2a4a2","name":"Lo viste en Los Pol\u00edticos","image":{"@type":"ImageObject","inLanguage":"es","@id":"https:\/\/secure.gravatar.com\/avatar\/3a8de04a2656d44082be478bd6c086daa447c4651605818287b9532d3d0bd435?s=96&d=mm&r=g","url":"https:\/\/secure.gravatar.com\/avatar\/3a8de04a2656d44082be478bd6c086daa447c4651605818287b9532d3d0bd435?s=96&d=mm&r=g","contentUrl":"https:\/\/secure.gravatar.com\/avatar\/3a8de04a2656d44082be478bd6c086daa447c4651605818287b9532d3d0bd435?s=96&d=mm&r=g","caption":"Lo viste en Los Pol\u00edticos"},"url":"https:\/\/lospoliticosveracruz.com\/?author=2"}]}},"_links":{"self":[{"href":"https:\/\/lospoliticosveracruz.com\/index.php?rest_route=\/wp\/v2\/posts\/112549","targetHints":{"allow":["GET"]}}],"collection":[{"href":"https:\/\/lospoliticosveracruz.com\/index.php?rest_route=\/wp\/v2\/posts"}],"about":[{"href":"https:\/\/lospoliticosveracruz.com\/index.php?rest_route=\/wp\/v2\/types\/post"}],"author":[{"embeddable":true,"href":"https:\/\/lospoliticosveracruz.com\/index.php?rest_route=\/wp\/v2\/users\/2"}],"replies":[{"embeddable":true,"href":"https:\/\/lospoliticosveracruz.com\/index.php?rest_route=%2Fwp%2Fv2%2Fcomments&post=112549"}],"version-history":[{"count":1,"href":"https:\/\/lospoliticosveracruz.com\/index.php?rest_route=\/wp\/v2\/posts\/112549\/revisions"}],"predecessor-version":[{"id":112550,"href":"https:\/\/lospoliticosveracruz.com\/index.php?rest_route=\/wp\/v2\/posts\/112549\/revisions\/112550"}],"wp:attachment":[{"href":"https:\/\/lospoliticosveracruz.com\/index.php?rest_route=%2Fwp%2Fv2%2Fmedia&parent=112549"}],"wp:term":[{"taxonomy":"category","embeddable":true,"href":"https:\/\/lospoliticosveracruz.com\/index.php?rest_route=%2Fwp%2Fv2%2Fcategories&post=112549"},{"taxonomy":"post_tag","embeddable":true,"href":"https:\/\/lospoliticosveracruz.com\/index.php?rest_route=%2Fwp%2Fv2%2Ftags&post=112549"}],"curies":[{"name":"wp","href":"https:\/\/api.w.org\/{rel}","templated":true}]}}