{"id":112661,"date":"2023-10-09T13:19:15","date_gmt":"2023-10-09T18:19:15","guid":{"rendered":"https:\/\/lospoliticosveracruz.com.mx\/?p=112661"},"modified":"2023-10-10T01:27:14","modified_gmt":"2023-10-10T06:27:14","slug":"el-misterio-de-la-encuesta","status":"publish","type":"post","link":"https:\/\/lospoliticosveracruz.com\/?p=112661","title":{"rendered":"EL MISTERIO DE LA ENCUESTA"},"content":{"rendered":"\n<p><strong>Ignacio Alvarez<\/strong><\/p>\n\n\n\n<p><em>Pluma Negra<\/em><\/p>\n\n\n\n<p>La lista de los seis aspirantes que deber\u00e1n ser encuestados para coordinar la defensa de la transformaci\u00f3n en Veracruz se ha convertido en un misterio, la realidad es que no existe y todo indica que no se dar\u00e1 a conocer, para evitar m\u00e1s fracturas dentro de las filas de MORENA y ante la especulaci\u00f3n, los aspirantes m\u00e1s pesados se dan con todo.<\/p>\n\n\n<div class=\"wp-block-image\">\n<figure class=\"alignleft size-medium\"><a href=\"https:\/\/lospoliticosveracruz.com.mx\/wp-content\/uploads\/2021\/10\/Zacauilt.jpg\"><img decoding=\"async\" src=\"https:\/\/lospoliticosveracruz.com.mx\/wp-content\/uploads\/2021\/10\/Zacauilt-150x300.jpg\" alt=\"\" class=\"wp-image-80558\"\/><\/a><\/figure>\n<\/div>\n\n\n<p>De acuerdo a la convocatoria, el Comit\u00e9 Ejecutivo Nacional del MORENA deb\u00eda tomar en cuenta a dos hombres y dos mujeres elegidos en la asamblea estatal con 200 delegados y luego, proponer una pareja m\u00e1s; con la reserva de su facultad para modificar las propuestas de la asamblea.<\/p>\n\n\n\n<p>Al definir las seis parejas, el CEN deber\u00eda dar a conocer a esa lista y contratar a empresas encuestadoras par definir a la mujer o al hombre con m\u00e1s posibilidades de competencia electoral en la elecci\u00f3n del 2024; pero hasta el momento no se ha dado a conocer esa lista y se desconoce cu\u00e1ndo se realizar\u00e1 la encuesta.<\/p>\n\n\n\n<p>Todo indica que el CEN de MORENA, tambi\u00e9n se reservar\u00e1 el derecho de dar a conocer quienes son los encuestados y s\u00f3lo dar\u00e1 a conocer el nombre del ganador o ganadora de la encuesta, sin mayor explicaci\u00f3n para el resto de los participantes y evitar fracturas antes de tiempo en las huestes del partido en el poder y eso ser\u00e1 el 30 de octubre.<\/p>\n\n\n\n<p>Mientras los aspirantes que creen tener posibilidades andan desatados por todo el estado, sin ning\u00fan control de gastos ni reglas; ah\u00ed se ve el personal del ICATVER con unidades de la dependencia pintando bardas a favor de una aspirante\u2026 todos con eventos de precampa\u00f1a y de descalificaciones entre ellos.<\/p>\n\n\n\n<p>Y hoy m\u00e1s que nunca, la veracruzanidad ha tomado revelancia en la pol\u00edtica estatal; haber nacido en otro estado del pa\u00eds, se ha convertido en una desventaja o pecado para la \u00fanica mujer que hasta el momento aspira a ser candidata al gobierno de Veracruz, Roc\u00edo Nahle Garc\u00eda originaria de Zacatecas enfrenta hostilidades en el quehacer pol\u00edtico de propios y extra\u00f1os por no haber nacido en Veracruz.<\/p>\n\n\n\n<p>La acidez de tres de los varones que aspiran a la candidatura de MORENA, en su critica a la zacatecana, se ha convertido en su handicap en la opini\u00f3n p\u00fablica y ya permea en la legitimidad de para el proceso interno de selecci\u00f3n de lo que llaman en Morena, el defensor o defensora de la cuarta transformaci\u00f3n de Veracruz.<\/p>\n\n\n\n<p>A pesar de los recovecos de la ley y de la bendici\u00f3n del Presidente; los varones Eric Cisneros, Manuel Huerta y Sergio Guti\u00e9rrez sacuden el ADN for\u00e1neo de Roc\u00edo Nahle con bombazos medi\u00e1ticos para tambalear la toponimia de la Senadora con licencia que se vincula a Veracruz s\u00f3lo por su residencia en el sur de Veracruz de unas d\u00e9cadas a la fecha.<\/p>\n\n\n\n<p>Los operadores de Roc\u00edo Nahle han acudido a los grupos de morenistas que durante seis a\u00f1os, la senadora no tom\u00f3 en cuenta, buscan a como d\u00e9 lugar congraciarse con esos grupos que en su mayor\u00eda ya apoyan a alguno, de los otros aspirantes.<\/p>\n","protected":false},"excerpt":{"rendered":"<p>Ignacio Alvarez Pluma Negra La lista de los seis aspirantes que deber\u00e1n ser encuestados para coordinar la defensa de la transformaci\u00f3n en Veracruz se ha convertido en un misterio, la realidad es que no existe y todo indica que no se dar\u00e1 a conocer, para evitar m\u00e1s fracturas dentro de las filas de MORENA y [&hellip;]<\/p>\n","protected":false},"author":2,"featured_media":0,"comment_status":"closed","ping_status":"closed","sticky":false,"template":"","format":"standard","meta":{"tdm_status":"","tdm_grid_status":"","footnotes":""},"categories":[70],"tags":[],"class_list":{"0":"post-112661","1":"post","2":"type-post","3":"status-publish","4":"format-standard","6":"category-de-opinion"},"yoast_head":"<!-- This site is optimized with the Yoast SEO plugin v27.4 - https:\/\/yoast.com\/product\/yoast-seo-wordpress\/ -->\n<title>EL MISTERIO DE LA ENCUESTA - Los pol\u00edticos Veracruz<\/title>\n<meta name=\"robots\" content=\"index, follow, max-snippet:-1, max-image-preview:large, max-video-preview:-1\" \/>\n<link rel=\"canonical\" href=\"https:\/\/lospoliticosveracruz.com\/?p=112661\" \/>\n<meta property=\"og:locale\" content=\"es_ES\" \/>\n<meta property=\"og:type\" content=\"article\" \/>\n<meta property=\"og:title\" content=\"EL MISTERIO DE LA ENCUESTA - Los pol\u00edticos Veracruz\" \/>\n<meta property=\"og:description\" content=\"Ignacio Alvarez Pluma Negra La lista de los seis aspirantes que deber\u00e1n ser encuestados para coordinar la defensa de la transformaci\u00f3n en Veracruz se ha convertido en un misterio, la realidad es que no existe y todo indica que no se dar\u00e1 a conocer, para evitar m\u00e1s fracturas dentro de las filas de MORENA y [&hellip;]\" \/>\n<meta property=\"og:url\" content=\"https:\/\/lospoliticosveracruz.com\/?p=112661\" \/>\n<meta property=\"og:site_name\" content=\"Los pol\u00edticos Veracruz\" \/>\n<meta property=\"article:publisher\" content=\"https:\/\/www.facebook.com\/people\/Notimemes-de-los-Polticos\/61565672886568\/\" \/>\n<meta property=\"article:published_time\" content=\"2023-10-09T18:19:15+00:00\" \/>\n<meta property=\"article:modified_time\" content=\"2023-10-10T06:27:14+00:00\" \/>\n<meta property=\"og:image\" content=\"https:\/\/lospoliticosveracruz.com.mx\/wp-content\/uploads\/2021\/10\/Zacauilt-150x300.jpg\" \/>\n<meta name=\"author\" content=\"Lo viste en Los Pol\u00edticos\" \/>\n<meta name=\"twitter:card\" content=\"summary_large_image\" \/>\n<meta name=\"twitter:creator\" content=\"@LosPoliticosVer\" \/>\n<meta name=\"twitter:site\" content=\"@LosPoliticosVer\" \/>\n<meta name=\"twitter:label1\" content=\"Escrito por\" \/>\n\t<meta name=\"twitter:data1\" content=\"Lo viste en Los Pol\u00edticos\" \/>\n\t<meta name=\"twitter:label2\" content=\"Tiempo de lectura\" \/>\n\t<meta name=\"twitter:data2\" content=\"3 minutos\" \/>\n<script type=\"application\/ld+json\" class=\"yoast-schema-graph\">{\"@context\":\"https:\\\/\\\/schema.org\",\"@graph\":[{\"@type\":\"Article\",\"@id\":\"https:\\\/\\\/lospoliticosveracruz.com\\\/?p=112661#article\",\"isPartOf\":{\"@id\":\"https:\\\/\\\/lospoliticosveracruz.com\\\/?p=112661\"},\"author\":{\"name\":\"Lo viste en Los Pol\u00edticos\",\"@id\":\"https:\\\/\\\/lospoliticosveracruz.com\\\/#\\\/schema\\\/person\\\/b8702bb0e538456e6efd07080bf2a4a2\"},\"headline\":\"EL MISTERIO DE LA ENCUESTA\",\"datePublished\":\"2023-10-09T18:19:15+00:00\",\"dateModified\":\"2023-10-10T06:27:14+00:00\",\"mainEntityOfPage\":{\"@id\":\"https:\\\/\\\/lospoliticosveracruz.com\\\/?p=112661\"},\"wordCount\":555,\"publisher\":{\"@id\":\"https:\\\/\\\/lospoliticosveracruz.com\\\/#organization\"},\"image\":{\"@id\":\"https:\\\/\\\/lospoliticosveracruz.com\\\/?p=112661#primaryimage\"},\"thumbnailUrl\":\"https:\\\/\\\/lospoliticosveracruz.com.mx\\\/wp-content\\\/uploads\\\/2021\\\/10\\\/Zacauilt-150x300.jpg\",\"articleSection\":[\"De Opini\u00f3n\"],\"inLanguage\":\"es\"},{\"@type\":\"WebPage\",\"@id\":\"https:\\\/\\\/lospoliticosveracruz.com\\\/?p=112661\",\"url\":\"https:\\\/\\\/lospoliticosveracruz.com\\\/?p=112661\",\"name\":\"EL MISTERIO DE LA ENCUESTA - Los pol\u00edticos Veracruz\",\"isPartOf\":{\"@id\":\"https:\\\/\\\/lospoliticosveracruz.com\\\/#website\"},\"primaryImageOfPage\":{\"@id\":\"https:\\\/\\\/lospoliticosveracruz.com\\\/?p=112661#primaryimage\"},\"image\":{\"@id\":\"https:\\\/\\\/lospoliticosveracruz.com\\\/?p=112661#primaryimage\"},\"thumbnailUrl\":\"https:\\\/\\\/lospoliticosveracruz.com.mx\\\/wp-content\\\/uploads\\\/2021\\\/10\\\/Zacauilt-150x300.jpg\",\"datePublished\":\"2023-10-09T18:19:15+00:00\",\"dateModified\":\"2023-10-10T06:27:14+00:00\",\"breadcrumb\":{\"@id\":\"https:\\\/\\\/lospoliticosveracruz.com\\\/?p=112661#breadcrumb\"},\"inLanguage\":\"es\",\"potentialAction\":[{\"@type\":\"ReadAction\",\"target\":[\"https:\\\/\\\/lospoliticosveracruz.com\\\/?p=112661\"]}]},{\"@type\":\"ImageObject\",\"inLanguage\":\"es\",\"@id\":\"https:\\\/\\\/lospoliticosveracruz.com\\\/?p=112661#primaryimage\",\"url\":\"https:\\\/\\\/lospoliticosveracruz.com.mx\\\/wp-content\\\/uploads\\\/2021\\\/10\\\/Zacauilt-150x300.jpg\",\"contentUrl\":\"https:\\\/\\\/lospoliticosveracruz.com.mx\\\/wp-content\\\/uploads\\\/2021\\\/10\\\/Zacauilt-150x300.jpg\"},{\"@type\":\"BreadcrumbList\",\"@id\":\"https:\\\/\\\/lospoliticosveracruz.com\\\/?p=112661#breadcrumb\",\"itemListElement\":[{\"@type\":\"ListItem\",\"position\":1,\"name\":\"Portada\",\"item\":\"https:\\\/\\\/lospoliticosveracruz.com\\\/\"},{\"@type\":\"ListItem\",\"position\":2,\"name\":\"EL MISTERIO DE LA ENCUESTA\"}]},{\"@type\":\"WebSite\",\"@id\":\"https:\\\/\\\/lospoliticosveracruz.com\\\/#website\",\"url\":\"https:\\\/\\\/lospoliticosveracruz.com\\\/\",\"name\":\"Los pol\u00edticos Veracruz\",\"description\":\"\",\"publisher\":{\"@id\":\"https:\\\/\\\/lospoliticosveracruz.com\\\/#organization\"},\"potentialAction\":[{\"@type\":\"SearchAction\",\"target\":{\"@type\":\"EntryPoint\",\"urlTemplate\":\"https:\\\/\\\/lospoliticosveracruz.com\\\/?s={search_term_string}\"},\"query-input\":{\"@type\":\"PropertyValueSpecification\",\"valueRequired\":true,\"valueName\":\"search_term_string\"}}],\"inLanguage\":\"es\"},{\"@type\":\"Organization\",\"@id\":\"https:\\\/\\\/lospoliticosveracruz.com\\\/#organization\",\"name\":\"Los pol\u00edticos Veracruz\",\"url\":\"https:\\\/\\\/lospoliticosveracruz.com\\\/\",\"logo\":{\"@type\":\"ImageObject\",\"inLanguage\":\"es\",\"@id\":\"https:\\\/\\\/lospoliticosveracruz.com\\\/#\\\/schema\\\/logo\\\/image\\\/\",\"url\":\"https:\\\/\\\/lospoliticosveracruz.com\\\/wp-content\\\/uploads\\\/2025\\\/12\\\/Logo-Nuevo-LOS-POLITICOS-1.jpg\",\"contentUrl\":\"https:\\\/\\\/lospoliticosveracruz.com\\\/wp-content\\\/uploads\\\/2025\\\/12\\\/Logo-Nuevo-LOS-POLITICOS-1.jpg\",\"width\":260,\"height\":70,\"caption\":\"Los pol\u00edticos Veracruz\"},\"image\":{\"@id\":\"https:\\\/\\\/lospoliticosveracruz.com\\\/#\\\/schema\\\/logo\\\/image\\\/\"},\"sameAs\":[\"https:\\\/\\\/www.facebook.com\\\/people\\\/Notimemes-de-los-Polticos\\\/61565672886568\\\/\",\"https:\\\/\\\/x.com\\\/LosPoliticosVer\"]},{\"@type\":\"Person\",\"@id\":\"https:\\\/\\\/lospoliticosveracruz.com\\\/#\\\/schema\\\/person\\\/b8702bb0e538456e6efd07080bf2a4a2\",\"name\":\"Lo viste en Los Pol\u00edticos\",\"image\":{\"@type\":\"ImageObject\",\"inLanguage\":\"es\",\"@id\":\"https:\\\/\\\/secure.gravatar.com\\\/avatar\\\/3a8de04a2656d44082be478bd6c086daa447c4651605818287b9532d3d0bd435?s=96&d=mm&r=g\",\"url\":\"https:\\\/\\\/secure.gravatar.com\\\/avatar\\\/3a8de04a2656d44082be478bd6c086daa447c4651605818287b9532d3d0bd435?s=96&d=mm&r=g\",\"contentUrl\":\"https:\\\/\\\/secure.gravatar.com\\\/avatar\\\/3a8de04a2656d44082be478bd6c086daa447c4651605818287b9532d3d0bd435?s=96&d=mm&r=g\",\"caption\":\"Lo viste en Los Pol\u00edticos\"},\"url\":\"https:\\\/\\\/lospoliticosveracruz.com\\\/?author=2\"}]}<\/script>\n<!-- \/ Yoast SEO plugin. -->","yoast_head_json":{"title":"EL MISTERIO DE LA ENCUESTA - Los pol\u00edticos Veracruz","robots":{"index":"index","follow":"follow","max-snippet":"max-snippet:-1","max-image-preview":"max-image-preview:large","max-video-preview":"max-video-preview:-1"},"canonical":"https:\/\/lospoliticosveracruz.com\/?p=112661","og_locale":"es_ES","og_type":"article","og_title":"EL MISTERIO DE LA ENCUESTA - Los pol\u00edticos Veracruz","og_description":"Ignacio Alvarez Pluma Negra La lista de los seis aspirantes que deber\u00e1n ser encuestados para coordinar la defensa de la transformaci\u00f3n en Veracruz se ha convertido en un misterio, la realidad es que no existe y todo indica que no se dar\u00e1 a conocer, para evitar m\u00e1s fracturas dentro de las filas de MORENA y [&hellip;]","og_url":"https:\/\/lospoliticosveracruz.com\/?p=112661","og_site_name":"Los pol\u00edticos Veracruz","article_publisher":"https:\/\/www.facebook.com\/people\/Notimemes-de-los-Polticos\/61565672886568\/","article_published_time":"2023-10-09T18:19:15+00:00","article_modified_time":"2023-10-10T06:27:14+00:00","og_image":[{"url":"https:\/\/lospoliticosveracruz.com.mx\/wp-content\/uploads\/2021\/10\/Zacauilt-150x300.jpg","type":"","width":"","height":""}],"author":"Lo viste en Los Pol\u00edticos","twitter_card":"summary_large_image","twitter_creator":"@LosPoliticosVer","twitter_site":"@LosPoliticosVer","twitter_misc":{"Escrito por":"Lo viste en Los Pol\u00edticos","Tiempo de lectura":"3 minutos"},"schema":{"@context":"https:\/\/schema.org","@graph":[{"@type":"Article","@id":"https:\/\/lospoliticosveracruz.com\/?p=112661#article","isPartOf":{"@id":"https:\/\/lospoliticosveracruz.com\/?p=112661"},"author":{"name":"Lo viste en Los Pol\u00edticos","@id":"https:\/\/lospoliticosveracruz.com\/#\/schema\/person\/b8702bb0e538456e6efd07080bf2a4a2"},"headline":"EL MISTERIO DE LA ENCUESTA","datePublished":"2023-10-09T18:19:15+00:00","dateModified":"2023-10-10T06:27:14+00:00","mainEntityOfPage":{"@id":"https:\/\/lospoliticosveracruz.com\/?p=112661"},"wordCount":555,"publisher":{"@id":"https:\/\/lospoliticosveracruz.com\/#organization"},"image":{"@id":"https:\/\/lospoliticosveracruz.com\/?p=112661#primaryimage"},"thumbnailUrl":"https:\/\/lospoliticosveracruz.com.mx\/wp-content\/uploads\/2021\/10\/Zacauilt-150x300.jpg","articleSection":["De Opini\u00f3n"],"inLanguage":"es"},{"@type":"WebPage","@id":"https:\/\/lospoliticosveracruz.com\/?p=112661","url":"https:\/\/lospoliticosveracruz.com\/?p=112661","name":"EL MISTERIO DE LA ENCUESTA - Los pol\u00edticos Veracruz","isPartOf":{"@id":"https:\/\/lospoliticosveracruz.com\/#website"},"primaryImageOfPage":{"@id":"https:\/\/lospoliticosveracruz.com\/?p=112661#primaryimage"},"image":{"@id":"https:\/\/lospoliticosveracruz.com\/?p=112661#primaryimage"},"thumbnailUrl":"https:\/\/lospoliticosveracruz.com.mx\/wp-content\/uploads\/2021\/10\/Zacauilt-150x300.jpg","datePublished":"2023-10-09T18:19:15+00:00","dateModified":"2023-10-10T06:27:14+00:00","breadcrumb":{"@id":"https:\/\/lospoliticosveracruz.com\/?p=112661#breadcrumb"},"inLanguage":"es","potentialAction":[{"@type":"ReadAction","target":["https:\/\/lospoliticosveracruz.com\/?p=112661"]}]},{"@type":"ImageObject","inLanguage":"es","@id":"https:\/\/lospoliticosveracruz.com\/?p=112661#primaryimage","url":"https:\/\/lospoliticosveracruz.com.mx\/wp-content\/uploads\/2021\/10\/Zacauilt-150x300.jpg","contentUrl":"https:\/\/lospoliticosveracruz.com.mx\/wp-content\/uploads\/2021\/10\/Zacauilt-150x300.jpg"},{"@type":"BreadcrumbList","@id":"https:\/\/lospoliticosveracruz.com\/?p=112661#breadcrumb","itemListElement":[{"@type":"ListItem","position":1,"name":"Portada","item":"https:\/\/lospoliticosveracruz.com\/"},{"@type":"ListItem","position":2,"name":"EL MISTERIO DE LA ENCUESTA"}]},{"@type":"WebSite","@id":"https:\/\/lospoliticosveracruz.com\/#website","url":"https:\/\/lospoliticosveracruz.com\/","name":"Los pol\u00edticos Veracruz","description":"","publisher":{"@id":"https:\/\/lospoliticosveracruz.com\/#organization"},"potentialAction":[{"@type":"SearchAction","target":{"@type":"EntryPoint","urlTemplate":"https:\/\/lospoliticosveracruz.com\/?s={search_term_string}"},"query-input":{"@type":"PropertyValueSpecification","valueRequired":true,"valueName":"search_term_string"}}],"inLanguage":"es"},{"@type":"Organization","@id":"https:\/\/lospoliticosveracruz.com\/#organization","name":"Los pol\u00edticos Veracruz","url":"https:\/\/lospoliticosveracruz.com\/","logo":{"@type":"ImageObject","inLanguage":"es","@id":"https:\/\/lospoliticosveracruz.com\/#\/schema\/logo\/image\/","url":"https:\/\/lospoliticosveracruz.com\/wp-content\/uploads\/2025\/12\/Logo-Nuevo-LOS-POLITICOS-1.jpg","contentUrl":"https:\/\/lospoliticosveracruz.com\/wp-content\/uploads\/2025\/12\/Logo-Nuevo-LOS-POLITICOS-1.jpg","width":260,"height":70,"caption":"Los pol\u00edticos Veracruz"},"image":{"@id":"https:\/\/lospoliticosveracruz.com\/#\/schema\/logo\/image\/"},"sameAs":["https:\/\/www.facebook.com\/people\/Notimemes-de-los-Polticos\/61565672886568\/","https:\/\/x.com\/LosPoliticosVer"]},{"@type":"Person","@id":"https:\/\/lospoliticosveracruz.com\/#\/schema\/person\/b8702bb0e538456e6efd07080bf2a4a2","name":"Lo viste en Los Pol\u00edticos","image":{"@type":"ImageObject","inLanguage":"es","@id":"https:\/\/secure.gravatar.com\/avatar\/3a8de04a2656d44082be478bd6c086daa447c4651605818287b9532d3d0bd435?s=96&d=mm&r=g","url":"https:\/\/secure.gravatar.com\/avatar\/3a8de04a2656d44082be478bd6c086daa447c4651605818287b9532d3d0bd435?s=96&d=mm&r=g","contentUrl":"https:\/\/secure.gravatar.com\/avatar\/3a8de04a2656d44082be478bd6c086daa447c4651605818287b9532d3d0bd435?s=96&d=mm&r=g","caption":"Lo viste en Los Pol\u00edticos"},"url":"https:\/\/lospoliticosveracruz.com\/?author=2"}]}},"_links":{"self":[{"href":"https:\/\/lospoliticosveracruz.com\/index.php?rest_route=\/wp\/v2\/posts\/112661","targetHints":{"allow":["GET"]}}],"collection":[{"href":"https:\/\/lospoliticosveracruz.com\/index.php?rest_route=\/wp\/v2\/posts"}],"about":[{"href":"https:\/\/lospoliticosveracruz.com\/index.php?rest_route=\/wp\/v2\/types\/post"}],"author":[{"embeddable":true,"href":"https:\/\/lospoliticosveracruz.com\/index.php?rest_route=\/wp\/v2\/users\/2"}],"replies":[{"embeddable":true,"href":"https:\/\/lospoliticosveracruz.com\/index.php?rest_route=%2Fwp%2Fv2%2Fcomments&post=112661"}],"version-history":[{"count":2,"href":"https:\/\/lospoliticosveracruz.com\/index.php?rest_route=\/wp\/v2\/posts\/112661\/revisions"}],"predecessor-version":[{"id":112700,"href":"https:\/\/lospoliticosveracruz.com\/index.php?rest_route=\/wp\/v2\/posts\/112661\/revisions\/112700"}],"wp:attachment":[{"href":"https:\/\/lospoliticosveracruz.com\/index.php?rest_route=%2Fwp%2Fv2%2Fmedia&parent=112661"}],"wp:term":[{"taxonomy":"category","embeddable":true,"href":"https:\/\/lospoliticosveracruz.com\/index.php?rest_route=%2Fwp%2Fv2%2Fcategories&post=112661"},{"taxonomy":"post_tag","embeddable":true,"href":"https:\/\/lospoliticosveracruz.com\/index.php?rest_route=%2Fwp%2Fv2%2Ftags&post=112661"}],"curies":[{"name":"wp","href":"https:\/\/api.w.org\/{rel}","templated":true}]}}