{"id":112858,"date":"2023-10-13T06:46:04","date_gmt":"2023-10-13T11:46:04","guid":{"rendered":"https:\/\/lospoliticosveracruz.com.mx\/?p=112858"},"modified":"2023-10-13T06:46:08","modified_gmt":"2023-10-13T11:46:08","slug":"objetivo-someter-al-poder-judicial","status":"publish","type":"post","link":"https:\/\/lospoliticosveracruz.com\/?p=112858","title":{"rendered":"OBJETIVO: SOMETER AL PODER JUDICIAL"},"content":{"rendered":"\n<p><strong>Felipe de Jes\u00fas Fern\u00e1ndez Basilio<\/strong><\/p>\n\n\n\n<p><em>Desde a Janela<\/em><\/p>\n\n\n\n<p><\/p>\n\n\n\n<p><em>\u201cYa solo restan once meses y&nbsp;<\/em><em>dieciocho<\/em><em>&nbsp;d\u00edas para que se vaya a &#8230; su rancho\u201d<\/em><\/p>\n\n\n\n<p>De nuevo la noticia m\u00e1s importante a nivel nacional es un ataque por parte del gobierno y sus&nbsp;\u201clegisladores\u201d, es un decir ya que por ellos mismos no legislan nada,&nbsp;en contra del poder ju<a><\/a>dicial federal y en esta ocasi\u00f3n se trata de&nbsp;un asalto a sus finanzas.<\/p>\n\n\n\n<p>Aunque, cabe se\u00f1alar, que ese asalto financiero es solo una parte de una estrategia m\u00e1s elaborada para terminar con cualquier independencia por parte de los juzgadores, la cual consiste en controlarlos totalmente en las cuestiones financieras y en \u00faltima instancia controlar la totalidad de los nombramientos en dicho poder.<\/p>\n\n\n\n<p>Y s\u00ed, porque en una primera etapa planean robarse el dinero de los fideicomisos que administra el poder judicial, para a continuaci\u00f3n aplicarles la mal llamada \u201causteridad republicana\u201d en los pr\u00f3ximos presupuestos y por \u00faltimo hacer de elecci\u00f3n popular todos los cargos en ese poder, es decir, jueces, magistrados y ministros.<\/p>\n\n\n\n<p>El primer punto de los mencionados es muy delicado por varias razones, siendo una de ellas el que esos fideicomisos tienen fondos que se utilizan para&nbsp;cubrir prestaciones laborales de quienes ah\u00ed trabajan, tales como bonos de productividad, pensiones, ayuda para pago de viviendas (hay que tomar en cuenta que su personal puede ser rotado por todo el pa\u00eds y mudarse implica incurrir en demasiados gastos no previstos en lo cotidiano y que por lo mismo es obligaci\u00f3n del empleador el cubrirlos, ya que esos gastos se generan por la naturaleza del trabajo y no por gusto de quienes lo desempe\u00f1an).<\/p>\n\n\n\n<p>Pues todo ese dinero, el gobierno pretende apropi\u00e1rselo y usarlo discrecionalmente en sus fines, que en este momento no son otros m\u00e1s que ganar a como d\u00e9 lugar las pr\u00f3ximas elecciones que ya les resultaron muy competidas.<\/p>\n\n\n\n<p>Lo mismo ocurre con los recortes presupuestales que seguramente le van a tratar de hacer al poder judicial cuando se vote el presupuesto de egresos de la federaci\u00f3n.<\/p>\n\n\n\n<p>Desde luego que tambi\u00e9n vienen en estas medidas los aspectos pol\u00edtico y pasional, ya que en el primero de los casos un r\u00e9gimen con claras tendencias autoritarias como lo es el de la transformaci\u00f3n que no fue, no soporta que exista un&nbsp;poder que no est\u00e9 sometido a sus designios y que en cuanta controversia legal a la que sea sometido&nbsp;le apliquen la ley tal y como est\u00e1 escrita, ganado el pleito algunas veces y perdi\u00e9ndolo la mayor\u00eda por resultar ilegal su actuar.<\/p>\n\n\n\n<p>Por el lado pasional, hay que decir que L\u00f3pez Obrador es un hombre profundamente rencoroso y vengativo que no le perdona a los jueces, magistrados y ministros el que hayan echado para atr\u00e1s o al menos detenido muchas de las leyes que ha tratado de imponer, a\u00fan y cuando van en contra de la constituci\u00f3n y por esa raz\u00f3n su manera de tomar revancha es ahogarlos financieramente y de ser posible, ponerlos a todos en la calle.<\/p>\n\n\n\n<p>Cosa que lograr\u00eda, si el a\u00f1o que entra obtiene una mayor\u00eda calificada para reformar la constituci\u00f3n y as\u00ed imponer su modelo de elecci\u00f3n popular de los juzgadores.<\/p>\n\n\n\n<p>Ya que entramos en este tema el cual, por cierto, es la raz\u00f3n final de la estrategia para lograr la sumisi\u00f3n de la rama judicial del Estado Mexicano al gobierno, resulta que ese modelo que proponen es una verdadera aberraci\u00f3n&nbsp;constitucional; y es que, la impartici\u00f3n de justicia es una cuesti\u00f3n absolutamente t\u00e9cnica basada en el estudio y la interpretaci\u00f3n de la ley, raz\u00f3n por la cual no puede ponerse en manos de personas que por simpat\u00edas o apoyos gubernamentales ganen una elecci\u00f3n sin tener los conocimientos en la ciencia jur\u00eddica que resultan necesarios para poder interpretar y aplicar la ley.<\/p>\n\n\n\n<p>Ciertamente el poder judicial no es la perfecci\u00f3n, ya que tiene varias falencias, pero el objetivo de una verdadera pol\u00edtica es buscar la manera de mejorarlo y no de hacerlo a\u00fan m\u00e1s ineficiente, como ser\u00eda con la reforma que proponen en Palacio Nacional.<\/p>\n\n\n\n<p>Por otra parte, el hacer de elecci\u00f3n popular los cargos de jueces, magistrados y ministros, destruir\u00eda por completo cualquier intento de superaci\u00f3n personal por parte de quienes laboran ah\u00ed, ya que desaparecer\u00eda el incentivo de escalar posiciones de acuerdo al m\u00e9rito personal y si &nbsp;a eso le sumamos los recortes presupuestales y la desaparici\u00f3n de los fideicomisos que sirven para pagar prestaciones a quienes ah\u00ed laboran, tendr\u00edamos un poder judicial sumido en la ineficiencia y en el que solo los muy desesperados quisieran trabajar en \u00e9l; escenario fabuloso para un gobierno autoritario, pero destructivo para los ciudadanos libres, ya que no hay que olvidar que l poder judicial de la federaci\u00f3n es el \u00fanico que en M\u00e9xico puede controlar los abusos de poder por parte de las autoridades.<\/p>\n\n\n\n<p>Ya la calca del presidente que pretende ser su sucesora, la se\u00f1ora Sheinbaum, anunci\u00f3 que de ser presidente buscar\u00e1 concretar esa reforma; ahora en nosotros los votantes est\u00e1 el decidir si se le concede ese \u201cgustito\u201d que nos va a salir muy costoso, ya que se perder\u00eda el estado de derecho que todav\u00eda gozamos o si, por el contrario,&nbsp;en las urnas se detiene el intento autoritario y se conserva el equilibrio entre poderes y en un futuro inmediato, se contin\u00faa buscando hacer m\u00e1s eficaz la impartici\u00f3n de justicia.<\/p>\n\n\n\n<p>La decisi\u00f3n est\u00e1 en las urnas el pr\u00f3ximo a\u00f1o.<\/p>\n\n\n\n<p>En otro tema, es de tomarse en cuenta que siendo de origen jud\u00edo, Claudia Sheinbaum pr\u00e1cticamente tom\u00f3 partido por quienes masacran&nbsp;al pueblo de sus antepasados; si el llamado de la sangre no le inmuta, \u00bfQu\u00e9 podr\u00e1 esperarse de otras cuestiones como la de la nacionalidad mexicana que dice tener?<\/p>\n\n\n\n<p>Otra cuesti\u00f3n para tomar en cuenta antes de votar.<\/p>\n\n\n\n<p><a href=\"mailto:felfebas@gmail.com\">felfebas@gmail.com<\/a><\/p>\n\n\n\n<p>Twitter: @FelipeFBasilio<\/p>\n","protected":false},"excerpt":{"rendered":"<p>Felipe de Jes\u00fas Fern\u00e1ndez Basilio Desde a Janela \u201cYa solo restan once meses y&nbsp;dieciocho&nbsp;d\u00edas para que se vaya a &#8230; su rancho\u201d De nuevo la noticia m\u00e1s importante a nivel nacional es un ataque por parte del gobierno y sus&nbsp;\u201clegisladores\u201d, es un decir ya que por ellos mismos no legislan nada,&nbsp;en contra del poder judicial [&hellip;]<\/p>\n","protected":false},"author":2,"featured_media":46470,"comment_status":"closed","ping_status":"closed","sticky":false,"template":"","format":"standard","meta":{"tdm_status":"","tdm_grid_status":"","footnotes":""},"categories":[70],"tags":[618,16505,82],"class_list":{"0":"post-112858","1":"post","2":"type-post","3":"status-publish","4":"format-standard","5":"has-post-thumbnail","7":"category-de-opinion","8":"tag-andres-manuel-lopez-obrador","9":"tag-fideicomisos","10":"tag-poder-judicial"},"yoast_head":"<!-- This site is optimized with the Yoast SEO plugin v27.4 - https:\/\/yoast.com\/product\/yoast-seo-wordpress\/ -->\n<title>OBJETIVO: SOMETER AL PODER JUDICIAL - Los pol\u00edticos Veracruz<\/title>\n<meta name=\"robots\" content=\"index, follow, max-snippet:-1, max-image-preview:large, max-video-preview:-1\" \/>\n<link rel=\"canonical\" href=\"https:\/\/lospoliticosveracruz.com\/?p=112858\" \/>\n<meta property=\"og:locale\" content=\"es_ES\" \/>\n<meta property=\"og:type\" content=\"article\" \/>\n<meta property=\"og:title\" content=\"OBJETIVO: SOMETER AL PODER JUDICIAL - Los pol\u00edticos Veracruz\" \/>\n<meta property=\"og:description\" content=\"Felipe de Jes\u00fas Fern\u00e1ndez Basilio Desde a Janela \u201cYa solo restan once meses y&nbsp;dieciocho&nbsp;d\u00edas para que se vaya a &#8230; su rancho\u201d De nuevo la noticia m\u00e1s importante a nivel nacional es un ataque por parte del gobierno y sus&nbsp;\u201clegisladores\u201d, es un decir ya que por ellos mismos no legislan nada,&nbsp;en contra del poder judicial [&hellip;]\" \/>\n<meta property=\"og:url\" content=\"https:\/\/lospoliticosveracruz.com\/?p=112858\" \/>\n<meta property=\"og:site_name\" content=\"Los pol\u00edticos Veracruz\" \/>\n<meta property=\"article:publisher\" content=\"https:\/\/www.facebook.com\/people\/Notimemes-de-los-Polticos\/61565672886568\/\" \/>\n<meta property=\"article:published_time\" content=\"2023-10-13T11:46:04+00:00\" \/>\n<meta property=\"article:modified_time\" content=\"2023-10-13T11:46:08+00:00\" \/>\n<meta property=\"og:image\" content=\"https:\/\/lospoliticosveracruz.com\/wp-content\/uploads\/2019\/01\/Poder-judicial.jpg\" \/>\n\t<meta property=\"og:image:width\" content=\"600\" \/>\n\t<meta property=\"og:image:height\" content=\"346\" \/>\n\t<meta property=\"og:image:type\" content=\"image\/jpeg\" \/>\n<meta name=\"author\" content=\"Lo viste en Los Pol\u00edticos\" \/>\n<meta name=\"twitter:card\" content=\"summary_large_image\" \/>\n<meta name=\"twitter:creator\" content=\"@LosPoliticosVer\" \/>\n<meta name=\"twitter:site\" content=\"@LosPoliticosVer\" \/>\n<meta name=\"twitter:label1\" content=\"Escrito por\" \/>\n\t<meta name=\"twitter:data1\" content=\"Lo viste en Los Pol\u00edticos\" \/>\n\t<meta name=\"twitter:label2\" content=\"Tiempo de lectura\" \/>\n\t<meta name=\"twitter:data2\" content=\"5 minutos\" \/>\n<script type=\"application\/ld+json\" class=\"yoast-schema-graph\">{\"@context\":\"https:\\\/\\\/schema.org\",\"@graph\":[{\"@type\":\"Article\",\"@id\":\"https:\\\/\\\/lospoliticosveracruz.com\\\/?p=112858#article\",\"isPartOf\":{\"@id\":\"https:\\\/\\\/lospoliticosveracruz.com\\\/?p=112858\"},\"author\":{\"name\":\"Lo viste en Los Pol\u00edticos\",\"@id\":\"https:\\\/\\\/lospoliticosveracruz.com\\\/#\\\/schema\\\/person\\\/b8702bb0e538456e6efd07080bf2a4a2\"},\"headline\":\"OBJETIVO: SOMETER AL PODER JUDICIAL\",\"datePublished\":\"2023-10-13T11:46:04+00:00\",\"dateModified\":\"2023-10-13T11:46:08+00:00\",\"mainEntityOfPage\":{\"@id\":\"https:\\\/\\\/lospoliticosveracruz.com\\\/?p=112858\"},\"wordCount\":1047,\"publisher\":{\"@id\":\"https:\\\/\\\/lospoliticosveracruz.com\\\/#organization\"},\"image\":{\"@id\":\"https:\\\/\\\/lospoliticosveracruz.com\\\/?p=112858#primaryimage\"},\"thumbnailUrl\":\"https:\\\/\\\/lospoliticosveracruz.com\\\/wp-content\\\/uploads\\\/2019\\\/01\\\/Poder-judicial.jpg\",\"keywords\":[\"Andr\u00e9s Manuel L\u00f3pez Obrador\",\"fideicomisos\",\"Poder Judicial\"],\"articleSection\":[\"De Opini\u00f3n\"],\"inLanguage\":\"es\"},{\"@type\":\"WebPage\",\"@id\":\"https:\\\/\\\/lospoliticosveracruz.com\\\/?p=112858\",\"url\":\"https:\\\/\\\/lospoliticosveracruz.com\\\/?p=112858\",\"name\":\"OBJETIVO: SOMETER AL PODER JUDICIAL - Los pol\u00edticos Veracruz\",\"isPartOf\":{\"@id\":\"https:\\\/\\\/lospoliticosveracruz.com\\\/#website\"},\"primaryImageOfPage\":{\"@id\":\"https:\\\/\\\/lospoliticosveracruz.com\\\/?p=112858#primaryimage\"},\"image\":{\"@id\":\"https:\\\/\\\/lospoliticosveracruz.com\\\/?p=112858#primaryimage\"},\"thumbnailUrl\":\"https:\\\/\\\/lospoliticosveracruz.com\\\/wp-content\\\/uploads\\\/2019\\\/01\\\/Poder-judicial.jpg\",\"datePublished\":\"2023-10-13T11:46:04+00:00\",\"dateModified\":\"2023-10-13T11:46:08+00:00\",\"breadcrumb\":{\"@id\":\"https:\\\/\\\/lospoliticosveracruz.com\\\/?p=112858#breadcrumb\"},\"inLanguage\":\"es\",\"potentialAction\":[{\"@type\":\"ReadAction\",\"target\":[\"https:\\\/\\\/lospoliticosveracruz.com\\\/?p=112858\"]}]},{\"@type\":\"ImageObject\",\"inLanguage\":\"es\",\"@id\":\"https:\\\/\\\/lospoliticosveracruz.com\\\/?p=112858#primaryimage\",\"url\":\"https:\\\/\\\/lospoliticosveracruz.com\\\/wp-content\\\/uploads\\\/2019\\\/01\\\/Poder-judicial.jpg\",\"contentUrl\":\"https:\\\/\\\/lospoliticosveracruz.com\\\/wp-content\\\/uploads\\\/2019\\\/01\\\/Poder-judicial.jpg\",\"width\":600,\"height\":346},{\"@type\":\"BreadcrumbList\",\"@id\":\"https:\\\/\\\/lospoliticosveracruz.com\\\/?p=112858#breadcrumb\",\"itemListElement\":[{\"@type\":\"ListItem\",\"position\":1,\"name\":\"Portada\",\"item\":\"https:\\\/\\\/lospoliticosveracruz.com\\\/\"},{\"@type\":\"ListItem\",\"position\":2,\"name\":\"OBJETIVO: SOMETER AL PODER JUDICIAL\"}]},{\"@type\":\"WebSite\",\"@id\":\"https:\\\/\\\/lospoliticosveracruz.com\\\/#website\",\"url\":\"https:\\\/\\\/lospoliticosveracruz.com\\\/\",\"name\":\"Los pol\u00edticos Veracruz\",\"description\":\"\",\"publisher\":{\"@id\":\"https:\\\/\\\/lospoliticosveracruz.com\\\/#organization\"},\"potentialAction\":[{\"@type\":\"SearchAction\",\"target\":{\"@type\":\"EntryPoint\",\"urlTemplate\":\"https:\\\/\\\/lospoliticosveracruz.com\\\/?s={search_term_string}\"},\"query-input\":{\"@type\":\"PropertyValueSpecification\",\"valueRequired\":true,\"valueName\":\"search_term_string\"}}],\"inLanguage\":\"es\"},{\"@type\":\"Organization\",\"@id\":\"https:\\\/\\\/lospoliticosveracruz.com\\\/#organization\",\"name\":\"Los pol\u00edticos Veracruz\",\"url\":\"https:\\\/\\\/lospoliticosveracruz.com\\\/\",\"logo\":{\"@type\":\"ImageObject\",\"inLanguage\":\"es\",\"@id\":\"https:\\\/\\\/lospoliticosveracruz.com\\\/#\\\/schema\\\/logo\\\/image\\\/\",\"url\":\"https:\\\/\\\/lospoliticosveracruz.com\\\/wp-content\\\/uploads\\\/2025\\\/12\\\/Logo-Nuevo-LOS-POLITICOS-1.jpg\",\"contentUrl\":\"https:\\\/\\\/lospoliticosveracruz.com\\\/wp-content\\\/uploads\\\/2025\\\/12\\\/Logo-Nuevo-LOS-POLITICOS-1.jpg\",\"width\":260,\"height\":70,\"caption\":\"Los pol\u00edticos Veracruz\"},\"image\":{\"@id\":\"https:\\\/\\\/lospoliticosveracruz.com\\\/#\\\/schema\\\/logo\\\/image\\\/\"},\"sameAs\":[\"https:\\\/\\\/www.facebook.com\\\/people\\\/Notimemes-de-los-Polticos\\\/61565672886568\\\/\",\"https:\\\/\\\/x.com\\\/LosPoliticosVer\"]},{\"@type\":\"Person\",\"@id\":\"https:\\\/\\\/lospoliticosveracruz.com\\\/#\\\/schema\\\/person\\\/b8702bb0e538456e6efd07080bf2a4a2\",\"name\":\"Lo viste en Los Pol\u00edticos\",\"image\":{\"@type\":\"ImageObject\",\"inLanguage\":\"es\",\"@id\":\"https:\\\/\\\/secure.gravatar.com\\\/avatar\\\/3a8de04a2656d44082be478bd6c086daa447c4651605818287b9532d3d0bd435?s=96&d=mm&r=g\",\"url\":\"https:\\\/\\\/secure.gravatar.com\\\/avatar\\\/3a8de04a2656d44082be478bd6c086daa447c4651605818287b9532d3d0bd435?s=96&d=mm&r=g\",\"contentUrl\":\"https:\\\/\\\/secure.gravatar.com\\\/avatar\\\/3a8de04a2656d44082be478bd6c086daa447c4651605818287b9532d3d0bd435?s=96&d=mm&r=g\",\"caption\":\"Lo viste en Los Pol\u00edticos\"},\"url\":\"https:\\\/\\\/lospoliticosveracruz.com\\\/?author=2\"}]}<\/script>\n<!-- \/ Yoast SEO plugin. -->","yoast_head_json":{"title":"OBJETIVO: SOMETER AL PODER JUDICIAL - Los pol\u00edticos Veracruz","robots":{"index":"index","follow":"follow","max-snippet":"max-snippet:-1","max-image-preview":"max-image-preview:large","max-video-preview":"max-video-preview:-1"},"canonical":"https:\/\/lospoliticosveracruz.com\/?p=112858","og_locale":"es_ES","og_type":"article","og_title":"OBJETIVO: SOMETER AL PODER JUDICIAL - Los pol\u00edticos Veracruz","og_description":"Felipe de Jes\u00fas Fern\u00e1ndez Basilio Desde a Janela \u201cYa solo restan once meses y&nbsp;dieciocho&nbsp;d\u00edas para que se vaya a &#8230; su rancho\u201d De nuevo la noticia m\u00e1s importante a nivel nacional es un ataque por parte del gobierno y sus&nbsp;\u201clegisladores\u201d, es un decir ya que por ellos mismos no legislan nada,&nbsp;en contra del poder judicial [&hellip;]","og_url":"https:\/\/lospoliticosveracruz.com\/?p=112858","og_site_name":"Los pol\u00edticos Veracruz","article_publisher":"https:\/\/www.facebook.com\/people\/Notimemes-de-los-Polticos\/61565672886568\/","article_published_time":"2023-10-13T11:46:04+00:00","article_modified_time":"2023-10-13T11:46:08+00:00","og_image":[{"width":600,"height":346,"url":"https:\/\/lospoliticosveracruz.com\/wp-content\/uploads\/2019\/01\/Poder-judicial.jpg","type":"image\/jpeg"}],"author":"Lo viste en Los Pol\u00edticos","twitter_card":"summary_large_image","twitter_creator":"@LosPoliticosVer","twitter_site":"@LosPoliticosVer","twitter_misc":{"Escrito por":"Lo viste en Los Pol\u00edticos","Tiempo de lectura":"5 minutos"},"schema":{"@context":"https:\/\/schema.org","@graph":[{"@type":"Article","@id":"https:\/\/lospoliticosveracruz.com\/?p=112858#article","isPartOf":{"@id":"https:\/\/lospoliticosveracruz.com\/?p=112858"},"author":{"name":"Lo viste en Los Pol\u00edticos","@id":"https:\/\/lospoliticosveracruz.com\/#\/schema\/person\/b8702bb0e538456e6efd07080bf2a4a2"},"headline":"OBJETIVO: SOMETER AL PODER JUDICIAL","datePublished":"2023-10-13T11:46:04+00:00","dateModified":"2023-10-13T11:46:08+00:00","mainEntityOfPage":{"@id":"https:\/\/lospoliticosveracruz.com\/?p=112858"},"wordCount":1047,"publisher":{"@id":"https:\/\/lospoliticosveracruz.com\/#organization"},"image":{"@id":"https:\/\/lospoliticosveracruz.com\/?p=112858#primaryimage"},"thumbnailUrl":"https:\/\/lospoliticosveracruz.com\/wp-content\/uploads\/2019\/01\/Poder-judicial.jpg","keywords":["Andr\u00e9s Manuel L\u00f3pez Obrador","fideicomisos","Poder Judicial"],"articleSection":["De Opini\u00f3n"],"inLanguage":"es"},{"@type":"WebPage","@id":"https:\/\/lospoliticosveracruz.com\/?p=112858","url":"https:\/\/lospoliticosveracruz.com\/?p=112858","name":"OBJETIVO: SOMETER AL PODER JUDICIAL - Los pol\u00edticos Veracruz","isPartOf":{"@id":"https:\/\/lospoliticosveracruz.com\/#website"},"primaryImageOfPage":{"@id":"https:\/\/lospoliticosveracruz.com\/?p=112858#primaryimage"},"image":{"@id":"https:\/\/lospoliticosveracruz.com\/?p=112858#primaryimage"},"thumbnailUrl":"https:\/\/lospoliticosveracruz.com\/wp-content\/uploads\/2019\/01\/Poder-judicial.jpg","datePublished":"2023-10-13T11:46:04+00:00","dateModified":"2023-10-13T11:46:08+00:00","breadcrumb":{"@id":"https:\/\/lospoliticosveracruz.com\/?p=112858#breadcrumb"},"inLanguage":"es","potentialAction":[{"@type":"ReadAction","target":["https:\/\/lospoliticosveracruz.com\/?p=112858"]}]},{"@type":"ImageObject","inLanguage":"es","@id":"https:\/\/lospoliticosveracruz.com\/?p=112858#primaryimage","url":"https:\/\/lospoliticosveracruz.com\/wp-content\/uploads\/2019\/01\/Poder-judicial.jpg","contentUrl":"https:\/\/lospoliticosveracruz.com\/wp-content\/uploads\/2019\/01\/Poder-judicial.jpg","width":600,"height":346},{"@type":"BreadcrumbList","@id":"https:\/\/lospoliticosveracruz.com\/?p=112858#breadcrumb","itemListElement":[{"@type":"ListItem","position":1,"name":"Portada","item":"https:\/\/lospoliticosveracruz.com\/"},{"@type":"ListItem","position":2,"name":"OBJETIVO: SOMETER AL PODER JUDICIAL"}]},{"@type":"WebSite","@id":"https:\/\/lospoliticosveracruz.com\/#website","url":"https:\/\/lospoliticosveracruz.com\/","name":"Los pol\u00edticos Veracruz","description":"","publisher":{"@id":"https:\/\/lospoliticosveracruz.com\/#organization"},"potentialAction":[{"@type":"SearchAction","target":{"@type":"EntryPoint","urlTemplate":"https:\/\/lospoliticosveracruz.com\/?s={search_term_string}"},"query-input":{"@type":"PropertyValueSpecification","valueRequired":true,"valueName":"search_term_string"}}],"inLanguage":"es"},{"@type":"Organization","@id":"https:\/\/lospoliticosveracruz.com\/#organization","name":"Los pol\u00edticos Veracruz","url":"https:\/\/lospoliticosveracruz.com\/","logo":{"@type":"ImageObject","inLanguage":"es","@id":"https:\/\/lospoliticosveracruz.com\/#\/schema\/logo\/image\/","url":"https:\/\/lospoliticosveracruz.com\/wp-content\/uploads\/2025\/12\/Logo-Nuevo-LOS-POLITICOS-1.jpg","contentUrl":"https:\/\/lospoliticosveracruz.com\/wp-content\/uploads\/2025\/12\/Logo-Nuevo-LOS-POLITICOS-1.jpg","width":260,"height":70,"caption":"Los pol\u00edticos Veracruz"},"image":{"@id":"https:\/\/lospoliticosveracruz.com\/#\/schema\/logo\/image\/"},"sameAs":["https:\/\/www.facebook.com\/people\/Notimemes-de-los-Polticos\/61565672886568\/","https:\/\/x.com\/LosPoliticosVer"]},{"@type":"Person","@id":"https:\/\/lospoliticosveracruz.com\/#\/schema\/person\/b8702bb0e538456e6efd07080bf2a4a2","name":"Lo viste en Los Pol\u00edticos","image":{"@type":"ImageObject","inLanguage":"es","@id":"https:\/\/secure.gravatar.com\/avatar\/3a8de04a2656d44082be478bd6c086daa447c4651605818287b9532d3d0bd435?s=96&d=mm&r=g","url":"https:\/\/secure.gravatar.com\/avatar\/3a8de04a2656d44082be478bd6c086daa447c4651605818287b9532d3d0bd435?s=96&d=mm&r=g","contentUrl":"https:\/\/secure.gravatar.com\/avatar\/3a8de04a2656d44082be478bd6c086daa447c4651605818287b9532d3d0bd435?s=96&d=mm&r=g","caption":"Lo viste en Los Pol\u00edticos"},"url":"https:\/\/lospoliticosveracruz.com\/?author=2"}]}},"_links":{"self":[{"href":"https:\/\/lospoliticosveracruz.com\/index.php?rest_route=\/wp\/v2\/posts\/112858","targetHints":{"allow":["GET"]}}],"collection":[{"href":"https:\/\/lospoliticosveracruz.com\/index.php?rest_route=\/wp\/v2\/posts"}],"about":[{"href":"https:\/\/lospoliticosveracruz.com\/index.php?rest_route=\/wp\/v2\/types\/post"}],"author":[{"embeddable":true,"href":"https:\/\/lospoliticosveracruz.com\/index.php?rest_route=\/wp\/v2\/users\/2"}],"replies":[{"embeddable":true,"href":"https:\/\/lospoliticosveracruz.com\/index.php?rest_route=%2Fwp%2Fv2%2Fcomments&post=112858"}],"version-history":[{"count":1,"href":"https:\/\/lospoliticosveracruz.com\/index.php?rest_route=\/wp\/v2\/posts\/112858\/revisions"}],"predecessor-version":[{"id":112859,"href":"https:\/\/lospoliticosveracruz.com\/index.php?rest_route=\/wp\/v2\/posts\/112858\/revisions\/112859"}],"wp:featuredmedia":[{"embeddable":true,"href":"https:\/\/lospoliticosveracruz.com\/index.php?rest_route=\/wp\/v2\/media\/46470"}],"wp:attachment":[{"href":"https:\/\/lospoliticosveracruz.com\/index.php?rest_route=%2Fwp%2Fv2%2Fmedia&parent=112858"}],"wp:term":[{"taxonomy":"category","embeddable":true,"href":"https:\/\/lospoliticosveracruz.com\/index.php?rest_route=%2Fwp%2Fv2%2Fcategories&post=112858"},{"taxonomy":"post_tag","embeddable":true,"href":"https:\/\/lospoliticosveracruz.com\/index.php?rest_route=%2Fwp%2Fv2%2Ftags&post=112858"}],"curies":[{"name":"wp","href":"https:\/\/api.w.org\/{rel}","templated":true}]}}