{"id":112877,"date":"2023-10-13T13:48:00","date_gmt":"2023-10-13T18:48:00","guid":{"rendered":"https:\/\/lospoliticosveracruz.com.mx\/?p=112877"},"modified":"2023-10-13T13:48:09","modified_gmt":"2023-10-13T18:48:09","slug":"pri-mas-revolucion-y-menos-discurso","status":"publish","type":"post","link":"https:\/\/lospoliticosveracruz.com\/?p=112877","title":{"rendered":"PRI: M\u00c1S REVOLUCI\u00d3N Y MENOS DISCURSO"},"content":{"rendered":"\n<p><strong>Vicente Luna Hern\u00e1ndez<br><\/strong>Los grupos pol\u00edticos al interior y fuera del PRI en Veracruz se est\u00e1n moviendo en busca de la dirigencia estatal del partido, \u00bfqu\u00e9 de raro tiene? Entre la militancia se conoce el historial pol\u00edtico y la trayectoria dentro del servicio p\u00fablico de las y los aspirantes, siempre ha habido priistas de n\u00f3mina y priistas militantes, militantes con la camiseta bien puesta y militantes que han buscado oportunidades en otros partidos para crecer pol\u00edticamente \u00bfcu\u00e1l es el pecado? Tan importante es el militante como los que han caminado fuera del partido, \u00bfvale m\u00e1s de un voto alg\u00fan militante, simpatizante o aliado? Todos valen lo mismo pero no todos tienen el poder de convocatoria ni todos tienen buena imagen p\u00fablica, \u00bfhabr\u00e1 votos de primera y votos de segunda? Quien trate con respeto y dignidad a las y los ciudadanos tendr\u00e1 mayor porcentaje de votaci\u00f3n, \u00bfqui\u00e9n quiere el respaldo de las y los ciudadanos?<br>La mayor\u00eda de partidos est\u00e1n con riesgo de perder su registro nacional, \u00bfqu\u00e9 parte no se entiende? La corretiza hacia partidos es la historia de todos los procesos electorales, entran unos salen otros, renuncian unos se suman otros, son canallas unos pero al ponerse la nueva camiseta pasan a ser casi h\u00e9roes nacionales, \u00bfa qui\u00e9n quieren enga\u00f1ar? Hoy todos necesitan de todos para ganar en el 2024, quiere abra m\u00e1s puertas y ventanas, quien tienda m\u00e1s puentes tendr\u00e1 m\u00e1s posibilidades de lograr sus objetivos principales, estar en condiciones de fortalecer sus estructuras y aumentar su n\u00famero de votos y asi podr\u00e1 salvar su registro, votos es dinero para las dirigencias, los triunfos electorales son buenos per los recursos econ\u00f3micos\u2026m\u00e1s.<br>El PRI necesita encabezar una revoluci\u00f3n al interior de sus estructuras, todo el comit\u00e9 estatal de cualquier partido &#8211; debe tener claro que las militancias no son empleados del partido, dar los recursos econ\u00f3micos a las y los delegados para operar en tierra es de sobrevivencia electoral, no hacerlo ser\u00e1 solo una vil simulaci\u00f3n, \u00bfde qu\u00e9 sirve una dirigencia estatal rica con unas estructuras municipales pobres? Aquellos que se enriquecieron bajo las siglas del PRI navegan hoy en otros partidos pol\u00edticos, fuera m\u00e1scaras, quien llegue a la dirigencia estatal debe impulsar una mezcla de nuevos liderazgos con la vieja guardia tricolor, ese discurso de que son importantes los j\u00f3venes debe pasar de las palabras a los hechos pero todos los sectores sociales son importantes, ninguno es m\u00e1s que el otro, solo al final del proceso electoral se ver\u00e1 qu\u00e9 sector participo m\u00e1s a favor del partido, \u00bfy por mientras?<br>Por mientras la convocar\u00eda debe ser la m\u00e1s amplia en la historia del PRI, buscar a todos, visitar a todos, convocar a todos, caminar todo, ante la elecci\u00f3n m\u00e1s grande de la historia de M\u00e9xico debe haber una dirigencia a la altura de las circunstancias.<br>Hay que ser muy cuidadosos con las declaraciones p\u00fablicas si lo que se quiere es fortalecer al partido, decir: \u00abhabr\u00e1 puertas abiertas pero empezar\u00e1n desde abajo\u00bb es una invitaci\u00f3n como decir: \u00abte invito a mi fiesta pero no debes comer pastel ni antojitos\u00bb eso fortalece al interior de su militancia a alg\u00fan aspirante pero \u00bfacaso no sabe que el voto de la militancia no les alcanza para ganar una elecci\u00f3n? \u00bfAcaso no sabe que muchos militantes hoy caminan en otras fuerzas pol\u00edticas o andan con aspirantes ajenos al PRI? \u00bfNo tiene estad\u00edsticas a la mano de la votaci\u00f3n solo con su militancia? Nada de romanticismo pol\u00edtico, para ganar hoy cualquier partido pol\u00edtico debe hacer la convocatoria m\u00e1s amplia, abrir puertas, ventanas y la puerta del garaje, la elecci\u00f3n se ganar\u00e1 con votos y los votos est\u00e1n afuera de sus padrones de afiliados.<br>Es cierto que hay que mostrar sensibilidad pol\u00edtica con la militancia &#8211; la mayor\u00eda de las veces es lo que menos se hace &#8211; abrazar a los cercanos pero estirar la mano para acercar a los lejanos, escuchar los reclamos que est\u00e1n guardados y reconocer p\u00fablicamente lo abandonado que han estado los comit\u00e9s municipales, es la historia de siempre pero con diferentes resultados, antes con el poder se daban el lujo de menospreciar a la militancia, de no caminar territorios, de no salir del hotel con clima y comer en los mejores lugares, hoy las cosas son diferentes, la militancia est\u00e1 agazapada y a pesar de estar considerada en los padrones partidistas\u2026tranquilamente puede caminar en sentido contrario sin rubor alguno, si se han ido los que se enriquecieron o presumen &#8211; en las sombras -doble camiseta, \u00bf por qu\u00e9 no lo har\u00e1 el militante an\u00f3nimo?<br>Seguramente el PRI tendr\u00e1 entre sus filas a un hombre y una mujer, a una mujer y un hombre con la capacidad, experiencia y sensibilidad pol\u00edtica para conducir los trabajos hacia el 2024, nadie es indispensable y todos son importantes, los nombres que se mencionan traen su propio capital pol\u00edtico, todos se necesitan, debe llegar quien sepa ganar elecciones desde la comodidad de contar con el respaldo del gobierno estatal o federal como ganar a pesar de tener el poder en contra, desde ah\u00ed inicia su revoluci\u00f3n.<br>P.D.- Con el \u00e1nimo que por la salud de la democracia existan partidos de puertas abiertas para canalizar la participaci\u00f3n social como lo marca el art\u00edculo 41 constitucional\u2026.Escribir\u00e9 otro d\u00eda<\/p>\n","protected":false},"excerpt":{"rendered":"<p>Vicente Luna Hern\u00e1ndezLos grupos pol\u00edticos al interior y fuera del PRI en Veracruz se est\u00e1n moviendo en busca de la dirigencia estatal del partido, \u00bfqu\u00e9 de raro tiene? Entre la militancia se conoce el historial pol\u00edtico y la trayectoria dentro del servicio p\u00fablico de las y los aspirantes, siempre ha habido priistas de n\u00f3mina y [&hellip;]<\/p>\n","protected":false},"author":2,"featured_media":0,"comment_status":"closed","ping_status":"closed","sticky":false,"template":"","format":"standard","meta":{"tdm_status":"","tdm_grid_status":"","footnotes":""},"categories":[70],"tags":[20045,15667],"class_list":{"0":"post-112877","1":"post","2":"type-post","3":"status-publish","4":"format-standard","6":"category-de-opinion","7":"tag-pri-en-veracruz","8":"tag-vicente-luna-hernandez"},"yoast_head":"<!-- This site is optimized with the Yoast SEO plugin v27.4 - https:\/\/yoast.com\/product\/yoast-seo-wordpress\/ -->\n<title>PRI: M\u00c1S REVOLUCI\u00d3N Y MENOS DISCURSO - Los pol\u00edticos Veracruz<\/title>\n<meta name=\"robots\" content=\"index, follow, max-snippet:-1, max-image-preview:large, max-video-preview:-1\" \/>\n<link rel=\"canonical\" href=\"https:\/\/lospoliticosveracruz.com\/?p=112877\" \/>\n<meta property=\"og:locale\" content=\"es_ES\" \/>\n<meta property=\"og:type\" content=\"article\" \/>\n<meta property=\"og:title\" content=\"PRI: M\u00c1S REVOLUCI\u00d3N Y MENOS DISCURSO - Los pol\u00edticos Veracruz\" \/>\n<meta property=\"og:description\" content=\"Vicente Luna Hern\u00e1ndezLos grupos pol\u00edticos al interior y fuera del PRI en Veracruz se est\u00e1n moviendo en busca de la dirigencia estatal del partido, \u00bfqu\u00e9 de raro tiene? Entre la militancia se conoce el historial pol\u00edtico y la trayectoria dentro del servicio p\u00fablico de las y los aspirantes, siempre ha habido priistas de n\u00f3mina y [&hellip;]\" \/>\n<meta property=\"og:url\" content=\"https:\/\/lospoliticosveracruz.com\/?p=112877\" \/>\n<meta property=\"og:site_name\" content=\"Los pol\u00edticos Veracruz\" \/>\n<meta property=\"article:publisher\" content=\"https:\/\/www.facebook.com\/people\/Notimemes-de-los-Polticos\/61565672886568\/\" \/>\n<meta property=\"article:published_time\" content=\"2023-10-13T18:48:00+00:00\" \/>\n<meta property=\"article:modified_time\" content=\"2023-10-13T18:48:09+00:00\" \/>\n<meta property=\"og:image\" content=\"https:\/\/lospoliticosveracruz.com\/wp-content\/uploads\/2016\/07\/Logo-Dor.jpg\" \/>\n\t<meta property=\"og:image:width\" content=\"200\" \/>\n\t<meta property=\"og:image:height\" content=\"200\" \/>\n\t<meta property=\"og:image:type\" content=\"image\/jpeg\" \/>\n<meta name=\"author\" content=\"Lo viste en Los Pol\u00edticos\" \/>\n<meta name=\"twitter:card\" content=\"summary_large_image\" \/>\n<meta name=\"twitter:creator\" content=\"@LosPoliticosVer\" \/>\n<meta name=\"twitter:site\" content=\"@LosPoliticosVer\" \/>\n<meta name=\"twitter:label1\" content=\"Escrito por\" \/>\n\t<meta name=\"twitter:data1\" content=\"Lo viste en Los Pol\u00edticos\" \/>\n\t<meta name=\"twitter:label2\" content=\"Tiempo de lectura\" \/>\n\t<meta name=\"twitter:data2\" content=\"5 minutos\" \/>\n<script type=\"application\/ld+json\" class=\"yoast-schema-graph\">{\"@context\":\"https:\\\/\\\/schema.org\",\"@graph\":[{\"@type\":\"Article\",\"@id\":\"https:\\\/\\\/lospoliticosveracruz.com\\\/?p=112877#article\",\"isPartOf\":{\"@id\":\"https:\\\/\\\/lospoliticosveracruz.com\\\/?p=112877\"},\"author\":{\"name\":\"Lo viste en Los Pol\u00edticos\",\"@id\":\"https:\\\/\\\/lospoliticosveracruz.com\\\/#\\\/schema\\\/person\\\/b8702bb0e538456e6efd07080bf2a4a2\"},\"headline\":\"PRI: M\u00c1S REVOLUCI\u00d3N Y MENOS DISCURSO\",\"datePublished\":\"2023-10-13T18:48:00+00:00\",\"dateModified\":\"2023-10-13T18:48:09+00:00\",\"mainEntityOfPage\":{\"@id\":\"https:\\\/\\\/lospoliticosveracruz.com\\\/?p=112877\"},\"wordCount\":942,\"publisher\":{\"@id\":\"https:\\\/\\\/lospoliticosveracruz.com\\\/#organization\"},\"keywords\":[\"PRI en Veracruz\",\"Vicente Luna Hern\u00e1ndez\"],\"articleSection\":[\"De Opini\u00f3n\"],\"inLanguage\":\"es\"},{\"@type\":\"WebPage\",\"@id\":\"https:\\\/\\\/lospoliticosveracruz.com\\\/?p=112877\",\"url\":\"https:\\\/\\\/lospoliticosveracruz.com\\\/?p=112877\",\"name\":\"PRI: M\u00c1S REVOLUCI\u00d3N Y MENOS DISCURSO - Los pol\u00edticos Veracruz\",\"isPartOf\":{\"@id\":\"https:\\\/\\\/lospoliticosveracruz.com\\\/#website\"},\"datePublished\":\"2023-10-13T18:48:00+00:00\",\"dateModified\":\"2023-10-13T18:48:09+00:00\",\"breadcrumb\":{\"@id\":\"https:\\\/\\\/lospoliticosveracruz.com\\\/?p=112877#breadcrumb\"},\"inLanguage\":\"es\",\"potentialAction\":[{\"@type\":\"ReadAction\",\"target\":[\"https:\\\/\\\/lospoliticosveracruz.com\\\/?p=112877\"]}]},{\"@type\":\"BreadcrumbList\",\"@id\":\"https:\\\/\\\/lospoliticosveracruz.com\\\/?p=112877#breadcrumb\",\"itemListElement\":[{\"@type\":\"ListItem\",\"position\":1,\"name\":\"Portada\",\"item\":\"https:\\\/\\\/lospoliticosveracruz.com\\\/\"},{\"@type\":\"ListItem\",\"position\":2,\"name\":\"PRI: M\u00c1S REVOLUCI\u00d3N Y MENOS DISCURSO\"}]},{\"@type\":\"WebSite\",\"@id\":\"https:\\\/\\\/lospoliticosveracruz.com\\\/#website\",\"url\":\"https:\\\/\\\/lospoliticosveracruz.com\\\/\",\"name\":\"Los pol\u00edticos Veracruz\",\"description\":\"\",\"publisher\":{\"@id\":\"https:\\\/\\\/lospoliticosveracruz.com\\\/#organization\"},\"potentialAction\":[{\"@type\":\"SearchAction\",\"target\":{\"@type\":\"EntryPoint\",\"urlTemplate\":\"https:\\\/\\\/lospoliticosveracruz.com\\\/?s={search_term_string}\"},\"query-input\":{\"@type\":\"PropertyValueSpecification\",\"valueRequired\":true,\"valueName\":\"search_term_string\"}}],\"inLanguage\":\"es\"},{\"@type\":\"Organization\",\"@id\":\"https:\\\/\\\/lospoliticosveracruz.com\\\/#organization\",\"name\":\"Los pol\u00edticos Veracruz\",\"url\":\"https:\\\/\\\/lospoliticosveracruz.com\\\/\",\"logo\":{\"@type\":\"ImageObject\",\"inLanguage\":\"es\",\"@id\":\"https:\\\/\\\/lospoliticosveracruz.com\\\/#\\\/schema\\\/logo\\\/image\\\/\",\"url\":\"https:\\\/\\\/lospoliticosveracruz.com\\\/wp-content\\\/uploads\\\/2025\\\/12\\\/Logo-Nuevo-LOS-POLITICOS-1.jpg\",\"contentUrl\":\"https:\\\/\\\/lospoliticosveracruz.com\\\/wp-content\\\/uploads\\\/2025\\\/12\\\/Logo-Nuevo-LOS-POLITICOS-1.jpg\",\"width\":260,\"height\":70,\"caption\":\"Los pol\u00edticos Veracruz\"},\"image\":{\"@id\":\"https:\\\/\\\/lospoliticosveracruz.com\\\/#\\\/schema\\\/logo\\\/image\\\/\"},\"sameAs\":[\"https:\\\/\\\/www.facebook.com\\\/people\\\/Notimemes-de-los-Polticos\\\/61565672886568\\\/\",\"https:\\\/\\\/x.com\\\/LosPoliticosVer\"]},{\"@type\":\"Person\",\"@id\":\"https:\\\/\\\/lospoliticosveracruz.com\\\/#\\\/schema\\\/person\\\/b8702bb0e538456e6efd07080bf2a4a2\",\"name\":\"Lo viste en Los Pol\u00edticos\",\"image\":{\"@type\":\"ImageObject\",\"inLanguage\":\"es\",\"@id\":\"https:\\\/\\\/secure.gravatar.com\\\/avatar\\\/3a8de04a2656d44082be478bd6c086daa447c4651605818287b9532d3d0bd435?s=96&d=mm&r=g\",\"url\":\"https:\\\/\\\/secure.gravatar.com\\\/avatar\\\/3a8de04a2656d44082be478bd6c086daa447c4651605818287b9532d3d0bd435?s=96&d=mm&r=g\",\"contentUrl\":\"https:\\\/\\\/secure.gravatar.com\\\/avatar\\\/3a8de04a2656d44082be478bd6c086daa447c4651605818287b9532d3d0bd435?s=96&d=mm&r=g\",\"caption\":\"Lo viste en Los Pol\u00edticos\"},\"url\":\"https:\\\/\\\/lospoliticosveracruz.com\\\/?author=2\"}]}<\/script>\n<!-- \/ Yoast SEO plugin. -->","yoast_head_json":{"title":"PRI: M\u00c1S REVOLUCI\u00d3N Y MENOS DISCURSO - Los pol\u00edticos Veracruz","robots":{"index":"index","follow":"follow","max-snippet":"max-snippet:-1","max-image-preview":"max-image-preview:large","max-video-preview":"max-video-preview:-1"},"canonical":"https:\/\/lospoliticosveracruz.com\/?p=112877","og_locale":"es_ES","og_type":"article","og_title":"PRI: M\u00c1S REVOLUCI\u00d3N Y MENOS DISCURSO - Los pol\u00edticos Veracruz","og_description":"Vicente Luna Hern\u00e1ndezLos grupos pol\u00edticos al interior y fuera del PRI en Veracruz se est\u00e1n moviendo en busca de la dirigencia estatal del partido, \u00bfqu\u00e9 de raro tiene? Entre la militancia se conoce el historial pol\u00edtico y la trayectoria dentro del servicio p\u00fablico de las y los aspirantes, siempre ha habido priistas de n\u00f3mina y [&hellip;]","og_url":"https:\/\/lospoliticosveracruz.com\/?p=112877","og_site_name":"Los pol\u00edticos Veracruz","article_publisher":"https:\/\/www.facebook.com\/people\/Notimemes-de-los-Polticos\/61565672886568\/","article_published_time":"2023-10-13T18:48:00+00:00","article_modified_time":"2023-10-13T18:48:09+00:00","og_image":[{"width":200,"height":200,"url":"https:\/\/lospoliticosveracruz.com\/wp-content\/uploads\/2016\/07\/Logo-Dor.jpg","type":"image\/jpeg"}],"author":"Lo viste en Los Pol\u00edticos","twitter_card":"summary_large_image","twitter_creator":"@LosPoliticosVer","twitter_site":"@LosPoliticosVer","twitter_misc":{"Escrito por":"Lo viste en Los Pol\u00edticos","Tiempo de lectura":"5 minutos"},"schema":{"@context":"https:\/\/schema.org","@graph":[{"@type":"Article","@id":"https:\/\/lospoliticosveracruz.com\/?p=112877#article","isPartOf":{"@id":"https:\/\/lospoliticosveracruz.com\/?p=112877"},"author":{"name":"Lo viste en Los Pol\u00edticos","@id":"https:\/\/lospoliticosveracruz.com\/#\/schema\/person\/b8702bb0e538456e6efd07080bf2a4a2"},"headline":"PRI: M\u00c1S REVOLUCI\u00d3N Y MENOS DISCURSO","datePublished":"2023-10-13T18:48:00+00:00","dateModified":"2023-10-13T18:48:09+00:00","mainEntityOfPage":{"@id":"https:\/\/lospoliticosveracruz.com\/?p=112877"},"wordCount":942,"publisher":{"@id":"https:\/\/lospoliticosveracruz.com\/#organization"},"keywords":["PRI en Veracruz","Vicente Luna Hern\u00e1ndez"],"articleSection":["De Opini\u00f3n"],"inLanguage":"es"},{"@type":"WebPage","@id":"https:\/\/lospoliticosveracruz.com\/?p=112877","url":"https:\/\/lospoliticosveracruz.com\/?p=112877","name":"PRI: M\u00c1S REVOLUCI\u00d3N Y MENOS DISCURSO - Los pol\u00edticos Veracruz","isPartOf":{"@id":"https:\/\/lospoliticosveracruz.com\/#website"},"datePublished":"2023-10-13T18:48:00+00:00","dateModified":"2023-10-13T18:48:09+00:00","breadcrumb":{"@id":"https:\/\/lospoliticosveracruz.com\/?p=112877#breadcrumb"},"inLanguage":"es","potentialAction":[{"@type":"ReadAction","target":["https:\/\/lospoliticosveracruz.com\/?p=112877"]}]},{"@type":"BreadcrumbList","@id":"https:\/\/lospoliticosveracruz.com\/?p=112877#breadcrumb","itemListElement":[{"@type":"ListItem","position":1,"name":"Portada","item":"https:\/\/lospoliticosveracruz.com\/"},{"@type":"ListItem","position":2,"name":"PRI: M\u00c1S REVOLUCI\u00d3N Y MENOS DISCURSO"}]},{"@type":"WebSite","@id":"https:\/\/lospoliticosveracruz.com\/#website","url":"https:\/\/lospoliticosveracruz.com\/","name":"Los pol\u00edticos Veracruz","description":"","publisher":{"@id":"https:\/\/lospoliticosveracruz.com\/#organization"},"potentialAction":[{"@type":"SearchAction","target":{"@type":"EntryPoint","urlTemplate":"https:\/\/lospoliticosveracruz.com\/?s={search_term_string}"},"query-input":{"@type":"PropertyValueSpecification","valueRequired":true,"valueName":"search_term_string"}}],"inLanguage":"es"},{"@type":"Organization","@id":"https:\/\/lospoliticosveracruz.com\/#organization","name":"Los pol\u00edticos Veracruz","url":"https:\/\/lospoliticosveracruz.com\/","logo":{"@type":"ImageObject","inLanguage":"es","@id":"https:\/\/lospoliticosveracruz.com\/#\/schema\/logo\/image\/","url":"https:\/\/lospoliticosveracruz.com\/wp-content\/uploads\/2025\/12\/Logo-Nuevo-LOS-POLITICOS-1.jpg","contentUrl":"https:\/\/lospoliticosveracruz.com\/wp-content\/uploads\/2025\/12\/Logo-Nuevo-LOS-POLITICOS-1.jpg","width":260,"height":70,"caption":"Los pol\u00edticos Veracruz"},"image":{"@id":"https:\/\/lospoliticosveracruz.com\/#\/schema\/logo\/image\/"},"sameAs":["https:\/\/www.facebook.com\/people\/Notimemes-de-los-Polticos\/61565672886568\/","https:\/\/x.com\/LosPoliticosVer"]},{"@type":"Person","@id":"https:\/\/lospoliticosveracruz.com\/#\/schema\/person\/b8702bb0e538456e6efd07080bf2a4a2","name":"Lo viste en Los Pol\u00edticos","image":{"@type":"ImageObject","inLanguage":"es","@id":"https:\/\/secure.gravatar.com\/avatar\/3a8de04a2656d44082be478bd6c086daa447c4651605818287b9532d3d0bd435?s=96&d=mm&r=g","url":"https:\/\/secure.gravatar.com\/avatar\/3a8de04a2656d44082be478bd6c086daa447c4651605818287b9532d3d0bd435?s=96&d=mm&r=g","contentUrl":"https:\/\/secure.gravatar.com\/avatar\/3a8de04a2656d44082be478bd6c086daa447c4651605818287b9532d3d0bd435?s=96&d=mm&r=g","caption":"Lo viste en Los Pol\u00edticos"},"url":"https:\/\/lospoliticosveracruz.com\/?author=2"}]}},"_links":{"self":[{"href":"https:\/\/lospoliticosveracruz.com\/index.php?rest_route=\/wp\/v2\/posts\/112877","targetHints":{"allow":["GET"]}}],"collection":[{"href":"https:\/\/lospoliticosveracruz.com\/index.php?rest_route=\/wp\/v2\/posts"}],"about":[{"href":"https:\/\/lospoliticosveracruz.com\/index.php?rest_route=\/wp\/v2\/types\/post"}],"author":[{"embeddable":true,"href":"https:\/\/lospoliticosveracruz.com\/index.php?rest_route=\/wp\/v2\/users\/2"}],"replies":[{"embeddable":true,"href":"https:\/\/lospoliticosveracruz.com\/index.php?rest_route=%2Fwp%2Fv2%2Fcomments&post=112877"}],"version-history":[{"count":1,"href":"https:\/\/lospoliticosveracruz.com\/index.php?rest_route=\/wp\/v2\/posts\/112877\/revisions"}],"predecessor-version":[{"id":112878,"href":"https:\/\/lospoliticosveracruz.com\/index.php?rest_route=\/wp\/v2\/posts\/112877\/revisions\/112878"}],"wp:attachment":[{"href":"https:\/\/lospoliticosveracruz.com\/index.php?rest_route=%2Fwp%2Fv2%2Fmedia&parent=112877"}],"wp:term":[{"taxonomy":"category","embeddable":true,"href":"https:\/\/lospoliticosveracruz.com\/index.php?rest_route=%2Fwp%2Fv2%2Fcategories&post=112877"},{"taxonomy":"post_tag","embeddable":true,"href":"https:\/\/lospoliticosveracruz.com\/index.php?rest_route=%2Fwp%2Fv2%2Ftags&post=112877"}],"curies":[{"name":"wp","href":"https:\/\/api.w.org\/{rel}","templated":true}]}}