{"id":112887,"date":"2023-10-13T18:25:49","date_gmt":"2023-10-13T23:25:49","guid":{"rendered":"https:\/\/lospoliticosveracruz.com.mx\/?p=112887"},"modified":"2023-10-13T18:25:54","modified_gmt":"2023-10-13T23:25:54","slug":"pobreza","status":"publish","type":"post","link":"https:\/\/lospoliticosveracruz.com\/?p=112887","title":{"rendered":"POBREZA"},"content":{"rendered":"\n<p><strong>Miguel \u00c1ngel G\u00f3mez Ruiz<\/strong><\/p>\n\n\n\n<p><em>Contrapunto<\/em><\/p>\n\n\n\n<p>No es nueva la noticia de que este pa\u00eds est\u00e1 cada vez peor. De 2018 a la fecha se a\u00f1adi\u00f3 un grueso n\u00famero de personas que pasaron a ser pobres. S\u00ed, muy pobres. Casi sin acceso a nada e incapaces de comprar una despensa cada vez m\u00e1s cara. Exacto, se calcula bajo el mandato del presidente L\u00f3pez que hay cinco millones de pobres m\u00e1s.<\/p>\n\n\n\n<figure class=\"wp-block-embed is-type-video is-provider-youtube wp-block-embed-youtube wp-embed-aspect-16-9 wp-has-aspect-ratio\"><div class=\"wp-block-embed__wrapper\">\n<iframe loading=\"lazy\" title=\"Cluster Coworking\" width=\"696\" height=\"392\" src=\"https:\/\/www.youtube.com\/embed\/Nxe-vxf8GuY?feature=oembed\" frameborder=\"0\" allow=\"accelerometer; autoplay; clipboard-write; encrypted-media; gyroscope; picture-in-picture; web-share\" referrerpolicy=\"strict-origin-when-cross-origin\" allowfullscreen><\/iframe>\n<\/div><\/figure>\n\n\n\n<p>En una pl\u00e1tica sostenida con el coordinador ejecutivo estatal de la Asociaci\u00f3n Pol\u00edtica Cardenista, Antonio Luna, me coment\u00f3 que en sus giras por Veracruz cada vez m\u00e1s personas se adhieren a su grupo. No, no son pobres contentos con el actuar de un presidente que utiliza a su favor la pobreza. Son pobres que no tienen acceso a un trabajo, a una buena comida y ni siquiera, a una mediana atenci\u00f3n m\u00e9dica.<\/p>\n\n\n\n<p>Es cierto, Antonio Luna refiere que ya sea en Paso de Ovejas, Banderilla, Ixhuatl\u00e1n de Madero y otros lugares la pobreza se palpa. Llegan personas con hambre, en huaraches o descalzos y eso no parece importarle a alg\u00fan agente municipal, mucho menos a un alcalde y vaya, pareciera un sue\u00f1o que esa situaci\u00f3n pudiera conmover al gobernador Cuitl\u00e1huac Garc\u00eda.<\/p>\n\n\n\n<p>Muchos de ellos viven en lugares sin servicios. No tienen luz, drenaje, agua y el acceso a los alimentos es demasiado complicado.<\/p>\n\n\n\n<p>S\u00ed, hay gente que desayuna unas tortillas recalentadas, frijoles duros y con eso tienen hasta que a la ama de casa se le ocurre guisar algunas hojas con verduras para que mal coman por la tarde. Cenar ya es un lujo.<\/p>\n\n\n\n<p>Pero as\u00ed est\u00e1 la pobreza en el pa\u00eds y se refleja particularmente en Veracruz, uno de los estados m\u00e1s pobres del pa\u00eds y que apenas supera a Chiapas, Guerrero y Oaxaca.<\/p>\n\n\n\n<p>Cada una de estas personas, as\u00ed lo atestigua Antonio Luna, sue\u00f1a con una situaci\u00f3n mejor. No s\u00f3lo acuden a un evento para o\u00edr palabras bonitas. Van porque quieren conocer la f\u00f3rmula para trabajar, sembrar y salir de pobres con sus hijos.<\/p>\n\n\n\n<p>Del mismo modo, entienden que las promesas no eran para todos. No tienen acceso a la salud, los ni\u00f1os y j\u00f3venes no tienen becas. Hay adultos mayores que tampoco reciben pensi\u00f3n y su situaci\u00f3n es cada vez, peor.<\/p>\n\n\n\n<p><strong>Inseguridad<\/strong><\/p>\n\n\n\n<p>Y encima, la inseguridad. No hay d\u00eda en que no aparezca alg\u00fan embolsado o se descubra una fosa clandestina con varios cad\u00e1veres, como ocurri\u00f3 en Xalapa en donde se descubrieron cinco cuerpos, algunos ya identificados.<\/p>\n\n\n\n<p>Tampoco se logra vencer al secuestro, mucho menos a la extorsi\u00f3n y aparecen alertas sobre desaparici\u00f3n de personas, j\u00f3venes, de mediana edad y hasta adultos mayores.<\/p>\n\n\n\n<p>Y eso ocurre en gran parte del estado. Hoy ocurre en C\u00f3rdoba, ma\u00f1ana en Xalapa y luego en Poza Rica y as\u00ed, la inseguridad reina en la entidad desde hace mucho tiempo, pero se acentu\u00f3 de 2018 a la fecha.<\/p>\n\n\n\n<p>No tenemos una buena polic\u00eda. Mucho menos a personal capacitado en la Fiscal\u00eda en donde se supone que est\u00e1n nuestros abogados si somos v\u00edctimas de alg\u00fan delito. El argumento al que recurren si alg\u00fan criminal queda libre es que hubo dinero de por medio para comprar a los jueces. Se ponen mucho peor si el supuesto culpable gana un amparo. Lloran como ni\u00f1as.<\/p>\n\n\n\n<p>Y eso ha sido un problema. No hay una estrategia de seguridad, s\u00f3lo caf\u00e9, refresco y galletas en las reuniones a las que acuden el gobernador, polic\u00edas, marinos, militares y personas de la Fiscal\u00eda. Presumen mucho, pero hacen muy poco.<\/p>\n\n\n\n<p><strong>Salud a la baja<\/strong><\/p>\n\n\n\n<p>Otra \u00e1rea en la que casi estamos reprobados es en Salud. A\u00fan hay Covid-19 y las cifras se ocultan. No s\u00e9 si sea para no alarmar o qu\u00e9, pero sigue habiendo contagios y muertes. El futuro no parece promisorio si creen que contendr\u00e1n al Covid con vacunas de Cuba, Rusia y la de M\u00e9xico.<\/p>\n\n\n\n<p>Con el dengue es peor, pues las cifras ya rebasaron a nuestras autoridades. Muchos, en verdad, muchos reconocen que han tenido dengue y se curaron con Paracetamol o alg\u00fan otro medicamento, pero siguen sintiendo asco, fr\u00edo, dolor de cabeza y cuerpo y pareciera que no se quieren aliviar. Tener dengue debe ser horrible, sin duda, pero es peor tener a una autoridad que no se interesa en el tema.<\/p>\n\n\n\n<p>PD Sigue el tema del magistrado Marco Antonio Lezama Moo, que ha padecido por el hecho de que Morena tiene mayor\u00eda en la Legislatura local y que en el Poder Judicial tambi\u00e9n acaparan puestos y dinero, sin importar que hay un amparo federal que le da el derecho al togado de volver a ocupar su puesto. Es su derecho y sin duda, pronto tendremos noticias de ello.<\/p>\n","protected":false},"excerpt":{"rendered":"<p>Miguel \u00c1ngel G\u00f3mez Ruiz Contrapunto No es nueva la noticia de que este pa\u00eds est\u00e1 cada vez peor. De 2018 a la fecha se a\u00f1adi\u00f3 un grueso n\u00famero de personas que pasaron a ser pobres. S\u00ed, muy pobres. Casi sin acceso a nada e incapaces de comprar una despensa cada vez m\u00e1s cara. Exacto, se [&hellip;]<\/p>\n","protected":false},"author":2,"featured_media":0,"comment_status":"closed","ping_status":"closed","sticky":false,"template":"","format":"standard","meta":{"tdm_status":"","tdm_grid_status":"","footnotes":""},"categories":[70],"tags":[97],"class_list":{"0":"post-112887","1":"post","2":"type-post","3":"status-publish","4":"format-standard","6":"category-de-opinion","7":"tag-pobreza"},"yoast_head":"<!-- This site is optimized with the Yoast SEO plugin v27.4 - https:\/\/yoast.com\/product\/yoast-seo-wordpress\/ -->\n<title>POBREZA - Los pol\u00edticos Veracruz<\/title>\n<meta name=\"robots\" content=\"index, follow, max-snippet:-1, max-image-preview:large, max-video-preview:-1\" \/>\n<link rel=\"canonical\" href=\"https:\/\/lospoliticosveracruz.com\/?p=112887\" \/>\n<meta property=\"og:locale\" content=\"es_ES\" \/>\n<meta property=\"og:type\" content=\"article\" \/>\n<meta property=\"og:title\" content=\"POBREZA - Los pol\u00edticos Veracruz\" \/>\n<meta property=\"og:description\" content=\"Miguel \u00c1ngel G\u00f3mez Ruiz Contrapunto No es nueva la noticia de que este pa\u00eds est\u00e1 cada vez peor. De 2018 a la fecha se a\u00f1adi\u00f3 un grueso n\u00famero de personas que pasaron a ser pobres. S\u00ed, muy pobres. Casi sin acceso a nada e incapaces de comprar una despensa cada vez m\u00e1s cara. Exacto, se [&hellip;]\" \/>\n<meta property=\"og:url\" content=\"https:\/\/lospoliticosveracruz.com\/?p=112887\" \/>\n<meta property=\"og:site_name\" content=\"Los pol\u00edticos Veracruz\" \/>\n<meta property=\"article:publisher\" content=\"https:\/\/www.facebook.com\/people\/Notimemes-de-los-Polticos\/61565672886568\/\" \/>\n<meta property=\"article:published_time\" content=\"2023-10-13T23:25:49+00:00\" \/>\n<meta property=\"article:modified_time\" content=\"2023-10-13T23:25:54+00:00\" \/>\n<meta property=\"og:image\" content=\"https:\/\/lospoliticosveracruz.com\/wp-content\/uploads\/2016\/07\/Logo-Dor.jpg\" \/>\n\t<meta property=\"og:image:width\" content=\"200\" \/>\n\t<meta property=\"og:image:height\" content=\"200\" \/>\n\t<meta property=\"og:image:type\" content=\"image\/jpeg\" \/>\n<meta name=\"author\" content=\"Lo viste en Los Pol\u00edticos\" \/>\n<meta name=\"twitter:card\" content=\"summary_large_image\" \/>\n<meta name=\"twitter:creator\" content=\"@LosPoliticosVer\" \/>\n<meta name=\"twitter:site\" content=\"@LosPoliticosVer\" \/>\n<meta name=\"twitter:label1\" content=\"Escrito por\" \/>\n\t<meta name=\"twitter:data1\" content=\"Lo viste en Los Pol\u00edticos\" \/>\n\t<meta name=\"twitter:label2\" content=\"Tiempo de lectura\" \/>\n\t<meta name=\"twitter:data2\" content=\"4 minutos\" \/>\n<script type=\"application\/ld+json\" class=\"yoast-schema-graph\">{\"@context\":\"https:\\\/\\\/schema.org\",\"@graph\":[{\"@type\":\"Article\",\"@id\":\"https:\\\/\\\/lospoliticosveracruz.com\\\/?p=112887#article\",\"isPartOf\":{\"@id\":\"https:\\\/\\\/lospoliticosveracruz.com\\\/?p=112887\"},\"author\":{\"name\":\"Lo viste en Los Pol\u00edticos\",\"@id\":\"https:\\\/\\\/lospoliticosveracruz.com\\\/#\\\/schema\\\/person\\\/b8702bb0e538456e6efd07080bf2a4a2\"},\"headline\":\"POBREZA\",\"datePublished\":\"2023-10-13T23:25:49+00:00\",\"dateModified\":\"2023-10-13T23:25:54+00:00\",\"mainEntityOfPage\":{\"@id\":\"https:\\\/\\\/lospoliticosveracruz.com\\\/?p=112887\"},\"wordCount\":832,\"publisher\":{\"@id\":\"https:\\\/\\\/lospoliticosveracruz.com\\\/#organization\"},\"keywords\":[\"pobreza\"],\"articleSection\":[\"De Opini\u00f3n\"],\"inLanguage\":\"es\"},{\"@type\":\"WebPage\",\"@id\":\"https:\\\/\\\/lospoliticosveracruz.com\\\/?p=112887\",\"url\":\"https:\\\/\\\/lospoliticosveracruz.com\\\/?p=112887\",\"name\":\"POBREZA - Los pol\u00edticos Veracruz\",\"isPartOf\":{\"@id\":\"https:\\\/\\\/lospoliticosveracruz.com\\\/#website\"},\"datePublished\":\"2023-10-13T23:25:49+00:00\",\"dateModified\":\"2023-10-13T23:25:54+00:00\",\"breadcrumb\":{\"@id\":\"https:\\\/\\\/lospoliticosveracruz.com\\\/?p=112887#breadcrumb\"},\"inLanguage\":\"es\",\"potentialAction\":[{\"@type\":\"ReadAction\",\"target\":[\"https:\\\/\\\/lospoliticosveracruz.com\\\/?p=112887\"]}]},{\"@type\":\"BreadcrumbList\",\"@id\":\"https:\\\/\\\/lospoliticosveracruz.com\\\/?p=112887#breadcrumb\",\"itemListElement\":[{\"@type\":\"ListItem\",\"position\":1,\"name\":\"Portada\",\"item\":\"https:\\\/\\\/lospoliticosveracruz.com\\\/\"},{\"@type\":\"ListItem\",\"position\":2,\"name\":\"POBREZA\"}]},{\"@type\":\"WebSite\",\"@id\":\"https:\\\/\\\/lospoliticosveracruz.com\\\/#website\",\"url\":\"https:\\\/\\\/lospoliticosveracruz.com\\\/\",\"name\":\"Los pol\u00edticos Veracruz\",\"description\":\"\",\"publisher\":{\"@id\":\"https:\\\/\\\/lospoliticosveracruz.com\\\/#organization\"},\"potentialAction\":[{\"@type\":\"SearchAction\",\"target\":{\"@type\":\"EntryPoint\",\"urlTemplate\":\"https:\\\/\\\/lospoliticosveracruz.com\\\/?s={search_term_string}\"},\"query-input\":{\"@type\":\"PropertyValueSpecification\",\"valueRequired\":true,\"valueName\":\"search_term_string\"}}],\"inLanguage\":\"es\"},{\"@type\":\"Organization\",\"@id\":\"https:\\\/\\\/lospoliticosveracruz.com\\\/#organization\",\"name\":\"Los pol\u00edticos Veracruz\",\"url\":\"https:\\\/\\\/lospoliticosveracruz.com\\\/\",\"logo\":{\"@type\":\"ImageObject\",\"inLanguage\":\"es\",\"@id\":\"https:\\\/\\\/lospoliticosveracruz.com\\\/#\\\/schema\\\/logo\\\/image\\\/\",\"url\":\"https:\\\/\\\/lospoliticosveracruz.com\\\/wp-content\\\/uploads\\\/2025\\\/12\\\/Logo-Nuevo-LOS-POLITICOS-1.jpg\",\"contentUrl\":\"https:\\\/\\\/lospoliticosveracruz.com\\\/wp-content\\\/uploads\\\/2025\\\/12\\\/Logo-Nuevo-LOS-POLITICOS-1.jpg\",\"width\":260,\"height\":70,\"caption\":\"Los pol\u00edticos Veracruz\"},\"image\":{\"@id\":\"https:\\\/\\\/lospoliticosveracruz.com\\\/#\\\/schema\\\/logo\\\/image\\\/\"},\"sameAs\":[\"https:\\\/\\\/www.facebook.com\\\/people\\\/Notimemes-de-los-Polticos\\\/61565672886568\\\/\",\"https:\\\/\\\/x.com\\\/LosPoliticosVer\"]},{\"@type\":\"Person\",\"@id\":\"https:\\\/\\\/lospoliticosveracruz.com\\\/#\\\/schema\\\/person\\\/b8702bb0e538456e6efd07080bf2a4a2\",\"name\":\"Lo viste en Los Pol\u00edticos\",\"image\":{\"@type\":\"ImageObject\",\"inLanguage\":\"es\",\"@id\":\"https:\\\/\\\/secure.gravatar.com\\\/avatar\\\/3a8de04a2656d44082be478bd6c086daa447c4651605818287b9532d3d0bd435?s=96&d=mm&r=g\",\"url\":\"https:\\\/\\\/secure.gravatar.com\\\/avatar\\\/3a8de04a2656d44082be478bd6c086daa447c4651605818287b9532d3d0bd435?s=96&d=mm&r=g\",\"contentUrl\":\"https:\\\/\\\/secure.gravatar.com\\\/avatar\\\/3a8de04a2656d44082be478bd6c086daa447c4651605818287b9532d3d0bd435?s=96&d=mm&r=g\",\"caption\":\"Lo viste en Los Pol\u00edticos\"},\"url\":\"https:\\\/\\\/lospoliticosveracruz.com\\\/?author=2\"}]}<\/script>\n<!-- \/ Yoast SEO plugin. -->","yoast_head_json":{"title":"POBREZA - Los pol\u00edticos Veracruz","robots":{"index":"index","follow":"follow","max-snippet":"max-snippet:-1","max-image-preview":"max-image-preview:large","max-video-preview":"max-video-preview:-1"},"canonical":"https:\/\/lospoliticosveracruz.com\/?p=112887","og_locale":"es_ES","og_type":"article","og_title":"POBREZA - Los pol\u00edticos Veracruz","og_description":"Miguel \u00c1ngel G\u00f3mez Ruiz Contrapunto No es nueva la noticia de que este pa\u00eds est\u00e1 cada vez peor. De 2018 a la fecha se a\u00f1adi\u00f3 un grueso n\u00famero de personas que pasaron a ser pobres. S\u00ed, muy pobres. Casi sin acceso a nada e incapaces de comprar una despensa cada vez m\u00e1s cara. Exacto, se [&hellip;]","og_url":"https:\/\/lospoliticosveracruz.com\/?p=112887","og_site_name":"Los pol\u00edticos Veracruz","article_publisher":"https:\/\/www.facebook.com\/people\/Notimemes-de-los-Polticos\/61565672886568\/","article_published_time":"2023-10-13T23:25:49+00:00","article_modified_time":"2023-10-13T23:25:54+00:00","og_image":[{"width":200,"height":200,"url":"https:\/\/lospoliticosveracruz.com\/wp-content\/uploads\/2016\/07\/Logo-Dor.jpg","type":"image\/jpeg"}],"author":"Lo viste en Los Pol\u00edticos","twitter_card":"summary_large_image","twitter_creator":"@LosPoliticosVer","twitter_site":"@LosPoliticosVer","twitter_misc":{"Escrito por":"Lo viste en Los Pol\u00edticos","Tiempo de lectura":"4 minutos"},"schema":{"@context":"https:\/\/schema.org","@graph":[{"@type":"Article","@id":"https:\/\/lospoliticosveracruz.com\/?p=112887#article","isPartOf":{"@id":"https:\/\/lospoliticosveracruz.com\/?p=112887"},"author":{"name":"Lo viste en Los Pol\u00edticos","@id":"https:\/\/lospoliticosveracruz.com\/#\/schema\/person\/b8702bb0e538456e6efd07080bf2a4a2"},"headline":"POBREZA","datePublished":"2023-10-13T23:25:49+00:00","dateModified":"2023-10-13T23:25:54+00:00","mainEntityOfPage":{"@id":"https:\/\/lospoliticosveracruz.com\/?p=112887"},"wordCount":832,"publisher":{"@id":"https:\/\/lospoliticosveracruz.com\/#organization"},"keywords":["pobreza"],"articleSection":["De Opini\u00f3n"],"inLanguage":"es"},{"@type":"WebPage","@id":"https:\/\/lospoliticosveracruz.com\/?p=112887","url":"https:\/\/lospoliticosveracruz.com\/?p=112887","name":"POBREZA - Los pol\u00edticos Veracruz","isPartOf":{"@id":"https:\/\/lospoliticosveracruz.com\/#website"},"datePublished":"2023-10-13T23:25:49+00:00","dateModified":"2023-10-13T23:25:54+00:00","breadcrumb":{"@id":"https:\/\/lospoliticosveracruz.com\/?p=112887#breadcrumb"},"inLanguage":"es","potentialAction":[{"@type":"ReadAction","target":["https:\/\/lospoliticosveracruz.com\/?p=112887"]}]},{"@type":"BreadcrumbList","@id":"https:\/\/lospoliticosveracruz.com\/?p=112887#breadcrumb","itemListElement":[{"@type":"ListItem","position":1,"name":"Portada","item":"https:\/\/lospoliticosveracruz.com\/"},{"@type":"ListItem","position":2,"name":"POBREZA"}]},{"@type":"WebSite","@id":"https:\/\/lospoliticosveracruz.com\/#website","url":"https:\/\/lospoliticosveracruz.com\/","name":"Los pol\u00edticos Veracruz","description":"","publisher":{"@id":"https:\/\/lospoliticosveracruz.com\/#organization"},"potentialAction":[{"@type":"SearchAction","target":{"@type":"EntryPoint","urlTemplate":"https:\/\/lospoliticosveracruz.com\/?s={search_term_string}"},"query-input":{"@type":"PropertyValueSpecification","valueRequired":true,"valueName":"search_term_string"}}],"inLanguage":"es"},{"@type":"Organization","@id":"https:\/\/lospoliticosveracruz.com\/#organization","name":"Los pol\u00edticos Veracruz","url":"https:\/\/lospoliticosveracruz.com\/","logo":{"@type":"ImageObject","inLanguage":"es","@id":"https:\/\/lospoliticosveracruz.com\/#\/schema\/logo\/image\/","url":"https:\/\/lospoliticosveracruz.com\/wp-content\/uploads\/2025\/12\/Logo-Nuevo-LOS-POLITICOS-1.jpg","contentUrl":"https:\/\/lospoliticosveracruz.com\/wp-content\/uploads\/2025\/12\/Logo-Nuevo-LOS-POLITICOS-1.jpg","width":260,"height":70,"caption":"Los pol\u00edticos Veracruz"},"image":{"@id":"https:\/\/lospoliticosveracruz.com\/#\/schema\/logo\/image\/"},"sameAs":["https:\/\/www.facebook.com\/people\/Notimemes-de-los-Polticos\/61565672886568\/","https:\/\/x.com\/LosPoliticosVer"]},{"@type":"Person","@id":"https:\/\/lospoliticosveracruz.com\/#\/schema\/person\/b8702bb0e538456e6efd07080bf2a4a2","name":"Lo viste en Los Pol\u00edticos","image":{"@type":"ImageObject","inLanguage":"es","@id":"https:\/\/secure.gravatar.com\/avatar\/3a8de04a2656d44082be478bd6c086daa447c4651605818287b9532d3d0bd435?s=96&d=mm&r=g","url":"https:\/\/secure.gravatar.com\/avatar\/3a8de04a2656d44082be478bd6c086daa447c4651605818287b9532d3d0bd435?s=96&d=mm&r=g","contentUrl":"https:\/\/secure.gravatar.com\/avatar\/3a8de04a2656d44082be478bd6c086daa447c4651605818287b9532d3d0bd435?s=96&d=mm&r=g","caption":"Lo viste en Los Pol\u00edticos"},"url":"https:\/\/lospoliticosveracruz.com\/?author=2"}]}},"_links":{"self":[{"href":"https:\/\/lospoliticosveracruz.com\/index.php?rest_route=\/wp\/v2\/posts\/112887","targetHints":{"allow":["GET"]}}],"collection":[{"href":"https:\/\/lospoliticosveracruz.com\/index.php?rest_route=\/wp\/v2\/posts"}],"about":[{"href":"https:\/\/lospoliticosveracruz.com\/index.php?rest_route=\/wp\/v2\/types\/post"}],"author":[{"embeddable":true,"href":"https:\/\/lospoliticosveracruz.com\/index.php?rest_route=\/wp\/v2\/users\/2"}],"replies":[{"embeddable":true,"href":"https:\/\/lospoliticosveracruz.com\/index.php?rest_route=%2Fwp%2Fv2%2Fcomments&post=112887"}],"version-history":[{"count":1,"href":"https:\/\/lospoliticosveracruz.com\/index.php?rest_route=\/wp\/v2\/posts\/112887\/revisions"}],"predecessor-version":[{"id":112888,"href":"https:\/\/lospoliticosveracruz.com\/index.php?rest_route=\/wp\/v2\/posts\/112887\/revisions\/112888"}],"wp:attachment":[{"href":"https:\/\/lospoliticosveracruz.com\/index.php?rest_route=%2Fwp%2Fv2%2Fmedia&parent=112887"}],"wp:term":[{"taxonomy":"category","embeddable":true,"href":"https:\/\/lospoliticosveracruz.com\/index.php?rest_route=%2Fwp%2Fv2%2Fcategories&post=112887"},{"taxonomy":"post_tag","embeddable":true,"href":"https:\/\/lospoliticosveracruz.com\/index.php?rest_route=%2Fwp%2Fv2%2Ftags&post=112887"}],"curies":[{"name":"wp","href":"https:\/\/api.w.org\/{rel}","templated":true}]}}