{"id":112929,"date":"2023-10-15T15:46:16","date_gmt":"2023-10-15T20:46:16","guid":{"rendered":"https:\/\/lospoliticosveracruz.com.mx\/?p=112929"},"modified":"2023-10-15T15:46:22","modified_gmt":"2023-10-15T20:46:22","slug":"desaparicion-de-contralorias-internas","status":"publish","type":"post","link":"https:\/\/lospoliticosveracruz.com\/?p=112929","title":{"rendered":"DESAPARICI\u00d3N DE CONTRALOR\u00cdAS INTERNAS"},"content":{"rendered":"\n<p><strong>Jos\u00e9 Luis Enr\u00edquez Ambell<\/strong><\/p>\n\n\n\n<p><em>Caf\u00e9 de Ma\u00f1ana<\/em><\/p>\n\n\n\n<p>Esta idea, propuesta, decisi\u00f3n y \u00abacuerdo\u00bb que anunci\u00f3 la Secretar\u00eda de la Funci\u00f3n P\u00fablica (SFP), lleva a suponer -de entrada- que es en raz\u00f3n de que \u00abya no hay corrupci\u00f3n\u00bb, o \u00bfser\u00e1 para \u00abfacilitar\u00bb el llamado a\u00f1o de Hidalgo?<\/p>\n\n\n\n<p>Y es que en t\u00e9rminos institucionales esto lleva a pensar tambi\u00e9n que vamos en camino a querer hacer un changarro de las dependencias y entidades p\u00fablicas del Gobierno.<\/p>\n\n\n\n<p>La SFP desaparecer\u00e1 los \u00d3rganos Internos de Control (OIC) de 21 dependencias y entidades de la Administraci\u00f3n P\u00fablica Federal -16 en igual n\u00famero de Secretar\u00edas de Estado y 5 en las entidades paraestatales as\u00ed como, en \u00f3rganos desconcentrados- y en su lugar designar a los llamados: \u00abtitulares de \u00c1rea de Especialidad\u00bb.<\/p>\n\n\n\n<p>Las Secretar\u00edas de Gobernaci\u00f3n, Relaciones Exteriores, Seguridad y Protecci\u00f3n Ciudadana, Hacienda y Cr\u00e9dito P\u00fablico, Bienestar, Medio Ambiente y Recursos Naturales, Energ\u00eda, Econom\u00eda, Agricultura y Desarrollo Rural, Comunicaciones y Transportes, Educaci\u00f3n P\u00fablica, Salud, Trabajo y Previsi\u00f3n Social, Desarrollo Agrario, Cultura y la de Turismo, son las afectadas. Y las entidades y \u00f3rganos en las que desaparecer\u00e1n los OIC son: Registro Agrario Nacional, Instituto Nacional de Migraci\u00f3n, Prevenci\u00f3n y Readaptaci\u00f3n Social, Servicio de Protecci\u00f3n Federal y el Instituto de Salud para el Bienestar. Las Secretar\u00edas de la Defensa y de Marina, no ser\u00e1n tocadas ni con el p\u00e9talo de una rosa.<\/p>\n\n\n\n<p>Resulta por dem\u00e1s extra\u00f1o que la eliminaci\u00f3n de los OIC sea en el cierre y quinto a\u00f1o de la Administraci\u00f3n del Presidente L\u00f3pez Obrador, y cambiar la organizaci\u00f3n del control, evaluaci\u00f3n y vigilancia, lo que no va de la mano con la transparencia y rendici\u00f3n de cuentas.<\/p>\n\n\n\n<p>El control de la administraci\u00f3n p\u00fablica desde las contralor\u00edas internas son una herramienta para asegurar la adhesi\u00f3n a las pol\u00edticas de toda la Administraci\u00f3n, para contribuir al cumplimiento de las normas, as\u00ed como, promover la eficiencia y eficacia de los servidores p\u00fablicos en relaci\u00f3n al presupuesto, gasto p\u00fablico e instituciones.<\/p>\n\n\n\n<p>Cabe decir que desde que existi\u00f3 la SECOGEF (Secretaria de la Contralor\u00eda General de la Federaci\u00f3n),- ahora la Secretar\u00eda de la Funci\u00f3n P\u00fablica (SFP), se cre\u00f3 para combatir la corrupcion, y cabe reconocer que esa es una misi\u00f3n b\u00e1sica de toda organizaci\u00f3n, como quiera que se llame: Dependencia, Entidad P\u00fablica, Organismo, etc., luego entonces ahora habr\u00e1 que suponer que no habr\u00e1 en el quinto a\u00f1o de gobierno s\u00f3lo borr\u00f3n y cuenta nueva, pero me da la impresi\u00f3n que lo que sigue es desaparecer a la Secretar\u00eda de la Funci\u00f3n P\u00fablica, lo cual es de llamar poderosamente la atenci\u00f3n, m\u00e1s en estos tiempos donde toda la fiscalizaci\u00f3n, rendici\u00f3n de cuentas y combate a la corrupcion nace a partir de la existencia y la actuaci\u00f3n de los \u00d3rganos Internos de Control.<\/p>\n\n\n\n<p>Ahora bien, cualquier denominaci\u00f3n que le pongan y dependiendo del poder pol\u00edtico y los Poderes de la Uni\u00f3n,- el Legislativo, Ejecutivo y Judicial, incluyendo a los \u00f3rganos aut\u00f3nomos constitucionales,- mientras el prop\u00f3sito sea combatir la corrupcion, va a ser INOPERANTE, porque si el de arriba es corrupto, es muy dif\u00edcil que quien dependa de \u00e9l lo controle, haga caso, y se olvidan que las Contralor\u00edas est\u00e1n para ayudar a que haya un mejor gobierno e incluso, servidores con orientaci\u00f3n normativa.<\/p>\n\n\n\n<p>\u00abNo combatir la corrupci\u00f3n es permitir que se acrecente la impunidad\u00bb.<\/p>\n\n\n\n<p>DE SOBREMESA<\/p>\n\n\n\n<p>Esto hace sospechar que se est\u00e1 preparando el terreno para que desde el presente, y hasta en el devenir, no haya \u00e1reas sustantivas que vigilen y controlen el cierre sexenal, y que el proceso de la entrega &#8211; recepci\u00f3n tienda a que resulte de color pastel, y quiz\u00e1 evitando posibles observaciones y sanciones ante irregularidades encontradas.<\/p>\n\n\n\n<p>UN CAF\u00c9 CON DOBLE CARGA<\/p>\n\n\n\n<p>La designaci\u00f3n de los contralores -ahora a los que llamar\u00e1n especialistas- directamente por los titulares de las dependencias y entidades p\u00fablicas implican sospechas de posibles actos de corrupci\u00f3n que se dejen de observar y hasta de documentar, dicho de otra forma: tolerar. Y creo, que el planteamiento al Presidente en ese sentido no ha sido el mejor como tampoco la decisi\u00f3n tomada con ese acuerdo.<\/p>\n\n\n\n<p>UN LECHERO LIGHT DIVORCIADO<\/p>\n\n\n\n<p>La gesti\u00f3n y aplicaci\u00f3n eficiente de los recursos p\u00fablicos son responsabilidad de los titulares Administrativos como el C\u00f3digo Financiero y las normas lo describen. Y el sistema de control y evaluaci\u00f3n gubernamental es responsabilidad de las Contralor\u00edas Internas, con el apego a la legalidad en procesos y procedimientos en las dependencias y entidades p\u00fablicas. Y ahora, en lugar de avanzar para mejorar, me parece que vamos de mal en peor.<\/p>\n\n\n\n<p>UN CAF\u00c9 CON CANELA Y PANELA<\/p>\n\n\n\n<p>\u00abLo que no se mueve est\u00e1 muerto\u00bb.<\/p>\n\n\n\n<p>UN CAF\u00c9 NEGRO VERACRUZANO<\/p>\n\n\n\n<p>Nada cambia s\u00f3lo se transforma, o m\u00e1s bien todo es un reciclaje.<\/p>\n\n\n\n<p>UN CAF\u00c9 DE OLLA DE BARRO<\/p>\n\n\n\n<p>El blindaje electoral para evitar que los servidores p\u00fablicos participen irregularmente en procesos electorales, es un men\u00fa con carta abierta al desorden.<\/p>\n\n\n\n<p>\u00a1 ES CUANTO !<\/p>\n\n\n\n<p>Jos\u00e9 Luis Enr\u00edquez Ambell<br>enamjl62@gmail.com; enriquezambell@gmail.com<br>Secretario General de la Federaci\u00f3n Aut\u00e9ntica de Trabajadores del Estado de Veracruz (FATEV &#8211; JLEG) Registro Federal del Trabajo # 5844 y Director General de la Consultor\u00eda y Asesor\u00eda Integral AECAI Torre \u00c1nimas en Xalapa, Ver.<\/p>\n","protected":false},"excerpt":{"rendered":"<p>Jos\u00e9 Luis Enr\u00edquez Ambell Caf\u00e9 de Ma\u00f1ana Esta idea, propuesta, decisi\u00f3n y \u00abacuerdo\u00bb que anunci\u00f3 la Secretar\u00eda de la Funci\u00f3n P\u00fablica (SFP), lleva a suponer -de entrada- que es en raz\u00f3n de que \u00abya no hay corrupci\u00f3n\u00bb, o \u00bfser\u00e1 para \u00abfacilitar\u00bb el llamado a\u00f1o de Hidalgo? Y es que en t\u00e9rminos institucionales esto lleva a [&hellip;]<\/p>\n","protected":false},"author":2,"featured_media":0,"comment_status":"closed","ping_status":"closed","sticky":false,"template":"","format":"standard","meta":{"tdm_status":"","tdm_grid_status":"","footnotes":""},"categories":[70],"tags":[23196,1710],"class_list":{"0":"post-112929","1":"post","2":"type-post","3":"status-publish","4":"format-standard","6":"category-de-opinion","7":"tag-contralorias-internas","8":"tag-secretaria-de-la-funcion-publica"},"yoast_head":"<!-- This site is optimized with the Yoast SEO plugin v27.4 - https:\/\/yoast.com\/product\/yoast-seo-wordpress\/ -->\n<title>DESAPARICI\u00d3N DE CONTRALOR\u00cdAS INTERNAS - Los pol\u00edticos Veracruz<\/title>\n<meta name=\"robots\" content=\"index, follow, max-snippet:-1, max-image-preview:large, max-video-preview:-1\" \/>\n<link rel=\"canonical\" href=\"https:\/\/lospoliticosveracruz.com\/?p=112929\" \/>\n<meta property=\"og:locale\" content=\"es_ES\" \/>\n<meta property=\"og:type\" content=\"article\" \/>\n<meta property=\"og:title\" content=\"DESAPARICI\u00d3N DE CONTRALOR\u00cdAS INTERNAS - Los pol\u00edticos Veracruz\" \/>\n<meta property=\"og:description\" content=\"Jos\u00e9 Luis Enr\u00edquez Ambell Caf\u00e9 de Ma\u00f1ana Esta idea, propuesta, decisi\u00f3n y \u00abacuerdo\u00bb que anunci\u00f3 la Secretar\u00eda de la Funci\u00f3n P\u00fablica (SFP), lleva a suponer -de entrada- que es en raz\u00f3n de que \u00abya no hay corrupci\u00f3n\u00bb, o \u00bfser\u00e1 para \u00abfacilitar\u00bb el llamado a\u00f1o de Hidalgo? Y es que en t\u00e9rminos institucionales esto lleva a [&hellip;]\" \/>\n<meta property=\"og:url\" content=\"https:\/\/lospoliticosveracruz.com\/?p=112929\" \/>\n<meta property=\"og:site_name\" content=\"Los pol\u00edticos Veracruz\" \/>\n<meta property=\"article:publisher\" content=\"https:\/\/www.facebook.com\/people\/Notimemes-de-los-Polticos\/61565672886568\/\" \/>\n<meta property=\"article:published_time\" content=\"2023-10-15T20:46:16+00:00\" \/>\n<meta property=\"article:modified_time\" content=\"2023-10-15T20:46:22+00:00\" \/>\n<meta property=\"og:image\" content=\"https:\/\/lospoliticosveracruz.com\/wp-content\/uploads\/2016\/07\/Logo-Dor.jpg\" \/>\n\t<meta property=\"og:image:width\" content=\"200\" \/>\n\t<meta property=\"og:image:height\" content=\"200\" \/>\n\t<meta property=\"og:image:type\" content=\"image\/jpeg\" \/>\n<meta name=\"author\" content=\"Lo viste en Los Pol\u00edticos\" \/>\n<meta name=\"twitter:card\" content=\"summary_large_image\" \/>\n<meta name=\"twitter:creator\" content=\"@LosPoliticosVer\" \/>\n<meta name=\"twitter:site\" content=\"@LosPoliticosVer\" \/>\n<meta name=\"twitter:label1\" content=\"Escrito por\" \/>\n\t<meta name=\"twitter:data1\" content=\"Lo viste en Los Pol\u00edticos\" \/>\n\t<meta name=\"twitter:label2\" content=\"Tiempo de lectura\" \/>\n\t<meta name=\"twitter:data2\" content=\"5 minutos\" \/>\n<script type=\"application\/ld+json\" class=\"yoast-schema-graph\">{\"@context\":\"https:\\\/\\\/schema.org\",\"@graph\":[{\"@type\":\"Article\",\"@id\":\"https:\\\/\\\/lospoliticosveracruz.com\\\/?p=112929#article\",\"isPartOf\":{\"@id\":\"https:\\\/\\\/lospoliticosveracruz.com\\\/?p=112929\"},\"author\":{\"name\":\"Lo viste en Los Pol\u00edticos\",\"@id\":\"https:\\\/\\\/lospoliticosveracruz.com\\\/#\\\/schema\\\/person\\\/b8702bb0e538456e6efd07080bf2a4a2\"},\"headline\":\"DESAPARICI\u00d3N DE CONTRALOR\u00cdAS INTERNAS\",\"datePublished\":\"2023-10-15T20:46:16+00:00\",\"dateModified\":\"2023-10-15T20:46:22+00:00\",\"mainEntityOfPage\":{\"@id\":\"https:\\\/\\\/lospoliticosveracruz.com\\\/?p=112929\"},\"wordCount\":955,\"publisher\":{\"@id\":\"https:\\\/\\\/lospoliticosveracruz.com\\\/#organization\"},\"keywords\":[\"Contralor\u00edas Internas\",\"Secretar\u00eda de la Funci\u00f3n P\u00fablica\"],\"articleSection\":[\"De Opini\u00f3n\"],\"inLanguage\":\"es\"},{\"@type\":\"WebPage\",\"@id\":\"https:\\\/\\\/lospoliticosveracruz.com\\\/?p=112929\",\"url\":\"https:\\\/\\\/lospoliticosveracruz.com\\\/?p=112929\",\"name\":\"DESAPARICI\u00d3N DE CONTRALOR\u00cdAS INTERNAS - Los pol\u00edticos Veracruz\",\"isPartOf\":{\"@id\":\"https:\\\/\\\/lospoliticosveracruz.com\\\/#website\"},\"datePublished\":\"2023-10-15T20:46:16+00:00\",\"dateModified\":\"2023-10-15T20:46:22+00:00\",\"breadcrumb\":{\"@id\":\"https:\\\/\\\/lospoliticosveracruz.com\\\/?p=112929#breadcrumb\"},\"inLanguage\":\"es\",\"potentialAction\":[{\"@type\":\"ReadAction\",\"target\":[\"https:\\\/\\\/lospoliticosveracruz.com\\\/?p=112929\"]}]},{\"@type\":\"BreadcrumbList\",\"@id\":\"https:\\\/\\\/lospoliticosveracruz.com\\\/?p=112929#breadcrumb\",\"itemListElement\":[{\"@type\":\"ListItem\",\"position\":1,\"name\":\"Portada\",\"item\":\"https:\\\/\\\/lospoliticosveracruz.com\\\/\"},{\"@type\":\"ListItem\",\"position\":2,\"name\":\"DESAPARICI\u00d3N DE CONTRALOR\u00cdAS INTERNAS\"}]},{\"@type\":\"WebSite\",\"@id\":\"https:\\\/\\\/lospoliticosveracruz.com\\\/#website\",\"url\":\"https:\\\/\\\/lospoliticosveracruz.com\\\/\",\"name\":\"Los pol\u00edticos Veracruz\",\"description\":\"\",\"publisher\":{\"@id\":\"https:\\\/\\\/lospoliticosveracruz.com\\\/#organization\"},\"potentialAction\":[{\"@type\":\"SearchAction\",\"target\":{\"@type\":\"EntryPoint\",\"urlTemplate\":\"https:\\\/\\\/lospoliticosveracruz.com\\\/?s={search_term_string}\"},\"query-input\":{\"@type\":\"PropertyValueSpecification\",\"valueRequired\":true,\"valueName\":\"search_term_string\"}}],\"inLanguage\":\"es\"},{\"@type\":\"Organization\",\"@id\":\"https:\\\/\\\/lospoliticosveracruz.com\\\/#organization\",\"name\":\"Los pol\u00edticos Veracruz\",\"url\":\"https:\\\/\\\/lospoliticosveracruz.com\\\/\",\"logo\":{\"@type\":\"ImageObject\",\"inLanguage\":\"es\",\"@id\":\"https:\\\/\\\/lospoliticosveracruz.com\\\/#\\\/schema\\\/logo\\\/image\\\/\",\"url\":\"https:\\\/\\\/lospoliticosveracruz.com\\\/wp-content\\\/uploads\\\/2025\\\/12\\\/Logo-Nuevo-LOS-POLITICOS-1.jpg\",\"contentUrl\":\"https:\\\/\\\/lospoliticosveracruz.com\\\/wp-content\\\/uploads\\\/2025\\\/12\\\/Logo-Nuevo-LOS-POLITICOS-1.jpg\",\"width\":260,\"height\":70,\"caption\":\"Los pol\u00edticos Veracruz\"},\"image\":{\"@id\":\"https:\\\/\\\/lospoliticosveracruz.com\\\/#\\\/schema\\\/logo\\\/image\\\/\"},\"sameAs\":[\"https:\\\/\\\/www.facebook.com\\\/people\\\/Notimemes-de-los-Polticos\\\/61565672886568\\\/\",\"https:\\\/\\\/x.com\\\/LosPoliticosVer\"]},{\"@type\":\"Person\",\"@id\":\"https:\\\/\\\/lospoliticosveracruz.com\\\/#\\\/schema\\\/person\\\/b8702bb0e538456e6efd07080bf2a4a2\",\"name\":\"Lo viste en Los Pol\u00edticos\",\"image\":{\"@type\":\"ImageObject\",\"inLanguage\":\"es\",\"@id\":\"https:\\\/\\\/secure.gravatar.com\\\/avatar\\\/3a8de04a2656d44082be478bd6c086daa447c4651605818287b9532d3d0bd435?s=96&d=mm&r=g\",\"url\":\"https:\\\/\\\/secure.gravatar.com\\\/avatar\\\/3a8de04a2656d44082be478bd6c086daa447c4651605818287b9532d3d0bd435?s=96&d=mm&r=g\",\"contentUrl\":\"https:\\\/\\\/secure.gravatar.com\\\/avatar\\\/3a8de04a2656d44082be478bd6c086daa447c4651605818287b9532d3d0bd435?s=96&d=mm&r=g\",\"caption\":\"Lo viste en Los Pol\u00edticos\"},\"url\":\"https:\\\/\\\/lospoliticosveracruz.com\\\/?author=2\"}]}<\/script>\n<!-- \/ Yoast SEO plugin. -->","yoast_head_json":{"title":"DESAPARICI\u00d3N DE CONTRALOR\u00cdAS INTERNAS - Los pol\u00edticos Veracruz","robots":{"index":"index","follow":"follow","max-snippet":"max-snippet:-1","max-image-preview":"max-image-preview:large","max-video-preview":"max-video-preview:-1"},"canonical":"https:\/\/lospoliticosveracruz.com\/?p=112929","og_locale":"es_ES","og_type":"article","og_title":"DESAPARICI\u00d3N DE CONTRALOR\u00cdAS INTERNAS - Los pol\u00edticos Veracruz","og_description":"Jos\u00e9 Luis Enr\u00edquez Ambell Caf\u00e9 de Ma\u00f1ana Esta idea, propuesta, decisi\u00f3n y \u00abacuerdo\u00bb que anunci\u00f3 la Secretar\u00eda de la Funci\u00f3n P\u00fablica (SFP), lleva a suponer -de entrada- que es en raz\u00f3n de que \u00abya no hay corrupci\u00f3n\u00bb, o \u00bfser\u00e1 para \u00abfacilitar\u00bb el llamado a\u00f1o de Hidalgo? Y es que en t\u00e9rminos institucionales esto lleva a [&hellip;]","og_url":"https:\/\/lospoliticosveracruz.com\/?p=112929","og_site_name":"Los pol\u00edticos Veracruz","article_publisher":"https:\/\/www.facebook.com\/people\/Notimemes-de-los-Polticos\/61565672886568\/","article_published_time":"2023-10-15T20:46:16+00:00","article_modified_time":"2023-10-15T20:46:22+00:00","og_image":[{"width":200,"height":200,"url":"https:\/\/lospoliticosveracruz.com\/wp-content\/uploads\/2016\/07\/Logo-Dor.jpg","type":"image\/jpeg"}],"author":"Lo viste en Los Pol\u00edticos","twitter_card":"summary_large_image","twitter_creator":"@LosPoliticosVer","twitter_site":"@LosPoliticosVer","twitter_misc":{"Escrito por":"Lo viste en Los Pol\u00edticos","Tiempo de lectura":"5 minutos"},"schema":{"@context":"https:\/\/schema.org","@graph":[{"@type":"Article","@id":"https:\/\/lospoliticosveracruz.com\/?p=112929#article","isPartOf":{"@id":"https:\/\/lospoliticosveracruz.com\/?p=112929"},"author":{"name":"Lo viste en Los Pol\u00edticos","@id":"https:\/\/lospoliticosveracruz.com\/#\/schema\/person\/b8702bb0e538456e6efd07080bf2a4a2"},"headline":"DESAPARICI\u00d3N DE CONTRALOR\u00cdAS INTERNAS","datePublished":"2023-10-15T20:46:16+00:00","dateModified":"2023-10-15T20:46:22+00:00","mainEntityOfPage":{"@id":"https:\/\/lospoliticosveracruz.com\/?p=112929"},"wordCount":955,"publisher":{"@id":"https:\/\/lospoliticosveracruz.com\/#organization"},"keywords":["Contralor\u00edas Internas","Secretar\u00eda de la Funci\u00f3n P\u00fablica"],"articleSection":["De Opini\u00f3n"],"inLanguage":"es"},{"@type":"WebPage","@id":"https:\/\/lospoliticosveracruz.com\/?p=112929","url":"https:\/\/lospoliticosveracruz.com\/?p=112929","name":"DESAPARICI\u00d3N DE CONTRALOR\u00cdAS INTERNAS - Los pol\u00edticos Veracruz","isPartOf":{"@id":"https:\/\/lospoliticosveracruz.com\/#website"},"datePublished":"2023-10-15T20:46:16+00:00","dateModified":"2023-10-15T20:46:22+00:00","breadcrumb":{"@id":"https:\/\/lospoliticosveracruz.com\/?p=112929#breadcrumb"},"inLanguage":"es","potentialAction":[{"@type":"ReadAction","target":["https:\/\/lospoliticosveracruz.com\/?p=112929"]}]},{"@type":"BreadcrumbList","@id":"https:\/\/lospoliticosveracruz.com\/?p=112929#breadcrumb","itemListElement":[{"@type":"ListItem","position":1,"name":"Portada","item":"https:\/\/lospoliticosveracruz.com\/"},{"@type":"ListItem","position":2,"name":"DESAPARICI\u00d3N DE CONTRALOR\u00cdAS INTERNAS"}]},{"@type":"WebSite","@id":"https:\/\/lospoliticosveracruz.com\/#website","url":"https:\/\/lospoliticosveracruz.com\/","name":"Los pol\u00edticos Veracruz","description":"","publisher":{"@id":"https:\/\/lospoliticosveracruz.com\/#organization"},"potentialAction":[{"@type":"SearchAction","target":{"@type":"EntryPoint","urlTemplate":"https:\/\/lospoliticosveracruz.com\/?s={search_term_string}"},"query-input":{"@type":"PropertyValueSpecification","valueRequired":true,"valueName":"search_term_string"}}],"inLanguage":"es"},{"@type":"Organization","@id":"https:\/\/lospoliticosveracruz.com\/#organization","name":"Los pol\u00edticos Veracruz","url":"https:\/\/lospoliticosveracruz.com\/","logo":{"@type":"ImageObject","inLanguage":"es","@id":"https:\/\/lospoliticosveracruz.com\/#\/schema\/logo\/image\/","url":"https:\/\/lospoliticosveracruz.com\/wp-content\/uploads\/2025\/12\/Logo-Nuevo-LOS-POLITICOS-1.jpg","contentUrl":"https:\/\/lospoliticosveracruz.com\/wp-content\/uploads\/2025\/12\/Logo-Nuevo-LOS-POLITICOS-1.jpg","width":260,"height":70,"caption":"Los pol\u00edticos Veracruz"},"image":{"@id":"https:\/\/lospoliticosveracruz.com\/#\/schema\/logo\/image\/"},"sameAs":["https:\/\/www.facebook.com\/people\/Notimemes-de-los-Polticos\/61565672886568\/","https:\/\/x.com\/LosPoliticosVer"]},{"@type":"Person","@id":"https:\/\/lospoliticosveracruz.com\/#\/schema\/person\/b8702bb0e538456e6efd07080bf2a4a2","name":"Lo viste en Los Pol\u00edticos","image":{"@type":"ImageObject","inLanguage":"es","@id":"https:\/\/secure.gravatar.com\/avatar\/3a8de04a2656d44082be478bd6c086daa447c4651605818287b9532d3d0bd435?s=96&d=mm&r=g","url":"https:\/\/secure.gravatar.com\/avatar\/3a8de04a2656d44082be478bd6c086daa447c4651605818287b9532d3d0bd435?s=96&d=mm&r=g","contentUrl":"https:\/\/secure.gravatar.com\/avatar\/3a8de04a2656d44082be478bd6c086daa447c4651605818287b9532d3d0bd435?s=96&d=mm&r=g","caption":"Lo viste en Los Pol\u00edticos"},"url":"https:\/\/lospoliticosveracruz.com\/?author=2"}]}},"_links":{"self":[{"href":"https:\/\/lospoliticosveracruz.com\/index.php?rest_route=\/wp\/v2\/posts\/112929","targetHints":{"allow":["GET"]}}],"collection":[{"href":"https:\/\/lospoliticosveracruz.com\/index.php?rest_route=\/wp\/v2\/posts"}],"about":[{"href":"https:\/\/lospoliticosveracruz.com\/index.php?rest_route=\/wp\/v2\/types\/post"}],"author":[{"embeddable":true,"href":"https:\/\/lospoliticosveracruz.com\/index.php?rest_route=\/wp\/v2\/users\/2"}],"replies":[{"embeddable":true,"href":"https:\/\/lospoliticosveracruz.com\/index.php?rest_route=%2Fwp%2Fv2%2Fcomments&post=112929"}],"version-history":[{"count":1,"href":"https:\/\/lospoliticosveracruz.com\/index.php?rest_route=\/wp\/v2\/posts\/112929\/revisions"}],"predecessor-version":[{"id":112930,"href":"https:\/\/lospoliticosveracruz.com\/index.php?rest_route=\/wp\/v2\/posts\/112929\/revisions\/112930"}],"wp:attachment":[{"href":"https:\/\/lospoliticosveracruz.com\/index.php?rest_route=%2Fwp%2Fv2%2Fmedia&parent=112929"}],"wp:term":[{"taxonomy":"category","embeddable":true,"href":"https:\/\/lospoliticosveracruz.com\/index.php?rest_route=%2Fwp%2Fv2%2Fcategories&post=112929"},{"taxonomy":"post_tag","embeddable":true,"href":"https:\/\/lospoliticosveracruz.com\/index.php?rest_route=%2Fwp%2Fv2%2Ftags&post=112929"}],"curies":[{"name":"wp","href":"https:\/\/api.w.org\/{rel}","templated":true}]}}