{"id":112931,"date":"2023-10-15T19:28:41","date_gmt":"2023-10-16T00:28:41","guid":{"rendered":"https:\/\/lospoliticosveracruz.com.mx\/?p=112931"},"modified":"2023-10-16T09:07:55","modified_gmt":"2023-10-16T14:07:55","slug":"paridad-en-gubernaturas","status":"publish","type":"post","link":"https:\/\/lospoliticosveracruz.com\/?p=112931","title":{"rendered":"PARIDAD EN GUBERNATURAS"},"content":{"rendered":"\n<p><strong>Brenda Caballero<\/strong><\/p>\n\n\n\n<p><em>N\u00fameros Rojos<\/em><\/p>\n\n\n\n<p>Escucho a \u201cmuchos\u201d opinar sobre el asunto de la paridad en las gubernaturas. Que no deber\u00eda votarse por el g\u00e9nero y por el sexo, sino por las capacidades de los presuntos candidatos y candidatas. Y claro que debe tomarse en cuenta las capacidades de mujeres y hombres para ser postulados a un puesto de elecci\u00f3n popular, pero\u2026 \u00bfQu\u00e9 pasa cuando \u00fanicamente se visibilizan las \u201ccapacidades\u201d de los hombres y no de las mujeres dentro de los partidos pol\u00edticos?<\/p>\n\n\n\n<figure class=\"wp-block-embed is-type-video is-provider-youtube wp-block-embed-youtube wp-embed-aspect-16-9 wp-has-aspect-ratio\"><div class=\"wp-block-embed__wrapper\">\n<iframe loading=\"lazy\" title=\"Cluster Coworking\" width=\"696\" height=\"392\" src=\"https:\/\/www.youtube.com\/embed\/Nxe-vxf8GuY?feature=oembed\" frameborder=\"0\" allow=\"accelerometer; autoplay; clipboard-write; encrypted-media; gyroscope; picture-in-picture; web-share\" referrerpolicy=\"strict-origin-when-cross-origin\" allowfullscreen><\/iframe>\n<\/div><\/figure>\n\n\n\n<p>Pues pasa que todos los partidos pol\u00edticos, excepto el Partido Verde Ecologista, protesten ante el Instituto Nacional Electoral (INE) para que no sean postuladas 5 mujeres y 4 hombres&nbsp; ahora que se renuevan 9 Gubernaturas en el Pa\u00eds. Ellos quisieran, y digo \u201cellos\u201d porque son los hombres quienes dirigen los partidos pol\u00edticos en el pa\u00eds, que fuese al rev\u00e9s: 5 hombres y 4 mujeres.<\/p>\n\n\n\n<p>El rechazo ha sido tal, que la discusi\u00f3n del anteproyecto que prepara la postulaci\u00f3n de al menos 5 mujeres a las candidaturas de las 9 gubernaturas en 2024, se ha aplazado desde la semana pasada y se espera que el d\u00eda de hoy o ma\u00f1ana sea por fin aprobado por las Comisiones del INE, pero&nbsp; adem\u00e1s&nbsp; tambi\u00e9n se incluye respetar el principio de alternancia de g\u00e9nero, es decir que si en el proceso anterior se design\u00f3 a una mujer, ahora sea un hombre, y viceversa.<\/p>\n\n\n\n<p>Actualmente tenemos 9 mujeres Gobernadoras, de las cuales 7 son del partido Morena y 2 del Partido Acci\u00f3n Nacional, n\u00famero que no hubiera sido posible sin el Principio de Paridad&nbsp; incluido como Reforma a la Constituci\u00f3n Mexicana en el 2014, el cual ha garantizado el derecho de las mujeres para ser incluidas en los espacios de decisi\u00f3n p\u00fablica.<\/p>\n\n\n\n<p>Por eso es raro y hasta extra\u00f1o que ahora los partidos pol\u00edticos no quieran firmar el acuerdo despu\u00e9s de hacerlo en el Proceso Electoral de 2021, el que por cierto fue impar, pues estaban en juego 15 gubernaturas, 7 fueron para mujeres y 8 para hombres; en 2022 fueron 6 gubernaturas y se designaron 3 para mujeres y 3 para hombres; mientras que en 2023 fueron 2 gubernaturas, un hombre y una mujer.<\/p>\n\n\n\n<p>El asunto se ha aplazado tanto que incluso en el INE han modificado el Proyecto, al tratar de incluir la elecci\u00f3n a la Presidencia en conjunto con las 8 gubernaturas y la Ciudad de M\u00e9xico, para as\u00ed tener 5 mujeres y 5 hombres, lo cual desde mi punto de vista no cumplir\u00eda con la Paridad tomando en cuenta que en el Proceso 2021 hubo una mujer menos y que a nivel nacional actualmente hay 23 gobernadores.<\/p>\n\n\n\n<p>Es importante mencionar que para este Proceso Electoral de 2024, el INE est\u00e1 pidiendo a los partidos se cumpla con el criterio de competitividad y lo argumenten, con la finalidad de que no postulen mujeres en estados que creen perdidos, \u00fanicamente para cumplir con el principio de paridad o igualdad sustantiva.<\/p>\n\n\n\n<p>Posiblemente el INE podr\u00eda considerar cada caso particular de partidos, por ejemplo: el dirigente de Morena Mario Delgado mencionaba que ellos en el Proceso de 2021 postularon m\u00e1s mujeres (8) que hombres (7) por lo que en este proceso electoral les corresponde m\u00e1s hombres que mujeres para lograr su paridad como partido; pero \u00bfqu\u00e9 pasa en el caso por ejemplo de Movimiento Ciudadano, que hasta el momento ha visualizado puro var\u00f3n para las gubernaturas, incluida la Presidencia de M\u00e9xico?<\/p>\n\n\n\n<p>Sin duda, Movimiento Ciudadano, PAN, PRI y PRD no se han preocupado por formar cuadros competitivos de mujeres, l\u00edderes dentro de sus propios partidos pol\u00edticos, por eso ahora regatean al INE si es una m\u00e1s o una menos.<\/p>\n\n\n\n<p>Aun estas piedras en el camino por parte de los partidos pol\u00edticos, M\u00e9xico es l\u00edder de paridad en el Mundo reflejado en el Poder Legislativo.<\/p>\n\n\n\n<p>Veracruz es un estado que renovar\u00e1 su Gubernatura para 2024. \u00bfCu\u00e1ntas mujeres tendremos en el Proceso? \u00bfSe sumar\u00e1 Veracruz a los estados Gobernados por Mujeres?<\/p>\n\n\n\n<p>correo:caballero_brenda@hotmail.com<\/p>\n\n\n\n<p>Twitter: @NumerosRojos_BC<\/p>\n","protected":false},"excerpt":{"rendered":"<p>Brenda Caballero N\u00fameros Rojos Escucho a \u201cmuchos\u201d opinar sobre el asunto de la paridad en las gubernaturas. Que no deber\u00eda votarse por el g\u00e9nero y por el sexo, sino por las capacidades de los presuntos candidatos y candidatas. Y claro que debe tomarse en cuenta las capacidades de mujeres y hombres para ser postulados a [&hellip;]<\/p>\n","protected":false},"author":2,"featured_media":0,"comment_status":"closed","ping_status":"closed","sticky":false,"template":"","format":"standard","meta":{"tdm_status":"","tdm_grid_status":"","footnotes":""},"categories":[70],"tags":[19485,12596,266,4842,107,251,195],"class_list":{"0":"post-112931","1":"post","2":"type-post","3":"status-publish","4":"format-standard","6":"category-de-opinion","7":"tag-gubernaturas","8":"tag-mario-delgado","9":"tag-pan","10":"tag-paridad","11":"tag-prd","12":"tag-pri","13":"tag-veracruz"},"yoast_head":"<!-- This site is optimized with the Yoast SEO plugin v27.4 - https:\/\/yoast.com\/product\/yoast-seo-wordpress\/ -->\n<title>PARIDAD EN GUBERNATURAS - Los pol\u00edticos Veracruz<\/title>\n<meta name=\"robots\" content=\"index, follow, max-snippet:-1, max-image-preview:large, max-video-preview:-1\" \/>\n<link rel=\"canonical\" href=\"https:\/\/lospoliticosveracruz.com\/?p=112931\" \/>\n<meta property=\"og:locale\" content=\"es_ES\" \/>\n<meta property=\"og:type\" content=\"article\" \/>\n<meta property=\"og:title\" content=\"PARIDAD EN GUBERNATURAS - Los pol\u00edticos Veracruz\" \/>\n<meta property=\"og:description\" content=\"Brenda Caballero N\u00fameros Rojos Escucho a \u201cmuchos\u201d opinar sobre el asunto de la paridad en las gubernaturas. Que no deber\u00eda votarse por el g\u00e9nero y por el sexo, sino por las capacidades de los presuntos candidatos y candidatas. Y claro que debe tomarse en cuenta las capacidades de mujeres y hombres para ser postulados a [&hellip;]\" \/>\n<meta property=\"og:url\" content=\"https:\/\/lospoliticosveracruz.com\/?p=112931\" \/>\n<meta property=\"og:site_name\" content=\"Los pol\u00edticos Veracruz\" \/>\n<meta property=\"article:publisher\" content=\"https:\/\/www.facebook.com\/people\/Notimemes-de-los-Polticos\/61565672886568\/\" \/>\n<meta property=\"article:published_time\" content=\"2023-10-16T00:28:41+00:00\" \/>\n<meta property=\"article:modified_time\" content=\"2023-10-16T14:07:55+00:00\" \/>\n<meta property=\"og:image\" content=\"https:\/\/lospoliticosveracruz.com\/wp-content\/uploads\/2016\/07\/Logo-Dor.jpg\" \/>\n\t<meta property=\"og:image:width\" content=\"200\" \/>\n\t<meta property=\"og:image:height\" content=\"200\" \/>\n\t<meta property=\"og:image:type\" content=\"image\/jpeg\" \/>\n<meta name=\"author\" content=\"Lo viste en Los Pol\u00edticos\" \/>\n<meta name=\"twitter:card\" content=\"summary_large_image\" \/>\n<meta name=\"twitter:creator\" content=\"@LosPoliticosVer\" \/>\n<meta name=\"twitter:site\" content=\"@LosPoliticosVer\" \/>\n<meta name=\"twitter:label1\" content=\"Escrito por\" \/>\n\t<meta name=\"twitter:data1\" content=\"Lo viste en Los Pol\u00edticos\" \/>\n\t<meta name=\"twitter:label2\" content=\"Tiempo de lectura\" \/>\n\t<meta name=\"twitter:data2\" content=\"3 minutos\" \/>\n<script type=\"application\/ld+json\" class=\"yoast-schema-graph\">{\"@context\":\"https:\\\/\\\/schema.org\",\"@graph\":[{\"@type\":\"Article\",\"@id\":\"https:\\\/\\\/lospoliticosveracruz.com\\\/?p=112931#article\",\"isPartOf\":{\"@id\":\"https:\\\/\\\/lospoliticosveracruz.com\\\/?p=112931\"},\"author\":{\"name\":\"Lo viste en Los Pol\u00edticos\",\"@id\":\"https:\\\/\\\/lospoliticosveracruz.com\\\/#\\\/schema\\\/person\\\/b8702bb0e538456e6efd07080bf2a4a2\"},\"headline\":\"PARIDAD EN GUBERNATURAS\",\"datePublished\":\"2023-10-16T00:28:41+00:00\",\"dateModified\":\"2023-10-16T14:07:55+00:00\",\"mainEntityOfPage\":{\"@id\":\"https:\\\/\\\/lospoliticosveracruz.com\\\/?p=112931\"},\"wordCount\":684,\"publisher\":{\"@id\":\"https:\\\/\\\/lospoliticosveracruz.com\\\/#organization\"},\"keywords\":[\"Gubernaturas\",\"Mario Delgado\",\"PAN\",\"paridad\",\"PRD\",\"PRI\",\"Veracruz\"],\"articleSection\":[\"De Opini\u00f3n\"],\"inLanguage\":\"es\"},{\"@type\":\"WebPage\",\"@id\":\"https:\\\/\\\/lospoliticosveracruz.com\\\/?p=112931\",\"url\":\"https:\\\/\\\/lospoliticosveracruz.com\\\/?p=112931\",\"name\":\"PARIDAD EN GUBERNATURAS - Los pol\u00edticos Veracruz\",\"isPartOf\":{\"@id\":\"https:\\\/\\\/lospoliticosveracruz.com\\\/#website\"},\"datePublished\":\"2023-10-16T00:28:41+00:00\",\"dateModified\":\"2023-10-16T14:07:55+00:00\",\"breadcrumb\":{\"@id\":\"https:\\\/\\\/lospoliticosveracruz.com\\\/?p=112931#breadcrumb\"},\"inLanguage\":\"es\",\"potentialAction\":[{\"@type\":\"ReadAction\",\"target\":[\"https:\\\/\\\/lospoliticosveracruz.com\\\/?p=112931\"]}]},{\"@type\":\"BreadcrumbList\",\"@id\":\"https:\\\/\\\/lospoliticosveracruz.com\\\/?p=112931#breadcrumb\",\"itemListElement\":[{\"@type\":\"ListItem\",\"position\":1,\"name\":\"Portada\",\"item\":\"https:\\\/\\\/lospoliticosveracruz.com\\\/\"},{\"@type\":\"ListItem\",\"position\":2,\"name\":\"PARIDAD EN GUBERNATURAS\"}]},{\"@type\":\"WebSite\",\"@id\":\"https:\\\/\\\/lospoliticosveracruz.com\\\/#website\",\"url\":\"https:\\\/\\\/lospoliticosveracruz.com\\\/\",\"name\":\"Los pol\u00edticos Veracruz\",\"description\":\"\",\"publisher\":{\"@id\":\"https:\\\/\\\/lospoliticosveracruz.com\\\/#organization\"},\"potentialAction\":[{\"@type\":\"SearchAction\",\"target\":{\"@type\":\"EntryPoint\",\"urlTemplate\":\"https:\\\/\\\/lospoliticosveracruz.com\\\/?s={search_term_string}\"},\"query-input\":{\"@type\":\"PropertyValueSpecification\",\"valueRequired\":true,\"valueName\":\"search_term_string\"}}],\"inLanguage\":\"es\"},{\"@type\":\"Organization\",\"@id\":\"https:\\\/\\\/lospoliticosveracruz.com\\\/#organization\",\"name\":\"Los pol\u00edticos Veracruz\",\"url\":\"https:\\\/\\\/lospoliticosveracruz.com\\\/\",\"logo\":{\"@type\":\"ImageObject\",\"inLanguage\":\"es\",\"@id\":\"https:\\\/\\\/lospoliticosveracruz.com\\\/#\\\/schema\\\/logo\\\/image\\\/\",\"url\":\"https:\\\/\\\/lospoliticosveracruz.com\\\/wp-content\\\/uploads\\\/2025\\\/12\\\/Logo-Nuevo-LOS-POLITICOS-1.jpg\",\"contentUrl\":\"https:\\\/\\\/lospoliticosveracruz.com\\\/wp-content\\\/uploads\\\/2025\\\/12\\\/Logo-Nuevo-LOS-POLITICOS-1.jpg\",\"width\":260,\"height\":70,\"caption\":\"Los pol\u00edticos Veracruz\"},\"image\":{\"@id\":\"https:\\\/\\\/lospoliticosveracruz.com\\\/#\\\/schema\\\/logo\\\/image\\\/\"},\"sameAs\":[\"https:\\\/\\\/www.facebook.com\\\/people\\\/Notimemes-de-los-Polticos\\\/61565672886568\\\/\",\"https:\\\/\\\/x.com\\\/LosPoliticosVer\"]},{\"@type\":\"Person\",\"@id\":\"https:\\\/\\\/lospoliticosveracruz.com\\\/#\\\/schema\\\/person\\\/b8702bb0e538456e6efd07080bf2a4a2\",\"name\":\"Lo viste en Los Pol\u00edticos\",\"image\":{\"@type\":\"ImageObject\",\"inLanguage\":\"es\",\"@id\":\"https:\\\/\\\/secure.gravatar.com\\\/avatar\\\/3a8de04a2656d44082be478bd6c086daa447c4651605818287b9532d3d0bd435?s=96&d=mm&r=g\",\"url\":\"https:\\\/\\\/secure.gravatar.com\\\/avatar\\\/3a8de04a2656d44082be478bd6c086daa447c4651605818287b9532d3d0bd435?s=96&d=mm&r=g\",\"contentUrl\":\"https:\\\/\\\/secure.gravatar.com\\\/avatar\\\/3a8de04a2656d44082be478bd6c086daa447c4651605818287b9532d3d0bd435?s=96&d=mm&r=g\",\"caption\":\"Lo viste en Los Pol\u00edticos\"},\"url\":\"https:\\\/\\\/lospoliticosveracruz.com\\\/?author=2\"}]}<\/script>\n<!-- \/ Yoast SEO plugin. -->","yoast_head_json":{"title":"PARIDAD EN GUBERNATURAS - Los pol\u00edticos Veracruz","robots":{"index":"index","follow":"follow","max-snippet":"max-snippet:-1","max-image-preview":"max-image-preview:large","max-video-preview":"max-video-preview:-1"},"canonical":"https:\/\/lospoliticosveracruz.com\/?p=112931","og_locale":"es_ES","og_type":"article","og_title":"PARIDAD EN GUBERNATURAS - Los pol\u00edticos Veracruz","og_description":"Brenda Caballero N\u00fameros Rojos Escucho a \u201cmuchos\u201d opinar sobre el asunto de la paridad en las gubernaturas. Que no deber\u00eda votarse por el g\u00e9nero y por el sexo, sino por las capacidades de los presuntos candidatos y candidatas. Y claro que debe tomarse en cuenta las capacidades de mujeres y hombres para ser postulados a [&hellip;]","og_url":"https:\/\/lospoliticosveracruz.com\/?p=112931","og_site_name":"Los pol\u00edticos Veracruz","article_publisher":"https:\/\/www.facebook.com\/people\/Notimemes-de-los-Polticos\/61565672886568\/","article_published_time":"2023-10-16T00:28:41+00:00","article_modified_time":"2023-10-16T14:07:55+00:00","og_image":[{"width":200,"height":200,"url":"https:\/\/lospoliticosveracruz.com\/wp-content\/uploads\/2016\/07\/Logo-Dor.jpg","type":"image\/jpeg"}],"author":"Lo viste en Los Pol\u00edticos","twitter_card":"summary_large_image","twitter_creator":"@LosPoliticosVer","twitter_site":"@LosPoliticosVer","twitter_misc":{"Escrito por":"Lo viste en Los Pol\u00edticos","Tiempo de lectura":"3 minutos"},"schema":{"@context":"https:\/\/schema.org","@graph":[{"@type":"Article","@id":"https:\/\/lospoliticosveracruz.com\/?p=112931#article","isPartOf":{"@id":"https:\/\/lospoliticosveracruz.com\/?p=112931"},"author":{"name":"Lo viste en Los Pol\u00edticos","@id":"https:\/\/lospoliticosveracruz.com\/#\/schema\/person\/b8702bb0e538456e6efd07080bf2a4a2"},"headline":"PARIDAD EN GUBERNATURAS","datePublished":"2023-10-16T00:28:41+00:00","dateModified":"2023-10-16T14:07:55+00:00","mainEntityOfPage":{"@id":"https:\/\/lospoliticosveracruz.com\/?p=112931"},"wordCount":684,"publisher":{"@id":"https:\/\/lospoliticosveracruz.com\/#organization"},"keywords":["Gubernaturas","Mario Delgado","PAN","paridad","PRD","PRI","Veracruz"],"articleSection":["De Opini\u00f3n"],"inLanguage":"es"},{"@type":"WebPage","@id":"https:\/\/lospoliticosveracruz.com\/?p=112931","url":"https:\/\/lospoliticosveracruz.com\/?p=112931","name":"PARIDAD EN GUBERNATURAS - Los pol\u00edticos Veracruz","isPartOf":{"@id":"https:\/\/lospoliticosveracruz.com\/#website"},"datePublished":"2023-10-16T00:28:41+00:00","dateModified":"2023-10-16T14:07:55+00:00","breadcrumb":{"@id":"https:\/\/lospoliticosveracruz.com\/?p=112931#breadcrumb"},"inLanguage":"es","potentialAction":[{"@type":"ReadAction","target":["https:\/\/lospoliticosveracruz.com\/?p=112931"]}]},{"@type":"BreadcrumbList","@id":"https:\/\/lospoliticosveracruz.com\/?p=112931#breadcrumb","itemListElement":[{"@type":"ListItem","position":1,"name":"Portada","item":"https:\/\/lospoliticosveracruz.com\/"},{"@type":"ListItem","position":2,"name":"PARIDAD EN GUBERNATURAS"}]},{"@type":"WebSite","@id":"https:\/\/lospoliticosveracruz.com\/#website","url":"https:\/\/lospoliticosveracruz.com\/","name":"Los pol\u00edticos Veracruz","description":"","publisher":{"@id":"https:\/\/lospoliticosveracruz.com\/#organization"},"potentialAction":[{"@type":"SearchAction","target":{"@type":"EntryPoint","urlTemplate":"https:\/\/lospoliticosveracruz.com\/?s={search_term_string}"},"query-input":{"@type":"PropertyValueSpecification","valueRequired":true,"valueName":"search_term_string"}}],"inLanguage":"es"},{"@type":"Organization","@id":"https:\/\/lospoliticosveracruz.com\/#organization","name":"Los pol\u00edticos Veracruz","url":"https:\/\/lospoliticosveracruz.com\/","logo":{"@type":"ImageObject","inLanguage":"es","@id":"https:\/\/lospoliticosveracruz.com\/#\/schema\/logo\/image\/","url":"https:\/\/lospoliticosveracruz.com\/wp-content\/uploads\/2025\/12\/Logo-Nuevo-LOS-POLITICOS-1.jpg","contentUrl":"https:\/\/lospoliticosveracruz.com\/wp-content\/uploads\/2025\/12\/Logo-Nuevo-LOS-POLITICOS-1.jpg","width":260,"height":70,"caption":"Los pol\u00edticos Veracruz"},"image":{"@id":"https:\/\/lospoliticosveracruz.com\/#\/schema\/logo\/image\/"},"sameAs":["https:\/\/www.facebook.com\/people\/Notimemes-de-los-Polticos\/61565672886568\/","https:\/\/x.com\/LosPoliticosVer"]},{"@type":"Person","@id":"https:\/\/lospoliticosveracruz.com\/#\/schema\/person\/b8702bb0e538456e6efd07080bf2a4a2","name":"Lo viste en Los Pol\u00edticos","image":{"@type":"ImageObject","inLanguage":"es","@id":"https:\/\/secure.gravatar.com\/avatar\/3a8de04a2656d44082be478bd6c086daa447c4651605818287b9532d3d0bd435?s=96&d=mm&r=g","url":"https:\/\/secure.gravatar.com\/avatar\/3a8de04a2656d44082be478bd6c086daa447c4651605818287b9532d3d0bd435?s=96&d=mm&r=g","contentUrl":"https:\/\/secure.gravatar.com\/avatar\/3a8de04a2656d44082be478bd6c086daa447c4651605818287b9532d3d0bd435?s=96&d=mm&r=g","caption":"Lo viste en Los Pol\u00edticos"},"url":"https:\/\/lospoliticosveracruz.com\/?author=2"}]}},"_links":{"self":[{"href":"https:\/\/lospoliticosveracruz.com\/index.php?rest_route=\/wp\/v2\/posts\/112931","targetHints":{"allow":["GET"]}}],"collection":[{"href":"https:\/\/lospoliticosveracruz.com\/index.php?rest_route=\/wp\/v2\/posts"}],"about":[{"href":"https:\/\/lospoliticosveracruz.com\/index.php?rest_route=\/wp\/v2\/types\/post"}],"author":[{"embeddable":true,"href":"https:\/\/lospoliticosveracruz.com\/index.php?rest_route=\/wp\/v2\/users\/2"}],"replies":[{"embeddable":true,"href":"https:\/\/lospoliticosveracruz.com\/index.php?rest_route=%2Fwp%2Fv2%2Fcomments&post=112931"}],"version-history":[{"count":2,"href":"https:\/\/lospoliticosveracruz.com\/index.php?rest_route=\/wp\/v2\/posts\/112931\/revisions"}],"predecessor-version":[{"id":112950,"href":"https:\/\/lospoliticosveracruz.com\/index.php?rest_route=\/wp\/v2\/posts\/112931\/revisions\/112950"}],"wp:attachment":[{"href":"https:\/\/lospoliticosveracruz.com\/index.php?rest_route=%2Fwp%2Fv2%2Fmedia&parent=112931"}],"wp:term":[{"taxonomy":"category","embeddable":true,"href":"https:\/\/lospoliticosveracruz.com\/index.php?rest_route=%2Fwp%2Fv2%2Fcategories&post=112931"},{"taxonomy":"post_tag","embeddable":true,"href":"https:\/\/lospoliticosveracruz.com\/index.php?rest_route=%2Fwp%2Fv2%2Ftags&post=112931"}],"curies":[{"name":"wp","href":"https:\/\/api.w.org\/{rel}","templated":true}]}}