{"id":112944,"date":"2023-10-16T08:49:57","date_gmt":"2023-10-16T13:49:57","guid":{"rendered":"https:\/\/lospoliticosveracruz.com.mx\/?p=112944"},"modified":"2023-10-16T08:50:03","modified_gmt":"2023-10-16T13:50:03","slug":"las-prioridades-en-mexico","status":"publish","type":"post","link":"https:\/\/lospoliticosveracruz.com\/?p=112944","title":{"rendered":"LAS PRIORIDADES EN M\u00c9XICO"},"content":{"rendered":"\n<p><\/p>\n\n\n\n<p><\/p>\n\n\n\n<p><strong>Alejandro Bustos<br><\/strong><em>Sinapsis<\/em><\/p>\n\n\n\n<p>Para entender a M\u00e9xico hay que recorrerlo; salir a sus calles, hablar con el se\u00f1or de la tienda de la esquina, con los taxistas, con los meseros, con los moto repartidores, con los estibadores en los mercados, con los maestros o con los padres de familia, por mencionar s\u00f3lo a algunos.<\/p>\n\n\n\n<figure class=\"wp-block-embed is-type-video is-provider-youtube wp-block-embed-youtube wp-embed-aspect-16-9 wp-has-aspect-ratio\"><div class=\"wp-block-embed__wrapper\">\n<iframe loading=\"lazy\" title=\"Cluster Coworking\" width=\"696\" height=\"392\" src=\"https:\/\/www.youtube.com\/embed\/Nxe-vxf8GuY?feature=oembed\" frameborder=\"0\" allow=\"accelerometer; autoplay; clipboard-write; encrypted-media; gyroscope; picture-in-picture; web-share\" referrerpolicy=\"strict-origin-when-cross-origin\" allowfullscreen><\/iframe>\n<\/div><\/figure>\n\n\n\n<p>A menudo tengo esta conversaci\u00f3n con mis amigos, y es que considero que es importante que todos nosotros (yo incluido) salgamos de esa burbuja ideol\u00f3gica que nos blinda de conocer otras realidades distintas a las que estamos acostumbrados. Para quien no est\u00e9 familiarizado con el t\u00e9rmino correcto, este fen\u00f3meno se le conoce como \u2018C\u00e1mara de Eco\u2019, y se emplea para describir situaciones en las que las personas estamos expuestas principalmente a informaci\u00f3n que refuerza nuestras propias creencias o ideolog\u00eda, y que limita la exposici\u00f3n a distintas perspectivas; sobre todo, en redes sociales.<\/p>\n\n\n\n<p>Es muy com\u00fan que este fen\u00f3meno se d\u00e9 en nuestro c\u00edrculo cercano, despu\u00e9s de todo por eso son nuestras amistades: porque mayoritariamente coincidimos en una manera de pensar. No obstante, es alarmante que esa especie de escudo nos aleje de palpar la realidad.<\/p>\n\n\n\n<p>Como dec\u00eda en un principio, basta con tener una conversaci\u00f3n con el mexicano de pie para abrir el paradigma que tenemos preconcebido y conocer sus preocupaciones. En este caso, destacan especialmente tres: el desempleo, la inseguridad y la educaci\u00f3n.<\/p>\n\n\n\n<p>A los padres les preocupa que sus hijos tengan qu\u00e9 llevarse al boca y que la inseguridad no ponga en riesgo su integridad f\u00edsica cuando anden en la calle.<\/p>\n\n\n\n<p>Les preocupa, tambi\u00e9n, el desempleo y los pocos ingresos; sobre todo, cuando la inflaci\u00f3n impacta de manera brutal en sus bolsillos, porque es innegable que es un fen\u00f3meno en el que todos nos echamos las manos a la cabeza cada vez que vamos al super y solemos llevar menos de lo que acostumbr\u00e1bamos hace un par a\u00f1os debido al desproporcionado precio de los productos m\u00e1s b\u00e1sicos.<\/p>\n\n\n\n<p>En el tema de la educaci\u00f3n, hemos atestiguado una reacci\u00f3n un\u00e1nime por parte de las sociedades de padres de familia, quienes se han organizado para expresar su descontento con la situaci\u00f3n de la educaci\u00f3n p\u00fablica en M\u00e9xico. Esto se ha destacado especialmente debido a la molestia que han generado los nuevos y pol\u00e9micos libros de texto, as\u00ed como el plan de estudios que omite hechos hist\u00f3ricos o incluso los distorsiona, elimina conceptos de matem\u00e1ticas b\u00e1sicas, incluye faltas ortogr\u00e1ficas imperdonables y promueve la educaci\u00f3n sexual expl\u00edcita.<\/p>\n\n\n\n<p>Y aqu\u00ed es donde nos dividimos y resaltan las diferentes maneras de vivir dentro de esa burbuja de la que hablaba al principio de esta columna respecto a las prioridades del mexicano.<\/p>\n\n\n\n<p><strong>Diferentes realidades.<\/strong><\/p>\n\n\n\n<p>Como he comentado en otras aportaciones en este mismo espacio, no es ning\u00fan secreto que, en este momento, el espectro pol\u00edtico de la sociedad mexicana est\u00e1 claramente inclinado hacia la izquierda y sus derivados: la ultra izquierda marxista, la izquierda progresista moderna, la \u201cverdadera\u201d izquierda y la izquierda morenista que es, a su vez, una combinaci\u00f3n de todas las anteriores.<\/p>\n\n\n\n<p>Por todo ello, es que la mayor\u00eda de los pol\u00edticos apelan a hablarle solo a esa parte de la sociedad. Si usted revisa minuciosamente las propuestas de todos los partidos pol\u00edticos, se dar\u00e1 cuenta que todos parecen una variaci\u00f3n de lo mismo, con colores diferentes pero con un com\u00fan denominador: excluyen a un sector m\u00e1s conservador de la sociedad.<\/p>\n\n\n\n<p>Hace unos d\u00edas, me toc\u00f3 estar presente en una reuni\u00f3n con una persona que aspira a encabezar el Frente Amplio por Veracruz, y genuinamente me dio mucho gusto escuchar que el grupo de ciudadanos con los que se reuni\u00f3, le manifestaba preocupaciones diferentes que muchos tienen pero pocos se atreven a mencionar en p\u00fablico; como, por ejemplo, un padre de familia le cuestion\u00f3 acerca de qu\u00e9 pensaba hacer respecto a la agenda que pretende impulsar la ideolog\u00eda de g\u00e9nero en las escuelas, o su postura respecto a los sanitarios que algunas personas transexuales desean compartir con mujeres, as\u00ed como la inclusi\u00f3n forzada de miembros de la comunidad LGBTQ+ en la pol\u00edtica, entre muchas otras.<\/p>\n\n\n\n<p>Me di cuenta de que no eran temas que tuviera previsto abordar, ya que en otros contextos, la mayor\u00eda de los candidatos optan por respaldar incondicionalmente esas posturas progresistas; sin embargo, en esta reuni\u00f3n, la din\u00e1mica fue diferente: los asistentes expresaron su preocupaci\u00f3n acerca del avance de esta agenda y lo hicieron de manera muy clara.<\/p>\n\n\n\n<p>En este punto de la lectura, usted, estimado lector, quiz\u00e1s se preguntar\u00e1 a qu\u00e9 se debe este aparente desinter\u00e9s en general a abordar estos temas. La respuesta es muy sencilla: simplemente, en este momento, no es una prioridad. M\u00e9xico tiene suficientes problemas, como los que ya hemos analizado, que van antes que la agenda antiprogresista que ni de chiste se puede considerar entre las 5 cosas que m\u00e1s preocupan a un mexicano.<\/p>\n\n\n\n<p>Otra de las razones, es que todav\u00eda no se ha posicionado bastante en el foco nacional pero irremediablemente para all\u00e1 va. Algunos vemos con preocupaci\u00f3n como cada vez se abren m\u00e1s espacios p\u00fablicos para ser ocupados por personas que se identifican como pertenecientes a un grupo minoritario y su acceso se garantiza s\u00f3lo por el hecho de formar parte de ese ente sin ning\u00fan merecimiento profesional. No me mal interprete, no estoy en contra de la inclusi\u00f3n; me gusta que las mujeres y los hombres seamos iguales ante la ley, y tengamos las mismas oportunidades de crecimiento acad\u00e9mico y profesional, simplemente creo en la meritocracia y soy un convencido de que los espacios en la funci\u00f3n p\u00fablica (como en cualquier orden de la vida) deben ser ocupados por las personas m\u00e1s capaces y con la mejor preparaci\u00f3n para desempe\u00f1ar el puesto que se les asigne, sin discriminar en raz\u00f3n de su g\u00e9nero, raza, creencias religiosas o preferencias sexuales.<\/p>\n\n\n\n<p>De acuerdo con el INEGI, en M\u00e9xico 5 millones de personas se autoidentifican con una orientaci\u00f3n sexual y de g\u00e9nero perteneciente al LGBTQ+. Si tenemos en cuenta que M\u00e9xico cuenta con un aproximado de 126.7 millones de habitantes, estas personas son aproximadamente un 3.95% del pa\u00eds; dicho de otra manera, es una inmensa minor\u00eda que la clase pol\u00edtica est\u00e1 priorizando, no precisamente la ciudadan\u00eda.<\/p>\n\n\n\n<p>Por lo que cabe la pregunta, \u00bfsi la inclusi\u00f3n se ha dise\u00f1ado para beneficiar a este sector de la sociedad, por qu\u00e9 se le da trato un especial si no representa a la mayor\u00eda de pueblo mexicano?<\/p>\n\n\n\n<p>Debemos recordar que la pol\u00edtica no debe ser una moneda de cambio de votos, sino un veh\u00edculo para elegir l\u00edderes capacitados que representen verdaderamente a toda la sociedad; y nosotros, como mexicanos, entender que hay distintas prioridades en un pa\u00eds tan amplio.<\/p>\n\n\n\n<p>Todos somos contribuyentes por lo que somos los que pagamos los altos salarios de los pol\u00edticos. De hecho, si empez\u00e1ramos a exigir que nuestro dinero fuera mejor empleado, seguramente obtendr\u00edamos mejores funcionarios p\u00fablicos, as\u00ed como candidatos pol\u00edticos que entiendan que deben hablarle tambi\u00e9n a otro sector distinto al de la izquierda, ya que, ahora mismo, el sector libertario o el conservador no tienen representaci\u00f3n.<\/p>\n\n\n\n<p>Fuentes:<\/p>\n\n\n\n<p>1.- Crimen y violencia, lo que m\u00e1s le preocupa a los mexicanos<br><strong><em><a href=\"https:\/\/www.elfinanciero.com.mx\/nacional\/2023\/08\/24\/crimen-y-violencia-lo-que-mas-preocupa-a-los-mexicanos\/\">https:\/\/www.elfinanciero.com.mx\/nacional\/2023\/08\/24\/crimen-y-violencia-lo-que-mas-preocupa-a-los-mexicanos\/<\/a><\/em><\/strong><\/p>\n\n\n\n<p>2.- Est\u00e1disticas a prop\u00f3sito del d\u00eda internacional del orgullo LGBTI+<br><strong><em><a href=\"https:\/\/www.inegi.org.mx\/app\/saladeprensa\/noticia.html?id=8272#:~:text=En%20M\u00e9xico%2C%205%20millones%20de,de%20G\u00e9nero%20(ENDISEG)%202021.\">https:\/\/www.inegi.org.mx\/app\/saladeprensa\/noticia.html?id=8272#:~:text=En%20M\u00e9xico%2C%205%20millones%20de,de%20G\u00e9nero%20(ENDISEG)%202021.<\/a><\/em><\/strong><\/p>\n\n\n\n<p>3.- Pol\u00e9mica por los libros de texto: la justicia pide revisarlos y el Gobierno busca entregarlos sin cambios en las escuelas<br><strong><em><a href=\"https:\/\/elpais.com\/mexico\/2023-08-02\/polemica-por-los-libros-escolares-la-justicia-pide-revisar-los-textos-y-el-gobierno-busca-entregarlos-sin-cambios-a-los-colegios.html\">https:\/\/elpais.com\/mexico\/2023-08-02\/polemica-por-los-libros-escolares-la-justicia-pide-revisar-los-textos-y-el-gobierno-busca-entregarlos-sin-cambios-a-los-colegios.html<\/a><\/em><\/strong><\/p>\n\n\n\n<p>4.- Docentes y padres de familia de NL protestan en rechazo a libros de texto de la SEP<br><strong><em><a href=\"https:\/\/www.elsoldemexico.com.mx\/republica\/docentes-y-padres-de-familia-de-nuevo-leon-protestan-en-rechazo-a-libros-de-texto-de-la-sep-10477899.html\">https:\/\/www.elsoldemexico.com.mx\/republica\/docentes-y-padres-de-familia-de-nuevo-leon-protestan-en-rechazo-a-libros-de-texto-de-la-sep-10477899.html<\/a><\/em><\/strong><\/p>\n\n\n\n<p>Comentarios:<br>X\/Twitter: @alecbustos<br>Mail: alejandrobustosf@gmail.com<\/p>\n","protected":false},"excerpt":{"rendered":"<p>Alejandro BustosSinapsis Para entender a M\u00e9xico hay que recorrerlo; salir a sus calles, hablar con el se\u00f1or de la tienda de la esquina, con los taxistas, con los meseros, con los moto repartidores, con los estibadores en los mercados, con los maestros o con los padres de familia, por mencionar s\u00f3lo a algunos. A menudo [&hellip;]<\/p>\n","protected":false},"author":2,"featured_media":0,"comment_status":"closed","ping_status":"closed","sticky":false,"template":"","format":"standard","meta":{"tdm_status":"","tdm_grid_status":"","footnotes":""},"categories":[70],"tags":[38541],"class_list":{"0":"post-112944","1":"post","2":"type-post","3":"status-publish","4":"format-standard","6":"category-de-opinion","7":"tag-frente-amplio-por-veracruz"},"yoast_head":"<!-- This site is optimized with the Yoast SEO plugin v27.4 - https:\/\/yoast.com\/product\/yoast-seo-wordpress\/ -->\n<title>LAS PRIORIDADES EN M\u00c9XICO - Los pol\u00edticos Veracruz<\/title>\n<meta name=\"robots\" content=\"index, follow, max-snippet:-1, max-image-preview:large, max-video-preview:-1\" \/>\n<link rel=\"canonical\" href=\"https:\/\/lospoliticosveracruz.com\/?p=112944\" \/>\n<meta property=\"og:locale\" content=\"es_ES\" \/>\n<meta property=\"og:type\" content=\"article\" \/>\n<meta property=\"og:title\" content=\"LAS PRIORIDADES EN M\u00c9XICO - Los pol\u00edticos Veracruz\" \/>\n<meta property=\"og:description\" content=\"Alejandro BustosSinapsis Para entender a M\u00e9xico hay que recorrerlo; salir a sus calles, hablar con el se\u00f1or de la tienda de la esquina, con los taxistas, con los meseros, con los moto repartidores, con los estibadores en los mercados, con los maestros o con los padres de familia, por mencionar s\u00f3lo a algunos. A menudo [&hellip;]\" \/>\n<meta property=\"og:url\" content=\"https:\/\/lospoliticosveracruz.com\/?p=112944\" \/>\n<meta property=\"og:site_name\" content=\"Los pol\u00edticos Veracruz\" \/>\n<meta property=\"article:publisher\" content=\"https:\/\/www.facebook.com\/people\/Notimemes-de-los-Polticos\/61565672886568\/\" \/>\n<meta property=\"article:published_time\" content=\"2023-10-16T13:49:57+00:00\" \/>\n<meta property=\"article:modified_time\" content=\"2023-10-16T13:50:03+00:00\" \/>\n<meta property=\"og:image\" content=\"https:\/\/lospoliticosveracruz.com\/wp-content\/uploads\/2016\/07\/Logo-Dor.jpg\" \/>\n\t<meta property=\"og:image:width\" content=\"200\" \/>\n\t<meta property=\"og:image:height\" content=\"200\" \/>\n\t<meta property=\"og:image:type\" content=\"image\/jpeg\" \/>\n<meta name=\"author\" content=\"Lo viste en Los Pol\u00edticos\" \/>\n<meta name=\"twitter:card\" content=\"summary_large_image\" \/>\n<meta name=\"twitter:creator\" content=\"@LosPoliticosVer\" \/>\n<meta name=\"twitter:site\" content=\"@LosPoliticosVer\" \/>\n<meta name=\"twitter:label1\" content=\"Escrito por\" \/>\n\t<meta name=\"twitter:data1\" content=\"Lo viste en Los Pol\u00edticos\" \/>\n\t<meta name=\"twitter:label2\" content=\"Tiempo de lectura\" \/>\n\t<meta name=\"twitter:data2\" content=\"7 minutos\" \/>\n<script type=\"application\/ld+json\" class=\"yoast-schema-graph\">{\"@context\":\"https:\\\/\\\/schema.org\",\"@graph\":[{\"@type\":\"Article\",\"@id\":\"https:\\\/\\\/lospoliticosveracruz.com\\\/?p=112944#article\",\"isPartOf\":{\"@id\":\"https:\\\/\\\/lospoliticosveracruz.com\\\/?p=112944\"},\"author\":{\"name\":\"Lo viste en Los Pol\u00edticos\",\"@id\":\"https:\\\/\\\/lospoliticosveracruz.com\\\/#\\\/schema\\\/person\\\/b8702bb0e538456e6efd07080bf2a4a2\"},\"headline\":\"LAS PRIORIDADES EN M\u00c9XICO\",\"datePublished\":\"2023-10-16T13:49:57+00:00\",\"dateModified\":\"2023-10-16T13:50:03+00:00\",\"mainEntityOfPage\":{\"@id\":\"https:\\\/\\\/lospoliticosveracruz.com\\\/?p=112944\"},\"wordCount\":1393,\"publisher\":{\"@id\":\"https:\\\/\\\/lospoliticosveracruz.com\\\/#organization\"},\"keywords\":[\"Frente Amplio por Veracruz\"],\"articleSection\":[\"De Opini\u00f3n\"],\"inLanguage\":\"es\"},{\"@type\":\"WebPage\",\"@id\":\"https:\\\/\\\/lospoliticosveracruz.com\\\/?p=112944\",\"url\":\"https:\\\/\\\/lospoliticosveracruz.com\\\/?p=112944\",\"name\":\"LAS PRIORIDADES EN M\u00c9XICO - Los pol\u00edticos Veracruz\",\"isPartOf\":{\"@id\":\"https:\\\/\\\/lospoliticosveracruz.com\\\/#website\"},\"datePublished\":\"2023-10-16T13:49:57+00:00\",\"dateModified\":\"2023-10-16T13:50:03+00:00\",\"breadcrumb\":{\"@id\":\"https:\\\/\\\/lospoliticosveracruz.com\\\/?p=112944#breadcrumb\"},\"inLanguage\":\"es\",\"potentialAction\":[{\"@type\":\"ReadAction\",\"target\":[\"https:\\\/\\\/lospoliticosveracruz.com\\\/?p=112944\"]}]},{\"@type\":\"BreadcrumbList\",\"@id\":\"https:\\\/\\\/lospoliticosveracruz.com\\\/?p=112944#breadcrumb\",\"itemListElement\":[{\"@type\":\"ListItem\",\"position\":1,\"name\":\"Portada\",\"item\":\"https:\\\/\\\/lospoliticosveracruz.com\\\/\"},{\"@type\":\"ListItem\",\"position\":2,\"name\":\"LAS PRIORIDADES EN M\u00c9XICO\"}]},{\"@type\":\"WebSite\",\"@id\":\"https:\\\/\\\/lospoliticosveracruz.com\\\/#website\",\"url\":\"https:\\\/\\\/lospoliticosveracruz.com\\\/\",\"name\":\"Los pol\u00edticos Veracruz\",\"description\":\"\",\"publisher\":{\"@id\":\"https:\\\/\\\/lospoliticosveracruz.com\\\/#organization\"},\"potentialAction\":[{\"@type\":\"SearchAction\",\"target\":{\"@type\":\"EntryPoint\",\"urlTemplate\":\"https:\\\/\\\/lospoliticosveracruz.com\\\/?s={search_term_string}\"},\"query-input\":{\"@type\":\"PropertyValueSpecification\",\"valueRequired\":true,\"valueName\":\"search_term_string\"}}],\"inLanguage\":\"es\"},{\"@type\":\"Organization\",\"@id\":\"https:\\\/\\\/lospoliticosveracruz.com\\\/#organization\",\"name\":\"Los pol\u00edticos Veracruz\",\"url\":\"https:\\\/\\\/lospoliticosveracruz.com\\\/\",\"logo\":{\"@type\":\"ImageObject\",\"inLanguage\":\"es\",\"@id\":\"https:\\\/\\\/lospoliticosveracruz.com\\\/#\\\/schema\\\/logo\\\/image\\\/\",\"url\":\"https:\\\/\\\/lospoliticosveracruz.com\\\/wp-content\\\/uploads\\\/2025\\\/12\\\/Logo-Nuevo-LOS-POLITICOS-1.jpg\",\"contentUrl\":\"https:\\\/\\\/lospoliticosveracruz.com\\\/wp-content\\\/uploads\\\/2025\\\/12\\\/Logo-Nuevo-LOS-POLITICOS-1.jpg\",\"width\":260,\"height\":70,\"caption\":\"Los pol\u00edticos Veracruz\"},\"image\":{\"@id\":\"https:\\\/\\\/lospoliticosveracruz.com\\\/#\\\/schema\\\/logo\\\/image\\\/\"},\"sameAs\":[\"https:\\\/\\\/www.facebook.com\\\/people\\\/Notimemes-de-los-Polticos\\\/61565672886568\\\/\",\"https:\\\/\\\/x.com\\\/LosPoliticosVer\"]},{\"@type\":\"Person\",\"@id\":\"https:\\\/\\\/lospoliticosveracruz.com\\\/#\\\/schema\\\/person\\\/b8702bb0e538456e6efd07080bf2a4a2\",\"name\":\"Lo viste en Los Pol\u00edticos\",\"image\":{\"@type\":\"ImageObject\",\"inLanguage\":\"es\",\"@id\":\"https:\\\/\\\/secure.gravatar.com\\\/avatar\\\/3a8de04a2656d44082be478bd6c086daa447c4651605818287b9532d3d0bd435?s=96&d=mm&r=g\",\"url\":\"https:\\\/\\\/secure.gravatar.com\\\/avatar\\\/3a8de04a2656d44082be478bd6c086daa447c4651605818287b9532d3d0bd435?s=96&d=mm&r=g\",\"contentUrl\":\"https:\\\/\\\/secure.gravatar.com\\\/avatar\\\/3a8de04a2656d44082be478bd6c086daa447c4651605818287b9532d3d0bd435?s=96&d=mm&r=g\",\"caption\":\"Lo viste en Los Pol\u00edticos\"},\"url\":\"https:\\\/\\\/lospoliticosveracruz.com\\\/?author=2\"}]}<\/script>\n<!-- \/ Yoast SEO plugin. -->","yoast_head_json":{"title":"LAS PRIORIDADES EN M\u00c9XICO - Los pol\u00edticos Veracruz","robots":{"index":"index","follow":"follow","max-snippet":"max-snippet:-1","max-image-preview":"max-image-preview:large","max-video-preview":"max-video-preview:-1"},"canonical":"https:\/\/lospoliticosveracruz.com\/?p=112944","og_locale":"es_ES","og_type":"article","og_title":"LAS PRIORIDADES EN M\u00c9XICO - Los pol\u00edticos Veracruz","og_description":"Alejandro BustosSinapsis Para entender a M\u00e9xico hay que recorrerlo; salir a sus calles, hablar con el se\u00f1or de la tienda de la esquina, con los taxistas, con los meseros, con los moto repartidores, con los estibadores en los mercados, con los maestros o con los padres de familia, por mencionar s\u00f3lo a algunos. A menudo [&hellip;]","og_url":"https:\/\/lospoliticosveracruz.com\/?p=112944","og_site_name":"Los pol\u00edticos Veracruz","article_publisher":"https:\/\/www.facebook.com\/people\/Notimemes-de-los-Polticos\/61565672886568\/","article_published_time":"2023-10-16T13:49:57+00:00","article_modified_time":"2023-10-16T13:50:03+00:00","og_image":[{"width":200,"height":200,"url":"https:\/\/lospoliticosveracruz.com\/wp-content\/uploads\/2016\/07\/Logo-Dor.jpg","type":"image\/jpeg"}],"author":"Lo viste en Los Pol\u00edticos","twitter_card":"summary_large_image","twitter_creator":"@LosPoliticosVer","twitter_site":"@LosPoliticosVer","twitter_misc":{"Escrito por":"Lo viste en Los Pol\u00edticos","Tiempo de lectura":"7 minutos"},"schema":{"@context":"https:\/\/schema.org","@graph":[{"@type":"Article","@id":"https:\/\/lospoliticosveracruz.com\/?p=112944#article","isPartOf":{"@id":"https:\/\/lospoliticosveracruz.com\/?p=112944"},"author":{"name":"Lo viste en Los Pol\u00edticos","@id":"https:\/\/lospoliticosveracruz.com\/#\/schema\/person\/b8702bb0e538456e6efd07080bf2a4a2"},"headline":"LAS PRIORIDADES EN M\u00c9XICO","datePublished":"2023-10-16T13:49:57+00:00","dateModified":"2023-10-16T13:50:03+00:00","mainEntityOfPage":{"@id":"https:\/\/lospoliticosveracruz.com\/?p=112944"},"wordCount":1393,"publisher":{"@id":"https:\/\/lospoliticosveracruz.com\/#organization"},"keywords":["Frente Amplio por Veracruz"],"articleSection":["De Opini\u00f3n"],"inLanguage":"es"},{"@type":"WebPage","@id":"https:\/\/lospoliticosveracruz.com\/?p=112944","url":"https:\/\/lospoliticosveracruz.com\/?p=112944","name":"LAS PRIORIDADES EN M\u00c9XICO - Los pol\u00edticos Veracruz","isPartOf":{"@id":"https:\/\/lospoliticosveracruz.com\/#website"},"datePublished":"2023-10-16T13:49:57+00:00","dateModified":"2023-10-16T13:50:03+00:00","breadcrumb":{"@id":"https:\/\/lospoliticosveracruz.com\/?p=112944#breadcrumb"},"inLanguage":"es","potentialAction":[{"@type":"ReadAction","target":["https:\/\/lospoliticosveracruz.com\/?p=112944"]}]},{"@type":"BreadcrumbList","@id":"https:\/\/lospoliticosveracruz.com\/?p=112944#breadcrumb","itemListElement":[{"@type":"ListItem","position":1,"name":"Portada","item":"https:\/\/lospoliticosveracruz.com\/"},{"@type":"ListItem","position":2,"name":"LAS PRIORIDADES EN M\u00c9XICO"}]},{"@type":"WebSite","@id":"https:\/\/lospoliticosveracruz.com\/#website","url":"https:\/\/lospoliticosveracruz.com\/","name":"Los pol\u00edticos Veracruz","description":"","publisher":{"@id":"https:\/\/lospoliticosveracruz.com\/#organization"},"potentialAction":[{"@type":"SearchAction","target":{"@type":"EntryPoint","urlTemplate":"https:\/\/lospoliticosveracruz.com\/?s={search_term_string}"},"query-input":{"@type":"PropertyValueSpecification","valueRequired":true,"valueName":"search_term_string"}}],"inLanguage":"es"},{"@type":"Organization","@id":"https:\/\/lospoliticosveracruz.com\/#organization","name":"Los pol\u00edticos Veracruz","url":"https:\/\/lospoliticosveracruz.com\/","logo":{"@type":"ImageObject","inLanguage":"es","@id":"https:\/\/lospoliticosveracruz.com\/#\/schema\/logo\/image\/","url":"https:\/\/lospoliticosveracruz.com\/wp-content\/uploads\/2025\/12\/Logo-Nuevo-LOS-POLITICOS-1.jpg","contentUrl":"https:\/\/lospoliticosveracruz.com\/wp-content\/uploads\/2025\/12\/Logo-Nuevo-LOS-POLITICOS-1.jpg","width":260,"height":70,"caption":"Los pol\u00edticos Veracruz"},"image":{"@id":"https:\/\/lospoliticosveracruz.com\/#\/schema\/logo\/image\/"},"sameAs":["https:\/\/www.facebook.com\/people\/Notimemes-de-los-Polticos\/61565672886568\/","https:\/\/x.com\/LosPoliticosVer"]},{"@type":"Person","@id":"https:\/\/lospoliticosveracruz.com\/#\/schema\/person\/b8702bb0e538456e6efd07080bf2a4a2","name":"Lo viste en Los Pol\u00edticos","image":{"@type":"ImageObject","inLanguage":"es","@id":"https:\/\/secure.gravatar.com\/avatar\/3a8de04a2656d44082be478bd6c086daa447c4651605818287b9532d3d0bd435?s=96&d=mm&r=g","url":"https:\/\/secure.gravatar.com\/avatar\/3a8de04a2656d44082be478bd6c086daa447c4651605818287b9532d3d0bd435?s=96&d=mm&r=g","contentUrl":"https:\/\/secure.gravatar.com\/avatar\/3a8de04a2656d44082be478bd6c086daa447c4651605818287b9532d3d0bd435?s=96&d=mm&r=g","caption":"Lo viste en Los Pol\u00edticos"},"url":"https:\/\/lospoliticosveracruz.com\/?author=2"}]}},"_links":{"self":[{"href":"https:\/\/lospoliticosveracruz.com\/index.php?rest_route=\/wp\/v2\/posts\/112944","targetHints":{"allow":["GET"]}}],"collection":[{"href":"https:\/\/lospoliticosveracruz.com\/index.php?rest_route=\/wp\/v2\/posts"}],"about":[{"href":"https:\/\/lospoliticosveracruz.com\/index.php?rest_route=\/wp\/v2\/types\/post"}],"author":[{"embeddable":true,"href":"https:\/\/lospoliticosveracruz.com\/index.php?rest_route=\/wp\/v2\/users\/2"}],"replies":[{"embeddable":true,"href":"https:\/\/lospoliticosveracruz.com\/index.php?rest_route=%2Fwp%2Fv2%2Fcomments&post=112944"}],"version-history":[{"count":1,"href":"https:\/\/lospoliticosveracruz.com\/index.php?rest_route=\/wp\/v2\/posts\/112944\/revisions"}],"predecessor-version":[{"id":112946,"href":"https:\/\/lospoliticosveracruz.com\/index.php?rest_route=\/wp\/v2\/posts\/112944\/revisions\/112946"}],"wp:attachment":[{"href":"https:\/\/lospoliticosveracruz.com\/index.php?rest_route=%2Fwp%2Fv2%2Fmedia&parent=112944"}],"wp:term":[{"taxonomy":"category","embeddable":true,"href":"https:\/\/lospoliticosveracruz.com\/index.php?rest_route=%2Fwp%2Fv2%2Fcategories&post=112944"},{"taxonomy":"post_tag","embeddable":true,"href":"https:\/\/lospoliticosveracruz.com\/index.php?rest_route=%2Fwp%2Fv2%2Ftags&post=112944"}],"curies":[{"name":"wp","href":"https:\/\/api.w.org\/{rel}","templated":true}]}}