{"id":113018,"date":"2023-10-17T12:43:36","date_gmt":"2023-10-17T17:43:36","guid":{"rendered":"https:\/\/lospoliticosveracruz.com.mx\/?p=113018"},"modified":"2023-10-17T12:43:46","modified_gmt":"2023-10-17T17:43:46","slug":"7-decadas-y-el-piso-apenas-es-parejo","status":"publish","type":"post","link":"https:\/\/lospoliticosveracruz.com\/?p=113018","title":{"rendered":"7 D\u00c9CADAS Y EL PISO APENAS ES PAREJO"},"content":{"rendered":"\n<p><strong>M\u00f3nica Mendoza Madrigal<\/strong><\/p>\n\n\n\n<p><em>LaAgendaDeLasMujeres<\/em><\/p>\n\n\n\n<p>Hoy 17 de octubre las mujeres conmemoramos una de las fechas m\u00e1s importantes en el calendario de efem\u00e9rides asociadas con derechos que nos son plenamente resignificativas.&nbsp;<\/p>\n\n\n\n<p>Las mujeres mexicanas no \u00e9ramos sujetas de derechos pol\u00edticos y electorales, pese a que ten\u00edamos un largo camino en esa exigencia, pero con todo y lo enormemente relevante del hecho ocurrido un d\u00eda como hoy de hace 70 a\u00f1os, no es correcto decir que se \u201cnos concedi\u00f3\u201d el derecho a votar y a ser votadas porque los derechos no se conceden, sino que se reconocen.<\/p>\n\n\n\n<p>En realidad lo que se hizo aquel d\u00eda fue dejar de aplazar un proceso irreversible.<\/p>\n\n\n\n<p>La primera mujer mexicana en postularse como candidata fue Hermila Galindo, esa pionera a la que en su \u00e9poca consideraron desfasada de la realidad porque se postul\u00f3 a sabiendas de que votar y ser votadas no era un derecho contenido en la legislaci\u00f3n mexicana, a lo que ella dijo que habr\u00eda un d\u00eda que se har\u00eda costumbre que las mujeres fueran candidatas, pero en lo que esa fecha llegaba, hab\u00eda que comenzar a hacer com\u00fan la pr\u00e1ctica.<\/p>\n\n\n\n<p>En 4 estados de la Rep\u00fablica hubo reformas que permitieron que tuvi\u00e9ramos diputadas locales, alcaldesas y regidoras antes de tener Diputadas federales y senadoras, porque el experimento hab\u00eda que empezar a impulsarlo en poblados peque\u00f1os en los que fuera prob\u00e1ndose \u201csi la ciudadan\u00eda ya estar\u00eda preparada para tener mujeres legislando\u201d.<\/p>\n\n\n\n<p>Y aunque en efecto Elvia Carrillo Puerto, Raquel Dzib y a Beatriz Peniche solo duraron 2 a\u00f1os en el cargo de Diputadas del Congreso Yucateco porque la inestabilidad pol\u00edtica derivada del asesinado del entonces gobernador no brindaba las garant\u00edas necesarias para que ellas se mantuvieran en su curul, aquellas tres mujeres son las precursoras de un proceso imposible de frenar.<\/p>\n\n\n\n<p>A nivel federal demoraron un sexenio en dejar de fingir que se reconocer\u00eda el sufragio femenino \u2013 la iniciativa fue presentada y votada siendo C\u00e1rdenas presidente, pero jam\u00e1s se public\u00f3 en el Diario Oficial \u2013 as\u00ed que 1953 era un momento inminente para llevar al pa\u00eds adelante en materia de derechos para las mujeres y cuando otras naciones africanas y centroamericanas ya hab\u00edan avanzado en el reconocimiento, M\u00e9xico se convirti\u00f3 en la doceava naci\u00f3n del continente en dar un paso adelante.<\/p>\n\n\n\n<p>Como sabemos, el camino ha sido largo. Cuento en mi libro sobre la historia del Congreso de Veracruz que el arribo de mujeres a las curules locales no fue contin\u00fao ni progresivo. Ac\u00e1 la primera mujer en ser diputada local fue Irene Bourell, cuya historia da perfecta cuenta de lo que fue para las mujeres abrirse paso en la pol\u00edtica. Ella fue fundadora de la Liga de Comunidades Agrarias \u2013 junto con su marido \u2013 y pese a que \u00e9l muri\u00f3 en la brega siendo muy joven y ella tuvo una larga y prol\u00edfica vida, hay quienes a\u00fan la reconocen solo por haber sido la viuda de un l\u00edder agrarista, cuando sus propios m\u00e9ritos son materia suficiente para ocupar un lugar significativo en la historia, pues no tan solo fue la primera mujer en el Congreso de Veracruz, sino la primera en representar a Veracruz en el Congreso de la Uni\u00f3n y la primer mujer en ser parte de la Mesa Directiva en un Congreso en Am\u00e9rica Latina, y sin embargo en el estado de Veracruz solo hay una biblioteca que lleva su nombre, que poco significa para la historia de esta entidad.<\/p>\n\n\n\n<p>As\u00ed la historia de las pioneras, no nombradas y no reconocidas, que fueron llegando a cuenta gotas a ocupar los cargos, m\u00e1s por voluntad pol\u00edtica de los l\u00edderes que por reconocimiento real de sus trayectorias y m\u00e9ritos. De estos 70 a\u00f1os, 50 transcurrieron as\u00ed, hasta que hubo que darle un empuj\u00f3n al sistema de partidos, la m\u00e1s patriarcal de todas las instituciones pol\u00edticas, que solo con cuotas es que incorporaron mujeres, a las que mandaron a contender en distritos perdedores u obligaron a renunciar para cederles el lugar, en una serie de trampas a las que est\u00e1n siempre dispuestos a llegar, con tal de no ceder en aquello que consideran suyo: el poder.<\/p>\n\n\n\n<p>Pero las cuotas funcionaron y gracias a ellas alcanzamos la paridad, principio constitucional hermano de la igualdad que sin embargo, hay que estar defendiendo cada d\u00eda de los desaforados intentos por acotarlo y ponerle l\u00edmites.<\/p>\n\n\n\n<p>Es muy relevante llegar a esta conmemoraci\u00f3n, una noche despu\u00e9s de que el INE determinara sostener su recomendaci\u00f3n de que de las 9 gubernaturas que habr\u00e1n de disputarse en 2024, 5 de ellas est\u00e9n encabezadas por mujeres. Oh afrenta m\u00e1s descabellada, \u201c\u00a1el INE se sobrepasa!\u201d. Y por qu\u00e9 no entonces \u2013 para ponerse a tono con la correcci\u00f3n pol\u00edtica tan de moda en estos tiempos -, \u00bfno proponemos que 9 de 9 candidaturas sean para mujeres?. Siempre fue as\u00ed para los hombres y entonces no hab\u00eda excesos ni extralimitaciones que fueran cuestionadas. El patriarcado cede, pero ah que estas mujeres que lo quieren todo y lo quieren ya.&nbsp;<\/p>\n\n\n\n<p>Los partidos \u2013 todos -, no acaban de entender que la paridad no trae solo faldas a la contienda. Trae a la mitad de las excluidas, y a su agenda y a su forma de hacer pol\u00edtica, ante lo que la misoginia tradicional se exhibe como una vieja pr\u00e1ctica que ya no cabe ni representa. Pero nosotras, las hijas de las sufragistas, las paritaristas, no encargaremos de refrendarlo.<\/p>\n\n\n\n<p>@MonicaMendozaM<\/p>\n","protected":false},"excerpt":{"rendered":"<p>M\u00f3nica Mendoza Madrigal LaAgendaDeLasMujeres Hoy 17 de octubre las mujeres conmemoramos una de las fechas m\u00e1s importantes en el calendario de efem\u00e9rides asociadas con derechos que nos son plenamente resignificativas.&nbsp; Las mujeres mexicanas no \u00e9ramos sujetas de derechos pol\u00edticos y electorales, pese a que ten\u00edamos un largo camino en esa exigencia, pero con todo y [&hellip;]<\/p>\n","protected":false},"author":2,"featured_media":0,"comment_status":"closed","ping_status":"closed","sticky":false,"template":"","format":"standard","meta":{"tdm_status":"","tdm_grid_status":"","footnotes":""},"categories":[70],"tags":[13921],"class_list":{"0":"post-113018","1":"post","2":"type-post","3":"status-publish","4":"format-standard","6":"category-de-opinion","7":"tag-monica-mendoza-madrigal"},"yoast_head":"<!-- This site is optimized with the Yoast SEO plugin v27.4 - https:\/\/yoast.com\/product\/yoast-seo-wordpress\/ -->\n<title>7 D\u00c9CADAS Y EL PISO APENAS ES PAREJO - Los pol\u00edticos Veracruz<\/title>\n<meta name=\"robots\" content=\"index, follow, max-snippet:-1, max-image-preview:large, max-video-preview:-1\" \/>\n<link rel=\"canonical\" href=\"https:\/\/lospoliticosveracruz.com\/?p=113018\" \/>\n<meta property=\"og:locale\" content=\"es_ES\" \/>\n<meta property=\"og:type\" content=\"article\" \/>\n<meta property=\"og:title\" content=\"7 D\u00c9CADAS Y EL PISO APENAS ES PAREJO - Los pol\u00edticos Veracruz\" \/>\n<meta property=\"og:description\" content=\"M\u00f3nica Mendoza Madrigal LaAgendaDeLasMujeres Hoy 17 de octubre las mujeres conmemoramos una de las fechas m\u00e1s importantes en el calendario de efem\u00e9rides asociadas con derechos que nos son plenamente resignificativas.&nbsp; Las mujeres mexicanas no \u00e9ramos sujetas de derechos pol\u00edticos y electorales, pese a que ten\u00edamos un largo camino en esa exigencia, pero con todo y [&hellip;]\" \/>\n<meta property=\"og:url\" content=\"https:\/\/lospoliticosveracruz.com\/?p=113018\" \/>\n<meta property=\"og:site_name\" content=\"Los pol\u00edticos Veracruz\" \/>\n<meta property=\"article:publisher\" content=\"https:\/\/www.facebook.com\/people\/Notimemes-de-los-Polticos\/61565672886568\/\" \/>\n<meta property=\"article:published_time\" content=\"2023-10-17T17:43:36+00:00\" \/>\n<meta property=\"article:modified_time\" content=\"2023-10-17T17:43:46+00:00\" \/>\n<meta property=\"og:image\" content=\"https:\/\/lospoliticosveracruz.com\/wp-content\/uploads\/2016\/07\/Logo-Dor.jpg\" \/>\n\t<meta property=\"og:image:width\" content=\"200\" \/>\n\t<meta property=\"og:image:height\" content=\"200\" \/>\n\t<meta property=\"og:image:type\" content=\"image\/jpeg\" \/>\n<meta name=\"author\" content=\"Lo viste en Los Pol\u00edticos\" \/>\n<meta name=\"twitter:card\" content=\"summary_large_image\" \/>\n<meta name=\"twitter:creator\" content=\"@LosPoliticosVer\" \/>\n<meta name=\"twitter:site\" content=\"@LosPoliticosVer\" \/>\n<meta name=\"twitter:label1\" content=\"Escrito por\" \/>\n\t<meta name=\"twitter:data1\" content=\"Lo viste en Los Pol\u00edticos\" \/>\n\t<meta name=\"twitter:label2\" content=\"Tiempo de lectura\" \/>\n\t<meta name=\"twitter:data2\" content=\"5 minutos\" \/>\n<script type=\"application\/ld+json\" class=\"yoast-schema-graph\">{\"@context\":\"https:\\\/\\\/schema.org\",\"@graph\":[{\"@type\":\"Article\",\"@id\":\"https:\\\/\\\/lospoliticosveracruz.com\\\/?p=113018#article\",\"isPartOf\":{\"@id\":\"https:\\\/\\\/lospoliticosveracruz.com\\\/?p=113018\"},\"author\":{\"name\":\"Lo viste en Los Pol\u00edticos\",\"@id\":\"https:\\\/\\\/lospoliticosveracruz.com\\\/#\\\/schema\\\/person\\\/b8702bb0e538456e6efd07080bf2a4a2\"},\"headline\":\"7 D\u00c9CADAS Y EL PISO APENAS ES PAREJO\",\"datePublished\":\"2023-10-17T17:43:36+00:00\",\"dateModified\":\"2023-10-17T17:43:46+00:00\",\"mainEntityOfPage\":{\"@id\":\"https:\\\/\\\/lospoliticosveracruz.com\\\/?p=113018\"},\"wordCount\":950,\"publisher\":{\"@id\":\"https:\\\/\\\/lospoliticosveracruz.com\\\/#organization\"},\"keywords\":[\"M\u00f3nica Mendoza Madrigal\"],\"articleSection\":[\"De Opini\u00f3n\"],\"inLanguage\":\"es\"},{\"@type\":\"WebPage\",\"@id\":\"https:\\\/\\\/lospoliticosveracruz.com\\\/?p=113018\",\"url\":\"https:\\\/\\\/lospoliticosveracruz.com\\\/?p=113018\",\"name\":\"7 D\u00c9CADAS Y EL PISO APENAS ES PAREJO - Los pol\u00edticos Veracruz\",\"isPartOf\":{\"@id\":\"https:\\\/\\\/lospoliticosveracruz.com\\\/#website\"},\"datePublished\":\"2023-10-17T17:43:36+00:00\",\"dateModified\":\"2023-10-17T17:43:46+00:00\",\"breadcrumb\":{\"@id\":\"https:\\\/\\\/lospoliticosveracruz.com\\\/?p=113018#breadcrumb\"},\"inLanguage\":\"es\",\"potentialAction\":[{\"@type\":\"ReadAction\",\"target\":[\"https:\\\/\\\/lospoliticosveracruz.com\\\/?p=113018\"]}]},{\"@type\":\"BreadcrumbList\",\"@id\":\"https:\\\/\\\/lospoliticosveracruz.com\\\/?p=113018#breadcrumb\",\"itemListElement\":[{\"@type\":\"ListItem\",\"position\":1,\"name\":\"Portada\",\"item\":\"https:\\\/\\\/lospoliticosveracruz.com\\\/\"},{\"@type\":\"ListItem\",\"position\":2,\"name\":\"7 D\u00c9CADAS Y EL PISO APENAS ES PAREJO\"}]},{\"@type\":\"WebSite\",\"@id\":\"https:\\\/\\\/lospoliticosveracruz.com\\\/#website\",\"url\":\"https:\\\/\\\/lospoliticosveracruz.com\\\/\",\"name\":\"Los pol\u00edticos Veracruz\",\"description\":\"\",\"publisher\":{\"@id\":\"https:\\\/\\\/lospoliticosveracruz.com\\\/#organization\"},\"potentialAction\":[{\"@type\":\"SearchAction\",\"target\":{\"@type\":\"EntryPoint\",\"urlTemplate\":\"https:\\\/\\\/lospoliticosveracruz.com\\\/?s={search_term_string}\"},\"query-input\":{\"@type\":\"PropertyValueSpecification\",\"valueRequired\":true,\"valueName\":\"search_term_string\"}}],\"inLanguage\":\"es\"},{\"@type\":\"Organization\",\"@id\":\"https:\\\/\\\/lospoliticosveracruz.com\\\/#organization\",\"name\":\"Los pol\u00edticos Veracruz\",\"url\":\"https:\\\/\\\/lospoliticosveracruz.com\\\/\",\"logo\":{\"@type\":\"ImageObject\",\"inLanguage\":\"es\",\"@id\":\"https:\\\/\\\/lospoliticosveracruz.com\\\/#\\\/schema\\\/logo\\\/image\\\/\",\"url\":\"https:\\\/\\\/lospoliticosveracruz.com\\\/wp-content\\\/uploads\\\/2025\\\/12\\\/Logo-Nuevo-LOS-POLITICOS-1.jpg\",\"contentUrl\":\"https:\\\/\\\/lospoliticosveracruz.com\\\/wp-content\\\/uploads\\\/2025\\\/12\\\/Logo-Nuevo-LOS-POLITICOS-1.jpg\",\"width\":260,\"height\":70,\"caption\":\"Los pol\u00edticos Veracruz\"},\"image\":{\"@id\":\"https:\\\/\\\/lospoliticosveracruz.com\\\/#\\\/schema\\\/logo\\\/image\\\/\"},\"sameAs\":[\"https:\\\/\\\/www.facebook.com\\\/people\\\/Notimemes-de-los-Polticos\\\/61565672886568\\\/\",\"https:\\\/\\\/x.com\\\/LosPoliticosVer\"]},{\"@type\":\"Person\",\"@id\":\"https:\\\/\\\/lospoliticosveracruz.com\\\/#\\\/schema\\\/person\\\/b8702bb0e538456e6efd07080bf2a4a2\",\"name\":\"Lo viste en Los Pol\u00edticos\",\"image\":{\"@type\":\"ImageObject\",\"inLanguage\":\"es\",\"@id\":\"https:\\\/\\\/secure.gravatar.com\\\/avatar\\\/3a8de04a2656d44082be478bd6c086daa447c4651605818287b9532d3d0bd435?s=96&d=mm&r=g\",\"url\":\"https:\\\/\\\/secure.gravatar.com\\\/avatar\\\/3a8de04a2656d44082be478bd6c086daa447c4651605818287b9532d3d0bd435?s=96&d=mm&r=g\",\"contentUrl\":\"https:\\\/\\\/secure.gravatar.com\\\/avatar\\\/3a8de04a2656d44082be478bd6c086daa447c4651605818287b9532d3d0bd435?s=96&d=mm&r=g\",\"caption\":\"Lo viste en Los Pol\u00edticos\"},\"url\":\"https:\\\/\\\/lospoliticosveracruz.com\\\/?author=2\"}]}<\/script>\n<!-- \/ Yoast SEO plugin. -->","yoast_head_json":{"title":"7 D\u00c9CADAS Y EL PISO APENAS ES PAREJO - Los pol\u00edticos Veracruz","robots":{"index":"index","follow":"follow","max-snippet":"max-snippet:-1","max-image-preview":"max-image-preview:large","max-video-preview":"max-video-preview:-1"},"canonical":"https:\/\/lospoliticosveracruz.com\/?p=113018","og_locale":"es_ES","og_type":"article","og_title":"7 D\u00c9CADAS Y EL PISO APENAS ES PAREJO - Los pol\u00edticos Veracruz","og_description":"M\u00f3nica Mendoza Madrigal LaAgendaDeLasMujeres Hoy 17 de octubre las mujeres conmemoramos una de las fechas m\u00e1s importantes en el calendario de efem\u00e9rides asociadas con derechos que nos son plenamente resignificativas.&nbsp; Las mujeres mexicanas no \u00e9ramos sujetas de derechos pol\u00edticos y electorales, pese a que ten\u00edamos un largo camino en esa exigencia, pero con todo y [&hellip;]","og_url":"https:\/\/lospoliticosveracruz.com\/?p=113018","og_site_name":"Los pol\u00edticos Veracruz","article_publisher":"https:\/\/www.facebook.com\/people\/Notimemes-de-los-Polticos\/61565672886568\/","article_published_time":"2023-10-17T17:43:36+00:00","article_modified_time":"2023-10-17T17:43:46+00:00","og_image":[{"width":200,"height":200,"url":"https:\/\/lospoliticosveracruz.com\/wp-content\/uploads\/2016\/07\/Logo-Dor.jpg","type":"image\/jpeg"}],"author":"Lo viste en Los Pol\u00edticos","twitter_card":"summary_large_image","twitter_creator":"@LosPoliticosVer","twitter_site":"@LosPoliticosVer","twitter_misc":{"Escrito por":"Lo viste en Los Pol\u00edticos","Tiempo de lectura":"5 minutos"},"schema":{"@context":"https:\/\/schema.org","@graph":[{"@type":"Article","@id":"https:\/\/lospoliticosveracruz.com\/?p=113018#article","isPartOf":{"@id":"https:\/\/lospoliticosveracruz.com\/?p=113018"},"author":{"name":"Lo viste en Los Pol\u00edticos","@id":"https:\/\/lospoliticosveracruz.com\/#\/schema\/person\/b8702bb0e538456e6efd07080bf2a4a2"},"headline":"7 D\u00c9CADAS Y EL PISO APENAS ES PAREJO","datePublished":"2023-10-17T17:43:36+00:00","dateModified":"2023-10-17T17:43:46+00:00","mainEntityOfPage":{"@id":"https:\/\/lospoliticosveracruz.com\/?p=113018"},"wordCount":950,"publisher":{"@id":"https:\/\/lospoliticosveracruz.com\/#organization"},"keywords":["M\u00f3nica Mendoza Madrigal"],"articleSection":["De Opini\u00f3n"],"inLanguage":"es"},{"@type":"WebPage","@id":"https:\/\/lospoliticosveracruz.com\/?p=113018","url":"https:\/\/lospoliticosveracruz.com\/?p=113018","name":"7 D\u00c9CADAS Y EL PISO APENAS ES PAREJO - Los pol\u00edticos Veracruz","isPartOf":{"@id":"https:\/\/lospoliticosveracruz.com\/#website"},"datePublished":"2023-10-17T17:43:36+00:00","dateModified":"2023-10-17T17:43:46+00:00","breadcrumb":{"@id":"https:\/\/lospoliticosveracruz.com\/?p=113018#breadcrumb"},"inLanguage":"es","potentialAction":[{"@type":"ReadAction","target":["https:\/\/lospoliticosveracruz.com\/?p=113018"]}]},{"@type":"BreadcrumbList","@id":"https:\/\/lospoliticosveracruz.com\/?p=113018#breadcrumb","itemListElement":[{"@type":"ListItem","position":1,"name":"Portada","item":"https:\/\/lospoliticosveracruz.com\/"},{"@type":"ListItem","position":2,"name":"7 D\u00c9CADAS Y EL PISO APENAS ES PAREJO"}]},{"@type":"WebSite","@id":"https:\/\/lospoliticosveracruz.com\/#website","url":"https:\/\/lospoliticosveracruz.com\/","name":"Los pol\u00edticos Veracruz","description":"","publisher":{"@id":"https:\/\/lospoliticosveracruz.com\/#organization"},"potentialAction":[{"@type":"SearchAction","target":{"@type":"EntryPoint","urlTemplate":"https:\/\/lospoliticosveracruz.com\/?s={search_term_string}"},"query-input":{"@type":"PropertyValueSpecification","valueRequired":true,"valueName":"search_term_string"}}],"inLanguage":"es"},{"@type":"Organization","@id":"https:\/\/lospoliticosveracruz.com\/#organization","name":"Los pol\u00edticos Veracruz","url":"https:\/\/lospoliticosveracruz.com\/","logo":{"@type":"ImageObject","inLanguage":"es","@id":"https:\/\/lospoliticosveracruz.com\/#\/schema\/logo\/image\/","url":"https:\/\/lospoliticosveracruz.com\/wp-content\/uploads\/2025\/12\/Logo-Nuevo-LOS-POLITICOS-1.jpg","contentUrl":"https:\/\/lospoliticosveracruz.com\/wp-content\/uploads\/2025\/12\/Logo-Nuevo-LOS-POLITICOS-1.jpg","width":260,"height":70,"caption":"Los pol\u00edticos Veracruz"},"image":{"@id":"https:\/\/lospoliticosveracruz.com\/#\/schema\/logo\/image\/"},"sameAs":["https:\/\/www.facebook.com\/people\/Notimemes-de-los-Polticos\/61565672886568\/","https:\/\/x.com\/LosPoliticosVer"]},{"@type":"Person","@id":"https:\/\/lospoliticosveracruz.com\/#\/schema\/person\/b8702bb0e538456e6efd07080bf2a4a2","name":"Lo viste en Los Pol\u00edticos","image":{"@type":"ImageObject","inLanguage":"es","@id":"https:\/\/secure.gravatar.com\/avatar\/3a8de04a2656d44082be478bd6c086daa447c4651605818287b9532d3d0bd435?s=96&d=mm&r=g","url":"https:\/\/secure.gravatar.com\/avatar\/3a8de04a2656d44082be478bd6c086daa447c4651605818287b9532d3d0bd435?s=96&d=mm&r=g","contentUrl":"https:\/\/secure.gravatar.com\/avatar\/3a8de04a2656d44082be478bd6c086daa447c4651605818287b9532d3d0bd435?s=96&d=mm&r=g","caption":"Lo viste en Los Pol\u00edticos"},"url":"https:\/\/lospoliticosveracruz.com\/?author=2"}]}},"_links":{"self":[{"href":"https:\/\/lospoliticosveracruz.com\/index.php?rest_route=\/wp\/v2\/posts\/113018","targetHints":{"allow":["GET"]}}],"collection":[{"href":"https:\/\/lospoliticosveracruz.com\/index.php?rest_route=\/wp\/v2\/posts"}],"about":[{"href":"https:\/\/lospoliticosveracruz.com\/index.php?rest_route=\/wp\/v2\/types\/post"}],"author":[{"embeddable":true,"href":"https:\/\/lospoliticosveracruz.com\/index.php?rest_route=\/wp\/v2\/users\/2"}],"replies":[{"embeddable":true,"href":"https:\/\/lospoliticosveracruz.com\/index.php?rest_route=%2Fwp%2Fv2%2Fcomments&post=113018"}],"version-history":[{"count":1,"href":"https:\/\/lospoliticosveracruz.com\/index.php?rest_route=\/wp\/v2\/posts\/113018\/revisions"}],"predecessor-version":[{"id":113020,"href":"https:\/\/lospoliticosveracruz.com\/index.php?rest_route=\/wp\/v2\/posts\/113018\/revisions\/113020"}],"wp:attachment":[{"href":"https:\/\/lospoliticosveracruz.com\/index.php?rest_route=%2Fwp%2Fv2%2Fmedia&parent=113018"}],"wp:term":[{"taxonomy":"category","embeddable":true,"href":"https:\/\/lospoliticosveracruz.com\/index.php?rest_route=%2Fwp%2Fv2%2Fcategories&post=113018"},{"taxonomy":"post_tag","embeddable":true,"href":"https:\/\/lospoliticosveracruz.com\/index.php?rest_route=%2Fwp%2Fv2%2Ftags&post=113018"}],"curies":[{"name":"wp","href":"https:\/\/api.w.org\/{rel}","templated":true}]}}