{"id":113058,"date":"2023-10-17T21:20:51","date_gmt":"2023-10-18T02:20:51","guid":{"rendered":"https:\/\/lospoliticosveracruz.com.mx\/?p=113058"},"modified":"2023-10-17T21:21:56","modified_gmt":"2023-10-18T02:21:56","slug":"frente-opositor-con-las-siglas-del-pri-en-veracruz","status":"publish","type":"post","link":"https:\/\/lospoliticosveracruz.com\/?p=113058","title":{"rendered":"FRENTE OPOSITOR, CON LAS SIGLAS DEL PRI EN VERACRUZ"},"content":{"rendered":"\n<p><strong>Luis Alberto Romero<br><\/strong><em>Hora cero<\/em><\/p>\n\n\n\n<p>De no haber un cambio de \u00faltima hora, ser\u00e1 el PRI el partido que postule candidato al gobierno de Veracruz.<br>Los tres partidos involucrados en el Frente Amplio por M\u00e9xico, PAN, PRD y PRI, ya tendr\u00edan pr\u00e1cticamente un acuerdo con relaci\u00f3n a las candidaturas en las nueve entidades que renovar\u00e1n gubernaturas en 2024: el Sol Azteca postular\u00eda en Chiapas y Tabasco; el tricolor lo har\u00eda en Morelos y Veracruz; y el albiazul, en Ciudad de M\u00e9xico, Guanajuato, Jalisco, Puebla y Yucat\u00e1n.<\/p>\n\n\n<div class=\"wp-block-image\">\n<figure class=\"alignleft size-full is-resized\"><a href=\"https:\/\/lospoliticosveracruz.com.mx\/wp-content\/uploads\/2023\/02\/Vinissimo.jpg\"><img loading=\"lazy\" decoding=\"async\" src=\"https:\/\/lospoliticosveracruz.com.mx\/wp-content\/uploads\/2023\/02\/Vinissimo.jpg\" alt=\"\" class=\"wp-image-102752\" width=\"175\" height=\"178\"\/><\/a><\/figure>\n<\/div>\n\n\n<p><br>En cuanto a Veracruz, lo m\u00e1s probable es que el comit\u00e9 nacional del PRI decida ir a las elecciones locales con el diputado Jos\u00e9 Francisco Yunes Zorrilla, aunque no se descarta al ex senador H\u00e9ctor Yunes Landa.<br>Muy dif\u00edcilmente el partido que encabeza Alejandro Moreno en el \u00e1mbito nacional recurrir\u00e1 a una f\u00f3rmula diferente en Veracruz, a no ser que termine por imponerse en factor de la cuota de g\u00e9nero.<br>Hasta hoy, nos dicen quienes conocen los entretelones del partido, el escenario m\u00e1s probable es que Pepe Yunes sea candidato del frente opositor al gobierno veracruzano.<br>El tambi\u00e9n ex senador y ex candidato al gobierno estatal en 2018 ir\u00eda por su segundo intento, como lo hizo en 2016 Miguel \u00c1ngel Yunes Linares, quien gan\u00f3 esas elecciones luego de perder en el proceso de 2010; o Cuitl\u00e1huac Garc\u00eda, quien tambi\u00e9n en una segunda oportunidad lleg\u00f3 a la gubernatura, tras el descalabro de 2016.<br>Las probabilidades de Yunes Zorrilla aumentar\u00e1n de forma significativa en funci\u00f3n del apoyo y los acuerdos con los grupos que existen al interior del PAN: los Yunes de Boca del R\u00edo, Guzm\u00e1n Avil\u00e9s, Julen Rementer\u00eda, Enrique Cambranis y V\u00edctor Serralde, entre otros de menor relevancia pol\u00edtico-electoral.<br>De su habilidad para sumar a dichos grupos depender\u00e1n en gran medida las posibilidades de Pepe Yunes para construir una candidatura competitiva.<br>La \u00fanica duda, sin embargo, no tiene que ver con el nivel de competitividad de Yunes Zorrilla, sino con el papel que en el frente opositor jugar\u00e1 el grupo Yunes de Boca del R\u00edo, sobre todo tomando en cuenta las versiones que apuntan a un acuerdo con Morena.<br>No pueden ser casualidad los constantes amagues desde el poder sobre la posibilidad de revivir viejas acusaciones contra el patriarca del clan, y enderezar denuncias contra el ex alcalde de Boca del Rio y contra la actual alcaldesa del puerto.<br>Finalmente, se trata de un grupo que en las elecciones estatales de 2018 logr\u00f3 casi un mill\u00f3n y medio de votos, m\u00e1s del 33 por ciento de los sufragios totales, en alianza con una fuerza pol\u00edtica que representa muy poco, el PRD.<br>En cuanto a los otros grupos panistas, Pepe Yunes, si finalmente es candidato, tendr\u00eda de antemano el apoyo de Julen Rementer\u00eda, de Guzm\u00e1n Avil\u00e9s (pieza clave en una parte de la Huasteca veracruzana), y de Serralde (zona de Huatusco); s\u00f3lo faltar\u00eda, como cabo suelto, el acuerdo que tendr\u00e1 que establecer con Cambranis Torres, quien ha insistido en la posibilidad de que Acci\u00f3n Nacional vaya s\u00f3lo y no en alianza a las elecciones de 2024.<br>Lo \u00fanico claro en la alianza opositora, es que de no existir un cambio de \u00faltima hora, el PRI llevar\u00e1 mano en la postulaci\u00f3n del candidato al gobierno estatal.<\/p>\n\n\n\n<p><strong>La respuesta de PMA a Coparmex-Xalapa<br><\/strong>De forma reciente, el dirigente de la Coparmex-Xalapa, Juan Carlos D\u00edaz Morante, lanz\u00f3 se\u00f1alamientos contra la Procuradur\u00eda del Medio Ambiente, dependencia a la que acusa por aplicar multas millonarias y amenazas de clausura contra empresas establecidas en la zona centro del Estado.<br>En respuesta, el titular de dicha instancia de gobierno, Sergio Rodr\u00edguez, fue categ\u00f3rico al aclarar que los montos de las multas impuestas est\u00e1n establecidos en las leyes ambientales y de ninguna manera pueden ser reducidos discrecionalmente.<br>El procurador del Medio Ambiente de Veracruz se dijo dispuesto a someter todos los actos de la dependencia a una revisi\u00f3n minuciosa, para efectos de dejar en claro que se trata de acciones apegadas a las leyes.<br>En la aplicaci\u00f3n de multas y sanciones, dijo, no hay ocurrencias, sino apego estricto a lo que establecen las normas. Sin embargo, al parecer, el dirigente de Coparmex piensa que las leyes ambientales se negocian; que son de cumplimiento voluntario; o bien que las empresas tienen segundas o terceras oportunidades para corregir sus omisiones o deficiencias en el obligatorio cuidado del medio ambiente.<br>Sergio Rodr\u00edguez, por su parte, enfatiza que a \u00e9l s\u00f3lo pueden se\u00f1alarle por aplicar la ley y que en ello ha trabajo desde que inici\u00f3 su encargo.<br>Lo que llama la atenci\u00f3n, por cierto, es el respaldo que recibi\u00f3 el titular de la PMA de un importante sector empresarial.<br>@luisromero85<\/p>\n","protected":false},"excerpt":{"rendered":"<p>Luis Alberto RomeroHora cero De no haber un cambio de \u00faltima hora, ser\u00e1 el PRI el partido que postule candidato al gobierno de Veracruz.Los tres partidos involucrados en el Frente Amplio por M\u00e9xico, PAN, PRD y PRI, ya tendr\u00edan pr\u00e1cticamente un acuerdo con relaci\u00f3n a las candidaturas en las nueve entidades que renovar\u00e1n gubernaturas en [&hellip;]<\/p>\n","protected":false},"author":2,"featured_media":0,"comment_status":"closed","ping_status":"closed","sticky":false,"template":"","format":"standard","meta":{"tdm_status":"","tdm_grid_status":"","footnotes":""},"categories":[70],"tags":[601,2226,23407,1130,570,251],"class_list":{"0":"post-113058","1":"post","2":"type-post","3":"status-publish","4":"format-standard","6":"category-de-opinion","7":"tag-boca-del-rio","8":"tag-enrique-cambranis","9":"tag-guzman-aviles","10":"tag-julen-rementeria","11":"tag-pepe-yunes","12":"tag-pri"},"yoast_head":"<!-- This site is optimized with the Yoast SEO plugin v27.4 - https:\/\/yoast.com\/product\/yoast-seo-wordpress\/ -->\n<title>FRENTE OPOSITOR, CON LAS SIGLAS DEL PRI EN VERACRUZ - Los pol\u00edticos Veracruz<\/title>\n<meta name=\"robots\" content=\"index, follow, max-snippet:-1, max-image-preview:large, max-video-preview:-1\" \/>\n<link rel=\"canonical\" href=\"https:\/\/lospoliticosveracruz.com\/?p=113058\" \/>\n<meta property=\"og:locale\" content=\"es_ES\" \/>\n<meta property=\"og:type\" content=\"article\" \/>\n<meta property=\"og:title\" content=\"FRENTE OPOSITOR, CON LAS SIGLAS DEL PRI EN VERACRUZ - Los pol\u00edticos Veracruz\" \/>\n<meta property=\"og:description\" content=\"Luis Alberto RomeroHora cero De no haber un cambio de \u00faltima hora, ser\u00e1 el PRI el partido que postule candidato al gobierno de Veracruz.Los tres partidos involucrados en el Frente Amplio por M\u00e9xico, PAN, PRD y PRI, ya tendr\u00edan pr\u00e1cticamente un acuerdo con relaci\u00f3n a las candidaturas en las nueve entidades que renovar\u00e1n gubernaturas en [&hellip;]\" \/>\n<meta property=\"og:url\" content=\"https:\/\/lospoliticosveracruz.com\/?p=113058\" \/>\n<meta property=\"og:site_name\" content=\"Los pol\u00edticos Veracruz\" \/>\n<meta property=\"article:publisher\" content=\"https:\/\/www.facebook.com\/people\/Notimemes-de-los-Polticos\/61565672886568\/\" \/>\n<meta property=\"article:published_time\" content=\"2023-10-18T02:20:51+00:00\" \/>\n<meta property=\"article:modified_time\" content=\"2023-10-18T02:21:56+00:00\" \/>\n<meta property=\"og:image\" content=\"https:\/\/lospoliticosveracruz.com.mx\/wp-content\/uploads\/2023\/02\/Vinissimo.jpg\" \/>\n<meta name=\"author\" content=\"Lo viste en Los Pol\u00edticos\" \/>\n<meta name=\"twitter:card\" content=\"summary_large_image\" \/>\n<meta name=\"twitter:creator\" content=\"@LosPoliticosVer\" \/>\n<meta name=\"twitter:site\" content=\"@LosPoliticosVer\" \/>\n<meta name=\"twitter:label1\" content=\"Escrito por\" \/>\n\t<meta name=\"twitter:data1\" content=\"Lo viste en Los Pol\u00edticos\" \/>\n\t<meta name=\"twitter:label2\" content=\"Tiempo de lectura\" \/>\n\t<meta name=\"twitter:data2\" content=\"4 minutos\" \/>\n<script type=\"application\/ld+json\" class=\"yoast-schema-graph\">{\"@context\":\"https:\\\/\\\/schema.org\",\"@graph\":[{\"@type\":\"Article\",\"@id\":\"https:\\\/\\\/lospoliticosveracruz.com\\\/?p=113058#article\",\"isPartOf\":{\"@id\":\"https:\\\/\\\/lospoliticosveracruz.com\\\/?p=113058\"},\"author\":{\"name\":\"Lo viste en Los Pol\u00edticos\",\"@id\":\"https:\\\/\\\/lospoliticosveracruz.com\\\/#\\\/schema\\\/person\\\/b8702bb0e538456e6efd07080bf2a4a2\"},\"headline\":\"FRENTE OPOSITOR, CON LAS SIGLAS DEL PRI EN VERACRUZ\",\"datePublished\":\"2023-10-18T02:20:51+00:00\",\"dateModified\":\"2023-10-18T02:21:56+00:00\",\"mainEntityOfPage\":{\"@id\":\"https:\\\/\\\/lospoliticosveracruz.com\\\/?p=113058\"},\"wordCount\":828,\"publisher\":{\"@id\":\"https:\\\/\\\/lospoliticosveracruz.com\\\/#organization\"},\"image\":{\"@id\":\"https:\\\/\\\/lospoliticosveracruz.com\\\/?p=113058#primaryimage\"},\"thumbnailUrl\":\"https:\\\/\\\/lospoliticosveracruz.com.mx\\\/wp-content\\\/uploads\\\/2023\\\/02\\\/Vinissimo.jpg\",\"keywords\":[\"Boca del R\u00edo\",\"Enrique Cambranis\",\"Guzm\u00e1n Avil\u00e9s\",\"Julen Rementer\u00eda\",\"Pepe Yunes\",\"PRI\"],\"articleSection\":[\"De Opini\u00f3n\"],\"inLanguage\":\"es\"},{\"@type\":\"WebPage\",\"@id\":\"https:\\\/\\\/lospoliticosveracruz.com\\\/?p=113058\",\"url\":\"https:\\\/\\\/lospoliticosveracruz.com\\\/?p=113058\",\"name\":\"FRENTE OPOSITOR, CON LAS SIGLAS DEL PRI EN VERACRUZ - Los pol\u00edticos Veracruz\",\"isPartOf\":{\"@id\":\"https:\\\/\\\/lospoliticosveracruz.com\\\/#website\"},\"primaryImageOfPage\":{\"@id\":\"https:\\\/\\\/lospoliticosveracruz.com\\\/?p=113058#primaryimage\"},\"image\":{\"@id\":\"https:\\\/\\\/lospoliticosveracruz.com\\\/?p=113058#primaryimage\"},\"thumbnailUrl\":\"https:\\\/\\\/lospoliticosveracruz.com.mx\\\/wp-content\\\/uploads\\\/2023\\\/02\\\/Vinissimo.jpg\",\"datePublished\":\"2023-10-18T02:20:51+00:00\",\"dateModified\":\"2023-10-18T02:21:56+00:00\",\"breadcrumb\":{\"@id\":\"https:\\\/\\\/lospoliticosveracruz.com\\\/?p=113058#breadcrumb\"},\"inLanguage\":\"es\",\"potentialAction\":[{\"@type\":\"ReadAction\",\"target\":[\"https:\\\/\\\/lospoliticosveracruz.com\\\/?p=113058\"]}]},{\"@type\":\"ImageObject\",\"inLanguage\":\"es\",\"@id\":\"https:\\\/\\\/lospoliticosveracruz.com\\\/?p=113058#primaryimage\",\"url\":\"https:\\\/\\\/lospoliticosveracruz.com.mx\\\/wp-content\\\/uploads\\\/2023\\\/02\\\/Vinissimo.jpg\",\"contentUrl\":\"https:\\\/\\\/lospoliticosveracruz.com.mx\\\/wp-content\\\/uploads\\\/2023\\\/02\\\/Vinissimo.jpg\"},{\"@type\":\"BreadcrumbList\",\"@id\":\"https:\\\/\\\/lospoliticosveracruz.com\\\/?p=113058#breadcrumb\",\"itemListElement\":[{\"@type\":\"ListItem\",\"position\":1,\"name\":\"Portada\",\"item\":\"https:\\\/\\\/lospoliticosveracruz.com\\\/\"},{\"@type\":\"ListItem\",\"position\":2,\"name\":\"FRENTE OPOSITOR, CON LAS SIGLAS DEL PRI EN VERACRUZ\"}]},{\"@type\":\"WebSite\",\"@id\":\"https:\\\/\\\/lospoliticosveracruz.com\\\/#website\",\"url\":\"https:\\\/\\\/lospoliticosveracruz.com\\\/\",\"name\":\"Los pol\u00edticos Veracruz\",\"description\":\"\",\"publisher\":{\"@id\":\"https:\\\/\\\/lospoliticosveracruz.com\\\/#organization\"},\"potentialAction\":[{\"@type\":\"SearchAction\",\"target\":{\"@type\":\"EntryPoint\",\"urlTemplate\":\"https:\\\/\\\/lospoliticosveracruz.com\\\/?s={search_term_string}\"},\"query-input\":{\"@type\":\"PropertyValueSpecification\",\"valueRequired\":true,\"valueName\":\"search_term_string\"}}],\"inLanguage\":\"es\"},{\"@type\":\"Organization\",\"@id\":\"https:\\\/\\\/lospoliticosveracruz.com\\\/#organization\",\"name\":\"Los pol\u00edticos Veracruz\",\"url\":\"https:\\\/\\\/lospoliticosveracruz.com\\\/\",\"logo\":{\"@type\":\"ImageObject\",\"inLanguage\":\"es\",\"@id\":\"https:\\\/\\\/lospoliticosveracruz.com\\\/#\\\/schema\\\/logo\\\/image\\\/\",\"url\":\"https:\\\/\\\/lospoliticosveracruz.com\\\/wp-content\\\/uploads\\\/2025\\\/12\\\/Logo-Nuevo-LOS-POLITICOS-1.jpg\",\"contentUrl\":\"https:\\\/\\\/lospoliticosveracruz.com\\\/wp-content\\\/uploads\\\/2025\\\/12\\\/Logo-Nuevo-LOS-POLITICOS-1.jpg\",\"width\":260,\"height\":70,\"caption\":\"Los pol\u00edticos Veracruz\"},\"image\":{\"@id\":\"https:\\\/\\\/lospoliticosveracruz.com\\\/#\\\/schema\\\/logo\\\/image\\\/\"},\"sameAs\":[\"https:\\\/\\\/www.facebook.com\\\/people\\\/Notimemes-de-los-Polticos\\\/61565672886568\\\/\",\"https:\\\/\\\/x.com\\\/LosPoliticosVer\"]},{\"@type\":\"Person\",\"@id\":\"https:\\\/\\\/lospoliticosveracruz.com\\\/#\\\/schema\\\/person\\\/b8702bb0e538456e6efd07080bf2a4a2\",\"name\":\"Lo viste en Los Pol\u00edticos\",\"image\":{\"@type\":\"ImageObject\",\"inLanguage\":\"es\",\"@id\":\"https:\\\/\\\/secure.gravatar.com\\\/avatar\\\/3a8de04a2656d44082be478bd6c086daa447c4651605818287b9532d3d0bd435?s=96&d=mm&r=g\",\"url\":\"https:\\\/\\\/secure.gravatar.com\\\/avatar\\\/3a8de04a2656d44082be478bd6c086daa447c4651605818287b9532d3d0bd435?s=96&d=mm&r=g\",\"contentUrl\":\"https:\\\/\\\/secure.gravatar.com\\\/avatar\\\/3a8de04a2656d44082be478bd6c086daa447c4651605818287b9532d3d0bd435?s=96&d=mm&r=g\",\"caption\":\"Lo viste en Los Pol\u00edticos\"},\"url\":\"https:\\\/\\\/lospoliticosveracruz.com\\\/?author=2\"}]}<\/script>\n<!-- \/ Yoast SEO plugin. -->","yoast_head_json":{"title":"FRENTE OPOSITOR, CON LAS SIGLAS DEL PRI EN VERACRUZ - Los pol\u00edticos Veracruz","robots":{"index":"index","follow":"follow","max-snippet":"max-snippet:-1","max-image-preview":"max-image-preview:large","max-video-preview":"max-video-preview:-1"},"canonical":"https:\/\/lospoliticosveracruz.com\/?p=113058","og_locale":"es_ES","og_type":"article","og_title":"FRENTE OPOSITOR, CON LAS SIGLAS DEL PRI EN VERACRUZ - Los pol\u00edticos Veracruz","og_description":"Luis Alberto RomeroHora cero De no haber un cambio de \u00faltima hora, ser\u00e1 el PRI el partido que postule candidato al gobierno de Veracruz.Los tres partidos involucrados en el Frente Amplio por M\u00e9xico, PAN, PRD y PRI, ya tendr\u00edan pr\u00e1cticamente un acuerdo con relaci\u00f3n a las candidaturas en las nueve entidades que renovar\u00e1n gubernaturas en [&hellip;]","og_url":"https:\/\/lospoliticosveracruz.com\/?p=113058","og_site_name":"Los pol\u00edticos Veracruz","article_publisher":"https:\/\/www.facebook.com\/people\/Notimemes-de-los-Polticos\/61565672886568\/","article_published_time":"2023-10-18T02:20:51+00:00","article_modified_time":"2023-10-18T02:21:56+00:00","og_image":[{"url":"https:\/\/lospoliticosveracruz.com.mx\/wp-content\/uploads\/2023\/02\/Vinissimo.jpg","type":"","width":"","height":""}],"author":"Lo viste en Los Pol\u00edticos","twitter_card":"summary_large_image","twitter_creator":"@LosPoliticosVer","twitter_site":"@LosPoliticosVer","twitter_misc":{"Escrito por":"Lo viste en Los Pol\u00edticos","Tiempo de lectura":"4 minutos"},"schema":{"@context":"https:\/\/schema.org","@graph":[{"@type":"Article","@id":"https:\/\/lospoliticosveracruz.com\/?p=113058#article","isPartOf":{"@id":"https:\/\/lospoliticosveracruz.com\/?p=113058"},"author":{"name":"Lo viste en Los Pol\u00edticos","@id":"https:\/\/lospoliticosveracruz.com\/#\/schema\/person\/b8702bb0e538456e6efd07080bf2a4a2"},"headline":"FRENTE OPOSITOR, CON LAS SIGLAS DEL PRI EN VERACRUZ","datePublished":"2023-10-18T02:20:51+00:00","dateModified":"2023-10-18T02:21:56+00:00","mainEntityOfPage":{"@id":"https:\/\/lospoliticosveracruz.com\/?p=113058"},"wordCount":828,"publisher":{"@id":"https:\/\/lospoliticosveracruz.com\/#organization"},"image":{"@id":"https:\/\/lospoliticosveracruz.com\/?p=113058#primaryimage"},"thumbnailUrl":"https:\/\/lospoliticosveracruz.com.mx\/wp-content\/uploads\/2023\/02\/Vinissimo.jpg","keywords":["Boca del R\u00edo","Enrique Cambranis","Guzm\u00e1n Avil\u00e9s","Julen Rementer\u00eda","Pepe Yunes","PRI"],"articleSection":["De Opini\u00f3n"],"inLanguage":"es"},{"@type":"WebPage","@id":"https:\/\/lospoliticosveracruz.com\/?p=113058","url":"https:\/\/lospoliticosveracruz.com\/?p=113058","name":"FRENTE OPOSITOR, CON LAS SIGLAS DEL PRI EN VERACRUZ - Los pol\u00edticos Veracruz","isPartOf":{"@id":"https:\/\/lospoliticosveracruz.com\/#website"},"primaryImageOfPage":{"@id":"https:\/\/lospoliticosveracruz.com\/?p=113058#primaryimage"},"image":{"@id":"https:\/\/lospoliticosveracruz.com\/?p=113058#primaryimage"},"thumbnailUrl":"https:\/\/lospoliticosveracruz.com.mx\/wp-content\/uploads\/2023\/02\/Vinissimo.jpg","datePublished":"2023-10-18T02:20:51+00:00","dateModified":"2023-10-18T02:21:56+00:00","breadcrumb":{"@id":"https:\/\/lospoliticosveracruz.com\/?p=113058#breadcrumb"},"inLanguage":"es","potentialAction":[{"@type":"ReadAction","target":["https:\/\/lospoliticosveracruz.com\/?p=113058"]}]},{"@type":"ImageObject","inLanguage":"es","@id":"https:\/\/lospoliticosveracruz.com\/?p=113058#primaryimage","url":"https:\/\/lospoliticosveracruz.com.mx\/wp-content\/uploads\/2023\/02\/Vinissimo.jpg","contentUrl":"https:\/\/lospoliticosveracruz.com.mx\/wp-content\/uploads\/2023\/02\/Vinissimo.jpg"},{"@type":"BreadcrumbList","@id":"https:\/\/lospoliticosveracruz.com\/?p=113058#breadcrumb","itemListElement":[{"@type":"ListItem","position":1,"name":"Portada","item":"https:\/\/lospoliticosveracruz.com\/"},{"@type":"ListItem","position":2,"name":"FRENTE OPOSITOR, CON LAS SIGLAS DEL PRI EN VERACRUZ"}]},{"@type":"WebSite","@id":"https:\/\/lospoliticosveracruz.com\/#website","url":"https:\/\/lospoliticosveracruz.com\/","name":"Los pol\u00edticos Veracruz","description":"","publisher":{"@id":"https:\/\/lospoliticosveracruz.com\/#organization"},"potentialAction":[{"@type":"SearchAction","target":{"@type":"EntryPoint","urlTemplate":"https:\/\/lospoliticosveracruz.com\/?s={search_term_string}"},"query-input":{"@type":"PropertyValueSpecification","valueRequired":true,"valueName":"search_term_string"}}],"inLanguage":"es"},{"@type":"Organization","@id":"https:\/\/lospoliticosveracruz.com\/#organization","name":"Los pol\u00edticos Veracruz","url":"https:\/\/lospoliticosveracruz.com\/","logo":{"@type":"ImageObject","inLanguage":"es","@id":"https:\/\/lospoliticosveracruz.com\/#\/schema\/logo\/image\/","url":"https:\/\/lospoliticosveracruz.com\/wp-content\/uploads\/2025\/12\/Logo-Nuevo-LOS-POLITICOS-1.jpg","contentUrl":"https:\/\/lospoliticosveracruz.com\/wp-content\/uploads\/2025\/12\/Logo-Nuevo-LOS-POLITICOS-1.jpg","width":260,"height":70,"caption":"Los pol\u00edticos Veracruz"},"image":{"@id":"https:\/\/lospoliticosveracruz.com\/#\/schema\/logo\/image\/"},"sameAs":["https:\/\/www.facebook.com\/people\/Notimemes-de-los-Polticos\/61565672886568\/","https:\/\/x.com\/LosPoliticosVer"]},{"@type":"Person","@id":"https:\/\/lospoliticosveracruz.com\/#\/schema\/person\/b8702bb0e538456e6efd07080bf2a4a2","name":"Lo viste en Los Pol\u00edticos","image":{"@type":"ImageObject","inLanguage":"es","@id":"https:\/\/secure.gravatar.com\/avatar\/3a8de04a2656d44082be478bd6c086daa447c4651605818287b9532d3d0bd435?s=96&d=mm&r=g","url":"https:\/\/secure.gravatar.com\/avatar\/3a8de04a2656d44082be478bd6c086daa447c4651605818287b9532d3d0bd435?s=96&d=mm&r=g","contentUrl":"https:\/\/secure.gravatar.com\/avatar\/3a8de04a2656d44082be478bd6c086daa447c4651605818287b9532d3d0bd435?s=96&d=mm&r=g","caption":"Lo viste en Los Pol\u00edticos"},"url":"https:\/\/lospoliticosveracruz.com\/?author=2"}]}},"_links":{"self":[{"href":"https:\/\/lospoliticosveracruz.com\/index.php?rest_route=\/wp\/v2\/posts\/113058","targetHints":{"allow":["GET"]}}],"collection":[{"href":"https:\/\/lospoliticosveracruz.com\/index.php?rest_route=\/wp\/v2\/posts"}],"about":[{"href":"https:\/\/lospoliticosveracruz.com\/index.php?rest_route=\/wp\/v2\/types\/post"}],"author":[{"embeddable":true,"href":"https:\/\/lospoliticosveracruz.com\/index.php?rest_route=\/wp\/v2\/users\/2"}],"replies":[{"embeddable":true,"href":"https:\/\/lospoliticosveracruz.com\/index.php?rest_route=%2Fwp%2Fv2%2Fcomments&post=113058"}],"version-history":[{"count":2,"href":"https:\/\/lospoliticosveracruz.com\/index.php?rest_route=\/wp\/v2\/posts\/113058\/revisions"}],"predecessor-version":[{"id":113060,"href":"https:\/\/lospoliticosveracruz.com\/index.php?rest_route=\/wp\/v2\/posts\/113058\/revisions\/113060"}],"wp:attachment":[{"href":"https:\/\/lospoliticosveracruz.com\/index.php?rest_route=%2Fwp%2Fv2%2Fmedia&parent=113058"}],"wp:term":[{"taxonomy":"category","embeddable":true,"href":"https:\/\/lospoliticosveracruz.com\/index.php?rest_route=%2Fwp%2Fv2%2Fcategories&post=113058"},{"taxonomy":"post_tag","embeddable":true,"href":"https:\/\/lospoliticosveracruz.com\/index.php?rest_route=%2Fwp%2Fv2%2Ftags&post=113058"}],"curies":[{"name":"wp","href":"https:\/\/api.w.org\/{rel}","templated":true}]}}