{"id":113063,"date":"2023-10-18T06:09:31","date_gmt":"2023-10-18T11:09:31","guid":{"rendered":"https:\/\/lospoliticosveracruz.com.mx\/?p=113063"},"modified":"2023-10-18T08:45:57","modified_gmt":"2023-10-18T13:45:57","slug":"por-esto-se-queda","status":"publish","type":"post","link":"https:\/\/lospoliticosveracruz.com\/?p=113063","title":{"rendered":"POR ESTO SE QUEDA!"},"content":{"rendered":"\n<p><strong>Ricardo Chua<\/strong><\/p>\n\n\n\n<p><em>Sale y Vale<\/em><\/p>\n\n\n\n<p>EXCLUSIVA.. Los verdaderos motivos por el cual el gobernador de Veracruz, Cuitl\u00e1huac Garc\u00eda, NO SE VA a la coordinaci\u00f3n de campa\u00f1a Presidencial de Claudia Shienbaum, son TRES RAZONES.. La primera es que los \u00aboperadores\u00bb de Claudia, le dijeron que traer al xalape\u00f1o ser\u00eda un error.. NO SUMA y s\u00f3lo ocupar\u00eda un espacio que puede ser para una persona con la que se pueda cumplir un compromiso y \u00abamarrar\u00bb con grupos al interior.. Al menos, as\u00ed dijeron Ad\u00e1n Augusto L\u00f3pez Hern\u00e1ndez y Ricardo Monreal.. EL QUE ENTENDI\u00d3, ENTENDI\u00d3..<\/p>\n\n\n<div class=\"wp-block-image\">\n<figure class=\"alignleft size-full is-resized\"><a href=\"https:\/\/lospoliticosveracruz.com.mx\/wp-content\/uploads\/2023\/02\/Vinissimo.jpg\"><img loading=\"lazy\" decoding=\"async\" src=\"https:\/\/lospoliticosveracruz.com.mx\/wp-content\/uploads\/2023\/02\/Vinissimo.jpg\" alt=\"\" class=\"wp-image-102752\" width=\"175\" height=\"178\"\/><\/a><\/figure>\n<\/div>\n\n\n<p>La segunda raz\u00f3n, cuenta \u00abGarganta Profunda\u00bb, es que a los o\u00eddos de Shienbaum llegaron los rumores de lo que pasa en Veracruz y que tienen a su amiga y aliada, Roc\u00edo Nahle en un vilo y que no puede tener una precampa\u00f1a tranquila porque Cuitl\u00e1huac no mete en orden a nadie.. S\u00f3lo ve y deja pasar.. Y que por esa falta de operatividad pol\u00edtica y con una elecci\u00f3n federal que se espera sea cerrada.. \u00bfPara qu\u00e9 se lo lleva a la CDMX?\u2026 Mejor lo deja en Veracruz a terminar el gobierno.. Ac\u00e1 no puede \u00abda\u00f1ar\u00bb la campa\u00f1a de Claudia..<\/p>\n\n\n\n<p>Pero Cuitl\u00e1huac tampoco ser\u00e1 desamparado por Claudia.. Ya que la tercera raz\u00f3n por la cual no se lo llevan.. Se debe precisamente a que le han asegurado un sitio en la pr\u00f3xima c\u00e1mara de diputados federales.. Tendr\u00e1 la primera posici\u00f3n plurinominal en la Tercera Circunscripci\u00f3n.. Le dar\u00e1n fuero y con eso Sheinbaum \u00abpaga\u00bb su lealtad y que se la haya \u00abjugado\u00bb con ella.. Ni siquiera alcanz\u00f3 la lista al Senado.. As\u00ed que los que pensaban que \u00abdiciembre me gust\u00f3 pa que te vayas\u00bb.. Ni modo, se lo van a tener que \u00abchutar\u00bb hasta marzo.. AMEN..<\/p>\n\n\n\n<p>EMPRESARIOS Y PMA, \u00abLA GUERRA\u00bb.. Bien lo dec\u00eda El Emperador romano, Julio C\u00e9sar: \u00abT\u00fa divide y vencer\u00e1s\u00bb.. Y pareciera que esa f\u00f3rmula, sin querer, le funcion\u00f3 al Procurador del Medio Ambiente del gobierno estatal, Sergio Rodr\u00edguez Cort\u00e9s, qui\u00e9n ya se enfrent\u00f3 a los grupos empresariales que lo estaban acusando de presuntos actos de extorsi\u00f3n y corrupci\u00f3n, tal como sucedi\u00f3 con el el Presidente de COPARMEX Xalapa, Juan Carlos D\u00edaz Morante, quien le hizo se\u00f1alamientos de ese tipo en d\u00edas pasados.. Pero sali\u00f3 \u00abairoso\u00bb..<\/p>\n\n\n\n<p>Sobre todo porque al empresario D\u00edaz Morante, ninguna de las otras c\u00e1maras de Coparmex en Veracruz, le hizo eco a sus se\u00f1alamientos de aplicaci\u00f3n de multas millonarias y amenazas de clausura en contra de dos empresas de la zona centro del estado por parte de Sergio Rodr\u00edguez.. Ya que todo indica que entre estas c\u00e1maras empresariales existe un desapego entre sus socios de una regi\u00f3n y otra por intereses pol\u00edticos, econ\u00f3micos de cada uno de sus l\u00edderes.. Por eso, sus presidentes s\u00f3lo son l\u00edderes locales, no regionales, menos estatales..<\/p>\n\n\n\n<p>Para acabar pronto.. En Veracruz, los grupos empresariales no son fuertes como en Nuevo Le\u00f3n, Jalisco, Quer\u00e9taro, Guanajuato y Yucat\u00e1n porque hay una severa desuni\u00f3n.. No jalan para el mismo lado.. Militan en partidos pol\u00edticos y buscan cargos de elecci\u00f3n.. Dejan el tema empresarial de lado y se meten en otras \u00abgrillas\u00bb.. Despu\u00e9s los cooptan, ven por sus intereses y lo que pase al empresario poco le importa al del centro y menos al del sureste.. As\u00ed est\u00e1n.. En los estados antes mencionados, todos jalan parejo por eso los gobiernos les temen..<\/p>\n\n\n\n<p>Por ello, cuando uno decide emprender una campa\u00f1a medi\u00e1tica contra un personaje como el Procurador del Medio Ambiente, estos se\u00f1alamientos se pierden porque no se apoyan y se quedan s\u00f3los y ante lo endeble de los se\u00f1alamientos.. Los se\u00f1alados f\u00e1cilmente le dan la vuelta al tema.. Hay que ver como Sergio Rodr\u00edguez, se quita las acusaciones de D\u00edaz Morante cuando precisa que los montos de multas impuestas est\u00e1n determinadas por leyes ambientales y no pueden ser reducidas discrecionalmente para favorecer a alguien..<\/p>\n\n\n\n<p>Hasta se las \u00abvoltea\u00bb cuando el procurador se le va encima al l\u00edder de Coparmex Xalapa y le dice que este empresario cree que las leyes ambientales son de cumplimiento voluntario para sus agremiados.. Y que en todas las oportunidades para corregir sus omisiones en materia ambiental, no las arreglan antes de imponer las multas contempladas en la ley.. Y que por eso en lugar de pedir privilegios contrarios a la ley, deber\u00eda impulsar que todos los miembros de su asociaci\u00f3n cumplan con sus obligaciones\u2026<\/p>\n\n\n\n<p>EN RESUMEN.. Sergio Rodr\u00edguez se la \u00abdej\u00f3 ir\u00bb al l\u00edder de Coparmex en Xalapa por la sencilla raz\u00f3n que nadie se sum\u00f3 a sus se\u00f1alamientos y que en caso contrario, los dirigentes de la CMIC en Veracruz y Poza Rica, se deslindaron p\u00fablicamente de D\u00edaz Morante.. Al afirmar que con ellos, al menos, siempre han tenido una relaci\u00f3n de respeto, afecto y cooperaci\u00f3n con la PMA y que hasta una de las dos empresas \u00abacosadas por el Procurador ya hab\u00edan resuelto el caso, despu\u00e9s de reconocer que hab\u00eda incumplido con normas ambientales..<\/p>\n\n\n\n<p>En pocas palabras.. El Presidente de la COPARMEX Xalapa, se qued\u00f3 solo.. Y no tuvo apoy\u00f3 porque en a\u00f1os pasados cuando el entonces Presidente de la Coparmex, Alberto Aja, solicit\u00f3 apoy\u00f3 a las otras c\u00e1maras por situaciones similares.. Lo dejaron solo.. Eso provoc\u00f3 mucho malestar entre el sector empresarial y ahora nadie \u00abemprende las guerras de nadie\u00bb.. Las tienen que jugar solo.. Ah\u00ed est\u00e1 el caso de Jorge Alard\u00edn, dirigente de la CMIC en Veracruz, que respald\u00f3 a Sergio Rodr\u00edguez.. LOS JUGADORES CAMBIAN, EL JUEGO NO.. AMEN..<\/p>\n","protected":false},"excerpt":{"rendered":"<p>Ricardo Chua Sale y Vale EXCLUSIVA.. Los verdaderos motivos por el cual el gobernador de Veracruz, Cuitl\u00e1huac Garc\u00eda, NO SE VA a la coordinaci\u00f3n de campa\u00f1a Presidencial de Claudia Shienbaum, son TRES RAZONES.. La primera es que los \u00aboperadores\u00bb de Claudia, le dijeron que traer al xalape\u00f1o ser\u00eda un error.. NO SUMA y s\u00f3lo ocupar\u00eda [&hellip;]<\/p>\n","protected":false},"author":2,"featured_media":0,"comment_status":"closed","ping_status":"closed","sticky":false,"template":"","format":"standard","meta":{"tdm_status":"","tdm_grid_status":"","footnotes":""},"categories":[70],"tags":[9627,6293,1563,1026,4386,807,195],"class_list":{"0":"post-113063","1":"post","2":"type-post","3":"status-publish","4":"format-standard","6":"category-de-opinion","7":"tag-claudia-sheinbaum","8":"tag-coparmex","9":"tag-cuitlahuac-garcia-jimenez","10":"tag-morena","11":"tag-rocio-nahle-garcia","12":"tag-sergio-rodriguez-cortes","13":"tag-veracruz"},"yoast_head":"<!-- This site is optimized with the Yoast SEO plugin v27.4 - https:\/\/yoast.com\/product\/yoast-seo-wordpress\/ -->\n<title>POR ESTO SE QUEDA! - Los pol\u00edticos Veracruz<\/title>\n<meta name=\"robots\" content=\"index, follow, max-snippet:-1, max-image-preview:large, max-video-preview:-1\" \/>\n<link rel=\"canonical\" href=\"https:\/\/lospoliticosveracruz.com\/?p=113063\" \/>\n<meta property=\"og:locale\" content=\"es_ES\" \/>\n<meta property=\"og:type\" content=\"article\" \/>\n<meta property=\"og:title\" content=\"POR ESTO SE QUEDA! - Los pol\u00edticos Veracruz\" \/>\n<meta property=\"og:description\" content=\"Ricardo Chua Sale y Vale EXCLUSIVA.. Los verdaderos motivos por el cual el gobernador de Veracruz, Cuitl\u00e1huac Garc\u00eda, NO SE VA a la coordinaci\u00f3n de campa\u00f1a Presidencial de Claudia Shienbaum, son TRES RAZONES.. La primera es que los \u00aboperadores\u00bb de Claudia, le dijeron que traer al xalape\u00f1o ser\u00eda un error.. NO SUMA y s\u00f3lo ocupar\u00eda [&hellip;]\" \/>\n<meta property=\"og:url\" content=\"https:\/\/lospoliticosveracruz.com\/?p=113063\" \/>\n<meta property=\"og:site_name\" content=\"Los pol\u00edticos Veracruz\" \/>\n<meta property=\"article:publisher\" content=\"https:\/\/www.facebook.com\/people\/Notimemes-de-los-Polticos\/61565672886568\/\" \/>\n<meta property=\"article:published_time\" content=\"2023-10-18T11:09:31+00:00\" \/>\n<meta property=\"article:modified_time\" content=\"2023-10-18T13:45:57+00:00\" \/>\n<meta property=\"og:image\" content=\"https:\/\/lospoliticosveracruz.com.mx\/wp-content\/uploads\/2023\/02\/Vinissimo.jpg\" \/>\n<meta name=\"author\" content=\"Lo viste en Los Pol\u00edticos\" \/>\n<meta name=\"twitter:card\" content=\"summary_large_image\" \/>\n<meta name=\"twitter:creator\" content=\"@LosPoliticosVer\" \/>\n<meta name=\"twitter:site\" content=\"@LosPoliticosVer\" \/>\n<meta name=\"twitter:label1\" content=\"Escrito por\" \/>\n\t<meta name=\"twitter:data1\" content=\"Lo viste en Los Pol\u00edticos\" \/>\n\t<meta name=\"twitter:label2\" content=\"Tiempo de lectura\" \/>\n\t<meta name=\"twitter:data2\" content=\"5 minutos\" \/>\n<script type=\"application\/ld+json\" class=\"yoast-schema-graph\">{\"@context\":\"https:\\\/\\\/schema.org\",\"@graph\":[{\"@type\":\"Article\",\"@id\":\"https:\\\/\\\/lospoliticosveracruz.com\\\/?p=113063#article\",\"isPartOf\":{\"@id\":\"https:\\\/\\\/lospoliticosveracruz.com\\\/?p=113063\"},\"author\":{\"name\":\"Lo viste en Los Pol\u00edticos\",\"@id\":\"https:\\\/\\\/lospoliticosveracruz.com\\\/#\\\/schema\\\/person\\\/b8702bb0e538456e6efd07080bf2a4a2\"},\"headline\":\"POR ESTO SE QUEDA!\",\"datePublished\":\"2023-10-18T11:09:31+00:00\",\"dateModified\":\"2023-10-18T13:45:57+00:00\",\"mainEntityOfPage\":{\"@id\":\"https:\\\/\\\/lospoliticosveracruz.com\\\/?p=113063\"},\"wordCount\":988,\"publisher\":{\"@id\":\"https:\\\/\\\/lospoliticosveracruz.com\\\/#organization\"},\"image\":{\"@id\":\"https:\\\/\\\/lospoliticosveracruz.com\\\/?p=113063#primaryimage\"},\"thumbnailUrl\":\"https:\\\/\\\/lospoliticosveracruz.com.mx\\\/wp-content\\\/uploads\\\/2023\\\/02\\\/Vinissimo.jpg\",\"keywords\":[\"Claudia Sheinbaum\",\"Coparmex\",\"Cuitl\u00e1huac Garc\u00eda Jim\u00e9nez\",\"Morena\",\"Roc\u00edo Nahle Garc\u00eda\",\"Sergio Rodr\u00edguez Cort\u00e9s\",\"Veracruz\"],\"articleSection\":[\"De Opini\u00f3n\"],\"inLanguage\":\"es\"},{\"@type\":\"WebPage\",\"@id\":\"https:\\\/\\\/lospoliticosveracruz.com\\\/?p=113063\",\"url\":\"https:\\\/\\\/lospoliticosveracruz.com\\\/?p=113063\",\"name\":\"POR ESTO SE QUEDA! - Los pol\u00edticos Veracruz\",\"isPartOf\":{\"@id\":\"https:\\\/\\\/lospoliticosveracruz.com\\\/#website\"},\"primaryImageOfPage\":{\"@id\":\"https:\\\/\\\/lospoliticosveracruz.com\\\/?p=113063#primaryimage\"},\"image\":{\"@id\":\"https:\\\/\\\/lospoliticosveracruz.com\\\/?p=113063#primaryimage\"},\"thumbnailUrl\":\"https:\\\/\\\/lospoliticosveracruz.com.mx\\\/wp-content\\\/uploads\\\/2023\\\/02\\\/Vinissimo.jpg\",\"datePublished\":\"2023-10-18T11:09:31+00:00\",\"dateModified\":\"2023-10-18T13:45:57+00:00\",\"breadcrumb\":{\"@id\":\"https:\\\/\\\/lospoliticosveracruz.com\\\/?p=113063#breadcrumb\"},\"inLanguage\":\"es\",\"potentialAction\":[{\"@type\":\"ReadAction\",\"target\":[\"https:\\\/\\\/lospoliticosveracruz.com\\\/?p=113063\"]}]},{\"@type\":\"ImageObject\",\"inLanguage\":\"es\",\"@id\":\"https:\\\/\\\/lospoliticosveracruz.com\\\/?p=113063#primaryimage\",\"url\":\"https:\\\/\\\/lospoliticosveracruz.com.mx\\\/wp-content\\\/uploads\\\/2023\\\/02\\\/Vinissimo.jpg\",\"contentUrl\":\"https:\\\/\\\/lospoliticosveracruz.com.mx\\\/wp-content\\\/uploads\\\/2023\\\/02\\\/Vinissimo.jpg\"},{\"@type\":\"BreadcrumbList\",\"@id\":\"https:\\\/\\\/lospoliticosveracruz.com\\\/?p=113063#breadcrumb\",\"itemListElement\":[{\"@type\":\"ListItem\",\"position\":1,\"name\":\"Portada\",\"item\":\"https:\\\/\\\/lospoliticosveracruz.com\\\/\"},{\"@type\":\"ListItem\",\"position\":2,\"name\":\"POR ESTO SE QUEDA!\"}]},{\"@type\":\"WebSite\",\"@id\":\"https:\\\/\\\/lospoliticosveracruz.com\\\/#website\",\"url\":\"https:\\\/\\\/lospoliticosveracruz.com\\\/\",\"name\":\"Los pol\u00edticos Veracruz\",\"description\":\"\",\"publisher\":{\"@id\":\"https:\\\/\\\/lospoliticosveracruz.com\\\/#organization\"},\"potentialAction\":[{\"@type\":\"SearchAction\",\"target\":{\"@type\":\"EntryPoint\",\"urlTemplate\":\"https:\\\/\\\/lospoliticosveracruz.com\\\/?s={search_term_string}\"},\"query-input\":{\"@type\":\"PropertyValueSpecification\",\"valueRequired\":true,\"valueName\":\"search_term_string\"}}],\"inLanguage\":\"es\"},{\"@type\":\"Organization\",\"@id\":\"https:\\\/\\\/lospoliticosveracruz.com\\\/#organization\",\"name\":\"Los pol\u00edticos Veracruz\",\"url\":\"https:\\\/\\\/lospoliticosveracruz.com\\\/\",\"logo\":{\"@type\":\"ImageObject\",\"inLanguage\":\"es\",\"@id\":\"https:\\\/\\\/lospoliticosveracruz.com\\\/#\\\/schema\\\/logo\\\/image\\\/\",\"url\":\"https:\\\/\\\/lospoliticosveracruz.com\\\/wp-content\\\/uploads\\\/2025\\\/12\\\/Logo-Nuevo-LOS-POLITICOS-1.jpg\",\"contentUrl\":\"https:\\\/\\\/lospoliticosveracruz.com\\\/wp-content\\\/uploads\\\/2025\\\/12\\\/Logo-Nuevo-LOS-POLITICOS-1.jpg\",\"width\":260,\"height\":70,\"caption\":\"Los pol\u00edticos Veracruz\"},\"image\":{\"@id\":\"https:\\\/\\\/lospoliticosveracruz.com\\\/#\\\/schema\\\/logo\\\/image\\\/\"},\"sameAs\":[\"https:\\\/\\\/www.facebook.com\\\/people\\\/Notimemes-de-los-Polticos\\\/61565672886568\\\/\",\"https:\\\/\\\/x.com\\\/LosPoliticosVer\"]},{\"@type\":\"Person\",\"@id\":\"https:\\\/\\\/lospoliticosveracruz.com\\\/#\\\/schema\\\/person\\\/b8702bb0e538456e6efd07080bf2a4a2\",\"name\":\"Lo viste en Los Pol\u00edticos\",\"image\":{\"@type\":\"ImageObject\",\"inLanguage\":\"es\",\"@id\":\"https:\\\/\\\/secure.gravatar.com\\\/avatar\\\/3a8de04a2656d44082be478bd6c086daa447c4651605818287b9532d3d0bd435?s=96&d=mm&r=g\",\"url\":\"https:\\\/\\\/secure.gravatar.com\\\/avatar\\\/3a8de04a2656d44082be478bd6c086daa447c4651605818287b9532d3d0bd435?s=96&d=mm&r=g\",\"contentUrl\":\"https:\\\/\\\/secure.gravatar.com\\\/avatar\\\/3a8de04a2656d44082be478bd6c086daa447c4651605818287b9532d3d0bd435?s=96&d=mm&r=g\",\"caption\":\"Lo viste en Los Pol\u00edticos\"},\"url\":\"https:\\\/\\\/lospoliticosveracruz.com\\\/?author=2\"}]}<\/script>\n<!-- \/ Yoast SEO plugin. -->","yoast_head_json":{"title":"POR ESTO SE QUEDA! - Los pol\u00edticos Veracruz","robots":{"index":"index","follow":"follow","max-snippet":"max-snippet:-1","max-image-preview":"max-image-preview:large","max-video-preview":"max-video-preview:-1"},"canonical":"https:\/\/lospoliticosveracruz.com\/?p=113063","og_locale":"es_ES","og_type":"article","og_title":"POR ESTO SE QUEDA! - Los pol\u00edticos Veracruz","og_description":"Ricardo Chua Sale y Vale EXCLUSIVA.. Los verdaderos motivos por el cual el gobernador de Veracruz, Cuitl\u00e1huac Garc\u00eda, NO SE VA a la coordinaci\u00f3n de campa\u00f1a Presidencial de Claudia Shienbaum, son TRES RAZONES.. La primera es que los \u00aboperadores\u00bb de Claudia, le dijeron que traer al xalape\u00f1o ser\u00eda un error.. NO SUMA y s\u00f3lo ocupar\u00eda [&hellip;]","og_url":"https:\/\/lospoliticosveracruz.com\/?p=113063","og_site_name":"Los pol\u00edticos Veracruz","article_publisher":"https:\/\/www.facebook.com\/people\/Notimemes-de-los-Polticos\/61565672886568\/","article_published_time":"2023-10-18T11:09:31+00:00","article_modified_time":"2023-10-18T13:45:57+00:00","og_image":[{"url":"https:\/\/lospoliticosveracruz.com.mx\/wp-content\/uploads\/2023\/02\/Vinissimo.jpg","type":"","width":"","height":""}],"author":"Lo viste en Los Pol\u00edticos","twitter_card":"summary_large_image","twitter_creator":"@LosPoliticosVer","twitter_site":"@LosPoliticosVer","twitter_misc":{"Escrito por":"Lo viste en Los Pol\u00edticos","Tiempo de lectura":"5 minutos"},"schema":{"@context":"https:\/\/schema.org","@graph":[{"@type":"Article","@id":"https:\/\/lospoliticosveracruz.com\/?p=113063#article","isPartOf":{"@id":"https:\/\/lospoliticosveracruz.com\/?p=113063"},"author":{"name":"Lo viste en Los Pol\u00edticos","@id":"https:\/\/lospoliticosveracruz.com\/#\/schema\/person\/b8702bb0e538456e6efd07080bf2a4a2"},"headline":"POR ESTO SE QUEDA!","datePublished":"2023-10-18T11:09:31+00:00","dateModified":"2023-10-18T13:45:57+00:00","mainEntityOfPage":{"@id":"https:\/\/lospoliticosveracruz.com\/?p=113063"},"wordCount":988,"publisher":{"@id":"https:\/\/lospoliticosveracruz.com\/#organization"},"image":{"@id":"https:\/\/lospoliticosveracruz.com\/?p=113063#primaryimage"},"thumbnailUrl":"https:\/\/lospoliticosveracruz.com.mx\/wp-content\/uploads\/2023\/02\/Vinissimo.jpg","keywords":["Claudia Sheinbaum","Coparmex","Cuitl\u00e1huac Garc\u00eda Jim\u00e9nez","Morena","Roc\u00edo Nahle Garc\u00eda","Sergio Rodr\u00edguez Cort\u00e9s","Veracruz"],"articleSection":["De Opini\u00f3n"],"inLanguage":"es"},{"@type":"WebPage","@id":"https:\/\/lospoliticosveracruz.com\/?p=113063","url":"https:\/\/lospoliticosveracruz.com\/?p=113063","name":"POR ESTO SE QUEDA! - Los pol\u00edticos Veracruz","isPartOf":{"@id":"https:\/\/lospoliticosveracruz.com\/#website"},"primaryImageOfPage":{"@id":"https:\/\/lospoliticosveracruz.com\/?p=113063#primaryimage"},"image":{"@id":"https:\/\/lospoliticosveracruz.com\/?p=113063#primaryimage"},"thumbnailUrl":"https:\/\/lospoliticosveracruz.com.mx\/wp-content\/uploads\/2023\/02\/Vinissimo.jpg","datePublished":"2023-10-18T11:09:31+00:00","dateModified":"2023-10-18T13:45:57+00:00","breadcrumb":{"@id":"https:\/\/lospoliticosveracruz.com\/?p=113063#breadcrumb"},"inLanguage":"es","potentialAction":[{"@type":"ReadAction","target":["https:\/\/lospoliticosveracruz.com\/?p=113063"]}]},{"@type":"ImageObject","inLanguage":"es","@id":"https:\/\/lospoliticosveracruz.com\/?p=113063#primaryimage","url":"https:\/\/lospoliticosveracruz.com.mx\/wp-content\/uploads\/2023\/02\/Vinissimo.jpg","contentUrl":"https:\/\/lospoliticosveracruz.com.mx\/wp-content\/uploads\/2023\/02\/Vinissimo.jpg"},{"@type":"BreadcrumbList","@id":"https:\/\/lospoliticosveracruz.com\/?p=113063#breadcrumb","itemListElement":[{"@type":"ListItem","position":1,"name":"Portada","item":"https:\/\/lospoliticosveracruz.com\/"},{"@type":"ListItem","position":2,"name":"POR ESTO SE QUEDA!"}]},{"@type":"WebSite","@id":"https:\/\/lospoliticosveracruz.com\/#website","url":"https:\/\/lospoliticosveracruz.com\/","name":"Los pol\u00edticos Veracruz","description":"","publisher":{"@id":"https:\/\/lospoliticosveracruz.com\/#organization"},"potentialAction":[{"@type":"SearchAction","target":{"@type":"EntryPoint","urlTemplate":"https:\/\/lospoliticosveracruz.com\/?s={search_term_string}"},"query-input":{"@type":"PropertyValueSpecification","valueRequired":true,"valueName":"search_term_string"}}],"inLanguage":"es"},{"@type":"Organization","@id":"https:\/\/lospoliticosveracruz.com\/#organization","name":"Los pol\u00edticos Veracruz","url":"https:\/\/lospoliticosveracruz.com\/","logo":{"@type":"ImageObject","inLanguage":"es","@id":"https:\/\/lospoliticosveracruz.com\/#\/schema\/logo\/image\/","url":"https:\/\/lospoliticosveracruz.com\/wp-content\/uploads\/2025\/12\/Logo-Nuevo-LOS-POLITICOS-1.jpg","contentUrl":"https:\/\/lospoliticosveracruz.com\/wp-content\/uploads\/2025\/12\/Logo-Nuevo-LOS-POLITICOS-1.jpg","width":260,"height":70,"caption":"Los pol\u00edticos Veracruz"},"image":{"@id":"https:\/\/lospoliticosveracruz.com\/#\/schema\/logo\/image\/"},"sameAs":["https:\/\/www.facebook.com\/people\/Notimemes-de-los-Polticos\/61565672886568\/","https:\/\/x.com\/LosPoliticosVer"]},{"@type":"Person","@id":"https:\/\/lospoliticosveracruz.com\/#\/schema\/person\/b8702bb0e538456e6efd07080bf2a4a2","name":"Lo viste en Los Pol\u00edticos","image":{"@type":"ImageObject","inLanguage":"es","@id":"https:\/\/secure.gravatar.com\/avatar\/3a8de04a2656d44082be478bd6c086daa447c4651605818287b9532d3d0bd435?s=96&d=mm&r=g","url":"https:\/\/secure.gravatar.com\/avatar\/3a8de04a2656d44082be478bd6c086daa447c4651605818287b9532d3d0bd435?s=96&d=mm&r=g","contentUrl":"https:\/\/secure.gravatar.com\/avatar\/3a8de04a2656d44082be478bd6c086daa447c4651605818287b9532d3d0bd435?s=96&d=mm&r=g","caption":"Lo viste en Los Pol\u00edticos"},"url":"https:\/\/lospoliticosveracruz.com\/?author=2"}]}},"_links":{"self":[{"href":"https:\/\/lospoliticosveracruz.com\/index.php?rest_route=\/wp\/v2\/posts\/113063","targetHints":{"allow":["GET"]}}],"collection":[{"href":"https:\/\/lospoliticosveracruz.com\/index.php?rest_route=\/wp\/v2\/posts"}],"about":[{"href":"https:\/\/lospoliticosveracruz.com\/index.php?rest_route=\/wp\/v2\/types\/post"}],"author":[{"embeddable":true,"href":"https:\/\/lospoliticosveracruz.com\/index.php?rest_route=\/wp\/v2\/users\/2"}],"replies":[{"embeddable":true,"href":"https:\/\/lospoliticosveracruz.com\/index.php?rest_route=%2Fwp%2Fv2%2Fcomments&post=113063"}],"version-history":[{"count":2,"href":"https:\/\/lospoliticosveracruz.com\/index.php?rest_route=\/wp\/v2\/posts\/113063\/revisions"}],"predecessor-version":[{"id":113069,"href":"https:\/\/lospoliticosveracruz.com\/index.php?rest_route=\/wp\/v2\/posts\/113063\/revisions\/113069"}],"wp:attachment":[{"href":"https:\/\/lospoliticosveracruz.com\/index.php?rest_route=%2Fwp%2Fv2%2Fmedia&parent=113063"}],"wp:term":[{"taxonomy":"category","embeddable":true,"href":"https:\/\/lospoliticosveracruz.com\/index.php?rest_route=%2Fwp%2Fv2%2Fcategories&post=113063"},{"taxonomy":"post_tag","embeddable":true,"href":"https:\/\/lospoliticosveracruz.com\/index.php?rest_route=%2Fwp%2Fv2%2Ftags&post=113063"}],"curies":[{"name":"wp","href":"https:\/\/api.w.org\/{rel}","templated":true}]}}