{"id":113124,"date":"2023-10-18T21:08:09","date_gmt":"2023-10-19T02:08:09","guid":{"rendered":"https:\/\/lospoliticosveracruz.com.mx\/?p=113124"},"modified":"2023-10-18T21:08:24","modified_gmt":"2023-10-19T02:08:24","slug":"el-reto-priista-de-cara-al-2024","status":"publish","type":"post","link":"https:\/\/lospoliticosveracruz.com\/?p=113124","title":{"rendered":"EL RETO PRIISTA DE CARA AL 2024"},"content":{"rendered":"\n<p>Luis Alberto Romero<br>Hora cero<\/p>\n\n\n\n<p>El PRI en Veracruz es fiel reflejo de los tiempos que corren en el partido en el \u00e1mbito nacional.<\/p>\n\n\n\n<p>S\u00f3lo quedan despojos de una fuerza pol\u00edtica cada vez m\u00e1s disminuida.<\/p>\n\n\n\n<p>En el proceso federal de 2018, el tricolor ni siquiera alcanz\u00f3 el 14 por ciento de la votaci\u00f3n total; y en las intermedias de 2021 sus sufragios no alcanzaron el 18 por ciento.<\/p>\n\n\n<div class=\"wp-block-image\">\n<figure class=\"alignleft size-medium\"><a href=\"https:\/\/lospoliticosveracruz.com.mx\/wp-content\/uploads\/2021\/10\/Zacauilt.jpg\"><img decoding=\"async\" src=\"https:\/\/lospoliticosveracruz.com.mx\/wp-content\/uploads\/2021\/10\/Zacauilt-150x300.jpg\" alt=\"\" class=\"wp-image-80558\"\/><\/a><\/figure>\n<\/div>\n\n\n<p>Por s\u00ed solo, sin alianza, el Revolucionario Institucional s\u00f3lo gan\u00f3 en 11 de los 300 distritos en disputa; y en coalici\u00f3n con PAN y PRD, \u00fanicamente logr\u00f3 el triunfo en 63 distritos.<\/p>\n\n\n\n<p>En Veracruz las cosas no caminan mejor para el priismo: en el proceso de 2018 para renovar la gubernatura, el PRI se fue al tercer lugar \u2013igual que en el \u00e1mbito nacional\u2013; y su porcentaje estuvo cerca del 14 por ciento.<\/p>\n\n\n\n<p>Antes, en las elecciones locales de 2017 para renovar los ayuntamientos, este partido s\u00f3lo gan\u00f3 en 3 municipios en solitario y en 36 m\u00e1s en alianza con el Partido Verde.<\/p>\n\n\n\n<p>La historia de los comicios intermedios de 2021 en la entidad no fue demasiado diferente: en solitario, el PRI s\u00f3lo gan\u00f3 en 22 de los 212 ayuntamientos en disputa; y en alianza con PAN y PRD \u00fanicamente se alz\u00f3 con la victoria en 21 municipios m\u00e1s. En la contienda por el Congreso local, la coalici\u00f3n \u201cVeracruz va\u201d venci\u00f3 en 4 de los 30 distritos veracruzanos.<\/p>\n\n\n\n<p>Esa lastimosa cosecha de votos es resultado, por una parte, del enorme rechazo que provoca la marca priista; y, por otro lado, de la falta de capacidad de una dirigencia estatal del partido que nunca supo c\u00f3mo enfrentar los retos electorales.<\/p>\n\n\n\n<p>Marlon Ram\u00edrez, nombrado por la dirigencia nacional del partido como nuevo representante en los estados de Puebla, Tlaxcala y Morelos, fue una nulidad en el comit\u00e9 estatal del partido en Veracruz.<\/p>\n\n\n\n<p>En el comit\u00e9 estatal no hubo rumbo; tampoco presencia y mucho menos liderazgo.<\/p>\n\n\n\n<p>Peor a\u00fan: el PRI de Ram\u00edrez Mar\u00edn ni siquiera fue capaz de integrar los comit\u00e9s municipales; s\u00f3lo ten\u00eda 40 de los 212. De los seccionales mejor ni hablamos; simplemente no existieron, a pesar de que antes eran una pieza fundamental en la maquinaria electoral priista. Incluso el Consejo Pol\u00edtico Estatal del partido estaba vencido desde hace dos a\u00f1os.<\/p>\n\n\n\n<p>El trabajo de ese comit\u00e9 estatal se centr\u00f3 en la administraci\u00f3n de las prerrogativas, cada vez m\u00e1s disminuidas como consecuencia de los malos resultados en las urnas; y en los pasillos del partido eran comunes las quejas de los trabajadores por el frecuente retraso de sus pagos. En la parte final del periodo, los dep\u00f3sitos dejaron de reflejarse.<\/p>\n\n\n\n<p>La de Marlon Ram\u00edrez se convirti\u00f3 en una posici\u00f3n insostenible y por eso la instancia nacional del partido consider\u00f3 necesario su relevo, antes de que hiciera un mayor da\u00f1o.<\/p>\n\n\n\n<p>Sin embargo, la situaci\u00f3n del PRI parece irreversible, al menos en el siguiente lustro.<\/p>\n\n\n\n<p>Ya veremos si el nuevo comit\u00e9, encabezado por Adolfo Ram\u00edrez Arana y Lorena Pi\u00f1\u00f3n Rivera es capaz de recomponer el rumbo del partido. Finalmente, esta ser\u00e1 la dirigencia en funciones durante el proceso 2023-2024, que renovar\u00e1 \u2013para efectos estatales\u2013 la gubernatura y las diputaciones locales.<\/p>\n\n\n\n<p>@luisromero85<\/p>\n","protected":false},"excerpt":{"rendered":"<p>Luis Alberto RomeroHora cero El PRI en Veracruz es fiel reflejo de los tiempos que corren en el partido en el \u00e1mbito nacional. S\u00f3lo quedan despojos de una fuerza pol\u00edtica cada vez m\u00e1s disminuida. En el proceso federal de 2018, el tricolor ni siquiera alcanz\u00f3 el 14 por ciento de la votaci\u00f3n total; y en [&hellip;]<\/p>\n","protected":false},"author":2,"featured_media":0,"comment_status":"closed","ping_status":"closed","sticky":false,"template":"","format":"standard","meta":{"tdm_status":"","tdm_grid_status":"","footnotes":""},"categories":[70],"tags":[4770,1706,266,251],"class_list":{"0":"post-113124","1":"post","2":"type-post","3":"status-publish","4":"format-standard","6":"category-de-opinion","7":"tag-lorena-pinon-rivera","8":"tag-marlon-ramirez","9":"tag-pan","10":"tag-pri"},"yoast_head":"<!-- This site is optimized with the Yoast SEO plugin v27.4 - https:\/\/yoast.com\/product\/yoast-seo-wordpress\/ -->\n<title>EL RETO PRIISTA DE CARA AL 2024 - Los pol\u00edticos Veracruz<\/title>\n<meta name=\"robots\" content=\"index, follow, max-snippet:-1, max-image-preview:large, max-video-preview:-1\" \/>\n<link rel=\"canonical\" href=\"https:\/\/lospoliticosveracruz.com\/?p=113124\" \/>\n<meta property=\"og:locale\" content=\"es_ES\" \/>\n<meta property=\"og:type\" content=\"article\" \/>\n<meta property=\"og:title\" content=\"EL RETO PRIISTA DE CARA AL 2024 - Los pol\u00edticos Veracruz\" \/>\n<meta property=\"og:description\" content=\"Luis Alberto RomeroHora cero El PRI en Veracruz es fiel reflejo de los tiempos que corren en el partido en el \u00e1mbito nacional. S\u00f3lo quedan despojos de una fuerza pol\u00edtica cada vez m\u00e1s disminuida. En el proceso federal de 2018, el tricolor ni siquiera alcanz\u00f3 el 14 por ciento de la votaci\u00f3n total; y en [&hellip;]\" \/>\n<meta property=\"og:url\" content=\"https:\/\/lospoliticosveracruz.com\/?p=113124\" \/>\n<meta property=\"og:site_name\" content=\"Los pol\u00edticos Veracruz\" \/>\n<meta property=\"article:publisher\" content=\"https:\/\/www.facebook.com\/people\/Notimemes-de-los-Polticos\/61565672886568\/\" \/>\n<meta property=\"article:published_time\" content=\"2023-10-19T02:08:09+00:00\" \/>\n<meta property=\"article:modified_time\" content=\"2023-10-19T02:08:24+00:00\" \/>\n<meta property=\"og:image\" content=\"https:\/\/lospoliticosveracruz.com.mx\/wp-content\/uploads\/2021\/10\/Zacauilt-150x300.jpg\" \/>\n<meta name=\"author\" content=\"Lo viste en Los Pol\u00edticos\" \/>\n<meta name=\"twitter:card\" content=\"summary_large_image\" \/>\n<meta name=\"twitter:creator\" content=\"@LosPoliticosVer\" \/>\n<meta name=\"twitter:site\" content=\"@LosPoliticosVer\" \/>\n<meta name=\"twitter:label1\" content=\"Escrito por\" \/>\n\t<meta name=\"twitter:data1\" content=\"Lo viste en Los Pol\u00edticos\" \/>\n\t<meta name=\"twitter:label2\" content=\"Tiempo de lectura\" \/>\n\t<meta name=\"twitter:data2\" content=\"3 minutos\" \/>\n<script type=\"application\/ld+json\" class=\"yoast-schema-graph\">{\"@context\":\"https:\\\/\\\/schema.org\",\"@graph\":[{\"@type\":\"Article\",\"@id\":\"https:\\\/\\\/lospoliticosveracruz.com\\\/?p=113124#article\",\"isPartOf\":{\"@id\":\"https:\\\/\\\/lospoliticosveracruz.com\\\/?p=113124\"},\"author\":{\"name\":\"Lo viste en Los Pol\u00edticos\",\"@id\":\"https:\\\/\\\/lospoliticosveracruz.com\\\/#\\\/schema\\\/person\\\/b8702bb0e538456e6efd07080bf2a4a2\"},\"headline\":\"EL RETO PRIISTA DE CARA AL 2024\",\"datePublished\":\"2023-10-19T02:08:09+00:00\",\"dateModified\":\"2023-10-19T02:08:24+00:00\",\"mainEntityOfPage\":{\"@id\":\"https:\\\/\\\/lospoliticosveracruz.com\\\/?p=113124\"},\"wordCount\":541,\"publisher\":{\"@id\":\"https:\\\/\\\/lospoliticosveracruz.com\\\/#organization\"},\"image\":{\"@id\":\"https:\\\/\\\/lospoliticosveracruz.com\\\/?p=113124#primaryimage\"},\"thumbnailUrl\":\"https:\\\/\\\/lospoliticosveracruz.com.mx\\\/wp-content\\\/uploads\\\/2021\\\/10\\\/Zacauilt-150x300.jpg\",\"keywords\":[\"Lorena Pi\u00f1\u00f3n Rivera\",\"Marlon Ram\u00edrez\",\"PAN\",\"PRI\"],\"articleSection\":[\"De Opini\u00f3n\"],\"inLanguage\":\"es\"},{\"@type\":\"WebPage\",\"@id\":\"https:\\\/\\\/lospoliticosveracruz.com\\\/?p=113124\",\"url\":\"https:\\\/\\\/lospoliticosveracruz.com\\\/?p=113124\",\"name\":\"EL RETO PRIISTA DE CARA AL 2024 - Los pol\u00edticos Veracruz\",\"isPartOf\":{\"@id\":\"https:\\\/\\\/lospoliticosveracruz.com\\\/#website\"},\"primaryImageOfPage\":{\"@id\":\"https:\\\/\\\/lospoliticosveracruz.com\\\/?p=113124#primaryimage\"},\"image\":{\"@id\":\"https:\\\/\\\/lospoliticosveracruz.com\\\/?p=113124#primaryimage\"},\"thumbnailUrl\":\"https:\\\/\\\/lospoliticosveracruz.com.mx\\\/wp-content\\\/uploads\\\/2021\\\/10\\\/Zacauilt-150x300.jpg\",\"datePublished\":\"2023-10-19T02:08:09+00:00\",\"dateModified\":\"2023-10-19T02:08:24+00:00\",\"breadcrumb\":{\"@id\":\"https:\\\/\\\/lospoliticosveracruz.com\\\/?p=113124#breadcrumb\"},\"inLanguage\":\"es\",\"potentialAction\":[{\"@type\":\"ReadAction\",\"target\":[\"https:\\\/\\\/lospoliticosveracruz.com\\\/?p=113124\"]}]},{\"@type\":\"ImageObject\",\"inLanguage\":\"es\",\"@id\":\"https:\\\/\\\/lospoliticosveracruz.com\\\/?p=113124#primaryimage\",\"url\":\"https:\\\/\\\/lospoliticosveracruz.com.mx\\\/wp-content\\\/uploads\\\/2021\\\/10\\\/Zacauilt-150x300.jpg\",\"contentUrl\":\"https:\\\/\\\/lospoliticosveracruz.com.mx\\\/wp-content\\\/uploads\\\/2021\\\/10\\\/Zacauilt-150x300.jpg\"},{\"@type\":\"BreadcrumbList\",\"@id\":\"https:\\\/\\\/lospoliticosveracruz.com\\\/?p=113124#breadcrumb\",\"itemListElement\":[{\"@type\":\"ListItem\",\"position\":1,\"name\":\"Portada\",\"item\":\"https:\\\/\\\/lospoliticosveracruz.com\\\/\"},{\"@type\":\"ListItem\",\"position\":2,\"name\":\"EL RETO PRIISTA DE CARA AL 2024\"}]},{\"@type\":\"WebSite\",\"@id\":\"https:\\\/\\\/lospoliticosveracruz.com\\\/#website\",\"url\":\"https:\\\/\\\/lospoliticosveracruz.com\\\/\",\"name\":\"Los pol\u00edticos Veracruz\",\"description\":\"\",\"publisher\":{\"@id\":\"https:\\\/\\\/lospoliticosveracruz.com\\\/#organization\"},\"potentialAction\":[{\"@type\":\"SearchAction\",\"target\":{\"@type\":\"EntryPoint\",\"urlTemplate\":\"https:\\\/\\\/lospoliticosveracruz.com\\\/?s={search_term_string}\"},\"query-input\":{\"@type\":\"PropertyValueSpecification\",\"valueRequired\":true,\"valueName\":\"search_term_string\"}}],\"inLanguage\":\"es\"},{\"@type\":\"Organization\",\"@id\":\"https:\\\/\\\/lospoliticosveracruz.com\\\/#organization\",\"name\":\"Los pol\u00edticos Veracruz\",\"url\":\"https:\\\/\\\/lospoliticosveracruz.com\\\/\",\"logo\":{\"@type\":\"ImageObject\",\"inLanguage\":\"es\",\"@id\":\"https:\\\/\\\/lospoliticosveracruz.com\\\/#\\\/schema\\\/logo\\\/image\\\/\",\"url\":\"https:\\\/\\\/lospoliticosveracruz.com\\\/wp-content\\\/uploads\\\/2025\\\/12\\\/Logo-Nuevo-LOS-POLITICOS-1.jpg\",\"contentUrl\":\"https:\\\/\\\/lospoliticosveracruz.com\\\/wp-content\\\/uploads\\\/2025\\\/12\\\/Logo-Nuevo-LOS-POLITICOS-1.jpg\",\"width\":260,\"height\":70,\"caption\":\"Los pol\u00edticos Veracruz\"},\"image\":{\"@id\":\"https:\\\/\\\/lospoliticosveracruz.com\\\/#\\\/schema\\\/logo\\\/image\\\/\"},\"sameAs\":[\"https:\\\/\\\/www.facebook.com\\\/people\\\/Notimemes-de-los-Polticos\\\/61565672886568\\\/\",\"https:\\\/\\\/x.com\\\/LosPoliticosVer\"]},{\"@type\":\"Person\",\"@id\":\"https:\\\/\\\/lospoliticosveracruz.com\\\/#\\\/schema\\\/person\\\/b8702bb0e538456e6efd07080bf2a4a2\",\"name\":\"Lo viste en Los Pol\u00edticos\",\"image\":{\"@type\":\"ImageObject\",\"inLanguage\":\"es\",\"@id\":\"https:\\\/\\\/secure.gravatar.com\\\/avatar\\\/3a8de04a2656d44082be478bd6c086daa447c4651605818287b9532d3d0bd435?s=96&d=mm&r=g\",\"url\":\"https:\\\/\\\/secure.gravatar.com\\\/avatar\\\/3a8de04a2656d44082be478bd6c086daa447c4651605818287b9532d3d0bd435?s=96&d=mm&r=g\",\"contentUrl\":\"https:\\\/\\\/secure.gravatar.com\\\/avatar\\\/3a8de04a2656d44082be478bd6c086daa447c4651605818287b9532d3d0bd435?s=96&d=mm&r=g\",\"caption\":\"Lo viste en Los Pol\u00edticos\"},\"url\":\"https:\\\/\\\/lospoliticosveracruz.com\\\/?author=2\"}]}<\/script>\n<!-- \/ Yoast SEO plugin. -->","yoast_head_json":{"title":"EL RETO PRIISTA DE CARA AL 2024 - Los pol\u00edticos Veracruz","robots":{"index":"index","follow":"follow","max-snippet":"max-snippet:-1","max-image-preview":"max-image-preview:large","max-video-preview":"max-video-preview:-1"},"canonical":"https:\/\/lospoliticosveracruz.com\/?p=113124","og_locale":"es_ES","og_type":"article","og_title":"EL RETO PRIISTA DE CARA AL 2024 - Los pol\u00edticos Veracruz","og_description":"Luis Alberto RomeroHora cero El PRI en Veracruz es fiel reflejo de los tiempos que corren en el partido en el \u00e1mbito nacional. S\u00f3lo quedan despojos de una fuerza pol\u00edtica cada vez m\u00e1s disminuida. En el proceso federal de 2018, el tricolor ni siquiera alcanz\u00f3 el 14 por ciento de la votaci\u00f3n total; y en [&hellip;]","og_url":"https:\/\/lospoliticosveracruz.com\/?p=113124","og_site_name":"Los pol\u00edticos Veracruz","article_publisher":"https:\/\/www.facebook.com\/people\/Notimemes-de-los-Polticos\/61565672886568\/","article_published_time":"2023-10-19T02:08:09+00:00","article_modified_time":"2023-10-19T02:08:24+00:00","og_image":[{"url":"https:\/\/lospoliticosveracruz.com.mx\/wp-content\/uploads\/2021\/10\/Zacauilt-150x300.jpg","type":"","width":"","height":""}],"author":"Lo viste en Los Pol\u00edticos","twitter_card":"summary_large_image","twitter_creator":"@LosPoliticosVer","twitter_site":"@LosPoliticosVer","twitter_misc":{"Escrito por":"Lo viste en Los Pol\u00edticos","Tiempo de lectura":"3 minutos"},"schema":{"@context":"https:\/\/schema.org","@graph":[{"@type":"Article","@id":"https:\/\/lospoliticosveracruz.com\/?p=113124#article","isPartOf":{"@id":"https:\/\/lospoliticosveracruz.com\/?p=113124"},"author":{"name":"Lo viste en Los Pol\u00edticos","@id":"https:\/\/lospoliticosveracruz.com\/#\/schema\/person\/b8702bb0e538456e6efd07080bf2a4a2"},"headline":"EL RETO PRIISTA DE CARA AL 2024","datePublished":"2023-10-19T02:08:09+00:00","dateModified":"2023-10-19T02:08:24+00:00","mainEntityOfPage":{"@id":"https:\/\/lospoliticosveracruz.com\/?p=113124"},"wordCount":541,"publisher":{"@id":"https:\/\/lospoliticosveracruz.com\/#organization"},"image":{"@id":"https:\/\/lospoliticosveracruz.com\/?p=113124#primaryimage"},"thumbnailUrl":"https:\/\/lospoliticosveracruz.com.mx\/wp-content\/uploads\/2021\/10\/Zacauilt-150x300.jpg","keywords":["Lorena Pi\u00f1\u00f3n Rivera","Marlon Ram\u00edrez","PAN","PRI"],"articleSection":["De Opini\u00f3n"],"inLanguage":"es"},{"@type":"WebPage","@id":"https:\/\/lospoliticosveracruz.com\/?p=113124","url":"https:\/\/lospoliticosveracruz.com\/?p=113124","name":"EL RETO PRIISTA DE CARA AL 2024 - Los pol\u00edticos Veracruz","isPartOf":{"@id":"https:\/\/lospoliticosveracruz.com\/#website"},"primaryImageOfPage":{"@id":"https:\/\/lospoliticosveracruz.com\/?p=113124#primaryimage"},"image":{"@id":"https:\/\/lospoliticosveracruz.com\/?p=113124#primaryimage"},"thumbnailUrl":"https:\/\/lospoliticosveracruz.com.mx\/wp-content\/uploads\/2021\/10\/Zacauilt-150x300.jpg","datePublished":"2023-10-19T02:08:09+00:00","dateModified":"2023-10-19T02:08:24+00:00","breadcrumb":{"@id":"https:\/\/lospoliticosveracruz.com\/?p=113124#breadcrumb"},"inLanguage":"es","potentialAction":[{"@type":"ReadAction","target":["https:\/\/lospoliticosveracruz.com\/?p=113124"]}]},{"@type":"ImageObject","inLanguage":"es","@id":"https:\/\/lospoliticosveracruz.com\/?p=113124#primaryimage","url":"https:\/\/lospoliticosveracruz.com.mx\/wp-content\/uploads\/2021\/10\/Zacauilt-150x300.jpg","contentUrl":"https:\/\/lospoliticosveracruz.com.mx\/wp-content\/uploads\/2021\/10\/Zacauilt-150x300.jpg"},{"@type":"BreadcrumbList","@id":"https:\/\/lospoliticosveracruz.com\/?p=113124#breadcrumb","itemListElement":[{"@type":"ListItem","position":1,"name":"Portada","item":"https:\/\/lospoliticosveracruz.com\/"},{"@type":"ListItem","position":2,"name":"EL RETO PRIISTA DE CARA AL 2024"}]},{"@type":"WebSite","@id":"https:\/\/lospoliticosveracruz.com\/#website","url":"https:\/\/lospoliticosveracruz.com\/","name":"Los pol\u00edticos Veracruz","description":"","publisher":{"@id":"https:\/\/lospoliticosveracruz.com\/#organization"},"potentialAction":[{"@type":"SearchAction","target":{"@type":"EntryPoint","urlTemplate":"https:\/\/lospoliticosveracruz.com\/?s={search_term_string}"},"query-input":{"@type":"PropertyValueSpecification","valueRequired":true,"valueName":"search_term_string"}}],"inLanguage":"es"},{"@type":"Organization","@id":"https:\/\/lospoliticosveracruz.com\/#organization","name":"Los pol\u00edticos Veracruz","url":"https:\/\/lospoliticosveracruz.com\/","logo":{"@type":"ImageObject","inLanguage":"es","@id":"https:\/\/lospoliticosveracruz.com\/#\/schema\/logo\/image\/","url":"https:\/\/lospoliticosveracruz.com\/wp-content\/uploads\/2025\/12\/Logo-Nuevo-LOS-POLITICOS-1.jpg","contentUrl":"https:\/\/lospoliticosveracruz.com\/wp-content\/uploads\/2025\/12\/Logo-Nuevo-LOS-POLITICOS-1.jpg","width":260,"height":70,"caption":"Los pol\u00edticos Veracruz"},"image":{"@id":"https:\/\/lospoliticosveracruz.com\/#\/schema\/logo\/image\/"},"sameAs":["https:\/\/www.facebook.com\/people\/Notimemes-de-los-Polticos\/61565672886568\/","https:\/\/x.com\/LosPoliticosVer"]},{"@type":"Person","@id":"https:\/\/lospoliticosveracruz.com\/#\/schema\/person\/b8702bb0e538456e6efd07080bf2a4a2","name":"Lo viste en Los Pol\u00edticos","image":{"@type":"ImageObject","inLanguage":"es","@id":"https:\/\/secure.gravatar.com\/avatar\/3a8de04a2656d44082be478bd6c086daa447c4651605818287b9532d3d0bd435?s=96&d=mm&r=g","url":"https:\/\/secure.gravatar.com\/avatar\/3a8de04a2656d44082be478bd6c086daa447c4651605818287b9532d3d0bd435?s=96&d=mm&r=g","contentUrl":"https:\/\/secure.gravatar.com\/avatar\/3a8de04a2656d44082be478bd6c086daa447c4651605818287b9532d3d0bd435?s=96&d=mm&r=g","caption":"Lo viste en Los Pol\u00edticos"},"url":"https:\/\/lospoliticosveracruz.com\/?author=2"}]}},"_links":{"self":[{"href":"https:\/\/lospoliticosveracruz.com\/index.php?rest_route=\/wp\/v2\/posts\/113124","targetHints":{"allow":["GET"]}}],"collection":[{"href":"https:\/\/lospoliticosveracruz.com\/index.php?rest_route=\/wp\/v2\/posts"}],"about":[{"href":"https:\/\/lospoliticosveracruz.com\/index.php?rest_route=\/wp\/v2\/types\/post"}],"author":[{"embeddable":true,"href":"https:\/\/lospoliticosveracruz.com\/index.php?rest_route=\/wp\/v2\/users\/2"}],"replies":[{"embeddable":true,"href":"https:\/\/lospoliticosveracruz.com\/index.php?rest_route=%2Fwp%2Fv2%2Fcomments&post=113124"}],"version-history":[{"count":1,"href":"https:\/\/lospoliticosveracruz.com\/index.php?rest_route=\/wp\/v2\/posts\/113124\/revisions"}],"predecessor-version":[{"id":113125,"href":"https:\/\/lospoliticosveracruz.com\/index.php?rest_route=\/wp\/v2\/posts\/113124\/revisions\/113125"}],"wp:attachment":[{"href":"https:\/\/lospoliticosveracruz.com\/index.php?rest_route=%2Fwp%2Fv2%2Fmedia&parent=113124"}],"wp:term":[{"taxonomy":"category","embeddable":true,"href":"https:\/\/lospoliticosveracruz.com\/index.php?rest_route=%2Fwp%2Fv2%2Fcategories&post=113124"},{"taxonomy":"post_tag","embeddable":true,"href":"https:\/\/lospoliticosveracruz.com\/index.php?rest_route=%2Fwp%2Fv2%2Ftags&post=113124"}],"curies":[{"name":"wp","href":"https:\/\/api.w.org\/{rel}","templated":true}]}}