{"id":113174,"date":"2023-10-20T08:21:51","date_gmt":"2023-10-20T13:21:51","guid":{"rendered":"https:\/\/lospoliticosveracruz.com.mx\/?p=113174"},"modified":"2023-10-20T08:22:01","modified_gmt":"2023-10-20T13:22:01","slug":"no-son-privilegios-son-nuestros-derechos","status":"publish","type":"post","link":"https:\/\/lospoliticosveracruz.com\/?p=113174","title":{"rendered":"\u201cNO SON PRIVILEGIOS, SON NUESTROS DERECHOS\u201d"},"content":{"rendered":"\n<p><strong>Alejandro Bustos<\/strong><\/p>\n\n\n\n<p><em>Sinapsis<\/em><\/p>\n\n\n\n<p>Al grito de \u201cNo son privilegios, son nuestros derechos\u201d&nbsp;o \u201csomos abogados,&nbsp;no somos acarreados\u201d junto con&nbsp;muchas consignas&nbsp;m\u00e1s, se lanzaron a las calles miles de profesionistas del Poder Judicial de la Federaci\u00f3n,en todo el pa\u00eds,&nbsp;para protestar&nbsp;ante el atropello&nbsp;m\u00e1s grande&nbsp;y abuso de autoridad por parte del Poder Ejecutivo,&nbsp;en contra de otro poder,&nbsp;en&nbsp;lo que va deeste siglo.<\/p>\n\n\n\n<p>Indiferencia no ha sido precisamente la reacci\u00f3n que ha generado en el resto de la ciudadan\u00eda. A todos nos ha tocado atestiguar, ya sea por parte de amigos o familiares que laboran en esas dependencias&nbsp;y que desafortunadamente est\u00e1n siendo&nbsp;afectados, c\u00f3mo se han organizado&nbsp;para defenderse. Una de las caracter\u00edsticas que m\u00e1s me ha llamado la atenci\u00f3n&nbsp;de este creciente movimiento, es que al ejercer su&nbsp;leg\u00edtimo&nbsp;derecho de manifestaci\u00f3n,&nbsp;los trabajadores del Poder Judicial en ning\u00fan momento han afectado la circulaci\u00f3n de las ciudades por lo que naturalmente no han generado caos vial. Incluso, cuando vemos los miles de videos o&nbsp;<em>stories<\/em><em>&nbsp;<\/em>en las redes sociales,&nbsp;nos podemos percatar del apoyo&nbsp;un\u00e1nime&nbsp;de la ciudadan\u00eda que les respaldan pitando a favor como gesto de aprobaci\u00f3n.<\/p>\n\n\n\n<p>De momento, es una batalla que lleva ganada el presidente L\u00f3pez Obrador junto con sus secuaces del Poder Legislativo.&nbsp;Antier,&nbsp;la C\u00e1mara de Diputados&nbsp;aprob\u00f3&nbsp;el dictamen por el que se reforman art\u00edculos de la Ley Org\u00e1nica del Poder Judicial de la Federaci\u00f3n para &nbsp;desaparecer&nbsp;13 de&nbsp;sus&nbsp;14&nbsp;fideicomisos,&nbsp;cuyos montos&nbsp;ascienden a&nbsp;15,000 millones de pesos y que,presuntamente, ser\u00edan destinados a becas para menores.<\/p>\n\n\n\n<p>El Gobierno Federal sostiene ante la opini\u00f3n p\u00fablica que el recurso&nbsp;que por decreto regresar\u00e1 a las arcas&nbsp;a la Tesorer\u00eda de la Naci\u00f3n&nbsp;est\u00e1 justificado&nbsp;puesto que son \u201cprivilegios\u201d,&nbsp;omitiendo que los fideicomisos se conforman con aportaciones de los trabajadores,&nbsp;y que son mecanismos ideados y conservados para fondear contingencias&nbsp;con la finalidad de que&nbsp;no dependan&nbsp;del Presupuesto de Egresos de la Federaci\u00f3n, seg\u00fan defin\u00eda el propio&nbsp;Ministro Laynez&nbsp;en entrevista con Ciro G\u00f3mez Leyva.<\/p>\n\n\n\n<p>Por lo que&nbsp;es seguro&nbsp;asumir que&nbsp;L\u00f3pez Obrador est\u00e1 equivocado y mal informa cuando&nbsp;afirma&nbsp;que los trabajadores est\u00e1n siendo manipulados para manifestarse en su contra. Aunque tampoco es de sorprender&nbsp;puesto que \u00e9l le habla a su base de seguidores, le importa poco lo que los funcionarios del PJF opinen&nbsp;de \u00e9l &nbsp;o&nbsp;ganarse sus simpat\u00edas, ya que&nbsp;es una lucha&nbsp;que, de antemano, considera perdida. Su \u00fanica prioridad es la operaci\u00f3n pol\u00edtica electoral del a\u00f1o entrante y busca de d\u00f3nde conseguir recursos para financiarla;&nbsp;sin embargo, no ser\u00e1 tan f\u00e1cil.<\/p>\n\n\n\n<p><strong>Crucial separaci\u00f3n de poderes.<\/strong><\/p>\n\n\n\n<p>Es innegable que el Poder Legislativo hoy en d\u00eda es una mera oficial\u00eda de partes del&nbsp;Poder Ejecutivo&nbsp;y todo gracias a los serviles legisladores&nbsp;de&nbsp;Morena y aliados.&nbsp;La oposici\u00f3n tiene las manos atadas ya que&nbsp;la fracci\u00f3n oficialista cuenta con&nbsp;la mayor\u00eda simple&nbsp;para aprobar el dictamen,&nbsp;sin quitarle una sola coma, por lo queintentar frenarla se convierte en un esfuerzo f\u00fatil. Llegados a este punto&nbsp;cabe la pregunta \u00bfy qu\u00e9 hacer?<\/p>\n\n\n\n<p>Afortunadamente, y como advierten diversos juristas especializados en el tema, todav\u00eda queda esperanza en que la Suprema Corte lo pueda revertir. As\u00ed como lo ha hecho&nbsp;al frenar el infame \u2018Plan B\u2019 o&nbsp;la iniciativa que ordenaba&nbsp;que las obras de gobierno se les considerara asuntos de seguridad nacional para imponer la opacidad,&nbsp;se espera que en esta ocasi\u00f3n se repita&nbsp;el mismo&nbsp;camino&nbsp;ya que L\u00f3pez Obrador no cuenta con&nbsp;la&nbsp;mayor\u00eda de simpat\u00edas en la Corte.<\/p>\n\n\n\n<p>Es previsible que, una vez discutida y aprobada por ambas C\u00e1maras, de inmediato sea impugnada por las fracciones parlamentarias&nbsp;de la oposici\u00f3n,&nbsp;mismas que podr\u00edan promover una controversia constitucional.&nbsp;Por otra parte, los propios trabajadores tambi\u00e9n han manifestado que ya sea en lo general o en lo particular, y ejerciendo sus derechos ciudadanos, recurrir\u00edan al amparo; por lo que ya sea por una u otra v\u00eda terminar\u00eda en la SCJ y, una vez en las manos de los ministros, ser\u00eda revertida de inmediato.<\/p>\n\n\n\n<p>El problema aqu\u00ed es tener que llegar a este punto, por no hablar de los 30 mil tr\u00e1mites que se calculan quedar\u00e1n detenidos&nbsp;a causa del paro. Desde que el famoso Ministro Mascota (como lo bautizaron en las redes sociales) Arturo Zald\u00edvar dejara de ser presidente de la&nbsp;Corte, L\u00f3pez Obrador no ha hecho m\u00e1s que arremeter en cualquier oportunidad que&nbsp;ha tenido&nbsp;en contra del Poder Judicial, espec\u00edficamente en contra de su titular, la&nbsp;Ministra&nbsp;Presidenta,&nbsp;Norma Pi\u00f1a. El propio AMLO, que ya&nbsp;advierte que es un escenario m\u00e1s que posible, dijo en una de sus&nbsp;<em>ma<\/em><em>\u00f1aneras<\/em>&nbsp;que, de hacerlo, la Corte estar\u00eda generando una \u201cruptura al orden constitucional\u201d; en otras palabras, lo que le molesta es que no est\u00e9n sometidos a su voluntad.<\/p>\n\n\n\n<p>L\u00f3pez Obrador se ha caracterizado por detestar la independencia de poderes y organismos p\u00fablicos que no sean abyectos a sus ocurrencias. De momento, el \u00faltimo pilar de&nbsp;la&nbsp;democracia agonizante&nbsp;de este pa\u00eds&nbsp;recae en el Poder Judicial&nbsp;de la Federaci\u00f3n,&nbsp;concentrado en&nbsp;la Suprema Corte de Justicia&nbsp;de la Naci\u00f3n.<\/p>\n\n\n\n<p>Se vienen d\u00edas intensos de movilizaci\u00f3n en todo el pa\u00eds y seg\u00fan se prev\u00e9 la&nbsp;gran mayor\u00eda de los 55 mil trabajadores que pertenecen al&nbsp;PJF&nbsp;podr\u00edan salir a las calles&nbsp;este fin de semana&nbsp;a manifestar su rechazo en contra de esta resoluci\u00f3n. Lo que no puede pasar desapercibido es que de esos 55 mil&nbsp;trabajadores&nbsp;afectados,&nbsp;si se&nbsp;toman en cuenta&nbsp;10 o 20 adultos m\u00e1sque sean sus amigos o familiares,&nbsp;se&nbsp;podr\u00eda llegar a&nbsp;traducir en casi un mill\u00f3n de votos&nbsp;que est\u00e1n en juego&nbsp;en contra de Morena.&nbsp;<\/p>\n\n\n\n<p>AMLO ha garantizado que no se les va a afectar en nada, pero me da la impresi\u00f3n de que su palabra ya no tiene validez. Despu\u00e9s de todo, prometi\u00f3 que no habr\u00eda&nbsp;desabasto de medicamentos&nbsp;(entre muchas otras cosas)&nbsp;o si no \u201cse cambiaba el nombre\u201d. De momento, que sepamos, se sigue llamando Andr\u00e9s Manuel L\u00f3pez Obrador.<\/p>\n\n\n\n<p><strong>Comentarios:<\/strong><\/p>\n\n\n\n<p><strong>X\/Twitter: @alecbustos<\/strong><\/p>\n\n\n\n<p><strong>Mail: alejandrobustosf@gmail.com<\/strong><\/p>\n","protected":false},"excerpt":{"rendered":"<p>Alejandro Bustos Sinapsis Al grito de \u201cNo son privilegios, son nuestros derechos\u201d&nbsp;o \u201csomos abogados,&nbsp;no somos acarreados\u201d junto con&nbsp;muchas consignas&nbsp;m\u00e1s, se lanzaron a las calles miles de profesionistas del Poder Judicial de la Federaci\u00f3n,en todo el pa\u00eds,&nbsp;para protestar&nbsp;ante el atropello&nbsp;m\u00e1s grande&nbsp;y abuso de autoridad por parte del Poder Ejecutivo,&nbsp;en contra de otro poder,&nbsp;en&nbsp;lo que va deeste [&hellip;]<\/p>\n","protected":false},"author":2,"featured_media":0,"comment_status":"closed","ping_status":"closed","sticky":false,"template":"","format":"standard","meta":{"tdm_status":"","tdm_grid_status":"","footnotes":""},"categories":[70],"tags":[618,16505,1026,82,195],"class_list":{"0":"post-113174","1":"post","2":"type-post","3":"status-publish","4":"format-standard","6":"category-de-opinion","7":"tag-andres-manuel-lopez-obrador","8":"tag-fideicomisos","9":"tag-morena","10":"tag-poder-judicial","11":"tag-veracruz"},"yoast_head":"<!-- This site is optimized with the Yoast SEO plugin v27.4 - https:\/\/yoast.com\/product\/yoast-seo-wordpress\/ -->\n<title>\u201cNO SON PRIVILEGIOS, SON NUESTROS DERECHOS\u201d - Los pol\u00edticos Veracruz<\/title>\n<meta name=\"robots\" content=\"index, follow, max-snippet:-1, max-image-preview:large, max-video-preview:-1\" \/>\n<link rel=\"canonical\" href=\"https:\/\/lospoliticosveracruz.com\/?p=113174\" \/>\n<meta property=\"og:locale\" content=\"es_ES\" \/>\n<meta property=\"og:type\" content=\"article\" \/>\n<meta property=\"og:title\" content=\"\u201cNO SON PRIVILEGIOS, SON NUESTROS DERECHOS\u201d - Los pol\u00edticos Veracruz\" \/>\n<meta property=\"og:description\" content=\"Alejandro Bustos Sinapsis Al grito de \u201cNo son privilegios, son nuestros derechos\u201d&nbsp;o \u201csomos abogados,&nbsp;no somos acarreados\u201d junto con&nbsp;muchas consignas&nbsp;m\u00e1s, se lanzaron a las calles miles de profesionistas del Poder Judicial de la Federaci\u00f3n,en todo el pa\u00eds,&nbsp;para protestar&nbsp;ante el atropello&nbsp;m\u00e1s grande&nbsp;y abuso de autoridad por parte del Poder Ejecutivo,&nbsp;en contra de otro poder,&nbsp;en&nbsp;lo que va deeste [&hellip;]\" \/>\n<meta property=\"og:url\" content=\"https:\/\/lospoliticosveracruz.com\/?p=113174\" \/>\n<meta property=\"og:site_name\" content=\"Los pol\u00edticos Veracruz\" \/>\n<meta property=\"article:publisher\" content=\"https:\/\/www.facebook.com\/people\/Notimemes-de-los-Polticos\/61565672886568\/\" \/>\n<meta property=\"article:published_time\" content=\"2023-10-20T13:21:51+00:00\" \/>\n<meta property=\"article:modified_time\" content=\"2023-10-20T13:22:01+00:00\" \/>\n<meta property=\"og:image\" content=\"https:\/\/lospoliticosveracruz.com\/wp-content\/uploads\/2016\/07\/Logo-Dor.jpg\" \/>\n\t<meta property=\"og:image:width\" content=\"200\" \/>\n\t<meta property=\"og:image:height\" content=\"200\" \/>\n\t<meta property=\"og:image:type\" content=\"image\/jpeg\" \/>\n<meta name=\"author\" content=\"Lo viste en Los Pol\u00edticos\" \/>\n<meta name=\"twitter:card\" content=\"summary_large_image\" \/>\n<meta name=\"twitter:creator\" content=\"@LosPoliticosVer\" \/>\n<meta name=\"twitter:site\" content=\"@LosPoliticosVer\" \/>\n<meta name=\"twitter:label1\" content=\"Escrito por\" \/>\n\t<meta name=\"twitter:data1\" content=\"Lo viste en Los Pol\u00edticos\" \/>\n\t<meta name=\"twitter:label2\" content=\"Tiempo de lectura\" \/>\n\t<meta name=\"twitter:data2\" content=\"6 minutos\" \/>\n<script type=\"application\/ld+json\" class=\"yoast-schema-graph\">{\"@context\":\"https:\\\/\\\/schema.org\",\"@graph\":[{\"@type\":\"Article\",\"@id\":\"https:\\\/\\\/lospoliticosveracruz.com\\\/?p=113174#article\",\"isPartOf\":{\"@id\":\"https:\\\/\\\/lospoliticosveracruz.com\\\/?p=113174\"},\"author\":{\"name\":\"Lo viste en Los Pol\u00edticos\",\"@id\":\"https:\\\/\\\/lospoliticosveracruz.com\\\/#\\\/schema\\\/person\\\/b8702bb0e538456e6efd07080bf2a4a2\"},\"headline\":\"\u201cNO SON PRIVILEGIOS, SON NUESTROS DERECHOS\u201d\",\"datePublished\":\"2023-10-20T13:21:51+00:00\",\"dateModified\":\"2023-10-20T13:22:01+00:00\",\"mainEntityOfPage\":{\"@id\":\"https:\\\/\\\/lospoliticosveracruz.com\\\/?p=113174\"},\"wordCount\":1211,\"publisher\":{\"@id\":\"https:\\\/\\\/lospoliticosveracruz.com\\\/#organization\"},\"keywords\":[\"Andr\u00e9s Manuel L\u00f3pez Obrador\",\"fideicomisos\",\"Morena\",\"Poder Judicial\",\"Veracruz\"],\"articleSection\":[\"De Opini\u00f3n\"],\"inLanguage\":\"es\"},{\"@type\":\"WebPage\",\"@id\":\"https:\\\/\\\/lospoliticosveracruz.com\\\/?p=113174\",\"url\":\"https:\\\/\\\/lospoliticosveracruz.com\\\/?p=113174\",\"name\":\"\u201cNO SON PRIVILEGIOS, SON NUESTROS DERECHOS\u201d - Los pol\u00edticos Veracruz\",\"isPartOf\":{\"@id\":\"https:\\\/\\\/lospoliticosveracruz.com\\\/#website\"},\"datePublished\":\"2023-10-20T13:21:51+00:00\",\"dateModified\":\"2023-10-20T13:22:01+00:00\",\"breadcrumb\":{\"@id\":\"https:\\\/\\\/lospoliticosveracruz.com\\\/?p=113174#breadcrumb\"},\"inLanguage\":\"es\",\"potentialAction\":[{\"@type\":\"ReadAction\",\"target\":[\"https:\\\/\\\/lospoliticosveracruz.com\\\/?p=113174\"]}]},{\"@type\":\"BreadcrumbList\",\"@id\":\"https:\\\/\\\/lospoliticosveracruz.com\\\/?p=113174#breadcrumb\",\"itemListElement\":[{\"@type\":\"ListItem\",\"position\":1,\"name\":\"Portada\",\"item\":\"https:\\\/\\\/lospoliticosveracruz.com\\\/\"},{\"@type\":\"ListItem\",\"position\":2,\"name\":\"\u201cNO SON PRIVILEGIOS, SON NUESTROS DERECHOS\u201d\"}]},{\"@type\":\"WebSite\",\"@id\":\"https:\\\/\\\/lospoliticosveracruz.com\\\/#website\",\"url\":\"https:\\\/\\\/lospoliticosveracruz.com\\\/\",\"name\":\"Los pol\u00edticos Veracruz\",\"description\":\"\",\"publisher\":{\"@id\":\"https:\\\/\\\/lospoliticosveracruz.com\\\/#organization\"},\"potentialAction\":[{\"@type\":\"SearchAction\",\"target\":{\"@type\":\"EntryPoint\",\"urlTemplate\":\"https:\\\/\\\/lospoliticosveracruz.com\\\/?s={search_term_string}\"},\"query-input\":{\"@type\":\"PropertyValueSpecification\",\"valueRequired\":true,\"valueName\":\"search_term_string\"}}],\"inLanguage\":\"es\"},{\"@type\":\"Organization\",\"@id\":\"https:\\\/\\\/lospoliticosveracruz.com\\\/#organization\",\"name\":\"Los pol\u00edticos Veracruz\",\"url\":\"https:\\\/\\\/lospoliticosveracruz.com\\\/\",\"logo\":{\"@type\":\"ImageObject\",\"inLanguage\":\"es\",\"@id\":\"https:\\\/\\\/lospoliticosveracruz.com\\\/#\\\/schema\\\/logo\\\/image\\\/\",\"url\":\"https:\\\/\\\/lospoliticosveracruz.com\\\/wp-content\\\/uploads\\\/2025\\\/12\\\/Logo-Nuevo-LOS-POLITICOS-1.jpg\",\"contentUrl\":\"https:\\\/\\\/lospoliticosveracruz.com\\\/wp-content\\\/uploads\\\/2025\\\/12\\\/Logo-Nuevo-LOS-POLITICOS-1.jpg\",\"width\":260,\"height\":70,\"caption\":\"Los pol\u00edticos Veracruz\"},\"image\":{\"@id\":\"https:\\\/\\\/lospoliticosveracruz.com\\\/#\\\/schema\\\/logo\\\/image\\\/\"},\"sameAs\":[\"https:\\\/\\\/www.facebook.com\\\/people\\\/Notimemes-de-los-Polticos\\\/61565672886568\\\/\",\"https:\\\/\\\/x.com\\\/LosPoliticosVer\"]},{\"@type\":\"Person\",\"@id\":\"https:\\\/\\\/lospoliticosveracruz.com\\\/#\\\/schema\\\/person\\\/b8702bb0e538456e6efd07080bf2a4a2\",\"name\":\"Lo viste en Los Pol\u00edticos\",\"image\":{\"@type\":\"ImageObject\",\"inLanguage\":\"es\",\"@id\":\"https:\\\/\\\/secure.gravatar.com\\\/avatar\\\/3a8de04a2656d44082be478bd6c086daa447c4651605818287b9532d3d0bd435?s=96&d=mm&r=g\",\"url\":\"https:\\\/\\\/secure.gravatar.com\\\/avatar\\\/3a8de04a2656d44082be478bd6c086daa447c4651605818287b9532d3d0bd435?s=96&d=mm&r=g\",\"contentUrl\":\"https:\\\/\\\/secure.gravatar.com\\\/avatar\\\/3a8de04a2656d44082be478bd6c086daa447c4651605818287b9532d3d0bd435?s=96&d=mm&r=g\",\"caption\":\"Lo viste en Los Pol\u00edticos\"},\"url\":\"https:\\\/\\\/lospoliticosveracruz.com\\\/?author=2\"}]}<\/script>\n<!-- \/ Yoast SEO plugin. -->","yoast_head_json":{"title":"\u201cNO SON PRIVILEGIOS, SON NUESTROS DERECHOS\u201d - Los pol\u00edticos Veracruz","robots":{"index":"index","follow":"follow","max-snippet":"max-snippet:-1","max-image-preview":"max-image-preview:large","max-video-preview":"max-video-preview:-1"},"canonical":"https:\/\/lospoliticosveracruz.com\/?p=113174","og_locale":"es_ES","og_type":"article","og_title":"\u201cNO SON PRIVILEGIOS, SON NUESTROS DERECHOS\u201d - Los pol\u00edticos Veracruz","og_description":"Alejandro Bustos Sinapsis Al grito de \u201cNo son privilegios, son nuestros derechos\u201d&nbsp;o \u201csomos abogados,&nbsp;no somos acarreados\u201d junto con&nbsp;muchas consignas&nbsp;m\u00e1s, se lanzaron a las calles miles de profesionistas del Poder Judicial de la Federaci\u00f3n,en todo el pa\u00eds,&nbsp;para protestar&nbsp;ante el atropello&nbsp;m\u00e1s grande&nbsp;y abuso de autoridad por parte del Poder Ejecutivo,&nbsp;en contra de otro poder,&nbsp;en&nbsp;lo que va deeste [&hellip;]","og_url":"https:\/\/lospoliticosveracruz.com\/?p=113174","og_site_name":"Los pol\u00edticos Veracruz","article_publisher":"https:\/\/www.facebook.com\/people\/Notimemes-de-los-Polticos\/61565672886568\/","article_published_time":"2023-10-20T13:21:51+00:00","article_modified_time":"2023-10-20T13:22:01+00:00","og_image":[{"width":200,"height":200,"url":"https:\/\/lospoliticosveracruz.com\/wp-content\/uploads\/2016\/07\/Logo-Dor.jpg","type":"image\/jpeg"}],"author":"Lo viste en Los Pol\u00edticos","twitter_card":"summary_large_image","twitter_creator":"@LosPoliticosVer","twitter_site":"@LosPoliticosVer","twitter_misc":{"Escrito por":"Lo viste en Los Pol\u00edticos","Tiempo de lectura":"6 minutos"},"schema":{"@context":"https:\/\/schema.org","@graph":[{"@type":"Article","@id":"https:\/\/lospoliticosveracruz.com\/?p=113174#article","isPartOf":{"@id":"https:\/\/lospoliticosveracruz.com\/?p=113174"},"author":{"name":"Lo viste en Los Pol\u00edticos","@id":"https:\/\/lospoliticosveracruz.com\/#\/schema\/person\/b8702bb0e538456e6efd07080bf2a4a2"},"headline":"\u201cNO SON PRIVILEGIOS, SON NUESTROS DERECHOS\u201d","datePublished":"2023-10-20T13:21:51+00:00","dateModified":"2023-10-20T13:22:01+00:00","mainEntityOfPage":{"@id":"https:\/\/lospoliticosveracruz.com\/?p=113174"},"wordCount":1211,"publisher":{"@id":"https:\/\/lospoliticosveracruz.com\/#organization"},"keywords":["Andr\u00e9s Manuel L\u00f3pez Obrador","fideicomisos","Morena","Poder Judicial","Veracruz"],"articleSection":["De Opini\u00f3n"],"inLanguage":"es"},{"@type":"WebPage","@id":"https:\/\/lospoliticosveracruz.com\/?p=113174","url":"https:\/\/lospoliticosveracruz.com\/?p=113174","name":"\u201cNO SON PRIVILEGIOS, SON NUESTROS DERECHOS\u201d - Los pol\u00edticos Veracruz","isPartOf":{"@id":"https:\/\/lospoliticosveracruz.com\/#website"},"datePublished":"2023-10-20T13:21:51+00:00","dateModified":"2023-10-20T13:22:01+00:00","breadcrumb":{"@id":"https:\/\/lospoliticosveracruz.com\/?p=113174#breadcrumb"},"inLanguage":"es","potentialAction":[{"@type":"ReadAction","target":["https:\/\/lospoliticosveracruz.com\/?p=113174"]}]},{"@type":"BreadcrumbList","@id":"https:\/\/lospoliticosveracruz.com\/?p=113174#breadcrumb","itemListElement":[{"@type":"ListItem","position":1,"name":"Portada","item":"https:\/\/lospoliticosveracruz.com\/"},{"@type":"ListItem","position":2,"name":"\u201cNO SON PRIVILEGIOS, SON NUESTROS DERECHOS\u201d"}]},{"@type":"WebSite","@id":"https:\/\/lospoliticosveracruz.com\/#website","url":"https:\/\/lospoliticosveracruz.com\/","name":"Los pol\u00edticos Veracruz","description":"","publisher":{"@id":"https:\/\/lospoliticosveracruz.com\/#organization"},"potentialAction":[{"@type":"SearchAction","target":{"@type":"EntryPoint","urlTemplate":"https:\/\/lospoliticosveracruz.com\/?s={search_term_string}"},"query-input":{"@type":"PropertyValueSpecification","valueRequired":true,"valueName":"search_term_string"}}],"inLanguage":"es"},{"@type":"Organization","@id":"https:\/\/lospoliticosveracruz.com\/#organization","name":"Los pol\u00edticos Veracruz","url":"https:\/\/lospoliticosveracruz.com\/","logo":{"@type":"ImageObject","inLanguage":"es","@id":"https:\/\/lospoliticosveracruz.com\/#\/schema\/logo\/image\/","url":"https:\/\/lospoliticosveracruz.com\/wp-content\/uploads\/2025\/12\/Logo-Nuevo-LOS-POLITICOS-1.jpg","contentUrl":"https:\/\/lospoliticosveracruz.com\/wp-content\/uploads\/2025\/12\/Logo-Nuevo-LOS-POLITICOS-1.jpg","width":260,"height":70,"caption":"Los pol\u00edticos Veracruz"},"image":{"@id":"https:\/\/lospoliticosveracruz.com\/#\/schema\/logo\/image\/"},"sameAs":["https:\/\/www.facebook.com\/people\/Notimemes-de-los-Polticos\/61565672886568\/","https:\/\/x.com\/LosPoliticosVer"]},{"@type":"Person","@id":"https:\/\/lospoliticosveracruz.com\/#\/schema\/person\/b8702bb0e538456e6efd07080bf2a4a2","name":"Lo viste en Los Pol\u00edticos","image":{"@type":"ImageObject","inLanguage":"es","@id":"https:\/\/secure.gravatar.com\/avatar\/3a8de04a2656d44082be478bd6c086daa447c4651605818287b9532d3d0bd435?s=96&d=mm&r=g","url":"https:\/\/secure.gravatar.com\/avatar\/3a8de04a2656d44082be478bd6c086daa447c4651605818287b9532d3d0bd435?s=96&d=mm&r=g","contentUrl":"https:\/\/secure.gravatar.com\/avatar\/3a8de04a2656d44082be478bd6c086daa447c4651605818287b9532d3d0bd435?s=96&d=mm&r=g","caption":"Lo viste en Los Pol\u00edticos"},"url":"https:\/\/lospoliticosveracruz.com\/?author=2"}]}},"_links":{"self":[{"href":"https:\/\/lospoliticosveracruz.com\/index.php?rest_route=\/wp\/v2\/posts\/113174","targetHints":{"allow":["GET"]}}],"collection":[{"href":"https:\/\/lospoliticosveracruz.com\/index.php?rest_route=\/wp\/v2\/posts"}],"about":[{"href":"https:\/\/lospoliticosveracruz.com\/index.php?rest_route=\/wp\/v2\/types\/post"}],"author":[{"embeddable":true,"href":"https:\/\/lospoliticosveracruz.com\/index.php?rest_route=\/wp\/v2\/users\/2"}],"replies":[{"embeddable":true,"href":"https:\/\/lospoliticosveracruz.com\/index.php?rest_route=%2Fwp%2Fv2%2Fcomments&post=113174"}],"version-history":[{"count":1,"href":"https:\/\/lospoliticosveracruz.com\/index.php?rest_route=\/wp\/v2\/posts\/113174\/revisions"}],"predecessor-version":[{"id":113175,"href":"https:\/\/lospoliticosveracruz.com\/index.php?rest_route=\/wp\/v2\/posts\/113174\/revisions\/113175"}],"wp:attachment":[{"href":"https:\/\/lospoliticosveracruz.com\/index.php?rest_route=%2Fwp%2Fv2%2Fmedia&parent=113174"}],"wp:term":[{"taxonomy":"category","embeddable":true,"href":"https:\/\/lospoliticosveracruz.com\/index.php?rest_route=%2Fwp%2Fv2%2Fcategories&post=113174"},{"taxonomy":"post_tag","embeddable":true,"href":"https:\/\/lospoliticosveracruz.com\/index.php?rest_route=%2Fwp%2Fv2%2Ftags&post=113174"}],"curies":[{"name":"wp","href":"https:\/\/api.w.org\/{rel}","templated":true}]}}