{"id":113204,"date":"2023-10-20T20:41:22","date_gmt":"2023-10-21T01:41:22","guid":{"rendered":"https:\/\/lospoliticosveracruz.com.mx\/?p=113204"},"modified":"2023-10-20T20:41:30","modified_gmt":"2023-10-21T01:41:30","slug":"pecado-social","status":"publish","type":"post","link":"https:\/\/lospoliticosveracruz.com\/?p=113204","title":{"rendered":"PECADO SOCIAL"},"content":{"rendered":"\n<p><strong>Brenda Caballero<br><\/strong><em>N\u00fameros Rojos<\/em><\/p>\n\n\n\n<p>Yo confieso que he pecado mucho \u2013dijera la oraci\u00f3n\u2013 de palabra, obra y omisi\u00f3n. Confieso que hasta hace unos d\u00edas mis pecados eran capitales: un poco de soberbia, algo de gula, mucho de lujuria y de vez en cuando algo de pereza. Confieso que la envidia no es lo m\u00edo, ni la avaricia, pero s\u00ed alguna vez se ha desatado la ira en m\u00ed.<\/p>\n\n\n\n<figure class=\"wp-block-image size-large\"><a href=\"https:\/\/lospoliticosveracruz.com.mx\/wp-content\/uploads\/2016\/07\/Seguro-Julio-Cerecedo-2.jpg\"><img decoding=\"async\" src=\"https:\/\/lospoliticosveracruz.com.mx\/wp-content\/uploads\/2016\/07\/Seguro-Julio-Cerecedo-2-1024x381.jpg\" alt=\"\" class=\"wp-image-105879\"\/><\/a><\/figure>\n\n\n\n<p><br>Dir\u00e1 usted: \u00bfA qu\u00e9 se debe esa confesi\u00f3n de mis pecados si usted no es sacerdote ni me dar\u00e1 la penitencia? \u00a1Pues al discurso del Presidente, el mismo que dio en su Ma\u00f1anera al sacar a luz el llamado \u201cPecado Social\u201d. S\u00ed\u2026 yo confieso jam\u00e1s haber escuchado a un Presidente hablar de pecados, pero dijeran por all\u00ed: \u00a1Andr\u00e9s Manuel lo volvi\u00f3 a hacer! \u00a1Reparti\u00f3 culpas y hasta pecados!<br>Palabras m\u00e1s, palabras menos, el Presidente dijo: \u201cPrimero decir que es lamentable que estas cosas se est\u00e9n expresando, manifestado, que se den estas protestas, porque es injusto defender privilegios, es pecado social. \u00bfC\u00f3mo se va a defender a quienes viven colmados de extensiones, de privilegios?\u201d Sus palabras fueron en referencia a los que apoyan al Poder Judicial, en relaci\u00f3n a que los Fideicomisos que ascienden alrededor de 15 mil millones de pesos pasen del Consejo de la Judicatura a la Tesorer\u00eda de la Federaci\u00f3n y de all\u00ed sean etiquetados para programas sociales.<br>En la Ma\u00f1anera del martes, L\u00f3pez Obrador hizo que los que est\u00e1n a favor del Poder Judicial ya no sean conservadores, fif\u00eds, aspiracionistas, clasistas, corruptos, hip\u00f3critas, sino \u00a1Pecadores! \u00a1Pecadores sociales!<br>Con el pecado social, AMLO parece recordar al Obispo Gianfranco Girotti que en marzo del 2008 enumer\u00f3 las nuevas actitudes pecaminosas del hombre moderno: Las violaciones bio\u00e9ticas, como la anticoncepci\u00f3n; los experimentos moralmente dudosos, como la investigaci\u00f3n en c\u00e9lulas madre; la drogadicci\u00f3n, contaminar el medio ambiente; contribuir a ampliar la brecha entre los ricos y los pobres; la riqueza excesiva y generar pobreza.<br>Mahatma Gandhi tambi\u00e9n habl\u00f3 en 1925 de los 7 Pecados Sociales: Riqueza sin trabajo, placer sin conciencia, conocimiento sin car\u00e1cter, comercio sin moral, ciencia sin humanidad, religi\u00f3n sin sacrificio y pol\u00edtica sin principios.<br>Aunque viendo ambos, los pecados de Girotti le quedan al Presidente como anillo al dedo para referirse a los que defienden la extinci\u00f3n de los Fideicomisos del Poder Judicial.<br>Al final, seguramente la extinci\u00f3n de los Fideicomisos se ir\u00e1 a la Corte y el Poder Judicial se quedar\u00e1 con ellos, pues de cierto modo sus ahorros como Poder Independiente se van a los Fideicomisos que tienen, fomentando de alguna manera el ahorro y justificando que nadie puede venir a quitarles lo que han ahorrado.<br>Pero este pasaje del Presidente sin duda dejar\u00e1 una espinita en la poblaci\u00f3n que esperaba ese dinero para becas y apoyos sociales, una poblaci\u00f3n que en su mayor\u00eda, como lo dijo el mismo Presidente, gana 45 veces menos que los magistrados; una poblaci\u00f3n que espera m\u00e1s apoyos para vivir, para sacar el gasto o para pensar en satisfacer sus pecados capitales. Sin duda, ha dejado otra polarizaci\u00f3n m\u00e1s que seguramente le redituar\u00e1 en los pr\u00f3ximos comicios a su partido.<br>Mientras tanto, a m\u00ed me dej\u00f3 pensando en tantos pecados que me cargo, pues aparte de los capitales, en mi conciencia pesa la contaminaci\u00f3n al medio ambiente\u2026 Yo Confieso\u2026<\/p>\n\n\n\n<p>correo:caballero_brenda@hotmail.com<br>Twitter: @NumerosRojos_BC<\/p>\n","protected":false},"excerpt":{"rendered":"<p>Brenda CaballeroN\u00fameros Rojos Yo confieso que he pecado mucho \u2013dijera la oraci\u00f3n\u2013 de palabra, obra y omisi\u00f3n. Confieso que hasta hace unos d\u00edas mis pecados eran capitales: un poco de soberbia, algo de gula, mucho de lujuria y de vez en cuando algo de pereza. Confieso que la envidia no es lo m\u00edo, ni la [&hellip;]<\/p>\n","protected":false},"author":2,"featured_media":0,"comment_status":"closed","ping_status":"closed","sticky":false,"template":"","format":"standard","meta":{"tdm_status":"","tdm_grid_status":"","footnotes":""},"categories":[70],"tags":[618,14270,1026,39570],"class_list":{"0":"post-113204","1":"post","2":"type-post","3":"status-publish","4":"format-standard","6":"category-de-opinion","7":"tag-andres-manuel-lopez-obrador","8":"tag-mananera","9":"tag-morena","10":"tag-pecado-social"},"yoast_head":"<!-- This site is optimized with the Yoast SEO plugin v27.4 - https:\/\/yoast.com\/product\/yoast-seo-wordpress\/ -->\n<title>PECADO SOCIAL - Los pol\u00edticos Veracruz<\/title>\n<meta name=\"robots\" content=\"index, follow, max-snippet:-1, max-image-preview:large, max-video-preview:-1\" \/>\n<link rel=\"canonical\" href=\"https:\/\/lospoliticosveracruz.com\/?p=113204\" \/>\n<meta property=\"og:locale\" content=\"es_ES\" \/>\n<meta property=\"og:type\" content=\"article\" \/>\n<meta property=\"og:title\" content=\"PECADO SOCIAL - Los pol\u00edticos Veracruz\" \/>\n<meta property=\"og:description\" content=\"Brenda CaballeroN\u00fameros Rojos Yo confieso que he pecado mucho \u2013dijera la oraci\u00f3n\u2013 de palabra, obra y omisi\u00f3n. Confieso que hasta hace unos d\u00edas mis pecados eran capitales: un poco de soberbia, algo de gula, mucho de lujuria y de vez en cuando algo de pereza. Confieso que la envidia no es lo m\u00edo, ni la [&hellip;]\" \/>\n<meta property=\"og:url\" content=\"https:\/\/lospoliticosveracruz.com\/?p=113204\" \/>\n<meta property=\"og:site_name\" content=\"Los pol\u00edticos Veracruz\" \/>\n<meta property=\"article:publisher\" content=\"https:\/\/www.facebook.com\/people\/Notimemes-de-los-Polticos\/61565672886568\/\" \/>\n<meta property=\"article:published_time\" content=\"2023-10-21T01:41:22+00:00\" \/>\n<meta property=\"article:modified_time\" content=\"2023-10-21T01:41:30+00:00\" \/>\n<meta property=\"og:image\" content=\"https:\/\/lospoliticosveracruz.com.mx\/wp-content\/uploads\/2016\/07\/Seguro-Julio-Cerecedo-2-1024x381.jpg\" \/>\n<meta name=\"author\" content=\"Lo viste en Los Pol\u00edticos\" \/>\n<meta name=\"twitter:card\" content=\"summary_large_image\" \/>\n<meta name=\"twitter:creator\" content=\"@LosPoliticosVer\" \/>\n<meta name=\"twitter:site\" content=\"@LosPoliticosVer\" \/>\n<meta name=\"twitter:label1\" content=\"Escrito por\" \/>\n\t<meta name=\"twitter:data1\" content=\"Lo viste en Los Pol\u00edticos\" \/>\n\t<meta name=\"twitter:label2\" content=\"Tiempo de lectura\" \/>\n\t<meta name=\"twitter:data2\" content=\"3 minutos\" \/>\n<script type=\"application\/ld+json\" class=\"yoast-schema-graph\">{\"@context\":\"https:\\\/\\\/schema.org\",\"@graph\":[{\"@type\":\"Article\",\"@id\":\"https:\\\/\\\/lospoliticosveracruz.com\\\/?p=113204#article\",\"isPartOf\":{\"@id\":\"https:\\\/\\\/lospoliticosveracruz.com\\\/?p=113204\"},\"author\":{\"name\":\"Lo viste en Los Pol\u00edticos\",\"@id\":\"https:\\\/\\\/lospoliticosveracruz.com\\\/#\\\/schema\\\/person\\\/b8702bb0e538456e6efd07080bf2a4a2\"},\"headline\":\"PECADO SOCIAL\",\"datePublished\":\"2023-10-21T01:41:22+00:00\",\"dateModified\":\"2023-10-21T01:41:30+00:00\",\"mainEntityOfPage\":{\"@id\":\"https:\\\/\\\/lospoliticosveracruz.com\\\/?p=113204\"},\"wordCount\":590,\"publisher\":{\"@id\":\"https:\\\/\\\/lospoliticosveracruz.com\\\/#organization\"},\"image\":{\"@id\":\"https:\\\/\\\/lospoliticosveracruz.com\\\/?p=113204#primaryimage\"},\"thumbnailUrl\":\"https:\\\/\\\/lospoliticosveracruz.com.mx\\\/wp-content\\\/uploads\\\/2016\\\/07\\\/Seguro-Julio-Cerecedo-2-1024x381.jpg\",\"keywords\":[\"Andr\u00e9s Manuel L\u00f3pez Obrador\",\"ma\u00f1anera\",\"Morena\",\"Pecado Social\"],\"articleSection\":[\"De Opini\u00f3n\"],\"inLanguage\":\"es\"},{\"@type\":\"WebPage\",\"@id\":\"https:\\\/\\\/lospoliticosveracruz.com\\\/?p=113204\",\"url\":\"https:\\\/\\\/lospoliticosveracruz.com\\\/?p=113204\",\"name\":\"PECADO SOCIAL - Los pol\u00edticos Veracruz\",\"isPartOf\":{\"@id\":\"https:\\\/\\\/lospoliticosveracruz.com\\\/#website\"},\"primaryImageOfPage\":{\"@id\":\"https:\\\/\\\/lospoliticosveracruz.com\\\/?p=113204#primaryimage\"},\"image\":{\"@id\":\"https:\\\/\\\/lospoliticosveracruz.com\\\/?p=113204#primaryimage\"},\"thumbnailUrl\":\"https:\\\/\\\/lospoliticosveracruz.com.mx\\\/wp-content\\\/uploads\\\/2016\\\/07\\\/Seguro-Julio-Cerecedo-2-1024x381.jpg\",\"datePublished\":\"2023-10-21T01:41:22+00:00\",\"dateModified\":\"2023-10-21T01:41:30+00:00\",\"breadcrumb\":{\"@id\":\"https:\\\/\\\/lospoliticosveracruz.com\\\/?p=113204#breadcrumb\"},\"inLanguage\":\"es\",\"potentialAction\":[{\"@type\":\"ReadAction\",\"target\":[\"https:\\\/\\\/lospoliticosveracruz.com\\\/?p=113204\"]}]},{\"@type\":\"ImageObject\",\"inLanguage\":\"es\",\"@id\":\"https:\\\/\\\/lospoliticosveracruz.com\\\/?p=113204#primaryimage\",\"url\":\"https:\\\/\\\/lospoliticosveracruz.com.mx\\\/wp-content\\\/uploads\\\/2016\\\/07\\\/Seguro-Julio-Cerecedo-2-1024x381.jpg\",\"contentUrl\":\"https:\\\/\\\/lospoliticosveracruz.com.mx\\\/wp-content\\\/uploads\\\/2016\\\/07\\\/Seguro-Julio-Cerecedo-2-1024x381.jpg\"},{\"@type\":\"BreadcrumbList\",\"@id\":\"https:\\\/\\\/lospoliticosveracruz.com\\\/?p=113204#breadcrumb\",\"itemListElement\":[{\"@type\":\"ListItem\",\"position\":1,\"name\":\"Portada\",\"item\":\"https:\\\/\\\/lospoliticosveracruz.com\\\/\"},{\"@type\":\"ListItem\",\"position\":2,\"name\":\"PECADO SOCIAL\"}]},{\"@type\":\"WebSite\",\"@id\":\"https:\\\/\\\/lospoliticosveracruz.com\\\/#website\",\"url\":\"https:\\\/\\\/lospoliticosveracruz.com\\\/\",\"name\":\"Los pol\u00edticos Veracruz\",\"description\":\"\",\"publisher\":{\"@id\":\"https:\\\/\\\/lospoliticosveracruz.com\\\/#organization\"},\"potentialAction\":[{\"@type\":\"SearchAction\",\"target\":{\"@type\":\"EntryPoint\",\"urlTemplate\":\"https:\\\/\\\/lospoliticosveracruz.com\\\/?s={search_term_string}\"},\"query-input\":{\"@type\":\"PropertyValueSpecification\",\"valueRequired\":true,\"valueName\":\"search_term_string\"}}],\"inLanguage\":\"es\"},{\"@type\":\"Organization\",\"@id\":\"https:\\\/\\\/lospoliticosveracruz.com\\\/#organization\",\"name\":\"Los pol\u00edticos Veracruz\",\"url\":\"https:\\\/\\\/lospoliticosveracruz.com\\\/\",\"logo\":{\"@type\":\"ImageObject\",\"inLanguage\":\"es\",\"@id\":\"https:\\\/\\\/lospoliticosveracruz.com\\\/#\\\/schema\\\/logo\\\/image\\\/\",\"url\":\"https:\\\/\\\/lospoliticosveracruz.com\\\/wp-content\\\/uploads\\\/2025\\\/12\\\/Logo-Nuevo-LOS-POLITICOS-1.jpg\",\"contentUrl\":\"https:\\\/\\\/lospoliticosveracruz.com\\\/wp-content\\\/uploads\\\/2025\\\/12\\\/Logo-Nuevo-LOS-POLITICOS-1.jpg\",\"width\":260,\"height\":70,\"caption\":\"Los pol\u00edticos Veracruz\"},\"image\":{\"@id\":\"https:\\\/\\\/lospoliticosveracruz.com\\\/#\\\/schema\\\/logo\\\/image\\\/\"},\"sameAs\":[\"https:\\\/\\\/www.facebook.com\\\/people\\\/Notimemes-de-los-Polticos\\\/61565672886568\\\/\",\"https:\\\/\\\/x.com\\\/LosPoliticosVer\"]},{\"@type\":\"Person\",\"@id\":\"https:\\\/\\\/lospoliticosveracruz.com\\\/#\\\/schema\\\/person\\\/b8702bb0e538456e6efd07080bf2a4a2\",\"name\":\"Lo viste en Los Pol\u00edticos\",\"image\":{\"@type\":\"ImageObject\",\"inLanguage\":\"es\",\"@id\":\"https:\\\/\\\/secure.gravatar.com\\\/avatar\\\/3a8de04a2656d44082be478bd6c086daa447c4651605818287b9532d3d0bd435?s=96&d=mm&r=g\",\"url\":\"https:\\\/\\\/secure.gravatar.com\\\/avatar\\\/3a8de04a2656d44082be478bd6c086daa447c4651605818287b9532d3d0bd435?s=96&d=mm&r=g\",\"contentUrl\":\"https:\\\/\\\/secure.gravatar.com\\\/avatar\\\/3a8de04a2656d44082be478bd6c086daa447c4651605818287b9532d3d0bd435?s=96&d=mm&r=g\",\"caption\":\"Lo viste en Los Pol\u00edticos\"},\"url\":\"https:\\\/\\\/lospoliticosveracruz.com\\\/?author=2\"}]}<\/script>\n<!-- \/ Yoast SEO plugin. -->","yoast_head_json":{"title":"PECADO SOCIAL - Los pol\u00edticos Veracruz","robots":{"index":"index","follow":"follow","max-snippet":"max-snippet:-1","max-image-preview":"max-image-preview:large","max-video-preview":"max-video-preview:-1"},"canonical":"https:\/\/lospoliticosveracruz.com\/?p=113204","og_locale":"es_ES","og_type":"article","og_title":"PECADO SOCIAL - Los pol\u00edticos Veracruz","og_description":"Brenda CaballeroN\u00fameros Rojos Yo confieso que he pecado mucho \u2013dijera la oraci\u00f3n\u2013 de palabra, obra y omisi\u00f3n. Confieso que hasta hace unos d\u00edas mis pecados eran capitales: un poco de soberbia, algo de gula, mucho de lujuria y de vez en cuando algo de pereza. Confieso que la envidia no es lo m\u00edo, ni la [&hellip;]","og_url":"https:\/\/lospoliticosveracruz.com\/?p=113204","og_site_name":"Los pol\u00edticos Veracruz","article_publisher":"https:\/\/www.facebook.com\/people\/Notimemes-de-los-Polticos\/61565672886568\/","article_published_time":"2023-10-21T01:41:22+00:00","article_modified_time":"2023-10-21T01:41:30+00:00","og_image":[{"url":"https:\/\/lospoliticosveracruz.com.mx\/wp-content\/uploads\/2016\/07\/Seguro-Julio-Cerecedo-2-1024x381.jpg","type":"","width":"","height":""}],"author":"Lo viste en Los Pol\u00edticos","twitter_card":"summary_large_image","twitter_creator":"@LosPoliticosVer","twitter_site":"@LosPoliticosVer","twitter_misc":{"Escrito por":"Lo viste en Los Pol\u00edticos","Tiempo de lectura":"3 minutos"},"schema":{"@context":"https:\/\/schema.org","@graph":[{"@type":"Article","@id":"https:\/\/lospoliticosveracruz.com\/?p=113204#article","isPartOf":{"@id":"https:\/\/lospoliticosveracruz.com\/?p=113204"},"author":{"name":"Lo viste en Los Pol\u00edticos","@id":"https:\/\/lospoliticosveracruz.com\/#\/schema\/person\/b8702bb0e538456e6efd07080bf2a4a2"},"headline":"PECADO SOCIAL","datePublished":"2023-10-21T01:41:22+00:00","dateModified":"2023-10-21T01:41:30+00:00","mainEntityOfPage":{"@id":"https:\/\/lospoliticosveracruz.com\/?p=113204"},"wordCount":590,"publisher":{"@id":"https:\/\/lospoliticosveracruz.com\/#organization"},"image":{"@id":"https:\/\/lospoliticosveracruz.com\/?p=113204#primaryimage"},"thumbnailUrl":"https:\/\/lospoliticosveracruz.com.mx\/wp-content\/uploads\/2016\/07\/Seguro-Julio-Cerecedo-2-1024x381.jpg","keywords":["Andr\u00e9s Manuel L\u00f3pez Obrador","ma\u00f1anera","Morena","Pecado Social"],"articleSection":["De Opini\u00f3n"],"inLanguage":"es"},{"@type":"WebPage","@id":"https:\/\/lospoliticosveracruz.com\/?p=113204","url":"https:\/\/lospoliticosveracruz.com\/?p=113204","name":"PECADO SOCIAL - Los pol\u00edticos Veracruz","isPartOf":{"@id":"https:\/\/lospoliticosveracruz.com\/#website"},"primaryImageOfPage":{"@id":"https:\/\/lospoliticosveracruz.com\/?p=113204#primaryimage"},"image":{"@id":"https:\/\/lospoliticosveracruz.com\/?p=113204#primaryimage"},"thumbnailUrl":"https:\/\/lospoliticosveracruz.com.mx\/wp-content\/uploads\/2016\/07\/Seguro-Julio-Cerecedo-2-1024x381.jpg","datePublished":"2023-10-21T01:41:22+00:00","dateModified":"2023-10-21T01:41:30+00:00","breadcrumb":{"@id":"https:\/\/lospoliticosveracruz.com\/?p=113204#breadcrumb"},"inLanguage":"es","potentialAction":[{"@type":"ReadAction","target":["https:\/\/lospoliticosveracruz.com\/?p=113204"]}]},{"@type":"ImageObject","inLanguage":"es","@id":"https:\/\/lospoliticosveracruz.com\/?p=113204#primaryimage","url":"https:\/\/lospoliticosveracruz.com.mx\/wp-content\/uploads\/2016\/07\/Seguro-Julio-Cerecedo-2-1024x381.jpg","contentUrl":"https:\/\/lospoliticosveracruz.com.mx\/wp-content\/uploads\/2016\/07\/Seguro-Julio-Cerecedo-2-1024x381.jpg"},{"@type":"BreadcrumbList","@id":"https:\/\/lospoliticosveracruz.com\/?p=113204#breadcrumb","itemListElement":[{"@type":"ListItem","position":1,"name":"Portada","item":"https:\/\/lospoliticosveracruz.com\/"},{"@type":"ListItem","position":2,"name":"PECADO SOCIAL"}]},{"@type":"WebSite","@id":"https:\/\/lospoliticosveracruz.com\/#website","url":"https:\/\/lospoliticosveracruz.com\/","name":"Los pol\u00edticos Veracruz","description":"","publisher":{"@id":"https:\/\/lospoliticosveracruz.com\/#organization"},"potentialAction":[{"@type":"SearchAction","target":{"@type":"EntryPoint","urlTemplate":"https:\/\/lospoliticosveracruz.com\/?s={search_term_string}"},"query-input":{"@type":"PropertyValueSpecification","valueRequired":true,"valueName":"search_term_string"}}],"inLanguage":"es"},{"@type":"Organization","@id":"https:\/\/lospoliticosveracruz.com\/#organization","name":"Los pol\u00edticos Veracruz","url":"https:\/\/lospoliticosveracruz.com\/","logo":{"@type":"ImageObject","inLanguage":"es","@id":"https:\/\/lospoliticosveracruz.com\/#\/schema\/logo\/image\/","url":"https:\/\/lospoliticosveracruz.com\/wp-content\/uploads\/2025\/12\/Logo-Nuevo-LOS-POLITICOS-1.jpg","contentUrl":"https:\/\/lospoliticosveracruz.com\/wp-content\/uploads\/2025\/12\/Logo-Nuevo-LOS-POLITICOS-1.jpg","width":260,"height":70,"caption":"Los pol\u00edticos Veracruz"},"image":{"@id":"https:\/\/lospoliticosveracruz.com\/#\/schema\/logo\/image\/"},"sameAs":["https:\/\/www.facebook.com\/people\/Notimemes-de-los-Polticos\/61565672886568\/","https:\/\/x.com\/LosPoliticosVer"]},{"@type":"Person","@id":"https:\/\/lospoliticosveracruz.com\/#\/schema\/person\/b8702bb0e538456e6efd07080bf2a4a2","name":"Lo viste en Los Pol\u00edticos","image":{"@type":"ImageObject","inLanguage":"es","@id":"https:\/\/secure.gravatar.com\/avatar\/3a8de04a2656d44082be478bd6c086daa447c4651605818287b9532d3d0bd435?s=96&d=mm&r=g","url":"https:\/\/secure.gravatar.com\/avatar\/3a8de04a2656d44082be478bd6c086daa447c4651605818287b9532d3d0bd435?s=96&d=mm&r=g","contentUrl":"https:\/\/secure.gravatar.com\/avatar\/3a8de04a2656d44082be478bd6c086daa447c4651605818287b9532d3d0bd435?s=96&d=mm&r=g","caption":"Lo viste en Los Pol\u00edticos"},"url":"https:\/\/lospoliticosveracruz.com\/?author=2"}]}},"_links":{"self":[{"href":"https:\/\/lospoliticosveracruz.com\/index.php?rest_route=\/wp\/v2\/posts\/113204","targetHints":{"allow":["GET"]}}],"collection":[{"href":"https:\/\/lospoliticosveracruz.com\/index.php?rest_route=\/wp\/v2\/posts"}],"about":[{"href":"https:\/\/lospoliticosveracruz.com\/index.php?rest_route=\/wp\/v2\/types\/post"}],"author":[{"embeddable":true,"href":"https:\/\/lospoliticosveracruz.com\/index.php?rest_route=\/wp\/v2\/users\/2"}],"replies":[{"embeddable":true,"href":"https:\/\/lospoliticosveracruz.com\/index.php?rest_route=%2Fwp%2Fv2%2Fcomments&post=113204"}],"version-history":[{"count":1,"href":"https:\/\/lospoliticosveracruz.com\/index.php?rest_route=\/wp\/v2\/posts\/113204\/revisions"}],"predecessor-version":[{"id":113207,"href":"https:\/\/lospoliticosveracruz.com\/index.php?rest_route=\/wp\/v2\/posts\/113204\/revisions\/113207"}],"wp:attachment":[{"href":"https:\/\/lospoliticosveracruz.com\/index.php?rest_route=%2Fwp%2Fv2%2Fmedia&parent=113204"}],"wp:term":[{"taxonomy":"category","embeddable":true,"href":"https:\/\/lospoliticosveracruz.com\/index.php?rest_route=%2Fwp%2Fv2%2Fcategories&post=113204"},{"taxonomy":"post_tag","embeddable":true,"href":"https:\/\/lospoliticosveracruz.com\/index.php?rest_route=%2Fwp%2Fv2%2Ftags&post=113204"}],"curies":[{"name":"wp","href":"https:\/\/api.w.org\/{rel}","templated":true}]}}