{"id":113239,"date":"2023-10-21T19:40:34","date_gmt":"2023-10-22T00:40:34","guid":{"rendered":"https:\/\/lospoliticosveracruz.com.mx\/?p=113239"},"modified":"2023-10-21T19:40:39","modified_gmt":"2023-10-22T00:40:39","slug":"el-cancer-de-mama-desde-la-vision-del-cirujano","status":"publish","type":"post","link":"https:\/\/lospoliticosveracruz.com\/?p=113239","title":{"rendered":"EL C\u00c1NCER DE MAMA DESDE LA VISI\u00d3N DEL CIRUJANO"},"content":{"rendered":"\n<p><\/p>\n\n\n\n<p>Detr\u00e1s del c\u00e1ncer se tejen mitos, los que muchos de ellos generan incertidumbre y miedo, como por ejemplo, creer que con el diagn\u00f3stico implica ya perder el \u00f3rgano o que la quimioterapia significa \u00abya no tener remedio\u00bb, o que la radio y la quimioterapia sean dolorosas\u2026 vamos, en pocas palabras, explica el Cirujano Onc\u00f3logo Rub\u00e9n Alvarado Arenas, \u00abel diagn\u00f3stico de C\u00e1ncer de Mama no significa que voy a morir\u00bb.<br>Esta visi\u00f3n, basada en el conocimiento y experiencia del doctor Rub\u00e9n Alvarado Arenas, es la que se expone durante la reuni\u00f3n h\u00edbrida del Grupo Juntas Venciendo el C\u00e1ncer (Juvecan) Coatepec, celebrada este s\u00e1bado, en el marco del \u00abD\u00eda Internacional de la Lucha contra el C\u00e1ncer de Mama\u00bb.<br>El doctor Rub\u00e9n Alvrado, M\u00e9dico Cirujano Onc\u00f3logo, con especialidad en Cirug\u00eda General por la Unidad M\u00e9dica de Alta Especialidad #14 del IMSS Veracruz y Subespecialidad en Cirug\u00eda Oncol\u00f3gica en el Centro M\u00e9dico Nacional Adolfo Ruiz Cortines del IMSS, es el encargado de tratar el tema \u00abC\u00e1ncer de Mama desde la visi\u00f3n del Cirujano Onc\u00f3logo\u00bb.<br>Inicia el Cirujano Onc\u00f3logo dando a conocer el punto de vista quir\u00fargico, analizando qu\u00e9 tan ben\u00e9fico es el tratamiento adecu\u00e1ndolo al diagn\u00f3stico con la revisi\u00f3n de los factores de riesgo y una serie de estudios \u00fatiles e indispensables para tomar una decisi\u00f3n.<br>Informa a las integrantes de Juvecan sobre los datos estad\u00edsticos que hablan del aumento en los casos de C\u00e1ncer de Mama en mujeres mientras que en el hombre se presenta solo en 1 por cada 100 mujeres.<br>Sobre los mitos creados alrededor de la enfermedad, cita varios ejemplos, como el que s\u00f3lo las mujeres tienen riesgo de padecer el c\u00e1ncer de mama.<br>Otro mito es creer que el c\u00e1ncer de mama s\u00f3lo afecta a mujeres mayores de 50 a\u00f1os, cuando hay el registro en j\u00f3venes entre 22 y 24 a\u00f1os y a\u00fan menores, siendo la edad pico entre los 45 a 60 a\u00f1os.<br>Alvarado Arenas dice que para que el c\u00e1ncer de mama se presente, depende de varios factores como los familiares, predisposici\u00f3n gen\u00e9tica, factores hormonales, enfermedad mamaria benigna, factores ambientales, densidad mamaria, dieta y estilo de vida.<br>El doctor Alvarado recuerda que el riesgo aumenta 1.5 a 3 veces al tener un familiar en primer grado con c\u00e1ncer de mama y que a mayor n\u00famero de familiares afectados, mayor riesgo ya que 2 de cada 10 tienen origen gen\u00e9tico.<br>Agrega otro mito: el uso de desodorante y sost\u00e9n con varillas, los cuales no tienen que ver con la presencia de c\u00e1ncer de mama.<br>Confirma que la lactancia protege contra el c\u00e1ncer de mama y que \u00e9ste no est\u00e1 relacionado con la menopausia, adem\u00e1s de que el c\u00e1ncer de mama no da s\u00edntomas y hacerse la mastograf\u00eda tampoco incrementa el riesgo de padecerlo.<br>Muestra a las guerreras de Juvecan im\u00e1genes cl\u00ednicas de c\u00e1ncer de mama en diferentes etapas e im\u00e1genes de mastograf\u00eda y ultrasonido de lesiones benignas y malignas.<br>El doctor Alvarado dice que la biopsia se debe hacer s\u00f3lo mediante cirug\u00eda o con aguja de corte (biopsia trucut) pero nunca por aspiraci\u00f3n con aguja fina.<br>Actualmente el tener diagn\u00f3stico de c\u00e1ncer de mama no significa dar por perdido el \u00f3rgano ya que existen diferentes t\u00e9cnicas quir\u00fargicas y reconstructivas que se pueden practicar de acuerdo con cada caso.<br>Hay la creencia de que la quimioterapia significa ya no tener remedio, lo cual es totalmente falso, as\u00ed como que la radio y la quimioterapia sean dolorosas.<br>En pocas palabras, el diagn\u00f3stico de c\u00e1ncer de nama no es una sentencia de muerte.<br>Se hacen muchas preguntas y se ventilan dudas y experiencias que el ponente escucha con atenci\u00f3n y responde.<br>Se agredece al doctor Rub\u00e9n Alvarado Arenas por su excelente pl\u00e1tica y se le despide con un nutrido aplauso.<\/p>\n","protected":false},"excerpt":{"rendered":"<p>Detr\u00e1s del c\u00e1ncer se tejen mitos, los que muchos de ellos generan incertidumbre y miedo, como por ejemplo, creer que con el diagn\u00f3stico implica ya perder el \u00f3rgano o que la quimioterapia significa \u00abya no tener remedio\u00bb, o que la radio y la quimioterapia sean dolorosas\u2026 vamos, en pocas palabras, explica el Cirujano Onc\u00f3logo Rub\u00e9n [&hellip;]<\/p>\n","protected":false},"author":2,"featured_media":0,"comment_status":"closed","ping_status":"closed","sticky":false,"template":"","format":"standard","meta":{"tdm_status":"","tdm_grid_status":"","footnotes":""},"categories":[72],"tags":[4884,39578,6046],"class_list":{"0":"post-113239","1":"post","2":"type-post","3":"status-publish","4":"format-standard","6":"category-palomazos","7":"tag-cancer-de-mama","8":"tag-cirujano-oncologo-ruben-alvarado-arenas","9":"tag-juvecan"},"yoast_head":"<!-- This site is optimized with the Yoast SEO plugin v27.4 - https:\/\/yoast.com\/product\/yoast-seo-wordpress\/ -->\n<title>EL C\u00c1NCER DE MAMA DESDE LA VISI\u00d3N DEL CIRUJANO - Los pol\u00edticos Veracruz<\/title>\n<meta name=\"robots\" content=\"index, follow, max-snippet:-1, max-image-preview:large, max-video-preview:-1\" \/>\n<link rel=\"canonical\" href=\"https:\/\/lospoliticosveracruz.com\/?p=113239\" \/>\n<meta property=\"og:locale\" content=\"es_ES\" \/>\n<meta property=\"og:type\" content=\"article\" \/>\n<meta property=\"og:title\" content=\"EL C\u00c1NCER DE MAMA DESDE LA VISI\u00d3N DEL CIRUJANO - Los pol\u00edticos Veracruz\" \/>\n<meta property=\"og:description\" content=\"Detr\u00e1s del c\u00e1ncer se tejen mitos, los que muchos de ellos generan incertidumbre y miedo, como por ejemplo, creer que con el diagn\u00f3stico implica ya perder el \u00f3rgano o que la quimioterapia significa \u00abya no tener remedio\u00bb, o que la radio y la quimioterapia sean dolorosas\u2026 vamos, en pocas palabras, explica el Cirujano Onc\u00f3logo Rub\u00e9n [&hellip;]\" \/>\n<meta property=\"og:url\" content=\"https:\/\/lospoliticosveracruz.com\/?p=113239\" \/>\n<meta property=\"og:site_name\" content=\"Los pol\u00edticos Veracruz\" \/>\n<meta property=\"article:publisher\" content=\"https:\/\/www.facebook.com\/people\/Notimemes-de-los-Polticos\/61565672886568\/\" \/>\n<meta property=\"article:published_time\" content=\"2023-10-22T00:40:34+00:00\" \/>\n<meta property=\"article:modified_time\" content=\"2023-10-22T00:40:39+00:00\" \/>\n<meta property=\"og:image\" content=\"https:\/\/lospoliticosveracruz.com\/wp-content\/uploads\/2016\/07\/Logo-Dor.jpg\" \/>\n\t<meta property=\"og:image:width\" content=\"200\" \/>\n\t<meta property=\"og:image:height\" content=\"200\" \/>\n\t<meta property=\"og:image:type\" content=\"image\/jpeg\" \/>\n<meta name=\"author\" content=\"Lo viste en Los Pol\u00edticos\" \/>\n<meta name=\"twitter:card\" content=\"summary_large_image\" \/>\n<meta name=\"twitter:creator\" content=\"@LosPoliticosVer\" \/>\n<meta name=\"twitter:site\" content=\"@LosPoliticosVer\" \/>\n<meta name=\"twitter:label1\" content=\"Escrito por\" \/>\n\t<meta name=\"twitter:data1\" content=\"Lo viste en Los Pol\u00edticos\" \/>\n\t<meta name=\"twitter:label2\" content=\"Tiempo de lectura\" \/>\n\t<meta name=\"twitter:data2\" content=\"3 minutos\" \/>\n<script type=\"application\/ld+json\" class=\"yoast-schema-graph\">{\"@context\":\"https:\\\/\\\/schema.org\",\"@graph\":[{\"@type\":\"Article\",\"@id\":\"https:\\\/\\\/lospoliticosveracruz.com\\\/?p=113239#article\",\"isPartOf\":{\"@id\":\"https:\\\/\\\/lospoliticosveracruz.com\\\/?p=113239\"},\"author\":{\"name\":\"Lo viste en Los Pol\u00edticos\",\"@id\":\"https:\\\/\\\/lospoliticosveracruz.com\\\/#\\\/schema\\\/person\\\/b8702bb0e538456e6efd07080bf2a4a2\"},\"headline\":\"EL C\u00c1NCER DE MAMA DESDE LA VISI\u00d3N DEL CIRUJANO\",\"datePublished\":\"2023-10-22T00:40:34+00:00\",\"dateModified\":\"2023-10-22T00:40:39+00:00\",\"mainEntityOfPage\":{\"@id\":\"https:\\\/\\\/lospoliticosveracruz.com\\\/?p=113239\"},\"wordCount\":692,\"publisher\":{\"@id\":\"https:\\\/\\\/lospoliticosveracruz.com\\\/#organization\"},\"keywords\":[\"c\u00e1ncer de mama\",\"Cirujano Onc\u00f3logo Rub\u00e9n Alvarado Arenas\",\"Juvecan\"],\"articleSection\":[\"Palomazos\"],\"inLanguage\":\"es\"},{\"@type\":\"WebPage\",\"@id\":\"https:\\\/\\\/lospoliticosveracruz.com\\\/?p=113239\",\"url\":\"https:\\\/\\\/lospoliticosveracruz.com\\\/?p=113239\",\"name\":\"EL C\u00c1NCER DE MAMA DESDE LA VISI\u00d3N DEL CIRUJANO - Los pol\u00edticos Veracruz\",\"isPartOf\":{\"@id\":\"https:\\\/\\\/lospoliticosveracruz.com\\\/#website\"},\"datePublished\":\"2023-10-22T00:40:34+00:00\",\"dateModified\":\"2023-10-22T00:40:39+00:00\",\"breadcrumb\":{\"@id\":\"https:\\\/\\\/lospoliticosveracruz.com\\\/?p=113239#breadcrumb\"},\"inLanguage\":\"es\",\"potentialAction\":[{\"@type\":\"ReadAction\",\"target\":[\"https:\\\/\\\/lospoliticosveracruz.com\\\/?p=113239\"]}]},{\"@type\":\"BreadcrumbList\",\"@id\":\"https:\\\/\\\/lospoliticosveracruz.com\\\/?p=113239#breadcrumb\",\"itemListElement\":[{\"@type\":\"ListItem\",\"position\":1,\"name\":\"Portada\",\"item\":\"https:\\\/\\\/lospoliticosveracruz.com\\\/\"},{\"@type\":\"ListItem\",\"position\":2,\"name\":\"EL C\u00c1NCER DE MAMA DESDE LA VISI\u00d3N DEL CIRUJANO\"}]},{\"@type\":\"WebSite\",\"@id\":\"https:\\\/\\\/lospoliticosveracruz.com\\\/#website\",\"url\":\"https:\\\/\\\/lospoliticosveracruz.com\\\/\",\"name\":\"Los pol\u00edticos Veracruz\",\"description\":\"\",\"publisher\":{\"@id\":\"https:\\\/\\\/lospoliticosveracruz.com\\\/#organization\"},\"potentialAction\":[{\"@type\":\"SearchAction\",\"target\":{\"@type\":\"EntryPoint\",\"urlTemplate\":\"https:\\\/\\\/lospoliticosveracruz.com\\\/?s={search_term_string}\"},\"query-input\":{\"@type\":\"PropertyValueSpecification\",\"valueRequired\":true,\"valueName\":\"search_term_string\"}}],\"inLanguage\":\"es\"},{\"@type\":\"Organization\",\"@id\":\"https:\\\/\\\/lospoliticosveracruz.com\\\/#organization\",\"name\":\"Los pol\u00edticos Veracruz\",\"url\":\"https:\\\/\\\/lospoliticosveracruz.com\\\/\",\"logo\":{\"@type\":\"ImageObject\",\"inLanguage\":\"es\",\"@id\":\"https:\\\/\\\/lospoliticosveracruz.com\\\/#\\\/schema\\\/logo\\\/image\\\/\",\"url\":\"https:\\\/\\\/lospoliticosveracruz.com\\\/wp-content\\\/uploads\\\/2025\\\/12\\\/Logo-Nuevo-LOS-POLITICOS-1.jpg\",\"contentUrl\":\"https:\\\/\\\/lospoliticosveracruz.com\\\/wp-content\\\/uploads\\\/2025\\\/12\\\/Logo-Nuevo-LOS-POLITICOS-1.jpg\",\"width\":260,\"height\":70,\"caption\":\"Los pol\u00edticos Veracruz\"},\"image\":{\"@id\":\"https:\\\/\\\/lospoliticosveracruz.com\\\/#\\\/schema\\\/logo\\\/image\\\/\"},\"sameAs\":[\"https:\\\/\\\/www.facebook.com\\\/people\\\/Notimemes-de-los-Polticos\\\/61565672886568\\\/\",\"https:\\\/\\\/x.com\\\/LosPoliticosVer\"]},{\"@type\":\"Person\",\"@id\":\"https:\\\/\\\/lospoliticosveracruz.com\\\/#\\\/schema\\\/person\\\/b8702bb0e538456e6efd07080bf2a4a2\",\"name\":\"Lo viste en Los Pol\u00edticos\",\"image\":{\"@type\":\"ImageObject\",\"inLanguage\":\"es\",\"@id\":\"https:\\\/\\\/secure.gravatar.com\\\/avatar\\\/3a8de04a2656d44082be478bd6c086daa447c4651605818287b9532d3d0bd435?s=96&d=mm&r=g\",\"url\":\"https:\\\/\\\/secure.gravatar.com\\\/avatar\\\/3a8de04a2656d44082be478bd6c086daa447c4651605818287b9532d3d0bd435?s=96&d=mm&r=g\",\"contentUrl\":\"https:\\\/\\\/secure.gravatar.com\\\/avatar\\\/3a8de04a2656d44082be478bd6c086daa447c4651605818287b9532d3d0bd435?s=96&d=mm&r=g\",\"caption\":\"Lo viste en Los Pol\u00edticos\"},\"url\":\"https:\\\/\\\/lospoliticosveracruz.com\\\/?author=2\"}]}<\/script>\n<!-- \/ Yoast SEO plugin. -->","yoast_head_json":{"title":"EL C\u00c1NCER DE MAMA DESDE LA VISI\u00d3N DEL CIRUJANO - Los pol\u00edticos Veracruz","robots":{"index":"index","follow":"follow","max-snippet":"max-snippet:-1","max-image-preview":"max-image-preview:large","max-video-preview":"max-video-preview:-1"},"canonical":"https:\/\/lospoliticosveracruz.com\/?p=113239","og_locale":"es_ES","og_type":"article","og_title":"EL C\u00c1NCER DE MAMA DESDE LA VISI\u00d3N DEL CIRUJANO - Los pol\u00edticos Veracruz","og_description":"Detr\u00e1s del c\u00e1ncer se tejen mitos, los que muchos de ellos generan incertidumbre y miedo, como por ejemplo, creer que con el diagn\u00f3stico implica ya perder el \u00f3rgano o que la quimioterapia significa \u00abya no tener remedio\u00bb, o que la radio y la quimioterapia sean dolorosas\u2026 vamos, en pocas palabras, explica el Cirujano Onc\u00f3logo Rub\u00e9n [&hellip;]","og_url":"https:\/\/lospoliticosveracruz.com\/?p=113239","og_site_name":"Los pol\u00edticos Veracruz","article_publisher":"https:\/\/www.facebook.com\/people\/Notimemes-de-los-Polticos\/61565672886568\/","article_published_time":"2023-10-22T00:40:34+00:00","article_modified_time":"2023-10-22T00:40:39+00:00","og_image":[{"width":200,"height":200,"url":"https:\/\/lospoliticosveracruz.com\/wp-content\/uploads\/2016\/07\/Logo-Dor.jpg","type":"image\/jpeg"}],"author":"Lo viste en Los Pol\u00edticos","twitter_card":"summary_large_image","twitter_creator":"@LosPoliticosVer","twitter_site":"@LosPoliticosVer","twitter_misc":{"Escrito por":"Lo viste en Los Pol\u00edticos","Tiempo de lectura":"3 minutos"},"schema":{"@context":"https:\/\/schema.org","@graph":[{"@type":"Article","@id":"https:\/\/lospoliticosveracruz.com\/?p=113239#article","isPartOf":{"@id":"https:\/\/lospoliticosveracruz.com\/?p=113239"},"author":{"name":"Lo viste en Los Pol\u00edticos","@id":"https:\/\/lospoliticosveracruz.com\/#\/schema\/person\/b8702bb0e538456e6efd07080bf2a4a2"},"headline":"EL C\u00c1NCER DE MAMA DESDE LA VISI\u00d3N DEL CIRUJANO","datePublished":"2023-10-22T00:40:34+00:00","dateModified":"2023-10-22T00:40:39+00:00","mainEntityOfPage":{"@id":"https:\/\/lospoliticosveracruz.com\/?p=113239"},"wordCount":692,"publisher":{"@id":"https:\/\/lospoliticosveracruz.com\/#organization"},"keywords":["c\u00e1ncer de mama","Cirujano Onc\u00f3logo Rub\u00e9n Alvarado Arenas","Juvecan"],"articleSection":["Palomazos"],"inLanguage":"es"},{"@type":"WebPage","@id":"https:\/\/lospoliticosveracruz.com\/?p=113239","url":"https:\/\/lospoliticosveracruz.com\/?p=113239","name":"EL C\u00c1NCER DE MAMA DESDE LA VISI\u00d3N DEL CIRUJANO - Los pol\u00edticos Veracruz","isPartOf":{"@id":"https:\/\/lospoliticosveracruz.com\/#website"},"datePublished":"2023-10-22T00:40:34+00:00","dateModified":"2023-10-22T00:40:39+00:00","breadcrumb":{"@id":"https:\/\/lospoliticosveracruz.com\/?p=113239#breadcrumb"},"inLanguage":"es","potentialAction":[{"@type":"ReadAction","target":["https:\/\/lospoliticosveracruz.com\/?p=113239"]}]},{"@type":"BreadcrumbList","@id":"https:\/\/lospoliticosveracruz.com\/?p=113239#breadcrumb","itemListElement":[{"@type":"ListItem","position":1,"name":"Portada","item":"https:\/\/lospoliticosveracruz.com\/"},{"@type":"ListItem","position":2,"name":"EL C\u00c1NCER DE MAMA DESDE LA VISI\u00d3N DEL CIRUJANO"}]},{"@type":"WebSite","@id":"https:\/\/lospoliticosveracruz.com\/#website","url":"https:\/\/lospoliticosveracruz.com\/","name":"Los pol\u00edticos Veracruz","description":"","publisher":{"@id":"https:\/\/lospoliticosveracruz.com\/#organization"},"potentialAction":[{"@type":"SearchAction","target":{"@type":"EntryPoint","urlTemplate":"https:\/\/lospoliticosveracruz.com\/?s={search_term_string}"},"query-input":{"@type":"PropertyValueSpecification","valueRequired":true,"valueName":"search_term_string"}}],"inLanguage":"es"},{"@type":"Organization","@id":"https:\/\/lospoliticosveracruz.com\/#organization","name":"Los pol\u00edticos Veracruz","url":"https:\/\/lospoliticosveracruz.com\/","logo":{"@type":"ImageObject","inLanguage":"es","@id":"https:\/\/lospoliticosveracruz.com\/#\/schema\/logo\/image\/","url":"https:\/\/lospoliticosveracruz.com\/wp-content\/uploads\/2025\/12\/Logo-Nuevo-LOS-POLITICOS-1.jpg","contentUrl":"https:\/\/lospoliticosveracruz.com\/wp-content\/uploads\/2025\/12\/Logo-Nuevo-LOS-POLITICOS-1.jpg","width":260,"height":70,"caption":"Los pol\u00edticos Veracruz"},"image":{"@id":"https:\/\/lospoliticosveracruz.com\/#\/schema\/logo\/image\/"},"sameAs":["https:\/\/www.facebook.com\/people\/Notimemes-de-los-Polticos\/61565672886568\/","https:\/\/x.com\/LosPoliticosVer"]},{"@type":"Person","@id":"https:\/\/lospoliticosveracruz.com\/#\/schema\/person\/b8702bb0e538456e6efd07080bf2a4a2","name":"Lo viste en Los Pol\u00edticos","image":{"@type":"ImageObject","inLanguage":"es","@id":"https:\/\/secure.gravatar.com\/avatar\/3a8de04a2656d44082be478bd6c086daa447c4651605818287b9532d3d0bd435?s=96&d=mm&r=g","url":"https:\/\/secure.gravatar.com\/avatar\/3a8de04a2656d44082be478bd6c086daa447c4651605818287b9532d3d0bd435?s=96&d=mm&r=g","contentUrl":"https:\/\/secure.gravatar.com\/avatar\/3a8de04a2656d44082be478bd6c086daa447c4651605818287b9532d3d0bd435?s=96&d=mm&r=g","caption":"Lo viste en Los Pol\u00edticos"},"url":"https:\/\/lospoliticosveracruz.com\/?author=2"}]}},"_links":{"self":[{"href":"https:\/\/lospoliticosveracruz.com\/index.php?rest_route=\/wp\/v2\/posts\/113239","targetHints":{"allow":["GET"]}}],"collection":[{"href":"https:\/\/lospoliticosveracruz.com\/index.php?rest_route=\/wp\/v2\/posts"}],"about":[{"href":"https:\/\/lospoliticosveracruz.com\/index.php?rest_route=\/wp\/v2\/types\/post"}],"author":[{"embeddable":true,"href":"https:\/\/lospoliticosveracruz.com\/index.php?rest_route=\/wp\/v2\/users\/2"}],"replies":[{"embeddable":true,"href":"https:\/\/lospoliticosveracruz.com\/index.php?rest_route=%2Fwp%2Fv2%2Fcomments&post=113239"}],"version-history":[{"count":1,"href":"https:\/\/lospoliticosveracruz.com\/index.php?rest_route=\/wp\/v2\/posts\/113239\/revisions"}],"predecessor-version":[{"id":113241,"href":"https:\/\/lospoliticosveracruz.com\/index.php?rest_route=\/wp\/v2\/posts\/113239\/revisions\/113241"}],"wp:attachment":[{"href":"https:\/\/lospoliticosveracruz.com\/index.php?rest_route=%2Fwp%2Fv2%2Fmedia&parent=113239"}],"wp:term":[{"taxonomy":"category","embeddable":true,"href":"https:\/\/lospoliticosveracruz.com\/index.php?rest_route=%2Fwp%2Fv2%2Fcategories&post=113239"},{"taxonomy":"post_tag","embeddable":true,"href":"https:\/\/lospoliticosveracruz.com\/index.php?rest_route=%2Fwp%2Fv2%2Ftags&post=113239"}],"curies":[{"name":"wp","href":"https:\/\/api.w.org\/{rel}","templated":true}]}}