{"id":113242,"date":"2023-10-21T20:21:43","date_gmt":"2023-10-22T01:21:43","guid":{"rendered":"https:\/\/lospoliticosveracruz.com.mx\/?p=113242"},"modified":"2023-10-21T20:21:54","modified_gmt":"2023-10-22T01:21:54","slug":"manuel-huerta","status":"publish","type":"post","link":"https:\/\/lospoliticosveracruz.com\/?p=113242","title":{"rendered":"MANUEL HUERTA"},"content":{"rendered":"\n<p><\/p>\n\n\n\n<p><\/p>\n\n\n\n<p><strong>Jos\u00e9 Luis Ortega Vidal<\/strong><br><em>Claroscuros \/ Parte II<\/em><\/p>\n\n\n\n<p><strong>Oluta<\/strong><br>Unos cien olutecos arribaron muy temprano -antes de las 13:30, hora de la cita- para recibir al ex delegado de BIENESTAR, Manuel Huerta Ladr\u00f3n de Guevara, que se baj\u00f3 de su camioneta a las 14:10 horas y expuso su discurso de treinta minutos ante los mismos cien olutecos.<br>Entre reporteros, organizadores y ayudantes sumaban unas veinticinco personas bajo el domo junto a la iglesia de San Juan, en la llamada cuna de La Malinche.<br>La estrategia de Huerta Ladr\u00f3n de Guevara es muy diferente a la de Roc\u00edo Nahle; es una suerte de r\u00e9plica de los recorridos de Andr\u00e9s Manuel L\u00f3pez Obrador despu\u00e9s de perder los comicios del 2012 y continuar -firme- en la tercera b\u00fasqueda por la silla presidencial: a ras de suelo\u2026<br>Huerta le apuesta al dialogo directo y no a las concentraciones masivas.<br>Nahle est\u00e1 encabezando concentraciones de cientos y de miles, como tambi\u00e9n lo lleg\u00f3 a realizar AMLO en algunos momentos de su carrera hacia el poder.<br>Tomemos en cuenta un punto: el treinta de octubre MORENA har\u00e1 su encuesta y surgir\u00e1 el nombre del precandidato por Veracruz.<br>Faltan ocho d\u00edas para ese momento y mientras Manuel Huerta ha recorrido Veracruz durante cinco a\u00f1os a trav\u00e9s del programa BIENESTAR, Roc\u00edo Nahle desarroll\u00f3 du trabajo en el plano nacional\u2026<br>Hay otro elemento com\u00fan entre Huerta Ladr\u00f3n de Guevara y AMLO: el discurso cr\u00edtico para quienes est\u00e1n en el poder.<br>S\u00f3lo que L\u00f3pez Obrador criticaba a los del PRI y a los del PAN y luego otra vez a los del PRI, mientras que Manuel Huerta critica -con fuerza verbal y contundencia argumentativa- a MORENA, concretamente al gobernador Cuitl\u00e1huac Garc\u00eda Jim\u00e9nez.<br>Es curioso porque seis a\u00f1os atr\u00e1s Huerta apoy\u00f3 para el arribo de MORENA al poder estatal veracruzano y hoy critica el trabajo de MORENA en el poder estatal veracruzano\u2026<br>No deja de sorprender esta postura dado que Ladr\u00f3n de Guevara quiere ocupar el poder estatal veracruzano.<br>Adem\u00e1s, resulta que Cuitl\u00e1huac Garc\u00eda Jim\u00e9nez es un gobernador apoyado y respaldado por el presidente L\u00f3pez Obrador a quien el ex delegado de Bienestar pone como ejemplo a seguir y como cabeza de un gobierno exitoso.<br>Algo no cuadra: porque si AMLO avala a Cuitl\u00e1huac, c\u00f3mo es que Huerta pone de ejemplo al presidente y se le va a la yugular al ocupante de la silla que \u00e9l busca.<br>Hay otro detalle: Huerta critica desde sus redes sociales y en sus giras a Roc\u00edo Nahle, su rival en la b\u00fasqueda de la candidatura por la gubernatura de Veracruz, quien tambi\u00e9n es apoyada por Andr\u00e9s Manuel y Cuitl\u00e1huac.<br>Este reportero le pregunt\u00f3 a Manuel Huerta: \u00bfSi no le dan la candidatura por la gubernatura se ve usted como candidato a Senador o Diputado?<\/p>\n\n\n\n<h2 class=\"wp-block-heading\">&#8211; No, respondi\u00f3 -tajante- Manuel Huerta.<\/h2>\n\n\n\n<p>El hombre va por la gubernatura y no anuncia postura alguna de negociaci\u00f3n por otro cargo\u2026<br>En fin.<br>Por cierto, el orador, animador y parte del equipo organizador del evento fue el ex alcalde de Oluta, profesor Ricardo Alem\u00e1n, padre de la s\u00edndica \u00fanica Mar\u00eda Alem\u00e1n, quien tom\u00f3 parte de la f\u00f3rmula ganadora del Movimiento Ciudadano en los comicios locales del 2021.<\/p>\n\n\n\n<p>El diablo est\u00e1 en los detalles<\/p>\n\n\n\n<ul class=\"wp-block-list\">\n<li>El gobierno de Cuitl\u00e1huac Garc\u00eda Jim\u00e9nez intent\u00f3 quitarlo del cargo; desde\u00f1\u00f3 su liderazgo y lo subestim\u00f3.<br>Ahora, desde el c\u00edrculo central de mando de Roc\u00edo Nahle buscan un acercamiento con Jacob Abel Velasco Casarrubias, presidente de la Uni\u00f3n Ganadera Local del Sur de Veracruz.<br>Nativo del estado de Guerrero, vecino del municipio de Jes\u00fas Carranza y l\u00edder sempiterno de la UGRSV desde que el viejo cacique Heliodoro Merl\u00edn Alor sufri\u00f3 una jubilaci\u00f3n pol\u00edtica forzada, Velasco Casarrubias representa a m\u00e1s de 30 mil ganaderos del sur veracruzano.<br>No los dirige en t\u00e9rminos de simpat\u00edas electorales porque la UGRSV no es un partido sino un organismo privado de productores pecuarios donde las simpat\u00edas pol\u00edticas corren su propio camino, pero de que influye, influye\u2026<\/li>\n\n\n\n<li>La ausencia de Marcos Mart\u00ednez Amador en el evento de Roc\u00edo Nahle la tarde del viernes en Acayucan, se debe al roce pol\u00edtico entre el diputado local y el grupo Hueyapan que encabeza Juan Javier G\u00f3mez Cazar\u00edn.<br>De hecho, don Juan G\u00f3mez, \u201cJuan Yona\u201d como se le conoce popularmente al alcalde de Hueyapan y padre del presidente de la JUCOPO en el Congreso local, no quiere ver a Marcos ni en fotograf\u00eda y la causa es m\u00e1s a\u00f1eja y profunda que el respaldo de Mart\u00ednez Amador a Marcelo Ebrard.<br>El caso es que no hubo figuras pol\u00edticas locales en el evento de Nahle Garc\u00eda en Acayucan.<br>La maestra Deisy Juan Antonio tampoco acudi\u00f3 y su caso nos remite a Erick Patrocinio Cisneros Burgos, con quien la ex diputada local es identificada dentro de MORENA.<\/li>\n\n\n\n<li>En Tres Valles, la tarde de este s\u00e1bado, la gira de Roc\u00edo Nahle fue coordinara por Margarita Corro, diputada y nativa de Tierra Blanca. Tambi\u00e9n acudi\u00f3 el diputade Kin Dur\u00e1n Chincoya, adem\u00e1s de Liliana Castro Mu\u00f1oz, de Ciudad Isla.<br>En Tres Valles gobierna la alcaldesa Zulema del Carmen Aguilar Garc\u00eda, operadora de Erick Patrocinio Cisneros Burgos.<br>La edil no desafi\u00f3 a su padrino pol\u00edtico y no acudi\u00f3 al acto, pero su hermano Uziel Aguilar Garc\u00eda s\u00ed lo hizo apoyado por empleados del Ayuntamiento y gente del equipo de la familia en el poder local.<br>Desde Otatitl\u00e1n acudi\u00f3 gente del pueblo movilizada por organizaciones como de MCM y UT, de Eleazar Guerrero.<br>Esto fue un golpe al coraz\u00f3n de la negritud, porque el ex secretario de Gobierno no s\u00f3lo presume ser nativo de la tierra del Cristo Negro, sino ser amo y se\u00f1or de la cuenca del Papaloapan.<br>No acudi\u00f3 Felipe Castro Gir\u00f3n, Consejero Estatal de MORENA, pero se not\u00f3 la presencia de Javier Herrera Borunda, aspirante a una senadur\u00eda por el Partido Verde Ecologista de M\u00e9xico, aliado de los morenos.<\/li>\n\n\n\n<li>Tres Valles fue rescatado por el gobierno del Estado a sangre y fuego -literal- y mientras en materia de seguridad operaron las fuerzas armadas estatales y federales, en lo pol\u00edtico el trabajo estuvo en manos de Erick Patrocinio Cisneros.<br>Frente a ese logro, ocurrieron despu\u00e9s los operativos de Cisneros Burgos por brincarse a todos sus rivales, a los que ten\u00eda y a los que \u00e9l fue creando, como Roc\u00edo Nahle, al grado de atacar a la ex titular de SENER y considerarse el sucesor obligado del actual gobernador.<\/li>\n\n\n\n<li>Este s\u00e1bado, desde Otatitl\u00e1n hasta Tres Valles, Ciudad Isla y Tierra Blanca, le demostraron de qu\u00e9 lado masca la iguana.<\/li>\n\n\n\n<li>Por la ma\u00f1ana, Roc\u00edo Nahle estuvo en San Andr\u00e9s Tuxtla, cabecera distrital federal y estatal, donde la influencia del grupo Hueyapan se ve, se siente; opera y oper\u00f3 la gira sabatina.<\/li>\n\n\n\n<li>Este domingo, en Coatzacoalcos, el trabajo a favor de Nahle corre a cargo de Amado Cruz Malpica y por la tarde, en Minatitl\u00e1n, veremos a quien le encargaron el trabajo y cu\u00e1l es la reacci\u00f3n de los huelguistas en el Ayuntamiento\u2026<\/li>\n<\/ul>\n","protected":false},"excerpt":{"rendered":"<p>Jos\u00e9 Luis Ortega VidalClaroscuros \/ Parte II OlutaUnos cien olutecos arribaron muy temprano -antes de las 13:30, hora de la cita- para recibir al ex delegado de BIENESTAR, Manuel Huerta Ladr\u00f3n de Guevara, que se baj\u00f3 de su camioneta a las 14:10 horas y expuso su discurso de treinta minutos ante los mismos cien olutecos.Entre [&hellip;]<\/p>\n","protected":false},"author":2,"featured_media":0,"comment_status":"closed","ping_status":"closed","sticky":false,"template":"","format":"standard","meta":{"tdm_status":"","tdm_grid_status":"","footnotes":""},"categories":[70],"tags":[618,1563,1850,1026,195],"class_list":{"0":"post-113242","1":"post","2":"type-post","3":"status-publish","4":"format-standard","6":"category-de-opinion","7":"tag-andres-manuel-lopez-obrador","8":"tag-cuitlahuac-garcia-jimenez","9":"tag-manuel-huerta-ladron-de-guevara","10":"tag-morena","11":"tag-veracruz"},"yoast_head":"<!-- This site is optimized with the Yoast SEO plugin v27.4 - https:\/\/yoast.com\/product\/yoast-seo-wordpress\/ -->\n<title>MANUEL HUERTA - Los pol\u00edticos Veracruz<\/title>\n<meta name=\"robots\" content=\"index, follow, max-snippet:-1, max-image-preview:large, max-video-preview:-1\" \/>\n<link rel=\"canonical\" href=\"https:\/\/lospoliticosveracruz.com\/?p=113242\" \/>\n<meta property=\"og:locale\" content=\"es_ES\" \/>\n<meta property=\"og:type\" content=\"article\" \/>\n<meta property=\"og:title\" content=\"MANUEL HUERTA - Los pol\u00edticos Veracruz\" \/>\n<meta property=\"og:description\" content=\"Jos\u00e9 Luis Ortega VidalClaroscuros \/ Parte II OlutaUnos cien olutecos arribaron muy temprano -antes de las 13:30, hora de la cita- para recibir al ex delegado de BIENESTAR, Manuel Huerta Ladr\u00f3n de Guevara, que se baj\u00f3 de su camioneta a las 14:10 horas y expuso su discurso de treinta minutos ante los mismos cien olutecos.Entre [&hellip;]\" \/>\n<meta property=\"og:url\" content=\"https:\/\/lospoliticosveracruz.com\/?p=113242\" \/>\n<meta property=\"og:site_name\" content=\"Los pol\u00edticos Veracruz\" \/>\n<meta property=\"article:publisher\" content=\"https:\/\/www.facebook.com\/people\/Notimemes-de-los-Polticos\/61565672886568\/\" \/>\n<meta property=\"article:published_time\" content=\"2023-10-22T01:21:43+00:00\" \/>\n<meta property=\"article:modified_time\" content=\"2023-10-22T01:21:54+00:00\" \/>\n<meta property=\"og:image\" content=\"https:\/\/lospoliticosveracruz.com\/wp-content\/uploads\/2016\/07\/Logo-Dor.jpg\" \/>\n\t<meta property=\"og:image:width\" content=\"200\" \/>\n\t<meta property=\"og:image:height\" content=\"200\" \/>\n\t<meta property=\"og:image:type\" content=\"image\/jpeg\" \/>\n<meta name=\"author\" content=\"Lo viste en Los Pol\u00edticos\" \/>\n<meta name=\"twitter:card\" content=\"summary_large_image\" \/>\n<meta name=\"twitter:creator\" content=\"@LosPoliticosVer\" \/>\n<meta name=\"twitter:site\" content=\"@LosPoliticosVer\" \/>\n<meta name=\"twitter:label1\" content=\"Escrito por\" \/>\n\t<meta name=\"twitter:data1\" content=\"Lo viste en Los Pol\u00edticos\" \/>\n\t<meta name=\"twitter:label2\" content=\"Tiempo de lectura\" \/>\n\t<meta name=\"twitter:data2\" content=\"6 minutos\" \/>\n<script type=\"application\/ld+json\" class=\"yoast-schema-graph\">{\"@context\":\"https:\\\/\\\/schema.org\",\"@graph\":[{\"@type\":\"Article\",\"@id\":\"https:\\\/\\\/lospoliticosveracruz.com\\\/?p=113242#article\",\"isPartOf\":{\"@id\":\"https:\\\/\\\/lospoliticosveracruz.com\\\/?p=113242\"},\"author\":{\"name\":\"Lo viste en Los Pol\u00edticos\",\"@id\":\"https:\\\/\\\/lospoliticosveracruz.com\\\/#\\\/schema\\\/person\\\/b8702bb0e538456e6efd07080bf2a4a2\"},\"headline\":\"MANUEL HUERTA\",\"datePublished\":\"2023-10-22T01:21:43+00:00\",\"dateModified\":\"2023-10-22T01:21:54+00:00\",\"mainEntityOfPage\":{\"@id\":\"https:\\\/\\\/lospoliticosveracruz.com\\\/?p=113242\"},\"wordCount\":1244,\"publisher\":{\"@id\":\"https:\\\/\\\/lospoliticosveracruz.com\\\/#organization\"},\"keywords\":[\"Andr\u00e9s Manuel L\u00f3pez Obrador\",\"Cuitl\u00e1huac Garc\u00eda Jim\u00e9nez\",\"Manuel Huerta Ladr\u00f3n de Guevara\",\"Morena\",\"Veracruz\"],\"articleSection\":[\"De Opini\u00f3n\"],\"inLanguage\":\"es\"},{\"@type\":\"WebPage\",\"@id\":\"https:\\\/\\\/lospoliticosveracruz.com\\\/?p=113242\",\"url\":\"https:\\\/\\\/lospoliticosveracruz.com\\\/?p=113242\",\"name\":\"MANUEL HUERTA - Los pol\u00edticos Veracruz\",\"isPartOf\":{\"@id\":\"https:\\\/\\\/lospoliticosveracruz.com\\\/#website\"},\"datePublished\":\"2023-10-22T01:21:43+00:00\",\"dateModified\":\"2023-10-22T01:21:54+00:00\",\"breadcrumb\":{\"@id\":\"https:\\\/\\\/lospoliticosveracruz.com\\\/?p=113242#breadcrumb\"},\"inLanguage\":\"es\",\"potentialAction\":[{\"@type\":\"ReadAction\",\"target\":[\"https:\\\/\\\/lospoliticosveracruz.com\\\/?p=113242\"]}]},{\"@type\":\"BreadcrumbList\",\"@id\":\"https:\\\/\\\/lospoliticosveracruz.com\\\/?p=113242#breadcrumb\",\"itemListElement\":[{\"@type\":\"ListItem\",\"position\":1,\"name\":\"Portada\",\"item\":\"https:\\\/\\\/lospoliticosveracruz.com\\\/\"},{\"@type\":\"ListItem\",\"position\":2,\"name\":\"MANUEL HUERTA\"}]},{\"@type\":\"WebSite\",\"@id\":\"https:\\\/\\\/lospoliticosveracruz.com\\\/#website\",\"url\":\"https:\\\/\\\/lospoliticosveracruz.com\\\/\",\"name\":\"Los pol\u00edticos Veracruz\",\"description\":\"\",\"publisher\":{\"@id\":\"https:\\\/\\\/lospoliticosveracruz.com\\\/#organization\"},\"potentialAction\":[{\"@type\":\"SearchAction\",\"target\":{\"@type\":\"EntryPoint\",\"urlTemplate\":\"https:\\\/\\\/lospoliticosveracruz.com\\\/?s={search_term_string}\"},\"query-input\":{\"@type\":\"PropertyValueSpecification\",\"valueRequired\":true,\"valueName\":\"search_term_string\"}}],\"inLanguage\":\"es\"},{\"@type\":\"Organization\",\"@id\":\"https:\\\/\\\/lospoliticosveracruz.com\\\/#organization\",\"name\":\"Los pol\u00edticos Veracruz\",\"url\":\"https:\\\/\\\/lospoliticosveracruz.com\\\/\",\"logo\":{\"@type\":\"ImageObject\",\"inLanguage\":\"es\",\"@id\":\"https:\\\/\\\/lospoliticosveracruz.com\\\/#\\\/schema\\\/logo\\\/image\\\/\",\"url\":\"https:\\\/\\\/lospoliticosveracruz.com\\\/wp-content\\\/uploads\\\/2025\\\/12\\\/Logo-Nuevo-LOS-POLITICOS-1.jpg\",\"contentUrl\":\"https:\\\/\\\/lospoliticosveracruz.com\\\/wp-content\\\/uploads\\\/2025\\\/12\\\/Logo-Nuevo-LOS-POLITICOS-1.jpg\",\"width\":260,\"height\":70,\"caption\":\"Los pol\u00edticos Veracruz\"},\"image\":{\"@id\":\"https:\\\/\\\/lospoliticosveracruz.com\\\/#\\\/schema\\\/logo\\\/image\\\/\"},\"sameAs\":[\"https:\\\/\\\/www.facebook.com\\\/people\\\/Notimemes-de-los-Polticos\\\/61565672886568\\\/\",\"https:\\\/\\\/x.com\\\/LosPoliticosVer\"]},{\"@type\":\"Person\",\"@id\":\"https:\\\/\\\/lospoliticosveracruz.com\\\/#\\\/schema\\\/person\\\/b8702bb0e538456e6efd07080bf2a4a2\",\"name\":\"Lo viste en Los Pol\u00edticos\",\"image\":{\"@type\":\"ImageObject\",\"inLanguage\":\"es\",\"@id\":\"https:\\\/\\\/secure.gravatar.com\\\/avatar\\\/3a8de04a2656d44082be478bd6c086daa447c4651605818287b9532d3d0bd435?s=96&d=mm&r=g\",\"url\":\"https:\\\/\\\/secure.gravatar.com\\\/avatar\\\/3a8de04a2656d44082be478bd6c086daa447c4651605818287b9532d3d0bd435?s=96&d=mm&r=g\",\"contentUrl\":\"https:\\\/\\\/secure.gravatar.com\\\/avatar\\\/3a8de04a2656d44082be478bd6c086daa447c4651605818287b9532d3d0bd435?s=96&d=mm&r=g\",\"caption\":\"Lo viste en Los Pol\u00edticos\"},\"url\":\"https:\\\/\\\/lospoliticosveracruz.com\\\/?author=2\"}]}<\/script>\n<!-- \/ Yoast SEO plugin. -->","yoast_head_json":{"title":"MANUEL HUERTA - Los pol\u00edticos Veracruz","robots":{"index":"index","follow":"follow","max-snippet":"max-snippet:-1","max-image-preview":"max-image-preview:large","max-video-preview":"max-video-preview:-1"},"canonical":"https:\/\/lospoliticosveracruz.com\/?p=113242","og_locale":"es_ES","og_type":"article","og_title":"MANUEL HUERTA - Los pol\u00edticos Veracruz","og_description":"Jos\u00e9 Luis Ortega VidalClaroscuros \/ Parte II OlutaUnos cien olutecos arribaron muy temprano -antes de las 13:30, hora de la cita- para recibir al ex delegado de BIENESTAR, Manuel Huerta Ladr\u00f3n de Guevara, que se baj\u00f3 de su camioneta a las 14:10 horas y expuso su discurso de treinta minutos ante los mismos cien olutecos.Entre [&hellip;]","og_url":"https:\/\/lospoliticosveracruz.com\/?p=113242","og_site_name":"Los pol\u00edticos Veracruz","article_publisher":"https:\/\/www.facebook.com\/people\/Notimemes-de-los-Polticos\/61565672886568\/","article_published_time":"2023-10-22T01:21:43+00:00","article_modified_time":"2023-10-22T01:21:54+00:00","og_image":[{"width":200,"height":200,"url":"https:\/\/lospoliticosveracruz.com\/wp-content\/uploads\/2016\/07\/Logo-Dor.jpg","type":"image\/jpeg"}],"author":"Lo viste en Los Pol\u00edticos","twitter_card":"summary_large_image","twitter_creator":"@LosPoliticosVer","twitter_site":"@LosPoliticosVer","twitter_misc":{"Escrito por":"Lo viste en Los Pol\u00edticos","Tiempo de lectura":"6 minutos"},"schema":{"@context":"https:\/\/schema.org","@graph":[{"@type":"Article","@id":"https:\/\/lospoliticosveracruz.com\/?p=113242#article","isPartOf":{"@id":"https:\/\/lospoliticosveracruz.com\/?p=113242"},"author":{"name":"Lo viste en Los Pol\u00edticos","@id":"https:\/\/lospoliticosveracruz.com\/#\/schema\/person\/b8702bb0e538456e6efd07080bf2a4a2"},"headline":"MANUEL HUERTA","datePublished":"2023-10-22T01:21:43+00:00","dateModified":"2023-10-22T01:21:54+00:00","mainEntityOfPage":{"@id":"https:\/\/lospoliticosveracruz.com\/?p=113242"},"wordCount":1244,"publisher":{"@id":"https:\/\/lospoliticosveracruz.com\/#organization"},"keywords":["Andr\u00e9s Manuel L\u00f3pez Obrador","Cuitl\u00e1huac Garc\u00eda Jim\u00e9nez","Manuel Huerta Ladr\u00f3n de Guevara","Morena","Veracruz"],"articleSection":["De Opini\u00f3n"],"inLanguage":"es"},{"@type":"WebPage","@id":"https:\/\/lospoliticosveracruz.com\/?p=113242","url":"https:\/\/lospoliticosveracruz.com\/?p=113242","name":"MANUEL HUERTA - Los pol\u00edticos Veracruz","isPartOf":{"@id":"https:\/\/lospoliticosveracruz.com\/#website"},"datePublished":"2023-10-22T01:21:43+00:00","dateModified":"2023-10-22T01:21:54+00:00","breadcrumb":{"@id":"https:\/\/lospoliticosveracruz.com\/?p=113242#breadcrumb"},"inLanguage":"es","potentialAction":[{"@type":"ReadAction","target":["https:\/\/lospoliticosveracruz.com\/?p=113242"]}]},{"@type":"BreadcrumbList","@id":"https:\/\/lospoliticosveracruz.com\/?p=113242#breadcrumb","itemListElement":[{"@type":"ListItem","position":1,"name":"Portada","item":"https:\/\/lospoliticosveracruz.com\/"},{"@type":"ListItem","position":2,"name":"MANUEL HUERTA"}]},{"@type":"WebSite","@id":"https:\/\/lospoliticosveracruz.com\/#website","url":"https:\/\/lospoliticosveracruz.com\/","name":"Los pol\u00edticos Veracruz","description":"","publisher":{"@id":"https:\/\/lospoliticosveracruz.com\/#organization"},"potentialAction":[{"@type":"SearchAction","target":{"@type":"EntryPoint","urlTemplate":"https:\/\/lospoliticosveracruz.com\/?s={search_term_string}"},"query-input":{"@type":"PropertyValueSpecification","valueRequired":true,"valueName":"search_term_string"}}],"inLanguage":"es"},{"@type":"Organization","@id":"https:\/\/lospoliticosveracruz.com\/#organization","name":"Los pol\u00edticos Veracruz","url":"https:\/\/lospoliticosveracruz.com\/","logo":{"@type":"ImageObject","inLanguage":"es","@id":"https:\/\/lospoliticosveracruz.com\/#\/schema\/logo\/image\/","url":"https:\/\/lospoliticosveracruz.com\/wp-content\/uploads\/2025\/12\/Logo-Nuevo-LOS-POLITICOS-1.jpg","contentUrl":"https:\/\/lospoliticosveracruz.com\/wp-content\/uploads\/2025\/12\/Logo-Nuevo-LOS-POLITICOS-1.jpg","width":260,"height":70,"caption":"Los pol\u00edticos Veracruz"},"image":{"@id":"https:\/\/lospoliticosveracruz.com\/#\/schema\/logo\/image\/"},"sameAs":["https:\/\/www.facebook.com\/people\/Notimemes-de-los-Polticos\/61565672886568\/","https:\/\/x.com\/LosPoliticosVer"]},{"@type":"Person","@id":"https:\/\/lospoliticosveracruz.com\/#\/schema\/person\/b8702bb0e538456e6efd07080bf2a4a2","name":"Lo viste en Los Pol\u00edticos","image":{"@type":"ImageObject","inLanguage":"es","@id":"https:\/\/secure.gravatar.com\/avatar\/3a8de04a2656d44082be478bd6c086daa447c4651605818287b9532d3d0bd435?s=96&d=mm&r=g","url":"https:\/\/secure.gravatar.com\/avatar\/3a8de04a2656d44082be478bd6c086daa447c4651605818287b9532d3d0bd435?s=96&d=mm&r=g","contentUrl":"https:\/\/secure.gravatar.com\/avatar\/3a8de04a2656d44082be478bd6c086daa447c4651605818287b9532d3d0bd435?s=96&d=mm&r=g","caption":"Lo viste en Los Pol\u00edticos"},"url":"https:\/\/lospoliticosveracruz.com\/?author=2"}]}},"_links":{"self":[{"href":"https:\/\/lospoliticosveracruz.com\/index.php?rest_route=\/wp\/v2\/posts\/113242","targetHints":{"allow":["GET"]}}],"collection":[{"href":"https:\/\/lospoliticosveracruz.com\/index.php?rest_route=\/wp\/v2\/posts"}],"about":[{"href":"https:\/\/lospoliticosveracruz.com\/index.php?rest_route=\/wp\/v2\/types\/post"}],"author":[{"embeddable":true,"href":"https:\/\/lospoliticosveracruz.com\/index.php?rest_route=\/wp\/v2\/users\/2"}],"replies":[{"embeddable":true,"href":"https:\/\/lospoliticosveracruz.com\/index.php?rest_route=%2Fwp%2Fv2%2Fcomments&post=113242"}],"version-history":[{"count":1,"href":"https:\/\/lospoliticosveracruz.com\/index.php?rest_route=\/wp\/v2\/posts\/113242\/revisions"}],"predecessor-version":[{"id":113244,"href":"https:\/\/lospoliticosveracruz.com\/index.php?rest_route=\/wp\/v2\/posts\/113242\/revisions\/113244"}],"wp:attachment":[{"href":"https:\/\/lospoliticosveracruz.com\/index.php?rest_route=%2Fwp%2Fv2%2Fmedia&parent=113242"}],"wp:term":[{"taxonomy":"category","embeddable":true,"href":"https:\/\/lospoliticosveracruz.com\/index.php?rest_route=%2Fwp%2Fv2%2Fcategories&post=113242"},{"taxonomy":"post_tag","embeddable":true,"href":"https:\/\/lospoliticosveracruz.com\/index.php?rest_route=%2Fwp%2Fv2%2Ftags&post=113242"}],"curies":[{"name":"wp","href":"https:\/\/api.w.org\/{rel}","templated":true}]}}