{"id":113260,"date":"2023-10-22T16:00:49","date_gmt":"2023-10-22T21:00:49","guid":{"rendered":"https:\/\/lospoliticosveracruz.com.mx\/?p=113260"},"modified":"2023-10-23T08:17:16","modified_gmt":"2023-10-23T13:17:16","slug":"dengue-2","status":"publish","type":"post","link":"https:\/\/lospoliticosveracruz.com\/?p=113260","title":{"rendered":"DENGUE"},"content":{"rendered":"\n<p><strong>Guadalupe H. Mar<\/strong><\/p>\n\n\n\n<p><em>Mira Pol\u00edtica<\/em><\/p>\n\n\n\n<p><strong>VERACRUZ<\/strong> <strong>ES L\u00cdDER<\/strong>\u2026Tan embelesados andan en el gobierno del estado de Veracruz con el tema de la sucesi\u00f3n presidencial y sobre todo la estatal, que estos gobernantes est\u00e1n descuidando asuntos tan importantes para sus mandantes, como el notable avance del dengue en la entidad veracruzana, enfermedad que provoc\u00f3 la muerte de 19 personas, hasta la semana pasada, seg\u00fan datos de la Secretar\u00eda de Salud del gobierno federal.<\/p>\n\n\n\n<figure class=\"wp-block-image size-large\"><a href=\"https:\/\/lospoliticosveracruz.com.mx\/wp-content\/uploads\/2016\/07\/Seguro-Julio-Cerecedo-2.jpg\"><img decoding=\"async\" src=\"https:\/\/lospoliticosveracruz.com.mx\/wp-content\/uploads\/2016\/07\/Seguro-Julio-Cerecedo-2-1024x381.jpg\" alt=\"\" class=\"wp-image-105879\"\/><\/a><\/figure>\n\n\n\n<p>Por cierto, el estado de Morelos, gobernado por el futbolista Cuauht\u00e9moc Blanco Bravo, tambi\u00e9n registraba hasta la semana pasada 19 personas fallecidas a causa del dengue, por lo que, junto con Veracruz, gobernado por el ingeniero mec\u00e1nico electricista Cuitl\u00e1huac Garc\u00eda Jim\u00e9nez, eran los dos primeros lugares en el pa\u00eds por el n\u00famero de personas fallecidas a causa de esta enfermedad.<\/p>\n\n\n\n<p>El dengue, amables lectoras y lectores, es transmitido por el mosquito Aedes aegypti portador tambi\u00e9n de la fiebre amarilla, as\u00ed como de otras enfermedades como la Chikungu\u00f1a, la fiebre de Zika, lo cual mencionamos para que tengan idea de la importante necesidad de combatirlo.<\/p>\n\n\n\n<p>Al Aedes aegypti se le combate no solo fumigando, sino tambi\u00e9n con acciones preventivas como tirar todos los cacharros que tengamos en casa en los cuales se pudiera acumular agua limpia, la preferida de este mosquito.<\/p>\n\n\n\n<p>Estas acciones preventivas las promueve la Secretar\u00eda de Salud cada a\u00f1o, junto con los gobiernos municipales.<\/p>\n\n\n\n<p>Sin embargo, algo est\u00e1 fallando en esta estrategia preventiva, pues de una semana a otra, la Secretar\u00eda de Salud report\u00f3 que, a la primera semana de este mes de octubre, el estado de Veracruz registraba cuatro personas fallecidas a causa del dengue y para la siguiente, se sumaron 15 m\u00e1s, por lo que la cifra de defunciones a causa del dengue en la entidad Veracruzana, se elevaba a 19, la cifra m\u00e1s alta de entre los 32 estados de la rep\u00fablica mexicana.<\/p>\n\n\n\n<p>Habr\u00e1 que estar atentos a este tema del dengue y los embelesados encargados de la administraci\u00f3n estatal veracruzana, que por cierto ya prometen gobernar, pues tambi\u00e9n datos de la Secretar\u00eda de Salud del gobierno federal indican que est\u00e1n en estudio otras 41 defunciones en la entidad veracruzana, que se sospecha fueron causadas por esta enfermedad.<\/p>\n\n\n\n<p>Por cierto, estos 41 casos de personas fallecidas probablemente a causa del dengue en territorio veracruzano, es la cifra m\u00e1s alta del pa\u00eds, lo que le da a Veracruz otro nada grato primer lugar.<\/p>\n\n\n\n<p><strong>TRAS OTRO LIDERATO<\/strong> \u2026 Veracruz podr\u00eda tener pronto otro nuevo lugar. El de contar con dos puentes vehiculares \u201cchuecos\u201d, uno en el puerto jarocho y el otro en Xalapa, la capital del estado.<\/p>\n\n\n\n<p>Desde 2004, en la avenida Jim\u00e9nez de la ciudad de Veracruz existe el puente \u201cChueco\u201d, que se construy\u00f3 en el gobierno del panista Jos\u00e9 Ram\u00f3n Guti\u00e9rrez de Velasco Hoyos.<\/p>\n\n\n\n<p>La oposici\u00f3n de los vecinos de esa avenida del norte de la ciudad, oblig\u00f3 a los constructores del puente a recortarlo por lo que sus rampas de ascenso y descenso vehicular quedaron muy \u201cempinadas\u201d.<\/p>\n\n\n\n<p>As\u00ed como el \u201cPuente Chueco\u201d de la avenida Jim\u00e9nez de la Ciudad de Veracruz, podr\u00eda quedar finalmente el puente vehicular en la avenida L\u00e1zaro C\u00e1rdenas de la ciudad de Xalapa, donde por hacer las cosas al rev\u00e9s, los constructores primero tiraron \u00e1rboles y luego pidieron permiso.<\/p>\n\n\n\n<p>No cabe duda que hay quienes ni viendo atinan.<\/p>\n\n\n\n<p><strong>C\u00c1PSULA CULTURAL<\/strong> \u2026 El Himno Veracruzano, fue escrito por el siempre bien recordado poeta y maestro universitario Francisco Morosini Cordero, o \u201cPanchito Morosini\u201d como se le llamaba cari\u00f1osamente a este genial personaje nacido en Coatzacoalcos, al sur de la entidad.<\/p>\n\n\n\n<p>La m\u00fasica del Himno Veracruzano es del maestro nativo de Polonia Ryszard Siwy Machalica.<\/p>\n\n\n\n<p>Desde el 2005, por decreto en la Gaceta Oficial, el Himno al estado de Veracruz ha sido la pieza musical oficial en eventos de todo tipo.<\/p>\n\n\n\n<p>M\u00e1s antiguo, pues data del a\u00f1o de 1893, es La Marcha de Zacatecas obra del arpista y maestro compositor zacatecano Genaro Codina.<\/p>\n\n\n\n<p>Por su antig\u00fcedad, la Marcha de Zacatecas es considerada como el segundo Himno Nacional Mexicano.<\/p>\n\n\n\n<p>Conociendo a uno que otro veracruzano oportunista, no les extra\u00f1e que pronto escuchemos la Marcha de Zacatecas al sonido del arpa y la jarana.<strong>D\u00cdGALO SIN MIEDO<\/strong> \u2026 Al correo electr\u00f3nico <a href=\"mailto:guadalupehmar@yahoo.com\">guadalupehmar@yahoo.com<\/a><\/p>\n","protected":false},"excerpt":{"rendered":"<p>Guadalupe H. Mar Mira Pol\u00edtica VERACRUZ ES L\u00cdDER\u2026Tan embelesados andan en el gobierno del estado de Veracruz con el tema de la sucesi\u00f3n presidencial y sobre todo la estatal, que estos gobernantes est\u00e1n descuidando asuntos tan importantes para sus mandantes, como el notable avance del dengue en la entidad veracruzana, enfermedad que provoc\u00f3 la muerte [&hellip;]<\/p>\n","protected":false},"author":2,"featured_media":0,"comment_status":"closed","ping_status":"closed","sticky":false,"template":"","format":"standard","meta":{"tdm_status":"","tdm_grid_status":"","footnotes":""},"categories":[70],"tags":[1563,39584,3144,5855,195],"class_list":{"0":"post-113260","1":"post","2":"type-post","3":"status-publish","4":"format-standard","6":"category-de-opinion","7":"tag-cuitlahuac-garcia-jimenez","8":"tag-francisco-morosini-cordero","9":"tag-jose-ramon-gutierrez-de-velasco","10":"tag-morelos","11":"tag-veracruz"},"yoast_head":"<!-- This site is optimized with the Yoast SEO plugin v27.4 - https:\/\/yoast.com\/product\/yoast-seo-wordpress\/ -->\n<title>DENGUE - Los pol\u00edticos Veracruz<\/title>\n<meta name=\"robots\" content=\"index, follow, max-snippet:-1, max-image-preview:large, max-video-preview:-1\" \/>\n<link rel=\"canonical\" href=\"https:\/\/lospoliticosveracruz.com\/?p=113260\" \/>\n<meta property=\"og:locale\" content=\"es_ES\" \/>\n<meta property=\"og:type\" content=\"article\" \/>\n<meta property=\"og:title\" content=\"DENGUE - Los pol\u00edticos Veracruz\" \/>\n<meta property=\"og:description\" content=\"Guadalupe H. Mar Mira Pol\u00edtica VERACRUZ ES L\u00cdDER\u2026Tan embelesados andan en el gobierno del estado de Veracruz con el tema de la sucesi\u00f3n presidencial y sobre todo la estatal, que estos gobernantes est\u00e1n descuidando asuntos tan importantes para sus mandantes, como el notable avance del dengue en la entidad veracruzana, enfermedad que provoc\u00f3 la muerte [&hellip;]\" \/>\n<meta property=\"og:url\" content=\"https:\/\/lospoliticosveracruz.com\/?p=113260\" \/>\n<meta property=\"og:site_name\" content=\"Los pol\u00edticos Veracruz\" \/>\n<meta property=\"article:publisher\" content=\"https:\/\/www.facebook.com\/people\/Notimemes-de-los-Polticos\/61565672886568\/\" \/>\n<meta property=\"article:published_time\" content=\"2023-10-22T21:00:49+00:00\" \/>\n<meta property=\"article:modified_time\" content=\"2023-10-23T13:17:16+00:00\" \/>\n<meta property=\"og:image\" content=\"https:\/\/lospoliticosveracruz.com.mx\/wp-content\/uploads\/2016\/07\/Seguro-Julio-Cerecedo-2-1024x381.jpg\" \/>\n<meta name=\"author\" content=\"Lo viste en Los Pol\u00edticos\" \/>\n<meta name=\"twitter:card\" content=\"summary_large_image\" \/>\n<meta name=\"twitter:creator\" content=\"@LosPoliticosVer\" \/>\n<meta name=\"twitter:site\" content=\"@LosPoliticosVer\" \/>\n<meta name=\"twitter:label1\" content=\"Escrito por\" \/>\n\t<meta name=\"twitter:data1\" content=\"Lo viste en Los Pol\u00edticos\" \/>\n\t<meta name=\"twitter:label2\" content=\"Tiempo de lectura\" \/>\n\t<meta name=\"twitter:data2\" content=\"4 minutos\" \/>\n<script type=\"application\/ld+json\" class=\"yoast-schema-graph\">{\"@context\":\"https:\\\/\\\/schema.org\",\"@graph\":[{\"@type\":\"Article\",\"@id\":\"https:\\\/\\\/lospoliticosveracruz.com\\\/?p=113260#article\",\"isPartOf\":{\"@id\":\"https:\\\/\\\/lospoliticosveracruz.com\\\/?p=113260\"},\"author\":{\"name\":\"Lo viste en Los Pol\u00edticos\",\"@id\":\"https:\\\/\\\/lospoliticosveracruz.com\\\/#\\\/schema\\\/person\\\/b8702bb0e538456e6efd07080bf2a4a2\"},\"headline\":\"DENGUE\",\"datePublished\":\"2023-10-22T21:00:49+00:00\",\"dateModified\":\"2023-10-23T13:17:16+00:00\",\"mainEntityOfPage\":{\"@id\":\"https:\\\/\\\/lospoliticosveracruz.com\\\/?p=113260\"},\"wordCount\":738,\"publisher\":{\"@id\":\"https:\\\/\\\/lospoliticosveracruz.com\\\/#organization\"},\"image\":{\"@id\":\"https:\\\/\\\/lospoliticosveracruz.com\\\/?p=113260#primaryimage\"},\"thumbnailUrl\":\"https:\\\/\\\/lospoliticosveracruz.com.mx\\\/wp-content\\\/uploads\\\/2016\\\/07\\\/Seguro-Julio-Cerecedo-2-1024x381.jpg\",\"keywords\":[\"Cuitl\u00e1huac Garc\u00eda Jim\u00e9nez\",\"Francisco Morosini Cordero\",\"Jos\u00e9 Ram\u00f3n Guti\u00e9rrez de Velasco\",\"Morelos\",\"Veracruz\"],\"articleSection\":[\"De Opini\u00f3n\"],\"inLanguage\":\"es\"},{\"@type\":\"WebPage\",\"@id\":\"https:\\\/\\\/lospoliticosveracruz.com\\\/?p=113260\",\"url\":\"https:\\\/\\\/lospoliticosveracruz.com\\\/?p=113260\",\"name\":\"DENGUE - Los pol\u00edticos Veracruz\",\"isPartOf\":{\"@id\":\"https:\\\/\\\/lospoliticosveracruz.com\\\/#website\"},\"primaryImageOfPage\":{\"@id\":\"https:\\\/\\\/lospoliticosveracruz.com\\\/?p=113260#primaryimage\"},\"image\":{\"@id\":\"https:\\\/\\\/lospoliticosveracruz.com\\\/?p=113260#primaryimage\"},\"thumbnailUrl\":\"https:\\\/\\\/lospoliticosveracruz.com.mx\\\/wp-content\\\/uploads\\\/2016\\\/07\\\/Seguro-Julio-Cerecedo-2-1024x381.jpg\",\"datePublished\":\"2023-10-22T21:00:49+00:00\",\"dateModified\":\"2023-10-23T13:17:16+00:00\",\"breadcrumb\":{\"@id\":\"https:\\\/\\\/lospoliticosveracruz.com\\\/?p=113260#breadcrumb\"},\"inLanguage\":\"es\",\"potentialAction\":[{\"@type\":\"ReadAction\",\"target\":[\"https:\\\/\\\/lospoliticosveracruz.com\\\/?p=113260\"]}]},{\"@type\":\"ImageObject\",\"inLanguage\":\"es\",\"@id\":\"https:\\\/\\\/lospoliticosveracruz.com\\\/?p=113260#primaryimage\",\"url\":\"https:\\\/\\\/lospoliticosveracruz.com.mx\\\/wp-content\\\/uploads\\\/2016\\\/07\\\/Seguro-Julio-Cerecedo-2-1024x381.jpg\",\"contentUrl\":\"https:\\\/\\\/lospoliticosveracruz.com.mx\\\/wp-content\\\/uploads\\\/2016\\\/07\\\/Seguro-Julio-Cerecedo-2-1024x381.jpg\"},{\"@type\":\"BreadcrumbList\",\"@id\":\"https:\\\/\\\/lospoliticosveracruz.com\\\/?p=113260#breadcrumb\",\"itemListElement\":[{\"@type\":\"ListItem\",\"position\":1,\"name\":\"Portada\",\"item\":\"https:\\\/\\\/lospoliticosveracruz.com\\\/\"},{\"@type\":\"ListItem\",\"position\":2,\"name\":\"DENGUE\"}]},{\"@type\":\"WebSite\",\"@id\":\"https:\\\/\\\/lospoliticosveracruz.com\\\/#website\",\"url\":\"https:\\\/\\\/lospoliticosveracruz.com\\\/\",\"name\":\"Los pol\u00edticos Veracruz\",\"description\":\"\",\"publisher\":{\"@id\":\"https:\\\/\\\/lospoliticosveracruz.com\\\/#organization\"},\"potentialAction\":[{\"@type\":\"SearchAction\",\"target\":{\"@type\":\"EntryPoint\",\"urlTemplate\":\"https:\\\/\\\/lospoliticosveracruz.com\\\/?s={search_term_string}\"},\"query-input\":{\"@type\":\"PropertyValueSpecification\",\"valueRequired\":true,\"valueName\":\"search_term_string\"}}],\"inLanguage\":\"es\"},{\"@type\":\"Organization\",\"@id\":\"https:\\\/\\\/lospoliticosveracruz.com\\\/#organization\",\"name\":\"Los pol\u00edticos Veracruz\",\"url\":\"https:\\\/\\\/lospoliticosveracruz.com\\\/\",\"logo\":{\"@type\":\"ImageObject\",\"inLanguage\":\"es\",\"@id\":\"https:\\\/\\\/lospoliticosveracruz.com\\\/#\\\/schema\\\/logo\\\/image\\\/\",\"url\":\"https:\\\/\\\/lospoliticosveracruz.com\\\/wp-content\\\/uploads\\\/2025\\\/12\\\/Logo-Nuevo-LOS-POLITICOS-1.jpg\",\"contentUrl\":\"https:\\\/\\\/lospoliticosveracruz.com\\\/wp-content\\\/uploads\\\/2025\\\/12\\\/Logo-Nuevo-LOS-POLITICOS-1.jpg\",\"width\":260,\"height\":70,\"caption\":\"Los pol\u00edticos Veracruz\"},\"image\":{\"@id\":\"https:\\\/\\\/lospoliticosveracruz.com\\\/#\\\/schema\\\/logo\\\/image\\\/\"},\"sameAs\":[\"https:\\\/\\\/www.facebook.com\\\/people\\\/Notimemes-de-los-Polticos\\\/61565672886568\\\/\",\"https:\\\/\\\/x.com\\\/LosPoliticosVer\"]},{\"@type\":\"Person\",\"@id\":\"https:\\\/\\\/lospoliticosveracruz.com\\\/#\\\/schema\\\/person\\\/b8702bb0e538456e6efd07080bf2a4a2\",\"name\":\"Lo viste en Los Pol\u00edticos\",\"image\":{\"@type\":\"ImageObject\",\"inLanguage\":\"es\",\"@id\":\"https:\\\/\\\/secure.gravatar.com\\\/avatar\\\/3a8de04a2656d44082be478bd6c086daa447c4651605818287b9532d3d0bd435?s=96&d=mm&r=g\",\"url\":\"https:\\\/\\\/secure.gravatar.com\\\/avatar\\\/3a8de04a2656d44082be478bd6c086daa447c4651605818287b9532d3d0bd435?s=96&d=mm&r=g\",\"contentUrl\":\"https:\\\/\\\/secure.gravatar.com\\\/avatar\\\/3a8de04a2656d44082be478bd6c086daa447c4651605818287b9532d3d0bd435?s=96&d=mm&r=g\",\"caption\":\"Lo viste en Los Pol\u00edticos\"},\"url\":\"https:\\\/\\\/lospoliticosveracruz.com\\\/?author=2\"}]}<\/script>\n<!-- \/ Yoast SEO plugin. -->","yoast_head_json":{"title":"DENGUE - Los pol\u00edticos Veracruz","robots":{"index":"index","follow":"follow","max-snippet":"max-snippet:-1","max-image-preview":"max-image-preview:large","max-video-preview":"max-video-preview:-1"},"canonical":"https:\/\/lospoliticosveracruz.com\/?p=113260","og_locale":"es_ES","og_type":"article","og_title":"DENGUE - Los pol\u00edticos Veracruz","og_description":"Guadalupe H. Mar Mira Pol\u00edtica VERACRUZ ES L\u00cdDER\u2026Tan embelesados andan en el gobierno del estado de Veracruz con el tema de la sucesi\u00f3n presidencial y sobre todo la estatal, que estos gobernantes est\u00e1n descuidando asuntos tan importantes para sus mandantes, como el notable avance del dengue en la entidad veracruzana, enfermedad que provoc\u00f3 la muerte [&hellip;]","og_url":"https:\/\/lospoliticosveracruz.com\/?p=113260","og_site_name":"Los pol\u00edticos Veracruz","article_publisher":"https:\/\/www.facebook.com\/people\/Notimemes-de-los-Polticos\/61565672886568\/","article_published_time":"2023-10-22T21:00:49+00:00","article_modified_time":"2023-10-23T13:17:16+00:00","og_image":[{"url":"https:\/\/lospoliticosveracruz.com.mx\/wp-content\/uploads\/2016\/07\/Seguro-Julio-Cerecedo-2-1024x381.jpg","type":"","width":"","height":""}],"author":"Lo viste en Los Pol\u00edticos","twitter_card":"summary_large_image","twitter_creator":"@LosPoliticosVer","twitter_site":"@LosPoliticosVer","twitter_misc":{"Escrito por":"Lo viste en Los Pol\u00edticos","Tiempo de lectura":"4 minutos"},"schema":{"@context":"https:\/\/schema.org","@graph":[{"@type":"Article","@id":"https:\/\/lospoliticosveracruz.com\/?p=113260#article","isPartOf":{"@id":"https:\/\/lospoliticosveracruz.com\/?p=113260"},"author":{"name":"Lo viste en Los Pol\u00edticos","@id":"https:\/\/lospoliticosveracruz.com\/#\/schema\/person\/b8702bb0e538456e6efd07080bf2a4a2"},"headline":"DENGUE","datePublished":"2023-10-22T21:00:49+00:00","dateModified":"2023-10-23T13:17:16+00:00","mainEntityOfPage":{"@id":"https:\/\/lospoliticosveracruz.com\/?p=113260"},"wordCount":738,"publisher":{"@id":"https:\/\/lospoliticosveracruz.com\/#organization"},"image":{"@id":"https:\/\/lospoliticosveracruz.com\/?p=113260#primaryimage"},"thumbnailUrl":"https:\/\/lospoliticosveracruz.com.mx\/wp-content\/uploads\/2016\/07\/Seguro-Julio-Cerecedo-2-1024x381.jpg","keywords":["Cuitl\u00e1huac Garc\u00eda Jim\u00e9nez","Francisco Morosini Cordero","Jos\u00e9 Ram\u00f3n Guti\u00e9rrez de Velasco","Morelos","Veracruz"],"articleSection":["De Opini\u00f3n"],"inLanguage":"es"},{"@type":"WebPage","@id":"https:\/\/lospoliticosveracruz.com\/?p=113260","url":"https:\/\/lospoliticosveracruz.com\/?p=113260","name":"DENGUE - Los pol\u00edticos Veracruz","isPartOf":{"@id":"https:\/\/lospoliticosveracruz.com\/#website"},"primaryImageOfPage":{"@id":"https:\/\/lospoliticosveracruz.com\/?p=113260#primaryimage"},"image":{"@id":"https:\/\/lospoliticosveracruz.com\/?p=113260#primaryimage"},"thumbnailUrl":"https:\/\/lospoliticosveracruz.com.mx\/wp-content\/uploads\/2016\/07\/Seguro-Julio-Cerecedo-2-1024x381.jpg","datePublished":"2023-10-22T21:00:49+00:00","dateModified":"2023-10-23T13:17:16+00:00","breadcrumb":{"@id":"https:\/\/lospoliticosveracruz.com\/?p=113260#breadcrumb"},"inLanguage":"es","potentialAction":[{"@type":"ReadAction","target":["https:\/\/lospoliticosveracruz.com\/?p=113260"]}]},{"@type":"ImageObject","inLanguage":"es","@id":"https:\/\/lospoliticosveracruz.com\/?p=113260#primaryimage","url":"https:\/\/lospoliticosveracruz.com.mx\/wp-content\/uploads\/2016\/07\/Seguro-Julio-Cerecedo-2-1024x381.jpg","contentUrl":"https:\/\/lospoliticosveracruz.com.mx\/wp-content\/uploads\/2016\/07\/Seguro-Julio-Cerecedo-2-1024x381.jpg"},{"@type":"BreadcrumbList","@id":"https:\/\/lospoliticosveracruz.com\/?p=113260#breadcrumb","itemListElement":[{"@type":"ListItem","position":1,"name":"Portada","item":"https:\/\/lospoliticosveracruz.com\/"},{"@type":"ListItem","position":2,"name":"DENGUE"}]},{"@type":"WebSite","@id":"https:\/\/lospoliticosveracruz.com\/#website","url":"https:\/\/lospoliticosveracruz.com\/","name":"Los pol\u00edticos Veracruz","description":"","publisher":{"@id":"https:\/\/lospoliticosveracruz.com\/#organization"},"potentialAction":[{"@type":"SearchAction","target":{"@type":"EntryPoint","urlTemplate":"https:\/\/lospoliticosveracruz.com\/?s={search_term_string}"},"query-input":{"@type":"PropertyValueSpecification","valueRequired":true,"valueName":"search_term_string"}}],"inLanguage":"es"},{"@type":"Organization","@id":"https:\/\/lospoliticosveracruz.com\/#organization","name":"Los pol\u00edticos Veracruz","url":"https:\/\/lospoliticosveracruz.com\/","logo":{"@type":"ImageObject","inLanguage":"es","@id":"https:\/\/lospoliticosveracruz.com\/#\/schema\/logo\/image\/","url":"https:\/\/lospoliticosveracruz.com\/wp-content\/uploads\/2025\/12\/Logo-Nuevo-LOS-POLITICOS-1.jpg","contentUrl":"https:\/\/lospoliticosveracruz.com\/wp-content\/uploads\/2025\/12\/Logo-Nuevo-LOS-POLITICOS-1.jpg","width":260,"height":70,"caption":"Los pol\u00edticos Veracruz"},"image":{"@id":"https:\/\/lospoliticosveracruz.com\/#\/schema\/logo\/image\/"},"sameAs":["https:\/\/www.facebook.com\/people\/Notimemes-de-los-Polticos\/61565672886568\/","https:\/\/x.com\/LosPoliticosVer"]},{"@type":"Person","@id":"https:\/\/lospoliticosveracruz.com\/#\/schema\/person\/b8702bb0e538456e6efd07080bf2a4a2","name":"Lo viste en Los Pol\u00edticos","image":{"@type":"ImageObject","inLanguage":"es","@id":"https:\/\/secure.gravatar.com\/avatar\/3a8de04a2656d44082be478bd6c086daa447c4651605818287b9532d3d0bd435?s=96&d=mm&r=g","url":"https:\/\/secure.gravatar.com\/avatar\/3a8de04a2656d44082be478bd6c086daa447c4651605818287b9532d3d0bd435?s=96&d=mm&r=g","contentUrl":"https:\/\/secure.gravatar.com\/avatar\/3a8de04a2656d44082be478bd6c086daa447c4651605818287b9532d3d0bd435?s=96&d=mm&r=g","caption":"Lo viste en Los Pol\u00edticos"},"url":"https:\/\/lospoliticosveracruz.com\/?author=2"}]}},"_links":{"self":[{"href":"https:\/\/lospoliticosveracruz.com\/index.php?rest_route=\/wp\/v2\/posts\/113260","targetHints":{"allow":["GET"]}}],"collection":[{"href":"https:\/\/lospoliticosveracruz.com\/index.php?rest_route=\/wp\/v2\/posts"}],"about":[{"href":"https:\/\/lospoliticosveracruz.com\/index.php?rest_route=\/wp\/v2\/types\/post"}],"author":[{"embeddable":true,"href":"https:\/\/lospoliticosveracruz.com\/index.php?rest_route=\/wp\/v2\/users\/2"}],"replies":[{"embeddable":true,"href":"https:\/\/lospoliticosveracruz.com\/index.php?rest_route=%2Fwp%2Fv2%2Fcomments&post=113260"}],"version-history":[{"count":2,"href":"https:\/\/lospoliticosveracruz.com\/index.php?rest_route=\/wp\/v2\/posts\/113260\/revisions"}],"predecessor-version":[{"id":113290,"href":"https:\/\/lospoliticosveracruz.com\/index.php?rest_route=\/wp\/v2\/posts\/113260\/revisions\/113290"}],"wp:attachment":[{"href":"https:\/\/lospoliticosveracruz.com\/index.php?rest_route=%2Fwp%2Fv2%2Fmedia&parent=113260"}],"wp:term":[{"taxonomy":"category","embeddable":true,"href":"https:\/\/lospoliticosveracruz.com\/index.php?rest_route=%2Fwp%2Fv2%2Fcategories&post=113260"},{"taxonomy":"post_tag","embeddable":true,"href":"https:\/\/lospoliticosveracruz.com\/index.php?rest_route=%2Fwp%2Fv2%2Ftags&post=113260"}],"curies":[{"name":"wp","href":"https:\/\/api.w.org\/{rel}","templated":true}]}}