{"id":113262,"date":"2023-10-22T18:42:10","date_gmt":"2023-10-22T23:42:10","guid":{"rendered":"https:\/\/lospoliticosveracruz.com.mx\/?p=113262"},"modified":"2023-10-22T18:42:16","modified_gmt":"2023-10-22T23:42:16","slug":"las-5-del-cisne","status":"publish","type":"post","link":"https:\/\/lospoliticosveracruz.com\/?p=113262","title":{"rendered":"LAS 5 DEL CISNE!"},"content":{"rendered":"\n<p><strong>Alberto Silva Ramos<\/strong><\/p>\n\n\n\n<p>Con frecuencia, en las reuniones sociales o tertulias familiares se comentan y discuten, no con poca pasi\u00f3n, los retos y faltantes que nuestro pa\u00eds tiene y&nbsp; que habr\u00e1 de dominara el accionar del pr\u00f3ximo gobierno.<\/p>\n\n\n\n<p>Estos 5 temas habr\u00e1n de ser analizados y consumir\u00e1n r\u00e1pidamente el bono democr\u00e1tico de la pr\u00f3xima administraci\u00f3n que iniciara funciones en 2024. Nos encontraremos en medio de un debate nacional&nbsp; atrapado entre la modernidad y viejas ataduras estructurales, cuya soluci\u00f3n, ya no admite postergaci\u00f3n alguna:<\/p>\n\n\n\n<ul class=\"wp-block-list\">\n<li><strong>La crisis migratoria<\/strong>: la presi\u00f3n ejercida por los flujos incesantes de personas de pa\u00edses del \u00e1rea centro y sudamericana en la frontera sur de M\u00e9xico es ya imposible de administrar, y se ha convertido en un tema humanitario que no puede extenderse m\u00e1s tiempo. Que decir de los asentamientos que existen ya en los principales puntos fronterizos con los Estados Unidos. Sin recursos, ni acuerdos multilaterales, ser\u00e1 necesaria esperar el desenlace electoral en los Estados Unidos, donde este tema dominar\u00e1 gran parte de la agenda de los candidatos. M\u00e9xico debe invertir en infraestructura fronteriza como nunca, a la vez que reformula su pol\u00edtica migratoria para ponerla al d\u00eda de los nuevos flujos migratorios que llegaron para quedarse por los menos en la pr\u00f3xima d\u00e9cada.<\/li>\n\n\n\n<li><strong>Una Reforma Educativa<\/strong> de gran calado que responda al reto tecnol\u00f3gico y de constante cambio de la mano de obra que se experimenta en M\u00e9xico y el mundo a partir del uso de la inteligencia artificial, el nearshoring, el home office y las nuevas tendencias que han llegado para quedarse en una suerte de revoluci\u00f3n tecnol\u00f3gica, que tiende a eficientar la producci\u00f3n, desplazando mano de obra, o bien de nuevas oportunidades de comercio que estar\u00e1n desarroll\u00e1ndose en las pr\u00f3ximas d\u00e9cadas. El modelo mexicano en materia de educaci\u00f3n debe cambiar r\u00e1pidamente.<\/li>\n<\/ul>\n\n\n\n<ul class=\"wp-block-list\">\n<li><strong>Justicia y Estado de Derecho <\/strong>Este es quiz\u00e1 el tema que ocupa el primer lugar en las preocupaciones de las y los mexicanos de todos los segmentos, ideolog\u00edas y estratos sociales. Desaparecidos, secuestros, carencia de una polic\u00eda cient\u00edfica, nula coordinaci\u00f3n entre polic\u00edas municipales, estatales y federales, una dudosa participaci\u00f3n de las fuerzas armadas en labores de seguridad y una tasa de impunidad de casi el 90 por ciento en delitos graves, da forma a un drama que asemeja una pesadilla. Un gran acuerdo para combatir y la inseguridad y reordenar el aparato de procuraci\u00f3n de justicia resulta fundamental en los a\u00f1os por venir. Sin este punto todos los dem\u00e1s no tienen la mayor relevancia.<\/li>\n\n\n\n<li><strong>La pobreza y desigualdad <\/strong>Con casi el 40 por ciento de su poblaci\u00f3n en condici\u00f3n de pobreza, M\u00e9xico debe llevar su estrategia a otro nivel que le permita no solo destinar recursos a los grupos vulnerables y combatir las condiciones de desigualdad, sino vincular estas soluciones a los accesos a la salud y al combate a la inseguridad como un gran tridente que busque insertar a nuestro pa\u00eds en un nuevo modelos de naciones emergentes que aprovecen tecnolog\u00eda, recursos y mano de obra calificada para buscar revertir la actual situaci\u00f3n focalizada en los estados del sur sureste pero con picos porcentuales m\u00e1s que relevantes importantes en el centro del pa\u00eds.<\/li>\n\n\n\n<li><strong>Salud<\/strong> 50.4 millones de Mexicanos carece de servicios de salud, seg\u00fan datos del CONEVAL. Nuestra infraestructura hospitalaria y los frecuentes recortes al sector han propiciado una crisis brutal en el acceso al sistema de salud cuyos alcances podr\u00edamos ver muy pronto reflejada en cifras que incrementen la mortandad a lo largo del territorio nacional. La peor pesadilla que podr\u00eda presentarse hoy en nuestro pa\u00eds seria una nueva pandemia con nuevas caracter\u00edsticas la cual de cara a los que parece ser un invierno cruento acelerara las defunciones relacionadas a la influenza, y junto a la carencia evidente de medicamentos puede provocar una crisis en el sector como no hemos visto. La reforma al sistema de salud se vuelve esencial.<\/li>\n<\/ul>\n\n\n\n<p>A estos cinco temas podr\u00edamos a\u00f1adir muchos m\u00e1s, pero estos se vuelven esenciales en el marco de un escenario en donde las mayor\u00edas calificadas en el Congreso dif\u00edcilmente se ver\u00e1n y donde los acuerdos en temas fundamentales ser\u00e1n esenciales. Suerte Claudia, suerte, Manuel.<\/p>\n","protected":false},"excerpt":{"rendered":"<p>Alberto Silva Ramos Con frecuencia, en las reuniones sociales o tertulias familiares se comentan y discuten, no con poca pasi\u00f3n, los retos y faltantes que nuestro pa\u00eds tiene y&nbsp; que habr\u00e1 de dominara el accionar del pr\u00f3ximo gobierno. Estos 5 temas habr\u00e1n de ser analizados y consumir\u00e1n r\u00e1pidamente el bono democr\u00e1tico de la pr\u00f3xima administraci\u00f3n [&hellip;]<\/p>\n","protected":false},"author":2,"featured_media":0,"comment_status":"closed","ping_status":"closed","sticky":false,"template":"","format":"standard","meta":{"tdm_status":"","tdm_grid_status":"","footnotes":""},"categories":[70],"tags":[14870,3503,1048,1026,97,4165,90],"class_list":{"0":"post-113262","1":"post","2":"type-post","3":"status-publish","4":"format-standard","6":"category-de-opinion","7":"tag-crisis-migratoria","8":"tag-estado-de-derecho","9":"tag-justicia","10":"tag-morena","11":"tag-pobreza","12":"tag-reforma-educativa","13":"tag-salud"},"yoast_head":"<!-- This site is optimized with the Yoast SEO plugin v27.4 - https:\/\/yoast.com\/product\/yoast-seo-wordpress\/ -->\n<title>LAS 5 DEL CISNE! - Los pol\u00edticos Veracruz<\/title>\n<meta name=\"robots\" content=\"index, follow, max-snippet:-1, max-image-preview:large, max-video-preview:-1\" \/>\n<link rel=\"canonical\" href=\"https:\/\/lospoliticosveracruz.com\/?p=113262\" \/>\n<meta property=\"og:locale\" content=\"es_ES\" \/>\n<meta property=\"og:type\" content=\"article\" \/>\n<meta property=\"og:title\" content=\"LAS 5 DEL CISNE! - Los pol\u00edticos Veracruz\" \/>\n<meta property=\"og:description\" content=\"Alberto Silva Ramos Con frecuencia, en las reuniones sociales o tertulias familiares se comentan y discuten, no con poca pasi\u00f3n, los retos y faltantes que nuestro pa\u00eds tiene y&nbsp; que habr\u00e1 de dominara el accionar del pr\u00f3ximo gobierno. Estos 5 temas habr\u00e1n de ser analizados y consumir\u00e1n r\u00e1pidamente el bono democr\u00e1tico de la pr\u00f3xima administraci\u00f3n [&hellip;]\" \/>\n<meta property=\"og:url\" content=\"https:\/\/lospoliticosveracruz.com\/?p=113262\" \/>\n<meta property=\"og:site_name\" content=\"Los pol\u00edticos Veracruz\" \/>\n<meta property=\"article:publisher\" content=\"https:\/\/www.facebook.com\/people\/Notimemes-de-los-Polticos\/61565672886568\/\" \/>\n<meta property=\"article:published_time\" content=\"2023-10-22T23:42:10+00:00\" \/>\n<meta property=\"article:modified_time\" content=\"2023-10-22T23:42:16+00:00\" \/>\n<meta property=\"og:image\" content=\"https:\/\/lospoliticosveracruz.com\/wp-content\/uploads\/2016\/07\/Logo-Dor.jpg\" \/>\n\t<meta property=\"og:image:width\" content=\"200\" \/>\n\t<meta property=\"og:image:height\" content=\"200\" \/>\n\t<meta property=\"og:image:type\" content=\"image\/jpeg\" \/>\n<meta name=\"author\" content=\"Lo viste en Los Pol\u00edticos\" \/>\n<meta name=\"twitter:card\" content=\"summary_large_image\" \/>\n<meta name=\"twitter:creator\" content=\"@LosPoliticosVer\" \/>\n<meta name=\"twitter:site\" content=\"@LosPoliticosVer\" \/>\n<meta name=\"twitter:label1\" content=\"Escrito por\" \/>\n\t<meta name=\"twitter:data1\" content=\"Lo viste en Los Pol\u00edticos\" \/>\n\t<meta name=\"twitter:label2\" content=\"Tiempo de lectura\" \/>\n\t<meta name=\"twitter:data2\" content=\"4 minutos\" \/>\n<script type=\"application\/ld+json\" class=\"yoast-schema-graph\">{\"@context\":\"https:\\\/\\\/schema.org\",\"@graph\":[{\"@type\":\"Article\",\"@id\":\"https:\\\/\\\/lospoliticosveracruz.com\\\/?p=113262#article\",\"isPartOf\":{\"@id\":\"https:\\\/\\\/lospoliticosveracruz.com\\\/?p=113262\"},\"author\":{\"name\":\"Lo viste en Los Pol\u00edticos\",\"@id\":\"https:\\\/\\\/lospoliticosveracruz.com\\\/#\\\/schema\\\/person\\\/b8702bb0e538456e6efd07080bf2a4a2\"},\"headline\":\"LAS 5 DEL CISNE!\",\"datePublished\":\"2023-10-22T23:42:10+00:00\",\"dateModified\":\"2023-10-22T23:42:16+00:00\",\"mainEntityOfPage\":{\"@id\":\"https:\\\/\\\/lospoliticosveracruz.com\\\/?p=113262\"},\"wordCount\":742,\"publisher\":{\"@id\":\"https:\\\/\\\/lospoliticosveracruz.com\\\/#organization\"},\"keywords\":[\"crisis migratoria\",\"Estado de Derecho\",\"justicia\",\"Morena\",\"pobreza\",\"Reforma Educativa\",\"Salud\"],\"articleSection\":[\"De Opini\u00f3n\"],\"inLanguage\":\"es\"},{\"@type\":\"WebPage\",\"@id\":\"https:\\\/\\\/lospoliticosveracruz.com\\\/?p=113262\",\"url\":\"https:\\\/\\\/lospoliticosveracruz.com\\\/?p=113262\",\"name\":\"LAS 5 DEL CISNE! - Los pol\u00edticos Veracruz\",\"isPartOf\":{\"@id\":\"https:\\\/\\\/lospoliticosveracruz.com\\\/#website\"},\"datePublished\":\"2023-10-22T23:42:10+00:00\",\"dateModified\":\"2023-10-22T23:42:16+00:00\",\"breadcrumb\":{\"@id\":\"https:\\\/\\\/lospoliticosveracruz.com\\\/?p=113262#breadcrumb\"},\"inLanguage\":\"es\",\"potentialAction\":[{\"@type\":\"ReadAction\",\"target\":[\"https:\\\/\\\/lospoliticosveracruz.com\\\/?p=113262\"]}]},{\"@type\":\"BreadcrumbList\",\"@id\":\"https:\\\/\\\/lospoliticosveracruz.com\\\/?p=113262#breadcrumb\",\"itemListElement\":[{\"@type\":\"ListItem\",\"position\":1,\"name\":\"Portada\",\"item\":\"https:\\\/\\\/lospoliticosveracruz.com\\\/\"},{\"@type\":\"ListItem\",\"position\":2,\"name\":\"LAS 5 DEL CISNE!\"}]},{\"@type\":\"WebSite\",\"@id\":\"https:\\\/\\\/lospoliticosveracruz.com\\\/#website\",\"url\":\"https:\\\/\\\/lospoliticosveracruz.com\\\/\",\"name\":\"Los pol\u00edticos Veracruz\",\"description\":\"\",\"publisher\":{\"@id\":\"https:\\\/\\\/lospoliticosveracruz.com\\\/#organization\"},\"potentialAction\":[{\"@type\":\"SearchAction\",\"target\":{\"@type\":\"EntryPoint\",\"urlTemplate\":\"https:\\\/\\\/lospoliticosveracruz.com\\\/?s={search_term_string}\"},\"query-input\":{\"@type\":\"PropertyValueSpecification\",\"valueRequired\":true,\"valueName\":\"search_term_string\"}}],\"inLanguage\":\"es\"},{\"@type\":\"Organization\",\"@id\":\"https:\\\/\\\/lospoliticosveracruz.com\\\/#organization\",\"name\":\"Los pol\u00edticos Veracruz\",\"url\":\"https:\\\/\\\/lospoliticosveracruz.com\\\/\",\"logo\":{\"@type\":\"ImageObject\",\"inLanguage\":\"es\",\"@id\":\"https:\\\/\\\/lospoliticosveracruz.com\\\/#\\\/schema\\\/logo\\\/image\\\/\",\"url\":\"https:\\\/\\\/lospoliticosveracruz.com\\\/wp-content\\\/uploads\\\/2025\\\/12\\\/Logo-Nuevo-LOS-POLITICOS-1.jpg\",\"contentUrl\":\"https:\\\/\\\/lospoliticosveracruz.com\\\/wp-content\\\/uploads\\\/2025\\\/12\\\/Logo-Nuevo-LOS-POLITICOS-1.jpg\",\"width\":260,\"height\":70,\"caption\":\"Los pol\u00edticos Veracruz\"},\"image\":{\"@id\":\"https:\\\/\\\/lospoliticosveracruz.com\\\/#\\\/schema\\\/logo\\\/image\\\/\"},\"sameAs\":[\"https:\\\/\\\/www.facebook.com\\\/people\\\/Notimemes-de-los-Polticos\\\/61565672886568\\\/\",\"https:\\\/\\\/x.com\\\/LosPoliticosVer\"]},{\"@type\":\"Person\",\"@id\":\"https:\\\/\\\/lospoliticosveracruz.com\\\/#\\\/schema\\\/person\\\/b8702bb0e538456e6efd07080bf2a4a2\",\"name\":\"Lo viste en Los Pol\u00edticos\",\"image\":{\"@type\":\"ImageObject\",\"inLanguage\":\"es\",\"@id\":\"https:\\\/\\\/secure.gravatar.com\\\/avatar\\\/3a8de04a2656d44082be478bd6c086daa447c4651605818287b9532d3d0bd435?s=96&d=mm&r=g\",\"url\":\"https:\\\/\\\/secure.gravatar.com\\\/avatar\\\/3a8de04a2656d44082be478bd6c086daa447c4651605818287b9532d3d0bd435?s=96&d=mm&r=g\",\"contentUrl\":\"https:\\\/\\\/secure.gravatar.com\\\/avatar\\\/3a8de04a2656d44082be478bd6c086daa447c4651605818287b9532d3d0bd435?s=96&d=mm&r=g\",\"caption\":\"Lo viste en Los Pol\u00edticos\"},\"url\":\"https:\\\/\\\/lospoliticosveracruz.com\\\/?author=2\"}]}<\/script>\n<!-- \/ Yoast SEO plugin. -->","yoast_head_json":{"title":"LAS 5 DEL CISNE! - Los pol\u00edticos Veracruz","robots":{"index":"index","follow":"follow","max-snippet":"max-snippet:-1","max-image-preview":"max-image-preview:large","max-video-preview":"max-video-preview:-1"},"canonical":"https:\/\/lospoliticosveracruz.com\/?p=113262","og_locale":"es_ES","og_type":"article","og_title":"LAS 5 DEL CISNE! - Los pol\u00edticos Veracruz","og_description":"Alberto Silva Ramos Con frecuencia, en las reuniones sociales o tertulias familiares se comentan y discuten, no con poca pasi\u00f3n, los retos y faltantes que nuestro pa\u00eds tiene y&nbsp; que habr\u00e1 de dominara el accionar del pr\u00f3ximo gobierno. Estos 5 temas habr\u00e1n de ser analizados y consumir\u00e1n r\u00e1pidamente el bono democr\u00e1tico de la pr\u00f3xima administraci\u00f3n [&hellip;]","og_url":"https:\/\/lospoliticosveracruz.com\/?p=113262","og_site_name":"Los pol\u00edticos Veracruz","article_publisher":"https:\/\/www.facebook.com\/people\/Notimemes-de-los-Polticos\/61565672886568\/","article_published_time":"2023-10-22T23:42:10+00:00","article_modified_time":"2023-10-22T23:42:16+00:00","og_image":[{"width":200,"height":200,"url":"https:\/\/lospoliticosveracruz.com\/wp-content\/uploads\/2016\/07\/Logo-Dor.jpg","type":"image\/jpeg"}],"author":"Lo viste en Los Pol\u00edticos","twitter_card":"summary_large_image","twitter_creator":"@LosPoliticosVer","twitter_site":"@LosPoliticosVer","twitter_misc":{"Escrito por":"Lo viste en Los Pol\u00edticos","Tiempo de lectura":"4 minutos"},"schema":{"@context":"https:\/\/schema.org","@graph":[{"@type":"Article","@id":"https:\/\/lospoliticosveracruz.com\/?p=113262#article","isPartOf":{"@id":"https:\/\/lospoliticosveracruz.com\/?p=113262"},"author":{"name":"Lo viste en Los Pol\u00edticos","@id":"https:\/\/lospoliticosveracruz.com\/#\/schema\/person\/b8702bb0e538456e6efd07080bf2a4a2"},"headline":"LAS 5 DEL CISNE!","datePublished":"2023-10-22T23:42:10+00:00","dateModified":"2023-10-22T23:42:16+00:00","mainEntityOfPage":{"@id":"https:\/\/lospoliticosveracruz.com\/?p=113262"},"wordCount":742,"publisher":{"@id":"https:\/\/lospoliticosveracruz.com\/#organization"},"keywords":["crisis migratoria","Estado de Derecho","justicia","Morena","pobreza","Reforma Educativa","Salud"],"articleSection":["De Opini\u00f3n"],"inLanguage":"es"},{"@type":"WebPage","@id":"https:\/\/lospoliticosveracruz.com\/?p=113262","url":"https:\/\/lospoliticosveracruz.com\/?p=113262","name":"LAS 5 DEL CISNE! - Los pol\u00edticos Veracruz","isPartOf":{"@id":"https:\/\/lospoliticosveracruz.com\/#website"},"datePublished":"2023-10-22T23:42:10+00:00","dateModified":"2023-10-22T23:42:16+00:00","breadcrumb":{"@id":"https:\/\/lospoliticosveracruz.com\/?p=113262#breadcrumb"},"inLanguage":"es","potentialAction":[{"@type":"ReadAction","target":["https:\/\/lospoliticosveracruz.com\/?p=113262"]}]},{"@type":"BreadcrumbList","@id":"https:\/\/lospoliticosveracruz.com\/?p=113262#breadcrumb","itemListElement":[{"@type":"ListItem","position":1,"name":"Portada","item":"https:\/\/lospoliticosveracruz.com\/"},{"@type":"ListItem","position":2,"name":"LAS 5 DEL CISNE!"}]},{"@type":"WebSite","@id":"https:\/\/lospoliticosveracruz.com\/#website","url":"https:\/\/lospoliticosveracruz.com\/","name":"Los pol\u00edticos Veracruz","description":"","publisher":{"@id":"https:\/\/lospoliticosveracruz.com\/#organization"},"potentialAction":[{"@type":"SearchAction","target":{"@type":"EntryPoint","urlTemplate":"https:\/\/lospoliticosveracruz.com\/?s={search_term_string}"},"query-input":{"@type":"PropertyValueSpecification","valueRequired":true,"valueName":"search_term_string"}}],"inLanguage":"es"},{"@type":"Organization","@id":"https:\/\/lospoliticosveracruz.com\/#organization","name":"Los pol\u00edticos Veracruz","url":"https:\/\/lospoliticosveracruz.com\/","logo":{"@type":"ImageObject","inLanguage":"es","@id":"https:\/\/lospoliticosveracruz.com\/#\/schema\/logo\/image\/","url":"https:\/\/lospoliticosveracruz.com\/wp-content\/uploads\/2025\/12\/Logo-Nuevo-LOS-POLITICOS-1.jpg","contentUrl":"https:\/\/lospoliticosveracruz.com\/wp-content\/uploads\/2025\/12\/Logo-Nuevo-LOS-POLITICOS-1.jpg","width":260,"height":70,"caption":"Los pol\u00edticos Veracruz"},"image":{"@id":"https:\/\/lospoliticosveracruz.com\/#\/schema\/logo\/image\/"},"sameAs":["https:\/\/www.facebook.com\/people\/Notimemes-de-los-Polticos\/61565672886568\/","https:\/\/x.com\/LosPoliticosVer"]},{"@type":"Person","@id":"https:\/\/lospoliticosveracruz.com\/#\/schema\/person\/b8702bb0e538456e6efd07080bf2a4a2","name":"Lo viste en Los Pol\u00edticos","image":{"@type":"ImageObject","inLanguage":"es","@id":"https:\/\/secure.gravatar.com\/avatar\/3a8de04a2656d44082be478bd6c086daa447c4651605818287b9532d3d0bd435?s=96&d=mm&r=g","url":"https:\/\/secure.gravatar.com\/avatar\/3a8de04a2656d44082be478bd6c086daa447c4651605818287b9532d3d0bd435?s=96&d=mm&r=g","contentUrl":"https:\/\/secure.gravatar.com\/avatar\/3a8de04a2656d44082be478bd6c086daa447c4651605818287b9532d3d0bd435?s=96&d=mm&r=g","caption":"Lo viste en Los Pol\u00edticos"},"url":"https:\/\/lospoliticosveracruz.com\/?author=2"}]}},"_links":{"self":[{"href":"https:\/\/lospoliticosveracruz.com\/index.php?rest_route=\/wp\/v2\/posts\/113262","targetHints":{"allow":["GET"]}}],"collection":[{"href":"https:\/\/lospoliticosveracruz.com\/index.php?rest_route=\/wp\/v2\/posts"}],"about":[{"href":"https:\/\/lospoliticosveracruz.com\/index.php?rest_route=\/wp\/v2\/types\/post"}],"author":[{"embeddable":true,"href":"https:\/\/lospoliticosveracruz.com\/index.php?rest_route=\/wp\/v2\/users\/2"}],"replies":[{"embeddable":true,"href":"https:\/\/lospoliticosveracruz.com\/index.php?rest_route=%2Fwp%2Fv2%2Fcomments&post=113262"}],"version-history":[{"count":1,"href":"https:\/\/lospoliticosveracruz.com\/index.php?rest_route=\/wp\/v2\/posts\/113262\/revisions"}],"predecessor-version":[{"id":113263,"href":"https:\/\/lospoliticosveracruz.com\/index.php?rest_route=\/wp\/v2\/posts\/113262\/revisions\/113263"}],"wp:attachment":[{"href":"https:\/\/lospoliticosveracruz.com\/index.php?rest_route=%2Fwp%2Fv2%2Fmedia&parent=113262"}],"wp:term":[{"taxonomy":"category","embeddable":true,"href":"https:\/\/lospoliticosveracruz.com\/index.php?rest_route=%2Fwp%2Fv2%2Fcategories&post=113262"},{"taxonomy":"post_tag","embeddable":true,"href":"https:\/\/lospoliticosveracruz.com\/index.php?rest_route=%2Fwp%2Fv2%2Ftags&post=113262"}],"curies":[{"name":"wp","href":"https:\/\/api.w.org\/{rel}","templated":true}]}}