{"id":113278,"date":"2023-10-22T20:53:11","date_gmt":"2023-10-23T01:53:11","guid":{"rendered":"https:\/\/lospoliticosveracruz.com.mx\/?p=113278"},"modified":"2023-10-22T20:53:20","modified_gmt":"2023-10-23T01:53:20","slug":"cumbre-migratoria-y-sur-de-veracruz","status":"publish","type":"post","link":"https:\/\/lospoliticosveracruz.com\/?p=113278","title":{"rendered":"CUMBRE MIGRATORIA Y SUR DE VERACRUZ"},"content":{"rendered":"\n<p><br><strong>Jos\u00e9 Luis Enr\u00edquez Ambell<\/strong><\/p>\n\n\n\n<p><em>Caf\u00e9 de ma\u00f1ana<\/em><\/p>\n\n\n\n<p>La migraci\u00f3n hoy en d\u00eda es un tema de la agenda mundial, no s\u00f3lo de Centroam\u00e9rica, El Caribe o de M\u00e9xico a los Estados Unidos, y Veracruz la ve naturalmente a diario, incluso desde nuestra regi\u00f3n sur se ha venido extendiendo y ramificando por toda la geograf\u00eda estatal.<\/p>\n\n\n\n<p>Las escenas que permiten ver pasar personas de Centroam\u00e9rica, Sudam\u00e9rica, El Caribe y algunos otros pa\u00edses es un fen\u00f3meno hasta natural en todo el sur veracruzano, y quiz\u00e1 hasta pasa inadvertido para otros puntos de M\u00e9xico.<\/p>\n\n\n\n<p>Y es que atravesar fronteras dejando residencia y familia en busca de un establecimiento mejor -sea temporal o definitivo y en otro pa\u00eds no debe ser sencillo- y en eso habremos de coincidir, pues en nuestro caso este flujo busca llegar al vecino pa\u00eds del norte: los Estados Unidos de Norteam\u00e9rica.<\/p>\n\n\n\n<p>Cabe recordar, que es un derecho humano aspirar a obtener trabajo, ingresos, salud y un futuro mejor, de ah\u00ed que se arriesguen a explorar a lo desconocido, incluso a la violencia criminal que los acecha, y con graves peligros.<\/p>\n\n\n\n<p>La actual pol\u00edtica del gobierno federal para proteger migrantes lleva a que recordemos que el Presidente de M\u00e9xico, Andr\u00e9s Manuel L\u00f3pez Obrador, al intervenir el 9 de noviembre del 2021, en el Consejo de Seguridad de la ONU, propuso: \u201cel Plan Mundial de Fraternidad y Bienestar\u00bb en busca combatir la pobreza, la desigualdad y tambi\u00e9n las causas de la migraci\u00f3n.<\/p>\n\n\n\n<p>Y hace unas pocas horas el Presidente afirm\u00f3 que la Cumbre Migratoria que encabez\u00f3 desde Palenque, Chiapas, es una convocatoria a sumar esfuerzos, voluntades y recursos para atender las causas del&nbsp;fen\u00f3meno migratorio en la regi\u00f3n de centroam\u00e9rica y el caribe, de ah\u00ed que hasta Mandatarios y representantes de pa\u00edses vecinos y hermanos hayan acudido, aunque en realidad tienen muy poco que aportar.<\/p>\n\n\n\n<p>Y es que las obras que impulsa el Gobierno de la Rep\u00fablica en Tabasco, Veracruz y Oaxaca, as\u00ed como, en Yucat\u00e1n, Quintana Roo, Campeche y Chiapas que hacen frontera com\u00fan, atrae a los centroamericanos y caribe\u00f1os &#8211; sin descontar de otros pa\u00edses &#8211; para buscar hasta quedarse, no s\u00f3lo transitar camino a la Uni\u00f3n Americana, aunque esta situaci\u00f3n reviste otra problem\u00e1tica, sobre todo en materia de seguridad integral.<\/p>\n\n\n\n<p>Los participantes en la Cumbre Migratoria deben entender que M\u00e9xico en ese rubro la tenemos muy dif\u00edcil ante USA, pues es un riesgo muy grande el que nuestro pa\u00eds -habiendo o no aceptado- pero el ser visto con funciones de polic\u00eda migratorio de los EU, nos resulta hasta peligroso, recordemos el reciente \u00abhecho e incidente conocido en Cd. Ju\u00e1rez por el incendio en instalaciones del Instituto Nacional de Migraci\u00f3n (INM)\u00bb.<\/p>\n\n\n\n<p>En esta ocasi\u00f3n, hasta Colombia (Sudam\u00e9rica) ha estado presente en la Cumbre de Palenque, y de haber alcanzado los asistentes sus objetivos concretos y favorables, ya los veremos y sino, tambi\u00e9n. Pero sin nada que festejar, desafortunadamente.<\/p>\n\n\n\n<p>DE SOBREMESA<\/p>\n\n\n\n<p>Falta mucho por verse y hacer; pero, seguro es que los paisanos del sur de Veracruz seguir\u00e1n siendo testigos de la migraci\u00f3n que cruza por el territorio nacional.<\/p>\n\n\n\n<p>UN CAF\u00c9 CON DOBLE CARGA<\/p>\n\n\n\n<p>Nuestro pa\u00eds en el presente verano, se ha dicho, super\u00f3 el r\u00e9cord de detenciones, mientras que las asociaciones y ONG de la sociedad civil consideran que la pol\u00edtica debe virar a facilitar el tr\u00e1nsito de los refugiados en M\u00e9xico, y no es para nada una acci\u00f3n simple y sencilla, pues la inseguridad envuelve a todo el tema migratorio.<\/p>\n\n\n\n<p>UN CAF\u00c9 CON CANELA Y PANELA<\/p>\n\n\n\n<p>Los migrantes, los refugiados y las personas desplazadas estando lejos de su regi\u00f3n o pa\u00eds resultan un asunto muy delicado para M\u00e9xico en su tr\u00e1nsito del sur al norte, y mucho m\u00e1s cuando existen ni\u00f1os, adolescentes, menores y mujeres de por medio.<\/p>\n\n\n\n<p>UN CAF\u00c9 VERACRUZANO<\/p>\n\n\n\n<p>Por cierto, en la Cumbre Migratoria de Palenque, Veracruz estuvo presente y doblemente. Por un lado , el Jefe del Poder Ejecutivo, Ing. Cuitlahuac Garc\u00eda Jim\u00e9nez, asisti\u00f3 y el Secretario de Marina, Almirante Jos\u00e9 Rafael Ojeda, como anfitri\u00f3n institucional de Miguel D\u00edaz-Canel, Presidente de Cuba, y quien particip\u00f3 en la Cumbre Migratoria junto con otros 11 pa\u00edses de Latinoam\u00e9rica.<\/p>\n\n\n\n<p>\u00a1 ES CUANTO !<\/p>\n\n\n\n<p>Jos\u00e9 Luis Enr\u00edquez Ambell<br>enamjl62@gmail.com; enriquezambell@gmail.com<br>Secretario General de la Federaci\u00f3n Aut\u00e9ntica de Trabajadores del Estado de Veracruz (FATEV &#8211; JLEG) Registro Federal del Trabajo # 5844 y Director General de la Consultor\u00eda y Asesor\u00eda Integral AECAI Torre \u00c1nimas en Xalapa, Ver.<\/p>\n","protected":false},"excerpt":{"rendered":"<p>Jos\u00e9 Luis Enr\u00edquez Ambell Caf\u00e9 de ma\u00f1ana La migraci\u00f3n hoy en d\u00eda es un tema de la agenda mundial, no s\u00f3lo de Centroam\u00e9rica, El Caribe o de M\u00e9xico a los Estados Unidos, y Veracruz la ve naturalmente a diario, incluso desde nuestra regi\u00f3n sur se ha venido extendiendo y ramificando por toda la geograf\u00eda estatal. [&hellip;]<\/p>\n","protected":false},"author":2,"featured_media":0,"comment_status":"closed","ping_status":"closed","sticky":false,"template":"","format":"standard","meta":{"tdm_status":"","tdm_grid_status":"","footnotes":""},"categories":[70],"tags":[618,1563,39589,1026,195],"class_list":{"0":"post-113278","1":"post","2":"type-post","3":"status-publish","4":"format-standard","6":"category-de-opinion","7":"tag-andres-manuel-lopez-obrador","8":"tag-cuitlahuac-garcia-jimenez","9":"tag-cumbre-migratoria","10":"tag-morena","11":"tag-veracruz"},"yoast_head":"<!-- This site is optimized with the Yoast SEO plugin v27.4 - https:\/\/yoast.com\/product\/yoast-seo-wordpress\/ -->\n<title>CUMBRE MIGRATORIA Y SUR DE VERACRUZ - Los pol\u00edticos Veracruz<\/title>\n<meta name=\"robots\" content=\"index, follow, max-snippet:-1, max-image-preview:large, max-video-preview:-1\" \/>\n<link rel=\"canonical\" href=\"https:\/\/lospoliticosveracruz.com\/?p=113278\" \/>\n<meta property=\"og:locale\" content=\"es_ES\" \/>\n<meta property=\"og:type\" content=\"article\" \/>\n<meta property=\"og:title\" content=\"CUMBRE MIGRATORIA Y SUR DE VERACRUZ - Los pol\u00edticos Veracruz\" \/>\n<meta property=\"og:description\" content=\"Jos\u00e9 Luis Enr\u00edquez Ambell Caf\u00e9 de ma\u00f1ana La migraci\u00f3n hoy en d\u00eda es un tema de la agenda mundial, no s\u00f3lo de Centroam\u00e9rica, El Caribe o de M\u00e9xico a los Estados Unidos, y Veracruz la ve naturalmente a diario, incluso desde nuestra regi\u00f3n sur se ha venido extendiendo y ramificando por toda la geograf\u00eda estatal. [&hellip;]\" \/>\n<meta property=\"og:url\" content=\"https:\/\/lospoliticosveracruz.com\/?p=113278\" \/>\n<meta property=\"og:site_name\" content=\"Los pol\u00edticos Veracruz\" \/>\n<meta property=\"article:publisher\" content=\"https:\/\/www.facebook.com\/people\/Notimemes-de-los-Polticos\/61565672886568\/\" \/>\n<meta property=\"article:published_time\" content=\"2023-10-23T01:53:11+00:00\" \/>\n<meta property=\"article:modified_time\" content=\"2023-10-23T01:53:20+00:00\" \/>\n<meta property=\"og:image\" content=\"https:\/\/lospoliticosveracruz.com\/wp-content\/uploads\/2016\/07\/Logo-Dor.jpg\" \/>\n\t<meta property=\"og:image:width\" content=\"200\" \/>\n\t<meta property=\"og:image:height\" content=\"200\" \/>\n\t<meta property=\"og:image:type\" content=\"image\/jpeg\" \/>\n<meta name=\"author\" content=\"Lo viste en Los Pol\u00edticos\" \/>\n<meta name=\"twitter:card\" content=\"summary_large_image\" \/>\n<meta name=\"twitter:creator\" content=\"@LosPoliticosVer\" \/>\n<meta name=\"twitter:site\" content=\"@LosPoliticosVer\" \/>\n<meta name=\"twitter:label1\" content=\"Escrito por\" \/>\n\t<meta name=\"twitter:data1\" content=\"Lo viste en Los Pol\u00edticos\" \/>\n\t<meta name=\"twitter:label2\" content=\"Tiempo de lectura\" \/>\n\t<meta name=\"twitter:data2\" content=\"4 minutos\" \/>\n<script type=\"application\/ld+json\" class=\"yoast-schema-graph\">{\"@context\":\"https:\\\/\\\/schema.org\",\"@graph\":[{\"@type\":\"Article\",\"@id\":\"https:\\\/\\\/lospoliticosveracruz.com\\\/?p=113278#article\",\"isPartOf\":{\"@id\":\"https:\\\/\\\/lospoliticosveracruz.com\\\/?p=113278\"},\"author\":{\"name\":\"Lo viste en Los Pol\u00edticos\",\"@id\":\"https:\\\/\\\/lospoliticosveracruz.com\\\/#\\\/schema\\\/person\\\/b8702bb0e538456e6efd07080bf2a4a2\"},\"headline\":\"CUMBRE MIGRATORIA Y SUR DE VERACRUZ\",\"datePublished\":\"2023-10-23T01:53:11+00:00\",\"dateModified\":\"2023-10-23T01:53:20+00:00\",\"mainEntityOfPage\":{\"@id\":\"https:\\\/\\\/lospoliticosveracruz.com\\\/?p=113278\"},\"wordCount\":799,\"publisher\":{\"@id\":\"https:\\\/\\\/lospoliticosveracruz.com\\\/#organization\"},\"keywords\":[\"Andr\u00e9s Manuel L\u00f3pez Obrador\",\"Cuitl\u00e1huac Garc\u00eda Jim\u00e9nez\",\"Cumbre Migratoria\",\"Morena\",\"Veracruz\"],\"articleSection\":[\"De Opini\u00f3n\"],\"inLanguage\":\"es\"},{\"@type\":\"WebPage\",\"@id\":\"https:\\\/\\\/lospoliticosveracruz.com\\\/?p=113278\",\"url\":\"https:\\\/\\\/lospoliticosveracruz.com\\\/?p=113278\",\"name\":\"CUMBRE MIGRATORIA Y SUR DE VERACRUZ - Los pol\u00edticos Veracruz\",\"isPartOf\":{\"@id\":\"https:\\\/\\\/lospoliticosveracruz.com\\\/#website\"},\"datePublished\":\"2023-10-23T01:53:11+00:00\",\"dateModified\":\"2023-10-23T01:53:20+00:00\",\"breadcrumb\":{\"@id\":\"https:\\\/\\\/lospoliticosveracruz.com\\\/?p=113278#breadcrumb\"},\"inLanguage\":\"es\",\"potentialAction\":[{\"@type\":\"ReadAction\",\"target\":[\"https:\\\/\\\/lospoliticosveracruz.com\\\/?p=113278\"]}]},{\"@type\":\"BreadcrumbList\",\"@id\":\"https:\\\/\\\/lospoliticosveracruz.com\\\/?p=113278#breadcrumb\",\"itemListElement\":[{\"@type\":\"ListItem\",\"position\":1,\"name\":\"Portada\",\"item\":\"https:\\\/\\\/lospoliticosveracruz.com\\\/\"},{\"@type\":\"ListItem\",\"position\":2,\"name\":\"CUMBRE MIGRATORIA Y SUR DE VERACRUZ\"}]},{\"@type\":\"WebSite\",\"@id\":\"https:\\\/\\\/lospoliticosveracruz.com\\\/#website\",\"url\":\"https:\\\/\\\/lospoliticosveracruz.com\\\/\",\"name\":\"Los pol\u00edticos Veracruz\",\"description\":\"\",\"publisher\":{\"@id\":\"https:\\\/\\\/lospoliticosveracruz.com\\\/#organization\"},\"potentialAction\":[{\"@type\":\"SearchAction\",\"target\":{\"@type\":\"EntryPoint\",\"urlTemplate\":\"https:\\\/\\\/lospoliticosveracruz.com\\\/?s={search_term_string}\"},\"query-input\":{\"@type\":\"PropertyValueSpecification\",\"valueRequired\":true,\"valueName\":\"search_term_string\"}}],\"inLanguage\":\"es\"},{\"@type\":\"Organization\",\"@id\":\"https:\\\/\\\/lospoliticosveracruz.com\\\/#organization\",\"name\":\"Los pol\u00edticos Veracruz\",\"url\":\"https:\\\/\\\/lospoliticosveracruz.com\\\/\",\"logo\":{\"@type\":\"ImageObject\",\"inLanguage\":\"es\",\"@id\":\"https:\\\/\\\/lospoliticosveracruz.com\\\/#\\\/schema\\\/logo\\\/image\\\/\",\"url\":\"https:\\\/\\\/lospoliticosveracruz.com\\\/wp-content\\\/uploads\\\/2025\\\/12\\\/Logo-Nuevo-LOS-POLITICOS-1.jpg\",\"contentUrl\":\"https:\\\/\\\/lospoliticosveracruz.com\\\/wp-content\\\/uploads\\\/2025\\\/12\\\/Logo-Nuevo-LOS-POLITICOS-1.jpg\",\"width\":260,\"height\":70,\"caption\":\"Los pol\u00edticos Veracruz\"},\"image\":{\"@id\":\"https:\\\/\\\/lospoliticosveracruz.com\\\/#\\\/schema\\\/logo\\\/image\\\/\"},\"sameAs\":[\"https:\\\/\\\/www.facebook.com\\\/people\\\/Notimemes-de-los-Polticos\\\/61565672886568\\\/\",\"https:\\\/\\\/x.com\\\/LosPoliticosVer\"]},{\"@type\":\"Person\",\"@id\":\"https:\\\/\\\/lospoliticosveracruz.com\\\/#\\\/schema\\\/person\\\/b8702bb0e538456e6efd07080bf2a4a2\",\"name\":\"Lo viste en Los Pol\u00edticos\",\"image\":{\"@type\":\"ImageObject\",\"inLanguage\":\"es\",\"@id\":\"https:\\\/\\\/secure.gravatar.com\\\/avatar\\\/3a8de04a2656d44082be478bd6c086daa447c4651605818287b9532d3d0bd435?s=96&d=mm&r=g\",\"url\":\"https:\\\/\\\/secure.gravatar.com\\\/avatar\\\/3a8de04a2656d44082be478bd6c086daa447c4651605818287b9532d3d0bd435?s=96&d=mm&r=g\",\"contentUrl\":\"https:\\\/\\\/secure.gravatar.com\\\/avatar\\\/3a8de04a2656d44082be478bd6c086daa447c4651605818287b9532d3d0bd435?s=96&d=mm&r=g\",\"caption\":\"Lo viste en Los Pol\u00edticos\"},\"url\":\"https:\\\/\\\/lospoliticosveracruz.com\\\/?author=2\"}]}<\/script>\n<!-- \/ Yoast SEO plugin. -->","yoast_head_json":{"title":"CUMBRE MIGRATORIA Y SUR DE VERACRUZ - Los pol\u00edticos Veracruz","robots":{"index":"index","follow":"follow","max-snippet":"max-snippet:-1","max-image-preview":"max-image-preview:large","max-video-preview":"max-video-preview:-1"},"canonical":"https:\/\/lospoliticosveracruz.com\/?p=113278","og_locale":"es_ES","og_type":"article","og_title":"CUMBRE MIGRATORIA Y SUR DE VERACRUZ - Los pol\u00edticos Veracruz","og_description":"Jos\u00e9 Luis Enr\u00edquez Ambell Caf\u00e9 de ma\u00f1ana La migraci\u00f3n hoy en d\u00eda es un tema de la agenda mundial, no s\u00f3lo de Centroam\u00e9rica, El Caribe o de M\u00e9xico a los Estados Unidos, y Veracruz la ve naturalmente a diario, incluso desde nuestra regi\u00f3n sur se ha venido extendiendo y ramificando por toda la geograf\u00eda estatal. [&hellip;]","og_url":"https:\/\/lospoliticosveracruz.com\/?p=113278","og_site_name":"Los pol\u00edticos Veracruz","article_publisher":"https:\/\/www.facebook.com\/people\/Notimemes-de-los-Polticos\/61565672886568\/","article_published_time":"2023-10-23T01:53:11+00:00","article_modified_time":"2023-10-23T01:53:20+00:00","og_image":[{"width":200,"height":200,"url":"https:\/\/lospoliticosveracruz.com\/wp-content\/uploads\/2016\/07\/Logo-Dor.jpg","type":"image\/jpeg"}],"author":"Lo viste en Los Pol\u00edticos","twitter_card":"summary_large_image","twitter_creator":"@LosPoliticosVer","twitter_site":"@LosPoliticosVer","twitter_misc":{"Escrito por":"Lo viste en Los Pol\u00edticos","Tiempo de lectura":"4 minutos"},"schema":{"@context":"https:\/\/schema.org","@graph":[{"@type":"Article","@id":"https:\/\/lospoliticosveracruz.com\/?p=113278#article","isPartOf":{"@id":"https:\/\/lospoliticosveracruz.com\/?p=113278"},"author":{"name":"Lo viste en Los Pol\u00edticos","@id":"https:\/\/lospoliticosveracruz.com\/#\/schema\/person\/b8702bb0e538456e6efd07080bf2a4a2"},"headline":"CUMBRE MIGRATORIA Y SUR DE VERACRUZ","datePublished":"2023-10-23T01:53:11+00:00","dateModified":"2023-10-23T01:53:20+00:00","mainEntityOfPage":{"@id":"https:\/\/lospoliticosveracruz.com\/?p=113278"},"wordCount":799,"publisher":{"@id":"https:\/\/lospoliticosveracruz.com\/#organization"},"keywords":["Andr\u00e9s Manuel L\u00f3pez Obrador","Cuitl\u00e1huac Garc\u00eda Jim\u00e9nez","Cumbre Migratoria","Morena","Veracruz"],"articleSection":["De Opini\u00f3n"],"inLanguage":"es"},{"@type":"WebPage","@id":"https:\/\/lospoliticosveracruz.com\/?p=113278","url":"https:\/\/lospoliticosveracruz.com\/?p=113278","name":"CUMBRE MIGRATORIA Y SUR DE VERACRUZ - Los pol\u00edticos Veracruz","isPartOf":{"@id":"https:\/\/lospoliticosveracruz.com\/#website"},"datePublished":"2023-10-23T01:53:11+00:00","dateModified":"2023-10-23T01:53:20+00:00","breadcrumb":{"@id":"https:\/\/lospoliticosveracruz.com\/?p=113278#breadcrumb"},"inLanguage":"es","potentialAction":[{"@type":"ReadAction","target":["https:\/\/lospoliticosveracruz.com\/?p=113278"]}]},{"@type":"BreadcrumbList","@id":"https:\/\/lospoliticosveracruz.com\/?p=113278#breadcrumb","itemListElement":[{"@type":"ListItem","position":1,"name":"Portada","item":"https:\/\/lospoliticosveracruz.com\/"},{"@type":"ListItem","position":2,"name":"CUMBRE MIGRATORIA Y SUR DE VERACRUZ"}]},{"@type":"WebSite","@id":"https:\/\/lospoliticosveracruz.com\/#website","url":"https:\/\/lospoliticosveracruz.com\/","name":"Los pol\u00edticos Veracruz","description":"","publisher":{"@id":"https:\/\/lospoliticosveracruz.com\/#organization"},"potentialAction":[{"@type":"SearchAction","target":{"@type":"EntryPoint","urlTemplate":"https:\/\/lospoliticosveracruz.com\/?s={search_term_string}"},"query-input":{"@type":"PropertyValueSpecification","valueRequired":true,"valueName":"search_term_string"}}],"inLanguage":"es"},{"@type":"Organization","@id":"https:\/\/lospoliticosveracruz.com\/#organization","name":"Los pol\u00edticos Veracruz","url":"https:\/\/lospoliticosveracruz.com\/","logo":{"@type":"ImageObject","inLanguage":"es","@id":"https:\/\/lospoliticosveracruz.com\/#\/schema\/logo\/image\/","url":"https:\/\/lospoliticosveracruz.com\/wp-content\/uploads\/2025\/12\/Logo-Nuevo-LOS-POLITICOS-1.jpg","contentUrl":"https:\/\/lospoliticosveracruz.com\/wp-content\/uploads\/2025\/12\/Logo-Nuevo-LOS-POLITICOS-1.jpg","width":260,"height":70,"caption":"Los pol\u00edticos Veracruz"},"image":{"@id":"https:\/\/lospoliticosveracruz.com\/#\/schema\/logo\/image\/"},"sameAs":["https:\/\/www.facebook.com\/people\/Notimemes-de-los-Polticos\/61565672886568\/","https:\/\/x.com\/LosPoliticosVer"]},{"@type":"Person","@id":"https:\/\/lospoliticosveracruz.com\/#\/schema\/person\/b8702bb0e538456e6efd07080bf2a4a2","name":"Lo viste en Los Pol\u00edticos","image":{"@type":"ImageObject","inLanguage":"es","@id":"https:\/\/secure.gravatar.com\/avatar\/3a8de04a2656d44082be478bd6c086daa447c4651605818287b9532d3d0bd435?s=96&d=mm&r=g","url":"https:\/\/secure.gravatar.com\/avatar\/3a8de04a2656d44082be478bd6c086daa447c4651605818287b9532d3d0bd435?s=96&d=mm&r=g","contentUrl":"https:\/\/secure.gravatar.com\/avatar\/3a8de04a2656d44082be478bd6c086daa447c4651605818287b9532d3d0bd435?s=96&d=mm&r=g","caption":"Lo viste en Los Pol\u00edticos"},"url":"https:\/\/lospoliticosveracruz.com\/?author=2"}]}},"_links":{"self":[{"href":"https:\/\/lospoliticosveracruz.com\/index.php?rest_route=\/wp\/v2\/posts\/113278","targetHints":{"allow":["GET"]}}],"collection":[{"href":"https:\/\/lospoliticosveracruz.com\/index.php?rest_route=\/wp\/v2\/posts"}],"about":[{"href":"https:\/\/lospoliticosveracruz.com\/index.php?rest_route=\/wp\/v2\/types\/post"}],"author":[{"embeddable":true,"href":"https:\/\/lospoliticosveracruz.com\/index.php?rest_route=\/wp\/v2\/users\/2"}],"replies":[{"embeddable":true,"href":"https:\/\/lospoliticosveracruz.com\/index.php?rest_route=%2Fwp%2Fv2%2Fcomments&post=113278"}],"version-history":[{"count":1,"href":"https:\/\/lospoliticosveracruz.com\/index.php?rest_route=\/wp\/v2\/posts\/113278\/revisions"}],"predecessor-version":[{"id":113279,"href":"https:\/\/lospoliticosveracruz.com\/index.php?rest_route=\/wp\/v2\/posts\/113278\/revisions\/113279"}],"wp:attachment":[{"href":"https:\/\/lospoliticosveracruz.com\/index.php?rest_route=%2Fwp%2Fv2%2Fmedia&parent=113278"}],"wp:term":[{"taxonomy":"category","embeddable":true,"href":"https:\/\/lospoliticosveracruz.com\/index.php?rest_route=%2Fwp%2Fv2%2Fcategories&post=113278"},{"taxonomy":"post_tag","embeddable":true,"href":"https:\/\/lospoliticosveracruz.com\/index.php?rest_route=%2Fwp%2Fv2%2Ftags&post=113278"}],"curies":[{"name":"wp","href":"https:\/\/api.w.org\/{rel}","templated":true}]}}