{"id":113283,"date":"2023-10-23T06:01:34","date_gmt":"2023-10-23T11:01:34","guid":{"rendered":"https:\/\/lospoliticosveracruz.com.mx\/?p=113283"},"modified":"2023-10-23T06:01:40","modified_gmt":"2023-10-23T11:01:40","slug":"bola-8","status":"publish","type":"post","link":"https:\/\/lospoliticosveracruz.com\/?p=113283","title":{"rendered":"BOLA 8"},"content":{"rendered":"\n<p>Jos\u00e9 Luis Ortega Vidal<\/p>\n\n\n\n<p>Claroscuros <br>(1)<br>La mayor parte \u201cera gente de fuera\u201d, comentaron testigos del llamado \u201cPaseo de la alegr\u00eda\u201d, encabezado -arriba de una camioneta de lujo- por el ex secretario de Gobierno, Erick Patrocinio Cisneros Burgos, en Boca del R\u00edo y Veracruz.<br>A diferencia de Roc\u00edo Nahle Garc\u00eda, el tambi\u00e9n aspirante a la Coordinaci\u00f3n de los Comit\u00e9s de Defensa de la 4T en Veracruz, s\u00ed dio declaraciones a los reporteros.<\/p>\n\n\n\n<ul class=\"wp-block-list\">\n<li>\u00bfLo ideal es un veracruzano?<\/li>\n\n\n\n<li>\u201cLo ideal es una persona que se identifique con Veracruz, conozca Veracruz; no s\u00f3lo sus problemas sino sus soluciones\u201d<br>Las palabras de Cisneros Burgos quedan a la interpretaci\u00f3n de cada lector; en concreto, la pregunta de un reportero llev\u00f3 impl\u00edcita la \u201cjiribilla\u201d del origen zacatecano de Roc\u00edo Nahle, quien recomend\u00f3 al gobernador Cuitl\u00e1huac Garc\u00eda Jim\u00e9nez -en el 2018- la contrataci\u00f3n del nativo de Otatitl\u00e1n, pueblo de la cuenca del Papaloapan.<br>Resultado de aquel \u201cpalancazo\u201d, fueron cinco a\u00f1os de un empoderamiento al m\u00e1s alto nivel estatal, de Erick Patrocinio, quien se convirti\u00f3 en \u201cel 2\u201d y durante los \u00faltimos a\u00f1os y meses pas\u00f3 a operar como \u201cel 1\u201d en decisiones muy delicadas del panorama pol\u00edtico veracruzano; particularmente en el \u00e1rea de seguridad, procuraci\u00f3n de justicia, judicial y control de opositores al morenismo de Veracruz y a rebeldes dentro del propio equipo oficial.<br>Los rebeldes golpeados medi\u00e1ticamente, perseguidos o encarcelados por instrucciones de Cisneros Burgos, fueron figuras dentro del gabinete de Cuitl\u00e1huac Garc\u00eda Jim\u00e9nez y no porque hayan rebelado contra el gobernador, sino contra el empoderado secretario de Gobierno.<br>La referencia no es a un tema menor y Roc\u00edo Nahle Garc\u00eda, Zenyanzen Escobar Garc\u00eda y Juan Javier G\u00f3mez Cazar\u00edn lo saben.<br>De ah\u00ed, entonces, la trascendencia de la respuesta del ex \u201c2\u201d y ex \u201c1\u201d, a la pregunta que le hicieron este domingo en la conurbaci\u00f3n Boca del R\u00edo-Veracruz:<\/li>\n\n\n\n<li>\u201cLo ideal es una persona que se identifique con Veracruz, conozca Veracruz; no s\u00f3lo sus problemas sino sus soluciones\u201d<br>Luego de meses de combate y agresi\u00f3n a Roc\u00edo Nahle, su ex amiga pol\u00edtica, Erick Patrocinio modul\u00f3 su respuesta\u2026<br>\u201cUna persona que se identifique con Veracruz\u201d, dijo y esta oraci\u00f3n, con su contexto gramatical, reconoce el derecho pol\u00edtico de ser candidato (a) de MORENA a una ciudadana que no es nativa de la entidad, sino de Zacatecas, pero ha vivido casi cuatro d\u00e9cadas aqu\u00ed y podr\u00eda identificarse con los veracruzanos, sus problemas y soluciones, a deducir del mensaje de Cisneros Burgos.<br>(2)<br>El pr\u00f3ximo lunes se dar\u00e1 a conocer el resultado de la encuesta de MORENA y el nombre de su coordinador (a) por la defensa de la 4T; es decir su candidatura al gobierno de Veracruz.<br>Si el secretario de Gobierno sabe de antemano que \u00e9l no ganar\u00e1 \u201cla encuesta\u201d, porque en realidad ser\u00e1 un dedazo como ocurri\u00f3 con Claudia Sheinbaum, lo sabremos al paso de los d\u00edas\u2026<br>Tal vez, como lo vemos algunos, el moreno autodenominado historiador sobre la negritud intuye o fue informado de la irremediable condici\u00f3n de Roc\u00edo Nahle como favorita de L\u00f3pez Obrador; de ah\u00ed que el fin de semana opt\u00f3 por hacer algo que evit\u00f3 durante meses y a\u00f1os: bajarle tres rayitas a su postura beligerante de \u201cYanga Regi\u00f3n 4\u201d.<br>El diablo est\u00e1 en los detalles<\/li>\n\n\n\n<li>El equipo de Roc\u00edo Nahle Garc\u00eda debi\u00f3 captar, durante su gira por Tres Valles, que a Erick Patrocinio Cisneros le tienen miedo en esa zona de Veracruz. Y no s\u00f3lo ah\u00ed: hay municipios donde se quejan por abusos y acciones de intimidaci\u00f3n contra ediles y funcionarios p\u00fablicos\u2026<\/li>\n\n\n\n<li>En Coatzacoalcos, Roc\u00edo Nahle dio voz a dos mujeres poderosas que desde este domingo quedaron a\u00fan m\u00e1s empoderadas de cara al 2024 y el 2025: Eusebia Cort\u00e9s y Tania Cruz Santos, diputada local la primera y diputada federal la segunda.<\/li>\n\n\n\n<li>Llam\u00f3 la atenci\u00f3n la presencia -entre el p\u00fablico, del ex alcalde Joaqu\u00edn Caballero Rosi\u00f1ol, dentro del sal\u00f3n SUTERM de Coatzacoalcos. La ex secretaria de Energ\u00eda lo vio, le extendi\u00f3 la mano y le sonri\u00f3 al tiempo de expresarle: \u201cqu\u00e9 bueno que est\u00e1s aqu\u00ed\u2026\u201d<\/li>\n\n\n\n<li>El INE supervisa a detalles las giras de los aspirantes morenistas; cuenta las banderas, las lonas, graba declaraciones, mide tiempos, anota presencia de autoridades que deben cuidar sus horarios de trabajo\u2026<\/li>\n\n\n\n<li>Las multas pueden pesar y por eso la ausencia de alcaldes en los eventos, excepto el caso de Tatahuicapan, donde los ediles, local y de Chinameca, hicieron acto de presencia; este \u00faltimo con camisa oficial que gener\u00f3 lo bajaran del templete y lo invitaran a cambiarse de ropa: el puro oso, aunque no tan grave como aquella historia de su ex jefe policiaco involucrado en un caso de secuestro que devino v\u00edctima mortal, meses atr\u00e1s.<\/li>\n\n\n\n<li>M\u00e1s gris que una manada de elefantes, el ex alcalde de Coatzacoalcos, V\u00edctor Manuel Carranza, se moviliz\u00f3 entre Tatahuicapan y Acayucan en una camioneta con excelente clima y comodidad, para \u201cayudar\u201d a su comadre Roc\u00edo durante las giras del viernes. Lo acompa\u00f1\u00f3 el ex secretario del Ayuntamiento que tristemente presidi\u00f3. En Coatzacoalcos no se hizo notar o no se present\u00f3. En todo caso, don V\u00edctor acudi\u00f3 a rezar en lugares donde nadie lo conoce y donde su labor proselitista trascendi\u00f3 lo mismo que una ola de viento sobre el rostro de don Benito Ju\u00e1rez\u2026<\/li>\n<\/ul>\n","protected":false},"excerpt":{"rendered":"<p>Jos\u00e9 Luis Ortega Vidal Claroscuros (1)La mayor parte \u201cera gente de fuera\u201d, comentaron testigos del llamado \u201cPaseo de la alegr\u00eda\u201d, encabezado -arriba de una camioneta de lujo- por el ex secretario de Gobierno, Erick Patrocinio Cisneros Burgos, en Boca del R\u00edo y Veracruz.A diferencia de Roc\u00edo Nahle Garc\u00eda, el tambi\u00e9n aspirante a la Coordinaci\u00f3n de [&hellip;]<\/p>\n","protected":false},"author":2,"featured_media":0,"comment_status":"closed","ping_status":"closed","sticky":false,"template":"","format":"standard","meta":{"tdm_status":"","tdm_grid_status":"","footnotes":""},"categories":[70],"tags":[15946,1563,12299,12695,1026,4386,195],"class_list":{"0":"post-113283","1":"post","2":"type-post","3":"status-publish","4":"format-standard","6":"category-de-opinion","7":"tag-bola-8","8":"tag-cuitlahuac-garcia-jimenez","9":"tag-eric-cisneros-burgos","10":"tag-juan-javier-gomez-cazarin","11":"tag-morena","12":"tag-rocio-nahle-garcia","13":"tag-veracruz"},"yoast_head":"<!-- This site is optimized with the Yoast SEO plugin v27.4 - https:\/\/yoast.com\/product\/yoast-seo-wordpress\/ -->\n<title>BOLA 8 - Los pol\u00edticos Veracruz<\/title>\n<meta name=\"robots\" content=\"index, follow, max-snippet:-1, max-image-preview:large, max-video-preview:-1\" \/>\n<link rel=\"canonical\" href=\"https:\/\/lospoliticosveracruz.com\/?p=113283\" \/>\n<meta property=\"og:locale\" content=\"es_ES\" \/>\n<meta property=\"og:type\" content=\"article\" \/>\n<meta property=\"og:title\" content=\"BOLA 8 - Los pol\u00edticos Veracruz\" \/>\n<meta property=\"og:description\" content=\"Jos\u00e9 Luis Ortega Vidal Claroscuros (1)La mayor parte \u201cera gente de fuera\u201d, comentaron testigos del llamado \u201cPaseo de la alegr\u00eda\u201d, encabezado -arriba de una camioneta de lujo- por el ex secretario de Gobierno, Erick Patrocinio Cisneros Burgos, en Boca del R\u00edo y Veracruz.A diferencia de Roc\u00edo Nahle Garc\u00eda, el tambi\u00e9n aspirante a la Coordinaci\u00f3n de [&hellip;]\" \/>\n<meta property=\"og:url\" content=\"https:\/\/lospoliticosveracruz.com\/?p=113283\" \/>\n<meta property=\"og:site_name\" content=\"Los pol\u00edticos Veracruz\" \/>\n<meta property=\"article:publisher\" content=\"https:\/\/www.facebook.com\/people\/Notimemes-de-los-Polticos\/61565672886568\/\" \/>\n<meta property=\"article:published_time\" content=\"2023-10-23T11:01:34+00:00\" \/>\n<meta property=\"article:modified_time\" content=\"2023-10-23T11:01:40+00:00\" \/>\n<meta property=\"og:image\" content=\"https:\/\/lospoliticosveracruz.com\/wp-content\/uploads\/2016\/07\/Logo-Dor.jpg\" \/>\n\t<meta property=\"og:image:width\" content=\"200\" \/>\n\t<meta property=\"og:image:height\" content=\"200\" \/>\n\t<meta property=\"og:image:type\" content=\"image\/jpeg\" \/>\n<meta name=\"author\" content=\"Lo viste en Los Pol\u00edticos\" \/>\n<meta name=\"twitter:card\" content=\"summary_large_image\" \/>\n<meta name=\"twitter:creator\" content=\"@LosPoliticosVer\" \/>\n<meta name=\"twitter:site\" content=\"@LosPoliticosVer\" \/>\n<meta name=\"twitter:label1\" content=\"Escrito por\" \/>\n\t<meta name=\"twitter:data1\" content=\"Lo viste en Los Pol\u00edticos\" \/>\n\t<meta name=\"twitter:label2\" content=\"Tiempo de lectura\" \/>\n\t<meta name=\"twitter:data2\" content=\"5 minutos\" \/>\n<script type=\"application\/ld+json\" class=\"yoast-schema-graph\">{\"@context\":\"https:\\\/\\\/schema.org\",\"@graph\":[{\"@type\":\"Article\",\"@id\":\"https:\\\/\\\/lospoliticosveracruz.com\\\/?p=113283#article\",\"isPartOf\":{\"@id\":\"https:\\\/\\\/lospoliticosveracruz.com\\\/?p=113283\"},\"author\":{\"name\":\"Lo viste en Los Pol\u00edticos\",\"@id\":\"https:\\\/\\\/lospoliticosveracruz.com\\\/#\\\/schema\\\/person\\\/b8702bb0e538456e6efd07080bf2a4a2\"},\"headline\":\"BOLA 8\",\"datePublished\":\"2023-10-23T11:01:34+00:00\",\"dateModified\":\"2023-10-23T11:01:40+00:00\",\"mainEntityOfPage\":{\"@id\":\"https:\\\/\\\/lospoliticosveracruz.com\\\/?p=113283\"},\"wordCount\":927,\"publisher\":{\"@id\":\"https:\\\/\\\/lospoliticosveracruz.com\\\/#organization\"},\"keywords\":[\"Bola 8\",\"Cuitl\u00e1huac Garc\u00eda Jim\u00e9nez\",\"Eric Cisneros Burgos\",\"Juan Javier G\u00f3mez Cazar\u00edn\",\"Morena\",\"Roc\u00edo Nahle Garc\u00eda\",\"Veracruz\"],\"articleSection\":[\"De Opini\u00f3n\"],\"inLanguage\":\"es\"},{\"@type\":\"WebPage\",\"@id\":\"https:\\\/\\\/lospoliticosveracruz.com\\\/?p=113283\",\"url\":\"https:\\\/\\\/lospoliticosveracruz.com\\\/?p=113283\",\"name\":\"BOLA 8 - Los pol\u00edticos Veracruz\",\"isPartOf\":{\"@id\":\"https:\\\/\\\/lospoliticosveracruz.com\\\/#website\"},\"datePublished\":\"2023-10-23T11:01:34+00:00\",\"dateModified\":\"2023-10-23T11:01:40+00:00\",\"breadcrumb\":{\"@id\":\"https:\\\/\\\/lospoliticosveracruz.com\\\/?p=113283#breadcrumb\"},\"inLanguage\":\"es\",\"potentialAction\":[{\"@type\":\"ReadAction\",\"target\":[\"https:\\\/\\\/lospoliticosveracruz.com\\\/?p=113283\"]}]},{\"@type\":\"BreadcrumbList\",\"@id\":\"https:\\\/\\\/lospoliticosveracruz.com\\\/?p=113283#breadcrumb\",\"itemListElement\":[{\"@type\":\"ListItem\",\"position\":1,\"name\":\"Portada\",\"item\":\"https:\\\/\\\/lospoliticosveracruz.com\\\/\"},{\"@type\":\"ListItem\",\"position\":2,\"name\":\"BOLA 8\"}]},{\"@type\":\"WebSite\",\"@id\":\"https:\\\/\\\/lospoliticosveracruz.com\\\/#website\",\"url\":\"https:\\\/\\\/lospoliticosveracruz.com\\\/\",\"name\":\"Los pol\u00edticos Veracruz\",\"description\":\"\",\"publisher\":{\"@id\":\"https:\\\/\\\/lospoliticosveracruz.com\\\/#organization\"},\"potentialAction\":[{\"@type\":\"SearchAction\",\"target\":{\"@type\":\"EntryPoint\",\"urlTemplate\":\"https:\\\/\\\/lospoliticosveracruz.com\\\/?s={search_term_string}\"},\"query-input\":{\"@type\":\"PropertyValueSpecification\",\"valueRequired\":true,\"valueName\":\"search_term_string\"}}],\"inLanguage\":\"es\"},{\"@type\":\"Organization\",\"@id\":\"https:\\\/\\\/lospoliticosveracruz.com\\\/#organization\",\"name\":\"Los pol\u00edticos Veracruz\",\"url\":\"https:\\\/\\\/lospoliticosveracruz.com\\\/\",\"logo\":{\"@type\":\"ImageObject\",\"inLanguage\":\"es\",\"@id\":\"https:\\\/\\\/lospoliticosveracruz.com\\\/#\\\/schema\\\/logo\\\/image\\\/\",\"url\":\"https:\\\/\\\/lospoliticosveracruz.com\\\/wp-content\\\/uploads\\\/2025\\\/12\\\/Logo-Nuevo-LOS-POLITICOS-1.jpg\",\"contentUrl\":\"https:\\\/\\\/lospoliticosveracruz.com\\\/wp-content\\\/uploads\\\/2025\\\/12\\\/Logo-Nuevo-LOS-POLITICOS-1.jpg\",\"width\":260,\"height\":70,\"caption\":\"Los pol\u00edticos Veracruz\"},\"image\":{\"@id\":\"https:\\\/\\\/lospoliticosveracruz.com\\\/#\\\/schema\\\/logo\\\/image\\\/\"},\"sameAs\":[\"https:\\\/\\\/www.facebook.com\\\/people\\\/Notimemes-de-los-Polticos\\\/61565672886568\\\/\",\"https:\\\/\\\/x.com\\\/LosPoliticosVer\"]},{\"@type\":\"Person\",\"@id\":\"https:\\\/\\\/lospoliticosveracruz.com\\\/#\\\/schema\\\/person\\\/b8702bb0e538456e6efd07080bf2a4a2\",\"name\":\"Lo viste en Los Pol\u00edticos\",\"image\":{\"@type\":\"ImageObject\",\"inLanguage\":\"es\",\"@id\":\"https:\\\/\\\/secure.gravatar.com\\\/avatar\\\/3a8de04a2656d44082be478bd6c086daa447c4651605818287b9532d3d0bd435?s=96&d=mm&r=g\",\"url\":\"https:\\\/\\\/secure.gravatar.com\\\/avatar\\\/3a8de04a2656d44082be478bd6c086daa447c4651605818287b9532d3d0bd435?s=96&d=mm&r=g\",\"contentUrl\":\"https:\\\/\\\/secure.gravatar.com\\\/avatar\\\/3a8de04a2656d44082be478bd6c086daa447c4651605818287b9532d3d0bd435?s=96&d=mm&r=g\",\"caption\":\"Lo viste en Los Pol\u00edticos\"},\"url\":\"https:\\\/\\\/lospoliticosveracruz.com\\\/?author=2\"}]}<\/script>\n<!-- \/ Yoast SEO plugin. -->","yoast_head_json":{"title":"BOLA 8 - Los pol\u00edticos Veracruz","robots":{"index":"index","follow":"follow","max-snippet":"max-snippet:-1","max-image-preview":"max-image-preview:large","max-video-preview":"max-video-preview:-1"},"canonical":"https:\/\/lospoliticosveracruz.com\/?p=113283","og_locale":"es_ES","og_type":"article","og_title":"BOLA 8 - Los pol\u00edticos Veracruz","og_description":"Jos\u00e9 Luis Ortega Vidal Claroscuros (1)La mayor parte \u201cera gente de fuera\u201d, comentaron testigos del llamado \u201cPaseo de la alegr\u00eda\u201d, encabezado -arriba de una camioneta de lujo- por el ex secretario de Gobierno, Erick Patrocinio Cisneros Burgos, en Boca del R\u00edo y Veracruz.A diferencia de Roc\u00edo Nahle Garc\u00eda, el tambi\u00e9n aspirante a la Coordinaci\u00f3n de [&hellip;]","og_url":"https:\/\/lospoliticosveracruz.com\/?p=113283","og_site_name":"Los pol\u00edticos Veracruz","article_publisher":"https:\/\/www.facebook.com\/people\/Notimemes-de-los-Polticos\/61565672886568\/","article_published_time":"2023-10-23T11:01:34+00:00","article_modified_time":"2023-10-23T11:01:40+00:00","og_image":[{"width":200,"height":200,"url":"https:\/\/lospoliticosveracruz.com\/wp-content\/uploads\/2016\/07\/Logo-Dor.jpg","type":"image\/jpeg"}],"author":"Lo viste en Los Pol\u00edticos","twitter_card":"summary_large_image","twitter_creator":"@LosPoliticosVer","twitter_site":"@LosPoliticosVer","twitter_misc":{"Escrito por":"Lo viste en Los Pol\u00edticos","Tiempo de lectura":"5 minutos"},"schema":{"@context":"https:\/\/schema.org","@graph":[{"@type":"Article","@id":"https:\/\/lospoliticosveracruz.com\/?p=113283#article","isPartOf":{"@id":"https:\/\/lospoliticosveracruz.com\/?p=113283"},"author":{"name":"Lo viste en Los Pol\u00edticos","@id":"https:\/\/lospoliticosveracruz.com\/#\/schema\/person\/b8702bb0e538456e6efd07080bf2a4a2"},"headline":"BOLA 8","datePublished":"2023-10-23T11:01:34+00:00","dateModified":"2023-10-23T11:01:40+00:00","mainEntityOfPage":{"@id":"https:\/\/lospoliticosveracruz.com\/?p=113283"},"wordCount":927,"publisher":{"@id":"https:\/\/lospoliticosveracruz.com\/#organization"},"keywords":["Bola 8","Cuitl\u00e1huac Garc\u00eda Jim\u00e9nez","Eric Cisneros Burgos","Juan Javier G\u00f3mez Cazar\u00edn","Morena","Roc\u00edo Nahle Garc\u00eda","Veracruz"],"articleSection":["De Opini\u00f3n"],"inLanguage":"es"},{"@type":"WebPage","@id":"https:\/\/lospoliticosveracruz.com\/?p=113283","url":"https:\/\/lospoliticosveracruz.com\/?p=113283","name":"BOLA 8 - Los pol\u00edticos Veracruz","isPartOf":{"@id":"https:\/\/lospoliticosveracruz.com\/#website"},"datePublished":"2023-10-23T11:01:34+00:00","dateModified":"2023-10-23T11:01:40+00:00","breadcrumb":{"@id":"https:\/\/lospoliticosveracruz.com\/?p=113283#breadcrumb"},"inLanguage":"es","potentialAction":[{"@type":"ReadAction","target":["https:\/\/lospoliticosveracruz.com\/?p=113283"]}]},{"@type":"BreadcrumbList","@id":"https:\/\/lospoliticosveracruz.com\/?p=113283#breadcrumb","itemListElement":[{"@type":"ListItem","position":1,"name":"Portada","item":"https:\/\/lospoliticosveracruz.com\/"},{"@type":"ListItem","position":2,"name":"BOLA 8"}]},{"@type":"WebSite","@id":"https:\/\/lospoliticosveracruz.com\/#website","url":"https:\/\/lospoliticosveracruz.com\/","name":"Los pol\u00edticos Veracruz","description":"","publisher":{"@id":"https:\/\/lospoliticosveracruz.com\/#organization"},"potentialAction":[{"@type":"SearchAction","target":{"@type":"EntryPoint","urlTemplate":"https:\/\/lospoliticosveracruz.com\/?s={search_term_string}"},"query-input":{"@type":"PropertyValueSpecification","valueRequired":true,"valueName":"search_term_string"}}],"inLanguage":"es"},{"@type":"Organization","@id":"https:\/\/lospoliticosveracruz.com\/#organization","name":"Los pol\u00edticos Veracruz","url":"https:\/\/lospoliticosveracruz.com\/","logo":{"@type":"ImageObject","inLanguage":"es","@id":"https:\/\/lospoliticosveracruz.com\/#\/schema\/logo\/image\/","url":"https:\/\/lospoliticosveracruz.com\/wp-content\/uploads\/2025\/12\/Logo-Nuevo-LOS-POLITICOS-1.jpg","contentUrl":"https:\/\/lospoliticosveracruz.com\/wp-content\/uploads\/2025\/12\/Logo-Nuevo-LOS-POLITICOS-1.jpg","width":260,"height":70,"caption":"Los pol\u00edticos Veracruz"},"image":{"@id":"https:\/\/lospoliticosveracruz.com\/#\/schema\/logo\/image\/"},"sameAs":["https:\/\/www.facebook.com\/people\/Notimemes-de-los-Polticos\/61565672886568\/","https:\/\/x.com\/LosPoliticosVer"]},{"@type":"Person","@id":"https:\/\/lospoliticosveracruz.com\/#\/schema\/person\/b8702bb0e538456e6efd07080bf2a4a2","name":"Lo viste en Los Pol\u00edticos","image":{"@type":"ImageObject","inLanguage":"es","@id":"https:\/\/secure.gravatar.com\/avatar\/3a8de04a2656d44082be478bd6c086daa447c4651605818287b9532d3d0bd435?s=96&d=mm&r=g","url":"https:\/\/secure.gravatar.com\/avatar\/3a8de04a2656d44082be478bd6c086daa447c4651605818287b9532d3d0bd435?s=96&d=mm&r=g","contentUrl":"https:\/\/secure.gravatar.com\/avatar\/3a8de04a2656d44082be478bd6c086daa447c4651605818287b9532d3d0bd435?s=96&d=mm&r=g","caption":"Lo viste en Los Pol\u00edticos"},"url":"https:\/\/lospoliticosveracruz.com\/?author=2"}]}},"_links":{"self":[{"href":"https:\/\/lospoliticosveracruz.com\/index.php?rest_route=\/wp\/v2\/posts\/113283","targetHints":{"allow":["GET"]}}],"collection":[{"href":"https:\/\/lospoliticosveracruz.com\/index.php?rest_route=\/wp\/v2\/posts"}],"about":[{"href":"https:\/\/lospoliticosveracruz.com\/index.php?rest_route=\/wp\/v2\/types\/post"}],"author":[{"embeddable":true,"href":"https:\/\/lospoliticosveracruz.com\/index.php?rest_route=\/wp\/v2\/users\/2"}],"replies":[{"embeddable":true,"href":"https:\/\/lospoliticosveracruz.com\/index.php?rest_route=%2Fwp%2Fv2%2Fcomments&post=113283"}],"version-history":[{"count":1,"href":"https:\/\/lospoliticosveracruz.com\/index.php?rest_route=\/wp\/v2\/posts\/113283\/revisions"}],"predecessor-version":[{"id":113284,"href":"https:\/\/lospoliticosveracruz.com\/index.php?rest_route=\/wp\/v2\/posts\/113283\/revisions\/113284"}],"wp:attachment":[{"href":"https:\/\/lospoliticosveracruz.com\/index.php?rest_route=%2Fwp%2Fv2%2Fmedia&parent=113283"}],"wp:term":[{"taxonomy":"category","embeddable":true,"href":"https:\/\/lospoliticosveracruz.com\/index.php?rest_route=%2Fwp%2Fv2%2Fcategories&post=113283"},{"taxonomy":"post_tag","embeddable":true,"href":"https:\/\/lospoliticosveracruz.com\/index.php?rest_route=%2Fwp%2Fv2%2Ftags&post=113283"}],"curies":[{"name":"wp","href":"https:\/\/api.w.org\/{rel}","templated":true}]}}