{"id":113398,"date":"2023-10-24T21:28:00","date_gmt":"2023-10-25T02:28:00","guid":{"rendered":"https:\/\/lospoliticosveracruz.com.mx\/?p=113398"},"modified":"2023-10-24T19:24:42","modified_gmt":"2023-10-25T00:24:42","slug":"paridad-sin-chicanadas","status":"publish","type":"post","link":"https:\/\/lospoliticosveracruz.com\/?p=113398","title":{"rendered":"PARIDAD SIN CHICANADAS"},"content":{"rendered":"\n<p><strong>Brenda Caballero<br><\/strong><em>N\u00fameros Rojos<\/em><\/p>\n\n\n\n<p>Era el a\u00f1o 2016 cuando el candidato toca a la puerta. La se\u00f1ora abre y con su discurso aprendido, \u00e9l dice: \u201cBuenas tardes se\u00f1ora, vengo a pedirle su voto en estas elecciones. Soy el candidato del partido \u2018Patito\u2019 y tengo muchas propuestas para que las mujeres como usted tengan mejores condiciones de vida. Mire que tengo varias iniciativas entre las que destacan la igualdad de salarios entre hombres y mujeres, adem\u00e1s de que las mujeres tengan mayores oportunidades en el campo laboral, \u00bftiene hijas?\u201d, pregunta el candidato, la se\u00f1ora afirma con la cabeza. \u00c9l contin\u00faa su discurso: \u201cPues sus hijas podr\u00e1n estudiar y tener puestos de poder, pues soy un candidato que busca la igualdad entre hombres y mujeres\u201d\u2026<br>Dijera el meme: Tres doritos despu\u00e9s\u2026<\/p>\n\n\n<div class=\"wp-block-image\">\n<figure class=\"alignleft size-medium\"><a href=\"https:\/\/lospoliticosveracruz.com.mx\/wp-content\/uploads\/2021\/10\/Zacauilt.jpg\"><img decoding=\"async\" src=\"https:\/\/lospoliticosveracruz.com.mx\/wp-content\/uploads\/2021\/10\/Zacauilt-150x300.jpg\" alt=\"\" class=\"wp-image-80558\"\/><\/a><\/figure>\n<\/div>\n\n\n<p><br>En el a\u00f1o 2023, para el proceso electoral del 2024, los partidos pol\u00edticos recurren a las \u201cchicanadas\u201d para No cumplir con la Paridad de G\u00e9nero, pues de las 9 Gubernaturas que est\u00e1n en disputa (Veracruz, Ciudad de M\u00e9xico, Jalisco, Puebla, Yucat\u00e1n, Chiapas, Guanajuato, Morelos y Tabasco) su intenci\u00f3n siempre fue tener 5 hombres y 4 mujeres, y no al rev\u00e9s como debiera ser, pues en los procesos anteriores predominaron los hombres. \u00a1Aaah, pero nadie dijo nada!<br>Ahora que el Consejo General del Instituto Nacional Electoral aprob\u00f3 (en un proceso bastante tortuoso) que deben postularse 5 candidatas a la Gubernatura en esos estados, ahora s\u00ed los partidos dirigidos por varones quieren impugnar \u00a1Qu\u00e9 mezquindad! Antes ped\u00edan el voto a las mujeres que son mayor\u00eda en la poblaci\u00f3n y les hablaban de equidad e igualdad, y ahora ya se les olvid\u00f3 el discurso y quieren impugnar ese resolutivo para poner un hombre m\u00e1s y no una mujer\u2026 \u00a1No pues woao! Y cr\u00e9ame que si nos apendejamos, pues van puros hombres.<br>Es lamentable que algo que no deber\u00eda ni discutirse, como es la igualdad entre hombres y mujeres, tenga tantas aristas y se busque torcer la ley para frenar algo que es eminente: equilibrar las decisiones de poder en el espacio p\u00fablico entre mujeres y hombres.<br>Y no lo digo yo, lo dice la Constituci\u00f3n Mexicana.<br>Lo m\u00e1s lamentable y lo que se ve venir es que las candidatas sean pol\u00edticamente \u201cse\u00f1aladas\u201d, \u201cacusadas\u201d y hasta \u201cresponsabilizadas\u201d de \u201cperder\u201d sus elecciones (si eso pasa) en los estados donde se postulen, y mire que no soy profeta, pero en m\u00e1s de un estado se escuchar\u00e1n frases como: \u201cPerdimos porque fue candidata, si hubiese sido Fulanito, \u00e9l s\u00ed habr\u00eda ganado\u201d, \u201cQu\u00e9 va a ganar, deber\u00eda estar en su casa, con su familia\u201d, \u201cSi es candidato, si ganamos; pero si es ella, no\u201d\u2026<br>Y es por estas ocurrencias que el INE llama a los partidos a cumplir con el Principio de Competitividad, que no pongan mujeres donde creen que van a perder.<br>Ahora, para los y las que piensan como el consejero Uuc-kib Espadas que vot\u00f3 en contra del proyecto de paridad propuesto por las Consejeras del INE, que afirma que el Instituto carece de algunas atribuciones y que los partidos pol\u00edticos tienen autodeterminaci\u00f3n, no se hagan bolas; los partidos siguen con esa determinaci\u00f3n de postular a sus candidatos y candidatas simplemente respetando las reglas del juego: La Paridad, La alternancia y la competitividad.<\/p>\n\n\n\n<p>correo:caballero_brenda@hotmail.com<br>Twitter: @NumerosRojos_BC<\/p>\n","protected":false},"excerpt":{"rendered":"<p>Brenda CaballeroN\u00fameros Rojos Era el a\u00f1o 2016 cuando el candidato toca a la puerta. La se\u00f1ora abre y con su discurso aprendido, \u00e9l dice: \u201cBuenas tardes se\u00f1ora, vengo a pedirle su voto en estas elecciones. Soy el candidato del partido \u2018Patito\u2019 y tengo muchas propuestas para que las mujeres como usted tengan mejores condiciones de [&hellip;]<\/p>\n","protected":false},"author":2,"featured_media":0,"comment_status":"closed","ping_status":"closed","sticky":false,"template":"","format":"standard","meta":{"tdm_status":"","tdm_grid_status":"","footnotes":""},"categories":[70],"tags":[2687,39612,20886,554,4842],"class_list":{"0":"post-113398","1":"post","2":"type-post","3":"status-publish","4":"format-standard","6":"category-de-opinion","7":"tag-brenda-caballero","8":"tag-consejeras-del-ine","9":"tag-consejo-general-del-instituto-nacional-electoral","10":"tag-ine","11":"tag-paridad"},"yoast_head":"<!-- This site is optimized with the Yoast SEO plugin v27.4 - https:\/\/yoast.com\/product\/yoast-seo-wordpress\/ -->\n<title>PARIDAD SIN CHICANADAS - Los pol\u00edticos Veracruz<\/title>\n<meta name=\"robots\" content=\"index, follow, max-snippet:-1, max-image-preview:large, max-video-preview:-1\" \/>\n<link rel=\"canonical\" href=\"https:\/\/lospoliticosveracruz.com\/?p=113398\" \/>\n<meta property=\"og:locale\" content=\"es_ES\" \/>\n<meta property=\"og:type\" content=\"article\" \/>\n<meta property=\"og:title\" content=\"PARIDAD SIN CHICANADAS - Los pol\u00edticos Veracruz\" \/>\n<meta property=\"og:description\" content=\"Brenda CaballeroN\u00fameros Rojos Era el a\u00f1o 2016 cuando el candidato toca a la puerta. La se\u00f1ora abre y con su discurso aprendido, \u00e9l dice: \u201cBuenas tardes se\u00f1ora, vengo a pedirle su voto en estas elecciones. Soy el candidato del partido \u2018Patito\u2019 y tengo muchas propuestas para que las mujeres como usted tengan mejores condiciones de [&hellip;]\" \/>\n<meta property=\"og:url\" content=\"https:\/\/lospoliticosveracruz.com\/?p=113398\" \/>\n<meta property=\"og:site_name\" content=\"Los pol\u00edticos Veracruz\" \/>\n<meta property=\"article:publisher\" content=\"https:\/\/www.facebook.com\/people\/Notimemes-de-los-Polticos\/61565672886568\/\" \/>\n<meta property=\"article:published_time\" content=\"2023-10-25T02:28:00+00:00\" \/>\n<meta property=\"og:image\" content=\"https:\/\/lospoliticosveracruz.com.mx\/wp-content\/uploads\/2021\/10\/Zacauilt-150x300.jpg\" \/>\n<meta name=\"author\" content=\"Lo viste en Los Pol\u00edticos\" \/>\n<meta name=\"twitter:card\" content=\"summary_large_image\" \/>\n<meta name=\"twitter:creator\" content=\"@LosPoliticosVer\" \/>\n<meta name=\"twitter:site\" content=\"@LosPoliticosVer\" \/>\n<meta name=\"twitter:label1\" content=\"Escrito por\" \/>\n\t<meta name=\"twitter:data1\" content=\"Lo viste en Los Pol\u00edticos\" \/>\n\t<meta name=\"twitter:label2\" content=\"Tiempo de lectura\" \/>\n\t<meta name=\"twitter:data2\" content=\"3 minutos\" \/>\n<script type=\"application\/ld+json\" class=\"yoast-schema-graph\">{\"@context\":\"https:\\\/\\\/schema.org\",\"@graph\":[{\"@type\":\"Article\",\"@id\":\"https:\\\/\\\/lospoliticosveracruz.com\\\/?p=113398#article\",\"isPartOf\":{\"@id\":\"https:\\\/\\\/lospoliticosveracruz.com\\\/?p=113398\"},\"author\":{\"name\":\"Lo viste en Los Pol\u00edticos\",\"@id\":\"https:\\\/\\\/lospoliticosveracruz.com\\\/#\\\/schema\\\/person\\\/b8702bb0e538456e6efd07080bf2a4a2\"},\"headline\":\"PARIDAD SIN CHICANADAS\",\"datePublished\":\"2023-10-25T02:28:00+00:00\",\"mainEntityOfPage\":{\"@id\":\"https:\\\/\\\/lospoliticosveracruz.com\\\/?p=113398\"},\"wordCount\":574,\"publisher\":{\"@id\":\"https:\\\/\\\/lospoliticosveracruz.com\\\/#organization\"},\"image\":{\"@id\":\"https:\\\/\\\/lospoliticosveracruz.com\\\/?p=113398#primaryimage\"},\"thumbnailUrl\":\"https:\\\/\\\/lospoliticosveracruz.com.mx\\\/wp-content\\\/uploads\\\/2021\\\/10\\\/Zacauilt-150x300.jpg\",\"keywords\":[\"Brenda Caballero\",\"Consejeras del INE\",\"Consejo General del Instituto Nacional Electoral\",\"INE\",\"paridad\"],\"articleSection\":[\"De Opini\u00f3n\"],\"inLanguage\":\"es\"},{\"@type\":\"WebPage\",\"@id\":\"https:\\\/\\\/lospoliticosveracruz.com\\\/?p=113398\",\"url\":\"https:\\\/\\\/lospoliticosveracruz.com\\\/?p=113398\",\"name\":\"PARIDAD SIN CHICANADAS - Los pol\u00edticos Veracruz\",\"isPartOf\":{\"@id\":\"https:\\\/\\\/lospoliticosveracruz.com\\\/#website\"},\"primaryImageOfPage\":{\"@id\":\"https:\\\/\\\/lospoliticosveracruz.com\\\/?p=113398#primaryimage\"},\"image\":{\"@id\":\"https:\\\/\\\/lospoliticosveracruz.com\\\/?p=113398#primaryimage\"},\"thumbnailUrl\":\"https:\\\/\\\/lospoliticosveracruz.com.mx\\\/wp-content\\\/uploads\\\/2021\\\/10\\\/Zacauilt-150x300.jpg\",\"datePublished\":\"2023-10-25T02:28:00+00:00\",\"breadcrumb\":{\"@id\":\"https:\\\/\\\/lospoliticosveracruz.com\\\/?p=113398#breadcrumb\"},\"inLanguage\":\"es\",\"potentialAction\":[{\"@type\":\"ReadAction\",\"target\":[\"https:\\\/\\\/lospoliticosveracruz.com\\\/?p=113398\"]}]},{\"@type\":\"ImageObject\",\"inLanguage\":\"es\",\"@id\":\"https:\\\/\\\/lospoliticosveracruz.com\\\/?p=113398#primaryimage\",\"url\":\"https:\\\/\\\/lospoliticosveracruz.com.mx\\\/wp-content\\\/uploads\\\/2021\\\/10\\\/Zacauilt-150x300.jpg\",\"contentUrl\":\"https:\\\/\\\/lospoliticosveracruz.com.mx\\\/wp-content\\\/uploads\\\/2021\\\/10\\\/Zacauilt-150x300.jpg\"},{\"@type\":\"BreadcrumbList\",\"@id\":\"https:\\\/\\\/lospoliticosveracruz.com\\\/?p=113398#breadcrumb\",\"itemListElement\":[{\"@type\":\"ListItem\",\"position\":1,\"name\":\"Portada\",\"item\":\"https:\\\/\\\/lospoliticosveracruz.com\\\/\"},{\"@type\":\"ListItem\",\"position\":2,\"name\":\"PARIDAD SIN CHICANADAS\"}]},{\"@type\":\"WebSite\",\"@id\":\"https:\\\/\\\/lospoliticosveracruz.com\\\/#website\",\"url\":\"https:\\\/\\\/lospoliticosveracruz.com\\\/\",\"name\":\"Los pol\u00edticos Veracruz\",\"description\":\"\",\"publisher\":{\"@id\":\"https:\\\/\\\/lospoliticosveracruz.com\\\/#organization\"},\"potentialAction\":[{\"@type\":\"SearchAction\",\"target\":{\"@type\":\"EntryPoint\",\"urlTemplate\":\"https:\\\/\\\/lospoliticosveracruz.com\\\/?s={search_term_string}\"},\"query-input\":{\"@type\":\"PropertyValueSpecification\",\"valueRequired\":true,\"valueName\":\"search_term_string\"}}],\"inLanguage\":\"es\"},{\"@type\":\"Organization\",\"@id\":\"https:\\\/\\\/lospoliticosveracruz.com\\\/#organization\",\"name\":\"Los pol\u00edticos Veracruz\",\"url\":\"https:\\\/\\\/lospoliticosveracruz.com\\\/\",\"logo\":{\"@type\":\"ImageObject\",\"inLanguage\":\"es\",\"@id\":\"https:\\\/\\\/lospoliticosveracruz.com\\\/#\\\/schema\\\/logo\\\/image\\\/\",\"url\":\"https:\\\/\\\/lospoliticosveracruz.com\\\/wp-content\\\/uploads\\\/2025\\\/12\\\/Logo-Nuevo-LOS-POLITICOS-1.jpg\",\"contentUrl\":\"https:\\\/\\\/lospoliticosveracruz.com\\\/wp-content\\\/uploads\\\/2025\\\/12\\\/Logo-Nuevo-LOS-POLITICOS-1.jpg\",\"width\":260,\"height\":70,\"caption\":\"Los pol\u00edticos Veracruz\"},\"image\":{\"@id\":\"https:\\\/\\\/lospoliticosveracruz.com\\\/#\\\/schema\\\/logo\\\/image\\\/\"},\"sameAs\":[\"https:\\\/\\\/www.facebook.com\\\/people\\\/Notimemes-de-los-Polticos\\\/61565672886568\\\/\",\"https:\\\/\\\/x.com\\\/LosPoliticosVer\"]},{\"@type\":\"Person\",\"@id\":\"https:\\\/\\\/lospoliticosveracruz.com\\\/#\\\/schema\\\/person\\\/b8702bb0e538456e6efd07080bf2a4a2\",\"name\":\"Lo viste en Los Pol\u00edticos\",\"image\":{\"@type\":\"ImageObject\",\"inLanguage\":\"es\",\"@id\":\"https:\\\/\\\/secure.gravatar.com\\\/avatar\\\/3a8de04a2656d44082be478bd6c086daa447c4651605818287b9532d3d0bd435?s=96&d=mm&r=g\",\"url\":\"https:\\\/\\\/secure.gravatar.com\\\/avatar\\\/3a8de04a2656d44082be478bd6c086daa447c4651605818287b9532d3d0bd435?s=96&d=mm&r=g\",\"contentUrl\":\"https:\\\/\\\/secure.gravatar.com\\\/avatar\\\/3a8de04a2656d44082be478bd6c086daa447c4651605818287b9532d3d0bd435?s=96&d=mm&r=g\",\"caption\":\"Lo viste en Los Pol\u00edticos\"},\"url\":\"https:\\\/\\\/lospoliticosveracruz.com\\\/?author=2\"}]}<\/script>\n<!-- \/ Yoast SEO plugin. -->","yoast_head_json":{"title":"PARIDAD SIN CHICANADAS - Los pol\u00edticos Veracruz","robots":{"index":"index","follow":"follow","max-snippet":"max-snippet:-1","max-image-preview":"max-image-preview:large","max-video-preview":"max-video-preview:-1"},"canonical":"https:\/\/lospoliticosveracruz.com\/?p=113398","og_locale":"es_ES","og_type":"article","og_title":"PARIDAD SIN CHICANADAS - Los pol\u00edticos Veracruz","og_description":"Brenda CaballeroN\u00fameros Rojos Era el a\u00f1o 2016 cuando el candidato toca a la puerta. La se\u00f1ora abre y con su discurso aprendido, \u00e9l dice: \u201cBuenas tardes se\u00f1ora, vengo a pedirle su voto en estas elecciones. Soy el candidato del partido \u2018Patito\u2019 y tengo muchas propuestas para que las mujeres como usted tengan mejores condiciones de [&hellip;]","og_url":"https:\/\/lospoliticosveracruz.com\/?p=113398","og_site_name":"Los pol\u00edticos Veracruz","article_publisher":"https:\/\/www.facebook.com\/people\/Notimemes-de-los-Polticos\/61565672886568\/","article_published_time":"2023-10-25T02:28:00+00:00","og_image":[{"url":"https:\/\/lospoliticosveracruz.com.mx\/wp-content\/uploads\/2021\/10\/Zacauilt-150x300.jpg","type":"","width":"","height":""}],"author":"Lo viste en Los Pol\u00edticos","twitter_card":"summary_large_image","twitter_creator":"@LosPoliticosVer","twitter_site":"@LosPoliticosVer","twitter_misc":{"Escrito por":"Lo viste en Los Pol\u00edticos","Tiempo de lectura":"3 minutos"},"schema":{"@context":"https:\/\/schema.org","@graph":[{"@type":"Article","@id":"https:\/\/lospoliticosveracruz.com\/?p=113398#article","isPartOf":{"@id":"https:\/\/lospoliticosveracruz.com\/?p=113398"},"author":{"name":"Lo viste en Los Pol\u00edticos","@id":"https:\/\/lospoliticosveracruz.com\/#\/schema\/person\/b8702bb0e538456e6efd07080bf2a4a2"},"headline":"PARIDAD SIN CHICANADAS","datePublished":"2023-10-25T02:28:00+00:00","mainEntityOfPage":{"@id":"https:\/\/lospoliticosveracruz.com\/?p=113398"},"wordCount":574,"publisher":{"@id":"https:\/\/lospoliticosveracruz.com\/#organization"},"image":{"@id":"https:\/\/lospoliticosveracruz.com\/?p=113398#primaryimage"},"thumbnailUrl":"https:\/\/lospoliticosveracruz.com.mx\/wp-content\/uploads\/2021\/10\/Zacauilt-150x300.jpg","keywords":["Brenda Caballero","Consejeras del INE","Consejo General del Instituto Nacional Electoral","INE","paridad"],"articleSection":["De Opini\u00f3n"],"inLanguage":"es"},{"@type":"WebPage","@id":"https:\/\/lospoliticosveracruz.com\/?p=113398","url":"https:\/\/lospoliticosveracruz.com\/?p=113398","name":"PARIDAD SIN CHICANADAS - Los pol\u00edticos Veracruz","isPartOf":{"@id":"https:\/\/lospoliticosveracruz.com\/#website"},"primaryImageOfPage":{"@id":"https:\/\/lospoliticosveracruz.com\/?p=113398#primaryimage"},"image":{"@id":"https:\/\/lospoliticosveracruz.com\/?p=113398#primaryimage"},"thumbnailUrl":"https:\/\/lospoliticosveracruz.com.mx\/wp-content\/uploads\/2021\/10\/Zacauilt-150x300.jpg","datePublished":"2023-10-25T02:28:00+00:00","breadcrumb":{"@id":"https:\/\/lospoliticosveracruz.com\/?p=113398#breadcrumb"},"inLanguage":"es","potentialAction":[{"@type":"ReadAction","target":["https:\/\/lospoliticosveracruz.com\/?p=113398"]}]},{"@type":"ImageObject","inLanguage":"es","@id":"https:\/\/lospoliticosveracruz.com\/?p=113398#primaryimage","url":"https:\/\/lospoliticosveracruz.com.mx\/wp-content\/uploads\/2021\/10\/Zacauilt-150x300.jpg","contentUrl":"https:\/\/lospoliticosveracruz.com.mx\/wp-content\/uploads\/2021\/10\/Zacauilt-150x300.jpg"},{"@type":"BreadcrumbList","@id":"https:\/\/lospoliticosveracruz.com\/?p=113398#breadcrumb","itemListElement":[{"@type":"ListItem","position":1,"name":"Portada","item":"https:\/\/lospoliticosveracruz.com\/"},{"@type":"ListItem","position":2,"name":"PARIDAD SIN CHICANADAS"}]},{"@type":"WebSite","@id":"https:\/\/lospoliticosveracruz.com\/#website","url":"https:\/\/lospoliticosveracruz.com\/","name":"Los pol\u00edticos Veracruz","description":"","publisher":{"@id":"https:\/\/lospoliticosveracruz.com\/#organization"},"potentialAction":[{"@type":"SearchAction","target":{"@type":"EntryPoint","urlTemplate":"https:\/\/lospoliticosveracruz.com\/?s={search_term_string}"},"query-input":{"@type":"PropertyValueSpecification","valueRequired":true,"valueName":"search_term_string"}}],"inLanguage":"es"},{"@type":"Organization","@id":"https:\/\/lospoliticosveracruz.com\/#organization","name":"Los pol\u00edticos Veracruz","url":"https:\/\/lospoliticosveracruz.com\/","logo":{"@type":"ImageObject","inLanguage":"es","@id":"https:\/\/lospoliticosveracruz.com\/#\/schema\/logo\/image\/","url":"https:\/\/lospoliticosveracruz.com\/wp-content\/uploads\/2025\/12\/Logo-Nuevo-LOS-POLITICOS-1.jpg","contentUrl":"https:\/\/lospoliticosveracruz.com\/wp-content\/uploads\/2025\/12\/Logo-Nuevo-LOS-POLITICOS-1.jpg","width":260,"height":70,"caption":"Los pol\u00edticos Veracruz"},"image":{"@id":"https:\/\/lospoliticosveracruz.com\/#\/schema\/logo\/image\/"},"sameAs":["https:\/\/www.facebook.com\/people\/Notimemes-de-los-Polticos\/61565672886568\/","https:\/\/x.com\/LosPoliticosVer"]},{"@type":"Person","@id":"https:\/\/lospoliticosveracruz.com\/#\/schema\/person\/b8702bb0e538456e6efd07080bf2a4a2","name":"Lo viste en Los Pol\u00edticos","image":{"@type":"ImageObject","inLanguage":"es","@id":"https:\/\/secure.gravatar.com\/avatar\/3a8de04a2656d44082be478bd6c086daa447c4651605818287b9532d3d0bd435?s=96&d=mm&r=g","url":"https:\/\/secure.gravatar.com\/avatar\/3a8de04a2656d44082be478bd6c086daa447c4651605818287b9532d3d0bd435?s=96&d=mm&r=g","contentUrl":"https:\/\/secure.gravatar.com\/avatar\/3a8de04a2656d44082be478bd6c086daa447c4651605818287b9532d3d0bd435?s=96&d=mm&r=g","caption":"Lo viste en Los Pol\u00edticos"},"url":"https:\/\/lospoliticosveracruz.com\/?author=2"}]}},"_links":{"self":[{"href":"https:\/\/lospoliticosveracruz.com\/index.php?rest_route=\/wp\/v2\/posts\/113398","targetHints":{"allow":["GET"]}}],"collection":[{"href":"https:\/\/lospoliticosveracruz.com\/index.php?rest_route=\/wp\/v2\/posts"}],"about":[{"href":"https:\/\/lospoliticosveracruz.com\/index.php?rest_route=\/wp\/v2\/types\/post"}],"author":[{"embeddable":true,"href":"https:\/\/lospoliticosveracruz.com\/index.php?rest_route=\/wp\/v2\/users\/2"}],"replies":[{"embeddable":true,"href":"https:\/\/lospoliticosveracruz.com\/index.php?rest_route=%2Fwp%2Fv2%2Fcomments&post=113398"}],"version-history":[{"count":1,"href":"https:\/\/lospoliticosveracruz.com\/index.php?rest_route=\/wp\/v2\/posts\/113398\/revisions"}],"predecessor-version":[{"id":113399,"href":"https:\/\/lospoliticosveracruz.com\/index.php?rest_route=\/wp\/v2\/posts\/113398\/revisions\/113399"}],"wp:attachment":[{"href":"https:\/\/lospoliticosveracruz.com\/index.php?rest_route=%2Fwp%2Fv2%2Fmedia&parent=113398"}],"wp:term":[{"taxonomy":"category","embeddable":true,"href":"https:\/\/lospoliticosveracruz.com\/index.php?rest_route=%2Fwp%2Fv2%2Fcategories&post=113398"},{"taxonomy":"post_tag","embeddable":true,"href":"https:\/\/lospoliticosveracruz.com\/index.php?rest_route=%2Fwp%2Fv2%2Ftags&post=113398"}],"curies":[{"name":"wp","href":"https:\/\/api.w.org\/{rel}","templated":true}]}}