{"id":113630,"date":"2023-10-30T07:50:22","date_gmt":"2023-10-30T13:50:22","guid":{"rendered":"https:\/\/lospoliticosveracruz.com.mx\/?p=113630"},"modified":"2023-10-30T07:50:31","modified_gmt":"2023-10-30T13:50:31","slug":"las-destituciones-de-morena","status":"publish","type":"post","link":"https:\/\/lospoliticosveracruz.com\/?p=113630","title":{"rendered":"LAS DESTITUCIONES DE MORENA"},"content":{"rendered":"\n<p><strong>Ricardo Chua<br><\/strong><em>Sale y Vale<br><\/em>EXCLUSIVA\u2026 Confirma \u00abGarganta Profunda\u00bb que por pleitos al interior de MORENA por la candidatura a la gubernatura de Veracruz en 2024, entre los aspirantes a este cargo de elecci\u00f3n popular.. Ha provocado \u00abfisuras\u00bb en el partido pol\u00edtico.. Mismos que han desencadenado en \u00abvendettas\u00bb entre sus operadores pol\u00edticos.. Y por esta raz\u00f3n la mayor\u00eda de los 30 OPERADORES DISTRITALES que MORENA ten\u00eda en Veracruz.. Han sido DESTITUIDOS de su cargo.. Y no hay qui\u00e9n opere la elecci\u00f3n del pr\u00f3ximo a\u00f1o\u2026<\/p>\n\n\n<div class=\"wp-block-image\">\n<figure class=\"alignleft size-medium\"><a href=\"https:\/\/lospoliticosveracruz.com.mx\/wp-content\/uploads\/2021\/10\/WhatsApp-Image-2021-10-02-at-15.20.25.jpeg\"><img loading=\"lazy\" decoding=\"async\" width=\"212\" height=\"300\" src=\"https:\/\/lospoliticosveracruz.com.mx\/wp-content\/uploads\/2021\/10\/WhatsApp-Image-2021-10-02-at-15.20.25-212x300.jpeg\" alt=\"\" class=\"wp-image-80177\" srcset=\"https:\/\/lospoliticosveracruz.com\/wp-content\/uploads\/2021\/10\/WhatsApp-Image-2021-10-02-at-15.20.25-212x300.jpeg 212w, https:\/\/lospoliticosveracruz.com\/wp-content\/uploads\/2021\/10\/WhatsApp-Image-2021-10-02-at-15.20.25-724x1024.jpeg 724w, https:\/\/lospoliticosveracruz.com\/wp-content\/uploads\/2021\/10\/WhatsApp-Image-2021-10-02-at-15.20.25-768x1086.jpeg 768w, https:\/\/lospoliticosveracruz.com\/wp-content\/uploads\/2021\/10\/WhatsApp-Image-2021-10-02-at-15.20.25.jpeg 905w\" sizes=\"auto, (max-width: 212px) 100vw, 212px\" \/><\/a><\/figure>\n<\/div>\n\n\n<p>El caso es simple.. MORENA ten\u00eda integrado su operaci\u00f3n pol\u00edtica como partido con 30 delegados distritales en cada uno de los distritos electorales locales que conforman la entidad Veracruzana.. Estos personajes iban a operar la elecci\u00f3n a gobernador y parte de la elecci\u00f3n federal de Claudia Sheinbaum.. Pero los pleitos entre Eric Cisneros y Manuel Huerta en contra de Roc\u00edo Nahle.. Provocaron que el comit\u00e9 estatal decidiera darle las \u00abgracias\u00bb a estos personajes que estaban ligados a uno u otros personajes que est\u00e1n en la contienda..<\/p>\n\n\n\n<p>Nos indica \u00abGarganta Profunda\u00bb que de los 30 delegados distritales, al menos 21 fueron destituidos del cargo y los otros 9 fueron removidos a otros cargos partidistas.. Es decir, hicieron una \u00ablimpia\u00bb total.. La situaci\u00f3n se debi\u00f3 a que muchos de estos delegados fueron impuestos en su momento por Eric Cisneros y otros por Manuel Huerta.. Y todo indica que le estaban haciendo \u00abchicanadas\u00bb a Roc\u00edo Nahle\u2026 Por lo que para evitar problemas posteriores decidieron remover a todos..<\/p>\n\n\n\n<p>Lo que cuenta \u00abGarganta Profunda\u00bb que estos delegados ganaban un sueldo de 30 mil pesos mensuales, que les pagaba el partido pol\u00edtico porque s\u00f3lo estaban concentrados a la operaci\u00f3n pol\u00edtica del mismo, tanto para la elecci\u00f3n interna como la constitucional.. Se dice que muchos de estos personajes ten\u00edan a\u00f1os operando en estos distritos y que estuvieron desde el 2018 cuando operaron la elecci\u00f3n a Cuitl\u00e1huac Garc\u00eda para gobernador.. As\u00ed que el golpe fue \u00abseco\u00bb para la estructura del partido..<\/p>\n\n\n\n<p>Ademas nos dicen que estos mismos operadores destituidos buscaron entrevistarse con el gobernador, Cuitl\u00e1huac Garc\u00eda, para plantearle el asunto.. Y que ellos no ten\u00edan nada que ver con los pleitos entre los aspirantes a gobernador y que ten\u00edan m\u00e1s de 6 a\u00f1os operando de manera institucional para los candidatos del partido y que nunca hubo queja de ello.. Por eso, se les hac\u00eda injusto que los trataran as\u00ed.. Mencionan que Cuitl\u00e1huac no quiso recibir a muchos y que mand\u00f3 a decir que \u00e9l no pod\u00eda meter las manos.. Que eso era asunto de la dirigecia estatal..<\/p>\n\n\n\n<p>Pero eso no fue todo,, La \u00abGuillotina\u00bb lleg\u00f3 m\u00e1s all\u00e1.. Ya que no s\u00f3lo fueron destituidos los operadores distritales sino que tambi\u00e9n fueron hechos a un lado.. Un ciento de operadores locales de MORENA que corrieron la misma suerte que los distritales, s\u00f3lo porque muchos ten\u00edan cercan\u00eda pol\u00edtica con ellos (Pues con qui\u00e9n m\u00e1s se opera pol\u00edticamente, sino es con los amigos u aliados).. El caso es que a ellos tambi\u00e9n les dieron las \u00abgracias\u00bb y se quedaron fuera.. Ellos ganaban 7 mil pesos mensuales por operar a MORENA en sus municipios.. ABROOOONNNN<\/p>\n\n\n\n<p>El tema, asegura \u00abGarganta Profunda\u00bb, que al verse DESPROTEGIDOS todos estos personajes.. Y al verse ignorados por Cuitl\u00e1huac Garc\u00eda.. La gran mayor\u00eda fue a parar al equipo de campa\u00f1a de Eric Cisneros Burgos.. Ah\u00ed Patrocinio los acogi\u00f3 con gran alegr\u00eda. Ya que estos ex operadores de MORENA conoc\u00edan en cada distrito la operaci\u00f3n que tiene el partido con la miltiancia en municipios y distritos.. Por eso, dicen que el crecimiento de Patrocinio, se debe a la falta de visi\u00f3n de Cuitl\u00e1huac al dejarlos ir.. NO HAY OTRA EXPLICACI\u00d3N..<\/p>\n\n\n\n<p>Algunos m\u00e1s se fueron con Manuel Huerta.. Por toda esta situaci\u00f3n, es que metieron en problemas a la precampa\u00f1a de Roc\u00edo Nahle.. Ya que al dejar libre a estos operadores y estos aliarse con sus adversarios.. Hicieron que tanto Patrocinio y Huerta se envalentonaran.. Ya que ambos notaron su crecimiento pol\u00edtico y aceptaci\u00f3n en los distritos para buscar la candidatura a gobernador\u2026 Si bien es cierto, no les alcanz\u00f3 para ganarle a Nahle.. Pero la \u00abcercaron\u00bb y por poco la hicieron perder la elecci\u00f3n.. ESA ES LA HISTORIA..<\/p>\n\n\n\n<p><strong>LA REFLEXI\u00d3N..<\/strong> El error de Cuitl\u00e1huac en este evento, estuvo a punto de costarle el triunfo a Roc\u00edo Nahle.. Tuvieron que echar todo el aparato de Estado encima y sobre todo negociar de m\u00e1s para que la ex titular de SENER triunfara.. Por eso, muchos personajes al interior del equipo de Nahle, tanto en la CDMX y Veracruz, tienen la certeza que Cuitl\u00e1huac NO OPER\u00d3 como deb\u00eda esta pre campa\u00f1a y que finalmente nunca le pus\u00f3 un alto a Eric Cisneros.. Algunos dicen que hasta oper\u00f3 para \u00e9l.. EL QUE ENTENDI\u00d3, ENTENDI\u00d3..<\/p>\n","protected":false},"excerpt":{"rendered":"<p>Ricardo ChuaSale y ValeEXCLUSIVA\u2026 Confirma \u00abGarganta Profunda\u00bb que por pleitos al interior de MORENA por la candidatura a la gubernatura de Veracruz en 2024, entre los aspirantes a este cargo de elecci\u00f3n popular.. Ha provocado \u00abfisuras\u00bb en el partido pol\u00edtico.. Mismos que han desencadenado en \u00abvendettas\u00bb entre sus operadores pol\u00edticos.. Y por esta raz\u00f3n la [&hellip;]<\/p>\n","protected":false},"author":2,"featured_media":0,"comment_status":"closed","ping_status":"closed","sticky":false,"template":"","format":"standard","meta":{"tdm_status":"","tdm_grid_status":"","footnotes":""},"categories":[70],"tags":[9627,1563,12686,35979,10317,1026,3578,195],"class_list":{"0":"post-113630","1":"post","2":"type-post","3":"status-publish","4":"format-standard","6":"category-de-opinion","7":"tag-claudia-sheinbaum","8":"tag-cuitlahuac-garcia-jimenez","9":"tag-eric-cisneros","10":"tag-gubernatura-de-veracruz-en-2024","11":"tag-manuel-huerta","12":"tag-morena","13":"tag-rocio-nahle","14":"tag-veracruz"},"yoast_head":"<!-- This site is optimized with the Yoast SEO plugin v27.4 - https:\/\/yoast.com\/product\/yoast-seo-wordpress\/ -->\n<title>LAS DESTITUCIONES DE MORENA - Los pol\u00edticos Veracruz<\/title>\n<meta name=\"robots\" content=\"index, follow, max-snippet:-1, max-image-preview:large, max-video-preview:-1\" \/>\n<link rel=\"canonical\" href=\"https:\/\/lospoliticosveracruz.com\/?p=113630\" \/>\n<meta property=\"og:locale\" content=\"es_ES\" \/>\n<meta property=\"og:type\" content=\"article\" \/>\n<meta property=\"og:title\" content=\"LAS DESTITUCIONES DE MORENA - Los pol\u00edticos Veracruz\" \/>\n<meta property=\"og:description\" content=\"Ricardo ChuaSale y ValeEXCLUSIVA\u2026 Confirma \u00abGarganta Profunda\u00bb que por pleitos al interior de MORENA por la candidatura a la gubernatura de Veracruz en 2024, entre los aspirantes a este cargo de elecci\u00f3n popular.. Ha provocado \u00abfisuras\u00bb en el partido pol\u00edtico.. Mismos que han desencadenado en \u00abvendettas\u00bb entre sus operadores pol\u00edticos.. Y por esta raz\u00f3n la [&hellip;]\" \/>\n<meta property=\"og:url\" content=\"https:\/\/lospoliticosveracruz.com\/?p=113630\" \/>\n<meta property=\"og:site_name\" content=\"Los pol\u00edticos Veracruz\" \/>\n<meta property=\"article:publisher\" content=\"https:\/\/www.facebook.com\/people\/Notimemes-de-los-Polticos\/61565672886568\/\" \/>\n<meta property=\"article:published_time\" content=\"2023-10-30T13:50:22+00:00\" \/>\n<meta property=\"article:modified_time\" content=\"2023-10-30T13:50:31+00:00\" \/>\n<meta property=\"og:image\" content=\"https:\/\/lospoliticosveracruz.com.mx\/wp-content\/uploads\/2021\/10\/WhatsApp-Image-2021-10-02-at-15.20.25-212x300.jpeg\" \/>\n<meta name=\"author\" content=\"Lo viste en Los Pol\u00edticos\" \/>\n<meta name=\"twitter:card\" content=\"summary_large_image\" \/>\n<meta name=\"twitter:creator\" content=\"@LosPoliticosVer\" \/>\n<meta name=\"twitter:site\" content=\"@LosPoliticosVer\" \/>\n<meta name=\"twitter:label1\" content=\"Escrito por\" \/>\n\t<meta name=\"twitter:data1\" content=\"Lo viste en Los Pol\u00edticos\" \/>\n\t<meta name=\"twitter:label2\" content=\"Tiempo de lectura\" \/>\n\t<meta name=\"twitter:data2\" content=\"4 minutos\" \/>\n<script type=\"application\/ld+json\" class=\"yoast-schema-graph\">{\"@context\":\"https:\\\/\\\/schema.org\",\"@graph\":[{\"@type\":\"Article\",\"@id\":\"https:\\\/\\\/lospoliticosveracruz.com\\\/?p=113630#article\",\"isPartOf\":{\"@id\":\"https:\\\/\\\/lospoliticosveracruz.com\\\/?p=113630\"},\"author\":{\"name\":\"Lo viste en Los Pol\u00edticos\",\"@id\":\"https:\\\/\\\/lospoliticosveracruz.com\\\/#\\\/schema\\\/person\\\/b8702bb0e538456e6efd07080bf2a4a2\"},\"headline\":\"LAS DESTITUCIONES DE MORENA\",\"datePublished\":\"2023-10-30T13:50:22+00:00\",\"dateModified\":\"2023-10-30T13:50:31+00:00\",\"mainEntityOfPage\":{\"@id\":\"https:\\\/\\\/lospoliticosveracruz.com\\\/?p=113630\"},\"wordCount\":851,\"publisher\":{\"@id\":\"https:\\\/\\\/lospoliticosveracruz.com\\\/#organization\"},\"image\":{\"@id\":\"https:\\\/\\\/lospoliticosveracruz.com\\\/?p=113630#primaryimage\"},\"thumbnailUrl\":\"https:\\\/\\\/lospoliticosveracruz.com.mx\\\/wp-content\\\/uploads\\\/2021\\\/10\\\/WhatsApp-Image-2021-10-02-at-15.20.25-212x300.jpeg\",\"keywords\":[\"Claudia Sheinbaum\",\"Cuitl\u00e1huac Garc\u00eda Jim\u00e9nez\",\"Eric Cisneros\",\"gubernatura de Veracruz en 2024\",\"Manuel Huerta\",\"Morena\",\"Roc\u00edo Nahle\",\"Veracruz\"],\"articleSection\":[\"De Opini\u00f3n\"],\"inLanguage\":\"es\"},{\"@type\":\"WebPage\",\"@id\":\"https:\\\/\\\/lospoliticosveracruz.com\\\/?p=113630\",\"url\":\"https:\\\/\\\/lospoliticosveracruz.com\\\/?p=113630\",\"name\":\"LAS DESTITUCIONES DE MORENA - Los pol\u00edticos Veracruz\",\"isPartOf\":{\"@id\":\"https:\\\/\\\/lospoliticosveracruz.com\\\/#website\"},\"primaryImageOfPage\":{\"@id\":\"https:\\\/\\\/lospoliticosveracruz.com\\\/?p=113630#primaryimage\"},\"image\":{\"@id\":\"https:\\\/\\\/lospoliticosveracruz.com\\\/?p=113630#primaryimage\"},\"thumbnailUrl\":\"https:\\\/\\\/lospoliticosveracruz.com.mx\\\/wp-content\\\/uploads\\\/2021\\\/10\\\/WhatsApp-Image-2021-10-02-at-15.20.25-212x300.jpeg\",\"datePublished\":\"2023-10-30T13:50:22+00:00\",\"dateModified\":\"2023-10-30T13:50:31+00:00\",\"breadcrumb\":{\"@id\":\"https:\\\/\\\/lospoliticosveracruz.com\\\/?p=113630#breadcrumb\"},\"inLanguage\":\"es\",\"potentialAction\":[{\"@type\":\"ReadAction\",\"target\":[\"https:\\\/\\\/lospoliticosveracruz.com\\\/?p=113630\"]}]},{\"@type\":\"ImageObject\",\"inLanguage\":\"es\",\"@id\":\"https:\\\/\\\/lospoliticosveracruz.com\\\/?p=113630#primaryimage\",\"url\":\"https:\\\/\\\/lospoliticosveracruz.com.mx\\\/wp-content\\\/uploads\\\/2021\\\/10\\\/WhatsApp-Image-2021-10-02-at-15.20.25-212x300.jpeg\",\"contentUrl\":\"https:\\\/\\\/lospoliticosveracruz.com.mx\\\/wp-content\\\/uploads\\\/2021\\\/10\\\/WhatsApp-Image-2021-10-02-at-15.20.25-212x300.jpeg\"},{\"@type\":\"BreadcrumbList\",\"@id\":\"https:\\\/\\\/lospoliticosveracruz.com\\\/?p=113630#breadcrumb\",\"itemListElement\":[{\"@type\":\"ListItem\",\"position\":1,\"name\":\"Portada\",\"item\":\"https:\\\/\\\/lospoliticosveracruz.com\\\/\"},{\"@type\":\"ListItem\",\"position\":2,\"name\":\"LAS DESTITUCIONES DE MORENA\"}]},{\"@type\":\"WebSite\",\"@id\":\"https:\\\/\\\/lospoliticosveracruz.com\\\/#website\",\"url\":\"https:\\\/\\\/lospoliticosveracruz.com\\\/\",\"name\":\"Los pol\u00edticos Veracruz\",\"description\":\"\",\"publisher\":{\"@id\":\"https:\\\/\\\/lospoliticosveracruz.com\\\/#organization\"},\"potentialAction\":[{\"@type\":\"SearchAction\",\"target\":{\"@type\":\"EntryPoint\",\"urlTemplate\":\"https:\\\/\\\/lospoliticosveracruz.com\\\/?s={search_term_string}\"},\"query-input\":{\"@type\":\"PropertyValueSpecification\",\"valueRequired\":true,\"valueName\":\"search_term_string\"}}],\"inLanguage\":\"es\"},{\"@type\":\"Organization\",\"@id\":\"https:\\\/\\\/lospoliticosveracruz.com\\\/#organization\",\"name\":\"Los pol\u00edticos Veracruz\",\"url\":\"https:\\\/\\\/lospoliticosveracruz.com\\\/\",\"logo\":{\"@type\":\"ImageObject\",\"inLanguage\":\"es\",\"@id\":\"https:\\\/\\\/lospoliticosveracruz.com\\\/#\\\/schema\\\/logo\\\/image\\\/\",\"url\":\"https:\\\/\\\/lospoliticosveracruz.com\\\/wp-content\\\/uploads\\\/2025\\\/12\\\/Logo-Nuevo-LOS-POLITICOS-1.jpg\",\"contentUrl\":\"https:\\\/\\\/lospoliticosveracruz.com\\\/wp-content\\\/uploads\\\/2025\\\/12\\\/Logo-Nuevo-LOS-POLITICOS-1.jpg\",\"width\":260,\"height\":70,\"caption\":\"Los pol\u00edticos Veracruz\"},\"image\":{\"@id\":\"https:\\\/\\\/lospoliticosveracruz.com\\\/#\\\/schema\\\/logo\\\/image\\\/\"},\"sameAs\":[\"https:\\\/\\\/www.facebook.com\\\/people\\\/Notimemes-de-los-Polticos\\\/61565672886568\\\/\",\"https:\\\/\\\/x.com\\\/LosPoliticosVer\"]},{\"@type\":\"Person\",\"@id\":\"https:\\\/\\\/lospoliticosveracruz.com\\\/#\\\/schema\\\/person\\\/b8702bb0e538456e6efd07080bf2a4a2\",\"name\":\"Lo viste en Los Pol\u00edticos\",\"image\":{\"@type\":\"ImageObject\",\"inLanguage\":\"es\",\"@id\":\"https:\\\/\\\/secure.gravatar.com\\\/avatar\\\/3a8de04a2656d44082be478bd6c086daa447c4651605818287b9532d3d0bd435?s=96&d=mm&r=g\",\"url\":\"https:\\\/\\\/secure.gravatar.com\\\/avatar\\\/3a8de04a2656d44082be478bd6c086daa447c4651605818287b9532d3d0bd435?s=96&d=mm&r=g\",\"contentUrl\":\"https:\\\/\\\/secure.gravatar.com\\\/avatar\\\/3a8de04a2656d44082be478bd6c086daa447c4651605818287b9532d3d0bd435?s=96&d=mm&r=g\",\"caption\":\"Lo viste en Los Pol\u00edticos\"},\"url\":\"https:\\\/\\\/lospoliticosveracruz.com\\\/?author=2\"}]}<\/script>\n<!-- \/ Yoast SEO plugin. -->","yoast_head_json":{"title":"LAS DESTITUCIONES DE MORENA - Los pol\u00edticos Veracruz","robots":{"index":"index","follow":"follow","max-snippet":"max-snippet:-1","max-image-preview":"max-image-preview:large","max-video-preview":"max-video-preview:-1"},"canonical":"https:\/\/lospoliticosveracruz.com\/?p=113630","og_locale":"es_ES","og_type":"article","og_title":"LAS DESTITUCIONES DE MORENA - Los pol\u00edticos Veracruz","og_description":"Ricardo ChuaSale y ValeEXCLUSIVA\u2026 Confirma \u00abGarganta Profunda\u00bb que por pleitos al interior de MORENA por la candidatura a la gubernatura de Veracruz en 2024, entre los aspirantes a este cargo de elecci\u00f3n popular.. Ha provocado \u00abfisuras\u00bb en el partido pol\u00edtico.. Mismos que han desencadenado en \u00abvendettas\u00bb entre sus operadores pol\u00edticos.. Y por esta raz\u00f3n la [&hellip;]","og_url":"https:\/\/lospoliticosveracruz.com\/?p=113630","og_site_name":"Los pol\u00edticos Veracruz","article_publisher":"https:\/\/www.facebook.com\/people\/Notimemes-de-los-Polticos\/61565672886568\/","article_published_time":"2023-10-30T13:50:22+00:00","article_modified_time":"2023-10-30T13:50:31+00:00","og_image":[{"url":"https:\/\/lospoliticosveracruz.com.mx\/wp-content\/uploads\/2021\/10\/WhatsApp-Image-2021-10-02-at-15.20.25-212x300.jpeg","type":"","width":"","height":""}],"author":"Lo viste en Los Pol\u00edticos","twitter_card":"summary_large_image","twitter_creator":"@LosPoliticosVer","twitter_site":"@LosPoliticosVer","twitter_misc":{"Escrito por":"Lo viste en Los Pol\u00edticos","Tiempo de lectura":"4 minutos"},"schema":{"@context":"https:\/\/schema.org","@graph":[{"@type":"Article","@id":"https:\/\/lospoliticosveracruz.com\/?p=113630#article","isPartOf":{"@id":"https:\/\/lospoliticosveracruz.com\/?p=113630"},"author":{"name":"Lo viste en Los Pol\u00edticos","@id":"https:\/\/lospoliticosveracruz.com\/#\/schema\/person\/b8702bb0e538456e6efd07080bf2a4a2"},"headline":"LAS DESTITUCIONES DE MORENA","datePublished":"2023-10-30T13:50:22+00:00","dateModified":"2023-10-30T13:50:31+00:00","mainEntityOfPage":{"@id":"https:\/\/lospoliticosveracruz.com\/?p=113630"},"wordCount":851,"publisher":{"@id":"https:\/\/lospoliticosveracruz.com\/#organization"},"image":{"@id":"https:\/\/lospoliticosveracruz.com\/?p=113630#primaryimage"},"thumbnailUrl":"https:\/\/lospoliticosveracruz.com.mx\/wp-content\/uploads\/2021\/10\/WhatsApp-Image-2021-10-02-at-15.20.25-212x300.jpeg","keywords":["Claudia Sheinbaum","Cuitl\u00e1huac Garc\u00eda Jim\u00e9nez","Eric Cisneros","gubernatura de Veracruz en 2024","Manuel Huerta","Morena","Roc\u00edo Nahle","Veracruz"],"articleSection":["De Opini\u00f3n"],"inLanguage":"es"},{"@type":"WebPage","@id":"https:\/\/lospoliticosveracruz.com\/?p=113630","url":"https:\/\/lospoliticosveracruz.com\/?p=113630","name":"LAS DESTITUCIONES DE MORENA - Los pol\u00edticos Veracruz","isPartOf":{"@id":"https:\/\/lospoliticosveracruz.com\/#website"},"primaryImageOfPage":{"@id":"https:\/\/lospoliticosveracruz.com\/?p=113630#primaryimage"},"image":{"@id":"https:\/\/lospoliticosveracruz.com\/?p=113630#primaryimage"},"thumbnailUrl":"https:\/\/lospoliticosveracruz.com.mx\/wp-content\/uploads\/2021\/10\/WhatsApp-Image-2021-10-02-at-15.20.25-212x300.jpeg","datePublished":"2023-10-30T13:50:22+00:00","dateModified":"2023-10-30T13:50:31+00:00","breadcrumb":{"@id":"https:\/\/lospoliticosveracruz.com\/?p=113630#breadcrumb"},"inLanguage":"es","potentialAction":[{"@type":"ReadAction","target":["https:\/\/lospoliticosveracruz.com\/?p=113630"]}]},{"@type":"ImageObject","inLanguage":"es","@id":"https:\/\/lospoliticosveracruz.com\/?p=113630#primaryimage","url":"https:\/\/lospoliticosveracruz.com.mx\/wp-content\/uploads\/2021\/10\/WhatsApp-Image-2021-10-02-at-15.20.25-212x300.jpeg","contentUrl":"https:\/\/lospoliticosveracruz.com.mx\/wp-content\/uploads\/2021\/10\/WhatsApp-Image-2021-10-02-at-15.20.25-212x300.jpeg"},{"@type":"BreadcrumbList","@id":"https:\/\/lospoliticosveracruz.com\/?p=113630#breadcrumb","itemListElement":[{"@type":"ListItem","position":1,"name":"Portada","item":"https:\/\/lospoliticosveracruz.com\/"},{"@type":"ListItem","position":2,"name":"LAS DESTITUCIONES DE MORENA"}]},{"@type":"WebSite","@id":"https:\/\/lospoliticosveracruz.com\/#website","url":"https:\/\/lospoliticosveracruz.com\/","name":"Los pol\u00edticos Veracruz","description":"","publisher":{"@id":"https:\/\/lospoliticosveracruz.com\/#organization"},"potentialAction":[{"@type":"SearchAction","target":{"@type":"EntryPoint","urlTemplate":"https:\/\/lospoliticosveracruz.com\/?s={search_term_string}"},"query-input":{"@type":"PropertyValueSpecification","valueRequired":true,"valueName":"search_term_string"}}],"inLanguage":"es"},{"@type":"Organization","@id":"https:\/\/lospoliticosveracruz.com\/#organization","name":"Los pol\u00edticos Veracruz","url":"https:\/\/lospoliticosveracruz.com\/","logo":{"@type":"ImageObject","inLanguage":"es","@id":"https:\/\/lospoliticosveracruz.com\/#\/schema\/logo\/image\/","url":"https:\/\/lospoliticosveracruz.com\/wp-content\/uploads\/2025\/12\/Logo-Nuevo-LOS-POLITICOS-1.jpg","contentUrl":"https:\/\/lospoliticosveracruz.com\/wp-content\/uploads\/2025\/12\/Logo-Nuevo-LOS-POLITICOS-1.jpg","width":260,"height":70,"caption":"Los pol\u00edticos Veracruz"},"image":{"@id":"https:\/\/lospoliticosveracruz.com\/#\/schema\/logo\/image\/"},"sameAs":["https:\/\/www.facebook.com\/people\/Notimemes-de-los-Polticos\/61565672886568\/","https:\/\/x.com\/LosPoliticosVer"]},{"@type":"Person","@id":"https:\/\/lospoliticosveracruz.com\/#\/schema\/person\/b8702bb0e538456e6efd07080bf2a4a2","name":"Lo viste en Los Pol\u00edticos","image":{"@type":"ImageObject","inLanguage":"es","@id":"https:\/\/secure.gravatar.com\/avatar\/3a8de04a2656d44082be478bd6c086daa447c4651605818287b9532d3d0bd435?s=96&d=mm&r=g","url":"https:\/\/secure.gravatar.com\/avatar\/3a8de04a2656d44082be478bd6c086daa447c4651605818287b9532d3d0bd435?s=96&d=mm&r=g","contentUrl":"https:\/\/secure.gravatar.com\/avatar\/3a8de04a2656d44082be478bd6c086daa447c4651605818287b9532d3d0bd435?s=96&d=mm&r=g","caption":"Lo viste en Los Pol\u00edticos"},"url":"https:\/\/lospoliticosveracruz.com\/?author=2"}]}},"_links":{"self":[{"href":"https:\/\/lospoliticosveracruz.com\/index.php?rest_route=\/wp\/v2\/posts\/113630","targetHints":{"allow":["GET"]}}],"collection":[{"href":"https:\/\/lospoliticosveracruz.com\/index.php?rest_route=\/wp\/v2\/posts"}],"about":[{"href":"https:\/\/lospoliticosveracruz.com\/index.php?rest_route=\/wp\/v2\/types\/post"}],"author":[{"embeddable":true,"href":"https:\/\/lospoliticosveracruz.com\/index.php?rest_route=\/wp\/v2\/users\/2"}],"replies":[{"embeddable":true,"href":"https:\/\/lospoliticosveracruz.com\/index.php?rest_route=%2Fwp%2Fv2%2Fcomments&post=113630"}],"version-history":[{"count":1,"href":"https:\/\/lospoliticosveracruz.com\/index.php?rest_route=\/wp\/v2\/posts\/113630\/revisions"}],"predecessor-version":[{"id":113631,"href":"https:\/\/lospoliticosveracruz.com\/index.php?rest_route=\/wp\/v2\/posts\/113630\/revisions\/113631"}],"wp:attachment":[{"href":"https:\/\/lospoliticosveracruz.com\/index.php?rest_route=%2Fwp%2Fv2%2Fmedia&parent=113630"}],"wp:term":[{"taxonomy":"category","embeddable":true,"href":"https:\/\/lospoliticosveracruz.com\/index.php?rest_route=%2Fwp%2Fv2%2Fcategories&post=113630"},{"taxonomy":"post_tag","embeddable":true,"href":"https:\/\/lospoliticosveracruz.com\/index.php?rest_route=%2Fwp%2Fv2%2Ftags&post=113630"}],"curies":[{"name":"wp","href":"https:\/\/api.w.org\/{rel}","templated":true}]}}