{"id":113722,"date":"2023-11-01T10:23:52","date_gmt":"2023-11-01T16:23:52","guid":{"rendered":"https:\/\/lospoliticosveracruz.com.mx\/?p=113722"},"modified":"2023-11-01T10:23:58","modified_gmt":"2023-11-01T16:23:58","slug":"mas-sabooor-a-festival-gastronomico","status":"publish","type":"post","link":"https:\/\/lospoliticosveracruz.com\/?p=113722","title":{"rendered":"M\u00c1S SABOOOR A FESTIVAL GASTRON\u00d3MICO"},"content":{"rendered":"\n<p><\/p>\n\n\n\n<p><\/p>\n\n\n\n<p>La Feria del Tamal, Pan y Chocolate regresa al parque Ju\u00e1rez del 3 al 5 de noviembre, y para amenizarla la Direcci\u00f3n Municipal de la Cultura prepar\u00f3 un programa art\u00edstico y musicalque contempla la participaci\u00f3n de las Orquesta Municipal de Xalapa (OMX) y Pauta Nueva, artistas independientes, y agrupaciones de ska, salsa, cumbia y danz\u00f3n.<\/p>\n\n\n\n<p>El primer d\u00eda del evento gastron\u00f3mico estar\u00e1n la OMX a las 17:00 horas, seguida por el Dueto Melao (Ely y C\u00e9sar) a las 18:00 horas; para el s\u00e1bado se prev\u00e9 el Chispita Show a las 16:00 horas con la participaci\u00f3n payasitos Chispita, Pelusho y Tribil\u00edn, seguido a las 17:00 horas del Show de Tatiana a cargo de Erika Rosas; a las 18:00 de Almas del Falsete (Gema y Ricardo) y a las 19:00 de Anticover.<\/p>\n\n\n\n<p>El domingo, la presentaci\u00f3n de los comediantes ser\u00e1 a las 12:00 horas, y una hora despu\u00e9s Ponte Nklabe dar\u00e1 una clase y demostraci\u00f3n de salsa. Asimismo, a las 14:30 horas, habr\u00e1 m\u00fasica DJ de salsa cubana para bailar; a las 15:30 horas Enrique y Rafa presentar\u00e1n \u201cSalsacumbiando\u201d; a las 17:00 horas ser\u00e1 el turno de Danz\u00f3n pal\u2019Coraz\u00f3n y finalmente, a las 18:00 horas, estar\u00e1 la Orquesta Pauta Nueva.<\/p>\n\n\n\n<p>Adem\u00e1s de este tradicional evento, este mi\u00e9rcoles 1 y jueves 2 de noviembre a las 18:30 horas continuar\u00e1 el Festival Esc\u00e9nico de Vivos y Muertos \u201cTzompantli\u201d en la Casa Do\u00f1a Falla; mientras que desde hoy y hasta el 5, la F\u00e1brica Maldita presentar\u00e1 su \u201cS\u00f3tano del Terror\u201d en el Auditorio del IMAC.<\/p>\n\n\n\n<p>Tambi\u00e9n, este 3 y 4 de noviembre a las 19:00 horas en el Teatro JJ Herrera, Cuentos y Flores presentar\u00e1 su obra \u201cEl ni\u00f1o, la miseria y la muerte\u201d; y el 4 a las 18:30 horas en el Museo de la M\u00fasica Veracruzana el coro de la Orquesta Filarm\u00f3nica de Xalapa (ORFIX) llevar\u00e1 a cabo un programa especial.<\/p>\n\n\n\n<p>El 4 y 5 de noviembre a las 8:00 horas en el Auditorio del IMAC tendr\u00e1 lugar el Campeonato Nacional de Cubo Rubik \u201cXalape\u00f1o Cube 2023\u201d; y el 5 a las 10:00 horas en el Centro Recreativo Xalape\u00f1o, Hot Rides Club Xalapa har\u00e1 una exhibici\u00f3n de autos a escala y coleccionables. Adicionalmente, a las 17:00 horas en el Museo de la M\u00fasica Veracruzana, Suzuki Stars presentar\u00e1 el Recital infantil de pianistas; y en el Teatro JJ Herrera, a la misma hora, La Calzada de Los Muertos llevar\u00e1 a cabo el Festival Miccaohtli.<\/p>\n\n\n\n<p>El 6 de noviembre a las 19:00 horas en este \u00faltimo recinto cultural, Astrid Valencia presentar\u00e1 \u201cPara Lila, arquitectura de lo incontenible\u201d y a las 20:00 horas en la plazuela del Carb\u00f3n, se realizar\u00e1 el Tercer Encuentro Titeresco para Adultos \u201cEstridentiter\u00edas callejeras\u201d, que tambi\u00e9n se repetir\u00e1 el d\u00eda 9.<\/p>\n\n\n\n<p>El 7 de noviembre a las 18:00 horas en el Museo de la M\u00fasica veracruzana, se estar\u00e1 presentando la Orquesta de Guitarras de la Uni\u00f3n de Costa Rica; y el 8 de noviembre a las 17:00 horas en este mismo lugar, los alumnos de JazzUV deleitar\u00e1n a los presentes con un recital; a las 19:00 horas en el Centro Recreativo Xalape\u00f1o, \u00a1Miguel G\u00f3mez Tr\u00edo proyectar\u00e1 \u201cStandards de pel\u00edculas norteamericanas!\u201d; y a las 19:30 horas en el Auditorio del IMAC, se inaugurar\u00e1 la exposici\u00f3n de lucha libre \u201cLa m\u00e1scara, la lucha por un secreto\u201d.<\/p>\n\n\n\n<p>El 9 de noviembre a las 17:00 horas Roger y su rebeli\u00f3n pondr\u00e1 sabor a las Tardes de Xallitic; a las 18:00 horas en el Museo de la M\u00fasica Veracruzana se realizar\u00e1 la Novena Edici\u00f3n del Festival Nuntempa \u201cCon sentido latinoamericano\u201d; y a las 19:00 horas en el Teatro JJ Herrera ser\u00e1 el turno del \u201cCEM Ensambles\u201d.<\/p>\n\n\n\n<p>Finalmente, el 10 de noviembre a las 19:00 horas en el Teatro JJ Herrera, Aqu\u00ed y Ahora presentar\u00e1 #128 Unipersonal de Carmen Conde.<\/p>\n\n\n\n<p>M\u00e1s informaci\u00f3n y detalles de todos los eventos los puede consultar en la p\u00e1gina de Facebook de Cultura Xalapa.<\/p>\n","protected":false},"excerpt":{"rendered":"<p>La Feria del Tamal, Pan y Chocolate regresa al parque Ju\u00e1rez del 3 al 5 de noviembre, y para amenizarla la Direcci\u00f3n Municipal de la Cultura prepar\u00f3 un programa art\u00edstico y musicalque contempla la participaci\u00f3n de las Orquesta Municipal de Xalapa (OMX) y Pauta Nueva, artistas independientes, y agrupaciones de ska, salsa, cumbia y danz\u00f3n. [&hellip;]<\/p>\n","protected":false},"author":2,"featured_media":0,"comment_status":"closed","ping_status":"closed","sticky":false,"template":"","format":"standard","meta":{"tdm_status":"","tdm_grid_status":"","footnotes":""},"categories":[3],"tags":[35490,35491],"class_list":{"0":"post-113722","1":"post","2":"type-post","3":"status-publish","4":"format-standard","6":"category-culture","7":"tag-feria-del-tamal","8":"tag-pan-y-chocolate"},"yoast_head":"<!-- This site is optimized with the Yoast SEO plugin v27.4 - https:\/\/yoast.com\/product\/yoast-seo-wordpress\/ -->\n<title>M\u00c1S SABOOOR A FESTIVAL GASTRON\u00d3MICO - Los pol\u00edticos Veracruz<\/title>\n<meta name=\"robots\" content=\"index, follow, max-snippet:-1, max-image-preview:large, max-video-preview:-1\" \/>\n<link rel=\"canonical\" href=\"https:\/\/lospoliticosveracruz.com\/?p=113722\" \/>\n<meta property=\"og:locale\" content=\"es_ES\" \/>\n<meta property=\"og:type\" content=\"article\" \/>\n<meta property=\"og:title\" content=\"M\u00c1S SABOOOR A FESTIVAL GASTRON\u00d3MICO - Los pol\u00edticos Veracruz\" \/>\n<meta property=\"og:description\" content=\"La Feria del Tamal, Pan y Chocolate regresa al parque Ju\u00e1rez del 3 al 5 de noviembre, y para amenizarla la Direcci\u00f3n Municipal de la Cultura prepar\u00f3 un programa art\u00edstico y musicalque contempla la participaci\u00f3n de las Orquesta Municipal de Xalapa (OMX) y Pauta Nueva, artistas independientes, y agrupaciones de ska, salsa, cumbia y danz\u00f3n. [&hellip;]\" \/>\n<meta property=\"og:url\" content=\"https:\/\/lospoliticosveracruz.com\/?p=113722\" \/>\n<meta property=\"og:site_name\" content=\"Los pol\u00edticos Veracruz\" \/>\n<meta property=\"article:publisher\" content=\"https:\/\/www.facebook.com\/people\/Notimemes-de-los-Polticos\/61565672886568\/\" \/>\n<meta property=\"article:published_time\" content=\"2023-11-01T16:23:52+00:00\" \/>\n<meta property=\"article:modified_time\" content=\"2023-11-01T16:23:58+00:00\" \/>\n<meta property=\"og:image\" content=\"https:\/\/lospoliticosveracruz.com\/wp-content\/uploads\/2016\/07\/Logo-Dor.jpg\" \/>\n\t<meta property=\"og:image:width\" content=\"200\" \/>\n\t<meta property=\"og:image:height\" content=\"200\" \/>\n\t<meta property=\"og:image:type\" content=\"image\/jpeg\" \/>\n<meta name=\"author\" content=\"Lo viste en Los Pol\u00edticos\" \/>\n<meta name=\"twitter:card\" content=\"summary_large_image\" \/>\n<meta name=\"twitter:creator\" content=\"@LosPoliticosVer\" \/>\n<meta name=\"twitter:site\" content=\"@LosPoliticosVer\" \/>\n<meta name=\"twitter:label1\" content=\"Escrito por\" \/>\n\t<meta name=\"twitter:data1\" content=\"Lo viste en Los Pol\u00edticos\" \/>\n\t<meta name=\"twitter:label2\" content=\"Tiempo de lectura\" \/>\n\t<meta name=\"twitter:data2\" content=\"3 minutos\" \/>\n<script type=\"application\/ld+json\" class=\"yoast-schema-graph\">{\"@context\":\"https:\\\/\\\/schema.org\",\"@graph\":[{\"@type\":\"Article\",\"@id\":\"https:\\\/\\\/lospoliticosveracruz.com\\\/?p=113722#article\",\"isPartOf\":{\"@id\":\"https:\\\/\\\/lospoliticosveracruz.com\\\/?p=113722\"},\"author\":{\"name\":\"Lo viste en Los Pol\u00edticos\",\"@id\":\"https:\\\/\\\/lospoliticosveracruz.com\\\/#\\\/schema\\\/person\\\/b8702bb0e538456e6efd07080bf2a4a2\"},\"headline\":\"M\u00c1S SABOOOR A FESTIVAL GASTRON\u00d3MICO\",\"datePublished\":\"2023-11-01T16:23:52+00:00\",\"dateModified\":\"2023-11-01T16:23:58+00:00\",\"mainEntityOfPage\":{\"@id\":\"https:\\\/\\\/lospoliticosveracruz.com\\\/?p=113722\"},\"wordCount\":655,\"publisher\":{\"@id\":\"https:\\\/\\\/lospoliticosveracruz.com\\\/#organization\"},\"keywords\":[\"Feria del Tamal\",\"Pan y Chocolate\"],\"articleSection\":[\"Culture\"],\"inLanguage\":\"es\"},{\"@type\":\"WebPage\",\"@id\":\"https:\\\/\\\/lospoliticosveracruz.com\\\/?p=113722\",\"url\":\"https:\\\/\\\/lospoliticosveracruz.com\\\/?p=113722\",\"name\":\"M\u00c1S SABOOOR A FESTIVAL GASTRON\u00d3MICO - Los pol\u00edticos Veracruz\",\"isPartOf\":{\"@id\":\"https:\\\/\\\/lospoliticosveracruz.com\\\/#website\"},\"datePublished\":\"2023-11-01T16:23:52+00:00\",\"dateModified\":\"2023-11-01T16:23:58+00:00\",\"breadcrumb\":{\"@id\":\"https:\\\/\\\/lospoliticosveracruz.com\\\/?p=113722#breadcrumb\"},\"inLanguage\":\"es\",\"potentialAction\":[{\"@type\":\"ReadAction\",\"target\":[\"https:\\\/\\\/lospoliticosveracruz.com\\\/?p=113722\"]}]},{\"@type\":\"BreadcrumbList\",\"@id\":\"https:\\\/\\\/lospoliticosveracruz.com\\\/?p=113722#breadcrumb\",\"itemListElement\":[{\"@type\":\"ListItem\",\"position\":1,\"name\":\"Portada\",\"item\":\"https:\\\/\\\/lospoliticosveracruz.com\\\/\"},{\"@type\":\"ListItem\",\"position\":2,\"name\":\"M\u00c1S SABOOOR A FESTIVAL GASTRON\u00d3MICO\"}]},{\"@type\":\"WebSite\",\"@id\":\"https:\\\/\\\/lospoliticosveracruz.com\\\/#website\",\"url\":\"https:\\\/\\\/lospoliticosveracruz.com\\\/\",\"name\":\"Los pol\u00edticos Veracruz\",\"description\":\"\",\"publisher\":{\"@id\":\"https:\\\/\\\/lospoliticosveracruz.com\\\/#organization\"},\"potentialAction\":[{\"@type\":\"SearchAction\",\"target\":{\"@type\":\"EntryPoint\",\"urlTemplate\":\"https:\\\/\\\/lospoliticosveracruz.com\\\/?s={search_term_string}\"},\"query-input\":{\"@type\":\"PropertyValueSpecification\",\"valueRequired\":true,\"valueName\":\"search_term_string\"}}],\"inLanguage\":\"es\"},{\"@type\":\"Organization\",\"@id\":\"https:\\\/\\\/lospoliticosveracruz.com\\\/#organization\",\"name\":\"Los pol\u00edticos Veracruz\",\"url\":\"https:\\\/\\\/lospoliticosveracruz.com\\\/\",\"logo\":{\"@type\":\"ImageObject\",\"inLanguage\":\"es\",\"@id\":\"https:\\\/\\\/lospoliticosveracruz.com\\\/#\\\/schema\\\/logo\\\/image\\\/\",\"url\":\"https:\\\/\\\/lospoliticosveracruz.com\\\/wp-content\\\/uploads\\\/2025\\\/12\\\/Logo-Nuevo-LOS-POLITICOS-1.jpg\",\"contentUrl\":\"https:\\\/\\\/lospoliticosveracruz.com\\\/wp-content\\\/uploads\\\/2025\\\/12\\\/Logo-Nuevo-LOS-POLITICOS-1.jpg\",\"width\":260,\"height\":70,\"caption\":\"Los pol\u00edticos Veracruz\"},\"image\":{\"@id\":\"https:\\\/\\\/lospoliticosveracruz.com\\\/#\\\/schema\\\/logo\\\/image\\\/\"},\"sameAs\":[\"https:\\\/\\\/www.facebook.com\\\/people\\\/Notimemes-de-los-Polticos\\\/61565672886568\\\/\",\"https:\\\/\\\/x.com\\\/LosPoliticosVer\"]},{\"@type\":\"Person\",\"@id\":\"https:\\\/\\\/lospoliticosveracruz.com\\\/#\\\/schema\\\/person\\\/b8702bb0e538456e6efd07080bf2a4a2\",\"name\":\"Lo viste en Los Pol\u00edticos\",\"image\":{\"@type\":\"ImageObject\",\"inLanguage\":\"es\",\"@id\":\"https:\\\/\\\/secure.gravatar.com\\\/avatar\\\/3a8de04a2656d44082be478bd6c086daa447c4651605818287b9532d3d0bd435?s=96&d=mm&r=g\",\"url\":\"https:\\\/\\\/secure.gravatar.com\\\/avatar\\\/3a8de04a2656d44082be478bd6c086daa447c4651605818287b9532d3d0bd435?s=96&d=mm&r=g\",\"contentUrl\":\"https:\\\/\\\/secure.gravatar.com\\\/avatar\\\/3a8de04a2656d44082be478bd6c086daa447c4651605818287b9532d3d0bd435?s=96&d=mm&r=g\",\"caption\":\"Lo viste en Los Pol\u00edticos\"},\"url\":\"https:\\\/\\\/lospoliticosveracruz.com\\\/?author=2\"}]}<\/script>\n<!-- \/ Yoast SEO plugin. -->","yoast_head_json":{"title":"M\u00c1S SABOOOR A FESTIVAL GASTRON\u00d3MICO - Los pol\u00edticos Veracruz","robots":{"index":"index","follow":"follow","max-snippet":"max-snippet:-1","max-image-preview":"max-image-preview:large","max-video-preview":"max-video-preview:-1"},"canonical":"https:\/\/lospoliticosveracruz.com\/?p=113722","og_locale":"es_ES","og_type":"article","og_title":"M\u00c1S SABOOOR A FESTIVAL GASTRON\u00d3MICO - Los pol\u00edticos Veracruz","og_description":"La Feria del Tamal, Pan y Chocolate regresa al parque Ju\u00e1rez del 3 al 5 de noviembre, y para amenizarla la Direcci\u00f3n Municipal de la Cultura prepar\u00f3 un programa art\u00edstico y musicalque contempla la participaci\u00f3n de las Orquesta Municipal de Xalapa (OMX) y Pauta Nueva, artistas independientes, y agrupaciones de ska, salsa, cumbia y danz\u00f3n. [&hellip;]","og_url":"https:\/\/lospoliticosveracruz.com\/?p=113722","og_site_name":"Los pol\u00edticos Veracruz","article_publisher":"https:\/\/www.facebook.com\/people\/Notimemes-de-los-Polticos\/61565672886568\/","article_published_time":"2023-11-01T16:23:52+00:00","article_modified_time":"2023-11-01T16:23:58+00:00","og_image":[{"width":200,"height":200,"url":"https:\/\/lospoliticosveracruz.com\/wp-content\/uploads\/2016\/07\/Logo-Dor.jpg","type":"image\/jpeg"}],"author":"Lo viste en Los Pol\u00edticos","twitter_card":"summary_large_image","twitter_creator":"@LosPoliticosVer","twitter_site":"@LosPoliticosVer","twitter_misc":{"Escrito por":"Lo viste en Los Pol\u00edticos","Tiempo de lectura":"3 minutos"},"schema":{"@context":"https:\/\/schema.org","@graph":[{"@type":"Article","@id":"https:\/\/lospoliticosveracruz.com\/?p=113722#article","isPartOf":{"@id":"https:\/\/lospoliticosveracruz.com\/?p=113722"},"author":{"name":"Lo viste en Los Pol\u00edticos","@id":"https:\/\/lospoliticosveracruz.com\/#\/schema\/person\/b8702bb0e538456e6efd07080bf2a4a2"},"headline":"M\u00c1S SABOOOR A FESTIVAL GASTRON\u00d3MICO","datePublished":"2023-11-01T16:23:52+00:00","dateModified":"2023-11-01T16:23:58+00:00","mainEntityOfPage":{"@id":"https:\/\/lospoliticosveracruz.com\/?p=113722"},"wordCount":655,"publisher":{"@id":"https:\/\/lospoliticosveracruz.com\/#organization"},"keywords":["Feria del Tamal","Pan y Chocolate"],"articleSection":["Culture"],"inLanguage":"es"},{"@type":"WebPage","@id":"https:\/\/lospoliticosveracruz.com\/?p=113722","url":"https:\/\/lospoliticosveracruz.com\/?p=113722","name":"M\u00c1S SABOOOR A FESTIVAL GASTRON\u00d3MICO - Los pol\u00edticos Veracruz","isPartOf":{"@id":"https:\/\/lospoliticosveracruz.com\/#website"},"datePublished":"2023-11-01T16:23:52+00:00","dateModified":"2023-11-01T16:23:58+00:00","breadcrumb":{"@id":"https:\/\/lospoliticosveracruz.com\/?p=113722#breadcrumb"},"inLanguage":"es","potentialAction":[{"@type":"ReadAction","target":["https:\/\/lospoliticosveracruz.com\/?p=113722"]}]},{"@type":"BreadcrumbList","@id":"https:\/\/lospoliticosveracruz.com\/?p=113722#breadcrumb","itemListElement":[{"@type":"ListItem","position":1,"name":"Portada","item":"https:\/\/lospoliticosveracruz.com\/"},{"@type":"ListItem","position":2,"name":"M\u00c1S SABOOOR A FESTIVAL GASTRON\u00d3MICO"}]},{"@type":"WebSite","@id":"https:\/\/lospoliticosveracruz.com\/#website","url":"https:\/\/lospoliticosveracruz.com\/","name":"Los pol\u00edticos Veracruz","description":"","publisher":{"@id":"https:\/\/lospoliticosveracruz.com\/#organization"},"potentialAction":[{"@type":"SearchAction","target":{"@type":"EntryPoint","urlTemplate":"https:\/\/lospoliticosveracruz.com\/?s={search_term_string}"},"query-input":{"@type":"PropertyValueSpecification","valueRequired":true,"valueName":"search_term_string"}}],"inLanguage":"es"},{"@type":"Organization","@id":"https:\/\/lospoliticosveracruz.com\/#organization","name":"Los pol\u00edticos Veracruz","url":"https:\/\/lospoliticosveracruz.com\/","logo":{"@type":"ImageObject","inLanguage":"es","@id":"https:\/\/lospoliticosveracruz.com\/#\/schema\/logo\/image\/","url":"https:\/\/lospoliticosveracruz.com\/wp-content\/uploads\/2025\/12\/Logo-Nuevo-LOS-POLITICOS-1.jpg","contentUrl":"https:\/\/lospoliticosveracruz.com\/wp-content\/uploads\/2025\/12\/Logo-Nuevo-LOS-POLITICOS-1.jpg","width":260,"height":70,"caption":"Los pol\u00edticos Veracruz"},"image":{"@id":"https:\/\/lospoliticosveracruz.com\/#\/schema\/logo\/image\/"},"sameAs":["https:\/\/www.facebook.com\/people\/Notimemes-de-los-Polticos\/61565672886568\/","https:\/\/x.com\/LosPoliticosVer"]},{"@type":"Person","@id":"https:\/\/lospoliticosveracruz.com\/#\/schema\/person\/b8702bb0e538456e6efd07080bf2a4a2","name":"Lo viste en Los Pol\u00edticos","image":{"@type":"ImageObject","inLanguage":"es","@id":"https:\/\/secure.gravatar.com\/avatar\/3a8de04a2656d44082be478bd6c086daa447c4651605818287b9532d3d0bd435?s=96&d=mm&r=g","url":"https:\/\/secure.gravatar.com\/avatar\/3a8de04a2656d44082be478bd6c086daa447c4651605818287b9532d3d0bd435?s=96&d=mm&r=g","contentUrl":"https:\/\/secure.gravatar.com\/avatar\/3a8de04a2656d44082be478bd6c086daa447c4651605818287b9532d3d0bd435?s=96&d=mm&r=g","caption":"Lo viste en Los Pol\u00edticos"},"url":"https:\/\/lospoliticosveracruz.com\/?author=2"}]}},"_links":{"self":[{"href":"https:\/\/lospoliticosveracruz.com\/index.php?rest_route=\/wp\/v2\/posts\/113722","targetHints":{"allow":["GET"]}}],"collection":[{"href":"https:\/\/lospoliticosveracruz.com\/index.php?rest_route=\/wp\/v2\/posts"}],"about":[{"href":"https:\/\/lospoliticosveracruz.com\/index.php?rest_route=\/wp\/v2\/types\/post"}],"author":[{"embeddable":true,"href":"https:\/\/lospoliticosveracruz.com\/index.php?rest_route=\/wp\/v2\/users\/2"}],"replies":[{"embeddable":true,"href":"https:\/\/lospoliticosveracruz.com\/index.php?rest_route=%2Fwp%2Fv2%2Fcomments&post=113722"}],"version-history":[{"count":1,"href":"https:\/\/lospoliticosveracruz.com\/index.php?rest_route=\/wp\/v2\/posts\/113722\/revisions"}],"predecessor-version":[{"id":113724,"href":"https:\/\/lospoliticosveracruz.com\/index.php?rest_route=\/wp\/v2\/posts\/113722\/revisions\/113724"}],"wp:attachment":[{"href":"https:\/\/lospoliticosveracruz.com\/index.php?rest_route=%2Fwp%2Fv2%2Fmedia&parent=113722"}],"wp:term":[{"taxonomy":"category","embeddable":true,"href":"https:\/\/lospoliticosveracruz.com\/index.php?rest_route=%2Fwp%2Fv2%2Fcategories&post=113722"},{"taxonomy":"post_tag","embeddable":true,"href":"https:\/\/lospoliticosveracruz.com\/index.php?rest_route=%2Fwp%2Fv2%2Ftags&post=113722"}],"curies":[{"name":"wp","href":"https:\/\/api.w.org\/{rel}","templated":true}]}}