{"id":113828,"date":"2023-11-04T15:26:39","date_gmt":"2023-11-04T21:26:39","guid":{"rendered":"https:\/\/lospoliticosveracruz.com.mx\/?p=113828"},"modified":"2023-11-04T15:26:47","modified_gmt":"2023-11-04T21:26:47","slug":"mucho-movimiento","status":"publish","type":"post","link":"https:\/\/lospoliticosveracruz.com\/?p=113828","title":{"rendered":"MUCHO MOVIMIENTO"},"content":{"rendered":"\n<p><strong>Miguel \u00c1ngel G\u00f3mez Ruiz<\/strong><\/p>\n\n\n\n<p>Contrapunto<\/p>\n\n\n\n<p>Aunque ya inici\u00f3 el proceso electoral muchos partidos ya llevan camino avanzado en ese tema, con candidatos, precandidatos, espectaculares y todo tipo de acciones que muchas veces han rebasado la ley.<\/p>\n\n\n\n<p>Por lo menos en el \u00e1mbito federal ya hay candidatas: X\u00f3chitl G\u00e1lvez y Claudia Sheinbaum y se espera a un tercer contendiente en la persona de Samuel Garc\u00eda, el gobernador con licencia de Nuevo Le\u00f3n.<\/p>\n\n\n<div class=\"wp-block-image\">\n<figure class=\"alignleft size-medium\"><a href=\"https:\/\/lospoliticosveracruz.com.mx\/wp-content\/uploads\/2021\/10\/WhatsApp-Image-2021-10-02-at-15.20.25.jpeg\"><img loading=\"lazy\" decoding=\"async\" width=\"212\" height=\"300\" src=\"https:\/\/lospoliticosveracruz.com.mx\/wp-content\/uploads\/2021\/10\/WhatsApp-Image-2021-10-02-at-15.20.25-212x300.jpeg\" alt=\"\" class=\"wp-image-80177\" srcset=\"https:\/\/lospoliticosveracruz.com\/wp-content\/uploads\/2021\/10\/WhatsApp-Image-2021-10-02-at-15.20.25-212x300.jpeg 212w, https:\/\/lospoliticosveracruz.com\/wp-content\/uploads\/2021\/10\/WhatsApp-Image-2021-10-02-at-15.20.25-724x1024.jpeg 724w, https:\/\/lospoliticosveracruz.com\/wp-content\/uploads\/2021\/10\/WhatsApp-Image-2021-10-02-at-15.20.25-768x1086.jpeg 768w, https:\/\/lospoliticosveracruz.com\/wp-content\/uploads\/2021\/10\/WhatsApp-Image-2021-10-02-at-15.20.25.jpeg 905w\" sizes=\"auto, (max-width: 212px) 100vw, 212px\" \/><\/a><\/figure>\n<\/div>\n\n\n<p>Ser\u00e1 una contienda interesante y los tres tendr\u00e1n que trabajar muy en serio para ganar, sobre todo porque Claudia Sheinbaum, favorita del presidente m\u00e1s no del p\u00fablico tiene mucho trabajo por hacer. En el caso de X\u00f3chitl G\u00e1lvez, ella tiene que rodearse de los mejores prospectos para trabajar a su lado y sobre Samuel Garc\u00eda es un hecho que depende de lleno del trabajo de su esposa, Mariana Rodr\u00edguez Cant\u00fa.<\/p>\n\n\n\n<p>La nominaci\u00f3n de Claudia Sheinbaum como candidata de la alianza Morena-PT y Verde Ecologista no sorprendi\u00f3 a nadie, pues desde hace mucho tiempo fue propuesta por el presidente L\u00f3pez Obrador y toda la tropa de Morena, que incluye a los gobernadores de esa alianza en el pa\u00eds simplemente obedeci\u00f3 a causa de esa fe ciega que le tienen al presidente.<\/p>\n\n\n\n<p>En el caso de X\u00f3chitl G\u00e1lvez, fue una aut\u00e9ntica sorpresa, pues se buscaba a un perfil adecuado para rivalizar con Sheinbaum y todo indicaba que ser\u00eda un var\u00f3n quien har\u00eda frente a la morenista, pero al final surgi\u00f3 el nombre de G\u00e1lvez y eso contagi\u00f3 de alegr\u00eda a sus seguidores e inclusive, m\u00e1s a priistas que panistas.<\/p>\n\n\n\n<p>El caso de Samuel Garc\u00eda es lo m\u00e1s nuevo, pues solicit\u00f3 licencia a la legislatura de Nuevo Le\u00f3n y se le concedi\u00f3, pero fue propuesto para sucederle Arturo Salinas, titular del Poder Judicial en ese estado, aunque a final de cuentas un juez en Tamaulipas determin\u00f3 que Javier Navarro, su secretario de gobierno, tomar\u00e1 las riendas del estado los pr\u00f3ximos seis meses.<\/p>\n\n\n\n<p>Habr\u00e1 renovaci\u00f3n de nueve gubernaturas y ello incluye a la Ciudad de M\u00e9xico, Guanajuato, Puebla, Veracruz, Morelos, Yucat\u00e1n, Chiapas, Tabasco y Jalisco.<\/p>\n\n\n\n<p>En la Ciudad de M\u00e9xico, dentro de Morena hay una confrontaci\u00f3n directa porque la propuesta de Claudia Sheinbaum es Omar Garc\u00eda Harfuch, de quien se ha hablado mucho desde que se le incluy\u00f3 en la disputa porque fue alguien cercano a Genaro Garc\u00eda Luna. Por el otro lado, Clara Brugada, que gobierna Iztapalapa y que en alguna ocasi\u00f3n gobern\u00f3 gracias a que \u201cJuanito\u201d gan\u00f3 en 2010 ir\u00e1 por la delegaci\u00f3n pues cree que puede ir a la campa\u00f1a y ganar.<\/p>\n\n\n\n<p>Salom\u00f3n Chertorivski ir\u00e1 por Movimiento Ciudadano. Es un buen elemento, ecu\u00e1nime y tiene la preparaci\u00f3n, pero habr\u00e1 que ver qu\u00e9 impacto tendr\u00e1 entre la poblaci\u00f3n.<\/p>\n\n\n\n<p>Por el Frente Amplio por M\u00e9xico ir\u00eda un excelente candidato, Santiago Taboada, que ir\u00eda como favorito para ganar la contienda, ya que adem\u00e1s de preparado, es un joven que ha trabajado de forma excelente en Benito Ju\u00e1rez. Inclusive, muchos ligados a la pol\u00edtica y hasta periodistas casados con la oposici\u00f3n lo ven como un candidato apto para ganar en la Ciudad de M\u00e9xico.<\/p>\n\n\n\n<p>La elecci\u00f3n de Veracruz<\/p>\n\n\n\n<p>Aunque Roc\u00edo Nahle ha librado escollos en su camino a la gubernatura, todav\u00eda hay dudas sobre su persona, principalmente porque no naci\u00f3 en Veracruz y quiz\u00e1, por su irregular trabajo, as\u00ed lo han se\u00f1alado, en la refiner\u00eda \u201cDos Bocas\u201d, en Tabasco. Peor a\u00fan, tiene sobre s\u00ed la actuaci\u00f3n de Cuitl\u00e1huac Garc\u00eda, que gobierna con cierta irregularidad en el estado desde 2018.<\/p>\n\n\n\n<p>Adem\u00e1s, sus adversarios no la han ayudado mucho, pues por un lado Eric Cisneros, exsecretario de gobierno, pese a no tener posibilidades se ha promocionado mucho gracias a su dominio sobre algunos alcaldes en la entidad. Por otra parte, el exdelegado de Bienestar, Manuel Huerta Ladr\u00f3n de Guevara, tambi\u00e9n ha mostrado su desacuerdo no s\u00f3lo con la encuesta, sino por el hecho de que se promocione tanto a Nahle, pero eso comenz\u00f3 con su presidente, L\u00f3pez Obrador.<\/p>\n\n\n\n<p>Tampoco ayuda mucho que Morena pareciera estar en el ojo del hurac\u00e1n, pues casi todo ha sido un desastre en Veracruz, salvo en casos excepcionales como Xalapa, con Ricardo Ahued Bardahuil y Tuxpan, con Jos\u00e9 Manuel Pozos Castro. Pero en muchos lados, Morena ha sido un desastre.<\/p>\n\n\n\n<p>Por la alianza PAN, PRI y PRD se dice que el candidato ser\u00eda Jos\u00e9 Yunes Zorrilla, que actualmente es diputado federal y es uno de los activos m\u00e1s valiosos del tricolor. Es cierto, perdi\u00f3 en la elecci\u00f3n para Senador hace algunos a\u00f1os y tambi\u00e9n perdi\u00f3 en 2018 buscando la gubernatura, pero por supuesto, era mucho mejor candidato que Cuitl\u00e1huac Garc\u00eda. Ahora podr\u00eda ser diferente no s\u00f3lo porque ir\u00eda en alianza, sino porque ha sido leal al PRI y tiene una atenci\u00f3n especial con el electorado. No recurre ni a falsedades ni a argucias.<\/p>\n\n\n\n<p>PD Queda pendiente el tema del magistrado Amadeo Flores Villalva, que ten\u00eda derecho a reelegirse por otros cinco a\u00f1os en su cargo, pero que fue rechazado por los diputados locales morenistas, a fin de darle una posici\u00f3n a otro morenista, seguramente desconocido, como fue el caso de Isabel Romero Cruz, Ailett Garc\u00eda Cayetano y Mar\u00eda Lilia Viveros Ram\u00edrez, unas joyitas.<\/p>\n","protected":false},"excerpt":{"rendered":"<p>Miguel \u00c1ngel G\u00f3mez Ruiz Contrapunto Aunque ya inici\u00f3 el proceso electoral muchos partidos ya llevan camino avanzado en ese tema, con candidatos, precandidatos, espectaculares y todo tipo de acciones que muchas veces han rebasado la ley. Por lo menos en el \u00e1mbito federal ya hay candidatas: X\u00f3chitl G\u00e1lvez y Claudia Sheinbaum y se espera a [&hellip;]<\/p>\n","protected":false},"author":2,"featured_media":0,"comment_status":"closed","ping_status":"closed","sticky":false,"template":"","format":"standard","meta":{"tdm_status":"","tdm_grid_status":"","footnotes":""},"categories":[70],"tags":[9627,246,251,195,17531],"class_list":{"0":"post-113828","1":"post","2":"type-post","3":"status-publish","4":"format-standard","6":"category-de-opinion","7":"tag-claudia-sheinbaum","8":"tag-pepe-yunes-zorrilla","9":"tag-pri","10":"tag-veracruz","11":"tag-xochitl-galvez"},"yoast_head":"<!-- This site is optimized with the Yoast SEO plugin v27.4 - https:\/\/yoast.com\/product\/yoast-seo-wordpress\/ -->\n<title>MUCHO MOVIMIENTO - Los pol\u00edticos Veracruz<\/title>\n<meta name=\"robots\" content=\"index, follow, max-snippet:-1, max-image-preview:large, max-video-preview:-1\" \/>\n<link rel=\"canonical\" href=\"https:\/\/lospoliticosveracruz.com\/?p=113828\" \/>\n<meta property=\"og:locale\" content=\"es_ES\" \/>\n<meta property=\"og:type\" content=\"article\" \/>\n<meta property=\"og:title\" content=\"MUCHO MOVIMIENTO - Los pol\u00edticos Veracruz\" \/>\n<meta property=\"og:description\" content=\"Miguel \u00c1ngel G\u00f3mez Ruiz Contrapunto Aunque ya inici\u00f3 el proceso electoral muchos partidos ya llevan camino avanzado en ese tema, con candidatos, precandidatos, espectaculares y todo tipo de acciones que muchas veces han rebasado la ley. Por lo menos en el \u00e1mbito federal ya hay candidatas: X\u00f3chitl G\u00e1lvez y Claudia Sheinbaum y se espera a [&hellip;]\" \/>\n<meta property=\"og:url\" content=\"https:\/\/lospoliticosveracruz.com\/?p=113828\" \/>\n<meta property=\"og:site_name\" content=\"Los pol\u00edticos Veracruz\" \/>\n<meta property=\"article:publisher\" content=\"https:\/\/www.facebook.com\/people\/Notimemes-de-los-Polticos\/61565672886568\/\" \/>\n<meta property=\"article:published_time\" content=\"2023-11-04T21:26:39+00:00\" \/>\n<meta property=\"article:modified_time\" content=\"2023-11-04T21:26:47+00:00\" \/>\n<meta property=\"og:image\" content=\"https:\/\/lospoliticosveracruz.com.mx\/wp-content\/uploads\/2021\/10\/WhatsApp-Image-2021-10-02-at-15.20.25-212x300.jpeg\" \/>\n<meta name=\"author\" content=\"Lo viste en Los Pol\u00edticos\" \/>\n<meta name=\"twitter:card\" content=\"summary_large_image\" \/>\n<meta name=\"twitter:creator\" content=\"@LosPoliticosVer\" \/>\n<meta name=\"twitter:site\" content=\"@LosPoliticosVer\" \/>\n<meta name=\"twitter:label1\" content=\"Escrito por\" \/>\n\t<meta name=\"twitter:data1\" content=\"Lo viste en Los Pol\u00edticos\" \/>\n\t<meta name=\"twitter:label2\" content=\"Tiempo de lectura\" \/>\n\t<meta name=\"twitter:data2\" content=\"5 minutos\" \/>\n<script type=\"application\/ld+json\" class=\"yoast-schema-graph\">{\"@context\":\"https:\\\/\\\/schema.org\",\"@graph\":[{\"@type\":\"Article\",\"@id\":\"https:\\\/\\\/lospoliticosveracruz.com\\\/?p=113828#article\",\"isPartOf\":{\"@id\":\"https:\\\/\\\/lospoliticosveracruz.com\\\/?p=113828\"},\"author\":{\"name\":\"Lo viste en Los Pol\u00edticos\",\"@id\":\"https:\\\/\\\/lospoliticosveracruz.com\\\/#\\\/schema\\\/person\\\/b8702bb0e538456e6efd07080bf2a4a2\"},\"headline\":\"MUCHO MOVIMIENTO\",\"datePublished\":\"2023-11-04T21:26:39+00:00\",\"dateModified\":\"2023-11-04T21:26:47+00:00\",\"mainEntityOfPage\":{\"@id\":\"https:\\\/\\\/lospoliticosveracruz.com\\\/?p=113828\"},\"wordCount\":933,\"publisher\":{\"@id\":\"https:\\\/\\\/lospoliticosveracruz.com\\\/#organization\"},\"image\":{\"@id\":\"https:\\\/\\\/lospoliticosveracruz.com\\\/?p=113828#primaryimage\"},\"thumbnailUrl\":\"https:\\\/\\\/lospoliticosveracruz.com.mx\\\/wp-content\\\/uploads\\\/2021\\\/10\\\/WhatsApp-Image-2021-10-02-at-15.20.25-212x300.jpeg\",\"keywords\":[\"Claudia Sheinbaum\",\"Pepe Yunes Zorrilla\",\"PRI\",\"Veracruz\",\"X\u00f3chitl G\u00e1lvez\"],\"articleSection\":[\"De Opini\u00f3n\"],\"inLanguage\":\"es\"},{\"@type\":\"WebPage\",\"@id\":\"https:\\\/\\\/lospoliticosveracruz.com\\\/?p=113828\",\"url\":\"https:\\\/\\\/lospoliticosveracruz.com\\\/?p=113828\",\"name\":\"MUCHO MOVIMIENTO - Los pol\u00edticos Veracruz\",\"isPartOf\":{\"@id\":\"https:\\\/\\\/lospoliticosveracruz.com\\\/#website\"},\"primaryImageOfPage\":{\"@id\":\"https:\\\/\\\/lospoliticosveracruz.com\\\/?p=113828#primaryimage\"},\"image\":{\"@id\":\"https:\\\/\\\/lospoliticosveracruz.com\\\/?p=113828#primaryimage\"},\"thumbnailUrl\":\"https:\\\/\\\/lospoliticosveracruz.com.mx\\\/wp-content\\\/uploads\\\/2021\\\/10\\\/WhatsApp-Image-2021-10-02-at-15.20.25-212x300.jpeg\",\"datePublished\":\"2023-11-04T21:26:39+00:00\",\"dateModified\":\"2023-11-04T21:26:47+00:00\",\"breadcrumb\":{\"@id\":\"https:\\\/\\\/lospoliticosveracruz.com\\\/?p=113828#breadcrumb\"},\"inLanguage\":\"es\",\"potentialAction\":[{\"@type\":\"ReadAction\",\"target\":[\"https:\\\/\\\/lospoliticosveracruz.com\\\/?p=113828\"]}]},{\"@type\":\"ImageObject\",\"inLanguage\":\"es\",\"@id\":\"https:\\\/\\\/lospoliticosveracruz.com\\\/?p=113828#primaryimage\",\"url\":\"https:\\\/\\\/lospoliticosveracruz.com.mx\\\/wp-content\\\/uploads\\\/2021\\\/10\\\/WhatsApp-Image-2021-10-02-at-15.20.25-212x300.jpeg\",\"contentUrl\":\"https:\\\/\\\/lospoliticosveracruz.com.mx\\\/wp-content\\\/uploads\\\/2021\\\/10\\\/WhatsApp-Image-2021-10-02-at-15.20.25-212x300.jpeg\"},{\"@type\":\"BreadcrumbList\",\"@id\":\"https:\\\/\\\/lospoliticosveracruz.com\\\/?p=113828#breadcrumb\",\"itemListElement\":[{\"@type\":\"ListItem\",\"position\":1,\"name\":\"Portada\",\"item\":\"https:\\\/\\\/lospoliticosveracruz.com\\\/\"},{\"@type\":\"ListItem\",\"position\":2,\"name\":\"MUCHO MOVIMIENTO\"}]},{\"@type\":\"WebSite\",\"@id\":\"https:\\\/\\\/lospoliticosveracruz.com\\\/#website\",\"url\":\"https:\\\/\\\/lospoliticosveracruz.com\\\/\",\"name\":\"Los pol\u00edticos Veracruz\",\"description\":\"\",\"publisher\":{\"@id\":\"https:\\\/\\\/lospoliticosveracruz.com\\\/#organization\"},\"potentialAction\":[{\"@type\":\"SearchAction\",\"target\":{\"@type\":\"EntryPoint\",\"urlTemplate\":\"https:\\\/\\\/lospoliticosveracruz.com\\\/?s={search_term_string}\"},\"query-input\":{\"@type\":\"PropertyValueSpecification\",\"valueRequired\":true,\"valueName\":\"search_term_string\"}}],\"inLanguage\":\"es\"},{\"@type\":\"Organization\",\"@id\":\"https:\\\/\\\/lospoliticosveracruz.com\\\/#organization\",\"name\":\"Los pol\u00edticos Veracruz\",\"url\":\"https:\\\/\\\/lospoliticosveracruz.com\\\/\",\"logo\":{\"@type\":\"ImageObject\",\"inLanguage\":\"es\",\"@id\":\"https:\\\/\\\/lospoliticosveracruz.com\\\/#\\\/schema\\\/logo\\\/image\\\/\",\"url\":\"https:\\\/\\\/lospoliticosveracruz.com\\\/wp-content\\\/uploads\\\/2025\\\/12\\\/Logo-Nuevo-LOS-POLITICOS-1.jpg\",\"contentUrl\":\"https:\\\/\\\/lospoliticosveracruz.com\\\/wp-content\\\/uploads\\\/2025\\\/12\\\/Logo-Nuevo-LOS-POLITICOS-1.jpg\",\"width\":260,\"height\":70,\"caption\":\"Los pol\u00edticos Veracruz\"},\"image\":{\"@id\":\"https:\\\/\\\/lospoliticosveracruz.com\\\/#\\\/schema\\\/logo\\\/image\\\/\"},\"sameAs\":[\"https:\\\/\\\/www.facebook.com\\\/people\\\/Notimemes-de-los-Polticos\\\/61565672886568\\\/\",\"https:\\\/\\\/x.com\\\/LosPoliticosVer\"]},{\"@type\":\"Person\",\"@id\":\"https:\\\/\\\/lospoliticosveracruz.com\\\/#\\\/schema\\\/person\\\/b8702bb0e538456e6efd07080bf2a4a2\",\"name\":\"Lo viste en Los Pol\u00edticos\",\"image\":{\"@type\":\"ImageObject\",\"inLanguage\":\"es\",\"@id\":\"https:\\\/\\\/secure.gravatar.com\\\/avatar\\\/3a8de04a2656d44082be478bd6c086daa447c4651605818287b9532d3d0bd435?s=96&d=mm&r=g\",\"url\":\"https:\\\/\\\/secure.gravatar.com\\\/avatar\\\/3a8de04a2656d44082be478bd6c086daa447c4651605818287b9532d3d0bd435?s=96&d=mm&r=g\",\"contentUrl\":\"https:\\\/\\\/secure.gravatar.com\\\/avatar\\\/3a8de04a2656d44082be478bd6c086daa447c4651605818287b9532d3d0bd435?s=96&d=mm&r=g\",\"caption\":\"Lo viste en Los Pol\u00edticos\"},\"url\":\"https:\\\/\\\/lospoliticosveracruz.com\\\/?author=2\"}]}<\/script>\n<!-- \/ Yoast SEO plugin. -->","yoast_head_json":{"title":"MUCHO MOVIMIENTO - Los pol\u00edticos Veracruz","robots":{"index":"index","follow":"follow","max-snippet":"max-snippet:-1","max-image-preview":"max-image-preview:large","max-video-preview":"max-video-preview:-1"},"canonical":"https:\/\/lospoliticosveracruz.com\/?p=113828","og_locale":"es_ES","og_type":"article","og_title":"MUCHO MOVIMIENTO - Los pol\u00edticos Veracruz","og_description":"Miguel \u00c1ngel G\u00f3mez Ruiz Contrapunto Aunque ya inici\u00f3 el proceso electoral muchos partidos ya llevan camino avanzado en ese tema, con candidatos, precandidatos, espectaculares y todo tipo de acciones que muchas veces han rebasado la ley. Por lo menos en el \u00e1mbito federal ya hay candidatas: X\u00f3chitl G\u00e1lvez y Claudia Sheinbaum y se espera a [&hellip;]","og_url":"https:\/\/lospoliticosveracruz.com\/?p=113828","og_site_name":"Los pol\u00edticos Veracruz","article_publisher":"https:\/\/www.facebook.com\/people\/Notimemes-de-los-Polticos\/61565672886568\/","article_published_time":"2023-11-04T21:26:39+00:00","article_modified_time":"2023-11-04T21:26:47+00:00","og_image":[{"url":"https:\/\/lospoliticosveracruz.com.mx\/wp-content\/uploads\/2021\/10\/WhatsApp-Image-2021-10-02-at-15.20.25-212x300.jpeg","type":"","width":"","height":""}],"author":"Lo viste en Los Pol\u00edticos","twitter_card":"summary_large_image","twitter_creator":"@LosPoliticosVer","twitter_site":"@LosPoliticosVer","twitter_misc":{"Escrito por":"Lo viste en Los Pol\u00edticos","Tiempo de lectura":"5 minutos"},"schema":{"@context":"https:\/\/schema.org","@graph":[{"@type":"Article","@id":"https:\/\/lospoliticosveracruz.com\/?p=113828#article","isPartOf":{"@id":"https:\/\/lospoliticosveracruz.com\/?p=113828"},"author":{"name":"Lo viste en Los Pol\u00edticos","@id":"https:\/\/lospoliticosveracruz.com\/#\/schema\/person\/b8702bb0e538456e6efd07080bf2a4a2"},"headline":"MUCHO MOVIMIENTO","datePublished":"2023-11-04T21:26:39+00:00","dateModified":"2023-11-04T21:26:47+00:00","mainEntityOfPage":{"@id":"https:\/\/lospoliticosveracruz.com\/?p=113828"},"wordCount":933,"publisher":{"@id":"https:\/\/lospoliticosveracruz.com\/#organization"},"image":{"@id":"https:\/\/lospoliticosveracruz.com\/?p=113828#primaryimage"},"thumbnailUrl":"https:\/\/lospoliticosveracruz.com.mx\/wp-content\/uploads\/2021\/10\/WhatsApp-Image-2021-10-02-at-15.20.25-212x300.jpeg","keywords":["Claudia Sheinbaum","Pepe Yunes Zorrilla","PRI","Veracruz","X\u00f3chitl G\u00e1lvez"],"articleSection":["De Opini\u00f3n"],"inLanguage":"es"},{"@type":"WebPage","@id":"https:\/\/lospoliticosveracruz.com\/?p=113828","url":"https:\/\/lospoliticosveracruz.com\/?p=113828","name":"MUCHO MOVIMIENTO - Los pol\u00edticos Veracruz","isPartOf":{"@id":"https:\/\/lospoliticosveracruz.com\/#website"},"primaryImageOfPage":{"@id":"https:\/\/lospoliticosveracruz.com\/?p=113828#primaryimage"},"image":{"@id":"https:\/\/lospoliticosveracruz.com\/?p=113828#primaryimage"},"thumbnailUrl":"https:\/\/lospoliticosveracruz.com.mx\/wp-content\/uploads\/2021\/10\/WhatsApp-Image-2021-10-02-at-15.20.25-212x300.jpeg","datePublished":"2023-11-04T21:26:39+00:00","dateModified":"2023-11-04T21:26:47+00:00","breadcrumb":{"@id":"https:\/\/lospoliticosveracruz.com\/?p=113828#breadcrumb"},"inLanguage":"es","potentialAction":[{"@type":"ReadAction","target":["https:\/\/lospoliticosveracruz.com\/?p=113828"]}]},{"@type":"ImageObject","inLanguage":"es","@id":"https:\/\/lospoliticosveracruz.com\/?p=113828#primaryimage","url":"https:\/\/lospoliticosveracruz.com.mx\/wp-content\/uploads\/2021\/10\/WhatsApp-Image-2021-10-02-at-15.20.25-212x300.jpeg","contentUrl":"https:\/\/lospoliticosveracruz.com.mx\/wp-content\/uploads\/2021\/10\/WhatsApp-Image-2021-10-02-at-15.20.25-212x300.jpeg"},{"@type":"BreadcrumbList","@id":"https:\/\/lospoliticosveracruz.com\/?p=113828#breadcrumb","itemListElement":[{"@type":"ListItem","position":1,"name":"Portada","item":"https:\/\/lospoliticosveracruz.com\/"},{"@type":"ListItem","position":2,"name":"MUCHO MOVIMIENTO"}]},{"@type":"WebSite","@id":"https:\/\/lospoliticosveracruz.com\/#website","url":"https:\/\/lospoliticosveracruz.com\/","name":"Los pol\u00edticos Veracruz","description":"","publisher":{"@id":"https:\/\/lospoliticosveracruz.com\/#organization"},"potentialAction":[{"@type":"SearchAction","target":{"@type":"EntryPoint","urlTemplate":"https:\/\/lospoliticosveracruz.com\/?s={search_term_string}"},"query-input":{"@type":"PropertyValueSpecification","valueRequired":true,"valueName":"search_term_string"}}],"inLanguage":"es"},{"@type":"Organization","@id":"https:\/\/lospoliticosveracruz.com\/#organization","name":"Los pol\u00edticos Veracruz","url":"https:\/\/lospoliticosveracruz.com\/","logo":{"@type":"ImageObject","inLanguage":"es","@id":"https:\/\/lospoliticosveracruz.com\/#\/schema\/logo\/image\/","url":"https:\/\/lospoliticosveracruz.com\/wp-content\/uploads\/2025\/12\/Logo-Nuevo-LOS-POLITICOS-1.jpg","contentUrl":"https:\/\/lospoliticosveracruz.com\/wp-content\/uploads\/2025\/12\/Logo-Nuevo-LOS-POLITICOS-1.jpg","width":260,"height":70,"caption":"Los pol\u00edticos Veracruz"},"image":{"@id":"https:\/\/lospoliticosveracruz.com\/#\/schema\/logo\/image\/"},"sameAs":["https:\/\/www.facebook.com\/people\/Notimemes-de-los-Polticos\/61565672886568\/","https:\/\/x.com\/LosPoliticosVer"]},{"@type":"Person","@id":"https:\/\/lospoliticosveracruz.com\/#\/schema\/person\/b8702bb0e538456e6efd07080bf2a4a2","name":"Lo viste en Los Pol\u00edticos","image":{"@type":"ImageObject","inLanguage":"es","@id":"https:\/\/secure.gravatar.com\/avatar\/3a8de04a2656d44082be478bd6c086daa447c4651605818287b9532d3d0bd435?s=96&d=mm&r=g","url":"https:\/\/secure.gravatar.com\/avatar\/3a8de04a2656d44082be478bd6c086daa447c4651605818287b9532d3d0bd435?s=96&d=mm&r=g","contentUrl":"https:\/\/secure.gravatar.com\/avatar\/3a8de04a2656d44082be478bd6c086daa447c4651605818287b9532d3d0bd435?s=96&d=mm&r=g","caption":"Lo viste en Los Pol\u00edticos"},"url":"https:\/\/lospoliticosveracruz.com\/?author=2"}]}},"_links":{"self":[{"href":"https:\/\/lospoliticosveracruz.com\/index.php?rest_route=\/wp\/v2\/posts\/113828","targetHints":{"allow":["GET"]}}],"collection":[{"href":"https:\/\/lospoliticosveracruz.com\/index.php?rest_route=\/wp\/v2\/posts"}],"about":[{"href":"https:\/\/lospoliticosveracruz.com\/index.php?rest_route=\/wp\/v2\/types\/post"}],"author":[{"embeddable":true,"href":"https:\/\/lospoliticosveracruz.com\/index.php?rest_route=\/wp\/v2\/users\/2"}],"replies":[{"embeddable":true,"href":"https:\/\/lospoliticosveracruz.com\/index.php?rest_route=%2Fwp%2Fv2%2Fcomments&post=113828"}],"version-history":[{"count":1,"href":"https:\/\/lospoliticosveracruz.com\/index.php?rest_route=\/wp\/v2\/posts\/113828\/revisions"}],"predecessor-version":[{"id":113829,"href":"https:\/\/lospoliticosveracruz.com\/index.php?rest_route=\/wp\/v2\/posts\/113828\/revisions\/113829"}],"wp:attachment":[{"href":"https:\/\/lospoliticosveracruz.com\/index.php?rest_route=%2Fwp%2Fv2%2Fmedia&parent=113828"}],"wp:term":[{"taxonomy":"category","embeddable":true,"href":"https:\/\/lospoliticosveracruz.com\/index.php?rest_route=%2Fwp%2Fv2%2Fcategories&post=113828"},{"taxonomy":"post_tag","embeddable":true,"href":"https:\/\/lospoliticosveracruz.com\/index.php?rest_route=%2Fwp%2Fv2%2Ftags&post=113828"}],"curies":[{"name":"wp","href":"https:\/\/api.w.org\/{rel}","templated":true}]}}