{"id":113856,"date":"2023-11-05T17:56:14","date_gmt":"2023-11-05T23:56:14","guid":{"rendered":"https:\/\/lospoliticosveracruz.com.mx\/?p=113856"},"modified":"2023-11-06T07:55:14","modified_gmt":"2023-11-06T13:55:14","slug":"seguridad","status":"publish","type":"post","link":"https:\/\/lospoliticosveracruz.com\/?p=113856","title":{"rendered":"SEGURIDAD"},"content":{"rendered":"\n<p><strong>Guadalupe<\/strong> <strong>H. Mar<\/strong><\/p>\n\n\n\n<p><em>Mira Pol\u00edtica<\/em><\/p>\n\n\n\n<p><strong>CHAPUL\u00cdN COLORADO<\/strong> \u2026 Como testimonio de la falta de Estado en la entidad veracruzana, es la acci\u00f3n promovida por el Movimiento Ind\u00edgena Liberal, Plural y Aut\u00f3nomo de Zongolica (Milpaz), que demand\u00f3 al alcalde de ese municipio, Benito Aguas Atlahua, la salida de los elementos de la Secretar\u00eda de Seguridad P\u00fablica del estado de Veracruz (SSP), as\u00ed como de los uniformados municipales por el desmedido incremento en casos de extorsi\u00f3n y abusos por parte de quienes se supone deben resguardar y proteger a la ciudadan\u00eda.<\/p>\n\n\n<div class=\"wp-block-image\">\n<figure class=\"alignleft size-medium\"><a href=\"https:\/\/lospoliticosveracruz.com.mx\/wp-content\/uploads\/2021\/10\/Zacauilt.jpg\"><img decoding=\"async\" src=\"https:\/\/lospoliticosveracruz.com.mx\/wp-content\/uploads\/2021\/10\/Zacauilt-150x300.jpg\" alt=\"\" class=\"wp-image-80558\"\/><\/a><\/figure>\n<\/div>\n\n\n<p>\u201cManda a elementos de la Guardia Nacional o vamos a detenerlos y ponerlos a disposici\u00f3n de las autoridades\u201d, fue la advertencia de los integrantes de Milpaz al igual que de Ad\u00e1n Sandokan Hern\u00e1ndez Vallejo, dirigente de transporte mixto rural en Zongolica, esto en una reuni\u00f3n que sostuvieron los transportistas con el alcalde de ese municipio de las altas monta\u00f1as de Veracruz, as\u00ed como con representantes de la Secretar\u00eda de Seguridad P\u00fablica.<\/p>\n\n\n\n<p>Los transportistas denunciaron que los elementos de ambas corporaciones policiacas montan retenes \u201csolo para atracar, pues presentan hasta tres casos por semana y la gente ya est\u00e1 cansada\u201d.<\/p>\n\n\n\n<p>El irregular actuar de los uniformados en la regi\u00f3n de Zongolica, no es privativo de esa zona, pues hace unos d\u00edas, tambi\u00e9n elementos de la polic\u00eda estatal y municipal del puerto de Veracruz agredieron a los periodistas Franco Cardel y Carlos Parra, quienes cubr\u00edan informativamente lo relacionado con un asalto.<\/p>\n\n\n\n<p>El que los periodistas grabaran y transmitieran en vivo molest\u00f3 a algunos uniformados, que, de acuerdo con los videos en redes sociales, se aprecia arremetieron contra los periodistas sin miramiento alguno.<\/p>\n\n\n\n<p>Obvio, en ambos casos la Secretar\u00eda de Seguridad P\u00fablica desminti\u00f3 los se\u00f1alamientos en su contra, sin embargo, las evidencias son contundentes.<\/p>\n\n\n\n<p>Por ello y como se dec\u00eda en la serie televisiva del Chapul\u00edn Colorado \u00bfy ahora qui\u00e9n podr\u00e1 defendernos?, pregunta que queda en el aire porque los constitucionalmente encargados de velar por los veracruzanos andan encorcholatados, apur\u00e1ndose a estructurar la gran sorpresa de que una zacatecana gobernar\u00e1 el estado de Veracruz.<\/p>\n\n\n\n<p><strong>NO TIENE LA CULPA EL INDIO<\/strong> \u2026 Para que normen criterio amables lectoras y lectores respecto a lo que est\u00e1 sucediendo en Acapulco, en el estado de Guerrero, despu\u00e9s del hurac\u00e1n \u201cOtis\u201d, es importante conocer que como titular de la Coordinaci\u00f3n Nacional de Protecci\u00f3n Civil (CNPC), el presidente de la rep\u00fablica Andr\u00e9s Manuel L\u00f3pez Obrador design\u00f3 desde el a\u00f1o 2020, a Laura Vel\u00e1zquez Alz\u00faa, licenciada en Historia de Arte.<\/p>\n\n\n\n<p>As\u00ed como lo est\u00e1 leyendo, la funcionaria encargada de la Protecci\u00f3n Civil en la rep\u00fablica mexicana no tiene el perfil necesario para desempe\u00f1ar tan importante labor.<\/p>\n\n\n\n<p>Su experiencia como historiadora del arte incluye el haber sido directora de la Casa de la Cultura, as\u00ed como del Centro Integral de Atenci\u00f3n a la Mujer tambi\u00e9n en Azcapotzalco.<\/p>\n\n\n\n<p>Ah y para que no se queden con la duda amables lectores, en el estado de Veracruz no cantamos mal las rancheras, pues la titular de la Secretar\u00eda de Protecci\u00f3n Civil es la doctora en Antropolog\u00eda Guadalupe Osorno Maldonado, quien de no ser porque tiene a excelentes colaboradores como el maestro Federico Acevedo Rosas, nos tendr\u00eda descobijados y a merced de los temporales a los veracruzanos.<\/p>\n\n\n\n<p><strong>PACHAMAMA<\/strong> \u2026 Recontraporcierto y a prop\u00f3sito de lo sucedido recientemente en Acapulco, en el estado de Guerrero, publicamos aqu\u00ed la siguiente pregunta: \u00bfSab\u00edan ustedes amables lectoras y lectores que, de los 32 estados de la rep\u00fablica mexicana, Veracruz es el n\u00famero uno en declaratorias de desastres, en los \u00faltimos 23 a\u00f1os?<\/p>\n\n\n\n<p>As\u00ed es y de ello da constancia el Centro Nacional de Prevenci\u00f3n de Desastres del gobierno federal, (Cenapred), que se cre\u00f3 tras el sismo del 19 de septiembre de 1985, donde dan a conocer que del a\u00f1o dos mil al actual, destaca el estado de Veracruz con el mayor n\u00famero de declaratorias de entre los estados del pa\u00eds con 371, n\u00famero por arriba de Oaxaca con 219 y de Chiapas con 190.<\/p>\n\n\n\n<p>Por ello el estado de Veracruz es para el caso, el bot\u00f3n que sirve de muestra para ejemplificar que las advertencias de la Cenapred sucumben ante la necedad humana por asentarse en lugares riesgosos, como en Aguadulcita al sur del estado y la omisi\u00f3n gubernamental, que pareciera ya encontr\u00f3 en los desastres naturales la minita de oro de recursos p\u00fablicos que, por utilizarse para atender emergencias, no son comprobables.&nbsp;<\/p>\n\n\n\n<p>Por ende, los desastres naturales como negocio, pudiera llamarse la obra.<\/p>\n\n\n\n<p><strong>D\u00cdGALO SIN MIEDO<\/strong> \u2026 Al correo electr\u00f3nico <a href=\"mailto:guadalupehmar@yahoo.com\">guadalupehmar@yahoo.com<\/a>&nbsp;<\/p>\n","protected":false},"excerpt":{"rendered":"<p>Guadalupe H. Mar Mira Pol\u00edtica CHAPUL\u00cdN COLORADO \u2026 Como testimonio de la falta de Estado en la entidad veracruzana, es la acci\u00f3n promovida por el Movimiento Ind\u00edgena Liberal, Plural y Aut\u00f3nomo de Zongolica (Milpaz), que demand\u00f3 al alcalde de ese municipio, Benito Aguas Atlahua, la salida de los elementos de la Secretar\u00eda de Seguridad P\u00fablica [&hellip;]<\/p>\n","protected":false},"author":2,"featured_media":0,"comment_status":"closed","ping_status":"closed","sticky":false,"template":"","format":"standard","meta":{"tdm_status":"","tdm_grid_status":"","footnotes":""},"categories":[70],"tags":[1563,92,30057,1026,39622,177,195],"class_list":{"0":"post-113856","1":"post","2":"type-post","3":"status-publish","4":"format-standard","6":"category-de-opinion","7":"tag-cuitlahuac-garcia-jimenez","8":"tag-guerrero","9":"tag-laura-velazquez-alzua","10":"tag-morena","11":"tag-otis","12":"tag-seguridad-publica","13":"tag-veracruz"},"yoast_head":"<!-- This site is optimized with the Yoast SEO plugin v27.4 - https:\/\/yoast.com\/product\/yoast-seo-wordpress\/ -->\n<title>SEGURIDAD - Los pol\u00edticos Veracruz<\/title>\n<meta name=\"robots\" content=\"index, follow, max-snippet:-1, max-image-preview:large, max-video-preview:-1\" \/>\n<link rel=\"canonical\" href=\"https:\/\/lospoliticosveracruz.com\/?p=113856\" \/>\n<meta property=\"og:locale\" content=\"es_ES\" \/>\n<meta property=\"og:type\" content=\"article\" \/>\n<meta property=\"og:title\" content=\"SEGURIDAD - Los pol\u00edticos Veracruz\" \/>\n<meta property=\"og:description\" content=\"Guadalupe H. Mar Mira Pol\u00edtica CHAPUL\u00cdN COLORADO \u2026 Como testimonio de la falta de Estado en la entidad veracruzana, es la acci\u00f3n promovida por el Movimiento Ind\u00edgena Liberal, Plural y Aut\u00f3nomo de Zongolica (Milpaz), que demand\u00f3 al alcalde de ese municipio, Benito Aguas Atlahua, la salida de los elementos de la Secretar\u00eda de Seguridad P\u00fablica [&hellip;]\" \/>\n<meta property=\"og:url\" content=\"https:\/\/lospoliticosveracruz.com\/?p=113856\" \/>\n<meta property=\"og:site_name\" content=\"Los pol\u00edticos Veracruz\" \/>\n<meta property=\"article:publisher\" content=\"https:\/\/www.facebook.com\/people\/Notimemes-de-los-Polticos\/61565672886568\/\" \/>\n<meta property=\"article:published_time\" content=\"2023-11-05T23:56:14+00:00\" \/>\n<meta property=\"article:modified_time\" content=\"2023-11-06T13:55:14+00:00\" \/>\n<meta property=\"og:image\" content=\"https:\/\/lospoliticosveracruz.com.mx\/wp-content\/uploads\/2021\/10\/Zacauilt-150x300.jpg\" \/>\n<meta name=\"author\" content=\"Lo viste en Los Pol\u00edticos\" \/>\n<meta name=\"twitter:card\" content=\"summary_large_image\" \/>\n<meta name=\"twitter:creator\" content=\"@LosPoliticosVer\" \/>\n<meta name=\"twitter:site\" content=\"@LosPoliticosVer\" \/>\n<meta name=\"twitter:label1\" content=\"Escrito por\" \/>\n\t<meta name=\"twitter:data1\" content=\"Lo viste en Los Pol\u00edticos\" \/>\n\t<meta name=\"twitter:label2\" content=\"Tiempo de lectura\" \/>\n\t<meta name=\"twitter:data2\" content=\"4 minutos\" \/>\n<script type=\"application\/ld+json\" class=\"yoast-schema-graph\">{\"@context\":\"https:\\\/\\\/schema.org\",\"@graph\":[{\"@type\":\"Article\",\"@id\":\"https:\\\/\\\/lospoliticosveracruz.com\\\/?p=113856#article\",\"isPartOf\":{\"@id\":\"https:\\\/\\\/lospoliticosveracruz.com\\\/?p=113856\"},\"author\":{\"name\":\"Lo viste en Los Pol\u00edticos\",\"@id\":\"https:\\\/\\\/lospoliticosveracruz.com\\\/#\\\/schema\\\/person\\\/b8702bb0e538456e6efd07080bf2a4a2\"},\"headline\":\"SEGURIDAD\",\"datePublished\":\"2023-11-05T23:56:14+00:00\",\"dateModified\":\"2023-11-06T13:55:14+00:00\",\"mainEntityOfPage\":{\"@id\":\"https:\\\/\\\/lospoliticosveracruz.com\\\/?p=113856\"},\"wordCount\":797,\"publisher\":{\"@id\":\"https:\\\/\\\/lospoliticosveracruz.com\\\/#organization\"},\"image\":{\"@id\":\"https:\\\/\\\/lospoliticosveracruz.com\\\/?p=113856#primaryimage\"},\"thumbnailUrl\":\"https:\\\/\\\/lospoliticosveracruz.com.mx\\\/wp-content\\\/uploads\\\/2021\\\/10\\\/Zacauilt-150x300.jpg\",\"keywords\":[\"Cuitl\u00e1huac Garc\u00eda Jim\u00e9nez\",\"Guerrero\",\"Laura Vel\u00e1zquez Alz\u00faa\",\"Morena\",\"OTIS\",\"Seguridad P\u00fablica\",\"Veracruz\"],\"articleSection\":[\"De Opini\u00f3n\"],\"inLanguage\":\"es\"},{\"@type\":\"WebPage\",\"@id\":\"https:\\\/\\\/lospoliticosveracruz.com\\\/?p=113856\",\"url\":\"https:\\\/\\\/lospoliticosveracruz.com\\\/?p=113856\",\"name\":\"SEGURIDAD - Los pol\u00edticos Veracruz\",\"isPartOf\":{\"@id\":\"https:\\\/\\\/lospoliticosveracruz.com\\\/#website\"},\"primaryImageOfPage\":{\"@id\":\"https:\\\/\\\/lospoliticosveracruz.com\\\/?p=113856#primaryimage\"},\"image\":{\"@id\":\"https:\\\/\\\/lospoliticosveracruz.com\\\/?p=113856#primaryimage\"},\"thumbnailUrl\":\"https:\\\/\\\/lospoliticosveracruz.com.mx\\\/wp-content\\\/uploads\\\/2021\\\/10\\\/Zacauilt-150x300.jpg\",\"datePublished\":\"2023-11-05T23:56:14+00:00\",\"dateModified\":\"2023-11-06T13:55:14+00:00\",\"breadcrumb\":{\"@id\":\"https:\\\/\\\/lospoliticosveracruz.com\\\/?p=113856#breadcrumb\"},\"inLanguage\":\"es\",\"potentialAction\":[{\"@type\":\"ReadAction\",\"target\":[\"https:\\\/\\\/lospoliticosveracruz.com\\\/?p=113856\"]}]},{\"@type\":\"ImageObject\",\"inLanguage\":\"es\",\"@id\":\"https:\\\/\\\/lospoliticosveracruz.com\\\/?p=113856#primaryimage\",\"url\":\"https:\\\/\\\/lospoliticosveracruz.com.mx\\\/wp-content\\\/uploads\\\/2021\\\/10\\\/Zacauilt-150x300.jpg\",\"contentUrl\":\"https:\\\/\\\/lospoliticosveracruz.com.mx\\\/wp-content\\\/uploads\\\/2021\\\/10\\\/Zacauilt-150x300.jpg\"},{\"@type\":\"BreadcrumbList\",\"@id\":\"https:\\\/\\\/lospoliticosveracruz.com\\\/?p=113856#breadcrumb\",\"itemListElement\":[{\"@type\":\"ListItem\",\"position\":1,\"name\":\"Portada\",\"item\":\"https:\\\/\\\/lospoliticosveracruz.com\\\/\"},{\"@type\":\"ListItem\",\"position\":2,\"name\":\"SEGURIDAD\"}]},{\"@type\":\"WebSite\",\"@id\":\"https:\\\/\\\/lospoliticosveracruz.com\\\/#website\",\"url\":\"https:\\\/\\\/lospoliticosveracruz.com\\\/\",\"name\":\"Los pol\u00edticos Veracruz\",\"description\":\"\",\"publisher\":{\"@id\":\"https:\\\/\\\/lospoliticosveracruz.com\\\/#organization\"},\"potentialAction\":[{\"@type\":\"SearchAction\",\"target\":{\"@type\":\"EntryPoint\",\"urlTemplate\":\"https:\\\/\\\/lospoliticosveracruz.com\\\/?s={search_term_string}\"},\"query-input\":{\"@type\":\"PropertyValueSpecification\",\"valueRequired\":true,\"valueName\":\"search_term_string\"}}],\"inLanguage\":\"es\"},{\"@type\":\"Organization\",\"@id\":\"https:\\\/\\\/lospoliticosveracruz.com\\\/#organization\",\"name\":\"Los pol\u00edticos Veracruz\",\"url\":\"https:\\\/\\\/lospoliticosveracruz.com\\\/\",\"logo\":{\"@type\":\"ImageObject\",\"inLanguage\":\"es\",\"@id\":\"https:\\\/\\\/lospoliticosveracruz.com\\\/#\\\/schema\\\/logo\\\/image\\\/\",\"url\":\"https:\\\/\\\/lospoliticosveracruz.com\\\/wp-content\\\/uploads\\\/2025\\\/12\\\/Logo-Nuevo-LOS-POLITICOS-1.jpg\",\"contentUrl\":\"https:\\\/\\\/lospoliticosveracruz.com\\\/wp-content\\\/uploads\\\/2025\\\/12\\\/Logo-Nuevo-LOS-POLITICOS-1.jpg\",\"width\":260,\"height\":70,\"caption\":\"Los pol\u00edticos Veracruz\"},\"image\":{\"@id\":\"https:\\\/\\\/lospoliticosveracruz.com\\\/#\\\/schema\\\/logo\\\/image\\\/\"},\"sameAs\":[\"https:\\\/\\\/www.facebook.com\\\/people\\\/Notimemes-de-los-Polticos\\\/61565672886568\\\/\",\"https:\\\/\\\/x.com\\\/LosPoliticosVer\"]},{\"@type\":\"Person\",\"@id\":\"https:\\\/\\\/lospoliticosveracruz.com\\\/#\\\/schema\\\/person\\\/b8702bb0e538456e6efd07080bf2a4a2\",\"name\":\"Lo viste en Los Pol\u00edticos\",\"image\":{\"@type\":\"ImageObject\",\"inLanguage\":\"es\",\"@id\":\"https:\\\/\\\/secure.gravatar.com\\\/avatar\\\/3a8de04a2656d44082be478bd6c086daa447c4651605818287b9532d3d0bd435?s=96&d=mm&r=g\",\"url\":\"https:\\\/\\\/secure.gravatar.com\\\/avatar\\\/3a8de04a2656d44082be478bd6c086daa447c4651605818287b9532d3d0bd435?s=96&d=mm&r=g\",\"contentUrl\":\"https:\\\/\\\/secure.gravatar.com\\\/avatar\\\/3a8de04a2656d44082be478bd6c086daa447c4651605818287b9532d3d0bd435?s=96&d=mm&r=g\",\"caption\":\"Lo viste en Los Pol\u00edticos\"},\"url\":\"https:\\\/\\\/lospoliticosveracruz.com\\\/?author=2\"}]}<\/script>\n<!-- \/ Yoast SEO plugin. -->","yoast_head_json":{"title":"SEGURIDAD - Los pol\u00edticos Veracruz","robots":{"index":"index","follow":"follow","max-snippet":"max-snippet:-1","max-image-preview":"max-image-preview:large","max-video-preview":"max-video-preview:-1"},"canonical":"https:\/\/lospoliticosveracruz.com\/?p=113856","og_locale":"es_ES","og_type":"article","og_title":"SEGURIDAD - Los pol\u00edticos Veracruz","og_description":"Guadalupe H. Mar Mira Pol\u00edtica CHAPUL\u00cdN COLORADO \u2026 Como testimonio de la falta de Estado en la entidad veracruzana, es la acci\u00f3n promovida por el Movimiento Ind\u00edgena Liberal, Plural y Aut\u00f3nomo de Zongolica (Milpaz), que demand\u00f3 al alcalde de ese municipio, Benito Aguas Atlahua, la salida de los elementos de la Secretar\u00eda de Seguridad P\u00fablica [&hellip;]","og_url":"https:\/\/lospoliticosveracruz.com\/?p=113856","og_site_name":"Los pol\u00edticos Veracruz","article_publisher":"https:\/\/www.facebook.com\/people\/Notimemes-de-los-Polticos\/61565672886568\/","article_published_time":"2023-11-05T23:56:14+00:00","article_modified_time":"2023-11-06T13:55:14+00:00","og_image":[{"url":"https:\/\/lospoliticosveracruz.com.mx\/wp-content\/uploads\/2021\/10\/Zacauilt-150x300.jpg","type":"","width":"","height":""}],"author":"Lo viste en Los Pol\u00edticos","twitter_card":"summary_large_image","twitter_creator":"@LosPoliticosVer","twitter_site":"@LosPoliticosVer","twitter_misc":{"Escrito por":"Lo viste en Los Pol\u00edticos","Tiempo de lectura":"4 minutos"},"schema":{"@context":"https:\/\/schema.org","@graph":[{"@type":"Article","@id":"https:\/\/lospoliticosveracruz.com\/?p=113856#article","isPartOf":{"@id":"https:\/\/lospoliticosveracruz.com\/?p=113856"},"author":{"name":"Lo viste en Los Pol\u00edticos","@id":"https:\/\/lospoliticosveracruz.com\/#\/schema\/person\/b8702bb0e538456e6efd07080bf2a4a2"},"headline":"SEGURIDAD","datePublished":"2023-11-05T23:56:14+00:00","dateModified":"2023-11-06T13:55:14+00:00","mainEntityOfPage":{"@id":"https:\/\/lospoliticosveracruz.com\/?p=113856"},"wordCount":797,"publisher":{"@id":"https:\/\/lospoliticosveracruz.com\/#organization"},"image":{"@id":"https:\/\/lospoliticosveracruz.com\/?p=113856#primaryimage"},"thumbnailUrl":"https:\/\/lospoliticosveracruz.com.mx\/wp-content\/uploads\/2021\/10\/Zacauilt-150x300.jpg","keywords":["Cuitl\u00e1huac Garc\u00eda Jim\u00e9nez","Guerrero","Laura Vel\u00e1zquez Alz\u00faa","Morena","OTIS","Seguridad P\u00fablica","Veracruz"],"articleSection":["De Opini\u00f3n"],"inLanguage":"es"},{"@type":"WebPage","@id":"https:\/\/lospoliticosveracruz.com\/?p=113856","url":"https:\/\/lospoliticosveracruz.com\/?p=113856","name":"SEGURIDAD - Los pol\u00edticos Veracruz","isPartOf":{"@id":"https:\/\/lospoliticosveracruz.com\/#website"},"primaryImageOfPage":{"@id":"https:\/\/lospoliticosveracruz.com\/?p=113856#primaryimage"},"image":{"@id":"https:\/\/lospoliticosveracruz.com\/?p=113856#primaryimage"},"thumbnailUrl":"https:\/\/lospoliticosveracruz.com.mx\/wp-content\/uploads\/2021\/10\/Zacauilt-150x300.jpg","datePublished":"2023-11-05T23:56:14+00:00","dateModified":"2023-11-06T13:55:14+00:00","breadcrumb":{"@id":"https:\/\/lospoliticosveracruz.com\/?p=113856#breadcrumb"},"inLanguage":"es","potentialAction":[{"@type":"ReadAction","target":["https:\/\/lospoliticosveracruz.com\/?p=113856"]}]},{"@type":"ImageObject","inLanguage":"es","@id":"https:\/\/lospoliticosveracruz.com\/?p=113856#primaryimage","url":"https:\/\/lospoliticosveracruz.com.mx\/wp-content\/uploads\/2021\/10\/Zacauilt-150x300.jpg","contentUrl":"https:\/\/lospoliticosveracruz.com.mx\/wp-content\/uploads\/2021\/10\/Zacauilt-150x300.jpg"},{"@type":"BreadcrumbList","@id":"https:\/\/lospoliticosveracruz.com\/?p=113856#breadcrumb","itemListElement":[{"@type":"ListItem","position":1,"name":"Portada","item":"https:\/\/lospoliticosveracruz.com\/"},{"@type":"ListItem","position":2,"name":"SEGURIDAD"}]},{"@type":"WebSite","@id":"https:\/\/lospoliticosveracruz.com\/#website","url":"https:\/\/lospoliticosveracruz.com\/","name":"Los pol\u00edticos Veracruz","description":"","publisher":{"@id":"https:\/\/lospoliticosveracruz.com\/#organization"},"potentialAction":[{"@type":"SearchAction","target":{"@type":"EntryPoint","urlTemplate":"https:\/\/lospoliticosveracruz.com\/?s={search_term_string}"},"query-input":{"@type":"PropertyValueSpecification","valueRequired":true,"valueName":"search_term_string"}}],"inLanguage":"es"},{"@type":"Organization","@id":"https:\/\/lospoliticosveracruz.com\/#organization","name":"Los pol\u00edticos Veracruz","url":"https:\/\/lospoliticosveracruz.com\/","logo":{"@type":"ImageObject","inLanguage":"es","@id":"https:\/\/lospoliticosveracruz.com\/#\/schema\/logo\/image\/","url":"https:\/\/lospoliticosveracruz.com\/wp-content\/uploads\/2025\/12\/Logo-Nuevo-LOS-POLITICOS-1.jpg","contentUrl":"https:\/\/lospoliticosveracruz.com\/wp-content\/uploads\/2025\/12\/Logo-Nuevo-LOS-POLITICOS-1.jpg","width":260,"height":70,"caption":"Los pol\u00edticos Veracruz"},"image":{"@id":"https:\/\/lospoliticosveracruz.com\/#\/schema\/logo\/image\/"},"sameAs":["https:\/\/www.facebook.com\/people\/Notimemes-de-los-Polticos\/61565672886568\/","https:\/\/x.com\/LosPoliticosVer"]},{"@type":"Person","@id":"https:\/\/lospoliticosveracruz.com\/#\/schema\/person\/b8702bb0e538456e6efd07080bf2a4a2","name":"Lo viste en Los Pol\u00edticos","image":{"@type":"ImageObject","inLanguage":"es","@id":"https:\/\/secure.gravatar.com\/avatar\/3a8de04a2656d44082be478bd6c086daa447c4651605818287b9532d3d0bd435?s=96&d=mm&r=g","url":"https:\/\/secure.gravatar.com\/avatar\/3a8de04a2656d44082be478bd6c086daa447c4651605818287b9532d3d0bd435?s=96&d=mm&r=g","contentUrl":"https:\/\/secure.gravatar.com\/avatar\/3a8de04a2656d44082be478bd6c086daa447c4651605818287b9532d3d0bd435?s=96&d=mm&r=g","caption":"Lo viste en Los Pol\u00edticos"},"url":"https:\/\/lospoliticosveracruz.com\/?author=2"}]}},"_links":{"self":[{"href":"https:\/\/lospoliticosveracruz.com\/index.php?rest_route=\/wp\/v2\/posts\/113856","targetHints":{"allow":["GET"]}}],"collection":[{"href":"https:\/\/lospoliticosveracruz.com\/index.php?rest_route=\/wp\/v2\/posts"}],"about":[{"href":"https:\/\/lospoliticosveracruz.com\/index.php?rest_route=\/wp\/v2\/types\/post"}],"author":[{"embeddable":true,"href":"https:\/\/lospoliticosveracruz.com\/index.php?rest_route=\/wp\/v2\/users\/2"}],"replies":[{"embeddable":true,"href":"https:\/\/lospoliticosveracruz.com\/index.php?rest_route=%2Fwp%2Fv2%2Fcomments&post=113856"}],"version-history":[{"count":2,"href":"https:\/\/lospoliticosveracruz.com\/index.php?rest_route=\/wp\/v2\/posts\/113856\/revisions"}],"predecessor-version":[{"id":113878,"href":"https:\/\/lospoliticosveracruz.com\/index.php?rest_route=\/wp\/v2\/posts\/113856\/revisions\/113878"}],"wp:attachment":[{"href":"https:\/\/lospoliticosveracruz.com\/index.php?rest_route=%2Fwp%2Fv2%2Fmedia&parent=113856"}],"wp:term":[{"taxonomy":"category","embeddable":true,"href":"https:\/\/lospoliticosveracruz.com\/index.php?rest_route=%2Fwp%2Fv2%2Fcategories&post=113856"},{"taxonomy":"post_tag","embeddable":true,"href":"https:\/\/lospoliticosveracruz.com\/index.php?rest_route=%2Fwp%2Fv2%2Ftags&post=113856"}],"curies":[{"name":"wp","href":"https:\/\/api.w.org\/{rel}","templated":true}]}}