{"id":113858,"date":"2023-11-05T18:09:47","date_gmt":"2023-11-06T00:09:47","guid":{"rendered":"https:\/\/lospoliticosveracruz.com.mx\/?p=113858"},"modified":"2023-11-05T18:09:54","modified_gmt":"2023-11-06T00:09:54","slug":"el-remanso-de-los-guerreros-guindas","status":"publish","type":"post","link":"https:\/\/lospoliticosveracruz.com\/?p=113858","title":{"rendered":"EL REMANSO DE LOS GUERREROS GUINDAS"},"content":{"rendered":"\n<p><strong>Jos\u00e9 Luis Enr\u00edquez Ambell<\/strong><\/p>\n\n\n\n<p><em>Caf\u00e9 de Ma\u00f1ana<\/em><\/p>\n\n\n\n<p>Morena -a trav\u00e9s de la Comisi\u00f3n Nacional de Elecciones- orden\u00f3 que a partir del s\u00e1bado 5 de noviembre, los aspirantes a las coordinaciones estatales suspendan cualquier acto proselitista, de promoci\u00f3n o recorridos.<\/p>\n\n\n\n<p>La especie de veda est\u00e1 dirigida a los aspirantes en Chiapas, Ciudad de M\u00e9xico, Guanajuato, Jalisco, Morelos, Puebla, Tabasco, Veracruz y Yucat\u00e1n.<\/p>\n\n\n\n<p>Para qu\u00e9 buscarle tres pies al gato, y es que no hace falta explicar lo inexplicable o justificar lo injustificable. No se hagan bolas, no hay que andar busc\u00e1ndole senos a las lombrices, como se dice en el habla hispano &#8211; jarocho y coloquial veracruzano.<\/p>\n\n\n\n<p>Cuando se pospone algo es porque hay una desventaja estrat\u00e9gica con los adversarios, una falta de orden interno o falta de los recursos econ\u00f3micos al interior.<\/p>\n\n\n\n<p>Seg\u00fan se ve, los adversarios no est\u00e1n poniendo el ritmo del proceso, este siempre lo ha puesto don Andr\u00e9s Manuel L\u00f3pez Obrador; habr\u00e1 de dedicar estos d\u00edas a jalar y apretar a todos y a todas las fichas en el tablero de su ajedrez.<\/p>\n\n\n\n<p>Recursos econ\u00f3micos -s\u00ed tiene Morena-, no debe caber la menor duda, luego entonces, la o las razones expresadas por Mario Delgado, deben ser otras.<\/p>\n\n\n\n<p>Pero sus desacuerdos y falta de disciplina al interior en Morena son muy fuertes, tanto que est\u00e1n a la vista de todos, incluso de la misma militancia. Unos lo dicen, algunos lo callan y hay quienes lo demuestran en sus acciones.<\/p>\n\n\n\n<p>Buscan ordenar la casa y que los candidatos sean los que el jefe quiere, y as\u00ed ser\u00e1: los que el Jefe quiere, guste o no guste, parezca o no parezca.<\/p>\n\n\n\n<p>Dec\u00eda don Adolfo Ru\u00edz Cortines: \u00abpero pa&#8217; que adivinar lo que se va a saber\u201d.<\/p>\n\n\n\n<p>CRECE LA VIOLENCIA<br>CONTRA PERIODISTAS<\/p>\n\n\n\n<p>Al parecer los altos niveles de impunidad en los casos de ataques verbales y hasta f\u00edsicos contra periodistas en los recientes a\u00f1os aumentan en sus cifras, y a decir de fuentes confiables en los t\u00e9rminos de medici\u00f3n casi en un 50% provienen de servidores p\u00fablicos.<\/p>\n\n\n\n<p>En Veracruz, en los m\u00e1s recientes a\u00f1os, viene en aumento el hecho que los periodistas -algunos- recurren a mecanismos de autocensura, sufren de desacreditaci\u00f3n por autoridades de diversos sectores, ataques f\u00edsicos y cibern\u00e9ticos, hostigamiento e intimidaci\u00f3n, y esto puede limitar la capacidad en y de los medios para investigar, incluso \u00e1reaa y organismos como<br>el Country Reports on Human Rights Practices<br>(Informes nacionales sobre pr\u00e1cticas de derechos humanos), el Departamento de Estado de los Estados Unidos lo observ\u00f3 y comunic\u00f3 en torno a M\u00e9xico en pasado a\u00f1o.<\/p>\n\n\n\n<p>Y es que resulta un secreto a voces que en los estados de la Rep\u00fablica Mexicana &#8211; unos m\u00e1s que otros &#8211; los medios han manifestado sus puntos de vista sin restricciones, pero tambi\u00e9n a menudo algunos periodistas se autocensuran por temor a las represalias que pueden sufrir de funcionarios y otros grupos sociales, incluso transnacionales; adem\u00e1s de que seg\u00fan algunas organizaciones no gubernamentales, observan el crecimiento de la violencia a periodistas en los recientes meses del a\u00f1o, y en d\u00f3nde Veracruz no escapa en los hechos y las estad\u00edsticas.<\/p>\n\n\n\n<p>Justo hace un a\u00f1o circul\u00f3 un informe que hizo Art\u00edculo 19 (organizaci\u00f3n fundada en 1987 de \u00e1mbito internacional que defiende la libertad de expresi\u00f3n as\u00ed como, el derecho a la informaci\u00f3n) y dio a conocer el registro de 331 ataques en M\u00e9xico contra periodistas el primer semestre de 2022, y la mitad fueron contra reporteros que cubr\u00edan temas de corrupci\u00f3n e impunidad pol\u00edtica.<\/p>\n\n\n\n<p>Esto, ante el momento electoral que se vive, nos debe llevar a estimar un posible incremento y, al mismo tiempo, preocupar, pero sobre todo a ocupar a todos en busca de evitar estos hechos que no favorecen a la sociedad en su conjunto.<\/p>\n\n\n\n<p>Y es que los se\u00f1alamientos no creo deban s\u00f3lo quedar en la posible desacreditaci\u00f3n de los servidores p\u00fablicos e instancias de gobierno, e incluso tratando de presentar a los periodistas como parciales, corruptos, ligados a grupos u organismos partidistas.<\/p>\n\n\n\n<p>Me parece que la libertad de prensa y expresi\u00f3n deben respetarse por todos, y es lamentable que en los temas de censura o restricciones de contenido, hasta las instancias de los Derechos Humanos (estatal y nacional) s\u00f3lo resultan unos simples observadores.<\/p>\n\n\n\n<p>Me temo que en esta \u00e9poca para la construcci\u00f3n del presupuesto de egresos 2024 nadie o pocos, desde las instituciones, est\u00e1n procurando evitar reducciones en los presupuestos publicitarios de las instituciones de Gobierno, y cuidando con ello la influencia e impacto financiero en favor de las compa\u00f1\u00edas de comunicaci\u00f3n, trabajadores y familias.<\/p>\n\n\n\n<p>DE SOBREMESA<\/p>\n\n\n\n<p>Habr\u00eda que pensar y construir leyes en contra de la difamaci\u00f3n, la calumnia, injurias o figuras similares en todos los estados de la Rep\u00fablica, as\u00ed como en Veracruz se cre\u00f3 la de injurias a la autoridad, \u00ableyes de protecci\u00f3n a las autoridades por supuestos insultos de la sociedad civil\u00bb.<\/p>\n\n\n\n<p>UN CAF\u00c9 CON DOBLE CARGA<\/p>\n\n\n\n<p>Una traici\u00f3n es tambi\u00e9n decepci\u00f3n, desde el enfoque de psic\u00f3logos y soci\u00f3logos, y quien lo hace en cualquier actividad humana corre el peligro de al menos no ser bien visto ni obtener respeto. En pol\u00edtica quien o quienes la practican o promueven, a veces pierden el puesto, el poder, la honra y hasta procesos judiciales obtienen.<\/p>\n\n\n\n<p>UN CAF\u00c9 LECHERO LIGHT DIVORCIADO<\/p>\n\n\n\n<p>\u00abLa familia est\u00e1 de acuerdo\u00bb, reza el slogan de una cadena comercial, y en ese sentido parece que el encuentro cafetero xalape\u00f1o entre H\u00e9ctor y Pepe Yunes as\u00ed lo hace pensar y suponer, en caso de una alianza del PAN, PRI y PRD en Veracruz.<\/p>\n\n\n\n<p>\u00a1 ES CUANTO !<\/p>\n\n\n\n<p>Jos\u00e9 Luis Enr\u00edquez Ambell<br>enamjl62@gmail.com; enriquezambell@gmail.com<br>Secretario General de la Federaci\u00f3n Aut\u00e9ntica de Trabajadores del Estado de Veracruz (FATEV &#8211; JLEG) Registro Federal del Trabajo # 5844 y Director General de la Consultor\u00eda y Asesor\u00eda Integral AECAI Torre \u00c1nimas en Xalapa, Ver.<\/p>\n","protected":false},"excerpt":{"rendered":"<p>Jos\u00e9 Luis Enr\u00edquez Ambell Caf\u00e9 de Ma\u00f1ana Morena -a trav\u00e9s de la Comisi\u00f3n Nacional de Elecciones- orden\u00f3 que a partir del s\u00e1bado 5 de noviembre, los aspirantes a las coordinaciones estatales suspendan cualquier acto proselitista, de promoci\u00f3n o recorridos. La especie de veda est\u00e1 dirigida a los aspirantes en Chiapas, Ciudad de M\u00e9xico, Guanajuato, Jalisco, [&hellip;]<\/p>\n","protected":false},"author":2,"featured_media":0,"comment_status":"closed","ping_status":"closed","sticky":false,"template":"","format":"standard","meta":{"tdm_status":"","tdm_grid_status":"","footnotes":""},"categories":[70],"tags":[618,12596,1026,195],"class_list":{"0":"post-113858","1":"post","2":"type-post","3":"status-publish","4":"format-standard","6":"category-de-opinion","7":"tag-andres-manuel-lopez-obrador","8":"tag-mario-delgado","9":"tag-morena","10":"tag-veracruz"},"yoast_head":"<!-- This site is optimized with the Yoast SEO plugin v27.4 - https:\/\/yoast.com\/product\/yoast-seo-wordpress\/ -->\n<title>EL REMANSO DE LOS GUERREROS GUINDAS - Los pol\u00edticos Veracruz<\/title>\n<meta name=\"robots\" content=\"index, follow, max-snippet:-1, max-image-preview:large, max-video-preview:-1\" \/>\n<link rel=\"canonical\" href=\"https:\/\/lospoliticosveracruz.com\/?p=113858\" \/>\n<meta property=\"og:locale\" content=\"es_ES\" \/>\n<meta property=\"og:type\" content=\"article\" \/>\n<meta property=\"og:title\" content=\"EL REMANSO DE LOS GUERREROS GUINDAS - Los pol\u00edticos Veracruz\" \/>\n<meta property=\"og:description\" content=\"Jos\u00e9 Luis Enr\u00edquez Ambell Caf\u00e9 de Ma\u00f1ana Morena -a trav\u00e9s de la Comisi\u00f3n Nacional de Elecciones- orden\u00f3 que a partir del s\u00e1bado 5 de noviembre, los aspirantes a las coordinaciones estatales suspendan cualquier acto proselitista, de promoci\u00f3n o recorridos. La especie de veda est\u00e1 dirigida a los aspirantes en Chiapas, Ciudad de M\u00e9xico, Guanajuato, Jalisco, [&hellip;]\" \/>\n<meta property=\"og:url\" content=\"https:\/\/lospoliticosveracruz.com\/?p=113858\" \/>\n<meta property=\"og:site_name\" content=\"Los pol\u00edticos Veracruz\" \/>\n<meta property=\"article:publisher\" content=\"https:\/\/www.facebook.com\/people\/Notimemes-de-los-Polticos\/61565672886568\/\" \/>\n<meta property=\"article:published_time\" content=\"2023-11-06T00:09:47+00:00\" \/>\n<meta property=\"article:modified_time\" content=\"2023-11-06T00:09:54+00:00\" \/>\n<meta property=\"og:image\" content=\"https:\/\/lospoliticosveracruz.com\/wp-content\/uploads\/2016\/07\/Logo-Dor.jpg\" \/>\n\t<meta property=\"og:image:width\" content=\"200\" \/>\n\t<meta property=\"og:image:height\" content=\"200\" \/>\n\t<meta property=\"og:image:type\" content=\"image\/jpeg\" \/>\n<meta name=\"author\" content=\"Lo viste en Los Pol\u00edticos\" \/>\n<meta name=\"twitter:card\" content=\"summary_large_image\" \/>\n<meta name=\"twitter:creator\" content=\"@LosPoliticosVer\" \/>\n<meta name=\"twitter:site\" content=\"@LosPoliticosVer\" \/>\n<meta name=\"twitter:label1\" content=\"Escrito por\" \/>\n\t<meta name=\"twitter:data1\" content=\"Lo viste en Los Pol\u00edticos\" \/>\n\t<meta name=\"twitter:label2\" content=\"Tiempo de lectura\" \/>\n\t<meta name=\"twitter:data2\" content=\"5 minutos\" \/>\n<script type=\"application\/ld+json\" class=\"yoast-schema-graph\">{\"@context\":\"https:\\\/\\\/schema.org\",\"@graph\":[{\"@type\":\"Article\",\"@id\":\"https:\\\/\\\/lospoliticosveracruz.com\\\/?p=113858#article\",\"isPartOf\":{\"@id\":\"https:\\\/\\\/lospoliticosveracruz.com\\\/?p=113858\"},\"author\":{\"name\":\"Lo viste en Los Pol\u00edticos\",\"@id\":\"https:\\\/\\\/lospoliticosveracruz.com\\\/#\\\/schema\\\/person\\\/b8702bb0e538456e6efd07080bf2a4a2\"},\"headline\":\"EL REMANSO DE LOS GUERREROS GUINDAS\",\"datePublished\":\"2023-11-06T00:09:47+00:00\",\"dateModified\":\"2023-11-06T00:09:54+00:00\",\"mainEntityOfPage\":{\"@id\":\"https:\\\/\\\/lospoliticosveracruz.com\\\/?p=113858\"},\"wordCount\":1032,\"publisher\":{\"@id\":\"https:\\\/\\\/lospoliticosveracruz.com\\\/#organization\"},\"keywords\":[\"Andr\u00e9s Manuel L\u00f3pez Obrador\",\"Mario Delgado\",\"Morena\",\"Veracruz\"],\"articleSection\":[\"De Opini\u00f3n\"],\"inLanguage\":\"es\"},{\"@type\":\"WebPage\",\"@id\":\"https:\\\/\\\/lospoliticosveracruz.com\\\/?p=113858\",\"url\":\"https:\\\/\\\/lospoliticosveracruz.com\\\/?p=113858\",\"name\":\"EL REMANSO DE LOS GUERREROS GUINDAS - Los pol\u00edticos Veracruz\",\"isPartOf\":{\"@id\":\"https:\\\/\\\/lospoliticosveracruz.com\\\/#website\"},\"datePublished\":\"2023-11-06T00:09:47+00:00\",\"dateModified\":\"2023-11-06T00:09:54+00:00\",\"breadcrumb\":{\"@id\":\"https:\\\/\\\/lospoliticosveracruz.com\\\/?p=113858#breadcrumb\"},\"inLanguage\":\"es\",\"potentialAction\":[{\"@type\":\"ReadAction\",\"target\":[\"https:\\\/\\\/lospoliticosveracruz.com\\\/?p=113858\"]}]},{\"@type\":\"BreadcrumbList\",\"@id\":\"https:\\\/\\\/lospoliticosveracruz.com\\\/?p=113858#breadcrumb\",\"itemListElement\":[{\"@type\":\"ListItem\",\"position\":1,\"name\":\"Portada\",\"item\":\"https:\\\/\\\/lospoliticosveracruz.com\\\/\"},{\"@type\":\"ListItem\",\"position\":2,\"name\":\"EL REMANSO DE LOS GUERREROS GUINDAS\"}]},{\"@type\":\"WebSite\",\"@id\":\"https:\\\/\\\/lospoliticosveracruz.com\\\/#website\",\"url\":\"https:\\\/\\\/lospoliticosveracruz.com\\\/\",\"name\":\"Los pol\u00edticos Veracruz\",\"description\":\"\",\"publisher\":{\"@id\":\"https:\\\/\\\/lospoliticosveracruz.com\\\/#organization\"},\"potentialAction\":[{\"@type\":\"SearchAction\",\"target\":{\"@type\":\"EntryPoint\",\"urlTemplate\":\"https:\\\/\\\/lospoliticosveracruz.com\\\/?s={search_term_string}\"},\"query-input\":{\"@type\":\"PropertyValueSpecification\",\"valueRequired\":true,\"valueName\":\"search_term_string\"}}],\"inLanguage\":\"es\"},{\"@type\":\"Organization\",\"@id\":\"https:\\\/\\\/lospoliticosveracruz.com\\\/#organization\",\"name\":\"Los pol\u00edticos Veracruz\",\"url\":\"https:\\\/\\\/lospoliticosveracruz.com\\\/\",\"logo\":{\"@type\":\"ImageObject\",\"inLanguage\":\"es\",\"@id\":\"https:\\\/\\\/lospoliticosveracruz.com\\\/#\\\/schema\\\/logo\\\/image\\\/\",\"url\":\"https:\\\/\\\/lospoliticosveracruz.com\\\/wp-content\\\/uploads\\\/2025\\\/12\\\/Logo-Nuevo-LOS-POLITICOS-1.jpg\",\"contentUrl\":\"https:\\\/\\\/lospoliticosveracruz.com\\\/wp-content\\\/uploads\\\/2025\\\/12\\\/Logo-Nuevo-LOS-POLITICOS-1.jpg\",\"width\":260,\"height\":70,\"caption\":\"Los pol\u00edticos Veracruz\"},\"image\":{\"@id\":\"https:\\\/\\\/lospoliticosveracruz.com\\\/#\\\/schema\\\/logo\\\/image\\\/\"},\"sameAs\":[\"https:\\\/\\\/www.facebook.com\\\/people\\\/Notimemes-de-los-Polticos\\\/61565672886568\\\/\",\"https:\\\/\\\/x.com\\\/LosPoliticosVer\"]},{\"@type\":\"Person\",\"@id\":\"https:\\\/\\\/lospoliticosveracruz.com\\\/#\\\/schema\\\/person\\\/b8702bb0e538456e6efd07080bf2a4a2\",\"name\":\"Lo viste en Los Pol\u00edticos\",\"image\":{\"@type\":\"ImageObject\",\"inLanguage\":\"es\",\"@id\":\"https:\\\/\\\/secure.gravatar.com\\\/avatar\\\/3a8de04a2656d44082be478bd6c086daa447c4651605818287b9532d3d0bd435?s=96&d=mm&r=g\",\"url\":\"https:\\\/\\\/secure.gravatar.com\\\/avatar\\\/3a8de04a2656d44082be478bd6c086daa447c4651605818287b9532d3d0bd435?s=96&d=mm&r=g\",\"contentUrl\":\"https:\\\/\\\/secure.gravatar.com\\\/avatar\\\/3a8de04a2656d44082be478bd6c086daa447c4651605818287b9532d3d0bd435?s=96&d=mm&r=g\",\"caption\":\"Lo viste en Los Pol\u00edticos\"},\"url\":\"https:\\\/\\\/lospoliticosveracruz.com\\\/?author=2\"}]}<\/script>\n<!-- \/ Yoast SEO plugin. -->","yoast_head_json":{"title":"EL REMANSO DE LOS GUERREROS GUINDAS - Los pol\u00edticos Veracruz","robots":{"index":"index","follow":"follow","max-snippet":"max-snippet:-1","max-image-preview":"max-image-preview:large","max-video-preview":"max-video-preview:-1"},"canonical":"https:\/\/lospoliticosveracruz.com\/?p=113858","og_locale":"es_ES","og_type":"article","og_title":"EL REMANSO DE LOS GUERREROS GUINDAS - Los pol\u00edticos Veracruz","og_description":"Jos\u00e9 Luis Enr\u00edquez Ambell Caf\u00e9 de Ma\u00f1ana Morena -a trav\u00e9s de la Comisi\u00f3n Nacional de Elecciones- orden\u00f3 que a partir del s\u00e1bado 5 de noviembre, los aspirantes a las coordinaciones estatales suspendan cualquier acto proselitista, de promoci\u00f3n o recorridos. La especie de veda est\u00e1 dirigida a los aspirantes en Chiapas, Ciudad de M\u00e9xico, Guanajuato, Jalisco, [&hellip;]","og_url":"https:\/\/lospoliticosveracruz.com\/?p=113858","og_site_name":"Los pol\u00edticos Veracruz","article_publisher":"https:\/\/www.facebook.com\/people\/Notimemes-de-los-Polticos\/61565672886568\/","article_published_time":"2023-11-06T00:09:47+00:00","article_modified_time":"2023-11-06T00:09:54+00:00","og_image":[{"width":200,"height":200,"url":"https:\/\/lospoliticosveracruz.com\/wp-content\/uploads\/2016\/07\/Logo-Dor.jpg","type":"image\/jpeg"}],"author":"Lo viste en Los Pol\u00edticos","twitter_card":"summary_large_image","twitter_creator":"@LosPoliticosVer","twitter_site":"@LosPoliticosVer","twitter_misc":{"Escrito por":"Lo viste en Los Pol\u00edticos","Tiempo de lectura":"5 minutos"},"schema":{"@context":"https:\/\/schema.org","@graph":[{"@type":"Article","@id":"https:\/\/lospoliticosveracruz.com\/?p=113858#article","isPartOf":{"@id":"https:\/\/lospoliticosveracruz.com\/?p=113858"},"author":{"name":"Lo viste en Los Pol\u00edticos","@id":"https:\/\/lospoliticosveracruz.com\/#\/schema\/person\/b8702bb0e538456e6efd07080bf2a4a2"},"headline":"EL REMANSO DE LOS GUERREROS GUINDAS","datePublished":"2023-11-06T00:09:47+00:00","dateModified":"2023-11-06T00:09:54+00:00","mainEntityOfPage":{"@id":"https:\/\/lospoliticosveracruz.com\/?p=113858"},"wordCount":1032,"publisher":{"@id":"https:\/\/lospoliticosveracruz.com\/#organization"},"keywords":["Andr\u00e9s Manuel L\u00f3pez Obrador","Mario Delgado","Morena","Veracruz"],"articleSection":["De Opini\u00f3n"],"inLanguage":"es"},{"@type":"WebPage","@id":"https:\/\/lospoliticosveracruz.com\/?p=113858","url":"https:\/\/lospoliticosveracruz.com\/?p=113858","name":"EL REMANSO DE LOS GUERREROS GUINDAS - Los pol\u00edticos Veracruz","isPartOf":{"@id":"https:\/\/lospoliticosveracruz.com\/#website"},"datePublished":"2023-11-06T00:09:47+00:00","dateModified":"2023-11-06T00:09:54+00:00","breadcrumb":{"@id":"https:\/\/lospoliticosveracruz.com\/?p=113858#breadcrumb"},"inLanguage":"es","potentialAction":[{"@type":"ReadAction","target":["https:\/\/lospoliticosveracruz.com\/?p=113858"]}]},{"@type":"BreadcrumbList","@id":"https:\/\/lospoliticosveracruz.com\/?p=113858#breadcrumb","itemListElement":[{"@type":"ListItem","position":1,"name":"Portada","item":"https:\/\/lospoliticosveracruz.com\/"},{"@type":"ListItem","position":2,"name":"EL REMANSO DE LOS GUERREROS GUINDAS"}]},{"@type":"WebSite","@id":"https:\/\/lospoliticosveracruz.com\/#website","url":"https:\/\/lospoliticosveracruz.com\/","name":"Los pol\u00edticos Veracruz","description":"","publisher":{"@id":"https:\/\/lospoliticosveracruz.com\/#organization"},"potentialAction":[{"@type":"SearchAction","target":{"@type":"EntryPoint","urlTemplate":"https:\/\/lospoliticosveracruz.com\/?s={search_term_string}"},"query-input":{"@type":"PropertyValueSpecification","valueRequired":true,"valueName":"search_term_string"}}],"inLanguage":"es"},{"@type":"Organization","@id":"https:\/\/lospoliticosveracruz.com\/#organization","name":"Los pol\u00edticos Veracruz","url":"https:\/\/lospoliticosveracruz.com\/","logo":{"@type":"ImageObject","inLanguage":"es","@id":"https:\/\/lospoliticosveracruz.com\/#\/schema\/logo\/image\/","url":"https:\/\/lospoliticosveracruz.com\/wp-content\/uploads\/2025\/12\/Logo-Nuevo-LOS-POLITICOS-1.jpg","contentUrl":"https:\/\/lospoliticosveracruz.com\/wp-content\/uploads\/2025\/12\/Logo-Nuevo-LOS-POLITICOS-1.jpg","width":260,"height":70,"caption":"Los pol\u00edticos Veracruz"},"image":{"@id":"https:\/\/lospoliticosveracruz.com\/#\/schema\/logo\/image\/"},"sameAs":["https:\/\/www.facebook.com\/people\/Notimemes-de-los-Polticos\/61565672886568\/","https:\/\/x.com\/LosPoliticosVer"]},{"@type":"Person","@id":"https:\/\/lospoliticosveracruz.com\/#\/schema\/person\/b8702bb0e538456e6efd07080bf2a4a2","name":"Lo viste en Los Pol\u00edticos","image":{"@type":"ImageObject","inLanguage":"es","@id":"https:\/\/secure.gravatar.com\/avatar\/3a8de04a2656d44082be478bd6c086daa447c4651605818287b9532d3d0bd435?s=96&d=mm&r=g","url":"https:\/\/secure.gravatar.com\/avatar\/3a8de04a2656d44082be478bd6c086daa447c4651605818287b9532d3d0bd435?s=96&d=mm&r=g","contentUrl":"https:\/\/secure.gravatar.com\/avatar\/3a8de04a2656d44082be478bd6c086daa447c4651605818287b9532d3d0bd435?s=96&d=mm&r=g","caption":"Lo viste en Los Pol\u00edticos"},"url":"https:\/\/lospoliticosveracruz.com\/?author=2"}]}},"_links":{"self":[{"href":"https:\/\/lospoliticosveracruz.com\/index.php?rest_route=\/wp\/v2\/posts\/113858","targetHints":{"allow":["GET"]}}],"collection":[{"href":"https:\/\/lospoliticosveracruz.com\/index.php?rest_route=\/wp\/v2\/posts"}],"about":[{"href":"https:\/\/lospoliticosveracruz.com\/index.php?rest_route=\/wp\/v2\/types\/post"}],"author":[{"embeddable":true,"href":"https:\/\/lospoliticosveracruz.com\/index.php?rest_route=\/wp\/v2\/users\/2"}],"replies":[{"embeddable":true,"href":"https:\/\/lospoliticosveracruz.com\/index.php?rest_route=%2Fwp%2Fv2%2Fcomments&post=113858"}],"version-history":[{"count":1,"href":"https:\/\/lospoliticosveracruz.com\/index.php?rest_route=\/wp\/v2\/posts\/113858\/revisions"}],"predecessor-version":[{"id":113859,"href":"https:\/\/lospoliticosveracruz.com\/index.php?rest_route=\/wp\/v2\/posts\/113858\/revisions\/113859"}],"wp:attachment":[{"href":"https:\/\/lospoliticosveracruz.com\/index.php?rest_route=%2Fwp%2Fv2%2Fmedia&parent=113858"}],"wp:term":[{"taxonomy":"category","embeddable":true,"href":"https:\/\/lospoliticosveracruz.com\/index.php?rest_route=%2Fwp%2Fv2%2Fcategories&post=113858"},{"taxonomy":"post_tag","embeddable":true,"href":"https:\/\/lospoliticosveracruz.com\/index.php?rest_route=%2Fwp%2Fv2%2Ftags&post=113858"}],"curies":[{"name":"wp","href":"https:\/\/api.w.org\/{rel}","templated":true}]}}