{"id":113868,"date":"2023-11-05T20:29:08","date_gmt":"2023-11-06T02:29:08","guid":{"rendered":"https:\/\/lospoliticosveracruz.com.mx\/?p=113868"},"modified":"2023-11-05T20:29:13","modified_gmt":"2023-11-06T02:29:13","slug":"raul-contreras-orgullo-de-veracruz","status":"publish","type":"post","link":"https:\/\/lospoliticosveracruz.com\/?p=113868","title":{"rendered":"RA\u00daL CONTRERAS, ORGULLO DE VERACRUZ"},"content":{"rendered":"\n<p><strong>Inocencio Y\u00e1\u00f1ez Vicencio<\/strong><br>En unas horas habr\u00e1 de pronunciarse la Junta de Gobierno de la Universidad Nacional Aut\u00f3noma de M\u00e9xico, sobre qui\u00e9n ser\u00e1 su nuevo Rector. No es un asunto menor, trat\u00e1ndose de unas de las 100 mejores del mundo. La UNAM como centro de encuentro y desarrollo de las principales corrientes del pensamientos, no puede rastrear sus or\u00edgenes m\u00e1s all\u00e1 del triunfo del liberalismo, que como signo de libertad, nos libera de los grilletes de la escol\u00e1stica e inaugura la irrupci\u00f3n de la raz\u00f3n como eje de la lucha contra el dogmatismo, el prejuicio y el fanatismo, que todav\u00eda en las primeras d\u00e9cadas del siglo XX, golpe\u00f3 en el m\u00e1ximo recinto de nuestro saber, a las fuerzas que despuntaban en el debate, intent\u00e1ndola convertir en refugio del oscurantismo. De esos embates, los sectores m\u00e1s preclaros lograron rescatarla para ponerla nuevamente al servicio de la universalidad, sin que los partidarios del pensamiento \u00fanico, de uno y de otro extremo, hayan renunciado a sus prop\u00f3sitos de colonizarla. En un extraordinario trabajo sobre la historia jur\u00eddica , Julio Jim\u00e9nez Rueda, da cuenta amplia de las vicisitudes de la UNAM. Nos muestra como como ha sido emplazada a romper los sitios que le han colocado los grupos confesionales, fascistas, anarquistas, radicales.<br>Los conejos, los Pancho Villa, el MURO\u2026expulsaron a maestros de distinta tendencia. La M\u00e1xima Casa de Estudios varios veces ha sido tomada por la fuerza. Lombardo Toleda y sus seguidores fueron expulsados por un grupo fascista. Jos\u00e9 Luis Cece\u00f1a, sufri\u00f3 una brutal golpiza de manos de miembros del MURO.<br>No obstante que los ensayos de paridad y cogobierno fallaron cuantas veces se implementaron en sus facultados, los grupos que insisten en hacer de la Universidad un centro de proselitismo, exhuman el asamble\u00edsmo como forma de elecci\u00f3n de sus auroridases.<br>\u00bf Es conveniente la elecci\u00f3n popular en la elecci\u00f3n de las autoridases acad\u00e9micas de un centro de estudios ?<br>Claro que no. No por la sencilla raz\u00f3n de que no puede ser escogida una autoridad acad\u00e9mica por ser popular. Una autoridad acad\u00e9mica debe ser elegida por sus grados cient\u00edficos y los logros acamulados en su respectiva rama, que s\u00f3lo pueden ser calificados por un cuerpo altamente especializado. Para este caso, quien ha dado pruebas de idoneidad, es la Junta de Gobierno y si ha funcionado para qu\u00e9 descomponerla. La democracia es un m\u00e9todo que funciona ah\u00ed donde la decisi\u00f3n se sustenta en la cantidad, en la popularidad. Los asuntos que deben decidirse en base a la calidad y el rigor cientifico, no pueden resolverse por juicios de valor sino emp\u00edricos y por los par\u00e1metros de cada materia.<br>Resulta parad\u00f3jico que los partidos pol\u00edticos no apliquen la democracia, no apliquen primarias, no apliquen elecciones internas, sino encuestas f\u00e1cilmente manipulables, y promueva MORENA, para la UNAM, que en lo futuro, su rector, ya no sea electo por una \u00bb elite\u00bb o una \u00bb junta de notables\u00bb, como llama a la Junta de Gobierno.<br>Estamos en un escenario de total destrucci\u00f3n de las instituciones republicanas y democr\u00e1ticas por parte de Amlo y Morena, que el asalto de la UNAM por parte de estos bribones, no nos sorprende y debemos de estar listos para encararla.<br>En este contexto, la presencia de Ra\u00fal Contreras Bustamante, actual director de la Facultad de Derecho de la UNAN, en el grupo de aspirantes a la Rector\u00eda de la M\u00e1xima Casa de Estudios, se inscribe en la defensa por no permitir que se degrade m\u00e1s la educaci\u00f3n nacional y se convierta en la Meca del adoctrinamiento de Morena. El oriundo de banderilla es garant\u00eda del respeto de la condici\u00f3n de universalidad del conocimiento de la UNAM, por su formaci\u00f3n libre y pleno compromiso con los valores de la modernidad y la postmodernidad, para seguir trabajando por hacer de la UNAM, la mejor de nuestro continente y de las primeras en el mundo, para producir profesionales de calidad, para el empleo, no para el desempleo.<br>Los veracruzanos alzamos la voz para decir que estamos orgullosos de nuestro paisano Ra\u00fal Contreras Bustamante y que confiamos que los miembros de la Junta de Gobierno, escojan al mejor y voten porque siga habiendo Junta de Gobierno, para que se pondere la calidad antes que la popularidad, en nuestra M\u00e1xima Casa de Estudios.<\/p>\n","protected":false},"excerpt":{"rendered":"<p>Inocencio Y\u00e1\u00f1ez VicencioEn unas horas habr\u00e1 de pronunciarse la Junta de Gobierno de la Universidad Nacional Aut\u00f3noma de M\u00e9xico, sobre qui\u00e9n ser\u00e1 su nuevo Rector. No es un asunto menor, trat\u00e1ndose de unas de las 100 mejores del mundo. La UNAM como centro de encuentro y desarrollo de las principales corrientes del pensamientos, no puede [&hellip;]<\/p>\n","protected":false},"author":2,"featured_media":0,"comment_status":"closed","ping_status":"closed","sticky":false,"template":"","format":"standard","meta":{"tdm_status":"","tdm_grid_status":"","footnotes":""},"categories":[70],"tags":[1026,39678,143,195],"class_list":{"0":"post-113868","1":"post","2":"type-post","3":"status-publish","4":"format-standard","6":"category-de-opinion","7":"tag-morena","8":"tag-raul-contreras-bustamante","9":"tag-unam","10":"tag-veracruz"},"yoast_head":"<!-- This site is optimized with the Yoast SEO plugin v27.4 - https:\/\/yoast.com\/product\/yoast-seo-wordpress\/ -->\n<title>RA\u00daL CONTRERAS, ORGULLO DE VERACRUZ - Los pol\u00edticos Veracruz<\/title>\n<meta name=\"robots\" content=\"index, follow, max-snippet:-1, max-image-preview:large, max-video-preview:-1\" \/>\n<link rel=\"canonical\" href=\"https:\/\/lospoliticosveracruz.com\/?p=113868\" \/>\n<meta property=\"og:locale\" content=\"es_ES\" \/>\n<meta property=\"og:type\" content=\"article\" \/>\n<meta property=\"og:title\" content=\"RA\u00daL CONTRERAS, ORGULLO DE VERACRUZ - Los pol\u00edticos Veracruz\" \/>\n<meta property=\"og:description\" content=\"Inocencio Y\u00e1\u00f1ez VicencioEn unas horas habr\u00e1 de pronunciarse la Junta de Gobierno de la Universidad Nacional Aut\u00f3noma de M\u00e9xico, sobre qui\u00e9n ser\u00e1 su nuevo Rector. No es un asunto menor, trat\u00e1ndose de unas de las 100 mejores del mundo. La UNAM como centro de encuentro y desarrollo de las principales corrientes del pensamientos, no puede [&hellip;]\" \/>\n<meta property=\"og:url\" content=\"https:\/\/lospoliticosveracruz.com\/?p=113868\" \/>\n<meta property=\"og:site_name\" content=\"Los pol\u00edticos Veracruz\" \/>\n<meta property=\"article:publisher\" content=\"https:\/\/www.facebook.com\/people\/Notimemes-de-los-Polticos\/61565672886568\/\" \/>\n<meta property=\"article:published_time\" content=\"2023-11-06T02:29:08+00:00\" \/>\n<meta property=\"article:modified_time\" content=\"2023-11-06T02:29:13+00:00\" \/>\n<meta property=\"og:image\" content=\"https:\/\/lospoliticosveracruz.com\/wp-content\/uploads\/2016\/07\/Logo-Dor.jpg\" \/>\n\t<meta property=\"og:image:width\" content=\"200\" \/>\n\t<meta property=\"og:image:height\" content=\"200\" \/>\n\t<meta property=\"og:image:type\" content=\"image\/jpeg\" \/>\n<meta name=\"author\" content=\"Lo viste en Los Pol\u00edticos\" \/>\n<meta name=\"twitter:card\" content=\"summary_large_image\" \/>\n<meta name=\"twitter:creator\" content=\"@LosPoliticosVer\" \/>\n<meta name=\"twitter:site\" content=\"@LosPoliticosVer\" \/>\n<meta name=\"twitter:label1\" content=\"Escrito por\" \/>\n\t<meta name=\"twitter:data1\" content=\"Lo viste en Los Pol\u00edticos\" \/>\n\t<meta name=\"twitter:label2\" content=\"Tiempo de lectura\" \/>\n\t<meta name=\"twitter:data2\" content=\"4 minutos\" \/>\n<script type=\"application\/ld+json\" class=\"yoast-schema-graph\">{\"@context\":\"https:\\\/\\\/schema.org\",\"@graph\":[{\"@type\":\"Article\",\"@id\":\"https:\\\/\\\/lospoliticosveracruz.com\\\/?p=113868#article\",\"isPartOf\":{\"@id\":\"https:\\\/\\\/lospoliticosveracruz.com\\\/?p=113868\"},\"author\":{\"name\":\"Lo viste en Los Pol\u00edticos\",\"@id\":\"https:\\\/\\\/lospoliticosveracruz.com\\\/#\\\/schema\\\/person\\\/b8702bb0e538456e6efd07080bf2a4a2\"},\"headline\":\"RA\u00daL CONTRERAS, ORGULLO DE VERACRUZ\",\"datePublished\":\"2023-11-06T02:29:08+00:00\",\"dateModified\":\"2023-11-06T02:29:13+00:00\",\"mainEntityOfPage\":{\"@id\":\"https:\\\/\\\/lospoliticosveracruz.com\\\/?p=113868\"},\"wordCount\":756,\"publisher\":{\"@id\":\"https:\\\/\\\/lospoliticosveracruz.com\\\/#organization\"},\"keywords\":[\"Morena\",\"Ra\u00fal Contreras Bustamante\",\"UNAM\",\"Veracruz\"],\"articleSection\":[\"De Opini\u00f3n\"],\"inLanguage\":\"es\"},{\"@type\":\"WebPage\",\"@id\":\"https:\\\/\\\/lospoliticosveracruz.com\\\/?p=113868\",\"url\":\"https:\\\/\\\/lospoliticosveracruz.com\\\/?p=113868\",\"name\":\"RA\u00daL CONTRERAS, ORGULLO DE VERACRUZ - Los pol\u00edticos Veracruz\",\"isPartOf\":{\"@id\":\"https:\\\/\\\/lospoliticosveracruz.com\\\/#website\"},\"datePublished\":\"2023-11-06T02:29:08+00:00\",\"dateModified\":\"2023-11-06T02:29:13+00:00\",\"breadcrumb\":{\"@id\":\"https:\\\/\\\/lospoliticosveracruz.com\\\/?p=113868#breadcrumb\"},\"inLanguage\":\"es\",\"potentialAction\":[{\"@type\":\"ReadAction\",\"target\":[\"https:\\\/\\\/lospoliticosveracruz.com\\\/?p=113868\"]}]},{\"@type\":\"BreadcrumbList\",\"@id\":\"https:\\\/\\\/lospoliticosveracruz.com\\\/?p=113868#breadcrumb\",\"itemListElement\":[{\"@type\":\"ListItem\",\"position\":1,\"name\":\"Portada\",\"item\":\"https:\\\/\\\/lospoliticosveracruz.com\\\/\"},{\"@type\":\"ListItem\",\"position\":2,\"name\":\"RA\u00daL CONTRERAS, ORGULLO DE VERACRUZ\"}]},{\"@type\":\"WebSite\",\"@id\":\"https:\\\/\\\/lospoliticosveracruz.com\\\/#website\",\"url\":\"https:\\\/\\\/lospoliticosveracruz.com\\\/\",\"name\":\"Los pol\u00edticos Veracruz\",\"description\":\"\",\"publisher\":{\"@id\":\"https:\\\/\\\/lospoliticosveracruz.com\\\/#organization\"},\"potentialAction\":[{\"@type\":\"SearchAction\",\"target\":{\"@type\":\"EntryPoint\",\"urlTemplate\":\"https:\\\/\\\/lospoliticosveracruz.com\\\/?s={search_term_string}\"},\"query-input\":{\"@type\":\"PropertyValueSpecification\",\"valueRequired\":true,\"valueName\":\"search_term_string\"}}],\"inLanguage\":\"es\"},{\"@type\":\"Organization\",\"@id\":\"https:\\\/\\\/lospoliticosveracruz.com\\\/#organization\",\"name\":\"Los pol\u00edticos Veracruz\",\"url\":\"https:\\\/\\\/lospoliticosveracruz.com\\\/\",\"logo\":{\"@type\":\"ImageObject\",\"inLanguage\":\"es\",\"@id\":\"https:\\\/\\\/lospoliticosveracruz.com\\\/#\\\/schema\\\/logo\\\/image\\\/\",\"url\":\"https:\\\/\\\/lospoliticosveracruz.com\\\/wp-content\\\/uploads\\\/2025\\\/12\\\/Logo-Nuevo-LOS-POLITICOS-1.jpg\",\"contentUrl\":\"https:\\\/\\\/lospoliticosveracruz.com\\\/wp-content\\\/uploads\\\/2025\\\/12\\\/Logo-Nuevo-LOS-POLITICOS-1.jpg\",\"width\":260,\"height\":70,\"caption\":\"Los pol\u00edticos Veracruz\"},\"image\":{\"@id\":\"https:\\\/\\\/lospoliticosveracruz.com\\\/#\\\/schema\\\/logo\\\/image\\\/\"},\"sameAs\":[\"https:\\\/\\\/www.facebook.com\\\/people\\\/Notimemes-de-los-Polticos\\\/61565672886568\\\/\",\"https:\\\/\\\/x.com\\\/LosPoliticosVer\"]},{\"@type\":\"Person\",\"@id\":\"https:\\\/\\\/lospoliticosveracruz.com\\\/#\\\/schema\\\/person\\\/b8702bb0e538456e6efd07080bf2a4a2\",\"name\":\"Lo viste en Los Pol\u00edticos\",\"image\":{\"@type\":\"ImageObject\",\"inLanguage\":\"es\",\"@id\":\"https:\\\/\\\/secure.gravatar.com\\\/avatar\\\/3a8de04a2656d44082be478bd6c086daa447c4651605818287b9532d3d0bd435?s=96&d=mm&r=g\",\"url\":\"https:\\\/\\\/secure.gravatar.com\\\/avatar\\\/3a8de04a2656d44082be478bd6c086daa447c4651605818287b9532d3d0bd435?s=96&d=mm&r=g\",\"contentUrl\":\"https:\\\/\\\/secure.gravatar.com\\\/avatar\\\/3a8de04a2656d44082be478bd6c086daa447c4651605818287b9532d3d0bd435?s=96&d=mm&r=g\",\"caption\":\"Lo viste en Los Pol\u00edticos\"},\"url\":\"https:\\\/\\\/lospoliticosveracruz.com\\\/?author=2\"}]}<\/script>\n<!-- \/ Yoast SEO plugin. -->","yoast_head_json":{"title":"RA\u00daL CONTRERAS, ORGULLO DE VERACRUZ - Los pol\u00edticos Veracruz","robots":{"index":"index","follow":"follow","max-snippet":"max-snippet:-1","max-image-preview":"max-image-preview:large","max-video-preview":"max-video-preview:-1"},"canonical":"https:\/\/lospoliticosveracruz.com\/?p=113868","og_locale":"es_ES","og_type":"article","og_title":"RA\u00daL CONTRERAS, ORGULLO DE VERACRUZ - Los pol\u00edticos Veracruz","og_description":"Inocencio Y\u00e1\u00f1ez VicencioEn unas horas habr\u00e1 de pronunciarse la Junta de Gobierno de la Universidad Nacional Aut\u00f3noma de M\u00e9xico, sobre qui\u00e9n ser\u00e1 su nuevo Rector. No es un asunto menor, trat\u00e1ndose de unas de las 100 mejores del mundo. La UNAM como centro de encuentro y desarrollo de las principales corrientes del pensamientos, no puede [&hellip;]","og_url":"https:\/\/lospoliticosveracruz.com\/?p=113868","og_site_name":"Los pol\u00edticos Veracruz","article_publisher":"https:\/\/www.facebook.com\/people\/Notimemes-de-los-Polticos\/61565672886568\/","article_published_time":"2023-11-06T02:29:08+00:00","article_modified_time":"2023-11-06T02:29:13+00:00","og_image":[{"width":200,"height":200,"url":"https:\/\/lospoliticosveracruz.com\/wp-content\/uploads\/2016\/07\/Logo-Dor.jpg","type":"image\/jpeg"}],"author":"Lo viste en Los Pol\u00edticos","twitter_card":"summary_large_image","twitter_creator":"@LosPoliticosVer","twitter_site":"@LosPoliticosVer","twitter_misc":{"Escrito por":"Lo viste en Los Pol\u00edticos","Tiempo de lectura":"4 minutos"},"schema":{"@context":"https:\/\/schema.org","@graph":[{"@type":"Article","@id":"https:\/\/lospoliticosveracruz.com\/?p=113868#article","isPartOf":{"@id":"https:\/\/lospoliticosveracruz.com\/?p=113868"},"author":{"name":"Lo viste en Los Pol\u00edticos","@id":"https:\/\/lospoliticosveracruz.com\/#\/schema\/person\/b8702bb0e538456e6efd07080bf2a4a2"},"headline":"RA\u00daL CONTRERAS, ORGULLO DE VERACRUZ","datePublished":"2023-11-06T02:29:08+00:00","dateModified":"2023-11-06T02:29:13+00:00","mainEntityOfPage":{"@id":"https:\/\/lospoliticosveracruz.com\/?p=113868"},"wordCount":756,"publisher":{"@id":"https:\/\/lospoliticosveracruz.com\/#organization"},"keywords":["Morena","Ra\u00fal Contreras Bustamante","UNAM","Veracruz"],"articleSection":["De Opini\u00f3n"],"inLanguage":"es"},{"@type":"WebPage","@id":"https:\/\/lospoliticosveracruz.com\/?p=113868","url":"https:\/\/lospoliticosveracruz.com\/?p=113868","name":"RA\u00daL CONTRERAS, ORGULLO DE VERACRUZ - Los pol\u00edticos Veracruz","isPartOf":{"@id":"https:\/\/lospoliticosveracruz.com\/#website"},"datePublished":"2023-11-06T02:29:08+00:00","dateModified":"2023-11-06T02:29:13+00:00","breadcrumb":{"@id":"https:\/\/lospoliticosveracruz.com\/?p=113868#breadcrumb"},"inLanguage":"es","potentialAction":[{"@type":"ReadAction","target":["https:\/\/lospoliticosveracruz.com\/?p=113868"]}]},{"@type":"BreadcrumbList","@id":"https:\/\/lospoliticosveracruz.com\/?p=113868#breadcrumb","itemListElement":[{"@type":"ListItem","position":1,"name":"Portada","item":"https:\/\/lospoliticosveracruz.com\/"},{"@type":"ListItem","position":2,"name":"RA\u00daL CONTRERAS, ORGULLO DE VERACRUZ"}]},{"@type":"WebSite","@id":"https:\/\/lospoliticosveracruz.com\/#website","url":"https:\/\/lospoliticosveracruz.com\/","name":"Los pol\u00edticos Veracruz","description":"","publisher":{"@id":"https:\/\/lospoliticosveracruz.com\/#organization"},"potentialAction":[{"@type":"SearchAction","target":{"@type":"EntryPoint","urlTemplate":"https:\/\/lospoliticosveracruz.com\/?s={search_term_string}"},"query-input":{"@type":"PropertyValueSpecification","valueRequired":true,"valueName":"search_term_string"}}],"inLanguage":"es"},{"@type":"Organization","@id":"https:\/\/lospoliticosveracruz.com\/#organization","name":"Los pol\u00edticos Veracruz","url":"https:\/\/lospoliticosveracruz.com\/","logo":{"@type":"ImageObject","inLanguage":"es","@id":"https:\/\/lospoliticosveracruz.com\/#\/schema\/logo\/image\/","url":"https:\/\/lospoliticosveracruz.com\/wp-content\/uploads\/2025\/12\/Logo-Nuevo-LOS-POLITICOS-1.jpg","contentUrl":"https:\/\/lospoliticosveracruz.com\/wp-content\/uploads\/2025\/12\/Logo-Nuevo-LOS-POLITICOS-1.jpg","width":260,"height":70,"caption":"Los pol\u00edticos Veracruz"},"image":{"@id":"https:\/\/lospoliticosveracruz.com\/#\/schema\/logo\/image\/"},"sameAs":["https:\/\/www.facebook.com\/people\/Notimemes-de-los-Polticos\/61565672886568\/","https:\/\/x.com\/LosPoliticosVer"]},{"@type":"Person","@id":"https:\/\/lospoliticosveracruz.com\/#\/schema\/person\/b8702bb0e538456e6efd07080bf2a4a2","name":"Lo viste en Los Pol\u00edticos","image":{"@type":"ImageObject","inLanguage":"es","@id":"https:\/\/secure.gravatar.com\/avatar\/3a8de04a2656d44082be478bd6c086daa447c4651605818287b9532d3d0bd435?s=96&d=mm&r=g","url":"https:\/\/secure.gravatar.com\/avatar\/3a8de04a2656d44082be478bd6c086daa447c4651605818287b9532d3d0bd435?s=96&d=mm&r=g","contentUrl":"https:\/\/secure.gravatar.com\/avatar\/3a8de04a2656d44082be478bd6c086daa447c4651605818287b9532d3d0bd435?s=96&d=mm&r=g","caption":"Lo viste en Los Pol\u00edticos"},"url":"https:\/\/lospoliticosveracruz.com\/?author=2"}]}},"_links":{"self":[{"href":"https:\/\/lospoliticosveracruz.com\/index.php?rest_route=\/wp\/v2\/posts\/113868","targetHints":{"allow":["GET"]}}],"collection":[{"href":"https:\/\/lospoliticosveracruz.com\/index.php?rest_route=\/wp\/v2\/posts"}],"about":[{"href":"https:\/\/lospoliticosveracruz.com\/index.php?rest_route=\/wp\/v2\/types\/post"}],"author":[{"embeddable":true,"href":"https:\/\/lospoliticosveracruz.com\/index.php?rest_route=\/wp\/v2\/users\/2"}],"replies":[{"embeddable":true,"href":"https:\/\/lospoliticosveracruz.com\/index.php?rest_route=%2Fwp%2Fv2%2Fcomments&post=113868"}],"version-history":[{"count":1,"href":"https:\/\/lospoliticosveracruz.com\/index.php?rest_route=\/wp\/v2\/posts\/113868\/revisions"}],"predecessor-version":[{"id":113870,"href":"https:\/\/lospoliticosveracruz.com\/index.php?rest_route=\/wp\/v2\/posts\/113868\/revisions\/113870"}],"wp:attachment":[{"href":"https:\/\/lospoliticosveracruz.com\/index.php?rest_route=%2Fwp%2Fv2%2Fmedia&parent=113868"}],"wp:term":[{"taxonomy":"category","embeddable":true,"href":"https:\/\/lospoliticosveracruz.com\/index.php?rest_route=%2Fwp%2Fv2%2Fcategories&post=113868"},{"taxonomy":"post_tag","embeddable":true,"href":"https:\/\/lospoliticosveracruz.com\/index.php?rest_route=%2Fwp%2Fv2%2Ftags&post=113868"}],"curies":[{"name":"wp","href":"https:\/\/api.w.org\/{rel}","templated":true}]}}