{"id":113871,"date":"2023-11-06T05:02:15","date_gmt":"2023-11-06T11:02:15","guid":{"rendered":"https:\/\/lospoliticosveracruz.com.mx\/?p=113871"},"modified":"2023-11-06T07:50:11","modified_gmt":"2023-11-06T13:50:11","slug":"jorge-miguel-uscanga","status":"publish","type":"post","link":"https:\/\/lospoliticosveracruz.com\/?p=113871","title":{"rendered":"JORGE MIGUEL USCANGA"},"content":{"rendered":"\n<p><strong>Bernardo Guti\u00e9rrez Parra<\/strong><\/p>\n\n\n\n<p><em>Desde el Caf\u00e9<\/em><br>Uno de los anhelos m\u00e1s grandes del Subsecretario de Educaci\u00f3n Media Superior y Superior Jorge Miguel Uscanga Villalba, es ser titular de la Secretar\u00eda de Educaci\u00f3n de Veracruz. Y quiz\u00e1 lo sea, pero en otra vida. En esta simplemente ya no se le hizo.<\/p>\n\n\n\n<figure class=\"wp-block-embed is-type-video is-provider-youtube wp-block-embed-youtube wp-embed-aspect-16-9 wp-has-aspect-ratio\"><div class=\"wp-block-embed__wrapper\">\n<iframe loading=\"lazy\" title=\"Cluster Coworking\" width=\"696\" height=\"392\" src=\"https:\/\/www.youtube.com\/embed\/Nxe-vxf8GuY?feature=oembed\" frameborder=\"0\" allow=\"accelerometer; autoplay; clipboard-write; encrypted-media; gyroscope; picture-in-picture; web-share\" referrerpolicy=\"strict-origin-when-cross-origin\" allowfullscreen><\/iframe>\n<\/div><\/figure>\n\n\n\n<p>De acuerdo con quienes lo conocen, Jorge Miguel es un hombre formado en las viejas filas del priismo m\u00e1s recalcitrante y ha vivido al amparo de los miembros de su propia familia que gozan de pensiones millonarias en el IPE.<\/p>\n\n\n\n<p>Maestro de la traici\u00f3n y del enga\u00f1o, a\u00fan no ha terminado de masticar el hecho de haber sido desplazado en la titularidad de la SEV a pesar de sus ruegos al gobernador Cuitl\u00e1huac Garc\u00eda, que aqu\u00ed entre nosotros lector, ya no se ocupa de Veracruz; su \u00fanica preocupaci\u00f3n es prevalecer en el \u00e1nimo la que seguramente ser\u00e1 la gobernadora de la entidad, Roc\u00edo Nahle.<\/p>\n\n\n\n<p>\u201cJorge Miguel presume de saber operar pol\u00edticamente, de hacer amarres, acuerdos con sindicatos e incluso de tener el \u2018control directivo\u2019 en algunas dependencias. Y todo esto lo vende a precio de oro a incautos que nunca faltan pero que le pagan muy bien por sus servicios\u201d, me comentaron.<\/p>\n\n\n\n<p>Seg\u00fan mis fuentes, el tipo tiene infiltrados en algunas dependencias como es el caso de Erick Emmanuel G\u00f3mez Gonz\u00e1lez, quien como Subdirector de Registro y Control de la Secretar\u00eda de Finanzas, le reporta permanentemente el trabajo de esa dependencia con el \u00fanico objetivo de conocer las finanzas p\u00fablicas del Estado, para tener qu\u00e9 vender a quien resulte el pr\u00f3ximo gobernador.<\/p>\n\n\n\n<p>Haciendo uso de su dudoso tinglado pol\u00edtico-administrativo se ha infiltrado en los tecnol\u00f3gicos y universidades de la entidad y ha colocado en puestos clave a gente de su absoluta confianza con el \u00fanico objetivo de medrar seg\u00fan sus intereses. Y aguas con quien se oponga o se niegue a doblegarse porque conocer\u00e1 su furia.<\/p>\n\n\n\n<p>En junio de este a\u00f1o, una de sus operadoras y hostigadoras en Coatzacoalcos llamada Claudia Hern\u00e1ndez Gonz\u00e1lez, (a quien hace algunos meses premi\u00f3 como directora general del Sistema de Telebachilleratos del Estado de Veracruz), filtr\u00f3 a los medios de comunicaci\u00f3n un documento federal, en el que se tratan temas muy delicados que comprometen la estabilidad del Tecnol\u00f3gico de Coatzacoalcos, sin importar que dicha nota afecte a la actual administraci\u00f3n. Este es un tema que espero tratar con mayor amplitud en una pr\u00f3xima entrega.<\/p>\n\n\n\n<p>Otro caso no menos relevante, fue el que sucedi\u00f3 en el Tecnol\u00f3gico de Zongolica donde el director Pompeyo Quechulpa P\u00e9rez, fue destituido luego de la presi\u00f3n ejercida por j\u00f3venes estudiantes a lo largo de 14 d\u00edas. Los paristas, seg\u00fan me revelaron mis fuentes, fueron instruidos y movilizados por personal a las ordenes de Jorge Miguel Uscanga. Existen audios en donde se les pide no reconocer la figura del enlace enviado para atender sus temas, pues a decir de la subsecretar\u00eda, ese enlace no ten\u00eda reconocimiento legal para resolver sus peticiones.<\/p>\n\n\n\n<p>Adem\u00e1s, informaci\u00f3n recabada por este columnista, se\u00f1ala que en m\u00e1s de una ocasi\u00f3n Jorge Miguel Uscanga y la diputada Lidia Irma Mezhua Campos, quien fuera directora del Tec de Zongolica, sostuvieron reuniones en las que la legisladora propon\u00eda al ingeniero Carlos Rojas Ake para la Direcci\u00f3n de esa instituci\u00f3n, pasando por alto que la designaci\u00f3n debe pasar por un proceso en la Junta Directiva del Tecnol\u00f3gico y la decisi\u00f3n final la toma la m\u00e1xima autoridad que es el gobernador Cuitl\u00e1huac Garc\u00eda.<\/p>\n\n\n\n<p>Otro trascendido es el acuerdo que por debajo del agua tuvo Jorge Miguel Uscanga con el ingeniero Miguel \u00c1ngel de la Torre Loranca, director del Tec de Zongolica, con el fin de colocar a sus amigos en la direcci\u00f3n de ese Tecnol\u00f3gico, y de esa manera seguir recibiendo recursos para sus fines personales. Adem\u00e1s de apoyar a quien en el futuro se proyecte como gobernador o gobernadora.<\/p>\n\n\n\n<p>Ajeno a denuncias penales que en el futuro lo podr\u00edan enviar a prisi\u00f3n, Jorge Miguel Uscanga presumi\u00f3 el r\u00e9cord del altar de muertos m\u00e1s grande del mundo (que evidentemente se hizo con desv\u00edo de recursos), pero pasa por alto que es uno de los funcionarios m\u00e1s corruptos de esta administraci\u00f3n debido a las estafas y latrocinios que seg\u00fan mis fuentes, realiza en los tecnol\u00f3gicos estatales y que le han permitido amasar una fortuna que dif\u00edcilmente podr\u00e1 comprobar.<\/p>\n\n\n\n<p>En esta gran estafa educativa que en una de esas puede embarrar al gobernador Cuitl\u00e1huac Garc\u00eda, est\u00e1n inmiscuidos Daniel Escobar, Claudia Hern\u00e1ndez, Emma Natalia Trujillo, Alejandro Sol\u00eds, las hermanas Ingrid y Yisel Alarc\u00f3n Madrid y Erick Emmanuel G\u00f3mez Gonz\u00e1lez, que forman parte de la red de corrupci\u00f3n de Jorge Miguel Uscanga Villalba que recuerda el saqueo c\u00ednico y desvergonzado de los tiempos de Javier Duarte.<\/p>\n\n\n\n<p>\u201cEl saqueo y las infiltraciones de Uscanga Villalba, no son otra cosa que una prueba de su traici\u00f3n y deslealtad a la 4T, que lo sac\u00f3 del ostracismo en el que se encontraba para hacerlo gente. Y as\u00ed le paga\u201d, dijeron mis fuentes.<\/p>\n\n\n\n<p>M\u00e1s presupuesto para el 2024<\/p>\n\n\n\n<p>Tal y como lo coment\u00e9 hace diez d\u00edas, se espera que hoy lunes el titular de la Secretar\u00eda de Finanzas y Planeaci\u00f3n, Jos\u00e9 Luis Lima Franco, entregue al Congreso local el Presupuesto de Egresos 2024 que superar\u00e1 los 163 mil millones de pesos. Es decir, tendr\u00e1 un incremento de 15 mil millones de pesos m\u00e1s que este a\u00f1o.<\/p>\n\n\n\n<p>Cabe recordar que para este 2023 el presupuesto aprobado fue de 148 mil 474 millones, 622 mil 171 pesos.<\/p>\n\n\n\n<p>De acuerdo con el doctor Lima Franco, el pr\u00f3ximo a\u00f1o se llevar\u00e1n a cabo elecciones en el estado, por lo que se estima que el presupuesto para el OPLE sea de 1, 200 millones de pesos. Adem\u00e1s, se fortalecer\u00e1 econ\u00f3micamente la seguridad y la procuraci\u00f3n e impartici\u00f3n de justicia.<\/p>\n\n\n\n<p>Con el nuevo presupuesto se busca garantizar las prestaciones n\u00f3mina y aguinaldos para el 2024 indic\u00f3 el funcionario, que agreg\u00f3 que en general habr\u00e1 un incremento en la mayor\u00eda de las dependencias.<\/p>\n\n\n\n<p>Con 4 mil millones de pesos, la Secretar\u00eda de Educaci\u00f3n de Veracruz (SEV) ser\u00e1 la dependencia que m\u00e1s presupuesto tenga, esto con el fin de asegurar el pago de la n\u00f3mina y aguinaldo, adem\u00e1s de las prestaciones de los trabajadores, indic\u00f3 Lima Franco.<\/p>\n\n\n\n<p>bernardogup@hotmail.com<\/p>\n","protected":false},"excerpt":{"rendered":"<p>Bernardo Guti\u00e9rrez Parra Desde el Caf\u00e9Uno de los anhelos m\u00e1s grandes del Subsecretario de Educaci\u00f3n Media Superior y Superior Jorge Miguel Uscanga Villalba, es ser titular de la Secretar\u00eda de Educaci\u00f3n de Veracruz. Y quiz\u00e1 lo sea, pero en otra vida. En esta simplemente ya no se le hizo. De acuerdo con quienes lo conocen, [&hellip;]<\/p>\n","protected":false},"author":2,"featured_media":0,"comment_status":"closed","ping_status":"closed","sticky":false,"template":"","format":"standard","meta":{"tdm_status":"","tdm_grid_status":"","footnotes":""},"categories":[70],"tags":[15949,31257,640,88],"class_list":{"0":"post-113871","1":"post","2":"type-post","3":"status-publish","4":"format-standard","6":"category-de-opinion","7":"tag-jorge-miguel-uscanga-villalba","8":"tag-lidia-mezhua-campos","9":"tag-sefiplan","10":"tag-sev"},"yoast_head":"<!-- This site is optimized with the Yoast SEO plugin v27.4 - https:\/\/yoast.com\/product\/yoast-seo-wordpress\/ -->\n<title>JORGE MIGUEL USCANGA - Los pol\u00edticos Veracruz<\/title>\n<meta name=\"robots\" content=\"index, follow, max-snippet:-1, max-image-preview:large, max-video-preview:-1\" \/>\n<link rel=\"canonical\" href=\"https:\/\/lospoliticosveracruz.com\/?p=113871\" \/>\n<meta property=\"og:locale\" content=\"es_ES\" \/>\n<meta property=\"og:type\" content=\"article\" \/>\n<meta property=\"og:title\" content=\"JORGE MIGUEL USCANGA - Los pol\u00edticos Veracruz\" \/>\n<meta property=\"og:description\" content=\"Bernardo Guti\u00e9rrez Parra Desde el Caf\u00e9Uno de los anhelos m\u00e1s grandes del Subsecretario de Educaci\u00f3n Media Superior y Superior Jorge Miguel Uscanga Villalba, es ser titular de la Secretar\u00eda de Educaci\u00f3n de Veracruz. Y quiz\u00e1 lo sea, pero en otra vida. En esta simplemente ya no se le hizo. De acuerdo con quienes lo conocen, [&hellip;]\" \/>\n<meta property=\"og:url\" content=\"https:\/\/lospoliticosveracruz.com\/?p=113871\" \/>\n<meta property=\"og:site_name\" content=\"Los pol\u00edticos Veracruz\" \/>\n<meta property=\"article:publisher\" content=\"https:\/\/www.facebook.com\/people\/Notimemes-de-los-Polticos\/61565672886568\/\" \/>\n<meta property=\"article:published_time\" content=\"2023-11-06T11:02:15+00:00\" \/>\n<meta property=\"article:modified_time\" content=\"2023-11-06T13:50:11+00:00\" \/>\n<meta property=\"og:image\" content=\"https:\/\/lospoliticosveracruz.com\/wp-content\/uploads\/2016\/07\/Logo-Dor.jpg\" \/>\n\t<meta property=\"og:image:width\" content=\"200\" \/>\n\t<meta property=\"og:image:height\" content=\"200\" \/>\n\t<meta property=\"og:image:type\" content=\"image\/jpeg\" \/>\n<meta name=\"author\" content=\"Lo viste en Los Pol\u00edticos\" \/>\n<meta name=\"twitter:card\" content=\"summary_large_image\" \/>\n<meta name=\"twitter:creator\" content=\"@LosPoliticosVer\" \/>\n<meta name=\"twitter:site\" content=\"@LosPoliticosVer\" \/>\n<meta name=\"twitter:label1\" content=\"Escrito por\" \/>\n\t<meta name=\"twitter:data1\" content=\"Lo viste en Los Pol\u00edticos\" \/>\n\t<meta name=\"twitter:label2\" content=\"Tiempo de lectura\" \/>\n\t<meta name=\"twitter:data2\" content=\"6 minutos\" \/>\n<script type=\"application\/ld+json\" class=\"yoast-schema-graph\">{\"@context\":\"https:\\\/\\\/schema.org\",\"@graph\":[{\"@type\":\"Article\",\"@id\":\"https:\\\/\\\/lospoliticosveracruz.com\\\/?p=113871#article\",\"isPartOf\":{\"@id\":\"https:\\\/\\\/lospoliticosveracruz.com\\\/?p=113871\"},\"author\":{\"name\":\"Lo viste en Los Pol\u00edticos\",\"@id\":\"https:\\\/\\\/lospoliticosveracruz.com\\\/#\\\/schema\\\/person\\\/b8702bb0e538456e6efd07080bf2a4a2\"},\"headline\":\"JORGE MIGUEL USCANGA\",\"datePublished\":\"2023-11-06T11:02:15+00:00\",\"dateModified\":\"2023-11-06T13:50:11+00:00\",\"mainEntityOfPage\":{\"@id\":\"https:\\\/\\\/lospoliticosveracruz.com\\\/?p=113871\"},\"wordCount\":1121,\"publisher\":{\"@id\":\"https:\\\/\\\/lospoliticosveracruz.com\\\/#organization\"},\"keywords\":[\"Jorge Miguel Uscanga Villalba\",\"Lidia Mezhua Campos\",\"Sefiplan\",\"SEV\"],\"articleSection\":[\"De Opini\u00f3n\"],\"inLanguage\":\"es\"},{\"@type\":\"WebPage\",\"@id\":\"https:\\\/\\\/lospoliticosveracruz.com\\\/?p=113871\",\"url\":\"https:\\\/\\\/lospoliticosveracruz.com\\\/?p=113871\",\"name\":\"JORGE MIGUEL USCANGA - Los pol\u00edticos Veracruz\",\"isPartOf\":{\"@id\":\"https:\\\/\\\/lospoliticosveracruz.com\\\/#website\"},\"datePublished\":\"2023-11-06T11:02:15+00:00\",\"dateModified\":\"2023-11-06T13:50:11+00:00\",\"breadcrumb\":{\"@id\":\"https:\\\/\\\/lospoliticosveracruz.com\\\/?p=113871#breadcrumb\"},\"inLanguage\":\"es\",\"potentialAction\":[{\"@type\":\"ReadAction\",\"target\":[\"https:\\\/\\\/lospoliticosveracruz.com\\\/?p=113871\"]}]},{\"@type\":\"BreadcrumbList\",\"@id\":\"https:\\\/\\\/lospoliticosveracruz.com\\\/?p=113871#breadcrumb\",\"itemListElement\":[{\"@type\":\"ListItem\",\"position\":1,\"name\":\"Portada\",\"item\":\"https:\\\/\\\/lospoliticosveracruz.com\\\/\"},{\"@type\":\"ListItem\",\"position\":2,\"name\":\"JORGE MIGUEL USCANGA\"}]},{\"@type\":\"WebSite\",\"@id\":\"https:\\\/\\\/lospoliticosveracruz.com\\\/#website\",\"url\":\"https:\\\/\\\/lospoliticosveracruz.com\\\/\",\"name\":\"Los pol\u00edticos Veracruz\",\"description\":\"\",\"publisher\":{\"@id\":\"https:\\\/\\\/lospoliticosveracruz.com\\\/#organization\"},\"potentialAction\":[{\"@type\":\"SearchAction\",\"target\":{\"@type\":\"EntryPoint\",\"urlTemplate\":\"https:\\\/\\\/lospoliticosveracruz.com\\\/?s={search_term_string}\"},\"query-input\":{\"@type\":\"PropertyValueSpecification\",\"valueRequired\":true,\"valueName\":\"search_term_string\"}}],\"inLanguage\":\"es\"},{\"@type\":\"Organization\",\"@id\":\"https:\\\/\\\/lospoliticosveracruz.com\\\/#organization\",\"name\":\"Los pol\u00edticos Veracruz\",\"url\":\"https:\\\/\\\/lospoliticosveracruz.com\\\/\",\"logo\":{\"@type\":\"ImageObject\",\"inLanguage\":\"es\",\"@id\":\"https:\\\/\\\/lospoliticosveracruz.com\\\/#\\\/schema\\\/logo\\\/image\\\/\",\"url\":\"https:\\\/\\\/lospoliticosveracruz.com\\\/wp-content\\\/uploads\\\/2025\\\/12\\\/Logo-Nuevo-LOS-POLITICOS-1.jpg\",\"contentUrl\":\"https:\\\/\\\/lospoliticosveracruz.com\\\/wp-content\\\/uploads\\\/2025\\\/12\\\/Logo-Nuevo-LOS-POLITICOS-1.jpg\",\"width\":260,\"height\":70,\"caption\":\"Los pol\u00edticos Veracruz\"},\"image\":{\"@id\":\"https:\\\/\\\/lospoliticosveracruz.com\\\/#\\\/schema\\\/logo\\\/image\\\/\"},\"sameAs\":[\"https:\\\/\\\/www.facebook.com\\\/people\\\/Notimemes-de-los-Polticos\\\/61565672886568\\\/\",\"https:\\\/\\\/x.com\\\/LosPoliticosVer\"]},{\"@type\":\"Person\",\"@id\":\"https:\\\/\\\/lospoliticosveracruz.com\\\/#\\\/schema\\\/person\\\/b8702bb0e538456e6efd07080bf2a4a2\",\"name\":\"Lo viste en Los Pol\u00edticos\",\"image\":{\"@type\":\"ImageObject\",\"inLanguage\":\"es\",\"@id\":\"https:\\\/\\\/secure.gravatar.com\\\/avatar\\\/3a8de04a2656d44082be478bd6c086daa447c4651605818287b9532d3d0bd435?s=96&d=mm&r=g\",\"url\":\"https:\\\/\\\/secure.gravatar.com\\\/avatar\\\/3a8de04a2656d44082be478bd6c086daa447c4651605818287b9532d3d0bd435?s=96&d=mm&r=g\",\"contentUrl\":\"https:\\\/\\\/secure.gravatar.com\\\/avatar\\\/3a8de04a2656d44082be478bd6c086daa447c4651605818287b9532d3d0bd435?s=96&d=mm&r=g\",\"caption\":\"Lo viste en Los Pol\u00edticos\"},\"url\":\"https:\\\/\\\/lospoliticosveracruz.com\\\/?author=2\"}]}<\/script>\n<!-- \/ Yoast SEO plugin. -->","yoast_head_json":{"title":"JORGE MIGUEL USCANGA - Los pol\u00edticos Veracruz","robots":{"index":"index","follow":"follow","max-snippet":"max-snippet:-1","max-image-preview":"max-image-preview:large","max-video-preview":"max-video-preview:-1"},"canonical":"https:\/\/lospoliticosveracruz.com\/?p=113871","og_locale":"es_ES","og_type":"article","og_title":"JORGE MIGUEL USCANGA - Los pol\u00edticos Veracruz","og_description":"Bernardo Guti\u00e9rrez Parra Desde el Caf\u00e9Uno de los anhelos m\u00e1s grandes del Subsecretario de Educaci\u00f3n Media Superior y Superior Jorge Miguel Uscanga Villalba, es ser titular de la Secretar\u00eda de Educaci\u00f3n de Veracruz. Y quiz\u00e1 lo sea, pero en otra vida. En esta simplemente ya no se le hizo. De acuerdo con quienes lo conocen, [&hellip;]","og_url":"https:\/\/lospoliticosveracruz.com\/?p=113871","og_site_name":"Los pol\u00edticos Veracruz","article_publisher":"https:\/\/www.facebook.com\/people\/Notimemes-de-los-Polticos\/61565672886568\/","article_published_time":"2023-11-06T11:02:15+00:00","article_modified_time":"2023-11-06T13:50:11+00:00","og_image":[{"width":200,"height":200,"url":"https:\/\/lospoliticosveracruz.com\/wp-content\/uploads\/2016\/07\/Logo-Dor.jpg","type":"image\/jpeg"}],"author":"Lo viste en Los Pol\u00edticos","twitter_card":"summary_large_image","twitter_creator":"@LosPoliticosVer","twitter_site":"@LosPoliticosVer","twitter_misc":{"Escrito por":"Lo viste en Los Pol\u00edticos","Tiempo de lectura":"6 minutos"},"schema":{"@context":"https:\/\/schema.org","@graph":[{"@type":"Article","@id":"https:\/\/lospoliticosveracruz.com\/?p=113871#article","isPartOf":{"@id":"https:\/\/lospoliticosveracruz.com\/?p=113871"},"author":{"name":"Lo viste en Los Pol\u00edticos","@id":"https:\/\/lospoliticosveracruz.com\/#\/schema\/person\/b8702bb0e538456e6efd07080bf2a4a2"},"headline":"JORGE MIGUEL USCANGA","datePublished":"2023-11-06T11:02:15+00:00","dateModified":"2023-11-06T13:50:11+00:00","mainEntityOfPage":{"@id":"https:\/\/lospoliticosveracruz.com\/?p=113871"},"wordCount":1121,"publisher":{"@id":"https:\/\/lospoliticosveracruz.com\/#organization"},"keywords":["Jorge Miguel Uscanga Villalba","Lidia Mezhua Campos","Sefiplan","SEV"],"articleSection":["De Opini\u00f3n"],"inLanguage":"es"},{"@type":"WebPage","@id":"https:\/\/lospoliticosveracruz.com\/?p=113871","url":"https:\/\/lospoliticosveracruz.com\/?p=113871","name":"JORGE MIGUEL USCANGA - Los pol\u00edticos Veracruz","isPartOf":{"@id":"https:\/\/lospoliticosveracruz.com\/#website"},"datePublished":"2023-11-06T11:02:15+00:00","dateModified":"2023-11-06T13:50:11+00:00","breadcrumb":{"@id":"https:\/\/lospoliticosveracruz.com\/?p=113871#breadcrumb"},"inLanguage":"es","potentialAction":[{"@type":"ReadAction","target":["https:\/\/lospoliticosveracruz.com\/?p=113871"]}]},{"@type":"BreadcrumbList","@id":"https:\/\/lospoliticosveracruz.com\/?p=113871#breadcrumb","itemListElement":[{"@type":"ListItem","position":1,"name":"Portada","item":"https:\/\/lospoliticosveracruz.com\/"},{"@type":"ListItem","position":2,"name":"JORGE MIGUEL USCANGA"}]},{"@type":"WebSite","@id":"https:\/\/lospoliticosveracruz.com\/#website","url":"https:\/\/lospoliticosveracruz.com\/","name":"Los pol\u00edticos Veracruz","description":"","publisher":{"@id":"https:\/\/lospoliticosveracruz.com\/#organization"},"potentialAction":[{"@type":"SearchAction","target":{"@type":"EntryPoint","urlTemplate":"https:\/\/lospoliticosveracruz.com\/?s={search_term_string}"},"query-input":{"@type":"PropertyValueSpecification","valueRequired":true,"valueName":"search_term_string"}}],"inLanguage":"es"},{"@type":"Organization","@id":"https:\/\/lospoliticosveracruz.com\/#organization","name":"Los pol\u00edticos Veracruz","url":"https:\/\/lospoliticosveracruz.com\/","logo":{"@type":"ImageObject","inLanguage":"es","@id":"https:\/\/lospoliticosveracruz.com\/#\/schema\/logo\/image\/","url":"https:\/\/lospoliticosveracruz.com\/wp-content\/uploads\/2025\/12\/Logo-Nuevo-LOS-POLITICOS-1.jpg","contentUrl":"https:\/\/lospoliticosveracruz.com\/wp-content\/uploads\/2025\/12\/Logo-Nuevo-LOS-POLITICOS-1.jpg","width":260,"height":70,"caption":"Los pol\u00edticos Veracruz"},"image":{"@id":"https:\/\/lospoliticosveracruz.com\/#\/schema\/logo\/image\/"},"sameAs":["https:\/\/www.facebook.com\/people\/Notimemes-de-los-Polticos\/61565672886568\/","https:\/\/x.com\/LosPoliticosVer"]},{"@type":"Person","@id":"https:\/\/lospoliticosveracruz.com\/#\/schema\/person\/b8702bb0e538456e6efd07080bf2a4a2","name":"Lo viste en Los Pol\u00edticos","image":{"@type":"ImageObject","inLanguage":"es","@id":"https:\/\/secure.gravatar.com\/avatar\/3a8de04a2656d44082be478bd6c086daa447c4651605818287b9532d3d0bd435?s=96&d=mm&r=g","url":"https:\/\/secure.gravatar.com\/avatar\/3a8de04a2656d44082be478bd6c086daa447c4651605818287b9532d3d0bd435?s=96&d=mm&r=g","contentUrl":"https:\/\/secure.gravatar.com\/avatar\/3a8de04a2656d44082be478bd6c086daa447c4651605818287b9532d3d0bd435?s=96&d=mm&r=g","caption":"Lo viste en Los Pol\u00edticos"},"url":"https:\/\/lospoliticosveracruz.com\/?author=2"}]}},"_links":{"self":[{"href":"https:\/\/lospoliticosveracruz.com\/index.php?rest_route=\/wp\/v2\/posts\/113871","targetHints":{"allow":["GET"]}}],"collection":[{"href":"https:\/\/lospoliticosveracruz.com\/index.php?rest_route=\/wp\/v2\/posts"}],"about":[{"href":"https:\/\/lospoliticosveracruz.com\/index.php?rest_route=\/wp\/v2\/types\/post"}],"author":[{"embeddable":true,"href":"https:\/\/lospoliticosveracruz.com\/index.php?rest_route=\/wp\/v2\/users\/2"}],"replies":[{"embeddable":true,"href":"https:\/\/lospoliticosveracruz.com\/index.php?rest_route=%2Fwp%2Fv2%2Fcomments&post=113871"}],"version-history":[{"count":3,"href":"https:\/\/lospoliticosveracruz.com\/index.php?rest_route=\/wp\/v2\/posts\/113871\/revisions"}],"predecessor-version":[{"id":113876,"href":"https:\/\/lospoliticosveracruz.com\/index.php?rest_route=\/wp\/v2\/posts\/113871\/revisions\/113876"}],"wp:attachment":[{"href":"https:\/\/lospoliticosveracruz.com\/index.php?rest_route=%2Fwp%2Fv2%2Fmedia&parent=113871"}],"wp:term":[{"taxonomy":"category","embeddable":true,"href":"https:\/\/lospoliticosveracruz.com\/index.php?rest_route=%2Fwp%2Fv2%2Fcategories&post=113871"},{"taxonomy":"post_tag","embeddable":true,"href":"https:\/\/lospoliticosveracruz.com\/index.php?rest_route=%2Fwp%2Fv2%2Ftags&post=113871"}],"curies":[{"name":"wp","href":"https:\/\/api.w.org\/{rel}","templated":true}]}}