{"id":114028,"date":"2023-11-09T07:29:18","date_gmt":"2023-11-09T13:29:18","guid":{"rendered":"https:\/\/lospoliticosveracruz.com.mx\/?p=114028"},"modified":"2023-11-09T07:29:25","modified_gmt":"2023-11-09T13:29:25","slug":"verguenza-xalapena","status":"publish","type":"post","link":"https:\/\/lospoliticosveracruz.com\/?p=114028","title":{"rendered":"VERG\u00dcENZA XALAPE\u00d1A"},"content":{"rendered":"\n<p><br><strong>Uriel Flores Aguayo<\/strong><\/p>\n\n\n\n<p>Sin desgarrarme las vestiduras, sin dramatismo, con realismo expreso mi verg\u00fcenza por varios asuntos que ocurren en Xalapa, mi origen y entra\u00f1able ciudad. Somos un lugar hospitalario, verde, con mucha historia, culto y con relativo capital social positivo. Eso es lo bueno y lo que hace una ciudad c\u00e1lida y de calidad. No ha sido bien gobernada en lo general, su clase pol\u00edtica ha sido de bajo nivel en su mayor\u00eda. Siempre estuvo un partido que hizo un mediocre negocio del servicio p\u00fablico. Hay excepciones como el caso actual y las gestiones de Manolo Fern\u00e1ndez y los Zu\u00f1iga. Las administraciones municipales han hecho poco para construir ciudadan\u00eda. A\u00fan as\u00ed se puede considerar que existe una vida p\u00fablica aceptable. Hay problemas complejos como el agua potable , con un d\u00e9ficit grave, y la dif\u00edcil movilidad. Son asuntos antiguos y poco atendidos. Pesan mucho en los pendientes de la Ciudad y condicionan su desarrollo.<br>Pero hay otros asuntos que afectan la vida de los xalape\u00f1os, de esos que cotidianamente ocurren, que se han normalizado y tienen que ver con decisiones pol\u00edticas; son producto del poder.<br>Es una verg\u00fcenza que todos los d\u00edas se asalte a los automovilistas por todo tipo de agrupamientos policiales, es una verg\u00fcenza que las mafias de las gr\u00faas secuestren los veh\u00edculos, es una verg\u00fcenza que politiquillos ambiciosos y corruptos cuelguen propaganda derrochando recursos y violando las leyes, es una verg\u00fcenza ver a empleados p\u00fablicos haciendo campa\u00f1a para morena, es una verg\u00fcenza que a los alumnos de nivel medio los uniformen con colores partidistas en un reflejo fascista, es una verg\u00fcenza observar la frivolidad y el enriquecimiento s\u00fabito de la clase pol\u00edtica estatal, es una verg\u00fcenza que ocupen las calles de nuestra ciudad para sus ocurrencias en forma de carreras y desfiles. Adem\u00e1s son un insulto al sentido com\u00fan y a nuestra inteligencia. En fin , la verg\u00fcenza es natural, es testimonio y punto de partida para la opini\u00f3n, la cr\u00edtica y b\u00fasqueda de alternativas a lo que significa una afrenta para los xalape\u00f1os. No debemos permitir m\u00e1s degradaci\u00f3n. Somos mucha historia y cultura como para que advenedizos y oportunistas nos manchen y averg\u00fcencen. La gran tarea seguir\u00e1 siendo el fomento de la participaci\u00f3n ciudadana, en la medida que asumamos nuestro presente estaremos garantizando un mucho mejor futuro.<br>Recadito: AHUED, dignifica al Ayuntamiento.<\/p>\n","protected":false},"excerpt":{"rendered":"<p>Uriel Flores Aguayo Sin desgarrarme las vestiduras, sin dramatismo, con realismo expreso mi verg\u00fcenza por varios asuntos que ocurren en Xalapa, mi origen y entra\u00f1able ciudad. Somos un lugar hospitalario, verde, con mucha historia, culto y con relativo capital social positivo. Eso es lo bueno y lo que hace una ciudad c\u00e1lida y de calidad. [&hellip;]<\/p>\n","protected":false},"author":2,"featured_media":0,"comment_status":"closed","ping_status":"closed","sticky":false,"template":"","format":"standard","meta":{"tdm_status":"","tdm_grid_status":"","footnotes":""},"categories":[70],"tags":[2332,1088,96],"class_list":{"0":"post-114028","1":"post","2":"type-post","3":"status-publish","4":"format-standard","6":"category-de-opinion","7":"tag-gruas","8":"tag-propaganda","9":"tag-xalapa"},"yoast_head":"<!-- This site is optimized with the Yoast SEO plugin v27.4 - https:\/\/yoast.com\/product\/yoast-seo-wordpress\/ -->\n<title>VERG\u00dcENZA XALAPE\u00d1A - Los pol\u00edticos Veracruz<\/title>\n<meta name=\"robots\" content=\"index, follow, max-snippet:-1, max-image-preview:large, max-video-preview:-1\" \/>\n<link rel=\"canonical\" href=\"https:\/\/lospoliticosveracruz.com\/?p=114028\" \/>\n<meta property=\"og:locale\" content=\"es_ES\" \/>\n<meta property=\"og:type\" content=\"article\" \/>\n<meta property=\"og:title\" content=\"VERG\u00dcENZA XALAPE\u00d1A - Los pol\u00edticos Veracruz\" \/>\n<meta property=\"og:description\" content=\"Uriel Flores Aguayo Sin desgarrarme las vestiduras, sin dramatismo, con realismo expreso mi verg\u00fcenza por varios asuntos que ocurren en Xalapa, mi origen y entra\u00f1able ciudad. Somos un lugar hospitalario, verde, con mucha historia, culto y con relativo capital social positivo. Eso es lo bueno y lo que hace una ciudad c\u00e1lida y de calidad. [&hellip;]\" \/>\n<meta property=\"og:url\" content=\"https:\/\/lospoliticosveracruz.com\/?p=114028\" \/>\n<meta property=\"og:site_name\" content=\"Los pol\u00edticos Veracruz\" \/>\n<meta property=\"article:publisher\" content=\"https:\/\/www.facebook.com\/people\/Notimemes-de-los-Polticos\/61565672886568\/\" \/>\n<meta property=\"article:published_time\" content=\"2023-11-09T13:29:18+00:00\" \/>\n<meta property=\"article:modified_time\" content=\"2023-11-09T13:29:25+00:00\" \/>\n<meta property=\"og:image\" content=\"https:\/\/lospoliticosveracruz.com\/wp-content\/uploads\/2016\/07\/Logo-Dor.jpg\" \/>\n\t<meta property=\"og:image:width\" content=\"200\" \/>\n\t<meta property=\"og:image:height\" content=\"200\" \/>\n\t<meta property=\"og:image:type\" content=\"image\/jpeg\" \/>\n<meta name=\"author\" content=\"Lo viste en Los Pol\u00edticos\" \/>\n<meta name=\"twitter:card\" content=\"summary_large_image\" \/>\n<meta name=\"twitter:creator\" content=\"@LosPoliticosVer\" \/>\n<meta name=\"twitter:site\" content=\"@LosPoliticosVer\" \/>\n<meta name=\"twitter:label1\" content=\"Escrito por\" \/>\n\t<meta name=\"twitter:data1\" content=\"Lo viste en Los Pol\u00edticos\" \/>\n\t<meta name=\"twitter:label2\" content=\"Tiempo de lectura\" \/>\n\t<meta name=\"twitter:data2\" content=\"2 minutos\" \/>\n<script type=\"application\/ld+json\" class=\"yoast-schema-graph\">{\"@context\":\"https:\\\/\\\/schema.org\",\"@graph\":[{\"@type\":\"Article\",\"@id\":\"https:\\\/\\\/lospoliticosveracruz.com\\\/?p=114028#article\",\"isPartOf\":{\"@id\":\"https:\\\/\\\/lospoliticosveracruz.com\\\/?p=114028\"},\"author\":{\"name\":\"Lo viste en Los Pol\u00edticos\",\"@id\":\"https:\\\/\\\/lospoliticosveracruz.com\\\/#\\\/schema\\\/person\\\/b8702bb0e538456e6efd07080bf2a4a2\"},\"headline\":\"VERG\u00dcENZA XALAPE\u00d1A\",\"datePublished\":\"2023-11-09T13:29:18+00:00\",\"dateModified\":\"2023-11-09T13:29:25+00:00\",\"mainEntityOfPage\":{\"@id\":\"https:\\\/\\\/lospoliticosveracruz.com\\\/?p=114028\"},\"wordCount\":429,\"publisher\":{\"@id\":\"https:\\\/\\\/lospoliticosveracruz.com\\\/#organization\"},\"keywords\":[\"gr\u00faas\",\"propaganda\",\"Xalapa\"],\"articleSection\":[\"De Opini\u00f3n\"],\"inLanguage\":\"es\"},{\"@type\":\"WebPage\",\"@id\":\"https:\\\/\\\/lospoliticosveracruz.com\\\/?p=114028\",\"url\":\"https:\\\/\\\/lospoliticosveracruz.com\\\/?p=114028\",\"name\":\"VERG\u00dcENZA XALAPE\u00d1A - Los pol\u00edticos Veracruz\",\"isPartOf\":{\"@id\":\"https:\\\/\\\/lospoliticosveracruz.com\\\/#website\"},\"datePublished\":\"2023-11-09T13:29:18+00:00\",\"dateModified\":\"2023-11-09T13:29:25+00:00\",\"breadcrumb\":{\"@id\":\"https:\\\/\\\/lospoliticosveracruz.com\\\/?p=114028#breadcrumb\"},\"inLanguage\":\"es\",\"potentialAction\":[{\"@type\":\"ReadAction\",\"target\":[\"https:\\\/\\\/lospoliticosveracruz.com\\\/?p=114028\"]}]},{\"@type\":\"BreadcrumbList\",\"@id\":\"https:\\\/\\\/lospoliticosveracruz.com\\\/?p=114028#breadcrumb\",\"itemListElement\":[{\"@type\":\"ListItem\",\"position\":1,\"name\":\"Portada\",\"item\":\"https:\\\/\\\/lospoliticosveracruz.com\\\/\"},{\"@type\":\"ListItem\",\"position\":2,\"name\":\"VERG\u00dcENZA XALAPE\u00d1A\"}]},{\"@type\":\"WebSite\",\"@id\":\"https:\\\/\\\/lospoliticosveracruz.com\\\/#website\",\"url\":\"https:\\\/\\\/lospoliticosveracruz.com\\\/\",\"name\":\"Los pol\u00edticos Veracruz\",\"description\":\"\",\"publisher\":{\"@id\":\"https:\\\/\\\/lospoliticosveracruz.com\\\/#organization\"},\"potentialAction\":[{\"@type\":\"SearchAction\",\"target\":{\"@type\":\"EntryPoint\",\"urlTemplate\":\"https:\\\/\\\/lospoliticosveracruz.com\\\/?s={search_term_string}\"},\"query-input\":{\"@type\":\"PropertyValueSpecification\",\"valueRequired\":true,\"valueName\":\"search_term_string\"}}],\"inLanguage\":\"es\"},{\"@type\":\"Organization\",\"@id\":\"https:\\\/\\\/lospoliticosveracruz.com\\\/#organization\",\"name\":\"Los pol\u00edticos Veracruz\",\"url\":\"https:\\\/\\\/lospoliticosveracruz.com\\\/\",\"logo\":{\"@type\":\"ImageObject\",\"inLanguage\":\"es\",\"@id\":\"https:\\\/\\\/lospoliticosveracruz.com\\\/#\\\/schema\\\/logo\\\/image\\\/\",\"url\":\"https:\\\/\\\/lospoliticosveracruz.com\\\/wp-content\\\/uploads\\\/2025\\\/12\\\/Logo-Nuevo-LOS-POLITICOS-1.jpg\",\"contentUrl\":\"https:\\\/\\\/lospoliticosveracruz.com\\\/wp-content\\\/uploads\\\/2025\\\/12\\\/Logo-Nuevo-LOS-POLITICOS-1.jpg\",\"width\":260,\"height\":70,\"caption\":\"Los pol\u00edticos Veracruz\"},\"image\":{\"@id\":\"https:\\\/\\\/lospoliticosveracruz.com\\\/#\\\/schema\\\/logo\\\/image\\\/\"},\"sameAs\":[\"https:\\\/\\\/www.facebook.com\\\/people\\\/Notimemes-de-los-Polticos\\\/61565672886568\\\/\",\"https:\\\/\\\/x.com\\\/LosPoliticosVer\"]},{\"@type\":\"Person\",\"@id\":\"https:\\\/\\\/lospoliticosveracruz.com\\\/#\\\/schema\\\/person\\\/b8702bb0e538456e6efd07080bf2a4a2\",\"name\":\"Lo viste en Los Pol\u00edticos\",\"image\":{\"@type\":\"ImageObject\",\"inLanguage\":\"es\",\"@id\":\"https:\\\/\\\/secure.gravatar.com\\\/avatar\\\/3a8de04a2656d44082be478bd6c086daa447c4651605818287b9532d3d0bd435?s=96&d=mm&r=g\",\"url\":\"https:\\\/\\\/secure.gravatar.com\\\/avatar\\\/3a8de04a2656d44082be478bd6c086daa447c4651605818287b9532d3d0bd435?s=96&d=mm&r=g\",\"contentUrl\":\"https:\\\/\\\/secure.gravatar.com\\\/avatar\\\/3a8de04a2656d44082be478bd6c086daa447c4651605818287b9532d3d0bd435?s=96&d=mm&r=g\",\"caption\":\"Lo viste en Los Pol\u00edticos\"},\"url\":\"https:\\\/\\\/lospoliticosveracruz.com\\\/?author=2\"}]}<\/script>\n<!-- \/ Yoast SEO plugin. -->","yoast_head_json":{"title":"VERG\u00dcENZA XALAPE\u00d1A - Los pol\u00edticos Veracruz","robots":{"index":"index","follow":"follow","max-snippet":"max-snippet:-1","max-image-preview":"max-image-preview:large","max-video-preview":"max-video-preview:-1"},"canonical":"https:\/\/lospoliticosveracruz.com\/?p=114028","og_locale":"es_ES","og_type":"article","og_title":"VERG\u00dcENZA XALAPE\u00d1A - Los pol\u00edticos Veracruz","og_description":"Uriel Flores Aguayo Sin desgarrarme las vestiduras, sin dramatismo, con realismo expreso mi verg\u00fcenza por varios asuntos que ocurren en Xalapa, mi origen y entra\u00f1able ciudad. Somos un lugar hospitalario, verde, con mucha historia, culto y con relativo capital social positivo. Eso es lo bueno y lo que hace una ciudad c\u00e1lida y de calidad. [&hellip;]","og_url":"https:\/\/lospoliticosveracruz.com\/?p=114028","og_site_name":"Los pol\u00edticos Veracruz","article_publisher":"https:\/\/www.facebook.com\/people\/Notimemes-de-los-Polticos\/61565672886568\/","article_published_time":"2023-11-09T13:29:18+00:00","article_modified_time":"2023-11-09T13:29:25+00:00","og_image":[{"width":200,"height":200,"url":"https:\/\/lospoliticosveracruz.com\/wp-content\/uploads\/2016\/07\/Logo-Dor.jpg","type":"image\/jpeg"}],"author":"Lo viste en Los Pol\u00edticos","twitter_card":"summary_large_image","twitter_creator":"@LosPoliticosVer","twitter_site":"@LosPoliticosVer","twitter_misc":{"Escrito por":"Lo viste en Los Pol\u00edticos","Tiempo de lectura":"2 minutos"},"schema":{"@context":"https:\/\/schema.org","@graph":[{"@type":"Article","@id":"https:\/\/lospoliticosveracruz.com\/?p=114028#article","isPartOf":{"@id":"https:\/\/lospoliticosveracruz.com\/?p=114028"},"author":{"name":"Lo viste en Los Pol\u00edticos","@id":"https:\/\/lospoliticosveracruz.com\/#\/schema\/person\/b8702bb0e538456e6efd07080bf2a4a2"},"headline":"VERG\u00dcENZA XALAPE\u00d1A","datePublished":"2023-11-09T13:29:18+00:00","dateModified":"2023-11-09T13:29:25+00:00","mainEntityOfPage":{"@id":"https:\/\/lospoliticosveracruz.com\/?p=114028"},"wordCount":429,"publisher":{"@id":"https:\/\/lospoliticosveracruz.com\/#organization"},"keywords":["gr\u00faas","propaganda","Xalapa"],"articleSection":["De Opini\u00f3n"],"inLanguage":"es"},{"@type":"WebPage","@id":"https:\/\/lospoliticosveracruz.com\/?p=114028","url":"https:\/\/lospoliticosveracruz.com\/?p=114028","name":"VERG\u00dcENZA XALAPE\u00d1A - Los pol\u00edticos Veracruz","isPartOf":{"@id":"https:\/\/lospoliticosveracruz.com\/#website"},"datePublished":"2023-11-09T13:29:18+00:00","dateModified":"2023-11-09T13:29:25+00:00","breadcrumb":{"@id":"https:\/\/lospoliticosveracruz.com\/?p=114028#breadcrumb"},"inLanguage":"es","potentialAction":[{"@type":"ReadAction","target":["https:\/\/lospoliticosveracruz.com\/?p=114028"]}]},{"@type":"BreadcrumbList","@id":"https:\/\/lospoliticosveracruz.com\/?p=114028#breadcrumb","itemListElement":[{"@type":"ListItem","position":1,"name":"Portada","item":"https:\/\/lospoliticosveracruz.com\/"},{"@type":"ListItem","position":2,"name":"VERG\u00dcENZA XALAPE\u00d1A"}]},{"@type":"WebSite","@id":"https:\/\/lospoliticosveracruz.com\/#website","url":"https:\/\/lospoliticosveracruz.com\/","name":"Los pol\u00edticos Veracruz","description":"","publisher":{"@id":"https:\/\/lospoliticosveracruz.com\/#organization"},"potentialAction":[{"@type":"SearchAction","target":{"@type":"EntryPoint","urlTemplate":"https:\/\/lospoliticosveracruz.com\/?s={search_term_string}"},"query-input":{"@type":"PropertyValueSpecification","valueRequired":true,"valueName":"search_term_string"}}],"inLanguage":"es"},{"@type":"Organization","@id":"https:\/\/lospoliticosveracruz.com\/#organization","name":"Los pol\u00edticos Veracruz","url":"https:\/\/lospoliticosveracruz.com\/","logo":{"@type":"ImageObject","inLanguage":"es","@id":"https:\/\/lospoliticosveracruz.com\/#\/schema\/logo\/image\/","url":"https:\/\/lospoliticosveracruz.com\/wp-content\/uploads\/2025\/12\/Logo-Nuevo-LOS-POLITICOS-1.jpg","contentUrl":"https:\/\/lospoliticosveracruz.com\/wp-content\/uploads\/2025\/12\/Logo-Nuevo-LOS-POLITICOS-1.jpg","width":260,"height":70,"caption":"Los pol\u00edticos Veracruz"},"image":{"@id":"https:\/\/lospoliticosveracruz.com\/#\/schema\/logo\/image\/"},"sameAs":["https:\/\/www.facebook.com\/people\/Notimemes-de-los-Polticos\/61565672886568\/","https:\/\/x.com\/LosPoliticosVer"]},{"@type":"Person","@id":"https:\/\/lospoliticosveracruz.com\/#\/schema\/person\/b8702bb0e538456e6efd07080bf2a4a2","name":"Lo viste en Los Pol\u00edticos","image":{"@type":"ImageObject","inLanguage":"es","@id":"https:\/\/secure.gravatar.com\/avatar\/3a8de04a2656d44082be478bd6c086daa447c4651605818287b9532d3d0bd435?s=96&d=mm&r=g","url":"https:\/\/secure.gravatar.com\/avatar\/3a8de04a2656d44082be478bd6c086daa447c4651605818287b9532d3d0bd435?s=96&d=mm&r=g","contentUrl":"https:\/\/secure.gravatar.com\/avatar\/3a8de04a2656d44082be478bd6c086daa447c4651605818287b9532d3d0bd435?s=96&d=mm&r=g","caption":"Lo viste en Los Pol\u00edticos"},"url":"https:\/\/lospoliticosveracruz.com\/?author=2"}]}},"_links":{"self":[{"href":"https:\/\/lospoliticosveracruz.com\/index.php?rest_route=\/wp\/v2\/posts\/114028","targetHints":{"allow":["GET"]}}],"collection":[{"href":"https:\/\/lospoliticosveracruz.com\/index.php?rest_route=\/wp\/v2\/posts"}],"about":[{"href":"https:\/\/lospoliticosveracruz.com\/index.php?rest_route=\/wp\/v2\/types\/post"}],"author":[{"embeddable":true,"href":"https:\/\/lospoliticosveracruz.com\/index.php?rest_route=\/wp\/v2\/users\/2"}],"replies":[{"embeddable":true,"href":"https:\/\/lospoliticosveracruz.com\/index.php?rest_route=%2Fwp%2Fv2%2Fcomments&post=114028"}],"version-history":[{"count":1,"href":"https:\/\/lospoliticosveracruz.com\/index.php?rest_route=\/wp\/v2\/posts\/114028\/revisions"}],"predecessor-version":[{"id":114029,"href":"https:\/\/lospoliticosveracruz.com\/index.php?rest_route=\/wp\/v2\/posts\/114028\/revisions\/114029"}],"wp:attachment":[{"href":"https:\/\/lospoliticosveracruz.com\/index.php?rest_route=%2Fwp%2Fv2%2Fmedia&parent=114028"}],"wp:term":[{"taxonomy":"category","embeddable":true,"href":"https:\/\/lospoliticosveracruz.com\/index.php?rest_route=%2Fwp%2Fv2%2Fcategories&post=114028"},{"taxonomy":"post_tag","embeddable":true,"href":"https:\/\/lospoliticosveracruz.com\/index.php?rest_route=%2Fwp%2Fv2%2Ftags&post=114028"}],"curies":[{"name":"wp","href":"https:\/\/api.w.org\/{rel}","templated":true}]}}