{"id":114076,"date":"2023-11-10T05:21:32","date_gmt":"2023-11-10T11:21:32","guid":{"rendered":"https:\/\/lospoliticosveracruz.com.mx\/?p=114076"},"modified":"2023-11-10T05:21:42","modified_gmt":"2023-11-10T11:21:42","slug":"no-son-su-fuerte","status":"publish","type":"post","link":"https:\/\/lospoliticosveracruz.com\/?p=114076","title":{"rendered":"NO SON SU FUERTE"},"content":{"rendered":"\n<p><br><strong>Bernardo Guti\u00e9rrez Parra<\/strong><\/p>\n\n\n\n<p><em>Desde el Caf\u00e9<\/em><br>A pesar de que sin duda lo hace de buena fe y a pesar del enorme poder que tiene, el vaticinio, es decir, la acci\u00f3n de anunciar un hecho futuro a partir de ciertos indicios o por simple intuici\u00f3n (diccionario de la RAE), no son su fuerte y nom\u00e1s no se le dan al se\u00f1or presidente.<\/p>\n\n\n\n<p>Antes de que comenzara la construcci\u00f3n del Tren Maya y los ambientalistas alertaran sobre el da\u00f1o ecol\u00f3gico que causar\u00eda, Andr\u00e9s Manuel L\u00f3pez Obrador vaticin\u00f3 en una entrevista como presidente electo, que no habr\u00eda da\u00f1o ecol\u00f3gico alguno: \u201cNo se talar\u00e1 ni un solo \u00e1rbol durante la construcci\u00f3n del Tren Maya\u201d.<\/p>\n\n\n\n<p>El 16 de diciembre del 2018 y ya como presidente constitucional volvi\u00f3 a repetir el numerito: \u201cCon la construcci\u00f3n del Tren Maya no se va a talar ni un s\u00f3lo \u00e1rbol sino al contrario, ser\u00e1n sembradas un mill\u00f3n de hect\u00e1reas de \u00e1rboles frutales y maderables para as\u00ed cuidar el medio ambiente\u201d.<\/p>\n\n\n\n<p>\u00bfY\u2026?<\/p>\n\n\n\n<p>En efecto no se tal\u00f3 un solo \u00e1rbol, en serio lector. Se calcula que m\u00e1s de medio mill\u00f3n fueron arrancados de ra\u00edz por potentes retroexcavadoras para convertirlos en vil le\u00f1a. Y en el caso de los cenotes, decenas fueron sepultados para siempre bajo toneladas de cemento.<\/p>\n\n\n\n<p>El 3 de marzo del 2019 dio el banderazo a los trabajos de la Refiner\u00eda de Dos Bocas construida sobre un terreno pantanoso y por ende susceptible a las inundaciones. Ah\u00ed tampoco se cort\u00f3 ning\u00fan \u00e1rbol, simplemente se diezmaron decenas de hect\u00e1reas de manglares de una reserva ecol\u00f3gica protegida, pero cuya protecci\u00f3n le vali\u00f3 gorro al presidente.<\/p>\n\n\n\n<p>Y nuevamente aprovech\u00f3 el foro para vaticinar: \u201cVamos a construir la refiner\u00eda en tres a\u00f1os, va a costar 150 mil millones de pesos y comenzar\u00e1 a refinar el 1 de julio del 2022 \u00a1me canso ganso!\u201d<\/p>\n\n\n\n<p>Y nada.<\/p>\n\n\n\n<p>Ese d\u00eda L\u00f3pez Obrador cort\u00f3 el list\u00f3n de un complejo que est\u00e1 bien lejos de refinar y que si Dios quiere, comenzar\u00e1 a refinar 170 mil barriles de petr\u00f3leo diarios bien entrado el 2027. Repito, si Dios quiere.<\/p>\n\n\n\n<p>Los 150 mil millones de pesos para su construcci\u00f3n fueron pulverizados y en la actualidad se llevan gastados 17 mil 431 millones de d\u00f3lares; m\u00e1s del doble de lo presupuestado. Y Dos Bocas est\u00e1 inconclusa, con lo que este vaticinio tambi\u00e9n vali\u00f3 puro sorbete.<\/p>\n\n\n\n<p>El 16 de enero del 2020, cuando el reci\u00e9n instalado INSABI estaba hecho camotes y haciendo agua porque nom\u00e1s no pod\u00eda con los 52 millones de derechohabientes que le hered\u00f3 el Seguro Popular, L\u00f3pez Obrador vaticin\u00f3: \u201cEl primero de diciembre de este a\u00f1o va a estar funcionando el sistema de Salud P\u00fablica con normalidad, con servicios de calidad, atenci\u00f3n m\u00e9dica y medicamentos gratuitos. Ese es el prop\u00f3sito, como los servicios de Salud que hay en Dinamarca, a eso aspiramos, es un desaf\u00edo\u2026\u201d.<\/p>\n\n\n\n<p>Lleg\u00f3 la fecha se\u00f1alada y nada, por lo que tuvo que vaticinar nuevamente el 27 de diciembre. \u201cEl sistema de Salud va a ser como el de Dinamarca\u2026 el a\u00f1o pr\u00f3ximo\u201d.<\/p>\n\n\n\n<p>Pero el vaticinio volvi\u00f3 a fallar, como fall\u00f3 en 2021 y 2022.<\/p>\n\n\n\n<p>Esto no mengu\u00f3 su obstinaci\u00f3n y en junio de este 2023 volvi\u00f3 a vaticinar: \u201cEstamos comprometidos a que antes de que finalice este a\u00f1o va a estar funcionando este nuevo sistema que incluye buenos centros de Salud, buenos hospitales, equipados; abasto de medicamentos, m\u00e9dicos, especialistas y gratuidad. Es \u00fanico lo que estamos haciendo. Nosotros hemos sostenido que ser\u00e1 un sistema de Salud como el de Dinamarca y nuestros adversarios replicaron de inmediato que eso no es posible y tienen raz\u00f3n; no va a ser como el de Dinamarca; ser\u00e1 mejor que el de Dinamarca\u201d.<\/p>\n\n\n\n<p>Solo que Dinamarca se ve cada vez m\u00e1s lejos, sobre todo cuando a este a\u00f1o le quedan 51 d\u00edas y los hospitales siguen descarapelados, desabastecidos y con p\u00e9sima atenci\u00f3n.<\/p>\n\n\n\n<p>Pero sin duda su vaticinio m\u00e1s temerario lo hizo hace unos d\u00edas tras el paso del hurac\u00e1n Otis por Acapulco que qued\u00f3 devastado.<\/p>\n\n\n\n<p>Acapulco es todo un caso porque a pesar de que fue destruido en un 80 por ciento, de que la zona hotelera qued\u00f3 en ruinas, de que sus habitantes de a pie lo perdieron todo y carecen de lo m\u00e1s indispensable, no recibir\u00e1 ni un quinto de presupuesto para el 2024. L\u00f3pez Obrador alega que autoriz\u00f3 en un principio 15 mil millones de pesos para su reconstrucci\u00f3n, pero nadie ha visto tama\u00f1a cantidad.<\/p>\n\n\n\n<p>El abandono gubernamental tiene iracundos a los acapulque\u00f1os, sin embargo, Andr\u00e9s Manuel continu\u00f3 con sus vaticinios: \u201cVamos a poner en pie a Acapulco pronto, muy pronto, no va a llevar mucho tiempo. Tengo el sue\u00f1o, el ideal, que vamos a convertir en realidad entre todos, como se est\u00e1 haciendo de que ya en la Navidad las familias van a estar muy contentas en Acapulco, van a estar como lo merecen, muy felices, ese es el compromiso, no va a haber amarga Navidad\u201d.<\/p>\n\n\n\n<p>Y nom\u00e1s hay que ver la de ep\u00edtetos altisonantes que le lanzaron los acapulque\u00f1os.<\/p>\n\n\n\n<p>Aunque este vaticinio es poco menos que imposible, ojal\u00e1 se le cumpla al se\u00f1or presidente porque con tanto desatino como ha tenido en este rengl\u00f3n, puede que los votos que logr\u00f3 en 2018 comiencen a migrar hacia otro lado y le hagan mucha falta a sus candidatos en el 2024.<\/p>\n\n\n\n<p>Y esto no es un vaticinio, es la pura neta.<\/p>\n\n\n\n<p>Tuxpan tambi\u00e9n es cultura, tradiciones y arte<\/p>\n\n\n\n<p>Por lustros y por generaciones, Tuxpan se ha caracterizado por la calidez, alegr\u00eda y la hospitalidad de sus habitantes que reciben con la mano extendida y una sonrisa en los labios a los visitantes.<\/p>\n\n\n\n<p>\u201cTu tierra lo tiene todo. Tiene mar, r\u00edo, paisajes, atardeceres de ensue\u00f1o, manglares, comida exquisita, gente hospitalaria y amable, mujeres hermosas y una riqueza hist\u00f3rica, cultural y art\u00edstica envidiables\u201d me dijo hace muchos a\u00f1os el periodista Alberto Domingo y no le falt\u00f3 raz\u00f3n.<\/p>\n\n\n\n<p>Pero por lo que tu gustes y mandes lector, la riqueza cultural y art\u00edstica y las tradiciones de mi puerto hab\u00edan sido relegadas, hasta que la actual administraci\u00f3n municipal encabezada por el alcalde Jos\u00e9 Manuel Pozos Castro les dio un nuevo impulso.<\/p>\n\n\n\n<p>Este a\u00f1o a que le faltas 51 d\u00edas para terminar se presentaron en Tuxpan obras de teatro, exposiciones artesanales y eventos art\u00edsticos y culturales. Pero adem\u00e1s se le dio un especial impulso nuestras tradiciones como la festividad de Todos Santos que por el toque de colorido y sabor que le ponen las tuxpe\u00f1as y tuxpe\u00f1os, es \u00fanica en el Puerto de los Bellos Atardeceres.<\/p>\n\n\n\n<p>Aparte del impulso que se le est\u00e1 dando al turismo, el alcalde Pozos Castro y su comuna, han descubierto en el rico acervo cultural y art\u00edstico que tiene Tuxpan un fil\u00f3n para atraer a m\u00e1s visitantes.<\/p>\n\n\n\n<p>Bien.<\/p>\n\n\n\n<p>bernardogup@hotmail.com<\/p>\n","protected":false},"excerpt":{"rendered":"<p>Bernardo Guti\u00e9rrez Parra Desde el Caf\u00e9A pesar de que sin duda lo hace de buena fe y a pesar del enorme poder que tiene, el vaticinio, es decir, la acci\u00f3n de anunciar un hecho futuro a partir de ciertos indicios o por simple intuici\u00f3n (diccionario de la RAE), no son su fuerte y nom\u00e1s no [&hellip;]<\/p>\n","protected":false},"author":2,"featured_media":0,"comment_status":"closed","ping_status":"closed","sticky":false,"template":"","format":"standard","meta":{"tdm_status":"","tdm_grid_status":"","footnotes":""},"categories":[70],"tags":[618,14643,1026,195],"class_list":{"0":"post-114076","1":"post","2":"type-post","3":"status-publish","4":"format-standard","6":"category-de-opinion","7":"tag-andres-manuel-lopez-obrador","8":"tag-dos-bocas","9":"tag-morena","10":"tag-veracruz"},"yoast_head":"<!-- This site is optimized with the Yoast SEO plugin v27.4 - https:\/\/yoast.com\/product\/yoast-seo-wordpress\/ -->\n<title>NO SON SU FUERTE - Los pol\u00edticos Veracruz<\/title>\n<meta name=\"robots\" content=\"index, follow, max-snippet:-1, max-image-preview:large, max-video-preview:-1\" \/>\n<link rel=\"canonical\" href=\"https:\/\/lospoliticosveracruz.com\/?p=114076\" \/>\n<meta property=\"og:locale\" content=\"es_ES\" \/>\n<meta property=\"og:type\" content=\"article\" \/>\n<meta property=\"og:title\" content=\"NO SON SU FUERTE - Los pol\u00edticos Veracruz\" \/>\n<meta property=\"og:description\" content=\"Bernardo Guti\u00e9rrez Parra Desde el Caf\u00e9A pesar de que sin duda lo hace de buena fe y a pesar del enorme poder que tiene, el vaticinio, es decir, la acci\u00f3n de anunciar un hecho futuro a partir de ciertos indicios o por simple intuici\u00f3n (diccionario de la RAE), no son su fuerte y nom\u00e1s no [&hellip;]\" \/>\n<meta property=\"og:url\" content=\"https:\/\/lospoliticosveracruz.com\/?p=114076\" \/>\n<meta property=\"og:site_name\" content=\"Los pol\u00edticos Veracruz\" \/>\n<meta property=\"article:publisher\" content=\"https:\/\/www.facebook.com\/people\/Notimemes-de-los-Polticos\/61565672886568\/\" \/>\n<meta property=\"article:published_time\" content=\"2023-11-10T11:21:32+00:00\" \/>\n<meta property=\"article:modified_time\" content=\"2023-11-10T11:21:42+00:00\" \/>\n<meta property=\"og:image\" content=\"https:\/\/lospoliticosveracruz.com\/wp-content\/uploads\/2016\/07\/Logo-Dor.jpg\" \/>\n\t<meta property=\"og:image:width\" content=\"200\" \/>\n\t<meta property=\"og:image:height\" content=\"200\" \/>\n\t<meta property=\"og:image:type\" content=\"image\/jpeg\" \/>\n<meta name=\"author\" content=\"Lo viste en Los Pol\u00edticos\" \/>\n<meta name=\"twitter:card\" content=\"summary_large_image\" \/>\n<meta name=\"twitter:creator\" content=\"@LosPoliticosVer\" \/>\n<meta name=\"twitter:site\" content=\"@LosPoliticosVer\" \/>\n<meta name=\"twitter:label1\" content=\"Escrito por\" \/>\n\t<meta name=\"twitter:data1\" content=\"Lo viste en Los Pol\u00edticos\" \/>\n\t<meta name=\"twitter:label2\" content=\"Tiempo de lectura\" \/>\n\t<meta name=\"twitter:data2\" content=\"6 minutos\" \/>\n<script type=\"application\/ld+json\" class=\"yoast-schema-graph\">{\"@context\":\"https:\\\/\\\/schema.org\",\"@graph\":[{\"@type\":\"Article\",\"@id\":\"https:\\\/\\\/lospoliticosveracruz.com\\\/?p=114076#article\",\"isPartOf\":{\"@id\":\"https:\\\/\\\/lospoliticosveracruz.com\\\/?p=114076\"},\"author\":{\"name\":\"Lo viste en Los Pol\u00edticos\",\"@id\":\"https:\\\/\\\/lospoliticosveracruz.com\\\/#\\\/schema\\\/person\\\/b8702bb0e538456e6efd07080bf2a4a2\"},\"headline\":\"NO SON SU FUERTE\",\"datePublished\":\"2023-11-10T11:21:32+00:00\",\"dateModified\":\"2023-11-10T11:21:42+00:00\",\"mainEntityOfPage\":{\"@id\":\"https:\\\/\\\/lospoliticosveracruz.com\\\/?p=114076\"},\"wordCount\":1190,\"publisher\":{\"@id\":\"https:\\\/\\\/lospoliticosveracruz.com\\\/#organization\"},\"keywords\":[\"Andr\u00e9s Manuel L\u00f3pez Obrador\",\"Dos Bocas\",\"Morena\",\"Veracruz\"],\"articleSection\":[\"De Opini\u00f3n\"],\"inLanguage\":\"es\"},{\"@type\":\"WebPage\",\"@id\":\"https:\\\/\\\/lospoliticosveracruz.com\\\/?p=114076\",\"url\":\"https:\\\/\\\/lospoliticosveracruz.com\\\/?p=114076\",\"name\":\"NO SON SU FUERTE - Los pol\u00edticos Veracruz\",\"isPartOf\":{\"@id\":\"https:\\\/\\\/lospoliticosveracruz.com\\\/#website\"},\"datePublished\":\"2023-11-10T11:21:32+00:00\",\"dateModified\":\"2023-11-10T11:21:42+00:00\",\"breadcrumb\":{\"@id\":\"https:\\\/\\\/lospoliticosveracruz.com\\\/?p=114076#breadcrumb\"},\"inLanguage\":\"es\",\"potentialAction\":[{\"@type\":\"ReadAction\",\"target\":[\"https:\\\/\\\/lospoliticosveracruz.com\\\/?p=114076\"]}]},{\"@type\":\"BreadcrumbList\",\"@id\":\"https:\\\/\\\/lospoliticosveracruz.com\\\/?p=114076#breadcrumb\",\"itemListElement\":[{\"@type\":\"ListItem\",\"position\":1,\"name\":\"Portada\",\"item\":\"https:\\\/\\\/lospoliticosveracruz.com\\\/\"},{\"@type\":\"ListItem\",\"position\":2,\"name\":\"NO SON SU FUERTE\"}]},{\"@type\":\"WebSite\",\"@id\":\"https:\\\/\\\/lospoliticosveracruz.com\\\/#website\",\"url\":\"https:\\\/\\\/lospoliticosveracruz.com\\\/\",\"name\":\"Los pol\u00edticos Veracruz\",\"description\":\"\",\"publisher\":{\"@id\":\"https:\\\/\\\/lospoliticosveracruz.com\\\/#organization\"},\"potentialAction\":[{\"@type\":\"SearchAction\",\"target\":{\"@type\":\"EntryPoint\",\"urlTemplate\":\"https:\\\/\\\/lospoliticosveracruz.com\\\/?s={search_term_string}\"},\"query-input\":{\"@type\":\"PropertyValueSpecification\",\"valueRequired\":true,\"valueName\":\"search_term_string\"}}],\"inLanguage\":\"es\"},{\"@type\":\"Organization\",\"@id\":\"https:\\\/\\\/lospoliticosveracruz.com\\\/#organization\",\"name\":\"Los pol\u00edticos Veracruz\",\"url\":\"https:\\\/\\\/lospoliticosveracruz.com\\\/\",\"logo\":{\"@type\":\"ImageObject\",\"inLanguage\":\"es\",\"@id\":\"https:\\\/\\\/lospoliticosveracruz.com\\\/#\\\/schema\\\/logo\\\/image\\\/\",\"url\":\"https:\\\/\\\/lospoliticosveracruz.com\\\/wp-content\\\/uploads\\\/2025\\\/12\\\/Logo-Nuevo-LOS-POLITICOS-1.jpg\",\"contentUrl\":\"https:\\\/\\\/lospoliticosveracruz.com\\\/wp-content\\\/uploads\\\/2025\\\/12\\\/Logo-Nuevo-LOS-POLITICOS-1.jpg\",\"width\":260,\"height\":70,\"caption\":\"Los pol\u00edticos Veracruz\"},\"image\":{\"@id\":\"https:\\\/\\\/lospoliticosveracruz.com\\\/#\\\/schema\\\/logo\\\/image\\\/\"},\"sameAs\":[\"https:\\\/\\\/www.facebook.com\\\/people\\\/Notimemes-de-los-Polticos\\\/61565672886568\\\/\",\"https:\\\/\\\/x.com\\\/LosPoliticosVer\"]},{\"@type\":\"Person\",\"@id\":\"https:\\\/\\\/lospoliticosveracruz.com\\\/#\\\/schema\\\/person\\\/b8702bb0e538456e6efd07080bf2a4a2\",\"name\":\"Lo viste en Los Pol\u00edticos\",\"image\":{\"@type\":\"ImageObject\",\"inLanguage\":\"es\",\"@id\":\"https:\\\/\\\/secure.gravatar.com\\\/avatar\\\/3a8de04a2656d44082be478bd6c086daa447c4651605818287b9532d3d0bd435?s=96&d=mm&r=g\",\"url\":\"https:\\\/\\\/secure.gravatar.com\\\/avatar\\\/3a8de04a2656d44082be478bd6c086daa447c4651605818287b9532d3d0bd435?s=96&d=mm&r=g\",\"contentUrl\":\"https:\\\/\\\/secure.gravatar.com\\\/avatar\\\/3a8de04a2656d44082be478bd6c086daa447c4651605818287b9532d3d0bd435?s=96&d=mm&r=g\",\"caption\":\"Lo viste en Los Pol\u00edticos\"},\"url\":\"https:\\\/\\\/lospoliticosveracruz.com\\\/?author=2\"}]}<\/script>\n<!-- \/ Yoast SEO plugin. -->","yoast_head_json":{"title":"NO SON SU FUERTE - Los pol\u00edticos Veracruz","robots":{"index":"index","follow":"follow","max-snippet":"max-snippet:-1","max-image-preview":"max-image-preview:large","max-video-preview":"max-video-preview:-1"},"canonical":"https:\/\/lospoliticosveracruz.com\/?p=114076","og_locale":"es_ES","og_type":"article","og_title":"NO SON SU FUERTE - Los pol\u00edticos Veracruz","og_description":"Bernardo Guti\u00e9rrez Parra Desde el Caf\u00e9A pesar de que sin duda lo hace de buena fe y a pesar del enorme poder que tiene, el vaticinio, es decir, la acci\u00f3n de anunciar un hecho futuro a partir de ciertos indicios o por simple intuici\u00f3n (diccionario de la RAE), no son su fuerte y nom\u00e1s no [&hellip;]","og_url":"https:\/\/lospoliticosveracruz.com\/?p=114076","og_site_name":"Los pol\u00edticos Veracruz","article_publisher":"https:\/\/www.facebook.com\/people\/Notimemes-de-los-Polticos\/61565672886568\/","article_published_time":"2023-11-10T11:21:32+00:00","article_modified_time":"2023-11-10T11:21:42+00:00","og_image":[{"width":200,"height":200,"url":"https:\/\/lospoliticosveracruz.com\/wp-content\/uploads\/2016\/07\/Logo-Dor.jpg","type":"image\/jpeg"}],"author":"Lo viste en Los Pol\u00edticos","twitter_card":"summary_large_image","twitter_creator":"@LosPoliticosVer","twitter_site":"@LosPoliticosVer","twitter_misc":{"Escrito por":"Lo viste en Los Pol\u00edticos","Tiempo de lectura":"6 minutos"},"schema":{"@context":"https:\/\/schema.org","@graph":[{"@type":"Article","@id":"https:\/\/lospoliticosveracruz.com\/?p=114076#article","isPartOf":{"@id":"https:\/\/lospoliticosveracruz.com\/?p=114076"},"author":{"name":"Lo viste en Los Pol\u00edticos","@id":"https:\/\/lospoliticosveracruz.com\/#\/schema\/person\/b8702bb0e538456e6efd07080bf2a4a2"},"headline":"NO SON SU FUERTE","datePublished":"2023-11-10T11:21:32+00:00","dateModified":"2023-11-10T11:21:42+00:00","mainEntityOfPage":{"@id":"https:\/\/lospoliticosveracruz.com\/?p=114076"},"wordCount":1190,"publisher":{"@id":"https:\/\/lospoliticosveracruz.com\/#organization"},"keywords":["Andr\u00e9s Manuel L\u00f3pez Obrador","Dos Bocas","Morena","Veracruz"],"articleSection":["De Opini\u00f3n"],"inLanguage":"es"},{"@type":"WebPage","@id":"https:\/\/lospoliticosveracruz.com\/?p=114076","url":"https:\/\/lospoliticosveracruz.com\/?p=114076","name":"NO SON SU FUERTE - Los pol\u00edticos Veracruz","isPartOf":{"@id":"https:\/\/lospoliticosveracruz.com\/#website"},"datePublished":"2023-11-10T11:21:32+00:00","dateModified":"2023-11-10T11:21:42+00:00","breadcrumb":{"@id":"https:\/\/lospoliticosveracruz.com\/?p=114076#breadcrumb"},"inLanguage":"es","potentialAction":[{"@type":"ReadAction","target":["https:\/\/lospoliticosveracruz.com\/?p=114076"]}]},{"@type":"BreadcrumbList","@id":"https:\/\/lospoliticosveracruz.com\/?p=114076#breadcrumb","itemListElement":[{"@type":"ListItem","position":1,"name":"Portada","item":"https:\/\/lospoliticosveracruz.com\/"},{"@type":"ListItem","position":2,"name":"NO SON SU FUERTE"}]},{"@type":"WebSite","@id":"https:\/\/lospoliticosveracruz.com\/#website","url":"https:\/\/lospoliticosveracruz.com\/","name":"Los pol\u00edticos Veracruz","description":"","publisher":{"@id":"https:\/\/lospoliticosveracruz.com\/#organization"},"potentialAction":[{"@type":"SearchAction","target":{"@type":"EntryPoint","urlTemplate":"https:\/\/lospoliticosveracruz.com\/?s={search_term_string}"},"query-input":{"@type":"PropertyValueSpecification","valueRequired":true,"valueName":"search_term_string"}}],"inLanguage":"es"},{"@type":"Organization","@id":"https:\/\/lospoliticosveracruz.com\/#organization","name":"Los pol\u00edticos Veracruz","url":"https:\/\/lospoliticosveracruz.com\/","logo":{"@type":"ImageObject","inLanguage":"es","@id":"https:\/\/lospoliticosveracruz.com\/#\/schema\/logo\/image\/","url":"https:\/\/lospoliticosveracruz.com\/wp-content\/uploads\/2025\/12\/Logo-Nuevo-LOS-POLITICOS-1.jpg","contentUrl":"https:\/\/lospoliticosveracruz.com\/wp-content\/uploads\/2025\/12\/Logo-Nuevo-LOS-POLITICOS-1.jpg","width":260,"height":70,"caption":"Los pol\u00edticos Veracruz"},"image":{"@id":"https:\/\/lospoliticosveracruz.com\/#\/schema\/logo\/image\/"},"sameAs":["https:\/\/www.facebook.com\/people\/Notimemes-de-los-Polticos\/61565672886568\/","https:\/\/x.com\/LosPoliticosVer"]},{"@type":"Person","@id":"https:\/\/lospoliticosveracruz.com\/#\/schema\/person\/b8702bb0e538456e6efd07080bf2a4a2","name":"Lo viste en Los Pol\u00edticos","image":{"@type":"ImageObject","inLanguage":"es","@id":"https:\/\/secure.gravatar.com\/avatar\/3a8de04a2656d44082be478bd6c086daa447c4651605818287b9532d3d0bd435?s=96&d=mm&r=g","url":"https:\/\/secure.gravatar.com\/avatar\/3a8de04a2656d44082be478bd6c086daa447c4651605818287b9532d3d0bd435?s=96&d=mm&r=g","contentUrl":"https:\/\/secure.gravatar.com\/avatar\/3a8de04a2656d44082be478bd6c086daa447c4651605818287b9532d3d0bd435?s=96&d=mm&r=g","caption":"Lo viste en Los Pol\u00edticos"},"url":"https:\/\/lospoliticosveracruz.com\/?author=2"}]}},"_links":{"self":[{"href":"https:\/\/lospoliticosveracruz.com\/index.php?rest_route=\/wp\/v2\/posts\/114076","targetHints":{"allow":["GET"]}}],"collection":[{"href":"https:\/\/lospoliticosveracruz.com\/index.php?rest_route=\/wp\/v2\/posts"}],"about":[{"href":"https:\/\/lospoliticosveracruz.com\/index.php?rest_route=\/wp\/v2\/types\/post"}],"author":[{"embeddable":true,"href":"https:\/\/lospoliticosveracruz.com\/index.php?rest_route=\/wp\/v2\/users\/2"}],"replies":[{"embeddable":true,"href":"https:\/\/lospoliticosveracruz.com\/index.php?rest_route=%2Fwp%2Fv2%2Fcomments&post=114076"}],"version-history":[{"count":1,"href":"https:\/\/lospoliticosveracruz.com\/index.php?rest_route=\/wp\/v2\/posts\/114076\/revisions"}],"predecessor-version":[{"id":114077,"href":"https:\/\/lospoliticosveracruz.com\/index.php?rest_route=\/wp\/v2\/posts\/114076\/revisions\/114077"}],"wp:attachment":[{"href":"https:\/\/lospoliticosveracruz.com\/index.php?rest_route=%2Fwp%2Fv2%2Fmedia&parent=114076"}],"wp:term":[{"taxonomy":"category","embeddable":true,"href":"https:\/\/lospoliticosveracruz.com\/index.php?rest_route=%2Fwp%2Fv2%2Fcategories&post=114076"},{"taxonomy":"post_tag","embeddable":true,"href":"https:\/\/lospoliticosveracruz.com\/index.php?rest_route=%2Fwp%2Fv2%2Ftags&post=114076"}],"curies":[{"name":"wp","href":"https:\/\/api.w.org\/{rel}","templated":true}]}}