{"id":114090,"date":"2023-11-10T08:40:02","date_gmt":"2023-11-10T14:40:02","guid":{"rendered":"https:\/\/lospoliticosveracruz.com.mx\/?p=114090"},"modified":"2023-11-10T08:40:07","modified_gmt":"2023-11-10T14:40:07","slug":"palabras-presidenciales-otra-vez","status":"publish","type":"post","link":"https:\/\/lospoliticosveracruz.com\/?p=114090","title":{"rendered":"PALABRAS PRESIDENCIALES (OTRA VEZ)"},"content":{"rendered":"\n<p><strong>Sergio Gonz\u00e1lez Levet<\/strong><\/p>\n\n\n\n<p><em>Sin tacto<\/em><\/p>\n\n\n\n<p>En el \u201cSin tacto\u201d del 14 de abril de este a\u00f1o publiqu\u00e9 lo siguiente:<\/p>\n\n\n\n<p>&nbsp;&nbsp; &nbsp;&nbsp;Dice casi textual el Evangelio de San Mateo (cap\u00edtulo 7, vers\u00edculos 15 al 20):<\/p>\n\n\n\n<p>\u00abCuidado con los falsos profetas, que vienen a ustedes con vestidos de ovejas, pero por dentro son lobos rapaces. Por sus PALABRAS los conocer\u00e9is. \u00bfAcaso se recogen uvas de los espinos, o higos de los abrojos? As\u00ed, todo \u00e1rbol bueno da frutos buenos, pero el \u00e1rbol malo da frutos malos. No puede el \u00e1rbol bueno dar frutos malos, ni el \u00e1rbol malo dar frutos buenos. Todo \u00e1rbol que no da buen fruto, es cortado y echado en el fuego. As\u00ed que por sus PALABRAS los conocer\u00e9is.\u00bb<\/p>\n\n\n<div class=\"wp-block-image\">\n<figure class=\"alignleft size-full is-resized\"><a href=\"https:\/\/lospoliticosveracruz.com.mx\/wp-content\/uploads\/2023\/02\/Vinissimo.jpg\"><img loading=\"lazy\" decoding=\"async\" src=\"https:\/\/lospoliticosveracruz.com.mx\/wp-content\/uploads\/2023\/02\/Vinissimo.jpg\" alt=\"\" class=\"wp-image-102752\" width=\"175\" height=\"178\"\/><\/a><\/figure>\n<\/div>\n\n\n<p>&nbsp;&nbsp; &nbsp;&nbsp;Debo reconocer que he cambiado adrede la palabra original \u201cfrutos\u201d por \u201cPALABRAS\u201d y que incluso puse \u00e9sta en may\u00fasculas para hacer m\u00e1s notoria la modificaci\u00f3n.<\/p>\n\n\n\n<p>&nbsp;&nbsp; &nbsp;&nbsp;Y lo hago as\u00ed porque tengo la certeza de que podemos conocer a una persona m\u00e1s profundamente en sus ideas y en sus intenciones si revisamos los t\u00e9rminos que m\u00e1s usa en su lengua coloquial o cotidiana.<\/p>\n\n\n\n<p>&nbsp;&nbsp; &nbsp;&nbsp;Con ese fin, me puse a buscar las palabras m\u00e1s presentes en el discurso de Andr\u00e9s Manuel L\u00f3pez Obrador y descubr\u00ed las siguientes, que para m\u00ed son bastante reveladoras del estilo personal de hablar del Presidente (\u00bfy de insultar, dir\u00eda?).<\/p>\n\n\n\n<p>&nbsp;&nbsp; &nbsp;&nbsp;Cuando se refiere a sus oponentes, les llama:<\/p>\n\n\n\n<p>&nbsp;&nbsp; &nbsp;&nbsp;Adversarios, autoritarios, burgueses, conservadores, farsantes, fascistas, fif\u00eds, hip\u00f3critas, intelectuales org\u00e1nicos, la mafia del poder, oligarcas, mercenarios, minor\u00edas rapaces, neoliberales, neoporfiristas, oligarcas, peleles, provincianos fif\u00eds, t\u00edteres.<\/p>\n\n\n\n<p>&nbsp;&nbsp; &nbsp;&nbsp;Termino la auto-cita. Bien, pues hoy debo reconocer que el l\u00e9xico insultativo del se\u00f1or Presidente se ha visto acrecentado con nuevos t\u00e9rminos, sobre todo a partir de las cr\u00edticas universales que se le han enderezado por su err\u00e1tica actuaci\u00f3n frente a la tragedia de Acapulco.<\/p>\n\n\n\n<p>&nbsp;&nbsp; &nbsp;&nbsp;Consigno por lo pronto las palabras: viles, \u201cconservas\u201d (como una suerte de hipocor\u00edstico de \u201cconservadores\u201d), politiqueros, politiquer\u00edas, malolandia, ternuritas, ca\u00f1\u00f3n (en el sentido de \u201cfuerte\u201d, \u201cpeligroso\u201d).<\/p>\n\n\n\n<p>&nbsp;&nbsp; &nbsp;&nbsp;Por cierto, todos esos t\u00e9rminos nuevos son decantados en autom\u00e1tico hacia su propia boca por la corcholata consentida Claudia Sheinbaum, quien repite y repite y repite lo que diga AMLO.<\/p>\n\n\n\n<p>&nbsp;&nbsp; &nbsp;&nbsp;Lo que muchos mexicanos desear\u00edan es que L\u00f3pez Obrador integrara a su lenguaje y a su esp\u00edritu palabras como: empat\u00eda, solidaridad, caridad, esfuerzo, ayuda, apoyo, presupuesto, sobre todo para el caso de los 800 mil damnificados de Acapulco que lo perdieron todo y no han recibido ni un apret\u00f3n de manos presidencial.<\/p>\n\n\n\n<p>sglevet@gmail.com<\/p>\n\n\n\n<p><a href=\"https:\/\/lospoliticosveracruz.com.mx\/?p=114084\"><\/a><br><\/p>\n","protected":false},"excerpt":{"rendered":"<p>Sergio Gonz\u00e1lez Levet Sin tacto En el \u201cSin tacto\u201d del 14 de abril de este a\u00f1o publiqu\u00e9 lo siguiente: &nbsp;&nbsp; &nbsp;&nbsp;Dice casi textual el Evangelio de San Mateo (cap\u00edtulo 7, vers\u00edculos 15 al 20): \u00abCuidado con los falsos profetas, que vienen a ustedes con vestidos de ovejas, pero por dentro son lobos rapaces. Por sus [&hellip;]<\/p>\n","protected":false},"author":2,"featured_media":0,"comment_status":"closed","ping_status":"closed","sticky":false,"template":"","format":"standard","meta":{"tdm_status":"","tdm_grid_status":"","footnotes":""},"categories":[70],"tags":[618],"class_list":{"0":"post-114090","1":"post","2":"type-post","3":"status-publish","4":"format-standard","6":"category-de-opinion","7":"tag-andres-manuel-lopez-obrador"},"yoast_head":"<!-- This site is optimized with the Yoast SEO plugin v27.4 - https:\/\/yoast.com\/product\/yoast-seo-wordpress\/ -->\n<title>PALABRAS PRESIDENCIALES (OTRA VEZ) - Los pol\u00edticos Veracruz<\/title>\n<meta name=\"robots\" content=\"index, follow, max-snippet:-1, max-image-preview:large, max-video-preview:-1\" \/>\n<link rel=\"canonical\" href=\"https:\/\/lospoliticosveracruz.com\/?p=114090\" \/>\n<meta property=\"og:locale\" content=\"es_ES\" \/>\n<meta property=\"og:type\" content=\"article\" \/>\n<meta property=\"og:title\" content=\"PALABRAS PRESIDENCIALES (OTRA VEZ) - Los pol\u00edticos Veracruz\" \/>\n<meta property=\"og:description\" content=\"Sergio Gonz\u00e1lez Levet Sin tacto En el \u201cSin tacto\u201d del 14 de abril de este a\u00f1o publiqu\u00e9 lo siguiente: &nbsp;&nbsp; &nbsp;&nbsp;Dice casi textual el Evangelio de San Mateo (cap\u00edtulo 7, vers\u00edculos 15 al 20): \u00abCuidado con los falsos profetas, que vienen a ustedes con vestidos de ovejas, pero por dentro son lobos rapaces. Por sus [&hellip;]\" \/>\n<meta property=\"og:url\" content=\"https:\/\/lospoliticosveracruz.com\/?p=114090\" \/>\n<meta property=\"og:site_name\" content=\"Los pol\u00edticos Veracruz\" \/>\n<meta property=\"article:publisher\" content=\"https:\/\/www.facebook.com\/people\/Notimemes-de-los-Polticos\/61565672886568\/\" \/>\n<meta property=\"article:published_time\" content=\"2023-11-10T14:40:02+00:00\" \/>\n<meta property=\"article:modified_time\" content=\"2023-11-10T14:40:07+00:00\" \/>\n<meta property=\"og:image\" content=\"https:\/\/lospoliticosveracruz.com.mx\/wp-content\/uploads\/2023\/02\/Vinissimo.jpg\" \/>\n<meta name=\"author\" content=\"Lo viste en Los Pol\u00edticos\" \/>\n<meta name=\"twitter:card\" content=\"summary_large_image\" \/>\n<meta name=\"twitter:creator\" content=\"@LosPoliticosVer\" \/>\n<meta name=\"twitter:site\" content=\"@LosPoliticosVer\" \/>\n<meta name=\"twitter:label1\" content=\"Escrito por\" \/>\n\t<meta name=\"twitter:data1\" content=\"Lo viste en Los Pol\u00edticos\" \/>\n\t<meta name=\"twitter:label2\" content=\"Tiempo de lectura\" \/>\n\t<meta name=\"twitter:data2\" content=\"2 minutos\" \/>\n<script type=\"application\/ld+json\" class=\"yoast-schema-graph\">{\"@context\":\"https:\\\/\\\/schema.org\",\"@graph\":[{\"@type\":\"Article\",\"@id\":\"https:\\\/\\\/lospoliticosveracruz.com\\\/?p=114090#article\",\"isPartOf\":{\"@id\":\"https:\\\/\\\/lospoliticosveracruz.com\\\/?p=114090\"},\"author\":{\"name\":\"Lo viste en Los Pol\u00edticos\",\"@id\":\"https:\\\/\\\/lospoliticosveracruz.com\\\/#\\\/schema\\\/person\\\/b8702bb0e538456e6efd07080bf2a4a2\"},\"headline\":\"PALABRAS PRESIDENCIALES (OTRA VEZ)\",\"datePublished\":\"2023-11-10T14:40:02+00:00\",\"dateModified\":\"2023-11-10T14:40:07+00:00\",\"mainEntityOfPage\":{\"@id\":\"https:\\\/\\\/lospoliticosveracruz.com\\\/?p=114090\"},\"wordCount\":487,\"publisher\":{\"@id\":\"https:\\\/\\\/lospoliticosveracruz.com\\\/#organization\"},\"image\":{\"@id\":\"https:\\\/\\\/lospoliticosveracruz.com\\\/?p=114090#primaryimage\"},\"thumbnailUrl\":\"https:\\\/\\\/lospoliticosveracruz.com.mx\\\/wp-content\\\/uploads\\\/2023\\\/02\\\/Vinissimo.jpg\",\"keywords\":[\"Andr\u00e9s Manuel L\u00f3pez Obrador\"],\"articleSection\":[\"De Opini\u00f3n\"],\"inLanguage\":\"es\"},{\"@type\":\"WebPage\",\"@id\":\"https:\\\/\\\/lospoliticosveracruz.com\\\/?p=114090\",\"url\":\"https:\\\/\\\/lospoliticosveracruz.com\\\/?p=114090\",\"name\":\"PALABRAS PRESIDENCIALES (OTRA VEZ) - Los pol\u00edticos Veracruz\",\"isPartOf\":{\"@id\":\"https:\\\/\\\/lospoliticosveracruz.com\\\/#website\"},\"primaryImageOfPage\":{\"@id\":\"https:\\\/\\\/lospoliticosveracruz.com\\\/?p=114090#primaryimage\"},\"image\":{\"@id\":\"https:\\\/\\\/lospoliticosveracruz.com\\\/?p=114090#primaryimage\"},\"thumbnailUrl\":\"https:\\\/\\\/lospoliticosveracruz.com.mx\\\/wp-content\\\/uploads\\\/2023\\\/02\\\/Vinissimo.jpg\",\"datePublished\":\"2023-11-10T14:40:02+00:00\",\"dateModified\":\"2023-11-10T14:40:07+00:00\",\"breadcrumb\":{\"@id\":\"https:\\\/\\\/lospoliticosveracruz.com\\\/?p=114090#breadcrumb\"},\"inLanguage\":\"es\",\"potentialAction\":[{\"@type\":\"ReadAction\",\"target\":[\"https:\\\/\\\/lospoliticosveracruz.com\\\/?p=114090\"]}]},{\"@type\":\"ImageObject\",\"inLanguage\":\"es\",\"@id\":\"https:\\\/\\\/lospoliticosveracruz.com\\\/?p=114090#primaryimage\",\"url\":\"https:\\\/\\\/lospoliticosveracruz.com.mx\\\/wp-content\\\/uploads\\\/2023\\\/02\\\/Vinissimo.jpg\",\"contentUrl\":\"https:\\\/\\\/lospoliticosveracruz.com.mx\\\/wp-content\\\/uploads\\\/2023\\\/02\\\/Vinissimo.jpg\"},{\"@type\":\"BreadcrumbList\",\"@id\":\"https:\\\/\\\/lospoliticosveracruz.com\\\/?p=114090#breadcrumb\",\"itemListElement\":[{\"@type\":\"ListItem\",\"position\":1,\"name\":\"Portada\",\"item\":\"https:\\\/\\\/lospoliticosveracruz.com\\\/\"},{\"@type\":\"ListItem\",\"position\":2,\"name\":\"PALABRAS PRESIDENCIALES (OTRA VEZ)\"}]},{\"@type\":\"WebSite\",\"@id\":\"https:\\\/\\\/lospoliticosveracruz.com\\\/#website\",\"url\":\"https:\\\/\\\/lospoliticosveracruz.com\\\/\",\"name\":\"Los pol\u00edticos Veracruz\",\"description\":\"\",\"publisher\":{\"@id\":\"https:\\\/\\\/lospoliticosveracruz.com\\\/#organization\"},\"potentialAction\":[{\"@type\":\"SearchAction\",\"target\":{\"@type\":\"EntryPoint\",\"urlTemplate\":\"https:\\\/\\\/lospoliticosveracruz.com\\\/?s={search_term_string}\"},\"query-input\":{\"@type\":\"PropertyValueSpecification\",\"valueRequired\":true,\"valueName\":\"search_term_string\"}}],\"inLanguage\":\"es\"},{\"@type\":\"Organization\",\"@id\":\"https:\\\/\\\/lospoliticosveracruz.com\\\/#organization\",\"name\":\"Los pol\u00edticos Veracruz\",\"url\":\"https:\\\/\\\/lospoliticosveracruz.com\\\/\",\"logo\":{\"@type\":\"ImageObject\",\"inLanguage\":\"es\",\"@id\":\"https:\\\/\\\/lospoliticosveracruz.com\\\/#\\\/schema\\\/logo\\\/image\\\/\",\"url\":\"https:\\\/\\\/lospoliticosveracruz.com\\\/wp-content\\\/uploads\\\/2025\\\/12\\\/Logo-Nuevo-LOS-POLITICOS-1.jpg\",\"contentUrl\":\"https:\\\/\\\/lospoliticosveracruz.com\\\/wp-content\\\/uploads\\\/2025\\\/12\\\/Logo-Nuevo-LOS-POLITICOS-1.jpg\",\"width\":260,\"height\":70,\"caption\":\"Los pol\u00edticos Veracruz\"},\"image\":{\"@id\":\"https:\\\/\\\/lospoliticosveracruz.com\\\/#\\\/schema\\\/logo\\\/image\\\/\"},\"sameAs\":[\"https:\\\/\\\/www.facebook.com\\\/people\\\/Notimemes-de-los-Polticos\\\/61565672886568\\\/\",\"https:\\\/\\\/x.com\\\/LosPoliticosVer\"]},{\"@type\":\"Person\",\"@id\":\"https:\\\/\\\/lospoliticosveracruz.com\\\/#\\\/schema\\\/person\\\/b8702bb0e538456e6efd07080bf2a4a2\",\"name\":\"Lo viste en Los Pol\u00edticos\",\"image\":{\"@type\":\"ImageObject\",\"inLanguage\":\"es\",\"@id\":\"https:\\\/\\\/secure.gravatar.com\\\/avatar\\\/3a8de04a2656d44082be478bd6c086daa447c4651605818287b9532d3d0bd435?s=96&d=mm&r=g\",\"url\":\"https:\\\/\\\/secure.gravatar.com\\\/avatar\\\/3a8de04a2656d44082be478bd6c086daa447c4651605818287b9532d3d0bd435?s=96&d=mm&r=g\",\"contentUrl\":\"https:\\\/\\\/secure.gravatar.com\\\/avatar\\\/3a8de04a2656d44082be478bd6c086daa447c4651605818287b9532d3d0bd435?s=96&d=mm&r=g\",\"caption\":\"Lo viste en Los Pol\u00edticos\"},\"url\":\"https:\\\/\\\/lospoliticosveracruz.com\\\/?author=2\"}]}<\/script>\n<!-- \/ Yoast SEO plugin. -->","yoast_head_json":{"title":"PALABRAS PRESIDENCIALES (OTRA VEZ) - Los pol\u00edticos Veracruz","robots":{"index":"index","follow":"follow","max-snippet":"max-snippet:-1","max-image-preview":"max-image-preview:large","max-video-preview":"max-video-preview:-1"},"canonical":"https:\/\/lospoliticosveracruz.com\/?p=114090","og_locale":"es_ES","og_type":"article","og_title":"PALABRAS PRESIDENCIALES (OTRA VEZ) - Los pol\u00edticos Veracruz","og_description":"Sergio Gonz\u00e1lez Levet Sin tacto En el \u201cSin tacto\u201d del 14 de abril de este a\u00f1o publiqu\u00e9 lo siguiente: &nbsp;&nbsp; &nbsp;&nbsp;Dice casi textual el Evangelio de San Mateo (cap\u00edtulo 7, vers\u00edculos 15 al 20): \u00abCuidado con los falsos profetas, que vienen a ustedes con vestidos de ovejas, pero por dentro son lobos rapaces. Por sus [&hellip;]","og_url":"https:\/\/lospoliticosveracruz.com\/?p=114090","og_site_name":"Los pol\u00edticos Veracruz","article_publisher":"https:\/\/www.facebook.com\/people\/Notimemes-de-los-Polticos\/61565672886568\/","article_published_time":"2023-11-10T14:40:02+00:00","article_modified_time":"2023-11-10T14:40:07+00:00","og_image":[{"url":"https:\/\/lospoliticosveracruz.com.mx\/wp-content\/uploads\/2023\/02\/Vinissimo.jpg","type":"","width":"","height":""}],"author":"Lo viste en Los Pol\u00edticos","twitter_card":"summary_large_image","twitter_creator":"@LosPoliticosVer","twitter_site":"@LosPoliticosVer","twitter_misc":{"Escrito por":"Lo viste en Los Pol\u00edticos","Tiempo de lectura":"2 minutos"},"schema":{"@context":"https:\/\/schema.org","@graph":[{"@type":"Article","@id":"https:\/\/lospoliticosveracruz.com\/?p=114090#article","isPartOf":{"@id":"https:\/\/lospoliticosveracruz.com\/?p=114090"},"author":{"name":"Lo viste en Los Pol\u00edticos","@id":"https:\/\/lospoliticosveracruz.com\/#\/schema\/person\/b8702bb0e538456e6efd07080bf2a4a2"},"headline":"PALABRAS PRESIDENCIALES (OTRA VEZ)","datePublished":"2023-11-10T14:40:02+00:00","dateModified":"2023-11-10T14:40:07+00:00","mainEntityOfPage":{"@id":"https:\/\/lospoliticosveracruz.com\/?p=114090"},"wordCount":487,"publisher":{"@id":"https:\/\/lospoliticosveracruz.com\/#organization"},"image":{"@id":"https:\/\/lospoliticosveracruz.com\/?p=114090#primaryimage"},"thumbnailUrl":"https:\/\/lospoliticosveracruz.com.mx\/wp-content\/uploads\/2023\/02\/Vinissimo.jpg","keywords":["Andr\u00e9s Manuel L\u00f3pez Obrador"],"articleSection":["De Opini\u00f3n"],"inLanguage":"es"},{"@type":"WebPage","@id":"https:\/\/lospoliticosveracruz.com\/?p=114090","url":"https:\/\/lospoliticosveracruz.com\/?p=114090","name":"PALABRAS PRESIDENCIALES (OTRA VEZ) - Los pol\u00edticos Veracruz","isPartOf":{"@id":"https:\/\/lospoliticosveracruz.com\/#website"},"primaryImageOfPage":{"@id":"https:\/\/lospoliticosveracruz.com\/?p=114090#primaryimage"},"image":{"@id":"https:\/\/lospoliticosveracruz.com\/?p=114090#primaryimage"},"thumbnailUrl":"https:\/\/lospoliticosveracruz.com.mx\/wp-content\/uploads\/2023\/02\/Vinissimo.jpg","datePublished":"2023-11-10T14:40:02+00:00","dateModified":"2023-11-10T14:40:07+00:00","breadcrumb":{"@id":"https:\/\/lospoliticosveracruz.com\/?p=114090#breadcrumb"},"inLanguage":"es","potentialAction":[{"@type":"ReadAction","target":["https:\/\/lospoliticosveracruz.com\/?p=114090"]}]},{"@type":"ImageObject","inLanguage":"es","@id":"https:\/\/lospoliticosveracruz.com\/?p=114090#primaryimage","url":"https:\/\/lospoliticosveracruz.com.mx\/wp-content\/uploads\/2023\/02\/Vinissimo.jpg","contentUrl":"https:\/\/lospoliticosveracruz.com.mx\/wp-content\/uploads\/2023\/02\/Vinissimo.jpg"},{"@type":"BreadcrumbList","@id":"https:\/\/lospoliticosveracruz.com\/?p=114090#breadcrumb","itemListElement":[{"@type":"ListItem","position":1,"name":"Portada","item":"https:\/\/lospoliticosveracruz.com\/"},{"@type":"ListItem","position":2,"name":"PALABRAS PRESIDENCIALES (OTRA VEZ)"}]},{"@type":"WebSite","@id":"https:\/\/lospoliticosveracruz.com\/#website","url":"https:\/\/lospoliticosveracruz.com\/","name":"Los pol\u00edticos Veracruz","description":"","publisher":{"@id":"https:\/\/lospoliticosveracruz.com\/#organization"},"potentialAction":[{"@type":"SearchAction","target":{"@type":"EntryPoint","urlTemplate":"https:\/\/lospoliticosveracruz.com\/?s={search_term_string}"},"query-input":{"@type":"PropertyValueSpecification","valueRequired":true,"valueName":"search_term_string"}}],"inLanguage":"es"},{"@type":"Organization","@id":"https:\/\/lospoliticosveracruz.com\/#organization","name":"Los pol\u00edticos Veracruz","url":"https:\/\/lospoliticosveracruz.com\/","logo":{"@type":"ImageObject","inLanguage":"es","@id":"https:\/\/lospoliticosveracruz.com\/#\/schema\/logo\/image\/","url":"https:\/\/lospoliticosveracruz.com\/wp-content\/uploads\/2025\/12\/Logo-Nuevo-LOS-POLITICOS-1.jpg","contentUrl":"https:\/\/lospoliticosveracruz.com\/wp-content\/uploads\/2025\/12\/Logo-Nuevo-LOS-POLITICOS-1.jpg","width":260,"height":70,"caption":"Los pol\u00edticos Veracruz"},"image":{"@id":"https:\/\/lospoliticosveracruz.com\/#\/schema\/logo\/image\/"},"sameAs":["https:\/\/www.facebook.com\/people\/Notimemes-de-los-Polticos\/61565672886568\/","https:\/\/x.com\/LosPoliticosVer"]},{"@type":"Person","@id":"https:\/\/lospoliticosveracruz.com\/#\/schema\/person\/b8702bb0e538456e6efd07080bf2a4a2","name":"Lo viste en Los Pol\u00edticos","image":{"@type":"ImageObject","inLanguage":"es","@id":"https:\/\/secure.gravatar.com\/avatar\/3a8de04a2656d44082be478bd6c086daa447c4651605818287b9532d3d0bd435?s=96&d=mm&r=g","url":"https:\/\/secure.gravatar.com\/avatar\/3a8de04a2656d44082be478bd6c086daa447c4651605818287b9532d3d0bd435?s=96&d=mm&r=g","contentUrl":"https:\/\/secure.gravatar.com\/avatar\/3a8de04a2656d44082be478bd6c086daa447c4651605818287b9532d3d0bd435?s=96&d=mm&r=g","caption":"Lo viste en Los Pol\u00edticos"},"url":"https:\/\/lospoliticosveracruz.com\/?author=2"}]}},"_links":{"self":[{"href":"https:\/\/lospoliticosveracruz.com\/index.php?rest_route=\/wp\/v2\/posts\/114090","targetHints":{"allow":["GET"]}}],"collection":[{"href":"https:\/\/lospoliticosveracruz.com\/index.php?rest_route=\/wp\/v2\/posts"}],"about":[{"href":"https:\/\/lospoliticosveracruz.com\/index.php?rest_route=\/wp\/v2\/types\/post"}],"author":[{"embeddable":true,"href":"https:\/\/lospoliticosveracruz.com\/index.php?rest_route=\/wp\/v2\/users\/2"}],"replies":[{"embeddable":true,"href":"https:\/\/lospoliticosveracruz.com\/index.php?rest_route=%2Fwp%2Fv2%2Fcomments&post=114090"}],"version-history":[{"count":1,"href":"https:\/\/lospoliticosveracruz.com\/index.php?rest_route=\/wp\/v2\/posts\/114090\/revisions"}],"predecessor-version":[{"id":114091,"href":"https:\/\/lospoliticosveracruz.com\/index.php?rest_route=\/wp\/v2\/posts\/114090\/revisions\/114091"}],"wp:attachment":[{"href":"https:\/\/lospoliticosveracruz.com\/index.php?rest_route=%2Fwp%2Fv2%2Fmedia&parent=114090"}],"wp:term":[{"taxonomy":"category","embeddable":true,"href":"https:\/\/lospoliticosveracruz.com\/index.php?rest_route=%2Fwp%2Fv2%2Fcategories&post=114090"},{"taxonomy":"post_tag","embeddable":true,"href":"https:\/\/lospoliticosveracruz.com\/index.php?rest_route=%2Fwp%2Fv2%2Ftags&post=114090"}],"curies":[{"name":"wp","href":"https:\/\/api.w.org\/{rel}","templated":true}]}}