{"id":114095,"date":"2023-11-10T09:59:32","date_gmt":"2023-11-10T15:59:32","guid":{"rendered":"https:\/\/lospoliticosveracruz.com.mx\/?p=114095"},"modified":"2023-11-10T09:59:39","modified_gmt":"2023-11-10T15:59:39","slug":"la-moneda-en-el-aire","status":"publish","type":"post","link":"https:\/\/lospoliticosveracruz.com\/?p=114095","title":{"rendered":"LA MONEDA, EN EL AIRE"},"content":{"rendered":"\n<p><\/p>\n\n\n\n<p><strong>Marcos Miranda Cogco<br><\/strong><em>Se los dije<\/em><\/p>\n\n\n\n<p>Ahora resulta y resalta que en esta resoluci\u00f3n del Tribunal Electoral de que vayan 5 mujeres y 4 hombres, no necesariamente tienen que competir mujer contra mujer.<\/p>\n\n\n\n<p>Es decir seg\u00fan cada partido, mientras cumplan con. Su \u00abCuota de G\u00e9nero\u00bb por aquello de la paridad no hay pedo.<\/p>\n\n\n<div class=\"wp-block-image\">\n<figure class=\"alignleft size-medium\"><a href=\"https:\/\/lospoliticosveracruz.com.mx\/wp-content\/uploads\/2021\/10\/Zacauilt.jpg\"><img decoding=\"async\" src=\"https:\/\/lospoliticosveracruz.com.mx\/wp-content\/uploads\/2021\/10\/Zacauilt-150x300.jpg\" alt=\"\" class=\"wp-image-80558\"\/><\/a><\/figure>\n<\/div>\n\n\n<p>Por ejemplo en el caso de Veracruz, Morena por dedazo de L\u00f3pez Obrador va a lanzar a Roc\u00edo Nahle o sea una mujer, ah\u00ed est\u00e1 cumpliendo lo establecido por el Tribunal Electoral.<\/p>\n\n\n\n<p>En tanto el FAxM, insiste en poner un hombre en Veracruz, para que se enfrente a Roc\u00edo Nahle, e insisten que sea el PRI quien designe a Jos\u00e9 Yunes Zorilla.<\/p>\n\n\n\n<p>Porque mientras el PRI vuela con sus candidatos mujeres 5, no estar\u00edan violentando el principio de paridad.<\/p>\n\n\n\n<p>Hasta anoche la moneda estaba en el aire, no hay nada para nadie. O va Patricia Lobeira Rodr\u00edguez o va Jos\u00e9 Yunes Zorrilla.<\/p>\n\n\n\n<p>Las fuerzas pol\u00edticas est\u00e1n en el estira y afloje. \u00abNo que dame cinco tu tres. No que yo esto, que dame la senadur\u00eda yo te doy 3 presidencias municipales quikiris, no que yo quiere las presidencias m\u00e1s o menos y as\u00ed.<\/p>\n\n\n\n<p>Nadie se quiere quedar sin su pastel, y es l\u00f3gico, los acuerdos esos son. Y se debe respetar.<\/p>\n\n\n\n<p>Lo importante es sacar a Morena de Veracruz ya despu\u00e9s vean como se ponen de acuerdo. Por lo pronto si no se unen, perder\u00e1n este momento.<\/p>\n\n\n\n<p>La candidata de AMLO tiene todo el dinero del mundo pero no tiene estructura, que eso es importante en una elecci\u00f3n ya sea en Veracruz o en cualquier otro lado.<\/p>\n\n\n\n<p>Y la poca que tiene Morena en Veracruz esta divida entre el narco candidato Eric Patrocinio Cisneros Burgos y Manuel Huerta Ladr\u00f3n de Guevara (Ladr\u00f3n de adeveras) Erick se siente traicionado y es el apestado, aunque saben que si se sale del huacal le sacan toda su relaci\u00f3n con los diversos grupos de la delincuencia que hoy operan en la entidad bajo protecci\u00f3n de este, ahora narco candidato.<\/p>\n\n\n\n<p>Hay una gran division al interior de Morena donde no se ha tomado en cuenta a otros liderazgos regionales y locales. En pocas palabras Morena en Veracruz esta dividido, sin posibilidades de ganar por la buena, ni con todo el dinero del mundo les alcanza porque les hace falta estructura que ellos no tienen.<\/p>\n\n\n\n<p>De ah\u00ed la presi\u00f3n sobre JDO que desde la c\u00e1rcel lo presionan para que les ayude a ganar, \u00bfque le habr\u00e1n prometido si ya mero sale por buena conducta?<\/p>\n\n\n\n<p>As\u00ed que el G\u00e9nero no es garant\u00eda de triunfo en Veracruz sea pal que sea. Es el trabajo pol\u00edtico, la esencia como persona, el carisma y resultados del quehacer pol\u00edtico.<\/p>\n\n\n\n<p>En Veracruz la moneda a\u00fan est\u00e1 en el aire. \u00bfQuien ser\u00e1 el candidato del FAxM hombre o mujer y en su caso quien?<\/p>\n\n\n\n<p>Despu\u00e9s no digan que no se los dije<\/p>\n","protected":false},"excerpt":{"rendered":"<p>Marcos Miranda CogcoSe los dije Ahora resulta y resalta que en esta resoluci\u00f3n del Tribunal Electoral de que vayan 5 mujeres y 4 hombres, no necesariamente tienen que competir mujer contra mujer. Es decir seg\u00fan cada partido, mientras cumplan con. Su \u00abCuota de G\u00e9nero\u00bb por aquello de la paridad no hay pedo. Por ejemplo en [&hellip;]<\/p>\n","protected":false},"author":2,"featured_media":0,"comment_status":"closed","ping_status":"closed","sticky":false,"template":"","format":"standard","meta":{"tdm_status":"","tdm_grid_status":"","footnotes":""},"categories":[70],"tags":[2681,28226,246,12731],"class_list":{"0":"post-114095","1":"post","2":"type-post","3":"status-publish","4":"format-standard","6":"category-de-opinion","7":"tag-marcos-miranda-cogco","8":"tag-paty-lobeira-de-yunes","9":"tag-pepe-yunes-zorrilla","10":"tag-tribunal-electoral"},"yoast_head":"<!-- This site is optimized with the Yoast SEO plugin v27.4 - https:\/\/yoast.com\/product\/yoast-seo-wordpress\/ -->\n<title>LA MONEDA, EN EL AIRE - Los pol\u00edticos Veracruz<\/title>\n<meta name=\"robots\" content=\"index, follow, max-snippet:-1, max-image-preview:large, max-video-preview:-1\" \/>\n<link rel=\"canonical\" href=\"https:\/\/lospoliticosveracruz.com\/?p=114095\" \/>\n<meta property=\"og:locale\" content=\"es_ES\" \/>\n<meta property=\"og:type\" content=\"article\" \/>\n<meta property=\"og:title\" content=\"LA MONEDA, EN EL AIRE - Los pol\u00edticos Veracruz\" \/>\n<meta property=\"og:description\" content=\"Marcos Miranda CogcoSe los dije Ahora resulta y resalta que en esta resoluci\u00f3n del Tribunal Electoral de que vayan 5 mujeres y 4 hombres, no necesariamente tienen que competir mujer contra mujer. Es decir seg\u00fan cada partido, mientras cumplan con. Su \u00abCuota de G\u00e9nero\u00bb por aquello de la paridad no hay pedo. Por ejemplo en [&hellip;]\" \/>\n<meta property=\"og:url\" content=\"https:\/\/lospoliticosveracruz.com\/?p=114095\" \/>\n<meta property=\"og:site_name\" content=\"Los pol\u00edticos Veracruz\" \/>\n<meta property=\"article:publisher\" content=\"https:\/\/www.facebook.com\/people\/Notimemes-de-los-Polticos\/61565672886568\/\" \/>\n<meta property=\"article:published_time\" content=\"2023-11-10T15:59:32+00:00\" \/>\n<meta property=\"article:modified_time\" content=\"2023-11-10T15:59:39+00:00\" \/>\n<meta property=\"og:image\" content=\"https:\/\/lospoliticosveracruz.com.mx\/wp-content\/uploads\/2021\/10\/Zacauilt-150x300.jpg\" \/>\n<meta name=\"author\" content=\"Lo viste en Los Pol\u00edticos\" \/>\n<meta name=\"twitter:card\" content=\"summary_large_image\" \/>\n<meta name=\"twitter:creator\" content=\"@LosPoliticosVer\" \/>\n<meta name=\"twitter:site\" content=\"@LosPoliticosVer\" \/>\n<meta name=\"twitter:label1\" content=\"Escrito por\" \/>\n\t<meta name=\"twitter:data1\" content=\"Lo viste en Los Pol\u00edticos\" \/>\n\t<meta name=\"twitter:label2\" content=\"Tiempo de lectura\" \/>\n\t<meta name=\"twitter:data2\" content=\"3 minutos\" \/>\n<script type=\"application\/ld+json\" class=\"yoast-schema-graph\">{\"@context\":\"https:\\\/\\\/schema.org\",\"@graph\":[{\"@type\":\"Article\",\"@id\":\"https:\\\/\\\/lospoliticosveracruz.com\\\/?p=114095#article\",\"isPartOf\":{\"@id\":\"https:\\\/\\\/lospoliticosveracruz.com\\\/?p=114095\"},\"author\":{\"name\":\"Lo viste en Los Pol\u00edticos\",\"@id\":\"https:\\\/\\\/lospoliticosveracruz.com\\\/#\\\/schema\\\/person\\\/b8702bb0e538456e6efd07080bf2a4a2\"},\"headline\":\"LA MONEDA, EN EL AIRE\",\"datePublished\":\"2023-11-10T15:59:32+00:00\",\"dateModified\":\"2023-11-10T15:59:39+00:00\",\"mainEntityOfPage\":{\"@id\":\"https:\\\/\\\/lospoliticosveracruz.com\\\/?p=114095\"},\"wordCount\":512,\"publisher\":{\"@id\":\"https:\\\/\\\/lospoliticosveracruz.com\\\/#organization\"},\"image\":{\"@id\":\"https:\\\/\\\/lospoliticosveracruz.com\\\/?p=114095#primaryimage\"},\"thumbnailUrl\":\"https:\\\/\\\/lospoliticosveracruz.com.mx\\\/wp-content\\\/uploads\\\/2021\\\/10\\\/Zacauilt-150x300.jpg\",\"keywords\":[\"Marcos Miranda Cogco\",\"Paty Lobeira de Yunes\",\"Pepe Yunes Zorrilla\",\"Tribunal Electoral\"],\"articleSection\":[\"De Opini\u00f3n\"],\"inLanguage\":\"es\"},{\"@type\":\"WebPage\",\"@id\":\"https:\\\/\\\/lospoliticosveracruz.com\\\/?p=114095\",\"url\":\"https:\\\/\\\/lospoliticosveracruz.com\\\/?p=114095\",\"name\":\"LA MONEDA, EN EL AIRE - Los pol\u00edticos Veracruz\",\"isPartOf\":{\"@id\":\"https:\\\/\\\/lospoliticosveracruz.com\\\/#website\"},\"primaryImageOfPage\":{\"@id\":\"https:\\\/\\\/lospoliticosveracruz.com\\\/?p=114095#primaryimage\"},\"image\":{\"@id\":\"https:\\\/\\\/lospoliticosveracruz.com\\\/?p=114095#primaryimage\"},\"thumbnailUrl\":\"https:\\\/\\\/lospoliticosveracruz.com.mx\\\/wp-content\\\/uploads\\\/2021\\\/10\\\/Zacauilt-150x300.jpg\",\"datePublished\":\"2023-11-10T15:59:32+00:00\",\"dateModified\":\"2023-11-10T15:59:39+00:00\",\"breadcrumb\":{\"@id\":\"https:\\\/\\\/lospoliticosveracruz.com\\\/?p=114095#breadcrumb\"},\"inLanguage\":\"es\",\"potentialAction\":[{\"@type\":\"ReadAction\",\"target\":[\"https:\\\/\\\/lospoliticosveracruz.com\\\/?p=114095\"]}]},{\"@type\":\"ImageObject\",\"inLanguage\":\"es\",\"@id\":\"https:\\\/\\\/lospoliticosveracruz.com\\\/?p=114095#primaryimage\",\"url\":\"https:\\\/\\\/lospoliticosveracruz.com.mx\\\/wp-content\\\/uploads\\\/2021\\\/10\\\/Zacauilt-150x300.jpg\",\"contentUrl\":\"https:\\\/\\\/lospoliticosveracruz.com.mx\\\/wp-content\\\/uploads\\\/2021\\\/10\\\/Zacauilt-150x300.jpg\"},{\"@type\":\"BreadcrumbList\",\"@id\":\"https:\\\/\\\/lospoliticosveracruz.com\\\/?p=114095#breadcrumb\",\"itemListElement\":[{\"@type\":\"ListItem\",\"position\":1,\"name\":\"Portada\",\"item\":\"https:\\\/\\\/lospoliticosveracruz.com\\\/\"},{\"@type\":\"ListItem\",\"position\":2,\"name\":\"LA MONEDA, EN EL AIRE\"}]},{\"@type\":\"WebSite\",\"@id\":\"https:\\\/\\\/lospoliticosveracruz.com\\\/#website\",\"url\":\"https:\\\/\\\/lospoliticosveracruz.com\\\/\",\"name\":\"Los pol\u00edticos Veracruz\",\"description\":\"\",\"publisher\":{\"@id\":\"https:\\\/\\\/lospoliticosveracruz.com\\\/#organization\"},\"potentialAction\":[{\"@type\":\"SearchAction\",\"target\":{\"@type\":\"EntryPoint\",\"urlTemplate\":\"https:\\\/\\\/lospoliticosveracruz.com\\\/?s={search_term_string}\"},\"query-input\":{\"@type\":\"PropertyValueSpecification\",\"valueRequired\":true,\"valueName\":\"search_term_string\"}}],\"inLanguage\":\"es\"},{\"@type\":\"Organization\",\"@id\":\"https:\\\/\\\/lospoliticosveracruz.com\\\/#organization\",\"name\":\"Los pol\u00edticos Veracruz\",\"url\":\"https:\\\/\\\/lospoliticosveracruz.com\\\/\",\"logo\":{\"@type\":\"ImageObject\",\"inLanguage\":\"es\",\"@id\":\"https:\\\/\\\/lospoliticosveracruz.com\\\/#\\\/schema\\\/logo\\\/image\\\/\",\"url\":\"https:\\\/\\\/lospoliticosveracruz.com\\\/wp-content\\\/uploads\\\/2025\\\/12\\\/Logo-Nuevo-LOS-POLITICOS-1.jpg\",\"contentUrl\":\"https:\\\/\\\/lospoliticosveracruz.com\\\/wp-content\\\/uploads\\\/2025\\\/12\\\/Logo-Nuevo-LOS-POLITICOS-1.jpg\",\"width\":260,\"height\":70,\"caption\":\"Los pol\u00edticos Veracruz\"},\"image\":{\"@id\":\"https:\\\/\\\/lospoliticosveracruz.com\\\/#\\\/schema\\\/logo\\\/image\\\/\"},\"sameAs\":[\"https:\\\/\\\/www.facebook.com\\\/people\\\/Notimemes-de-los-Polticos\\\/61565672886568\\\/\",\"https:\\\/\\\/x.com\\\/LosPoliticosVer\"]},{\"@type\":\"Person\",\"@id\":\"https:\\\/\\\/lospoliticosveracruz.com\\\/#\\\/schema\\\/person\\\/b8702bb0e538456e6efd07080bf2a4a2\",\"name\":\"Lo viste en Los Pol\u00edticos\",\"image\":{\"@type\":\"ImageObject\",\"inLanguage\":\"es\",\"@id\":\"https:\\\/\\\/secure.gravatar.com\\\/avatar\\\/3a8de04a2656d44082be478bd6c086daa447c4651605818287b9532d3d0bd435?s=96&d=mm&r=g\",\"url\":\"https:\\\/\\\/secure.gravatar.com\\\/avatar\\\/3a8de04a2656d44082be478bd6c086daa447c4651605818287b9532d3d0bd435?s=96&d=mm&r=g\",\"contentUrl\":\"https:\\\/\\\/secure.gravatar.com\\\/avatar\\\/3a8de04a2656d44082be478bd6c086daa447c4651605818287b9532d3d0bd435?s=96&d=mm&r=g\",\"caption\":\"Lo viste en Los Pol\u00edticos\"},\"url\":\"https:\\\/\\\/lospoliticosveracruz.com\\\/?author=2\"}]}<\/script>\n<!-- \/ Yoast SEO plugin. -->","yoast_head_json":{"title":"LA MONEDA, EN EL AIRE - Los pol\u00edticos Veracruz","robots":{"index":"index","follow":"follow","max-snippet":"max-snippet:-1","max-image-preview":"max-image-preview:large","max-video-preview":"max-video-preview:-1"},"canonical":"https:\/\/lospoliticosveracruz.com\/?p=114095","og_locale":"es_ES","og_type":"article","og_title":"LA MONEDA, EN EL AIRE - Los pol\u00edticos Veracruz","og_description":"Marcos Miranda CogcoSe los dije Ahora resulta y resalta que en esta resoluci\u00f3n del Tribunal Electoral de que vayan 5 mujeres y 4 hombres, no necesariamente tienen que competir mujer contra mujer. Es decir seg\u00fan cada partido, mientras cumplan con. Su \u00abCuota de G\u00e9nero\u00bb por aquello de la paridad no hay pedo. Por ejemplo en [&hellip;]","og_url":"https:\/\/lospoliticosveracruz.com\/?p=114095","og_site_name":"Los pol\u00edticos Veracruz","article_publisher":"https:\/\/www.facebook.com\/people\/Notimemes-de-los-Polticos\/61565672886568\/","article_published_time":"2023-11-10T15:59:32+00:00","article_modified_time":"2023-11-10T15:59:39+00:00","og_image":[{"url":"https:\/\/lospoliticosveracruz.com.mx\/wp-content\/uploads\/2021\/10\/Zacauilt-150x300.jpg","type":"","width":"","height":""}],"author":"Lo viste en Los Pol\u00edticos","twitter_card":"summary_large_image","twitter_creator":"@LosPoliticosVer","twitter_site":"@LosPoliticosVer","twitter_misc":{"Escrito por":"Lo viste en Los Pol\u00edticos","Tiempo de lectura":"3 minutos"},"schema":{"@context":"https:\/\/schema.org","@graph":[{"@type":"Article","@id":"https:\/\/lospoliticosveracruz.com\/?p=114095#article","isPartOf":{"@id":"https:\/\/lospoliticosveracruz.com\/?p=114095"},"author":{"name":"Lo viste en Los Pol\u00edticos","@id":"https:\/\/lospoliticosveracruz.com\/#\/schema\/person\/b8702bb0e538456e6efd07080bf2a4a2"},"headline":"LA MONEDA, EN EL AIRE","datePublished":"2023-11-10T15:59:32+00:00","dateModified":"2023-11-10T15:59:39+00:00","mainEntityOfPage":{"@id":"https:\/\/lospoliticosveracruz.com\/?p=114095"},"wordCount":512,"publisher":{"@id":"https:\/\/lospoliticosveracruz.com\/#organization"},"image":{"@id":"https:\/\/lospoliticosveracruz.com\/?p=114095#primaryimage"},"thumbnailUrl":"https:\/\/lospoliticosveracruz.com.mx\/wp-content\/uploads\/2021\/10\/Zacauilt-150x300.jpg","keywords":["Marcos Miranda Cogco","Paty Lobeira de Yunes","Pepe Yunes Zorrilla","Tribunal Electoral"],"articleSection":["De Opini\u00f3n"],"inLanguage":"es"},{"@type":"WebPage","@id":"https:\/\/lospoliticosveracruz.com\/?p=114095","url":"https:\/\/lospoliticosveracruz.com\/?p=114095","name":"LA MONEDA, EN EL AIRE - Los pol\u00edticos Veracruz","isPartOf":{"@id":"https:\/\/lospoliticosveracruz.com\/#website"},"primaryImageOfPage":{"@id":"https:\/\/lospoliticosveracruz.com\/?p=114095#primaryimage"},"image":{"@id":"https:\/\/lospoliticosveracruz.com\/?p=114095#primaryimage"},"thumbnailUrl":"https:\/\/lospoliticosveracruz.com.mx\/wp-content\/uploads\/2021\/10\/Zacauilt-150x300.jpg","datePublished":"2023-11-10T15:59:32+00:00","dateModified":"2023-11-10T15:59:39+00:00","breadcrumb":{"@id":"https:\/\/lospoliticosveracruz.com\/?p=114095#breadcrumb"},"inLanguage":"es","potentialAction":[{"@type":"ReadAction","target":["https:\/\/lospoliticosveracruz.com\/?p=114095"]}]},{"@type":"ImageObject","inLanguage":"es","@id":"https:\/\/lospoliticosveracruz.com\/?p=114095#primaryimage","url":"https:\/\/lospoliticosveracruz.com.mx\/wp-content\/uploads\/2021\/10\/Zacauilt-150x300.jpg","contentUrl":"https:\/\/lospoliticosveracruz.com.mx\/wp-content\/uploads\/2021\/10\/Zacauilt-150x300.jpg"},{"@type":"BreadcrumbList","@id":"https:\/\/lospoliticosveracruz.com\/?p=114095#breadcrumb","itemListElement":[{"@type":"ListItem","position":1,"name":"Portada","item":"https:\/\/lospoliticosveracruz.com\/"},{"@type":"ListItem","position":2,"name":"LA MONEDA, EN EL AIRE"}]},{"@type":"WebSite","@id":"https:\/\/lospoliticosveracruz.com\/#website","url":"https:\/\/lospoliticosveracruz.com\/","name":"Los pol\u00edticos Veracruz","description":"","publisher":{"@id":"https:\/\/lospoliticosveracruz.com\/#organization"},"potentialAction":[{"@type":"SearchAction","target":{"@type":"EntryPoint","urlTemplate":"https:\/\/lospoliticosveracruz.com\/?s={search_term_string}"},"query-input":{"@type":"PropertyValueSpecification","valueRequired":true,"valueName":"search_term_string"}}],"inLanguage":"es"},{"@type":"Organization","@id":"https:\/\/lospoliticosveracruz.com\/#organization","name":"Los pol\u00edticos Veracruz","url":"https:\/\/lospoliticosveracruz.com\/","logo":{"@type":"ImageObject","inLanguage":"es","@id":"https:\/\/lospoliticosveracruz.com\/#\/schema\/logo\/image\/","url":"https:\/\/lospoliticosveracruz.com\/wp-content\/uploads\/2025\/12\/Logo-Nuevo-LOS-POLITICOS-1.jpg","contentUrl":"https:\/\/lospoliticosveracruz.com\/wp-content\/uploads\/2025\/12\/Logo-Nuevo-LOS-POLITICOS-1.jpg","width":260,"height":70,"caption":"Los pol\u00edticos Veracruz"},"image":{"@id":"https:\/\/lospoliticosveracruz.com\/#\/schema\/logo\/image\/"},"sameAs":["https:\/\/www.facebook.com\/people\/Notimemes-de-los-Polticos\/61565672886568\/","https:\/\/x.com\/LosPoliticosVer"]},{"@type":"Person","@id":"https:\/\/lospoliticosveracruz.com\/#\/schema\/person\/b8702bb0e538456e6efd07080bf2a4a2","name":"Lo viste en Los Pol\u00edticos","image":{"@type":"ImageObject","inLanguage":"es","@id":"https:\/\/secure.gravatar.com\/avatar\/3a8de04a2656d44082be478bd6c086daa447c4651605818287b9532d3d0bd435?s=96&d=mm&r=g","url":"https:\/\/secure.gravatar.com\/avatar\/3a8de04a2656d44082be478bd6c086daa447c4651605818287b9532d3d0bd435?s=96&d=mm&r=g","contentUrl":"https:\/\/secure.gravatar.com\/avatar\/3a8de04a2656d44082be478bd6c086daa447c4651605818287b9532d3d0bd435?s=96&d=mm&r=g","caption":"Lo viste en Los Pol\u00edticos"},"url":"https:\/\/lospoliticosveracruz.com\/?author=2"}]}},"_links":{"self":[{"href":"https:\/\/lospoliticosveracruz.com\/index.php?rest_route=\/wp\/v2\/posts\/114095","targetHints":{"allow":["GET"]}}],"collection":[{"href":"https:\/\/lospoliticosveracruz.com\/index.php?rest_route=\/wp\/v2\/posts"}],"about":[{"href":"https:\/\/lospoliticosveracruz.com\/index.php?rest_route=\/wp\/v2\/types\/post"}],"author":[{"embeddable":true,"href":"https:\/\/lospoliticosveracruz.com\/index.php?rest_route=\/wp\/v2\/users\/2"}],"replies":[{"embeddable":true,"href":"https:\/\/lospoliticosveracruz.com\/index.php?rest_route=%2Fwp%2Fv2%2Fcomments&post=114095"}],"version-history":[{"count":1,"href":"https:\/\/lospoliticosveracruz.com\/index.php?rest_route=\/wp\/v2\/posts\/114095\/revisions"}],"predecessor-version":[{"id":114097,"href":"https:\/\/lospoliticosveracruz.com\/index.php?rest_route=\/wp\/v2\/posts\/114095\/revisions\/114097"}],"wp:attachment":[{"href":"https:\/\/lospoliticosveracruz.com\/index.php?rest_route=%2Fwp%2Fv2%2Fmedia&parent=114095"}],"wp:term":[{"taxonomy":"category","embeddable":true,"href":"https:\/\/lospoliticosveracruz.com\/index.php?rest_route=%2Fwp%2Fv2%2Fcategories&post=114095"},{"taxonomy":"post_tag","embeddable":true,"href":"https:\/\/lospoliticosveracruz.com\/index.php?rest_route=%2Fwp%2Fv2%2Ftags&post=114095"}],"curies":[{"name":"wp","href":"https:\/\/api.w.org\/{rel}","templated":true}]}}