{"id":114098,"date":"2023-11-10T10:01:48","date_gmt":"2023-11-10T16:01:48","guid":{"rendered":"https:\/\/lospoliticosveracruz.com.mx\/?p=114098"},"modified":"2023-11-10T10:01:54","modified_gmt":"2023-11-10T16:01:54","slug":"el-movimiento-woke","status":"publish","type":"post","link":"https:\/\/lospoliticosveracruz.com\/?p=114098","title":{"rendered":"EL MOVIMIENTO \u00abWOKE\u00bb"},"content":{"rendered":"\n<p><strong>Alejandro Bustos<br><\/strong><em>Sinapsis<\/em><\/p>\n\n\n\n<p>Ah, el movimiento \u00abwoke\u00bb; esa tendencia cultural y progresista que nos ha tra\u00eddo lecciones de moralidad desde las redes sociales, y m\u00e1s etiquetas identitarias que un cat\u00e1logo de moda. Si alguna vez se pregunt\u00f3 qu\u00e9 pasar\u00eda si el marxismo m\u00e1s rancio y la psicolog\u00eda infantil se fusionaran, aqu\u00ed tiene la respuesta: el \u00abwokeismo.\u00bb<\/p>\n\n\n<div class=\"wp-block-image\">\n<figure class=\"alignleft size-medium\"><a href=\"https:\/\/lospoliticosveracruz.com.mx\/wp-content\/uploads\/2021\/10\/WhatsApp-Image-2021-10-02-at-15.20.25.jpeg\"><img loading=\"lazy\" decoding=\"async\" width=\"212\" height=\"300\" src=\"https:\/\/lospoliticosveracruz.com.mx\/wp-content\/uploads\/2021\/10\/WhatsApp-Image-2021-10-02-at-15.20.25-212x300.jpeg\" alt=\"\" class=\"wp-image-80177\" srcset=\"https:\/\/lospoliticosveracruz.com\/wp-content\/uploads\/2021\/10\/WhatsApp-Image-2021-10-02-at-15.20.25-212x300.jpeg 212w, https:\/\/lospoliticosveracruz.com\/wp-content\/uploads\/2021\/10\/WhatsApp-Image-2021-10-02-at-15.20.25-724x1024.jpeg 724w, https:\/\/lospoliticosveracruz.com\/wp-content\/uploads\/2021\/10\/WhatsApp-Image-2021-10-02-at-15.20.25-768x1086.jpeg 768w, https:\/\/lospoliticosveracruz.com\/wp-content\/uploads\/2021\/10\/WhatsApp-Image-2021-10-02-at-15.20.25.jpeg 905w\" sizes=\"auto, (max-width: 212px) 100vw, 212px\" \/><\/a><\/figure>\n<\/div>\n\n\n<p>De entrada, debemos definir el t\u00e9rmino por si alguien todav\u00eda no esta muy familiarizado con el mismo.<\/p>\n\n\n\n<p>Woke (\u00abdespierto\u00bb en ingl\u00e9s) seg\u00fan Wikipedia, \u00abes un t\u00e9rmino que, en los Estados Unidos, inicialmente se utilizaba para referirse a quienes se enfrentan o se mantienen alerta frente al racismo\u201d.<\/p>\n\n\n\n<p>El texto contin\u00faa explicando que su acepci\u00f3n ha crecido tanto, que ahora abarca una conciencia de otras cuestiones relativas a \u00abla desigualdad social, por ejemplo, en relaci\u00f3n con el g\u00e9nero y la orientaci\u00f3n sexual. Desde finales de la d\u00e9cada de 2010, tambi\u00e9n se ha utilizado como un t\u00e9rmino general para los movimientos pol\u00edticos progresistas o de izquierda y perspectivas que alegan enfatizar la pol\u00edtica identitaria de las personas LGBT, de la comunidad negra y de las mujeres\u00bb.<\/p>\n\n\n\n<p>Una de las caracter\u00edsticas de aquellas personas que se consideran a s\u00ed mismas \u00abwoke\u00bb, es el fervor desmedido y sectario por impartir la presunta justicia social, y su lucha por la identidad. En el mundo \u00abwoke\u00bb, la val\u00eda de una persona no se basa en sus acciones o logros, sino en su identidad. \u00a1Qu\u00e9 maravilloso! Ya no importa si eres una persona trabajadora o un completo holgaz\u00e1n sin talento; si tienes la identidad correcta, eres un h\u00e9roe (v\u00e9ase el ejemplo del infame magistrade Ociel Baena). En otras palabras, es como si hubi\u00e9ramos olvidado por completo el principio fundamental de la meritocracia. No es de extra\u00f1ar, pues, que la extrema izquierda deteste tanto este sistema para alcanzar el \u00e9xito como forma de vida: quieren todo regalado.<\/p>\n\n\n\n<p>\u00bfRecuerda, estimado lector, ese aburrido y pasado de moda -para algunos- concepto de la libertad de expresi\u00f3n? Pues, en el mundo \u00abwoke\u00bb, s\u00f3lo puedes expresarte si est\u00e1s diciendo lo que sus habitantes quieren escuchar con tal de no lastimar sus sentimientos. \u00bfDiscrepa? Prep\u00e1rese para ser etiquetado como \u00abproblem\u00e1tico\u00bb u \u00abopresor\u201d; incluso, a perder su trabajo y sus amistades. La diversidad de pensamiento no es bienvenida aqu\u00ed, ya que s\u00f3lo existe un \u201ccamino correcto\u201d y es el que los denominados justicieros sociales marcan.<\/p>\n\n\n\n<p>Una nueva forma de marxismo.<\/p>\n\n\n\n<p>En otras columnas, en este mismo espacio, he escrito acerca de c\u00f3mo el progresismo mal entendido es una especie de virus paras\u00edtico que afecta la mente. El d\u00eda de ayer, el propio Elon Musk, due\u00f1o de X, SpaceX y Tesla, lo expres\u00f3 abiertamente en una entrevista: \u201cEl virus del wokeismo es comunismo rebautizado\u201d. Pero, \u00bfpor qu\u00e9 se se\u00f1ala constantemente al \u00abwokeismo\u00bb como una evoluci\u00f3n del marxismo? Voy a intentar explicarlo.<\/p>\n\n\n\n<p>\u00bfRecuerda a Karl Marx y su lucha de clases? Bueno, pues el \u00abwokeismo\u00bb tiene su propia versi\u00f3n: la lucha de identidades. El militante progresista entiende que las clases sociales no son lo suficientemente divisivas, por lo que ahora considera necesario fragmentarlas a\u00fan m\u00e1s en funci\u00f3n de la identidad racial, de g\u00e9nero o las preferencias sexuales.<\/p>\n\n\n\n<p>Y no podemos olvidar la habilidad que han desarrollado para \u00abcancelar\u00bb a cualquiera que no cumpla con sus est\u00e1ndares morales en constante cambio. Por ejemplo, si alguna vez usted hizo un \u201cchiste inapropiado\u201d en el a\u00f1o 2004, mejor prep\u00e1rese para ser exhibido y avergonzado por ello. No importa si uno ha evolucionado como persona: el pasado le perseguir\u00e1 por siempre.<\/p>\n\n\n\n<p>Si usted tiene el buen habito de utilizar el sentido com\u00fan, estar\u00e1 de acuerdo conmigo en que el \u00abwokeismo\u00bb es m\u00e1s bien como una parodia de la correcci\u00f3n pol\u00edtica llevada al extremo. Se disfraza de lucha por la justicia social mientras aplasta la libertad de expresi\u00f3n y recompensa la victimizaci\u00f3n de presuntos grupos oprimidos. Por todo lo anterior, es que algunos lo percibimos como una evoluci\u00f3n identitaria del marxismo, de la misma forma que lo es el comunismo. Pero si eso es cierto o no, una cosa es segura: es una tendencia peligrosa que amenaza a la cultura occidental tal como la conocemos, por lo que merece un escrutinio cr\u00edtico muy profundo.<\/p>\n\n\n\n<p>La batalla cultural parece inevitable, de lo contrario, llegaremos al punto en el que la libertad individual y de pensamiento sean substituidas por las identidades colectivas y las etiquetas de virtuosidad que s\u00f3lo sirven de postureo para mostrar en redes sociales.<\/p>\n\n\n\n<p>Si George Orwell resucitara, y viera que la ficci\u00f3n dist\u00f3pica que alguna vez imagino es practicada en la vida diaria, se morir\u00eda de inmediato de la verg\u00fcenza.<\/p>\n\n\n\n<p>Comentarios:<br>X\/twitter: @alecbustos<br>Mail: alejandrobustosf@gmail.com<\/p>\n","protected":false},"excerpt":{"rendered":"<p>Alejandro BustosSinapsis Ah, el movimiento \u00abwoke\u00bb; esa tendencia cultural y progresista que nos ha tra\u00eddo lecciones de moralidad desde las redes sociales, y m\u00e1s etiquetas identitarias que un cat\u00e1logo de moda. Si alguna vez se pregunt\u00f3 qu\u00e9 pasar\u00eda si el marxismo m\u00e1s rancio y la psicolog\u00eda infantil se fusionaran, aqu\u00ed tiene la respuesta: el \u00abwokeismo.\u00bb [&hellip;]<\/p>\n","protected":false},"author":2,"featured_media":0,"comment_status":"closed","ping_status":"closed","sticky":false,"template":"","format":"standard","meta":{"tdm_status":"","tdm_grid_status":"","footnotes":""},"categories":[70],"tags":[],"class_list":{"0":"post-114098","1":"post","2":"type-post","3":"status-publish","4":"format-standard","6":"category-de-opinion"},"yoast_head":"<!-- This site is optimized with the Yoast SEO plugin v27.4 - https:\/\/yoast.com\/product\/yoast-seo-wordpress\/ -->\n<title>EL MOVIMIENTO &quot;WOKE&quot; - Los pol\u00edticos Veracruz<\/title>\n<meta name=\"robots\" content=\"index, follow, max-snippet:-1, max-image-preview:large, max-video-preview:-1\" \/>\n<link rel=\"canonical\" href=\"https:\/\/lospoliticosveracruz.com\/?p=114098\" \/>\n<meta property=\"og:locale\" content=\"es_ES\" \/>\n<meta property=\"og:type\" content=\"article\" \/>\n<meta property=\"og:title\" content=\"EL MOVIMIENTO &quot;WOKE&quot; - Los pol\u00edticos Veracruz\" \/>\n<meta property=\"og:description\" content=\"Alejandro BustosSinapsis Ah, el movimiento \u00abwoke\u00bb; esa tendencia cultural y progresista que nos ha tra\u00eddo lecciones de moralidad desde las redes sociales, y m\u00e1s etiquetas identitarias que un cat\u00e1logo de moda. Si alguna vez se pregunt\u00f3 qu\u00e9 pasar\u00eda si el marxismo m\u00e1s rancio y la psicolog\u00eda infantil se fusionaran, aqu\u00ed tiene la respuesta: el \u00abwokeismo.\u00bb [&hellip;]\" \/>\n<meta property=\"og:url\" content=\"https:\/\/lospoliticosveracruz.com\/?p=114098\" \/>\n<meta property=\"og:site_name\" content=\"Los pol\u00edticos Veracruz\" \/>\n<meta property=\"article:publisher\" content=\"https:\/\/www.facebook.com\/people\/Notimemes-de-los-Polticos\/61565672886568\/\" \/>\n<meta property=\"article:published_time\" content=\"2023-11-10T16:01:48+00:00\" \/>\n<meta property=\"article:modified_time\" content=\"2023-11-10T16:01:54+00:00\" \/>\n<meta property=\"og:image\" content=\"https:\/\/lospoliticosveracruz.com.mx\/wp-content\/uploads\/2021\/10\/WhatsApp-Image-2021-10-02-at-15.20.25-212x300.jpeg\" \/>\n<meta name=\"author\" content=\"Lo viste en Los Pol\u00edticos\" \/>\n<meta name=\"twitter:card\" content=\"summary_large_image\" \/>\n<meta name=\"twitter:creator\" content=\"@LosPoliticosVer\" \/>\n<meta name=\"twitter:site\" content=\"@LosPoliticosVer\" \/>\n<meta name=\"twitter:label1\" content=\"Escrito por\" \/>\n\t<meta name=\"twitter:data1\" content=\"Lo viste en Los Pol\u00edticos\" \/>\n\t<meta name=\"twitter:label2\" content=\"Tiempo de lectura\" \/>\n\t<meta name=\"twitter:data2\" content=\"4 minutos\" \/>\n<script type=\"application\/ld+json\" class=\"yoast-schema-graph\">{\"@context\":\"https:\\\/\\\/schema.org\",\"@graph\":[{\"@type\":\"Article\",\"@id\":\"https:\\\/\\\/lospoliticosveracruz.com\\\/?p=114098#article\",\"isPartOf\":{\"@id\":\"https:\\\/\\\/lospoliticosveracruz.com\\\/?p=114098\"},\"author\":{\"name\":\"Lo viste en Los Pol\u00edticos\",\"@id\":\"https:\\\/\\\/lospoliticosveracruz.com\\\/#\\\/schema\\\/person\\\/b8702bb0e538456e6efd07080bf2a4a2\"},\"headline\":\"EL MOVIMIENTO \u00abWOKE\u00bb\",\"datePublished\":\"2023-11-10T16:01:48+00:00\",\"dateModified\":\"2023-11-10T16:01:54+00:00\",\"mainEntityOfPage\":{\"@id\":\"https:\\\/\\\/lospoliticosveracruz.com\\\/?p=114098\"},\"wordCount\":826,\"publisher\":{\"@id\":\"https:\\\/\\\/lospoliticosveracruz.com\\\/#organization\"},\"image\":{\"@id\":\"https:\\\/\\\/lospoliticosveracruz.com\\\/?p=114098#primaryimage\"},\"thumbnailUrl\":\"https:\\\/\\\/lospoliticosveracruz.com.mx\\\/wp-content\\\/uploads\\\/2021\\\/10\\\/WhatsApp-Image-2021-10-02-at-15.20.25-212x300.jpeg\",\"articleSection\":[\"De Opini\u00f3n\"],\"inLanguage\":\"es\"},{\"@type\":\"WebPage\",\"@id\":\"https:\\\/\\\/lospoliticosveracruz.com\\\/?p=114098\",\"url\":\"https:\\\/\\\/lospoliticosveracruz.com\\\/?p=114098\",\"name\":\"EL MOVIMIENTO \\\"WOKE\\\" - Los pol\u00edticos Veracruz\",\"isPartOf\":{\"@id\":\"https:\\\/\\\/lospoliticosveracruz.com\\\/#website\"},\"primaryImageOfPage\":{\"@id\":\"https:\\\/\\\/lospoliticosveracruz.com\\\/?p=114098#primaryimage\"},\"image\":{\"@id\":\"https:\\\/\\\/lospoliticosveracruz.com\\\/?p=114098#primaryimage\"},\"thumbnailUrl\":\"https:\\\/\\\/lospoliticosveracruz.com.mx\\\/wp-content\\\/uploads\\\/2021\\\/10\\\/WhatsApp-Image-2021-10-02-at-15.20.25-212x300.jpeg\",\"datePublished\":\"2023-11-10T16:01:48+00:00\",\"dateModified\":\"2023-11-10T16:01:54+00:00\",\"breadcrumb\":{\"@id\":\"https:\\\/\\\/lospoliticosveracruz.com\\\/?p=114098#breadcrumb\"},\"inLanguage\":\"es\",\"potentialAction\":[{\"@type\":\"ReadAction\",\"target\":[\"https:\\\/\\\/lospoliticosveracruz.com\\\/?p=114098\"]}]},{\"@type\":\"ImageObject\",\"inLanguage\":\"es\",\"@id\":\"https:\\\/\\\/lospoliticosveracruz.com\\\/?p=114098#primaryimage\",\"url\":\"https:\\\/\\\/lospoliticosveracruz.com.mx\\\/wp-content\\\/uploads\\\/2021\\\/10\\\/WhatsApp-Image-2021-10-02-at-15.20.25-212x300.jpeg\",\"contentUrl\":\"https:\\\/\\\/lospoliticosveracruz.com.mx\\\/wp-content\\\/uploads\\\/2021\\\/10\\\/WhatsApp-Image-2021-10-02-at-15.20.25-212x300.jpeg\"},{\"@type\":\"BreadcrumbList\",\"@id\":\"https:\\\/\\\/lospoliticosveracruz.com\\\/?p=114098#breadcrumb\",\"itemListElement\":[{\"@type\":\"ListItem\",\"position\":1,\"name\":\"Portada\",\"item\":\"https:\\\/\\\/lospoliticosveracruz.com\\\/\"},{\"@type\":\"ListItem\",\"position\":2,\"name\":\"EL MOVIMIENTO \u00abWOKE\u00bb\"}]},{\"@type\":\"WebSite\",\"@id\":\"https:\\\/\\\/lospoliticosveracruz.com\\\/#website\",\"url\":\"https:\\\/\\\/lospoliticosveracruz.com\\\/\",\"name\":\"Los pol\u00edticos Veracruz\",\"description\":\"\",\"publisher\":{\"@id\":\"https:\\\/\\\/lospoliticosveracruz.com\\\/#organization\"},\"potentialAction\":[{\"@type\":\"SearchAction\",\"target\":{\"@type\":\"EntryPoint\",\"urlTemplate\":\"https:\\\/\\\/lospoliticosveracruz.com\\\/?s={search_term_string}\"},\"query-input\":{\"@type\":\"PropertyValueSpecification\",\"valueRequired\":true,\"valueName\":\"search_term_string\"}}],\"inLanguage\":\"es\"},{\"@type\":\"Organization\",\"@id\":\"https:\\\/\\\/lospoliticosveracruz.com\\\/#organization\",\"name\":\"Los pol\u00edticos Veracruz\",\"url\":\"https:\\\/\\\/lospoliticosveracruz.com\\\/\",\"logo\":{\"@type\":\"ImageObject\",\"inLanguage\":\"es\",\"@id\":\"https:\\\/\\\/lospoliticosveracruz.com\\\/#\\\/schema\\\/logo\\\/image\\\/\",\"url\":\"https:\\\/\\\/lospoliticosveracruz.com\\\/wp-content\\\/uploads\\\/2025\\\/12\\\/Logo-Nuevo-LOS-POLITICOS-1.jpg\",\"contentUrl\":\"https:\\\/\\\/lospoliticosveracruz.com\\\/wp-content\\\/uploads\\\/2025\\\/12\\\/Logo-Nuevo-LOS-POLITICOS-1.jpg\",\"width\":260,\"height\":70,\"caption\":\"Los pol\u00edticos Veracruz\"},\"image\":{\"@id\":\"https:\\\/\\\/lospoliticosveracruz.com\\\/#\\\/schema\\\/logo\\\/image\\\/\"},\"sameAs\":[\"https:\\\/\\\/www.facebook.com\\\/people\\\/Notimemes-de-los-Polticos\\\/61565672886568\\\/\",\"https:\\\/\\\/x.com\\\/LosPoliticosVer\"]},{\"@type\":\"Person\",\"@id\":\"https:\\\/\\\/lospoliticosveracruz.com\\\/#\\\/schema\\\/person\\\/b8702bb0e538456e6efd07080bf2a4a2\",\"name\":\"Lo viste en Los Pol\u00edticos\",\"image\":{\"@type\":\"ImageObject\",\"inLanguage\":\"es\",\"@id\":\"https:\\\/\\\/secure.gravatar.com\\\/avatar\\\/3a8de04a2656d44082be478bd6c086daa447c4651605818287b9532d3d0bd435?s=96&d=mm&r=g\",\"url\":\"https:\\\/\\\/secure.gravatar.com\\\/avatar\\\/3a8de04a2656d44082be478bd6c086daa447c4651605818287b9532d3d0bd435?s=96&d=mm&r=g\",\"contentUrl\":\"https:\\\/\\\/secure.gravatar.com\\\/avatar\\\/3a8de04a2656d44082be478bd6c086daa447c4651605818287b9532d3d0bd435?s=96&d=mm&r=g\",\"caption\":\"Lo viste en Los Pol\u00edticos\"},\"url\":\"https:\\\/\\\/lospoliticosveracruz.com\\\/?author=2\"}]}<\/script>\n<!-- \/ Yoast SEO plugin. -->","yoast_head_json":{"title":"EL MOVIMIENTO \"WOKE\" - Los pol\u00edticos Veracruz","robots":{"index":"index","follow":"follow","max-snippet":"max-snippet:-1","max-image-preview":"max-image-preview:large","max-video-preview":"max-video-preview:-1"},"canonical":"https:\/\/lospoliticosveracruz.com\/?p=114098","og_locale":"es_ES","og_type":"article","og_title":"EL MOVIMIENTO \"WOKE\" - Los pol\u00edticos Veracruz","og_description":"Alejandro BustosSinapsis Ah, el movimiento \u00abwoke\u00bb; esa tendencia cultural y progresista que nos ha tra\u00eddo lecciones de moralidad desde las redes sociales, y m\u00e1s etiquetas identitarias que un cat\u00e1logo de moda. Si alguna vez se pregunt\u00f3 qu\u00e9 pasar\u00eda si el marxismo m\u00e1s rancio y la psicolog\u00eda infantil se fusionaran, aqu\u00ed tiene la respuesta: el \u00abwokeismo.\u00bb [&hellip;]","og_url":"https:\/\/lospoliticosveracruz.com\/?p=114098","og_site_name":"Los pol\u00edticos Veracruz","article_publisher":"https:\/\/www.facebook.com\/people\/Notimemes-de-los-Polticos\/61565672886568\/","article_published_time":"2023-11-10T16:01:48+00:00","article_modified_time":"2023-11-10T16:01:54+00:00","og_image":[{"url":"https:\/\/lospoliticosveracruz.com.mx\/wp-content\/uploads\/2021\/10\/WhatsApp-Image-2021-10-02-at-15.20.25-212x300.jpeg","type":"","width":"","height":""}],"author":"Lo viste en Los Pol\u00edticos","twitter_card":"summary_large_image","twitter_creator":"@LosPoliticosVer","twitter_site":"@LosPoliticosVer","twitter_misc":{"Escrito por":"Lo viste en Los Pol\u00edticos","Tiempo de lectura":"4 minutos"},"schema":{"@context":"https:\/\/schema.org","@graph":[{"@type":"Article","@id":"https:\/\/lospoliticosveracruz.com\/?p=114098#article","isPartOf":{"@id":"https:\/\/lospoliticosveracruz.com\/?p=114098"},"author":{"name":"Lo viste en Los Pol\u00edticos","@id":"https:\/\/lospoliticosveracruz.com\/#\/schema\/person\/b8702bb0e538456e6efd07080bf2a4a2"},"headline":"EL MOVIMIENTO \u00abWOKE\u00bb","datePublished":"2023-11-10T16:01:48+00:00","dateModified":"2023-11-10T16:01:54+00:00","mainEntityOfPage":{"@id":"https:\/\/lospoliticosveracruz.com\/?p=114098"},"wordCount":826,"publisher":{"@id":"https:\/\/lospoliticosveracruz.com\/#organization"},"image":{"@id":"https:\/\/lospoliticosveracruz.com\/?p=114098#primaryimage"},"thumbnailUrl":"https:\/\/lospoliticosveracruz.com.mx\/wp-content\/uploads\/2021\/10\/WhatsApp-Image-2021-10-02-at-15.20.25-212x300.jpeg","articleSection":["De Opini\u00f3n"],"inLanguage":"es"},{"@type":"WebPage","@id":"https:\/\/lospoliticosveracruz.com\/?p=114098","url":"https:\/\/lospoliticosveracruz.com\/?p=114098","name":"EL MOVIMIENTO \"WOKE\" - Los pol\u00edticos Veracruz","isPartOf":{"@id":"https:\/\/lospoliticosveracruz.com\/#website"},"primaryImageOfPage":{"@id":"https:\/\/lospoliticosveracruz.com\/?p=114098#primaryimage"},"image":{"@id":"https:\/\/lospoliticosveracruz.com\/?p=114098#primaryimage"},"thumbnailUrl":"https:\/\/lospoliticosveracruz.com.mx\/wp-content\/uploads\/2021\/10\/WhatsApp-Image-2021-10-02-at-15.20.25-212x300.jpeg","datePublished":"2023-11-10T16:01:48+00:00","dateModified":"2023-11-10T16:01:54+00:00","breadcrumb":{"@id":"https:\/\/lospoliticosveracruz.com\/?p=114098#breadcrumb"},"inLanguage":"es","potentialAction":[{"@type":"ReadAction","target":["https:\/\/lospoliticosveracruz.com\/?p=114098"]}]},{"@type":"ImageObject","inLanguage":"es","@id":"https:\/\/lospoliticosveracruz.com\/?p=114098#primaryimage","url":"https:\/\/lospoliticosveracruz.com.mx\/wp-content\/uploads\/2021\/10\/WhatsApp-Image-2021-10-02-at-15.20.25-212x300.jpeg","contentUrl":"https:\/\/lospoliticosveracruz.com.mx\/wp-content\/uploads\/2021\/10\/WhatsApp-Image-2021-10-02-at-15.20.25-212x300.jpeg"},{"@type":"BreadcrumbList","@id":"https:\/\/lospoliticosveracruz.com\/?p=114098#breadcrumb","itemListElement":[{"@type":"ListItem","position":1,"name":"Portada","item":"https:\/\/lospoliticosveracruz.com\/"},{"@type":"ListItem","position":2,"name":"EL MOVIMIENTO \u00abWOKE\u00bb"}]},{"@type":"WebSite","@id":"https:\/\/lospoliticosveracruz.com\/#website","url":"https:\/\/lospoliticosveracruz.com\/","name":"Los pol\u00edticos Veracruz","description":"","publisher":{"@id":"https:\/\/lospoliticosveracruz.com\/#organization"},"potentialAction":[{"@type":"SearchAction","target":{"@type":"EntryPoint","urlTemplate":"https:\/\/lospoliticosveracruz.com\/?s={search_term_string}"},"query-input":{"@type":"PropertyValueSpecification","valueRequired":true,"valueName":"search_term_string"}}],"inLanguage":"es"},{"@type":"Organization","@id":"https:\/\/lospoliticosveracruz.com\/#organization","name":"Los pol\u00edticos Veracruz","url":"https:\/\/lospoliticosveracruz.com\/","logo":{"@type":"ImageObject","inLanguage":"es","@id":"https:\/\/lospoliticosveracruz.com\/#\/schema\/logo\/image\/","url":"https:\/\/lospoliticosveracruz.com\/wp-content\/uploads\/2025\/12\/Logo-Nuevo-LOS-POLITICOS-1.jpg","contentUrl":"https:\/\/lospoliticosveracruz.com\/wp-content\/uploads\/2025\/12\/Logo-Nuevo-LOS-POLITICOS-1.jpg","width":260,"height":70,"caption":"Los pol\u00edticos Veracruz"},"image":{"@id":"https:\/\/lospoliticosveracruz.com\/#\/schema\/logo\/image\/"},"sameAs":["https:\/\/www.facebook.com\/people\/Notimemes-de-los-Polticos\/61565672886568\/","https:\/\/x.com\/LosPoliticosVer"]},{"@type":"Person","@id":"https:\/\/lospoliticosveracruz.com\/#\/schema\/person\/b8702bb0e538456e6efd07080bf2a4a2","name":"Lo viste en Los Pol\u00edticos","image":{"@type":"ImageObject","inLanguage":"es","@id":"https:\/\/secure.gravatar.com\/avatar\/3a8de04a2656d44082be478bd6c086daa447c4651605818287b9532d3d0bd435?s=96&d=mm&r=g","url":"https:\/\/secure.gravatar.com\/avatar\/3a8de04a2656d44082be478bd6c086daa447c4651605818287b9532d3d0bd435?s=96&d=mm&r=g","contentUrl":"https:\/\/secure.gravatar.com\/avatar\/3a8de04a2656d44082be478bd6c086daa447c4651605818287b9532d3d0bd435?s=96&d=mm&r=g","caption":"Lo viste en Los Pol\u00edticos"},"url":"https:\/\/lospoliticosveracruz.com\/?author=2"}]}},"_links":{"self":[{"href":"https:\/\/lospoliticosveracruz.com\/index.php?rest_route=\/wp\/v2\/posts\/114098","targetHints":{"allow":["GET"]}}],"collection":[{"href":"https:\/\/lospoliticosveracruz.com\/index.php?rest_route=\/wp\/v2\/posts"}],"about":[{"href":"https:\/\/lospoliticosveracruz.com\/index.php?rest_route=\/wp\/v2\/types\/post"}],"author":[{"embeddable":true,"href":"https:\/\/lospoliticosveracruz.com\/index.php?rest_route=\/wp\/v2\/users\/2"}],"replies":[{"embeddable":true,"href":"https:\/\/lospoliticosveracruz.com\/index.php?rest_route=%2Fwp%2Fv2%2Fcomments&post=114098"}],"version-history":[{"count":1,"href":"https:\/\/lospoliticosveracruz.com\/index.php?rest_route=\/wp\/v2\/posts\/114098\/revisions"}],"predecessor-version":[{"id":114099,"href":"https:\/\/lospoliticosveracruz.com\/index.php?rest_route=\/wp\/v2\/posts\/114098\/revisions\/114099"}],"wp:attachment":[{"href":"https:\/\/lospoliticosveracruz.com\/index.php?rest_route=%2Fwp%2Fv2%2Fmedia&parent=114098"}],"wp:term":[{"taxonomy":"category","embeddable":true,"href":"https:\/\/lospoliticosveracruz.com\/index.php?rest_route=%2Fwp%2Fv2%2Fcategories&post=114098"},{"taxonomy":"post_tag","embeddable":true,"href":"https:\/\/lospoliticosveracruz.com\/index.php?rest_route=%2Fwp%2Fv2%2Ftags&post=114098"}],"curies":[{"name":"wp","href":"https:\/\/api.w.org\/{rel}","templated":true}]}}