{"id":114169,"date":"2023-11-12T19:54:02","date_gmt":"2023-11-13T01:54:02","guid":{"rendered":"https:\/\/lospoliticosveracruz.com.mx\/?p=114169"},"modified":"2023-11-12T19:54:10","modified_gmt":"2023-11-13T01:54:10","slug":"violencia-politica-contra-mujeres","status":"publish","type":"post","link":"https:\/\/lospoliticosveracruz.com\/?p=114169","title":{"rendered":"VIOLENCIA POL\u00cdTICA CONTRA MUJERES"},"content":{"rendered":"\n<p><strong>Enrique Yasser Pompeyo<\/strong><\/p>\n\n\n\n<p><em>Mesa de Redacci\u00f3n<\/em><\/p>\n\n\n\n<p>La violencia pol\u00edtica en raz\u00f3n de g\u00e9nero en el pa\u00eds y particularmente en Veracruz se debe castigar con todo el peso de la ley, porque hasta el momento s\u00f3lo se queda en el discurso.<\/p>\n\n\n\n<p>El tema cobra relevancia ante el inicio del proceso electoral en la entidad, sobre todo, porque no hay piso parejo.<\/p>\n\n\n\n<p>Contundente como es, la diputada local Anil\u00fa Ingram Vallines, desde la tribuna del Congreso del Estado exigi\u00f3 que se acabe la simulaci\u00f3n y los discursos sobre apoyar la causa de las mujeres y garantizar sus derechos, porque en los hechos no es as\u00ed.<\/p>\n\n\n\n<p>Es m\u00e1s, se\u00f1ala que no se est\u00e1 legislando ni garantizando que la paridad se cumpla en todas las candidaturas.<\/p>\n\n\n\n<p>De ah\u00ed que demandara a todos los partidos pol\u00edticos, piso parejo, garant\u00edas de participaci\u00f3n y \u201cno importando el color en el que estemos, defender y alzar la voz, que se garantice la participaci\u00f3n libre y segura de cada una de nosotras\u201d.<\/p>\n\n\n\n<p>La lucha por los derechos de las mujeres no es de ahora, es una lucha de muchos a\u00f1os, de d\u00e9cadas y que ha costado muchas vidas.<\/p>\n\n\n\n<p>Por ello, Anil\u00fa Ingram tambi\u00e9n exigi\u00f3 que se acabe la toma de decisiones \u00fanicamente entre hombres. \u201cBasta ya que entre una c\u00fapula se tomen las decisiones\u201d, expuso.<\/p>\n\n\n\n<p>La coordinadora del Grupo Legislativo del Partido Revolucionario Institucional exigi\u00f3, de manera respetuosa pero firme, que el \u00f3rgano electoral cumpla la ley.<\/p>\n\n\n\n<p>\u201cPorque si tocan a una, nos tocan a todas, sea del partido que sea; si alguna de las pr\u00f3ximas candidatas es vulnerada, ah\u00ed estaremos todas exigiendo sus derechos, defendiendo los mismos, alzando la voz y cerrando filas\u201d.<\/p>\n\n\n\n<p>En ese contexto, cabe mencionar que el proceso electoral federal 2017-2018 se caracteriz\u00f3 por ser uno de los m\u00e1s violentos.<\/p>\n\n\n\n<p>106 candidatas y\/o pol\u00edticas en funciones padecieron, al menos, ocho distintos ataques en su contra: asesinatos, amenazas, intimidaciones, secuestros, agresiones con armas de fuego, agresiones f\u00edsicas o con arma blanca, asaltos con y sin violencia, as\u00ed como atentados contra sus familiares.<\/p>\n\n\n\n<p>Adem\u00e1s, 16 mujeres fueron asesinadas, cinco de ellas eran candidatas y dos precandidatas a puestos de elecci\u00f3n popular. Asimismo, hubo cinco secuestros e intentos de privaci\u00f3n ilegal de la libertad.<\/p>\n\n\n\n<p>Las amenazas y actos de intimidaci\u00f3n fueron el tipo de agresi\u00f3n m\u00e1s recurrente con 50 casos de mujeres pol\u00edticas, de las cuales, 43 eran candidatas.<\/p>\n\n\n\n<p>Los casos reportados sucedieron en 23 entidades del pa\u00eds, estando Veracruz dentro de los primeros cinco estados con el mayor riesgo para la actividad pol\u00edtica de las mujeres.<\/p>\n\n\n\n<p>Hay un dato alarmante. En Veracruz, en el proceso electoral 2020-2021 se presentaron m\u00e1s de 150 denuncias por violencia pol\u00edtica en raz\u00f3n de g\u00e9nero. Por cierto, en los \u00faltimos cinco a\u00f1os, m\u00e1s de 40 pol\u00edticas y pol\u00edticos han sido asesinados.<\/p>\n\n\n\n<p>De manera que para estas elecciones, el Organismo P\u00fablico Local Electoral de Veracruz (OPLE) debe realizar su trabajo de manera contundente para que haya legalidad, imparcialidad, transparencia y, sobre todo, perspectiva de g\u00e9nero.<\/p>\n\n\n\n<p>enriquepompeyo@hotmail.com<\/p>\n","protected":false},"excerpt":{"rendered":"<p>Enrique Yasser Pompeyo Mesa de Redacci\u00f3n La violencia pol\u00edtica en raz\u00f3n de g\u00e9nero en el pa\u00eds y particularmente en Veracruz se debe castigar con todo el peso de la ley, porque hasta el momento s\u00f3lo se queda en el discurso. El tema cobra relevancia ante el inicio del proceso electoral en la entidad, sobre todo, [&hellip;]<\/p>\n","protected":false},"author":2,"featured_media":0,"comment_status":"closed","ping_status":"closed","sticky":false,"template":"","format":"standard","meta":{"tdm_status":"","tdm_grid_status":"","footnotes":""},"categories":[70],"tags":[1872,12446,251,195],"class_list":{"0":"post-114169","1":"post","2":"type-post","3":"status-publish","4":"format-standard","6":"category-de-opinion","7":"tag-anilu-ingram-vallines","8":"tag-ople-veracruz","9":"tag-pri","10":"tag-veracruz"},"yoast_head":"<!-- This site is optimized with the Yoast SEO plugin v27.4 - https:\/\/yoast.com\/product\/yoast-seo-wordpress\/ -->\n<title>VIOLENCIA POL\u00cdTICA CONTRA MUJERES - Los pol\u00edticos Veracruz<\/title>\n<meta name=\"robots\" content=\"index, follow, max-snippet:-1, max-image-preview:large, max-video-preview:-1\" \/>\n<link rel=\"canonical\" href=\"https:\/\/lospoliticosveracruz.com\/?p=114169\" \/>\n<meta property=\"og:locale\" content=\"es_ES\" \/>\n<meta property=\"og:type\" content=\"article\" \/>\n<meta property=\"og:title\" content=\"VIOLENCIA POL\u00cdTICA CONTRA MUJERES - Los pol\u00edticos Veracruz\" \/>\n<meta property=\"og:description\" content=\"Enrique Yasser Pompeyo Mesa de Redacci\u00f3n La violencia pol\u00edtica en raz\u00f3n de g\u00e9nero en el pa\u00eds y particularmente en Veracruz se debe castigar con todo el peso de la ley, porque hasta el momento s\u00f3lo se queda en el discurso. El tema cobra relevancia ante el inicio del proceso electoral en la entidad, sobre todo, [&hellip;]\" \/>\n<meta property=\"og:url\" content=\"https:\/\/lospoliticosveracruz.com\/?p=114169\" \/>\n<meta property=\"og:site_name\" content=\"Los pol\u00edticos Veracruz\" \/>\n<meta property=\"article:publisher\" content=\"https:\/\/www.facebook.com\/people\/Notimemes-de-los-Polticos\/61565672886568\/\" \/>\n<meta property=\"article:published_time\" content=\"2023-11-13T01:54:02+00:00\" \/>\n<meta property=\"article:modified_time\" content=\"2023-11-13T01:54:10+00:00\" \/>\n<meta property=\"og:image\" content=\"https:\/\/lospoliticosveracruz.com\/wp-content\/uploads\/2016\/07\/Logo-Dor.jpg\" \/>\n\t<meta property=\"og:image:width\" content=\"200\" \/>\n\t<meta property=\"og:image:height\" content=\"200\" \/>\n\t<meta property=\"og:image:type\" content=\"image\/jpeg\" \/>\n<meta name=\"author\" content=\"Lo viste en Los Pol\u00edticos\" \/>\n<meta name=\"twitter:card\" content=\"summary_large_image\" \/>\n<meta name=\"twitter:creator\" content=\"@LosPoliticosVer\" \/>\n<meta name=\"twitter:site\" content=\"@LosPoliticosVer\" \/>\n<meta name=\"twitter:label1\" content=\"Escrito por\" \/>\n\t<meta name=\"twitter:data1\" content=\"Lo viste en Los Pol\u00edticos\" \/>\n\t<meta name=\"twitter:label2\" content=\"Tiempo de lectura\" \/>\n\t<meta name=\"twitter:data2\" content=\"3 minutos\" \/>\n<script type=\"application\/ld+json\" class=\"yoast-schema-graph\">{\"@context\":\"https:\\\/\\\/schema.org\",\"@graph\":[{\"@type\":\"Article\",\"@id\":\"https:\\\/\\\/lospoliticosveracruz.com\\\/?p=114169#article\",\"isPartOf\":{\"@id\":\"https:\\\/\\\/lospoliticosveracruz.com\\\/?p=114169\"},\"author\":{\"name\":\"Lo viste en Los Pol\u00edticos\",\"@id\":\"https:\\\/\\\/lospoliticosveracruz.com\\\/#\\\/schema\\\/person\\\/b8702bb0e538456e6efd07080bf2a4a2\"},\"headline\":\"VIOLENCIA POL\u00cdTICA CONTRA MUJERES\",\"datePublished\":\"2023-11-13T01:54:02+00:00\",\"dateModified\":\"2023-11-13T01:54:10+00:00\",\"mainEntityOfPage\":{\"@id\":\"https:\\\/\\\/lospoliticosveracruz.com\\\/?p=114169\"},\"wordCount\":534,\"publisher\":{\"@id\":\"https:\\\/\\\/lospoliticosveracruz.com\\\/#organization\"},\"keywords\":[\"Anil\u00fa Ingram Vallines\",\"OPLE Veracruz\",\"PRI\",\"Veracruz\"],\"articleSection\":[\"De Opini\u00f3n\"],\"inLanguage\":\"es\"},{\"@type\":\"WebPage\",\"@id\":\"https:\\\/\\\/lospoliticosveracruz.com\\\/?p=114169\",\"url\":\"https:\\\/\\\/lospoliticosveracruz.com\\\/?p=114169\",\"name\":\"VIOLENCIA POL\u00cdTICA CONTRA MUJERES - Los pol\u00edticos Veracruz\",\"isPartOf\":{\"@id\":\"https:\\\/\\\/lospoliticosveracruz.com\\\/#website\"},\"datePublished\":\"2023-11-13T01:54:02+00:00\",\"dateModified\":\"2023-11-13T01:54:10+00:00\",\"breadcrumb\":{\"@id\":\"https:\\\/\\\/lospoliticosveracruz.com\\\/?p=114169#breadcrumb\"},\"inLanguage\":\"es\",\"potentialAction\":[{\"@type\":\"ReadAction\",\"target\":[\"https:\\\/\\\/lospoliticosveracruz.com\\\/?p=114169\"]}]},{\"@type\":\"BreadcrumbList\",\"@id\":\"https:\\\/\\\/lospoliticosveracruz.com\\\/?p=114169#breadcrumb\",\"itemListElement\":[{\"@type\":\"ListItem\",\"position\":1,\"name\":\"Portada\",\"item\":\"https:\\\/\\\/lospoliticosveracruz.com\\\/\"},{\"@type\":\"ListItem\",\"position\":2,\"name\":\"VIOLENCIA POL\u00cdTICA CONTRA MUJERES\"}]},{\"@type\":\"WebSite\",\"@id\":\"https:\\\/\\\/lospoliticosveracruz.com\\\/#website\",\"url\":\"https:\\\/\\\/lospoliticosveracruz.com\\\/\",\"name\":\"Los pol\u00edticos Veracruz\",\"description\":\"\",\"publisher\":{\"@id\":\"https:\\\/\\\/lospoliticosveracruz.com\\\/#organization\"},\"potentialAction\":[{\"@type\":\"SearchAction\",\"target\":{\"@type\":\"EntryPoint\",\"urlTemplate\":\"https:\\\/\\\/lospoliticosveracruz.com\\\/?s={search_term_string}\"},\"query-input\":{\"@type\":\"PropertyValueSpecification\",\"valueRequired\":true,\"valueName\":\"search_term_string\"}}],\"inLanguage\":\"es\"},{\"@type\":\"Organization\",\"@id\":\"https:\\\/\\\/lospoliticosveracruz.com\\\/#organization\",\"name\":\"Los pol\u00edticos Veracruz\",\"url\":\"https:\\\/\\\/lospoliticosveracruz.com\\\/\",\"logo\":{\"@type\":\"ImageObject\",\"inLanguage\":\"es\",\"@id\":\"https:\\\/\\\/lospoliticosveracruz.com\\\/#\\\/schema\\\/logo\\\/image\\\/\",\"url\":\"https:\\\/\\\/lospoliticosveracruz.com\\\/wp-content\\\/uploads\\\/2025\\\/12\\\/Logo-Nuevo-LOS-POLITICOS-1.jpg\",\"contentUrl\":\"https:\\\/\\\/lospoliticosveracruz.com\\\/wp-content\\\/uploads\\\/2025\\\/12\\\/Logo-Nuevo-LOS-POLITICOS-1.jpg\",\"width\":260,\"height\":70,\"caption\":\"Los pol\u00edticos Veracruz\"},\"image\":{\"@id\":\"https:\\\/\\\/lospoliticosveracruz.com\\\/#\\\/schema\\\/logo\\\/image\\\/\"},\"sameAs\":[\"https:\\\/\\\/www.facebook.com\\\/people\\\/Notimemes-de-los-Polticos\\\/61565672886568\\\/\",\"https:\\\/\\\/x.com\\\/LosPoliticosVer\"]},{\"@type\":\"Person\",\"@id\":\"https:\\\/\\\/lospoliticosveracruz.com\\\/#\\\/schema\\\/person\\\/b8702bb0e538456e6efd07080bf2a4a2\",\"name\":\"Lo viste en Los Pol\u00edticos\",\"image\":{\"@type\":\"ImageObject\",\"inLanguage\":\"es\",\"@id\":\"https:\\\/\\\/secure.gravatar.com\\\/avatar\\\/3a8de04a2656d44082be478bd6c086daa447c4651605818287b9532d3d0bd435?s=96&d=mm&r=g\",\"url\":\"https:\\\/\\\/secure.gravatar.com\\\/avatar\\\/3a8de04a2656d44082be478bd6c086daa447c4651605818287b9532d3d0bd435?s=96&d=mm&r=g\",\"contentUrl\":\"https:\\\/\\\/secure.gravatar.com\\\/avatar\\\/3a8de04a2656d44082be478bd6c086daa447c4651605818287b9532d3d0bd435?s=96&d=mm&r=g\",\"caption\":\"Lo viste en Los Pol\u00edticos\"},\"url\":\"https:\\\/\\\/lospoliticosveracruz.com\\\/?author=2\"}]}<\/script>\n<!-- \/ Yoast SEO plugin. -->","yoast_head_json":{"title":"VIOLENCIA POL\u00cdTICA CONTRA MUJERES - Los pol\u00edticos Veracruz","robots":{"index":"index","follow":"follow","max-snippet":"max-snippet:-1","max-image-preview":"max-image-preview:large","max-video-preview":"max-video-preview:-1"},"canonical":"https:\/\/lospoliticosveracruz.com\/?p=114169","og_locale":"es_ES","og_type":"article","og_title":"VIOLENCIA POL\u00cdTICA CONTRA MUJERES - Los pol\u00edticos Veracruz","og_description":"Enrique Yasser Pompeyo Mesa de Redacci\u00f3n La violencia pol\u00edtica en raz\u00f3n de g\u00e9nero en el pa\u00eds y particularmente en Veracruz se debe castigar con todo el peso de la ley, porque hasta el momento s\u00f3lo se queda en el discurso. El tema cobra relevancia ante el inicio del proceso electoral en la entidad, sobre todo, [&hellip;]","og_url":"https:\/\/lospoliticosveracruz.com\/?p=114169","og_site_name":"Los pol\u00edticos Veracruz","article_publisher":"https:\/\/www.facebook.com\/people\/Notimemes-de-los-Polticos\/61565672886568\/","article_published_time":"2023-11-13T01:54:02+00:00","article_modified_time":"2023-11-13T01:54:10+00:00","og_image":[{"width":200,"height":200,"url":"https:\/\/lospoliticosveracruz.com\/wp-content\/uploads\/2016\/07\/Logo-Dor.jpg","type":"image\/jpeg"}],"author":"Lo viste en Los Pol\u00edticos","twitter_card":"summary_large_image","twitter_creator":"@LosPoliticosVer","twitter_site":"@LosPoliticosVer","twitter_misc":{"Escrito por":"Lo viste en Los Pol\u00edticos","Tiempo de lectura":"3 minutos"},"schema":{"@context":"https:\/\/schema.org","@graph":[{"@type":"Article","@id":"https:\/\/lospoliticosveracruz.com\/?p=114169#article","isPartOf":{"@id":"https:\/\/lospoliticosveracruz.com\/?p=114169"},"author":{"name":"Lo viste en Los Pol\u00edticos","@id":"https:\/\/lospoliticosveracruz.com\/#\/schema\/person\/b8702bb0e538456e6efd07080bf2a4a2"},"headline":"VIOLENCIA POL\u00cdTICA CONTRA MUJERES","datePublished":"2023-11-13T01:54:02+00:00","dateModified":"2023-11-13T01:54:10+00:00","mainEntityOfPage":{"@id":"https:\/\/lospoliticosveracruz.com\/?p=114169"},"wordCount":534,"publisher":{"@id":"https:\/\/lospoliticosveracruz.com\/#organization"},"keywords":["Anil\u00fa Ingram Vallines","OPLE Veracruz","PRI","Veracruz"],"articleSection":["De Opini\u00f3n"],"inLanguage":"es"},{"@type":"WebPage","@id":"https:\/\/lospoliticosveracruz.com\/?p=114169","url":"https:\/\/lospoliticosveracruz.com\/?p=114169","name":"VIOLENCIA POL\u00cdTICA CONTRA MUJERES - Los pol\u00edticos Veracruz","isPartOf":{"@id":"https:\/\/lospoliticosveracruz.com\/#website"},"datePublished":"2023-11-13T01:54:02+00:00","dateModified":"2023-11-13T01:54:10+00:00","breadcrumb":{"@id":"https:\/\/lospoliticosveracruz.com\/?p=114169#breadcrumb"},"inLanguage":"es","potentialAction":[{"@type":"ReadAction","target":["https:\/\/lospoliticosveracruz.com\/?p=114169"]}]},{"@type":"BreadcrumbList","@id":"https:\/\/lospoliticosveracruz.com\/?p=114169#breadcrumb","itemListElement":[{"@type":"ListItem","position":1,"name":"Portada","item":"https:\/\/lospoliticosveracruz.com\/"},{"@type":"ListItem","position":2,"name":"VIOLENCIA POL\u00cdTICA CONTRA MUJERES"}]},{"@type":"WebSite","@id":"https:\/\/lospoliticosveracruz.com\/#website","url":"https:\/\/lospoliticosveracruz.com\/","name":"Los pol\u00edticos Veracruz","description":"","publisher":{"@id":"https:\/\/lospoliticosveracruz.com\/#organization"},"potentialAction":[{"@type":"SearchAction","target":{"@type":"EntryPoint","urlTemplate":"https:\/\/lospoliticosveracruz.com\/?s={search_term_string}"},"query-input":{"@type":"PropertyValueSpecification","valueRequired":true,"valueName":"search_term_string"}}],"inLanguage":"es"},{"@type":"Organization","@id":"https:\/\/lospoliticosveracruz.com\/#organization","name":"Los pol\u00edticos Veracruz","url":"https:\/\/lospoliticosveracruz.com\/","logo":{"@type":"ImageObject","inLanguage":"es","@id":"https:\/\/lospoliticosveracruz.com\/#\/schema\/logo\/image\/","url":"https:\/\/lospoliticosveracruz.com\/wp-content\/uploads\/2025\/12\/Logo-Nuevo-LOS-POLITICOS-1.jpg","contentUrl":"https:\/\/lospoliticosveracruz.com\/wp-content\/uploads\/2025\/12\/Logo-Nuevo-LOS-POLITICOS-1.jpg","width":260,"height":70,"caption":"Los pol\u00edticos Veracruz"},"image":{"@id":"https:\/\/lospoliticosveracruz.com\/#\/schema\/logo\/image\/"},"sameAs":["https:\/\/www.facebook.com\/people\/Notimemes-de-los-Polticos\/61565672886568\/","https:\/\/x.com\/LosPoliticosVer"]},{"@type":"Person","@id":"https:\/\/lospoliticosveracruz.com\/#\/schema\/person\/b8702bb0e538456e6efd07080bf2a4a2","name":"Lo viste en Los Pol\u00edticos","image":{"@type":"ImageObject","inLanguage":"es","@id":"https:\/\/secure.gravatar.com\/avatar\/3a8de04a2656d44082be478bd6c086daa447c4651605818287b9532d3d0bd435?s=96&d=mm&r=g","url":"https:\/\/secure.gravatar.com\/avatar\/3a8de04a2656d44082be478bd6c086daa447c4651605818287b9532d3d0bd435?s=96&d=mm&r=g","contentUrl":"https:\/\/secure.gravatar.com\/avatar\/3a8de04a2656d44082be478bd6c086daa447c4651605818287b9532d3d0bd435?s=96&d=mm&r=g","caption":"Lo viste en Los Pol\u00edticos"},"url":"https:\/\/lospoliticosveracruz.com\/?author=2"}]}},"_links":{"self":[{"href":"https:\/\/lospoliticosveracruz.com\/index.php?rest_route=\/wp\/v2\/posts\/114169","targetHints":{"allow":["GET"]}}],"collection":[{"href":"https:\/\/lospoliticosveracruz.com\/index.php?rest_route=\/wp\/v2\/posts"}],"about":[{"href":"https:\/\/lospoliticosveracruz.com\/index.php?rest_route=\/wp\/v2\/types\/post"}],"author":[{"embeddable":true,"href":"https:\/\/lospoliticosveracruz.com\/index.php?rest_route=\/wp\/v2\/users\/2"}],"replies":[{"embeddable":true,"href":"https:\/\/lospoliticosveracruz.com\/index.php?rest_route=%2Fwp%2Fv2%2Fcomments&post=114169"}],"version-history":[{"count":1,"href":"https:\/\/lospoliticosveracruz.com\/index.php?rest_route=\/wp\/v2\/posts\/114169\/revisions"}],"predecessor-version":[{"id":114170,"href":"https:\/\/lospoliticosveracruz.com\/index.php?rest_route=\/wp\/v2\/posts\/114169\/revisions\/114170"}],"wp:attachment":[{"href":"https:\/\/lospoliticosveracruz.com\/index.php?rest_route=%2Fwp%2Fv2%2Fmedia&parent=114169"}],"wp:term":[{"taxonomy":"category","embeddable":true,"href":"https:\/\/lospoliticosveracruz.com\/index.php?rest_route=%2Fwp%2Fv2%2Fcategories&post=114169"},{"taxonomy":"post_tag","embeddable":true,"href":"https:\/\/lospoliticosveracruz.com\/index.php?rest_route=%2Fwp%2Fv2%2Ftags&post=114169"}],"curies":[{"name":"wp","href":"https:\/\/api.w.org\/{rel}","templated":true}]}}