{"id":114191,"date":"2023-11-13T08:43:40","date_gmt":"2023-11-13T14:43:40","guid":{"rendered":"https:\/\/lospoliticosveracruz.com.mx\/?p=114191"},"modified":"2023-11-13T08:46:23","modified_gmt":"2023-11-13T14:46:23","slug":"lapsus-freudianos-de-xochitl","status":"publish","type":"post","link":"https:\/\/lospoliticosveracruz.com\/?p=114191","title":{"rendered":"LAPSUS FREUDIANOS DE X\u00d3CHITL"},"content":{"rendered":"\n<p><strong>Alejandro Bustos<br><\/strong><em>Sinapsis<\/em><\/p>\n\n\n\n<p>Los lapsus freudianos, tambi\u00e9n conocidos como actos fallidos, son errores verbales o acciones involuntarias que revelan pensamientos, deseos o sentimientos subconscientes reprimidos. Estos errores suelen ser interpretados desde una perspectiva psicoanal\u00edtica como revelaciones inadvertidas de la mente inconsciente de una persona. En otras palabras, podr\u00edan revelar impulsos prohibidos que estar\u00edan siendo bloqueados para impedir el paso de pensamientos internos.<\/p>\n\n\n<div class=\"wp-block-image\">\n<figure class=\"alignleft size-medium\"><a href=\"https:\/\/lospoliticosveracruz.com.mx\/wp-content\/uploads\/2021\/10\/WhatsApp-Image-2021-10-02-at-15.20.25.jpeg\"><img loading=\"lazy\" decoding=\"async\" width=\"212\" height=\"300\" src=\"https:\/\/lospoliticosveracruz.com.mx\/wp-content\/uploads\/2021\/10\/WhatsApp-Image-2021-10-02-at-15.20.25-212x300.jpeg\" alt=\"\" class=\"wp-image-80177\" srcset=\"https:\/\/lospoliticosveracruz.com\/wp-content\/uploads\/2021\/10\/WhatsApp-Image-2021-10-02-at-15.20.25-212x300.jpeg 212w, https:\/\/lospoliticosveracruz.com\/wp-content\/uploads\/2021\/10\/WhatsApp-Image-2021-10-02-at-15.20.25-724x1024.jpeg 724w, https:\/\/lospoliticosveracruz.com\/wp-content\/uploads\/2021\/10\/WhatsApp-Image-2021-10-02-at-15.20.25-768x1086.jpeg 768w, https:\/\/lospoliticosveracruz.com\/wp-content\/uploads\/2021\/10\/WhatsApp-Image-2021-10-02-at-15.20.25.jpeg 905w\" sizes=\"auto, (max-width: 212px) 100vw, 212px\" \/><\/a><\/figure>\n<\/div>\n\n\n<p>El concepto fue desarrollado por el padre del psicoan\u00e1lisis, Sigmund Freud (de ah\u00ed el nombre), y se utiliza para analizar el contenido oculto detr\u00e1s de errores cotidianos, como deslizamientos de lengua u olvidos.<\/p>\n\n\n\n<p>Naturalmente, es una teor\u00eda psicoanal\u00edtica, por lo que no podemos asegurar que sea 100% infalible, aunque s\u00ed muy reveladora; m\u00e1xime, cuando nos topamos con un caso tan evidente como el de X\u00f3chitl G\u00e1lvez y su profundo desprecio por el PRI y su dirigente nacional, Alito Moreno.<\/p>\n\n\n\n<p>Y es que no han sido ni una ni dos veces; en los \u00faltimos meses, hasta en tres ocasiones se le ha \u201cido la lengua\u201d en contra del m\u00e1ximo dirigente del Revolucionario Institucional. Pero, lo peor de todo, es que dos de esos deslices ocurrieron esta semana pasada.<\/p>\n\n\n\n<p>Al explicar ante la prensa c\u00f3mo conformar\u00eda su potencial gabinete, claramente uni\u00f3 al exgobernador de Campeche al grupo de los descartados: \u201cYo no invitar\u00eda a Manuel Bartlett jam\u00e1s a mi gobierno, nunca. Ni a Alit.. ni a Nacho Ovalle..\u201d. Al haber reculado de inmediato, el incidente qued\u00f3 en una an\u00e9cdota; no obstante, un par de d\u00edas despu\u00e9s, se repiti\u00f3 la pifia, y sus posibles intenciones ocultas quedaron patentes de cara la opini\u00f3n p\u00fablica.<\/p>\n\n\n\n<p>La futura candidata presidencial del FAM fue m\u00e1s all\u00e1 e incluso lo llam\u00f3 mal priista: \u201cHay muy malos priistas con los que no trabajar\u00eda, como Bartlett, Alito o como el exgobernador de Hidalgo, Fayad..\u201d \u201c..Tenemos una bola de oportunistas que brincan de un lado para otro. Entonces yo estoy contenta con esta alianza\u201d.<\/p>\n\n\n\n<p>M\u00e1s tarde, en ese mismo evento, explic\u00f3 que todo se hab\u00eda tratado de un mal entendido; aclar\u00f3 que siente mucho respeto por Moreno, y se dijo muy contenta de trabajar con \u00e9l para sacar adelante al pa\u00eds. Aunque el propio Alito le rest\u00f3 importancia y catalog\u00f3 el evento como un simple \u201clapsus mental\u201d, es innegable que dichos comentarios causaron malestar al interior de su partido porque puso en duda su legitimidad como l\u00edder nacional y cre\u00f3 un debate innecesario.<\/p>\n\n\n\n<p>No se necesita ser Carl Jung o el propio Freud para llegar a una conclusi\u00f3n manifiesta: X\u00f3chitl no tolera al PRI ni a su presidente. Aclaro que tampoco es necesario que sean mejores amigos; en pol\u00edtica, vale con ser institucional y respetar los acuerdos alcanzados con las dirigencias pol\u00edticas que te van a respaldar como candidato de su partido; por lo que me parece un descuido irresponsable por parte de la a\u00fan senadora G\u00e1lvez, porque sus deslices s\u00f3lo sirven para alimentar las especulaciones de sus mal querientes.<\/p>\n\n\n\n<p>El FAM no hace sinapsis.<\/p>\n\n\n\n<p>Hoy por hoy, la candidatura de X\u00f3chitl, seg\u00fan todas las casas encuestadoras nacionales e internacionales, siguen posicion\u00e1ndola en segundo lugar pero 20 puntos por debajo de la candidata oficialista, Claudia Sheinbaum.<\/p>\n\n\n\n<p>Su plataforma sigue sin llegarle a la gente, y el FAM sigue naufragando en un mar de indecisiones y desorganizaciones. Mientras los de Morena (en medio de empujones y guerras sucias) ya lograron ponerse de acuerdo y ya nombraron a todos sus futuros candidatos en las entidades donde se celebrar\u00e1n elecciones el a\u00f1o entrante, los del Frente siguen perdiendo el tiempo como si les sobrara. Incluso, el propio Movimiento Ciudadano, ya empez\u00f3 a dar pasos sobre su propio proceso interno.<\/p>\n\n\n\n<p>En periodismo se sabe que el arranque de los fines de semana son d\u00edas pr\u00e1cticamente muertos para las rotativas informativas, por lo que cualquier noticia que nace muerta emana en viernes por la tarde; sin embargo, es innegable que los de Morena lograron poner en vilo a todo el periodismo nacional para dar a conocer el resultado de sus procesos internos para elegir coordinadores de defensa de la 4T, como ellos le llaman. Eran las 4:00 am del s\u00e1bado 11 del mes en curso, cuando Mario Delgado y sus aliados decidieron oficializar los resultados de sus presuntas encuestas internas y movieron la agenda nacional con ello. \u00bfY del FAM? Ni sus luces.<\/p>\n\n\n\n<p>Ya corr\u00eda la tarde de ese mismo s\u00e1bado cuando la dirigencia nacional de Acci\u00f3n Nacional decidi\u00f3 lanzar al alcalde de la Benito Ju\u00e1rez, Santiago Taboada, como candidato \u00fanico por la CDMX. Las propias aspirantes, Margarita Zavala y L\u00eda Lim\u00f3n, declinaron de sus intenciones y lo respaldaron. La sorpresa ser\u00eda que un par de horas m\u00e1s tarde, el PRI capitalino publicar\u00eda un comunicado aclarando que para ellos a\u00fan NO hab\u00eda candidato o candidata. \u201cSon unos pobres pendejos\u201d, les llam\u00f3 L\u00f3pez-D\u00f3riga en su cuenta personal de X\/Twitter, como manera de sacar su frustraci\u00f3n ante la desorganizaci\u00f3n del frente opositor.<\/p>\n\n\n\n<p>La diferencia entre la plataforma del FAM y la de Sheinbaum, es que esta \u00faltima es totalmente presidencialista; lo que quiere decir que el liderazgo y la toma de decisiones de la alianza opositora, recae principalmente en la exdelegada de la Miguel Hidalgo. Por desgracia para los que la integran, parece que no se ha logrado imponer o no tiene el inter\u00e9s por hacerlo.<\/p>\n\n\n\n<p>De hecho, ella misma lo admiti\u00f3 durante su comparecencia en el marco de su informe de actividades: \u201cPude haber claudicado muchas veces; motivos y obst\u00e1culos no me faltaron. La verdad de las cosas, es que lo he intentado en m\u00e1s de una ocasi\u00f3n\u2026 y ya se me fue el discurso\u2026\u201d y procedi\u00f3 a echar un par de risas nerviosas para justificar que perdi\u00f3 el hilo de su propio discurso que, probablemente, ni siquiera ley\u00f3 antes de pronunciarlo. X\u00f3chitl empez\u00f3 a caer bien por su actitud rebelde y dicharachera, pero algunos le han pedido que se tome su candidatura m\u00e1s en serio y deje las improvisaciones de lado, ya que tiende a abusar de este recurso y no de manera especialmente brillante. Y es que el problema ahora parece ir m\u00e1s all\u00e1 de una simple desconcentraci\u00f3n, ya que su subconsciente la traiciona cada vez de manera m\u00e1s frecuente.<\/p>\n\n\n\n<p>Es necesario que ponga orden, y esta misma semana le pida a las dirigencias de los partidos que respeten el pacto nacional y se integren al FAM en todos los estados. Menciono lo anterior porque no s\u00f3lo en la CDMX, sino en Veracruz ni siquiera hay claridad del acuerdo pol\u00edtico, ni de cu\u00e1ndo se constituir\u00eda. Se presumen las intenciones de lograrlo, pero no se ve que haya movimiento. Los \u00fanicos que han intensificado la rumorolog\u00eda sobre el candidato que abanderar\u00e1 al FAV, son los periodistas afines a Jos\u00e9 Yunes que nos aseguran que la decisi\u00f3n est\u00e1 tomada y no hay vuelta atr\u00e1s. De ser as\u00ed, es urgente que se oficialice a la mayor brevedad posible para evitar la especulaci\u00f3n y lograr atar a los cuadros de los dem\u00e1s aspirantes para llegar al 2024 con unidad, ya que es la \u00fanica forma de ganar.<\/p>\n\n\n\n<p>El remate.<\/p>\n\n\n\n<p>Aunque Pepe ha sido respetuoso con los tiempos y ha guardado silencio -imagino para no incurrir en desacato, seg\u00fan lo marca la ley electoral- es de suponer que le hayan entrado las prisas. Una vez que se oficializ\u00f3 la precandidatura de Roc\u00edo Nahle, la exsecretaria de energ\u00eda no perdi\u00f3 el tiempo y su primer mitin lo realiz\u00f3 precisamente en Perote, tierra pepina. Sea simb\u00f3lico o no, la realidad es que le lanzaron el mensaje de que asumen que \u00e9l ser\u00e1 el rival de la competencia pero que saben que son capaces de plantarse en su propia terreno para echarle un pulso que, de momento, ella empieza ganando.<\/p>\n\n\n\n<p>Referencias:<br>\u201cLapsus freudianos\u201d.<br><strong><em><a href=\"https:\/\/www.acfilosofia.org\/materias\/psicologia-2-bachillerato\/en-breve\/594-lapsus-freudianos.html#google_vignette\">https:\/\/www.acfilosofia.org\/materias\/psicologia-2-bachillerato\/en-breve\/594-lapsus-freudianos.html#google_vignette<\/a><\/em><\/strong><\/p>\n\n\n\n<p>Comentarios:<br>X\/Twitter: @alecbustos<br>Mail: alejandrobustosf@gmail.com<\/p>\n","protected":false},"excerpt":{"rendered":"<p>Alejandro BustosSinapsis Los lapsus freudianos, tambi\u00e9n conocidos como actos fallidos, son errores verbales o acciones involuntarias que revelan pensamientos, deseos o sentimientos subconscientes reprimidos. Estos errores suelen ser interpretados desde una perspectiva psicoanal\u00edtica como revelaciones inadvertidas de la mente inconsciente de una persona. En otras palabras, podr\u00edan revelar impulsos prohibidos que estar\u00edan siendo bloqueados para [&hellip;]<\/p>\n","protected":false},"author":2,"featured_media":0,"comment_status":"closed","ping_status":"closed","sticky":false,"template":"","format":"standard","meta":{"tdm_status":"","tdm_grid_status":"","footnotes":""},"categories":[70],"tags":[24359,17531],"class_list":{"0":"post-114191","1":"post","2":"type-post","3":"status-publish","4":"format-standard","6":"category-de-opinion","7":"tag-alito-moreno","8":"tag-xochitl-galvez"},"yoast_head":"<!-- This site is optimized with the Yoast SEO plugin v27.4 - https:\/\/yoast.com\/product\/yoast-seo-wordpress\/ -->\n<title>LAPSUS FREUDIANOS DE X\u00d3CHITL - Los pol\u00edticos Veracruz<\/title>\n<meta name=\"robots\" content=\"index, follow, max-snippet:-1, max-image-preview:large, max-video-preview:-1\" \/>\n<link rel=\"canonical\" href=\"https:\/\/lospoliticosveracruz.com\/?p=114191\" \/>\n<meta property=\"og:locale\" content=\"es_ES\" \/>\n<meta property=\"og:type\" content=\"article\" \/>\n<meta property=\"og:title\" content=\"LAPSUS FREUDIANOS DE X\u00d3CHITL - Los pol\u00edticos Veracruz\" \/>\n<meta property=\"og:description\" content=\"Alejandro BustosSinapsis Los lapsus freudianos, tambi\u00e9n conocidos como actos fallidos, son errores verbales o acciones involuntarias que revelan pensamientos, deseos o sentimientos subconscientes reprimidos. Estos errores suelen ser interpretados desde una perspectiva psicoanal\u00edtica como revelaciones inadvertidas de la mente inconsciente de una persona. En otras palabras, podr\u00edan revelar impulsos prohibidos que estar\u00edan siendo bloqueados para [&hellip;]\" \/>\n<meta property=\"og:url\" content=\"https:\/\/lospoliticosveracruz.com\/?p=114191\" \/>\n<meta property=\"og:site_name\" content=\"Los pol\u00edticos Veracruz\" \/>\n<meta property=\"article:publisher\" content=\"https:\/\/www.facebook.com\/people\/Notimemes-de-los-Polticos\/61565672886568\/\" \/>\n<meta property=\"article:published_time\" content=\"2023-11-13T14:43:40+00:00\" \/>\n<meta property=\"article:modified_time\" content=\"2023-11-13T14:46:23+00:00\" \/>\n<meta property=\"og:image\" content=\"https:\/\/lospoliticosveracruz.com.mx\/wp-content\/uploads\/2021\/10\/WhatsApp-Image-2021-10-02-at-15.20.25-212x300.jpeg\" \/>\n<meta name=\"author\" content=\"Lo viste en Los Pol\u00edticos\" \/>\n<meta name=\"twitter:card\" content=\"summary_large_image\" \/>\n<meta name=\"twitter:creator\" content=\"@LosPoliticosVer\" \/>\n<meta name=\"twitter:site\" content=\"@LosPoliticosVer\" \/>\n<meta name=\"twitter:label1\" content=\"Escrito por\" \/>\n\t<meta name=\"twitter:data1\" content=\"Lo viste en Los Pol\u00edticos\" \/>\n\t<meta name=\"twitter:label2\" content=\"Tiempo de lectura\" \/>\n\t<meta name=\"twitter:data2\" content=\"7 minutos\" \/>\n<script type=\"application\/ld+json\" class=\"yoast-schema-graph\">{\"@context\":\"https:\\\/\\\/schema.org\",\"@graph\":[{\"@type\":\"Article\",\"@id\":\"https:\\\/\\\/lospoliticosveracruz.com\\\/?p=114191#article\",\"isPartOf\":{\"@id\":\"https:\\\/\\\/lospoliticosveracruz.com\\\/?p=114191\"},\"author\":{\"name\":\"Lo viste en Los Pol\u00edticos\",\"@id\":\"https:\\\/\\\/lospoliticosveracruz.com\\\/#\\\/schema\\\/person\\\/b8702bb0e538456e6efd07080bf2a4a2\"},\"headline\":\"LAPSUS FREUDIANOS DE X\u00d3CHITL\",\"datePublished\":\"2023-11-13T14:43:40+00:00\",\"dateModified\":\"2023-11-13T14:46:23+00:00\",\"mainEntityOfPage\":{\"@id\":\"https:\\\/\\\/lospoliticosveracruz.com\\\/?p=114191\"},\"wordCount\":1371,\"publisher\":{\"@id\":\"https:\\\/\\\/lospoliticosveracruz.com\\\/#organization\"},\"image\":{\"@id\":\"https:\\\/\\\/lospoliticosveracruz.com\\\/?p=114191#primaryimage\"},\"thumbnailUrl\":\"https:\\\/\\\/lospoliticosveracruz.com.mx\\\/wp-content\\\/uploads\\\/2021\\\/10\\\/WhatsApp-Image-2021-10-02-at-15.20.25-212x300.jpeg\",\"keywords\":[\"Alito Moreno\",\"X\u00f3chitl G\u00e1lvez\"],\"articleSection\":[\"De Opini\u00f3n\"],\"inLanguage\":\"es\"},{\"@type\":\"WebPage\",\"@id\":\"https:\\\/\\\/lospoliticosveracruz.com\\\/?p=114191\",\"url\":\"https:\\\/\\\/lospoliticosveracruz.com\\\/?p=114191\",\"name\":\"LAPSUS FREUDIANOS DE X\u00d3CHITL - Los pol\u00edticos Veracruz\",\"isPartOf\":{\"@id\":\"https:\\\/\\\/lospoliticosveracruz.com\\\/#website\"},\"primaryImageOfPage\":{\"@id\":\"https:\\\/\\\/lospoliticosveracruz.com\\\/?p=114191#primaryimage\"},\"image\":{\"@id\":\"https:\\\/\\\/lospoliticosveracruz.com\\\/?p=114191#primaryimage\"},\"thumbnailUrl\":\"https:\\\/\\\/lospoliticosveracruz.com.mx\\\/wp-content\\\/uploads\\\/2021\\\/10\\\/WhatsApp-Image-2021-10-02-at-15.20.25-212x300.jpeg\",\"datePublished\":\"2023-11-13T14:43:40+00:00\",\"dateModified\":\"2023-11-13T14:46:23+00:00\",\"breadcrumb\":{\"@id\":\"https:\\\/\\\/lospoliticosveracruz.com\\\/?p=114191#breadcrumb\"},\"inLanguage\":\"es\",\"potentialAction\":[{\"@type\":\"ReadAction\",\"target\":[\"https:\\\/\\\/lospoliticosveracruz.com\\\/?p=114191\"]}]},{\"@type\":\"ImageObject\",\"inLanguage\":\"es\",\"@id\":\"https:\\\/\\\/lospoliticosveracruz.com\\\/?p=114191#primaryimage\",\"url\":\"https:\\\/\\\/lospoliticosveracruz.com.mx\\\/wp-content\\\/uploads\\\/2021\\\/10\\\/WhatsApp-Image-2021-10-02-at-15.20.25-212x300.jpeg\",\"contentUrl\":\"https:\\\/\\\/lospoliticosveracruz.com.mx\\\/wp-content\\\/uploads\\\/2021\\\/10\\\/WhatsApp-Image-2021-10-02-at-15.20.25-212x300.jpeg\"},{\"@type\":\"BreadcrumbList\",\"@id\":\"https:\\\/\\\/lospoliticosveracruz.com\\\/?p=114191#breadcrumb\",\"itemListElement\":[{\"@type\":\"ListItem\",\"position\":1,\"name\":\"Portada\",\"item\":\"https:\\\/\\\/lospoliticosveracruz.com\\\/\"},{\"@type\":\"ListItem\",\"position\":2,\"name\":\"LAPSUS FREUDIANOS DE X\u00d3CHITL\"}]},{\"@type\":\"WebSite\",\"@id\":\"https:\\\/\\\/lospoliticosveracruz.com\\\/#website\",\"url\":\"https:\\\/\\\/lospoliticosveracruz.com\\\/\",\"name\":\"Los pol\u00edticos Veracruz\",\"description\":\"\",\"publisher\":{\"@id\":\"https:\\\/\\\/lospoliticosveracruz.com\\\/#organization\"},\"potentialAction\":[{\"@type\":\"SearchAction\",\"target\":{\"@type\":\"EntryPoint\",\"urlTemplate\":\"https:\\\/\\\/lospoliticosveracruz.com\\\/?s={search_term_string}\"},\"query-input\":{\"@type\":\"PropertyValueSpecification\",\"valueRequired\":true,\"valueName\":\"search_term_string\"}}],\"inLanguage\":\"es\"},{\"@type\":\"Organization\",\"@id\":\"https:\\\/\\\/lospoliticosveracruz.com\\\/#organization\",\"name\":\"Los pol\u00edticos Veracruz\",\"url\":\"https:\\\/\\\/lospoliticosveracruz.com\\\/\",\"logo\":{\"@type\":\"ImageObject\",\"inLanguage\":\"es\",\"@id\":\"https:\\\/\\\/lospoliticosveracruz.com\\\/#\\\/schema\\\/logo\\\/image\\\/\",\"url\":\"https:\\\/\\\/lospoliticosveracruz.com\\\/wp-content\\\/uploads\\\/2025\\\/12\\\/Logo-Nuevo-LOS-POLITICOS-1.jpg\",\"contentUrl\":\"https:\\\/\\\/lospoliticosveracruz.com\\\/wp-content\\\/uploads\\\/2025\\\/12\\\/Logo-Nuevo-LOS-POLITICOS-1.jpg\",\"width\":260,\"height\":70,\"caption\":\"Los pol\u00edticos Veracruz\"},\"image\":{\"@id\":\"https:\\\/\\\/lospoliticosveracruz.com\\\/#\\\/schema\\\/logo\\\/image\\\/\"},\"sameAs\":[\"https:\\\/\\\/www.facebook.com\\\/people\\\/Notimemes-de-los-Polticos\\\/61565672886568\\\/\",\"https:\\\/\\\/x.com\\\/LosPoliticosVer\"]},{\"@type\":\"Person\",\"@id\":\"https:\\\/\\\/lospoliticosveracruz.com\\\/#\\\/schema\\\/person\\\/b8702bb0e538456e6efd07080bf2a4a2\",\"name\":\"Lo viste en Los Pol\u00edticos\",\"image\":{\"@type\":\"ImageObject\",\"inLanguage\":\"es\",\"@id\":\"https:\\\/\\\/secure.gravatar.com\\\/avatar\\\/3a8de04a2656d44082be478bd6c086daa447c4651605818287b9532d3d0bd435?s=96&d=mm&r=g\",\"url\":\"https:\\\/\\\/secure.gravatar.com\\\/avatar\\\/3a8de04a2656d44082be478bd6c086daa447c4651605818287b9532d3d0bd435?s=96&d=mm&r=g\",\"contentUrl\":\"https:\\\/\\\/secure.gravatar.com\\\/avatar\\\/3a8de04a2656d44082be478bd6c086daa447c4651605818287b9532d3d0bd435?s=96&d=mm&r=g\",\"caption\":\"Lo viste en Los Pol\u00edticos\"},\"url\":\"https:\\\/\\\/lospoliticosveracruz.com\\\/?author=2\"}]}<\/script>\n<!-- \/ Yoast SEO plugin. -->","yoast_head_json":{"title":"LAPSUS FREUDIANOS DE X\u00d3CHITL - Los pol\u00edticos Veracruz","robots":{"index":"index","follow":"follow","max-snippet":"max-snippet:-1","max-image-preview":"max-image-preview:large","max-video-preview":"max-video-preview:-1"},"canonical":"https:\/\/lospoliticosveracruz.com\/?p=114191","og_locale":"es_ES","og_type":"article","og_title":"LAPSUS FREUDIANOS DE X\u00d3CHITL - Los pol\u00edticos Veracruz","og_description":"Alejandro BustosSinapsis Los lapsus freudianos, tambi\u00e9n conocidos como actos fallidos, son errores verbales o acciones involuntarias que revelan pensamientos, deseos o sentimientos subconscientes reprimidos. Estos errores suelen ser interpretados desde una perspectiva psicoanal\u00edtica como revelaciones inadvertidas de la mente inconsciente de una persona. En otras palabras, podr\u00edan revelar impulsos prohibidos que estar\u00edan siendo bloqueados para [&hellip;]","og_url":"https:\/\/lospoliticosveracruz.com\/?p=114191","og_site_name":"Los pol\u00edticos Veracruz","article_publisher":"https:\/\/www.facebook.com\/people\/Notimemes-de-los-Polticos\/61565672886568\/","article_published_time":"2023-11-13T14:43:40+00:00","article_modified_time":"2023-11-13T14:46:23+00:00","og_image":[{"url":"https:\/\/lospoliticosveracruz.com.mx\/wp-content\/uploads\/2021\/10\/WhatsApp-Image-2021-10-02-at-15.20.25-212x300.jpeg","type":"","width":"","height":""}],"author":"Lo viste en Los Pol\u00edticos","twitter_card":"summary_large_image","twitter_creator":"@LosPoliticosVer","twitter_site":"@LosPoliticosVer","twitter_misc":{"Escrito por":"Lo viste en Los Pol\u00edticos","Tiempo de lectura":"7 minutos"},"schema":{"@context":"https:\/\/schema.org","@graph":[{"@type":"Article","@id":"https:\/\/lospoliticosveracruz.com\/?p=114191#article","isPartOf":{"@id":"https:\/\/lospoliticosveracruz.com\/?p=114191"},"author":{"name":"Lo viste en Los Pol\u00edticos","@id":"https:\/\/lospoliticosveracruz.com\/#\/schema\/person\/b8702bb0e538456e6efd07080bf2a4a2"},"headline":"LAPSUS FREUDIANOS DE X\u00d3CHITL","datePublished":"2023-11-13T14:43:40+00:00","dateModified":"2023-11-13T14:46:23+00:00","mainEntityOfPage":{"@id":"https:\/\/lospoliticosveracruz.com\/?p=114191"},"wordCount":1371,"publisher":{"@id":"https:\/\/lospoliticosveracruz.com\/#organization"},"image":{"@id":"https:\/\/lospoliticosveracruz.com\/?p=114191#primaryimage"},"thumbnailUrl":"https:\/\/lospoliticosveracruz.com.mx\/wp-content\/uploads\/2021\/10\/WhatsApp-Image-2021-10-02-at-15.20.25-212x300.jpeg","keywords":["Alito Moreno","X\u00f3chitl G\u00e1lvez"],"articleSection":["De Opini\u00f3n"],"inLanguage":"es"},{"@type":"WebPage","@id":"https:\/\/lospoliticosveracruz.com\/?p=114191","url":"https:\/\/lospoliticosveracruz.com\/?p=114191","name":"LAPSUS FREUDIANOS DE X\u00d3CHITL - Los pol\u00edticos Veracruz","isPartOf":{"@id":"https:\/\/lospoliticosveracruz.com\/#website"},"primaryImageOfPage":{"@id":"https:\/\/lospoliticosveracruz.com\/?p=114191#primaryimage"},"image":{"@id":"https:\/\/lospoliticosveracruz.com\/?p=114191#primaryimage"},"thumbnailUrl":"https:\/\/lospoliticosveracruz.com.mx\/wp-content\/uploads\/2021\/10\/WhatsApp-Image-2021-10-02-at-15.20.25-212x300.jpeg","datePublished":"2023-11-13T14:43:40+00:00","dateModified":"2023-11-13T14:46:23+00:00","breadcrumb":{"@id":"https:\/\/lospoliticosveracruz.com\/?p=114191#breadcrumb"},"inLanguage":"es","potentialAction":[{"@type":"ReadAction","target":["https:\/\/lospoliticosveracruz.com\/?p=114191"]}]},{"@type":"ImageObject","inLanguage":"es","@id":"https:\/\/lospoliticosveracruz.com\/?p=114191#primaryimage","url":"https:\/\/lospoliticosveracruz.com.mx\/wp-content\/uploads\/2021\/10\/WhatsApp-Image-2021-10-02-at-15.20.25-212x300.jpeg","contentUrl":"https:\/\/lospoliticosveracruz.com.mx\/wp-content\/uploads\/2021\/10\/WhatsApp-Image-2021-10-02-at-15.20.25-212x300.jpeg"},{"@type":"BreadcrumbList","@id":"https:\/\/lospoliticosveracruz.com\/?p=114191#breadcrumb","itemListElement":[{"@type":"ListItem","position":1,"name":"Portada","item":"https:\/\/lospoliticosveracruz.com\/"},{"@type":"ListItem","position":2,"name":"LAPSUS FREUDIANOS DE X\u00d3CHITL"}]},{"@type":"WebSite","@id":"https:\/\/lospoliticosveracruz.com\/#website","url":"https:\/\/lospoliticosveracruz.com\/","name":"Los pol\u00edticos Veracruz","description":"","publisher":{"@id":"https:\/\/lospoliticosveracruz.com\/#organization"},"potentialAction":[{"@type":"SearchAction","target":{"@type":"EntryPoint","urlTemplate":"https:\/\/lospoliticosveracruz.com\/?s={search_term_string}"},"query-input":{"@type":"PropertyValueSpecification","valueRequired":true,"valueName":"search_term_string"}}],"inLanguage":"es"},{"@type":"Organization","@id":"https:\/\/lospoliticosveracruz.com\/#organization","name":"Los pol\u00edticos Veracruz","url":"https:\/\/lospoliticosveracruz.com\/","logo":{"@type":"ImageObject","inLanguage":"es","@id":"https:\/\/lospoliticosveracruz.com\/#\/schema\/logo\/image\/","url":"https:\/\/lospoliticosveracruz.com\/wp-content\/uploads\/2025\/12\/Logo-Nuevo-LOS-POLITICOS-1.jpg","contentUrl":"https:\/\/lospoliticosveracruz.com\/wp-content\/uploads\/2025\/12\/Logo-Nuevo-LOS-POLITICOS-1.jpg","width":260,"height":70,"caption":"Los pol\u00edticos Veracruz"},"image":{"@id":"https:\/\/lospoliticosveracruz.com\/#\/schema\/logo\/image\/"},"sameAs":["https:\/\/www.facebook.com\/people\/Notimemes-de-los-Polticos\/61565672886568\/","https:\/\/x.com\/LosPoliticosVer"]},{"@type":"Person","@id":"https:\/\/lospoliticosveracruz.com\/#\/schema\/person\/b8702bb0e538456e6efd07080bf2a4a2","name":"Lo viste en Los Pol\u00edticos","image":{"@type":"ImageObject","inLanguage":"es","@id":"https:\/\/secure.gravatar.com\/avatar\/3a8de04a2656d44082be478bd6c086daa447c4651605818287b9532d3d0bd435?s=96&d=mm&r=g","url":"https:\/\/secure.gravatar.com\/avatar\/3a8de04a2656d44082be478bd6c086daa447c4651605818287b9532d3d0bd435?s=96&d=mm&r=g","contentUrl":"https:\/\/secure.gravatar.com\/avatar\/3a8de04a2656d44082be478bd6c086daa447c4651605818287b9532d3d0bd435?s=96&d=mm&r=g","caption":"Lo viste en Los Pol\u00edticos"},"url":"https:\/\/lospoliticosveracruz.com\/?author=2"}]}},"_links":{"self":[{"href":"https:\/\/lospoliticosveracruz.com\/index.php?rest_route=\/wp\/v2\/posts\/114191","targetHints":{"allow":["GET"]}}],"collection":[{"href":"https:\/\/lospoliticosveracruz.com\/index.php?rest_route=\/wp\/v2\/posts"}],"about":[{"href":"https:\/\/lospoliticosveracruz.com\/index.php?rest_route=\/wp\/v2\/types\/post"}],"author":[{"embeddable":true,"href":"https:\/\/lospoliticosveracruz.com\/index.php?rest_route=\/wp\/v2\/users\/2"}],"replies":[{"embeddable":true,"href":"https:\/\/lospoliticosveracruz.com\/index.php?rest_route=%2Fwp%2Fv2%2Fcomments&post=114191"}],"version-history":[{"count":2,"href":"https:\/\/lospoliticosveracruz.com\/index.php?rest_route=\/wp\/v2\/posts\/114191\/revisions"}],"predecessor-version":[{"id":114194,"href":"https:\/\/lospoliticosveracruz.com\/index.php?rest_route=\/wp\/v2\/posts\/114191\/revisions\/114194"}],"wp:attachment":[{"href":"https:\/\/lospoliticosveracruz.com\/index.php?rest_route=%2Fwp%2Fv2%2Fmedia&parent=114191"}],"wp:term":[{"taxonomy":"category","embeddable":true,"href":"https:\/\/lospoliticosveracruz.com\/index.php?rest_route=%2Fwp%2Fv2%2Fcategories&post=114191"},{"taxonomy":"post_tag","embeddable":true,"href":"https:\/\/lospoliticosveracruz.com\/index.php?rest_route=%2Fwp%2Fv2%2Ftags&post=114191"}],"curies":[{"name":"wp","href":"https:\/\/api.w.org\/{rel}","templated":true}]}}