{"id":114195,"date":"2023-11-13T10:10:51","date_gmt":"2023-11-13T16:10:51","guid":{"rendered":"https:\/\/lospoliticosveracruz.com.mx\/?p=114195"},"modified":"2023-11-13T10:10:57","modified_gmt":"2023-11-13T16:10:57","slug":"ser-inteligente-o-un-vulgar-ambicioso","status":"publish","type":"post","link":"https:\/\/lospoliticosveracruz.com\/?p=114195","title":{"rendered":"SER INTELIGENTE O UN VULGAR AMBICIOSO"},"content":{"rendered":"\n<p><strong>Vicente Luna Hern\u00e1ndez<\/strong><\/p>\n\n\n\n<p>Entre quedarse en un partido pol\u00edtico &#8211; en este caso morena, partido verde o PT &#8211;\u00a0\u00a0o decidir buscar\u00a0\u00a0espacios en otra fuerza pol\u00edtica hay una diferencia: ser inteligente o un vulgar ambicioso, &#8211; es el pensamiento en Palacio Nacional &#8211;\u00a0\u00a0los que han cambiado de camiseta partidista durante este sexenio \u00bfson unos ambiciosos vulgares? \u00bfLos que han cambiado de camiseta durante su trayectoria pol\u00edtica, son unos politiqueros, arribistas o grillos? \u00bfCuantos pol\u00edticos que hoy gozan de las mieles de poder les queda la etiqueta? \u00bfAnte la cerraz\u00f3n de las elites partidistas se debe uno quedar callado como momias? \u00bfAnte las ambiciones vulgares de las dirigencias partidistas se debe actuar con sumisi\u00f3n y silencio? Quien est\u00e9 libre de pecado que tire la primera piedra.<\/p>\n\n\n<div class=\"wp-block-image\">\n<figure class=\"alignleft size-full is-resized\"><a href=\"https:\/\/lospoliticosveracruz.com.mx\/wp-content\/uploads\/2023\/02\/Vinissimo.jpg\"><img loading=\"lazy\" decoding=\"async\" src=\"https:\/\/lospoliticosveracruz.com.mx\/wp-content\/uploads\/2023\/02\/Vinissimo.jpg\" alt=\"\" class=\"wp-image-102752\" width=\"175\" height=\"178\"\/><\/a><\/figure>\n<\/div>\n\n\n<p>En pol\u00edtica nadie tiene la verdad absoluta, cada quien habla de acuerdo a sus circunstancias y trabajo pol\u00edtico, cada quien trae su propia historia y quien hoy al ser favorecido defiende con vehemencia un partido ma\u00f1ana &#8211; al no ser elegido &#8211; se caracteriza por denostar ese color y sin ning\u00fan rubor ni verg\u00fcenza presume otra camiseta, \u00bfson del mismo linaje aquellos que se han enriquecido bajo los colores de un partido y aquellos que buscan m\u00e1s y mejores oportunidades en la pol\u00edtica? \u00bfAcaso se vale que los revuelvan en el mismo costal? \u00bfLa tenacidad, la perseverancia y la lucha por un proyecto es sin\u00f3nimo de una ambici\u00f3n vulgar?<\/p>\n\n\n\n<p>\u00bfAcaso permitir pisotear los derechos pol\u00edticos y la trayectoria partidista por parte de un dirigente &#8211; por mucha popularidad que presuma &#8211; significa que la v\u00edctima es inteligente? aquellos opositores que han aceptado una embajada o formar parte del actual gobierno \u00bfen qu\u00e9 canasta entran? \u00bfEl patriotismo, el amor al pueblo&nbsp;&nbsp;solo tiene un color partidista? \u00bfCu\u00e1l es el poder divino que se presume para etiquetar&nbsp;&nbsp;&#8211; de acuerdo a intereses personales &#8211; quien es vulgar ambicioso y quien es inteligente? \u00bfQui\u00e9n es traidor a la patria y qui\u00e9n no? En un pa\u00eds como M\u00e9xico con 126 millones de habitantes \u00bfel pueblo tiene un solo color partidista? \u00bfSolo hay pueblo bueno y sabio si se sigue una sola voz? Que nadie presuma tener la verdad absoluta, el pueblo es bueno y sabio para decidir qui\u00e9n es patriota y quien solo es un embustero profesional.<\/p>\n\n\n\n<p>En Expresi\u00f3n Democr\u00e1tica apostamos por el respeto a los que piensan diferente, no hay diferencias irreconciliables, apostamos por una contienda electoral con propuestas a los grandes retos de Veracruz y del pa\u00eds, apostamos por convencer con argumentos y con razones, quienes no piensan de la misma manera que nosotros merecen todo nuestro respeto, no se trata de ser amigos de mano, se trata de sumar esfuerzos en proyectos comunes, se trata de sumar capacidades en beneficios colectivos, todos tenemos algo que aportar a favor de un pa\u00eds mejor, no se trata de una lucha de clases sociales ni de quien ofende m\u00e1s al pr\u00f3jimo, \u00bf acaso ofendiendo al que piensa diferente se logran sumar votos? \u00bfAcaso sumando a quien ayer se se\u00f1alaba de corrupto se olvidan los agravios? \u00bfPresumiendo de repartir calificativos despectivos al adversario electoral se fortalece una campa\u00f1a y se beneficia al pa\u00eds? \u00bfAcaso no hay decencia pol\u00edtica en una contienda electoral? \u00bfQui\u00e9n gana con una polarizaci\u00f3n social pase\u00e1ndose por M\u00e9xico?<\/p>\n\n\n\n<p>La realidad es que en todos los partidos pol\u00edticos hay personas valiosas, lo cierto es que los principios y estatutos de todos los partidos hablan de las bondades de la pol\u00edtica, lo cierto es que los partidos pol\u00edticos demuestran su grandeza al postular a sus mejores mujeres y hombres, ning\u00fan partido es due\u00f1o de la voluntad personal del individuo mucho menos ning\u00fan dirigente pol\u00edtico, la historia nos ha ense\u00f1ado lo da\u00f1ino a las instituciones el pa\u00eds de un solo hombre o una sola mujer, nuestro sistema pol\u00edtico no es r\u00e9gimen totalitario, endeble pero la democracia a\u00fan respira en M\u00e9xico.<\/p>\n\n\n\n<p>Por el bien de todos apuesto a una campa\u00f1a electoral con respeto, con ideas, con programas de gobierno en beneficio de todas las clases sociales, con pol\u00edticas p\u00fablicas que atiendan todos los sectores productivos el pa\u00eds y sobretodo, que no sea un show de c\u00ednicos en su m\u00e1xima expresi\u00f3n, \u00bfacaso M\u00e9xico no merece elevar el nivel de debates en la contienda electoral?&nbsp;<\/p>\n\n\n\n<p>Lo cierto es que en todos los partidos hay inteligentes y vulgares ambiciosos.<\/p>\n\n\n\n<p>P.D.- Con el \u00e1nimo que el impulso al deporte sea una pol\u00edtica de Estado, la salud mental se atienda desde sus primeros s\u00edntomas y la certeza jur\u00eddica y seguridad p\u00fablica en el transporte p\u00fablico sea parte de la agenda de propuestas de las y los aspirantes a un cargo de elecci\u00f3n popular\u2026Escribir\u00e9 otro d\u00eda.<\/p>\n","protected":false},"excerpt":{"rendered":"<p>Vicente Luna Hern\u00e1ndez Entre quedarse en un partido pol\u00edtico &#8211; en este caso morena, partido verde o PT &#8211;\u00a0\u00a0o decidir buscar\u00a0\u00a0espacios en otra fuerza pol\u00edtica hay una diferencia: ser inteligente o un vulgar ambicioso, &#8211; es el pensamiento en Palacio Nacional &#8211;\u00a0\u00a0los que han cambiado de camiseta partidista durante este sexenio \u00bfson unos ambiciosos vulgares? [&hellip;]<\/p>\n","protected":false},"author":2,"featured_media":0,"comment_status":"closed","ping_status":"closed","sticky":false,"template":"","format":"standard","meta":{"tdm_status":"","tdm_grid_status":"","footnotes":""},"categories":[70],"tags":[1026,2289,15667],"class_list":{"0":"post-114195","1":"post","2":"type-post","3":"status-publish","4":"format-standard","6":"category-de-opinion","7":"tag-morena","8":"tag-pt","9":"tag-vicente-luna-hernandez"},"yoast_head":"<!-- This site is optimized with the Yoast SEO plugin v27.4 - https:\/\/yoast.com\/product\/yoast-seo-wordpress\/ -->\n<title>SER INTELIGENTE O UN VULGAR AMBICIOSO - Los pol\u00edticos Veracruz<\/title>\n<meta name=\"robots\" content=\"index, follow, max-snippet:-1, max-image-preview:large, max-video-preview:-1\" \/>\n<link rel=\"canonical\" href=\"https:\/\/lospoliticosveracruz.com\/?p=114195\" \/>\n<meta property=\"og:locale\" content=\"es_ES\" \/>\n<meta property=\"og:type\" content=\"article\" \/>\n<meta property=\"og:title\" content=\"SER INTELIGENTE O UN VULGAR AMBICIOSO - Los pol\u00edticos Veracruz\" \/>\n<meta property=\"og:description\" content=\"Vicente Luna Hern\u00e1ndez Entre quedarse en un partido pol\u00edtico &#8211; en este caso morena, partido verde o PT &#8211;\u00a0\u00a0o decidir buscar\u00a0\u00a0espacios en otra fuerza pol\u00edtica hay una diferencia: ser inteligente o un vulgar ambicioso, &#8211; es el pensamiento en Palacio Nacional &#8211;\u00a0\u00a0los que han cambiado de camiseta partidista durante este sexenio \u00bfson unos ambiciosos vulgares? [&hellip;]\" \/>\n<meta property=\"og:url\" content=\"https:\/\/lospoliticosveracruz.com\/?p=114195\" \/>\n<meta property=\"og:site_name\" content=\"Los pol\u00edticos Veracruz\" \/>\n<meta property=\"article:publisher\" content=\"https:\/\/www.facebook.com\/people\/Notimemes-de-los-Polticos\/61565672886568\/\" \/>\n<meta property=\"article:published_time\" content=\"2023-11-13T16:10:51+00:00\" \/>\n<meta property=\"article:modified_time\" content=\"2023-11-13T16:10:57+00:00\" \/>\n<meta property=\"og:image\" content=\"https:\/\/lospoliticosveracruz.com.mx\/wp-content\/uploads\/2023\/02\/Vinissimo.jpg\" \/>\n<meta name=\"author\" content=\"Lo viste en Los Pol\u00edticos\" \/>\n<meta name=\"twitter:card\" content=\"summary_large_image\" \/>\n<meta name=\"twitter:creator\" content=\"@LosPoliticosVer\" \/>\n<meta name=\"twitter:site\" content=\"@LosPoliticosVer\" \/>\n<meta name=\"twitter:label1\" content=\"Escrito por\" \/>\n\t<meta name=\"twitter:data1\" content=\"Lo viste en Los Pol\u00edticos\" \/>\n\t<meta name=\"twitter:label2\" content=\"Tiempo de lectura\" \/>\n\t<meta name=\"twitter:data2\" content=\"4 minutos\" \/>\n<script type=\"application\/ld+json\" class=\"yoast-schema-graph\">{\"@context\":\"https:\\\/\\\/schema.org\",\"@graph\":[{\"@type\":\"Article\",\"@id\":\"https:\\\/\\\/lospoliticosveracruz.com\\\/?p=114195#article\",\"isPartOf\":{\"@id\":\"https:\\\/\\\/lospoliticosveracruz.com\\\/?p=114195\"},\"author\":{\"name\":\"Lo viste en Los Pol\u00edticos\",\"@id\":\"https:\\\/\\\/lospoliticosveracruz.com\\\/#\\\/schema\\\/person\\\/b8702bb0e538456e6efd07080bf2a4a2\"},\"headline\":\"SER INTELIGENTE O UN VULGAR AMBICIOSO\",\"datePublished\":\"2023-11-13T16:10:51+00:00\",\"dateModified\":\"2023-11-13T16:10:57+00:00\",\"mainEntityOfPage\":{\"@id\":\"https:\\\/\\\/lospoliticosveracruz.com\\\/?p=114195\"},\"wordCount\":850,\"publisher\":{\"@id\":\"https:\\\/\\\/lospoliticosveracruz.com\\\/#organization\"},\"image\":{\"@id\":\"https:\\\/\\\/lospoliticosveracruz.com\\\/?p=114195#primaryimage\"},\"thumbnailUrl\":\"https:\\\/\\\/lospoliticosveracruz.com.mx\\\/wp-content\\\/uploads\\\/2023\\\/02\\\/Vinissimo.jpg\",\"keywords\":[\"Morena\",\"PT\",\"Vicente Luna Hern\u00e1ndez\"],\"articleSection\":[\"De Opini\u00f3n\"],\"inLanguage\":\"es\"},{\"@type\":\"WebPage\",\"@id\":\"https:\\\/\\\/lospoliticosveracruz.com\\\/?p=114195\",\"url\":\"https:\\\/\\\/lospoliticosveracruz.com\\\/?p=114195\",\"name\":\"SER INTELIGENTE O UN VULGAR AMBICIOSO - Los pol\u00edticos Veracruz\",\"isPartOf\":{\"@id\":\"https:\\\/\\\/lospoliticosveracruz.com\\\/#website\"},\"primaryImageOfPage\":{\"@id\":\"https:\\\/\\\/lospoliticosveracruz.com\\\/?p=114195#primaryimage\"},\"image\":{\"@id\":\"https:\\\/\\\/lospoliticosveracruz.com\\\/?p=114195#primaryimage\"},\"thumbnailUrl\":\"https:\\\/\\\/lospoliticosveracruz.com.mx\\\/wp-content\\\/uploads\\\/2023\\\/02\\\/Vinissimo.jpg\",\"datePublished\":\"2023-11-13T16:10:51+00:00\",\"dateModified\":\"2023-11-13T16:10:57+00:00\",\"breadcrumb\":{\"@id\":\"https:\\\/\\\/lospoliticosveracruz.com\\\/?p=114195#breadcrumb\"},\"inLanguage\":\"es\",\"potentialAction\":[{\"@type\":\"ReadAction\",\"target\":[\"https:\\\/\\\/lospoliticosveracruz.com\\\/?p=114195\"]}]},{\"@type\":\"ImageObject\",\"inLanguage\":\"es\",\"@id\":\"https:\\\/\\\/lospoliticosveracruz.com\\\/?p=114195#primaryimage\",\"url\":\"https:\\\/\\\/lospoliticosveracruz.com.mx\\\/wp-content\\\/uploads\\\/2023\\\/02\\\/Vinissimo.jpg\",\"contentUrl\":\"https:\\\/\\\/lospoliticosveracruz.com.mx\\\/wp-content\\\/uploads\\\/2023\\\/02\\\/Vinissimo.jpg\"},{\"@type\":\"BreadcrumbList\",\"@id\":\"https:\\\/\\\/lospoliticosveracruz.com\\\/?p=114195#breadcrumb\",\"itemListElement\":[{\"@type\":\"ListItem\",\"position\":1,\"name\":\"Portada\",\"item\":\"https:\\\/\\\/lospoliticosveracruz.com\\\/\"},{\"@type\":\"ListItem\",\"position\":2,\"name\":\"SER INTELIGENTE O UN VULGAR AMBICIOSO\"}]},{\"@type\":\"WebSite\",\"@id\":\"https:\\\/\\\/lospoliticosveracruz.com\\\/#website\",\"url\":\"https:\\\/\\\/lospoliticosveracruz.com\\\/\",\"name\":\"Los pol\u00edticos Veracruz\",\"description\":\"\",\"publisher\":{\"@id\":\"https:\\\/\\\/lospoliticosveracruz.com\\\/#organization\"},\"potentialAction\":[{\"@type\":\"SearchAction\",\"target\":{\"@type\":\"EntryPoint\",\"urlTemplate\":\"https:\\\/\\\/lospoliticosveracruz.com\\\/?s={search_term_string}\"},\"query-input\":{\"@type\":\"PropertyValueSpecification\",\"valueRequired\":true,\"valueName\":\"search_term_string\"}}],\"inLanguage\":\"es\"},{\"@type\":\"Organization\",\"@id\":\"https:\\\/\\\/lospoliticosveracruz.com\\\/#organization\",\"name\":\"Los pol\u00edticos Veracruz\",\"url\":\"https:\\\/\\\/lospoliticosveracruz.com\\\/\",\"logo\":{\"@type\":\"ImageObject\",\"inLanguage\":\"es\",\"@id\":\"https:\\\/\\\/lospoliticosveracruz.com\\\/#\\\/schema\\\/logo\\\/image\\\/\",\"url\":\"https:\\\/\\\/lospoliticosveracruz.com\\\/wp-content\\\/uploads\\\/2025\\\/12\\\/Logo-Nuevo-LOS-POLITICOS-1.jpg\",\"contentUrl\":\"https:\\\/\\\/lospoliticosveracruz.com\\\/wp-content\\\/uploads\\\/2025\\\/12\\\/Logo-Nuevo-LOS-POLITICOS-1.jpg\",\"width\":260,\"height\":70,\"caption\":\"Los pol\u00edticos Veracruz\"},\"image\":{\"@id\":\"https:\\\/\\\/lospoliticosveracruz.com\\\/#\\\/schema\\\/logo\\\/image\\\/\"},\"sameAs\":[\"https:\\\/\\\/www.facebook.com\\\/people\\\/Notimemes-de-los-Polticos\\\/61565672886568\\\/\",\"https:\\\/\\\/x.com\\\/LosPoliticosVer\"]},{\"@type\":\"Person\",\"@id\":\"https:\\\/\\\/lospoliticosveracruz.com\\\/#\\\/schema\\\/person\\\/b8702bb0e538456e6efd07080bf2a4a2\",\"name\":\"Lo viste en Los Pol\u00edticos\",\"image\":{\"@type\":\"ImageObject\",\"inLanguage\":\"es\",\"@id\":\"https:\\\/\\\/secure.gravatar.com\\\/avatar\\\/3a8de04a2656d44082be478bd6c086daa447c4651605818287b9532d3d0bd435?s=96&d=mm&r=g\",\"url\":\"https:\\\/\\\/secure.gravatar.com\\\/avatar\\\/3a8de04a2656d44082be478bd6c086daa447c4651605818287b9532d3d0bd435?s=96&d=mm&r=g\",\"contentUrl\":\"https:\\\/\\\/secure.gravatar.com\\\/avatar\\\/3a8de04a2656d44082be478bd6c086daa447c4651605818287b9532d3d0bd435?s=96&d=mm&r=g\",\"caption\":\"Lo viste en Los Pol\u00edticos\"},\"url\":\"https:\\\/\\\/lospoliticosveracruz.com\\\/?author=2\"}]}<\/script>\n<!-- \/ Yoast SEO plugin. -->","yoast_head_json":{"title":"SER INTELIGENTE O UN VULGAR AMBICIOSO - Los pol\u00edticos Veracruz","robots":{"index":"index","follow":"follow","max-snippet":"max-snippet:-1","max-image-preview":"max-image-preview:large","max-video-preview":"max-video-preview:-1"},"canonical":"https:\/\/lospoliticosveracruz.com\/?p=114195","og_locale":"es_ES","og_type":"article","og_title":"SER INTELIGENTE O UN VULGAR AMBICIOSO - Los pol\u00edticos Veracruz","og_description":"Vicente Luna Hern\u00e1ndez Entre quedarse en un partido pol\u00edtico &#8211; en este caso morena, partido verde o PT &#8211;\u00a0\u00a0o decidir buscar\u00a0\u00a0espacios en otra fuerza pol\u00edtica hay una diferencia: ser inteligente o un vulgar ambicioso, &#8211; es el pensamiento en Palacio Nacional &#8211;\u00a0\u00a0los que han cambiado de camiseta partidista durante este sexenio \u00bfson unos ambiciosos vulgares? [&hellip;]","og_url":"https:\/\/lospoliticosveracruz.com\/?p=114195","og_site_name":"Los pol\u00edticos Veracruz","article_publisher":"https:\/\/www.facebook.com\/people\/Notimemes-de-los-Polticos\/61565672886568\/","article_published_time":"2023-11-13T16:10:51+00:00","article_modified_time":"2023-11-13T16:10:57+00:00","og_image":[{"url":"https:\/\/lospoliticosveracruz.com.mx\/wp-content\/uploads\/2023\/02\/Vinissimo.jpg","type":"","width":"","height":""}],"author":"Lo viste en Los Pol\u00edticos","twitter_card":"summary_large_image","twitter_creator":"@LosPoliticosVer","twitter_site":"@LosPoliticosVer","twitter_misc":{"Escrito por":"Lo viste en Los Pol\u00edticos","Tiempo de lectura":"4 minutos"},"schema":{"@context":"https:\/\/schema.org","@graph":[{"@type":"Article","@id":"https:\/\/lospoliticosveracruz.com\/?p=114195#article","isPartOf":{"@id":"https:\/\/lospoliticosveracruz.com\/?p=114195"},"author":{"name":"Lo viste en Los Pol\u00edticos","@id":"https:\/\/lospoliticosveracruz.com\/#\/schema\/person\/b8702bb0e538456e6efd07080bf2a4a2"},"headline":"SER INTELIGENTE O UN VULGAR AMBICIOSO","datePublished":"2023-11-13T16:10:51+00:00","dateModified":"2023-11-13T16:10:57+00:00","mainEntityOfPage":{"@id":"https:\/\/lospoliticosveracruz.com\/?p=114195"},"wordCount":850,"publisher":{"@id":"https:\/\/lospoliticosveracruz.com\/#organization"},"image":{"@id":"https:\/\/lospoliticosveracruz.com\/?p=114195#primaryimage"},"thumbnailUrl":"https:\/\/lospoliticosveracruz.com.mx\/wp-content\/uploads\/2023\/02\/Vinissimo.jpg","keywords":["Morena","PT","Vicente Luna Hern\u00e1ndez"],"articleSection":["De Opini\u00f3n"],"inLanguage":"es"},{"@type":"WebPage","@id":"https:\/\/lospoliticosveracruz.com\/?p=114195","url":"https:\/\/lospoliticosveracruz.com\/?p=114195","name":"SER INTELIGENTE O UN VULGAR AMBICIOSO - Los pol\u00edticos Veracruz","isPartOf":{"@id":"https:\/\/lospoliticosveracruz.com\/#website"},"primaryImageOfPage":{"@id":"https:\/\/lospoliticosveracruz.com\/?p=114195#primaryimage"},"image":{"@id":"https:\/\/lospoliticosveracruz.com\/?p=114195#primaryimage"},"thumbnailUrl":"https:\/\/lospoliticosveracruz.com.mx\/wp-content\/uploads\/2023\/02\/Vinissimo.jpg","datePublished":"2023-11-13T16:10:51+00:00","dateModified":"2023-11-13T16:10:57+00:00","breadcrumb":{"@id":"https:\/\/lospoliticosveracruz.com\/?p=114195#breadcrumb"},"inLanguage":"es","potentialAction":[{"@type":"ReadAction","target":["https:\/\/lospoliticosveracruz.com\/?p=114195"]}]},{"@type":"ImageObject","inLanguage":"es","@id":"https:\/\/lospoliticosveracruz.com\/?p=114195#primaryimage","url":"https:\/\/lospoliticosveracruz.com.mx\/wp-content\/uploads\/2023\/02\/Vinissimo.jpg","contentUrl":"https:\/\/lospoliticosveracruz.com.mx\/wp-content\/uploads\/2023\/02\/Vinissimo.jpg"},{"@type":"BreadcrumbList","@id":"https:\/\/lospoliticosveracruz.com\/?p=114195#breadcrumb","itemListElement":[{"@type":"ListItem","position":1,"name":"Portada","item":"https:\/\/lospoliticosveracruz.com\/"},{"@type":"ListItem","position":2,"name":"SER INTELIGENTE O UN VULGAR AMBICIOSO"}]},{"@type":"WebSite","@id":"https:\/\/lospoliticosveracruz.com\/#website","url":"https:\/\/lospoliticosveracruz.com\/","name":"Los pol\u00edticos Veracruz","description":"","publisher":{"@id":"https:\/\/lospoliticosveracruz.com\/#organization"},"potentialAction":[{"@type":"SearchAction","target":{"@type":"EntryPoint","urlTemplate":"https:\/\/lospoliticosveracruz.com\/?s={search_term_string}"},"query-input":{"@type":"PropertyValueSpecification","valueRequired":true,"valueName":"search_term_string"}}],"inLanguage":"es"},{"@type":"Organization","@id":"https:\/\/lospoliticosveracruz.com\/#organization","name":"Los pol\u00edticos Veracruz","url":"https:\/\/lospoliticosveracruz.com\/","logo":{"@type":"ImageObject","inLanguage":"es","@id":"https:\/\/lospoliticosveracruz.com\/#\/schema\/logo\/image\/","url":"https:\/\/lospoliticosveracruz.com\/wp-content\/uploads\/2025\/12\/Logo-Nuevo-LOS-POLITICOS-1.jpg","contentUrl":"https:\/\/lospoliticosveracruz.com\/wp-content\/uploads\/2025\/12\/Logo-Nuevo-LOS-POLITICOS-1.jpg","width":260,"height":70,"caption":"Los pol\u00edticos Veracruz"},"image":{"@id":"https:\/\/lospoliticosveracruz.com\/#\/schema\/logo\/image\/"},"sameAs":["https:\/\/www.facebook.com\/people\/Notimemes-de-los-Polticos\/61565672886568\/","https:\/\/x.com\/LosPoliticosVer"]},{"@type":"Person","@id":"https:\/\/lospoliticosveracruz.com\/#\/schema\/person\/b8702bb0e538456e6efd07080bf2a4a2","name":"Lo viste en Los Pol\u00edticos","image":{"@type":"ImageObject","inLanguage":"es","@id":"https:\/\/secure.gravatar.com\/avatar\/3a8de04a2656d44082be478bd6c086daa447c4651605818287b9532d3d0bd435?s=96&d=mm&r=g","url":"https:\/\/secure.gravatar.com\/avatar\/3a8de04a2656d44082be478bd6c086daa447c4651605818287b9532d3d0bd435?s=96&d=mm&r=g","contentUrl":"https:\/\/secure.gravatar.com\/avatar\/3a8de04a2656d44082be478bd6c086daa447c4651605818287b9532d3d0bd435?s=96&d=mm&r=g","caption":"Lo viste en Los Pol\u00edticos"},"url":"https:\/\/lospoliticosveracruz.com\/?author=2"}]}},"_links":{"self":[{"href":"https:\/\/lospoliticosveracruz.com\/index.php?rest_route=\/wp\/v2\/posts\/114195","targetHints":{"allow":["GET"]}}],"collection":[{"href":"https:\/\/lospoliticosveracruz.com\/index.php?rest_route=\/wp\/v2\/posts"}],"about":[{"href":"https:\/\/lospoliticosveracruz.com\/index.php?rest_route=\/wp\/v2\/types\/post"}],"author":[{"embeddable":true,"href":"https:\/\/lospoliticosveracruz.com\/index.php?rest_route=\/wp\/v2\/users\/2"}],"replies":[{"embeddable":true,"href":"https:\/\/lospoliticosveracruz.com\/index.php?rest_route=%2Fwp%2Fv2%2Fcomments&post=114195"}],"version-history":[{"count":1,"href":"https:\/\/lospoliticosveracruz.com\/index.php?rest_route=\/wp\/v2\/posts\/114195\/revisions"}],"predecessor-version":[{"id":114196,"href":"https:\/\/lospoliticosveracruz.com\/index.php?rest_route=\/wp\/v2\/posts\/114195\/revisions\/114196"}],"wp:attachment":[{"href":"https:\/\/lospoliticosveracruz.com\/index.php?rest_route=%2Fwp%2Fv2%2Fmedia&parent=114195"}],"wp:term":[{"taxonomy":"category","embeddable":true,"href":"https:\/\/lospoliticosveracruz.com\/index.php?rest_route=%2Fwp%2Fv2%2Fcategories&post=114195"},{"taxonomy":"post_tag","embeddable":true,"href":"https:\/\/lospoliticosveracruz.com\/index.php?rest_route=%2Fwp%2Fv2%2Ftags&post=114195"}],"curies":[{"name":"wp","href":"https:\/\/api.w.org\/{rel}","templated":true}]}}