{"id":114348,"date":"2023-11-16T09:56:53","date_gmt":"2023-11-16T15:56:53","guid":{"rendered":"https:\/\/lospoliticosveracruz.com.mx\/?p=114348"},"modified":"2023-11-16T09:57:03","modified_gmt":"2023-11-16T15:57:03","slug":"patear-el-bote","status":"publish","type":"post","link":"https:\/\/lospoliticosveracruz.com\/?p=114348","title":{"rendered":"PATEAR EL BOTE"},"content":{"rendered":"\n<p><strong>Manolo Victorio<\/strong><\/p>\n\n\n\n<p><em>Carpe Diem<\/em><\/p>\n\n\n\n<p>1.<\/p>\n\n\n\n<p>El territorio es una trinchera d\u00f3nde se libran varias batallas.<\/p>\n\n\n\n<p>A ras de suelo, usted y yo, que formamos \u00e1tomos personificados de lo que se llama pueblo, acudimos con tristeza, asombro, enojo y miedo; a la cruda realidad cotidiana d\u00f3nde la descomposici\u00f3n social que se ensancha imparable, devora el tejido social.<\/p>\n\n\n\n<p><a href=\"https:\/\/youtu.be\/Nxe-vxf8GuY\"><\/a><\/p>\n\n\n\n<figure class=\"wp-block-embed is-type-video is-provider-youtube wp-block-embed-youtube wp-embed-aspect-16-9 wp-has-aspect-ratio\"><div class=\"wp-block-embed__wrapper\">\n<iframe loading=\"lazy\" title=\"Cluster Coworking\" width=\"696\" height=\"392\" src=\"https:\/\/www.youtube.com\/embed\/Nxe-vxf8GuY?feature=oembed\" frameborder=\"0\" allow=\"accelerometer; autoplay; clipboard-write; encrypted-media; gyroscope; picture-in-picture; web-share\" referrerpolicy=\"strict-origin-when-cross-origin\" allowfullscreen><\/iframe>\n<\/div><\/figure>\n\n\n\n<p>En el otro riel, cercado por mallas de irrealidad, corren los vagones de la pol\u00edtica; ese c\u00f3modo espacio donde actores y actrices pol\u00edticos dicen que defender\u00e1n hasta con la vida a ese pueblo despedazado por la carest\u00eda de la vida, delincuencia, inseguridad, desempleo y abuso de empresas estatales y privadas.<\/p>\n\n\n\n<p>Esa venda, sujetada a priori en los ojos de actores y actrices que buscar\u00e1n un puesto de elecci\u00f3n popular, impide ver la realidad.<\/p>\n\n\n\n<p>Los desaparecidos que deambulan en cifras oscilantes, nunca claras, difusas en la neblina de la negaci\u00f3n oficial, es un tema que no forma parte de la oferta pol\u00edtica.<\/p>\n\n\n\n<p>A nadie le resulta atractivo que se diga que cada d\u00eda hay veracruzanos que ya no retornan a sus casas.<\/p>\n\n\n\n<p>6 mil 894 veracruzanos y veracruzanas han sido reportados como desaparecidos del 1 de diciembre del 2018 al 30 de abril de este 2023 seg\u00fan el registro oficial. No han sido localizados.<\/p>\n\n\n\n<p>Otros datos indican que por lo menos 8 personas se pierden cada d\u00eda en la nebulosa de la desaparici\u00f3n.<\/p>\n\n\n\n<p>Nadie sabe a ciencia cierta.<\/p>\n\n\n\n<p>Son m\u00e1s de 25 mil refiere el colectivo Solecito. Llenar\u00edan c\u00f3modamente sentados el grader\u00edo del nuevo estadio Luis Pirata de la Fuente, si nos atenemos a la cruda referencia, a la oscura figura anal\u00f3gica que nos ayude a entender la tragedia.<\/p>\n\n\n\n<p>Maril\u00fa Galicia y su peque\u00f1o Jadiel Garc\u00eda forman parte de los cinco cadaveres hallados en una fosa com\u00fan localizada en la localidad de El Castillo.<\/p>\n\n\n\n<p>\u00bfQue crimen pudo cometer Jadiel a su corta edad?<\/p>\n\n\n\n<p>\u00bfQue afrenta imperdonable realiz\u00f3 en contra de alguien que orden\u00f3 asesinarlo junto a su madre?<\/p>\n\n\n\n<p>Ni la mente m\u00e1s retorcida esboza al peque\u00f1o Jadiel David limpiando y desarmando un AK-47, probando el percutor de una escuadra 9 mil\u00edmetros o marcando una llamada de extorsi\u00f3n.<\/p>\n\n\n\n<p>Un universo perverso que no se entiende y al que no habr\u00e1 que acostumbrarse.<\/p>\n\n\n\n<p>La aberraci\u00f3n en su pico m\u00e1s alto.<\/p>\n\n\n\n<p>La ignominia que no es un buen producto propagand\u00edstico.<\/p>\n\n\n\n<p>La tragedia humana no vende.<\/p>\n\n\n\n<p>El dolor no lleva al votante a pie de urna.<\/p>\n\n\n\n<p>Obviar, escurrir al bulto, patear el bote, hablar del amor, de la unidad, de segundos pisos en la cuatrote, de bonanzas macroecon\u00f3micas, es mejor que meterse al cochinero.<\/p>\n\n\n\n<p>Los muertos, desaparecidos, territorios gobernados por el crimen organizado, son fantasmas que no se ven; menos enfrentarlos con el discurso.<\/p>\n\n\n\n<p>Los 32 colectivos de madres buscadoras continuar\u00e1n a la espera de la sustituci\u00f3n de Brenda Cer\u00f3n como encargada de la Comisi\u00f3n Estatal de B\u00fasqueda, en una macabra chamba que nadie querr\u00e1 al final del sexenio porque los huesos de los m\u00e1s de 7 mil desaparecidos en Veracruz pesan mucho.<\/p>\n\n\n\n<p>2.<\/p>\n\n\n\n<p>Y en la otra cara de la moneda, mientras el pueblo enfrenta desaf\u00edos por la sobrevivencia diaria, los pol\u00edticos ven la oportunidad rapaz de la continuidad o la toma del poder.<\/p>\n\n\n\n<p>En el Movimiento de Regeneraci\u00f3n Nacional se viven momentos de reacomodos pol\u00edticos en pos de la soldadura llamada unidad entre los grupos.<\/p>\n\n\n\n<p>Pese a las inercias provocadas por la camisa de fuerza del proceso interno de Morena, Norma Roc\u00edo Nahle tiene m\u00e1s problemas adentro que afuera. El reparto de las pocisiones se ha convertido en una cena de negros entre las cabezas de playa de las tribus morenas que buscar\u00e1n dar el brinco sexenal en maniobra trapecista que evitar\u00e1 vivir en el error; es decir, no quedar fuera del presupuesto.<\/p>\n\n\n\n<p>Antes de ser enviado al limbo de la negritud, d\u00f3nde reposar\u00e1 en este comp\u00e1s de espera, Eric Patrocinio Cisneros Burgos lanz\u00f3 en su retirada moment\u00e1nea, un dardo porcentual:<\/p>\n\n\n\n<p>Morena trae una preferencia electoral de 60 por ciento en territorio abierto; pero los aspirantes en el proceso de selecci\u00f3n de la coordinaci\u00f3n de la cuatrote no llegaron ni a los 20 puntos.<\/p>\n\n\n\n<p>En visi\u00f3n fr\u00eda, la incomoda referencia del ahora inc\u00f3modo personaje, encierra una verdad observable: la unidad ser\u00e1 necesaria porque la ola morenista no trae la fuerza del tsunami de 2018.<\/p>\n\n\n\n<p>Hay que trabajar en cristalizar esa unidad. Y eso implica trabajar con aliados e indigestos, consentidos y apestados.<\/p>\n\n\n\n<p>Alguien tiene que cambiar el fiambre del desprestigio y la traici\u00f3n. Est\u00e1 citado desde los tiempos b\u00edblicos.<\/p>\n\n\n\n<p>Eso es la pol\u00edtica.<\/p>\n\n\n\n<p>Hay que dejar de lado la soberbia, hay que bajar al pueblo, escucharlo, volver a reiniciar esa esperanza desgastada en estos \u00faltimos 5 a\u00f1os d\u00f3nde en lo \u00fanico que ha destacado Veracruz es en romper r\u00e9cord en altares de muertos y en ferias de pambazos y caf\u00e9 con pan.<\/p>\n\n\n\n<p>3.<\/p>\n\n\n\n<p>Y en la pachorrudez de la desidia, la oposici\u00f3n baraja los mismos nombres en un bucle de tiempo atascado en elecciones pasadas.<\/p>\n\n\n\n<p>Grandilocuente, gesticulador, convincente en tiempos adversos, H\u00e9ctor Yunes Landa sostiene que trae luz verde de Alejandro Moreno C\u00e1rdenas, dirigente nacional del PRI para medirse en encuesta con Jos\u00e9 Francisco Yunes Zorrilla.<\/p>\n\n\n\n<p>Adem\u00e1s, le da portazo a la equidad de g\u00e9nero porque seg\u00fan su tesis, el PRI ser\u00e1 encargado de proponer candidato var\u00f3n en el el Frente Amplio por Veracruz.<\/p>\n\n\n\n<p>El argumento de H\u00e9ctor Yunes Landa es hacha sin anestesia que cercena las aspiraciones de la legisladora local Anil\u00fa Ingram Vallines dentro del PRI y v\u00e1lvula cerrada para el tibio intento de fluidez de la candidatura del senador panista Julen Rementer\u00eda del Puerto.<\/p>\n\n\n\n<p>H\u00e9ctor dice haberse reunido con los hermanos del estero, sus sobrinos; quienes le dijeron que \u00e9l y Pepe no levantan la circunstancia de la negaci\u00f3n en el PAN para conformar una alianza&nbsp;<\/p>\n\n\n\n<p>Y es que los sobrinos, sostiene H\u00e9ctor, buscar\u00e1n amarrar la candidatura de Fernando Yunes M\u00e1rquez como primera f\u00f3rmula del bloque Frente Amplio por Veracruz&nbsp;<\/p>\n\n\n\n<p>A quien no le corre prisa es al dirigente del PRI, Adolfo Ram\u00edrez Arana, quien informa que tienen hasta el 20 de diciembre para emitir una convocatoria elegible del candidato de su partido y hasta el 02 de enero para registrar abanderado.<\/p>\n\n\n\n<p>M\u00e1s calmo est\u00e1 Federico Salom\u00f3n Molina, dirigente del PAN veracruzano. Apenas analizaron en Consejo Estatal la &#8216;posibilidad&#8217; de armar una alianza.<\/p>\n\n\n\n<p>En el PRD no hay nada, salvo el edicto publicado por el CEN del Sol Azteca de vender su edificio sede en Xalapa.<\/p>\n\n\n\n<p>En tanto los morenos est\u00e1n metidos en el frenes\u00ed del reparto de pocisiones; pero activos en el caos, la oposici\u00f3n no tiene prisa.<\/p>\n\n\n\n<p>El tema de los desaparecidos no est\u00e1 en ninguna agenda, no hay borrador alguno en las estrategias de campa\u00f1a, no viene integrado en los discursos a escuchar; no importa.<\/p>\n\n\n\n<p>Lo que importa es ganar. Los desaparecidos son solo una numeralia m\u00e1s.<\/p>\n\n\n\n<p>Y mientras tanto, aqu\u00ed abajo, en el infierno, seguiremos contando a veces, eschando, otras, la historia de la desgracia, de pueblos enteros dominados por la delincuencia, de hordas de graperos que envenenan a una juventud que gasta en la piedra su beca Benito Ju\u00e1rez, lo devengado en J\u00f3venes Construyendo el Futuro.<\/p>\n\n\n\n<p>Total, si gana Morena seguir\u00e1n los apoyos.<\/p>\n\n\n\n<p>columnacarpediem@gmail.com<\/p>\n","protected":false},"excerpt":{"rendered":"<p>Manolo Victorio Carpe Diem 1. El territorio es una trinchera d\u00f3nde se libran varias batallas. A ras de suelo, usted y yo, que formamos \u00e1tomos personificados de lo que se llama pueblo, acudimos con tristeza, asombro, enojo y miedo; a la cruda realidad cotidiana d\u00f3nde la descomposici\u00f3n social que se ensancha imparable, devora el tejido [&hellip;]<\/p>\n","protected":false},"author":2,"featured_media":0,"comment_status":"closed","ping_status":"closed","sticky":false,"template":"","format":"standard","meta":{"tdm_status":"","tdm_grid_status":"","footnotes":""},"categories":[70],"tags":[568,1699],"class_list":{"0":"post-114348","1":"post","2":"type-post","3":"status-publish","4":"format-standard","6":"category-de-opinion","7":"tag-desaparecido","8":"tag-fosas-clandestinas"},"yoast_head":"<!-- This site is optimized with the Yoast SEO plugin v27.4 - https:\/\/yoast.com\/product\/yoast-seo-wordpress\/ -->\n<title>PATEAR EL BOTE - Los pol\u00edticos Veracruz<\/title>\n<meta name=\"robots\" content=\"index, follow, max-snippet:-1, max-image-preview:large, max-video-preview:-1\" \/>\n<link rel=\"canonical\" href=\"https:\/\/lospoliticosveracruz.com\/?p=114348\" \/>\n<meta property=\"og:locale\" content=\"es_ES\" \/>\n<meta property=\"og:type\" content=\"article\" \/>\n<meta property=\"og:title\" content=\"PATEAR EL BOTE - Los pol\u00edticos Veracruz\" \/>\n<meta property=\"og:description\" content=\"Manolo Victorio Carpe Diem 1. El territorio es una trinchera d\u00f3nde se libran varias batallas. A ras de suelo, usted y yo, que formamos \u00e1tomos personificados de lo que se llama pueblo, acudimos con tristeza, asombro, enojo y miedo; a la cruda realidad cotidiana d\u00f3nde la descomposici\u00f3n social que se ensancha imparable, devora el tejido [&hellip;]\" \/>\n<meta property=\"og:url\" content=\"https:\/\/lospoliticosveracruz.com\/?p=114348\" \/>\n<meta property=\"og:site_name\" content=\"Los pol\u00edticos Veracruz\" \/>\n<meta property=\"article:publisher\" content=\"https:\/\/www.facebook.com\/people\/Notimemes-de-los-Polticos\/61565672886568\/\" \/>\n<meta property=\"article:published_time\" content=\"2023-11-16T15:56:53+00:00\" \/>\n<meta property=\"article:modified_time\" content=\"2023-11-16T15:57:03+00:00\" \/>\n<meta property=\"og:image\" content=\"https:\/\/lospoliticosveracruz.com\/wp-content\/uploads\/2016\/07\/Logo-Dor.jpg\" \/>\n\t<meta property=\"og:image:width\" content=\"200\" \/>\n\t<meta property=\"og:image:height\" content=\"200\" \/>\n\t<meta property=\"og:image:type\" content=\"image\/jpeg\" \/>\n<meta name=\"author\" content=\"Lo viste en Los Pol\u00edticos\" \/>\n<meta name=\"twitter:card\" content=\"summary_large_image\" \/>\n<meta name=\"twitter:creator\" content=\"@LosPoliticosVer\" \/>\n<meta name=\"twitter:site\" content=\"@LosPoliticosVer\" \/>\n<meta name=\"twitter:label1\" content=\"Escrito por\" \/>\n\t<meta name=\"twitter:data1\" content=\"Lo viste en Los Pol\u00edticos\" \/>\n\t<meta name=\"twitter:label2\" content=\"Tiempo de lectura\" \/>\n\t<meta name=\"twitter:data2\" content=\"6 minutos\" \/>\n<script type=\"application\/ld+json\" class=\"yoast-schema-graph\">{\"@context\":\"https:\\\/\\\/schema.org\",\"@graph\":[{\"@type\":\"Article\",\"@id\":\"https:\\\/\\\/lospoliticosveracruz.com\\\/?p=114348#article\",\"isPartOf\":{\"@id\":\"https:\\\/\\\/lospoliticosveracruz.com\\\/?p=114348\"},\"author\":{\"name\":\"Lo viste en Los Pol\u00edticos\",\"@id\":\"https:\\\/\\\/lospoliticosveracruz.com\\\/#\\\/schema\\\/person\\\/b8702bb0e538456e6efd07080bf2a4a2\"},\"headline\":\"PATEAR EL BOTE\",\"datePublished\":\"2023-11-16T15:56:53+00:00\",\"dateModified\":\"2023-11-16T15:57:03+00:00\",\"mainEntityOfPage\":{\"@id\":\"https:\\\/\\\/lospoliticosveracruz.com\\\/?p=114348\"},\"wordCount\":1262,\"publisher\":{\"@id\":\"https:\\\/\\\/lospoliticosveracruz.com\\\/#organization\"},\"keywords\":[\"desaparecido\",\"fosas clandestinas\"],\"articleSection\":[\"De Opini\u00f3n\"],\"inLanguage\":\"es\"},{\"@type\":\"WebPage\",\"@id\":\"https:\\\/\\\/lospoliticosveracruz.com\\\/?p=114348\",\"url\":\"https:\\\/\\\/lospoliticosveracruz.com\\\/?p=114348\",\"name\":\"PATEAR EL BOTE - Los pol\u00edticos Veracruz\",\"isPartOf\":{\"@id\":\"https:\\\/\\\/lospoliticosveracruz.com\\\/#website\"},\"datePublished\":\"2023-11-16T15:56:53+00:00\",\"dateModified\":\"2023-11-16T15:57:03+00:00\",\"breadcrumb\":{\"@id\":\"https:\\\/\\\/lospoliticosveracruz.com\\\/?p=114348#breadcrumb\"},\"inLanguage\":\"es\",\"potentialAction\":[{\"@type\":\"ReadAction\",\"target\":[\"https:\\\/\\\/lospoliticosveracruz.com\\\/?p=114348\"]}]},{\"@type\":\"BreadcrumbList\",\"@id\":\"https:\\\/\\\/lospoliticosveracruz.com\\\/?p=114348#breadcrumb\",\"itemListElement\":[{\"@type\":\"ListItem\",\"position\":1,\"name\":\"Portada\",\"item\":\"https:\\\/\\\/lospoliticosveracruz.com\\\/\"},{\"@type\":\"ListItem\",\"position\":2,\"name\":\"PATEAR EL BOTE\"}]},{\"@type\":\"WebSite\",\"@id\":\"https:\\\/\\\/lospoliticosveracruz.com\\\/#website\",\"url\":\"https:\\\/\\\/lospoliticosveracruz.com\\\/\",\"name\":\"Los pol\u00edticos Veracruz\",\"description\":\"\",\"publisher\":{\"@id\":\"https:\\\/\\\/lospoliticosveracruz.com\\\/#organization\"},\"potentialAction\":[{\"@type\":\"SearchAction\",\"target\":{\"@type\":\"EntryPoint\",\"urlTemplate\":\"https:\\\/\\\/lospoliticosveracruz.com\\\/?s={search_term_string}\"},\"query-input\":{\"@type\":\"PropertyValueSpecification\",\"valueRequired\":true,\"valueName\":\"search_term_string\"}}],\"inLanguage\":\"es\"},{\"@type\":\"Organization\",\"@id\":\"https:\\\/\\\/lospoliticosveracruz.com\\\/#organization\",\"name\":\"Los pol\u00edticos Veracruz\",\"url\":\"https:\\\/\\\/lospoliticosveracruz.com\\\/\",\"logo\":{\"@type\":\"ImageObject\",\"inLanguage\":\"es\",\"@id\":\"https:\\\/\\\/lospoliticosveracruz.com\\\/#\\\/schema\\\/logo\\\/image\\\/\",\"url\":\"https:\\\/\\\/lospoliticosveracruz.com\\\/wp-content\\\/uploads\\\/2025\\\/12\\\/Logo-Nuevo-LOS-POLITICOS-1.jpg\",\"contentUrl\":\"https:\\\/\\\/lospoliticosveracruz.com\\\/wp-content\\\/uploads\\\/2025\\\/12\\\/Logo-Nuevo-LOS-POLITICOS-1.jpg\",\"width\":260,\"height\":70,\"caption\":\"Los pol\u00edticos Veracruz\"},\"image\":{\"@id\":\"https:\\\/\\\/lospoliticosveracruz.com\\\/#\\\/schema\\\/logo\\\/image\\\/\"},\"sameAs\":[\"https:\\\/\\\/www.facebook.com\\\/people\\\/Notimemes-de-los-Polticos\\\/61565672886568\\\/\",\"https:\\\/\\\/x.com\\\/LosPoliticosVer\"]},{\"@type\":\"Person\",\"@id\":\"https:\\\/\\\/lospoliticosveracruz.com\\\/#\\\/schema\\\/person\\\/b8702bb0e538456e6efd07080bf2a4a2\",\"name\":\"Lo viste en Los Pol\u00edticos\",\"image\":{\"@type\":\"ImageObject\",\"inLanguage\":\"es\",\"@id\":\"https:\\\/\\\/secure.gravatar.com\\\/avatar\\\/3a8de04a2656d44082be478bd6c086daa447c4651605818287b9532d3d0bd435?s=96&d=mm&r=g\",\"url\":\"https:\\\/\\\/secure.gravatar.com\\\/avatar\\\/3a8de04a2656d44082be478bd6c086daa447c4651605818287b9532d3d0bd435?s=96&d=mm&r=g\",\"contentUrl\":\"https:\\\/\\\/secure.gravatar.com\\\/avatar\\\/3a8de04a2656d44082be478bd6c086daa447c4651605818287b9532d3d0bd435?s=96&d=mm&r=g\",\"caption\":\"Lo viste en Los Pol\u00edticos\"},\"url\":\"https:\\\/\\\/lospoliticosveracruz.com\\\/?author=2\"}]}<\/script>\n<!-- \/ Yoast SEO plugin. -->","yoast_head_json":{"title":"PATEAR EL BOTE - Los pol\u00edticos Veracruz","robots":{"index":"index","follow":"follow","max-snippet":"max-snippet:-1","max-image-preview":"max-image-preview:large","max-video-preview":"max-video-preview:-1"},"canonical":"https:\/\/lospoliticosveracruz.com\/?p=114348","og_locale":"es_ES","og_type":"article","og_title":"PATEAR EL BOTE - Los pol\u00edticos Veracruz","og_description":"Manolo Victorio Carpe Diem 1. El territorio es una trinchera d\u00f3nde se libran varias batallas. A ras de suelo, usted y yo, que formamos \u00e1tomos personificados de lo que se llama pueblo, acudimos con tristeza, asombro, enojo y miedo; a la cruda realidad cotidiana d\u00f3nde la descomposici\u00f3n social que se ensancha imparable, devora el tejido [&hellip;]","og_url":"https:\/\/lospoliticosveracruz.com\/?p=114348","og_site_name":"Los pol\u00edticos Veracruz","article_publisher":"https:\/\/www.facebook.com\/people\/Notimemes-de-los-Polticos\/61565672886568\/","article_published_time":"2023-11-16T15:56:53+00:00","article_modified_time":"2023-11-16T15:57:03+00:00","og_image":[{"width":200,"height":200,"url":"https:\/\/lospoliticosveracruz.com\/wp-content\/uploads\/2016\/07\/Logo-Dor.jpg","type":"image\/jpeg"}],"author":"Lo viste en Los Pol\u00edticos","twitter_card":"summary_large_image","twitter_creator":"@LosPoliticosVer","twitter_site":"@LosPoliticosVer","twitter_misc":{"Escrito por":"Lo viste en Los Pol\u00edticos","Tiempo de lectura":"6 minutos"},"schema":{"@context":"https:\/\/schema.org","@graph":[{"@type":"Article","@id":"https:\/\/lospoliticosveracruz.com\/?p=114348#article","isPartOf":{"@id":"https:\/\/lospoliticosveracruz.com\/?p=114348"},"author":{"name":"Lo viste en Los Pol\u00edticos","@id":"https:\/\/lospoliticosveracruz.com\/#\/schema\/person\/b8702bb0e538456e6efd07080bf2a4a2"},"headline":"PATEAR EL BOTE","datePublished":"2023-11-16T15:56:53+00:00","dateModified":"2023-11-16T15:57:03+00:00","mainEntityOfPage":{"@id":"https:\/\/lospoliticosveracruz.com\/?p=114348"},"wordCount":1262,"publisher":{"@id":"https:\/\/lospoliticosveracruz.com\/#organization"},"keywords":["desaparecido","fosas clandestinas"],"articleSection":["De Opini\u00f3n"],"inLanguage":"es"},{"@type":"WebPage","@id":"https:\/\/lospoliticosveracruz.com\/?p=114348","url":"https:\/\/lospoliticosveracruz.com\/?p=114348","name":"PATEAR EL BOTE - Los pol\u00edticos Veracruz","isPartOf":{"@id":"https:\/\/lospoliticosveracruz.com\/#website"},"datePublished":"2023-11-16T15:56:53+00:00","dateModified":"2023-11-16T15:57:03+00:00","breadcrumb":{"@id":"https:\/\/lospoliticosveracruz.com\/?p=114348#breadcrumb"},"inLanguage":"es","potentialAction":[{"@type":"ReadAction","target":["https:\/\/lospoliticosveracruz.com\/?p=114348"]}]},{"@type":"BreadcrumbList","@id":"https:\/\/lospoliticosveracruz.com\/?p=114348#breadcrumb","itemListElement":[{"@type":"ListItem","position":1,"name":"Portada","item":"https:\/\/lospoliticosveracruz.com\/"},{"@type":"ListItem","position":2,"name":"PATEAR EL BOTE"}]},{"@type":"WebSite","@id":"https:\/\/lospoliticosveracruz.com\/#website","url":"https:\/\/lospoliticosveracruz.com\/","name":"Los pol\u00edticos Veracruz","description":"","publisher":{"@id":"https:\/\/lospoliticosveracruz.com\/#organization"},"potentialAction":[{"@type":"SearchAction","target":{"@type":"EntryPoint","urlTemplate":"https:\/\/lospoliticosveracruz.com\/?s={search_term_string}"},"query-input":{"@type":"PropertyValueSpecification","valueRequired":true,"valueName":"search_term_string"}}],"inLanguage":"es"},{"@type":"Organization","@id":"https:\/\/lospoliticosveracruz.com\/#organization","name":"Los pol\u00edticos Veracruz","url":"https:\/\/lospoliticosveracruz.com\/","logo":{"@type":"ImageObject","inLanguage":"es","@id":"https:\/\/lospoliticosveracruz.com\/#\/schema\/logo\/image\/","url":"https:\/\/lospoliticosveracruz.com\/wp-content\/uploads\/2025\/12\/Logo-Nuevo-LOS-POLITICOS-1.jpg","contentUrl":"https:\/\/lospoliticosveracruz.com\/wp-content\/uploads\/2025\/12\/Logo-Nuevo-LOS-POLITICOS-1.jpg","width":260,"height":70,"caption":"Los pol\u00edticos Veracruz"},"image":{"@id":"https:\/\/lospoliticosveracruz.com\/#\/schema\/logo\/image\/"},"sameAs":["https:\/\/www.facebook.com\/people\/Notimemes-de-los-Polticos\/61565672886568\/","https:\/\/x.com\/LosPoliticosVer"]},{"@type":"Person","@id":"https:\/\/lospoliticosveracruz.com\/#\/schema\/person\/b8702bb0e538456e6efd07080bf2a4a2","name":"Lo viste en Los Pol\u00edticos","image":{"@type":"ImageObject","inLanguage":"es","@id":"https:\/\/secure.gravatar.com\/avatar\/3a8de04a2656d44082be478bd6c086daa447c4651605818287b9532d3d0bd435?s=96&d=mm&r=g","url":"https:\/\/secure.gravatar.com\/avatar\/3a8de04a2656d44082be478bd6c086daa447c4651605818287b9532d3d0bd435?s=96&d=mm&r=g","contentUrl":"https:\/\/secure.gravatar.com\/avatar\/3a8de04a2656d44082be478bd6c086daa447c4651605818287b9532d3d0bd435?s=96&d=mm&r=g","caption":"Lo viste en Los Pol\u00edticos"},"url":"https:\/\/lospoliticosveracruz.com\/?author=2"}]}},"_links":{"self":[{"href":"https:\/\/lospoliticosveracruz.com\/index.php?rest_route=\/wp\/v2\/posts\/114348","targetHints":{"allow":["GET"]}}],"collection":[{"href":"https:\/\/lospoliticosveracruz.com\/index.php?rest_route=\/wp\/v2\/posts"}],"about":[{"href":"https:\/\/lospoliticosveracruz.com\/index.php?rest_route=\/wp\/v2\/types\/post"}],"author":[{"embeddable":true,"href":"https:\/\/lospoliticosveracruz.com\/index.php?rest_route=\/wp\/v2\/users\/2"}],"replies":[{"embeddable":true,"href":"https:\/\/lospoliticosveracruz.com\/index.php?rest_route=%2Fwp%2Fv2%2Fcomments&post=114348"}],"version-history":[{"count":1,"href":"https:\/\/lospoliticosveracruz.com\/index.php?rest_route=\/wp\/v2\/posts\/114348\/revisions"}],"predecessor-version":[{"id":114350,"href":"https:\/\/lospoliticosveracruz.com\/index.php?rest_route=\/wp\/v2\/posts\/114348\/revisions\/114350"}],"wp:attachment":[{"href":"https:\/\/lospoliticosveracruz.com\/index.php?rest_route=%2Fwp%2Fv2%2Fmedia&parent=114348"}],"wp:term":[{"taxonomy":"category","embeddable":true,"href":"https:\/\/lospoliticosveracruz.com\/index.php?rest_route=%2Fwp%2Fv2%2Fcategories&post=114348"},{"taxonomy":"post_tag","embeddable":true,"href":"https:\/\/lospoliticosveracruz.com\/index.php?rest_route=%2Fwp%2Fv2%2Ftags&post=114348"}],"curies":[{"name":"wp","href":"https:\/\/api.w.org\/{rel}","templated":true}]}}