{"id":114361,"date":"2023-11-16T15:05:04","date_gmt":"2023-11-16T21:05:04","guid":{"rendered":"https:\/\/lospoliticosveracruz.com.mx\/?p=114361"},"modified":"2023-11-16T15:05:10","modified_gmt":"2023-11-16T21:05:10","slug":"con-dios-de-nuestro-lado","status":"publish","type":"post","link":"https:\/\/lospoliticosveracruz.com\/?p=114361","title":{"rendered":"CON DIOS DE NUESTRO LADO"},"content":{"rendered":"\n<p><strong>Mar de Le\u00f3n<\/strong><\/p>\n\n\n\n<p><em>Minuto<\/em><\/p>\n\n\n\n<p>Para mi columna de hoy me permit\u00ed traducir una canci\u00f3n de Bob Dylan que, a mi parecer es prof\u00e9tica por los tiempos de guerra que lamentable y parad\u00f3jicamente estamos viviendo en la actualidad.<\/p>\n\n\n\n<figure class=\"wp-block-image size-large\"><a href=\"https:\/\/lospoliticosveracruz.com.mx\/wp-content\/uploads\/2016\/07\/Seguro-Julio-Cerecedo-2.jpg\"><img decoding=\"async\" src=\"https:\/\/lospoliticosveracruz.com.mx\/wp-content\/uploads\/2016\/07\/Seguro-Julio-Cerecedo-2-1024x381.jpg\" alt=\"\" class=\"wp-image-105879\"\/><\/a><\/figure>\n\n\n\n<p>Me reservo el derecho a declarar si profeso alguna religi\u00f3n, o no.<\/p>\n\n\n\n<p>With God on Our Side<\/p>\n\n\n\n<p>Oh my name it ain\u2019t nothin\u2019<\/p>\n\n\n\n<p>My age it means less<\/p>\n\n\n\n<p>The country I come from<\/p>\n\n\n\n<p>Is called the Midwest<\/p>\n\n\n\n<p>I\u2019s taught and brought up there<\/p>\n\n\n\n<p>The laws to abide<\/p>\n\n\n\n<p>And that the land that I live in<\/p>\n\n\n\n<p>Has God on its side<\/p>\n\n\n\n<p>Con Dios de nuestro lado<\/p>\n\n\n\n<p>Mi nombre no es nada<\/p>\n\n\n\n<p>El significado de mi edad es menor<\/p>\n\n\n\n<p>El pa\u00eds de donde vengo<\/p>\n\n\n\n<p>Lo llaman Occidente<\/p>\n\n\n\n<p>Aqu\u00ed me concibieron y educaron<\/p>\n\n\n\n<p>Para obedecer las leyes<\/p>\n\n\n\n<p>Y aprend\u00ed que la tierra donde vivo<\/p>\n\n\n\n<p>Tiene a Dios de su lado<\/p>\n\n\n\n<p>Oh the history books tell it<\/p>\n\n\n\n<p>They tell it so well<\/p>\n\n\n\n<p>The cavalries charged<\/p>\n\n\n\n<p>The Indians fell<\/p>\n\n\n\n<p>The cavalries charged<\/p>\n\n\n\n<p>The Indians died<\/p>\n\n\n\n<p>Los libros de historia lo dicen<\/p>\n\n\n\n<p>Lo dicen muy bien<\/p>\n\n\n\n<p>Las caballer\u00edas atacaron<\/p>\n\n\n\n<p>Los Indios se rindieron<\/p>\n\n\n\n<p>Las caballer\u00edas atacaron<\/p>\n\n\n\n<p>Los Indios murieron<\/p>\n\n\n\n<p>Oh the country was young<\/p>\n\n\n\n<p>With God on its side<\/p>\n\n\n\n<p>El pa\u00eds era joven<\/p>\n\n\n\n<p>Y ten\u00eda a Dios de su lado<\/p>\n\n\n\n<p>Oh the Spanish-American<\/p>\n\n\n\n<p>War has its day<\/p>\n\n\n\n<p>And the Civil War too<\/p>\n\n\n\n<p>Was soon laid away<\/p>\n\n\n\n<p>And the names of the heroes<\/p>\n\n\n\n<p>I\u2019s made to memorize<\/p>\n\n\n\n<p>With guns in their hands<\/p>\n\n\n\n<p>And God on their side<\/p>\n\n\n\n<p>Oh the First World War, boys<\/p>\n\n\n\n<p>It closed out its fate<\/p>\n\n\n\n<p>The reason for fighting<\/p>\n\n\n\n<p>I never got straight<\/p>\n\n\n\n<p>But I learned to accept it<\/p>\n\n\n\n<p>Accept it with pride<\/p>\n\n\n\n<p>For you don\u2019t count the dead<\/p>\n\n\n\n<p>When God\u2019s on your side<\/p>\n\n\n\n<p>When the Second World War<\/p>\n\n\n\n<p>Came to an end<\/p>\n\n\n\n<p>We forgave the Germans<\/p>\n\n\n\n<p>And then we were friends<\/p>\n\n\n\n<p>Though they murdered six million<\/p>\n\n\n\n<p>In the ovens they fried<\/p>\n\n\n\n<p>The Germans now too<\/p>\n\n\n\n<p>Have God on their side<\/p>\n\n\n\n<p>La Guerra de Espa\u00f1a-Am\u00e9rica<\/p>\n\n\n\n<p>Concluy\u00f3 su d\u00eda<\/p>\n\n\n\n<p>Y la Guerra Civil tambi\u00e9n<\/p>\n\n\n\n<p>Pronto fue desechada<\/p>\n\n\n\n<p>Y los nombres de los h\u00e9roes<\/p>\n\n\n\n<p>Que me hicieron memorizar<\/p>\n\n\n\n<p>Ten\u00edan armas en sus manos<\/p>\n\n\n\n<p>Y a Dios de su lado<\/p>\n\n\n\n<p>La Primera Guerra Mundial, ni\u00f1os<\/p>\n\n\n\n<p>Cerr\u00f3 su destino<\/p>\n\n\n\n<p>La raz\u00f3n por la que pelearon<\/p>\n\n\n\n<p>Nunca la entend\u00ed<\/p>\n\n\n\n<p>Pero aprend\u00ed a aceptarla<\/p>\n\n\n\n<p>Aceptarla con honor<\/p>\n\n\n\n<p>Porque los muertos no se cuentan<\/p>\n\n\n\n<p>Cuando Dios est\u00e1 de tu lado<\/p>\n\n\n\n<p>La Segunda Guerra Mundial<\/p>\n\n\n\n<p>Lleg\u00f3 a su fin<\/p>\n\n\n\n<p>Perdonamos a los alemanes<\/p>\n\n\n\n<p>Y luego hasta nos hicimos amigos<\/p>\n\n\n\n<p>Aunque masacraron a seis millones<\/p>\n\n\n\n<p>En los hornos los frieron<\/p>\n\n\n\n<p>Los alemanes ahora tambi\u00e9n Tienen a Dios de su lado<\/p>\n\n\n\n<p>I\u2019ve learned to hate the Russians<\/p>\n\n\n\n<p>All through my whole life<\/p>\n\n\n\n<p>If another war starts<\/p>\n\n\n\n<p>It\u2019s them we must fight<\/p>\n\n\n\n<p>To hate them and fear them<\/p>\n\n\n\n<p>To run and to hide<\/p>\n\n\n\n<p>And accept it all bravely<\/p>\n\n\n\n<p>With God in my side<\/p>\n\n\n\n<p>But now we got weapons<\/p>\n\n\n\n<p>Of the chemical dust<\/p>\n\n\n\n<p>If fire them we\u2019re forced to<\/p>\n\n\n\n<p>Then fire them we must<\/p>\n\n\n\n<p>One push of the button<\/p>\n\n\n\n<p>And a shot the world wide<\/p>\n\n\n\n<p>And you never ask questions<\/p>\n\n\n\n<p>When God\u2019s on your side<\/p>\n\n\n\n<p>Through many dark hour<\/p>\n\n\n\n<p>I\u2019ve been thinkin\u2019 about this<\/p>\n\n\n\n<p>That Jesus Christ<\/p>\n\n\n\n<p>Was betrayed by a kiss<\/p>\n\n\n\n<p>But I can\u2019t think for you<\/p>\n\n\n\n<p>You\u2019ll have to decide<\/p>\n\n\n\n<p>Whether Judas Iscariot<\/p>\n\n\n\n<p>Had God on his side<\/p>\n\n\n\n<p>Aprend\u00ed a odiar a los rusos<\/p>\n\n\n\n<p>A lo largo de toda mi vida<\/p>\n\n\n\n<p>Si otra guerra comenzara<\/p>\n\n\n\n<p>Contra ellos habr\u00e1 que contender<\/p>\n\n\n\n<p>Habremos que odiarlos y temerles<\/p>\n\n\n\n<p>Que huirles y esconder<\/p>\n\n\n\n<p>Y aceptarlo valiente<\/p>\n\n\n\n<p>Con Dios de mi lado<\/p>\n\n\n\n<p>Pero ahora tenemos armas<\/p>\n\n\n\n<p>De residuos qu\u00edmicos<\/p>\n\n\n\n<p>Si nos obligan a accionarlas<\/p>\n\n\n\n<p>Entonces accionadas ser\u00e1n<\/p>\n\n\n\n<p>Oprimir un bot\u00f3n<\/p>\n\n\n\n<p>Y lanzarlas al mundo<\/p>\n\n\n\n<p>Y no se hacen preguntas<\/p>\n\n\n\n<p>Cuando tienes a Dios de tu lado<\/p>\n\n\n\n<p>En una hora sombr\u00eda<\/p>\n\n\n\n<p>He reflexionado sobre esto<\/p>\n\n\n\n<p>Que Jesucristo<\/p>\n\n\n\n<p>Fue traicionado con un beso<\/p>\n\n\n\n<p>Pero no puedo especular por ti<\/p>\n\n\n\n<p>T\u00fa tienes que decidir<\/p>\n\n\n\n<p>Si Judas Iscariote<\/p>\n\n\n\n<p>Ten\u00eda o no a Dios de su lado<\/p>\n\n\n\n<p>So now as I\u2019m leavin\u2019<\/p>\n\n\n\n<p>I\u2019m weary as Hell<\/p>\n\n\n\n<p>The confusion I\u2019m feelin\u2019<\/p>\n\n\n\n<p>Ain\u2019t no tongue can tell<\/p>\n\n\n\n<p>The words fill my head<\/p>\n\n\n\n<p>And fall to the floor<\/p>\n\n\n\n<p>If God\u2019s on our side<\/p>\n\n\n\n<p>He\u2019ll stop the next war<\/p>\n","protected":false},"excerpt":{"rendered":"<p>Mar de Le\u00f3n Minuto Para mi columna de hoy me permit\u00ed traducir una canci\u00f3n de Bob Dylan que, a mi parecer es prof\u00e9tica por los tiempos de guerra que lamentable y parad\u00f3jicamente estamos viviendo en la actualidad. Me reservo el derecho a declarar si profeso alguna religi\u00f3n, o no. With God on Our Side Oh [&hellip;]<\/p>\n","protected":false},"author":2,"featured_media":0,"comment_status":"closed","ping_status":"closed","sticky":false,"template":"","format":"standard","meta":{"tdm_status":"","tdm_grid_status":"","footnotes":""},"categories":[70],"tags":[],"class_list":{"0":"post-114361","1":"post","2":"type-post","3":"status-publish","4":"format-standard","6":"category-de-opinion"},"yoast_head":"<!-- This site is optimized with the Yoast SEO plugin v27.4 - https:\/\/yoast.com\/product\/yoast-seo-wordpress\/ -->\n<title>CON DIOS DE NUESTRO LADO - Los pol\u00edticos Veracruz<\/title>\n<meta name=\"robots\" content=\"index, follow, max-snippet:-1, max-image-preview:large, max-video-preview:-1\" \/>\n<link rel=\"canonical\" href=\"https:\/\/lospoliticosveracruz.com\/?p=114361\" \/>\n<meta property=\"og:locale\" content=\"es_ES\" \/>\n<meta property=\"og:type\" content=\"article\" \/>\n<meta property=\"og:title\" content=\"CON DIOS DE NUESTRO LADO - Los pol\u00edticos Veracruz\" \/>\n<meta property=\"og:description\" content=\"Mar de Le\u00f3n Minuto Para mi columna de hoy me permit\u00ed traducir una canci\u00f3n de Bob Dylan que, a mi parecer es prof\u00e9tica por los tiempos de guerra que lamentable y parad\u00f3jicamente estamos viviendo en la actualidad. Me reservo el derecho a declarar si profeso alguna religi\u00f3n, o no. With God on Our Side Oh [&hellip;]\" \/>\n<meta property=\"og:url\" content=\"https:\/\/lospoliticosveracruz.com\/?p=114361\" \/>\n<meta property=\"og:site_name\" content=\"Los pol\u00edticos Veracruz\" \/>\n<meta property=\"article:publisher\" content=\"https:\/\/www.facebook.com\/people\/Notimemes-de-los-Polticos\/61565672886568\/\" \/>\n<meta property=\"article:published_time\" content=\"2023-11-16T21:05:04+00:00\" \/>\n<meta property=\"article:modified_time\" content=\"2023-11-16T21:05:10+00:00\" \/>\n<meta property=\"og:image\" content=\"https:\/\/lospoliticosveracruz.com.mx\/wp-content\/uploads\/2016\/07\/Seguro-Julio-Cerecedo-2-1024x381.jpg\" \/>\n<meta name=\"author\" content=\"Lo viste en Los Pol\u00edticos\" \/>\n<meta name=\"twitter:card\" content=\"summary_large_image\" \/>\n<meta name=\"twitter:creator\" content=\"@LosPoliticosVer\" \/>\n<meta name=\"twitter:site\" content=\"@LosPoliticosVer\" \/>\n<meta name=\"twitter:label1\" content=\"Escrito por\" \/>\n\t<meta name=\"twitter:data1\" content=\"Lo viste en Los Pol\u00edticos\" \/>\n\t<meta name=\"twitter:label2\" content=\"Tiempo de lectura\" \/>\n\t<meta name=\"twitter:data2\" content=\"4 minutos\" \/>\n<script type=\"application\/ld+json\" class=\"yoast-schema-graph\">{\"@context\":\"https:\\\/\\\/schema.org\",\"@graph\":[{\"@type\":\"Article\",\"@id\":\"https:\\\/\\\/lospoliticosveracruz.com\\\/?p=114361#article\",\"isPartOf\":{\"@id\":\"https:\\\/\\\/lospoliticosveracruz.com\\\/?p=114361\"},\"author\":{\"name\":\"Lo viste en Los Pol\u00edticos\",\"@id\":\"https:\\\/\\\/lospoliticosveracruz.com\\\/#\\\/schema\\\/person\\\/b8702bb0e538456e6efd07080bf2a4a2\"},\"headline\":\"CON DIOS DE NUESTRO LADO\",\"datePublished\":\"2023-11-16T21:05:04+00:00\",\"dateModified\":\"2023-11-16T21:05:10+00:00\",\"mainEntityOfPage\":{\"@id\":\"https:\\\/\\\/lospoliticosveracruz.com\\\/?p=114361\"},\"wordCount\":745,\"publisher\":{\"@id\":\"https:\\\/\\\/lospoliticosveracruz.com\\\/#organization\"},\"image\":{\"@id\":\"https:\\\/\\\/lospoliticosveracruz.com\\\/?p=114361#primaryimage\"},\"thumbnailUrl\":\"https:\\\/\\\/lospoliticosveracruz.com.mx\\\/wp-content\\\/uploads\\\/2016\\\/07\\\/Seguro-Julio-Cerecedo-2-1024x381.jpg\",\"articleSection\":[\"De Opini\u00f3n\"],\"inLanguage\":\"es\"},{\"@type\":\"WebPage\",\"@id\":\"https:\\\/\\\/lospoliticosveracruz.com\\\/?p=114361\",\"url\":\"https:\\\/\\\/lospoliticosveracruz.com\\\/?p=114361\",\"name\":\"CON DIOS DE NUESTRO LADO - Los pol\u00edticos Veracruz\",\"isPartOf\":{\"@id\":\"https:\\\/\\\/lospoliticosveracruz.com\\\/#website\"},\"primaryImageOfPage\":{\"@id\":\"https:\\\/\\\/lospoliticosveracruz.com\\\/?p=114361#primaryimage\"},\"image\":{\"@id\":\"https:\\\/\\\/lospoliticosveracruz.com\\\/?p=114361#primaryimage\"},\"thumbnailUrl\":\"https:\\\/\\\/lospoliticosveracruz.com.mx\\\/wp-content\\\/uploads\\\/2016\\\/07\\\/Seguro-Julio-Cerecedo-2-1024x381.jpg\",\"datePublished\":\"2023-11-16T21:05:04+00:00\",\"dateModified\":\"2023-11-16T21:05:10+00:00\",\"breadcrumb\":{\"@id\":\"https:\\\/\\\/lospoliticosveracruz.com\\\/?p=114361#breadcrumb\"},\"inLanguage\":\"es\",\"potentialAction\":[{\"@type\":\"ReadAction\",\"target\":[\"https:\\\/\\\/lospoliticosveracruz.com\\\/?p=114361\"]}]},{\"@type\":\"ImageObject\",\"inLanguage\":\"es\",\"@id\":\"https:\\\/\\\/lospoliticosveracruz.com\\\/?p=114361#primaryimage\",\"url\":\"https:\\\/\\\/lospoliticosveracruz.com.mx\\\/wp-content\\\/uploads\\\/2016\\\/07\\\/Seguro-Julio-Cerecedo-2-1024x381.jpg\",\"contentUrl\":\"https:\\\/\\\/lospoliticosveracruz.com.mx\\\/wp-content\\\/uploads\\\/2016\\\/07\\\/Seguro-Julio-Cerecedo-2-1024x381.jpg\"},{\"@type\":\"BreadcrumbList\",\"@id\":\"https:\\\/\\\/lospoliticosveracruz.com\\\/?p=114361#breadcrumb\",\"itemListElement\":[{\"@type\":\"ListItem\",\"position\":1,\"name\":\"Portada\",\"item\":\"https:\\\/\\\/lospoliticosveracruz.com\\\/\"},{\"@type\":\"ListItem\",\"position\":2,\"name\":\"CON DIOS DE NUESTRO LADO\"}]},{\"@type\":\"WebSite\",\"@id\":\"https:\\\/\\\/lospoliticosveracruz.com\\\/#website\",\"url\":\"https:\\\/\\\/lospoliticosveracruz.com\\\/\",\"name\":\"Los pol\u00edticos Veracruz\",\"description\":\"\",\"publisher\":{\"@id\":\"https:\\\/\\\/lospoliticosveracruz.com\\\/#organization\"},\"potentialAction\":[{\"@type\":\"SearchAction\",\"target\":{\"@type\":\"EntryPoint\",\"urlTemplate\":\"https:\\\/\\\/lospoliticosveracruz.com\\\/?s={search_term_string}\"},\"query-input\":{\"@type\":\"PropertyValueSpecification\",\"valueRequired\":true,\"valueName\":\"search_term_string\"}}],\"inLanguage\":\"es\"},{\"@type\":\"Organization\",\"@id\":\"https:\\\/\\\/lospoliticosveracruz.com\\\/#organization\",\"name\":\"Los pol\u00edticos Veracruz\",\"url\":\"https:\\\/\\\/lospoliticosveracruz.com\\\/\",\"logo\":{\"@type\":\"ImageObject\",\"inLanguage\":\"es\",\"@id\":\"https:\\\/\\\/lospoliticosveracruz.com\\\/#\\\/schema\\\/logo\\\/image\\\/\",\"url\":\"https:\\\/\\\/lospoliticosveracruz.com\\\/wp-content\\\/uploads\\\/2025\\\/12\\\/Logo-Nuevo-LOS-POLITICOS-1.jpg\",\"contentUrl\":\"https:\\\/\\\/lospoliticosveracruz.com\\\/wp-content\\\/uploads\\\/2025\\\/12\\\/Logo-Nuevo-LOS-POLITICOS-1.jpg\",\"width\":260,\"height\":70,\"caption\":\"Los pol\u00edticos Veracruz\"},\"image\":{\"@id\":\"https:\\\/\\\/lospoliticosveracruz.com\\\/#\\\/schema\\\/logo\\\/image\\\/\"},\"sameAs\":[\"https:\\\/\\\/www.facebook.com\\\/people\\\/Notimemes-de-los-Polticos\\\/61565672886568\\\/\",\"https:\\\/\\\/x.com\\\/LosPoliticosVer\"]},{\"@type\":\"Person\",\"@id\":\"https:\\\/\\\/lospoliticosveracruz.com\\\/#\\\/schema\\\/person\\\/b8702bb0e538456e6efd07080bf2a4a2\",\"name\":\"Lo viste en Los Pol\u00edticos\",\"image\":{\"@type\":\"ImageObject\",\"inLanguage\":\"es\",\"@id\":\"https:\\\/\\\/secure.gravatar.com\\\/avatar\\\/3a8de04a2656d44082be478bd6c086daa447c4651605818287b9532d3d0bd435?s=96&d=mm&r=g\",\"url\":\"https:\\\/\\\/secure.gravatar.com\\\/avatar\\\/3a8de04a2656d44082be478bd6c086daa447c4651605818287b9532d3d0bd435?s=96&d=mm&r=g\",\"contentUrl\":\"https:\\\/\\\/secure.gravatar.com\\\/avatar\\\/3a8de04a2656d44082be478bd6c086daa447c4651605818287b9532d3d0bd435?s=96&d=mm&r=g\",\"caption\":\"Lo viste en Los Pol\u00edticos\"},\"url\":\"https:\\\/\\\/lospoliticosveracruz.com\\\/?author=2\"}]}<\/script>\n<!-- \/ Yoast SEO plugin. -->","yoast_head_json":{"title":"CON DIOS DE NUESTRO LADO - Los pol\u00edticos Veracruz","robots":{"index":"index","follow":"follow","max-snippet":"max-snippet:-1","max-image-preview":"max-image-preview:large","max-video-preview":"max-video-preview:-1"},"canonical":"https:\/\/lospoliticosveracruz.com\/?p=114361","og_locale":"es_ES","og_type":"article","og_title":"CON DIOS DE NUESTRO LADO - Los pol\u00edticos Veracruz","og_description":"Mar de Le\u00f3n Minuto Para mi columna de hoy me permit\u00ed traducir una canci\u00f3n de Bob Dylan que, a mi parecer es prof\u00e9tica por los tiempos de guerra que lamentable y parad\u00f3jicamente estamos viviendo en la actualidad. Me reservo el derecho a declarar si profeso alguna religi\u00f3n, o no. With God on Our Side Oh [&hellip;]","og_url":"https:\/\/lospoliticosveracruz.com\/?p=114361","og_site_name":"Los pol\u00edticos Veracruz","article_publisher":"https:\/\/www.facebook.com\/people\/Notimemes-de-los-Polticos\/61565672886568\/","article_published_time":"2023-11-16T21:05:04+00:00","article_modified_time":"2023-11-16T21:05:10+00:00","og_image":[{"url":"https:\/\/lospoliticosveracruz.com.mx\/wp-content\/uploads\/2016\/07\/Seguro-Julio-Cerecedo-2-1024x381.jpg","type":"","width":"","height":""}],"author":"Lo viste en Los Pol\u00edticos","twitter_card":"summary_large_image","twitter_creator":"@LosPoliticosVer","twitter_site":"@LosPoliticosVer","twitter_misc":{"Escrito por":"Lo viste en Los Pol\u00edticos","Tiempo de lectura":"4 minutos"},"schema":{"@context":"https:\/\/schema.org","@graph":[{"@type":"Article","@id":"https:\/\/lospoliticosveracruz.com\/?p=114361#article","isPartOf":{"@id":"https:\/\/lospoliticosveracruz.com\/?p=114361"},"author":{"name":"Lo viste en Los Pol\u00edticos","@id":"https:\/\/lospoliticosveracruz.com\/#\/schema\/person\/b8702bb0e538456e6efd07080bf2a4a2"},"headline":"CON DIOS DE NUESTRO LADO","datePublished":"2023-11-16T21:05:04+00:00","dateModified":"2023-11-16T21:05:10+00:00","mainEntityOfPage":{"@id":"https:\/\/lospoliticosveracruz.com\/?p=114361"},"wordCount":745,"publisher":{"@id":"https:\/\/lospoliticosveracruz.com\/#organization"},"image":{"@id":"https:\/\/lospoliticosveracruz.com\/?p=114361#primaryimage"},"thumbnailUrl":"https:\/\/lospoliticosveracruz.com.mx\/wp-content\/uploads\/2016\/07\/Seguro-Julio-Cerecedo-2-1024x381.jpg","articleSection":["De Opini\u00f3n"],"inLanguage":"es"},{"@type":"WebPage","@id":"https:\/\/lospoliticosveracruz.com\/?p=114361","url":"https:\/\/lospoliticosveracruz.com\/?p=114361","name":"CON DIOS DE NUESTRO LADO - Los pol\u00edticos Veracruz","isPartOf":{"@id":"https:\/\/lospoliticosveracruz.com\/#website"},"primaryImageOfPage":{"@id":"https:\/\/lospoliticosveracruz.com\/?p=114361#primaryimage"},"image":{"@id":"https:\/\/lospoliticosveracruz.com\/?p=114361#primaryimage"},"thumbnailUrl":"https:\/\/lospoliticosveracruz.com.mx\/wp-content\/uploads\/2016\/07\/Seguro-Julio-Cerecedo-2-1024x381.jpg","datePublished":"2023-11-16T21:05:04+00:00","dateModified":"2023-11-16T21:05:10+00:00","breadcrumb":{"@id":"https:\/\/lospoliticosveracruz.com\/?p=114361#breadcrumb"},"inLanguage":"es","potentialAction":[{"@type":"ReadAction","target":["https:\/\/lospoliticosveracruz.com\/?p=114361"]}]},{"@type":"ImageObject","inLanguage":"es","@id":"https:\/\/lospoliticosveracruz.com\/?p=114361#primaryimage","url":"https:\/\/lospoliticosveracruz.com.mx\/wp-content\/uploads\/2016\/07\/Seguro-Julio-Cerecedo-2-1024x381.jpg","contentUrl":"https:\/\/lospoliticosveracruz.com.mx\/wp-content\/uploads\/2016\/07\/Seguro-Julio-Cerecedo-2-1024x381.jpg"},{"@type":"BreadcrumbList","@id":"https:\/\/lospoliticosveracruz.com\/?p=114361#breadcrumb","itemListElement":[{"@type":"ListItem","position":1,"name":"Portada","item":"https:\/\/lospoliticosveracruz.com\/"},{"@type":"ListItem","position":2,"name":"CON DIOS DE NUESTRO LADO"}]},{"@type":"WebSite","@id":"https:\/\/lospoliticosveracruz.com\/#website","url":"https:\/\/lospoliticosveracruz.com\/","name":"Los pol\u00edticos Veracruz","description":"","publisher":{"@id":"https:\/\/lospoliticosveracruz.com\/#organization"},"potentialAction":[{"@type":"SearchAction","target":{"@type":"EntryPoint","urlTemplate":"https:\/\/lospoliticosveracruz.com\/?s={search_term_string}"},"query-input":{"@type":"PropertyValueSpecification","valueRequired":true,"valueName":"search_term_string"}}],"inLanguage":"es"},{"@type":"Organization","@id":"https:\/\/lospoliticosveracruz.com\/#organization","name":"Los pol\u00edticos Veracruz","url":"https:\/\/lospoliticosveracruz.com\/","logo":{"@type":"ImageObject","inLanguage":"es","@id":"https:\/\/lospoliticosveracruz.com\/#\/schema\/logo\/image\/","url":"https:\/\/lospoliticosveracruz.com\/wp-content\/uploads\/2025\/12\/Logo-Nuevo-LOS-POLITICOS-1.jpg","contentUrl":"https:\/\/lospoliticosveracruz.com\/wp-content\/uploads\/2025\/12\/Logo-Nuevo-LOS-POLITICOS-1.jpg","width":260,"height":70,"caption":"Los pol\u00edticos Veracruz"},"image":{"@id":"https:\/\/lospoliticosveracruz.com\/#\/schema\/logo\/image\/"},"sameAs":["https:\/\/www.facebook.com\/people\/Notimemes-de-los-Polticos\/61565672886568\/","https:\/\/x.com\/LosPoliticosVer"]},{"@type":"Person","@id":"https:\/\/lospoliticosveracruz.com\/#\/schema\/person\/b8702bb0e538456e6efd07080bf2a4a2","name":"Lo viste en Los Pol\u00edticos","image":{"@type":"ImageObject","inLanguage":"es","@id":"https:\/\/secure.gravatar.com\/avatar\/3a8de04a2656d44082be478bd6c086daa447c4651605818287b9532d3d0bd435?s=96&d=mm&r=g","url":"https:\/\/secure.gravatar.com\/avatar\/3a8de04a2656d44082be478bd6c086daa447c4651605818287b9532d3d0bd435?s=96&d=mm&r=g","contentUrl":"https:\/\/secure.gravatar.com\/avatar\/3a8de04a2656d44082be478bd6c086daa447c4651605818287b9532d3d0bd435?s=96&d=mm&r=g","caption":"Lo viste en Los Pol\u00edticos"},"url":"https:\/\/lospoliticosveracruz.com\/?author=2"}]}},"_links":{"self":[{"href":"https:\/\/lospoliticosveracruz.com\/index.php?rest_route=\/wp\/v2\/posts\/114361","targetHints":{"allow":["GET"]}}],"collection":[{"href":"https:\/\/lospoliticosveracruz.com\/index.php?rest_route=\/wp\/v2\/posts"}],"about":[{"href":"https:\/\/lospoliticosveracruz.com\/index.php?rest_route=\/wp\/v2\/types\/post"}],"author":[{"embeddable":true,"href":"https:\/\/lospoliticosveracruz.com\/index.php?rest_route=\/wp\/v2\/users\/2"}],"replies":[{"embeddable":true,"href":"https:\/\/lospoliticosveracruz.com\/index.php?rest_route=%2Fwp%2Fv2%2Fcomments&post=114361"}],"version-history":[{"count":1,"href":"https:\/\/lospoliticosveracruz.com\/index.php?rest_route=\/wp\/v2\/posts\/114361\/revisions"}],"predecessor-version":[{"id":114362,"href":"https:\/\/lospoliticosveracruz.com\/index.php?rest_route=\/wp\/v2\/posts\/114361\/revisions\/114362"}],"wp:attachment":[{"href":"https:\/\/lospoliticosveracruz.com\/index.php?rest_route=%2Fwp%2Fv2%2Fmedia&parent=114361"}],"wp:term":[{"taxonomy":"category","embeddable":true,"href":"https:\/\/lospoliticosveracruz.com\/index.php?rest_route=%2Fwp%2Fv2%2Fcategories&post=114361"},{"taxonomy":"post_tag","embeddable":true,"href":"https:\/\/lospoliticosveracruz.com\/index.php?rest_route=%2Fwp%2Fv2%2Ftags&post=114361"}],"curies":[{"name":"wp","href":"https:\/\/api.w.org\/{rel}","templated":true}]}}