{"id":114399,"date":"2023-11-17T09:45:12","date_gmt":"2023-11-17T15:45:12","guid":{"rendered":"https:\/\/lospoliticosveracruz.com.mx\/?p=114399"},"modified":"2023-11-17T09:45:19","modified_gmt":"2023-11-17T15:45:19","slug":"claudia-y-rocio","status":"publish","type":"post","link":"https:\/\/lospoliticosveracruz.com\/?p=114399","title":{"rendered":"CLAUDIA Y ROC\u00cdO\u2026"},"content":{"rendered":"\n<p><\/p>\n\n\n\n<p><strong>Jos\u00e9 Luis Ortega Vidal<\/strong><\/p>\n\n\n\n<p><em>Claroscuros<\/em>&nbsp;<\/p>\n\n\n\n<p>(1)<\/p>\n\n\n\n<p>Claudia Sheinbaum arrancar\u00e1 su precampa\u00f1a por la presidencia de la Rep\u00fablica el pr\u00f3ximo veinte de noviembre en Veracruz, en el contexto de una gira de tres d\u00edas que rematar\u00e1 el mi\u00e9rcoles veintid\u00f3s en Minatitl\u00e1n.<\/p>\n\n\n\n<p>La presencia de la abanderada de MORENA en suelo veracruzano luce repleta de simbolismo, condici\u00f3n relativamente sencilla en una de las entidades con mayor linaje hist\u00f3rico del pa\u00eds.<\/p>\n\n\n<div class=\"wp-block-image\">\n<figure class=\"alignleft size-medium\"><a href=\"https:\/\/lospoliticosveracruz.com.mx\/wp-content\/uploads\/2021\/10\/WhatsApp-Image-2021-10-02-at-15.20.25.jpeg\"><img loading=\"lazy\" decoding=\"async\" width=\"212\" height=\"300\" src=\"https:\/\/lospoliticosveracruz.com.mx\/wp-content\/uploads\/2021\/10\/WhatsApp-Image-2021-10-02-at-15.20.25-212x300.jpeg\" alt=\"\" class=\"wp-image-80177\" srcset=\"https:\/\/lospoliticosveracruz.com\/wp-content\/uploads\/2021\/10\/WhatsApp-Image-2021-10-02-at-15.20.25-212x300.jpeg 212w, https:\/\/lospoliticosveracruz.com\/wp-content\/uploads\/2021\/10\/WhatsApp-Image-2021-10-02-at-15.20.25-724x1024.jpeg 724w, https:\/\/lospoliticosveracruz.com\/wp-content\/uploads\/2021\/10\/WhatsApp-Image-2021-10-02-at-15.20.25-768x1086.jpeg 768w, https:\/\/lospoliticosveracruz.com\/wp-content\/uploads\/2021\/10\/WhatsApp-Image-2021-10-02-at-15.20.25.jpeg 905w\" sizes=\"auto, (max-width: 212px) 100vw, 212px\" \/><\/a><\/figure>\n<\/div>\n\n\n<p>El 7 de enero de 1907 R\u00edo Blanco vivi\u00f3 una masacre de obreros textiles en huelga, por parte del gobierno de Porfirio D\u00edaz; hecho que precedi\u00f3 la revoluci\u00f3n maderista de 1910.<\/p>\n\n\n\n<p>Antes de la lucha de trabajadores en la regi\u00f3n de Orizaba, ocurri\u00f3 un levantamiento armado de ind\u00edgenas Popolucas de San Pedro Soteapan en Acayucan, al sur, el 30 de septiembre de 1906.<\/p>\n\n\n\n<p>El de Acayucan es un pueblo ubicado en la regi\u00f3n veracruzana del istmo de Tehuantepec, donde se impulsa el Corredor Interoce\u00e1nico que busca competir con el Canal de Panam\u00e1.<\/p>\n\n\n\n<p>En Minatitl\u00e1n se ubica la refiner\u00eda \u201cL\u00e1zaro C\u00e1rdenas\u201d, primera inaugurada en Latinoam\u00e9rica -1906- y una de las seis en operaci\u00f3n en M\u00e9xico; en espera de la puesta en marcha de Dos Bocas, s\u00e9ptima f\u00e1brica de combustibles construida bajo responsabilidad de Roc\u00edo Nahle Garc\u00eda, ex secretaria de Energ\u00eda y compa\u00f1era de la doctora Sheinbaum en la cruzada morenista por mantenerse seis a\u00f1os m\u00e1s en el poder.<\/p>\n\n\n\n<p>(2)<\/p>\n\n\n\n<p>El martes pasado en la comunidad de El Castillo, Xalapa, apareci\u00f3 una fosa con cinco cuerpos inhumados clandestinamente, incluido el de un beb\u00e9 de s\u00f3lo tres a\u00f1os.<\/p>\n\n\n\n<p>Ayer, el gobernador Cuitl\u00e1huac Garc\u00eda Jim\u00e9nez inform\u00f3 sobre la captura de seis presuntos corresponsables de esta acci\u00f3n inhumana, al tiempo de ubicar a las v\u00edctimas como parte de una banda dedicada al tr\u00e1fico y consumo de droga, asesinados por sus c\u00f3mplices en alg\u00fan ajuste de cuentas, quiz\u00e1 por deudas entre ellos.<\/p>\n\n\n\n<p>Desde luego, el beb\u00e9 no habr\u00eda sido traficante, ni consumidor, ni deudor dentro del terror\u00edfico universo del crimen organizado, seg\u00fan se desprende de la declaraci\u00f3n a reporteros por parte de la m\u00e1xima autoridad veracruzana.<\/p>\n\n\n\n<p>El beb\u00e9 fue asesinado\u2026bueno, por estar en el lugar y con la persona equivocada: su madre.<\/p>\n\n\n\n<p>(3)<\/p>\n\n\n\n<p>La alusi\u00f3n a una masacre en Xalapa descubierta alrededor de una fosa clandestina, parte de observar un severo da\u00f1o en la estructura de seguridad de Estado.<\/p>\n\n\n\n<p>En la entidad veracruzana no s\u00f3lo ocurren asesinatos de ni\u00f1os\u2026<\/p>\n\n\n\n<p>Tambi\u00e9n mueren violentamente integrantes de la clase pol\u00edtica\u2026<\/p>\n\n\n\n<p>Las historias en uno y otro rubro conforman una lista muy amplia, desde el P\u00e1nuco hasta el Coatzacoalcos\u2026<\/p>\n\n\n\n<p>A los ejecutados, a\u00f1adamos el tema de los secuestros, los desaparecidos y desaparecidas, la extorsi\u00f3n, el huachicoleo, etc\u00e9tera.<\/p>\n\n\n\n<p>(4)<\/p>\n\n\n\n<p>En el Claroscuros anterior, subtitulado \u201cElecci\u00f3n de Veracruz 2024 \u00bfDemocracia Violenta II Parte? hago alusi\u00f3n al caso de Texistepec, municipio sure\u00f1o ubicado a quince minutos de Acayucan y a menos de treinta kil\u00f3metros de Minatitl\u00e1n.<\/p>\n\n\n\n<p>En este lugar se planea construir uno de los Polos de Desarrollo del Corredor Interoce\u00e1nico del Istmo de Tehuantepec, que busca consolidarse como plataforma log\u00edstica para el comercio mundial entre Europa, Asia, M\u00e9xico y Estados Unidos.<\/p>\n\n\n\n<p>Texistepec ha sufrido en menos de un a\u00f1o la p\u00e9rdida de un regidor, un ex alcalde y un comandante local a manos del crimen organizado.<\/p>\n\n\n\n<p>(5)<\/p>\n\n\n\n<p>Visto desde la perspectiva macroecon\u00f3mica Texistepec forma parte de una apuesta al desarrollo hist\u00f3rico en el sureste mexicano, v\u00eda una mega obra de la 4ta Transformaci\u00f3n encabezada por el presidente Andr\u00e9s Manuel L\u00f3pez Obrador, junto al Tren Maya, la refiner\u00eda de Dos Bocas y el AIFA.<\/p>\n\n\n\n<p>Al mismo tiempo en Texistepec se padece la inestabilidad propia de fallas graves en materia de seguridad, tema bajo responsabilidad de los gobiernos federal, estatal y municipal; \u00e9ste \u00faltimo totalmente rebasado.<\/p>\n\n\n\n<p>\u00bfComo atraer, animar, convencer a un inversionista a colocar miles de millones de d\u00f3lares en un lugar donde sus empleados y equipos con tecnolog\u00eda de \u00faltima generaci\u00f3n est\u00e9n destinados a sufrir ataques a manos de delincuentes fuera de control?<\/p>\n\n\n\n<p>La macroeconom\u00eda exige en su implementaci\u00f3n elementos b\u00e1sicos como dotaci\u00f3n de servicios: internet, agua, luz, gas; mano de obra especializada; conectividad con cadenas de suministro de materia prima, con mercados a donde enviar\u00e1 sus productos; as\u00ed como seguridad.<\/p>\n\n\n\n<p>Al momento, s\u00f3lo me he referido al tema de la seguridad y sus da\u00f1os profundos, sin abordar el resto de rubros.<\/p>\n\n\n\n<p>(6)<\/p>\n\n\n\n<p>A Claudia Sheinbaum y a Roc\u00edo Nahle les corresponde escuchar estas preguntas y ofrecer respuestas concretas, viables, convincentes para los ciudadanos a quienes pedir\u00e1n el voto.<\/p>\n\n\n\n<p>\u00bfEst\u00e1n conscientes sobre la violencia exacerbada e imparable que padece el estado de Veracruz?<\/p>\n\n\n\n<p>\u00bfCu\u00e1les son sus propuestas para atenderlas?<\/p>\n\n\n\n<p>\u00bfC\u00f3mo vincular el combate a las mafias con los da\u00f1os en materia de Estructura econ\u00f3mica que tambi\u00e9n sufrimos los veracruzanos?<\/p>\n\n\n\n<p>Es decir \u00bfC\u00f3mo generar los cientos de miles de empleos faltantes?<\/p>\n\n\n\n<p>M\u00e1s a\u00fan: \u00bfC\u00f3mo garantizar el aterrizaje de inversiones millonarias en un municipio donde matar funcionarios p\u00fablicos es una pr\u00e1ctica com\u00fan?<\/p>\n\n\n\n<p>Por citar s\u00f3lo un caso\u2026<\/p>\n\n\n\n<p>(7)<\/p>\n\n\n\n<p>La gira del 20, 21 y 22 de noviembre no llevar\u00e1 a la dupla Sheinbaum-Nahle a Coatzacoalcos, capital econ\u00f3mica del sur veracruzano, municipio muy cercano a la frontera con Tabasco y sede de dos Polos de Desarrollo del Corredor Interoce\u00e1nico del Istmo de Tehuantepec.<\/p>\n\n\n\n<p>El martes pasado el alcalde de Tatahuicapan de Ju\u00e1rez, Eusebio Gonz\u00e1lez Hern\u00e1ndez, y un grupo de ejidatarios cerraron la llave de la presa Yuribia, suministradora de agua potable para Coatzacoalcos.<\/p>\n\n\n\n<p>Con m\u00e1s de 300 mil habitantes, Coatzacoalcos se queda sin agua cuando en Tatahuicapan as\u00ed lo deciden.<\/p>\n\n\n\n<p>Ha ocurrido muchas veces y ocurrir\u00e1 otras tantas mientras el antiguo Puerto M\u00e9xico no solucione el tema estructural de un suministro garantizado de l\u00edquido vital.<\/p>\n\n\n\n<p>(8)<\/p>\n\n\n\n<p>Amado Cruz Malpica, alcalde de Coatzacoalcos, es un brillante abogado experto en derecho laboral y un pol\u00edtico con tablas.<\/p>\n\n\n\n<p>\u00bfEstar\u00e1 en los planes del edil porte\u00f1o impulsar durante la segunda mitad de su gobierno una soluci\u00f3n frente a la dependencia del suministro acu\u00edfero desde una veleidosa condici\u00f3n pol\u00edtica en Tatahuicapan de Ju\u00e1rez?<\/p>\n\n\n\n<p>Volvemos a los ejemplos contradictorios: el megaproyecto del Corredor Interoce\u00e1nico del Istmo de Tehuantepec topa con uno de sus extremos -el de Coatzacoalcos- afectado por la falta de certeza permanente, sin problema alguno, sin sujeci\u00f3n a intereses o choque de intereses con el municipio desde donde le suministran agua potable.<\/p>\n\n\n\n<p>(9)<\/p>\n\n\n\n<p>&#8211;&nbsp; &nbsp; &nbsp; &nbsp; &nbsp;&nbsp;Megaproyecto de la 4T vs Inseguridad\u2026<\/p>\n\n\n\n<p>&#8211;&nbsp; &nbsp; &nbsp; &nbsp; &nbsp;&nbsp;Megaproyecto de la 4T vs Suministro de agua no garantizado en su totalidad\u2026<\/p>\n\n\n\n<p>&#8211;&nbsp; &nbsp; &nbsp; &nbsp; &nbsp;&nbsp;Veracruz, una entidad donde la sociedad en general y la clase pol\u00edtica en particular padecen el ataque permanente del crimen organizado\u2026<\/p>\n\n\n\n<p>(10)<\/p>\n\n\n\n<p>La misma condici\u00f3n, el reclamo de la misma funesta realidad, las mismas exigencias enfrentar\u00e1n X\u00f3chitl G\u00e1lvez, del Frente Amplio por M\u00e9xico y el resto de candidatos -en este caso de oposici\u00f3n- a las sillas presidencial y estatal.<\/p>\n\n\n\n<p>Ya veremos si tienen una m\u00ednima idea en torno al grave escenario con estructuras de Estado da\u00f1adas, al que pretenden gobernar\u2026<\/p>\n","protected":false},"excerpt":{"rendered":"<p>Jos\u00e9 Luis Ortega Vidal Claroscuros&nbsp; (1) Claudia Sheinbaum arrancar\u00e1 su precampa\u00f1a por la presidencia de la Rep\u00fablica el pr\u00f3ximo veinte de noviembre en Veracruz, en el contexto de una gira de tres d\u00edas que rematar\u00e1 el mi\u00e9rcoles veintid\u00f3s en Minatitl\u00e1n. La presencia de la abanderada de MORENA en suelo veracruzano luce repleta de simbolismo, condici\u00f3n [&hellip;]<\/p>\n","protected":false},"author":2,"featured_media":0,"comment_status":"closed","ping_status":"closed","sticky":false,"template":"","format":"standard","meta":{"tdm_status":"","tdm_grid_status":"","footnotes":""},"categories":[70],"tags":[9627,1563,1026],"class_list":{"0":"post-114399","1":"post","2":"type-post","3":"status-publish","4":"format-standard","6":"category-de-opinion","7":"tag-claudia-sheinbaum","8":"tag-cuitlahuac-garcia-jimenez","9":"tag-morena"},"yoast_head":"<!-- This site is optimized with the Yoast SEO plugin v27.4 - https:\/\/yoast.com\/product\/yoast-seo-wordpress\/ -->\n<title>CLAUDIA Y ROC\u00cdO\u2026 - Los pol\u00edticos Veracruz<\/title>\n<meta name=\"robots\" content=\"index, follow, max-snippet:-1, max-image-preview:large, max-video-preview:-1\" \/>\n<link rel=\"canonical\" href=\"https:\/\/lospoliticosveracruz.com\/?p=114399\" \/>\n<meta property=\"og:locale\" content=\"es_ES\" \/>\n<meta property=\"og:type\" content=\"article\" \/>\n<meta property=\"og:title\" content=\"CLAUDIA Y ROC\u00cdO\u2026 - Los pol\u00edticos Veracruz\" \/>\n<meta property=\"og:description\" content=\"Jos\u00e9 Luis Ortega Vidal Claroscuros&nbsp; (1) Claudia Sheinbaum arrancar\u00e1 su precampa\u00f1a por la presidencia de la Rep\u00fablica el pr\u00f3ximo veinte de noviembre en Veracruz, en el contexto de una gira de tres d\u00edas que rematar\u00e1 el mi\u00e9rcoles veintid\u00f3s en Minatitl\u00e1n. La presencia de la abanderada de MORENA en suelo veracruzano luce repleta de simbolismo, condici\u00f3n [&hellip;]\" \/>\n<meta property=\"og:url\" content=\"https:\/\/lospoliticosveracruz.com\/?p=114399\" \/>\n<meta property=\"og:site_name\" content=\"Los pol\u00edticos Veracruz\" \/>\n<meta property=\"article:publisher\" content=\"https:\/\/www.facebook.com\/people\/Notimemes-de-los-Polticos\/61565672886568\/\" \/>\n<meta property=\"article:published_time\" content=\"2023-11-17T15:45:12+00:00\" \/>\n<meta property=\"article:modified_time\" content=\"2023-11-17T15:45:19+00:00\" \/>\n<meta property=\"og:image\" content=\"https:\/\/lospoliticosveracruz.com.mx\/wp-content\/uploads\/2021\/10\/WhatsApp-Image-2021-10-02-at-15.20.25-212x300.jpeg\" \/>\n<meta name=\"author\" content=\"Lo viste en Los Pol\u00edticos\" \/>\n<meta name=\"twitter:card\" content=\"summary_large_image\" \/>\n<meta name=\"twitter:creator\" content=\"@LosPoliticosVer\" \/>\n<meta name=\"twitter:site\" content=\"@LosPoliticosVer\" \/>\n<meta name=\"twitter:label1\" content=\"Escrito por\" \/>\n\t<meta name=\"twitter:data1\" content=\"Lo viste en Los Pol\u00edticos\" \/>\n\t<meta name=\"twitter:label2\" content=\"Tiempo de lectura\" \/>\n\t<meta name=\"twitter:data2\" content=\"6 minutos\" \/>\n<script type=\"application\/ld+json\" class=\"yoast-schema-graph\">{\"@context\":\"https:\\\/\\\/schema.org\",\"@graph\":[{\"@type\":\"Article\",\"@id\":\"https:\\\/\\\/lospoliticosveracruz.com\\\/?p=114399#article\",\"isPartOf\":{\"@id\":\"https:\\\/\\\/lospoliticosveracruz.com\\\/?p=114399\"},\"author\":{\"name\":\"Lo viste en Los Pol\u00edticos\",\"@id\":\"https:\\\/\\\/lospoliticosveracruz.com\\\/#\\\/schema\\\/person\\\/b8702bb0e538456e6efd07080bf2a4a2\"},\"headline\":\"CLAUDIA Y ROC\u00cdO\u2026\",\"datePublished\":\"2023-11-17T15:45:12+00:00\",\"dateModified\":\"2023-11-17T15:45:19+00:00\",\"mainEntityOfPage\":{\"@id\":\"https:\\\/\\\/lospoliticosveracruz.com\\\/?p=114399\"},\"wordCount\":1265,\"publisher\":{\"@id\":\"https:\\\/\\\/lospoliticosveracruz.com\\\/#organization\"},\"image\":{\"@id\":\"https:\\\/\\\/lospoliticosveracruz.com\\\/?p=114399#primaryimage\"},\"thumbnailUrl\":\"https:\\\/\\\/lospoliticosveracruz.com.mx\\\/wp-content\\\/uploads\\\/2021\\\/10\\\/WhatsApp-Image-2021-10-02-at-15.20.25-212x300.jpeg\",\"keywords\":[\"Claudia Sheinbaum\",\"Cuitl\u00e1huac Garc\u00eda Jim\u00e9nez\",\"Morena\"],\"articleSection\":[\"De Opini\u00f3n\"],\"inLanguage\":\"es\"},{\"@type\":\"WebPage\",\"@id\":\"https:\\\/\\\/lospoliticosveracruz.com\\\/?p=114399\",\"url\":\"https:\\\/\\\/lospoliticosveracruz.com\\\/?p=114399\",\"name\":\"CLAUDIA Y ROC\u00cdO\u2026 - Los pol\u00edticos Veracruz\",\"isPartOf\":{\"@id\":\"https:\\\/\\\/lospoliticosveracruz.com\\\/#website\"},\"primaryImageOfPage\":{\"@id\":\"https:\\\/\\\/lospoliticosveracruz.com\\\/?p=114399#primaryimage\"},\"image\":{\"@id\":\"https:\\\/\\\/lospoliticosveracruz.com\\\/?p=114399#primaryimage\"},\"thumbnailUrl\":\"https:\\\/\\\/lospoliticosveracruz.com.mx\\\/wp-content\\\/uploads\\\/2021\\\/10\\\/WhatsApp-Image-2021-10-02-at-15.20.25-212x300.jpeg\",\"datePublished\":\"2023-11-17T15:45:12+00:00\",\"dateModified\":\"2023-11-17T15:45:19+00:00\",\"breadcrumb\":{\"@id\":\"https:\\\/\\\/lospoliticosveracruz.com\\\/?p=114399#breadcrumb\"},\"inLanguage\":\"es\",\"potentialAction\":[{\"@type\":\"ReadAction\",\"target\":[\"https:\\\/\\\/lospoliticosveracruz.com\\\/?p=114399\"]}]},{\"@type\":\"ImageObject\",\"inLanguage\":\"es\",\"@id\":\"https:\\\/\\\/lospoliticosveracruz.com\\\/?p=114399#primaryimage\",\"url\":\"https:\\\/\\\/lospoliticosveracruz.com.mx\\\/wp-content\\\/uploads\\\/2021\\\/10\\\/WhatsApp-Image-2021-10-02-at-15.20.25-212x300.jpeg\",\"contentUrl\":\"https:\\\/\\\/lospoliticosveracruz.com.mx\\\/wp-content\\\/uploads\\\/2021\\\/10\\\/WhatsApp-Image-2021-10-02-at-15.20.25-212x300.jpeg\"},{\"@type\":\"BreadcrumbList\",\"@id\":\"https:\\\/\\\/lospoliticosveracruz.com\\\/?p=114399#breadcrumb\",\"itemListElement\":[{\"@type\":\"ListItem\",\"position\":1,\"name\":\"Portada\",\"item\":\"https:\\\/\\\/lospoliticosveracruz.com\\\/\"},{\"@type\":\"ListItem\",\"position\":2,\"name\":\"CLAUDIA Y ROC\u00cdO\u2026\"}]},{\"@type\":\"WebSite\",\"@id\":\"https:\\\/\\\/lospoliticosveracruz.com\\\/#website\",\"url\":\"https:\\\/\\\/lospoliticosveracruz.com\\\/\",\"name\":\"Los pol\u00edticos Veracruz\",\"description\":\"\",\"publisher\":{\"@id\":\"https:\\\/\\\/lospoliticosveracruz.com\\\/#organization\"},\"potentialAction\":[{\"@type\":\"SearchAction\",\"target\":{\"@type\":\"EntryPoint\",\"urlTemplate\":\"https:\\\/\\\/lospoliticosveracruz.com\\\/?s={search_term_string}\"},\"query-input\":{\"@type\":\"PropertyValueSpecification\",\"valueRequired\":true,\"valueName\":\"search_term_string\"}}],\"inLanguage\":\"es\"},{\"@type\":\"Organization\",\"@id\":\"https:\\\/\\\/lospoliticosveracruz.com\\\/#organization\",\"name\":\"Los pol\u00edticos Veracruz\",\"url\":\"https:\\\/\\\/lospoliticosveracruz.com\\\/\",\"logo\":{\"@type\":\"ImageObject\",\"inLanguage\":\"es\",\"@id\":\"https:\\\/\\\/lospoliticosveracruz.com\\\/#\\\/schema\\\/logo\\\/image\\\/\",\"url\":\"https:\\\/\\\/lospoliticosveracruz.com\\\/wp-content\\\/uploads\\\/2025\\\/12\\\/Logo-Nuevo-LOS-POLITICOS-1.jpg\",\"contentUrl\":\"https:\\\/\\\/lospoliticosveracruz.com\\\/wp-content\\\/uploads\\\/2025\\\/12\\\/Logo-Nuevo-LOS-POLITICOS-1.jpg\",\"width\":260,\"height\":70,\"caption\":\"Los pol\u00edticos Veracruz\"},\"image\":{\"@id\":\"https:\\\/\\\/lospoliticosveracruz.com\\\/#\\\/schema\\\/logo\\\/image\\\/\"},\"sameAs\":[\"https:\\\/\\\/www.facebook.com\\\/people\\\/Notimemes-de-los-Polticos\\\/61565672886568\\\/\",\"https:\\\/\\\/x.com\\\/LosPoliticosVer\"]},{\"@type\":\"Person\",\"@id\":\"https:\\\/\\\/lospoliticosveracruz.com\\\/#\\\/schema\\\/person\\\/b8702bb0e538456e6efd07080bf2a4a2\",\"name\":\"Lo viste en Los Pol\u00edticos\",\"image\":{\"@type\":\"ImageObject\",\"inLanguage\":\"es\",\"@id\":\"https:\\\/\\\/secure.gravatar.com\\\/avatar\\\/3a8de04a2656d44082be478bd6c086daa447c4651605818287b9532d3d0bd435?s=96&d=mm&r=g\",\"url\":\"https:\\\/\\\/secure.gravatar.com\\\/avatar\\\/3a8de04a2656d44082be478bd6c086daa447c4651605818287b9532d3d0bd435?s=96&d=mm&r=g\",\"contentUrl\":\"https:\\\/\\\/secure.gravatar.com\\\/avatar\\\/3a8de04a2656d44082be478bd6c086daa447c4651605818287b9532d3d0bd435?s=96&d=mm&r=g\",\"caption\":\"Lo viste en Los Pol\u00edticos\"},\"url\":\"https:\\\/\\\/lospoliticosveracruz.com\\\/?author=2\"}]}<\/script>\n<!-- \/ Yoast SEO plugin. -->","yoast_head_json":{"title":"CLAUDIA Y ROC\u00cdO\u2026 - Los pol\u00edticos Veracruz","robots":{"index":"index","follow":"follow","max-snippet":"max-snippet:-1","max-image-preview":"max-image-preview:large","max-video-preview":"max-video-preview:-1"},"canonical":"https:\/\/lospoliticosveracruz.com\/?p=114399","og_locale":"es_ES","og_type":"article","og_title":"CLAUDIA Y ROC\u00cdO\u2026 - Los pol\u00edticos Veracruz","og_description":"Jos\u00e9 Luis Ortega Vidal Claroscuros&nbsp; (1) Claudia Sheinbaum arrancar\u00e1 su precampa\u00f1a por la presidencia de la Rep\u00fablica el pr\u00f3ximo veinte de noviembre en Veracruz, en el contexto de una gira de tres d\u00edas que rematar\u00e1 el mi\u00e9rcoles veintid\u00f3s en Minatitl\u00e1n. La presencia de la abanderada de MORENA en suelo veracruzano luce repleta de simbolismo, condici\u00f3n [&hellip;]","og_url":"https:\/\/lospoliticosveracruz.com\/?p=114399","og_site_name":"Los pol\u00edticos Veracruz","article_publisher":"https:\/\/www.facebook.com\/people\/Notimemes-de-los-Polticos\/61565672886568\/","article_published_time":"2023-11-17T15:45:12+00:00","article_modified_time":"2023-11-17T15:45:19+00:00","og_image":[{"url":"https:\/\/lospoliticosveracruz.com.mx\/wp-content\/uploads\/2021\/10\/WhatsApp-Image-2021-10-02-at-15.20.25-212x300.jpeg","type":"","width":"","height":""}],"author":"Lo viste en Los Pol\u00edticos","twitter_card":"summary_large_image","twitter_creator":"@LosPoliticosVer","twitter_site":"@LosPoliticosVer","twitter_misc":{"Escrito por":"Lo viste en Los Pol\u00edticos","Tiempo de lectura":"6 minutos"},"schema":{"@context":"https:\/\/schema.org","@graph":[{"@type":"Article","@id":"https:\/\/lospoliticosveracruz.com\/?p=114399#article","isPartOf":{"@id":"https:\/\/lospoliticosveracruz.com\/?p=114399"},"author":{"name":"Lo viste en Los Pol\u00edticos","@id":"https:\/\/lospoliticosveracruz.com\/#\/schema\/person\/b8702bb0e538456e6efd07080bf2a4a2"},"headline":"CLAUDIA Y ROC\u00cdO\u2026","datePublished":"2023-11-17T15:45:12+00:00","dateModified":"2023-11-17T15:45:19+00:00","mainEntityOfPage":{"@id":"https:\/\/lospoliticosveracruz.com\/?p=114399"},"wordCount":1265,"publisher":{"@id":"https:\/\/lospoliticosveracruz.com\/#organization"},"image":{"@id":"https:\/\/lospoliticosveracruz.com\/?p=114399#primaryimage"},"thumbnailUrl":"https:\/\/lospoliticosveracruz.com.mx\/wp-content\/uploads\/2021\/10\/WhatsApp-Image-2021-10-02-at-15.20.25-212x300.jpeg","keywords":["Claudia Sheinbaum","Cuitl\u00e1huac Garc\u00eda Jim\u00e9nez","Morena"],"articleSection":["De Opini\u00f3n"],"inLanguage":"es"},{"@type":"WebPage","@id":"https:\/\/lospoliticosveracruz.com\/?p=114399","url":"https:\/\/lospoliticosveracruz.com\/?p=114399","name":"CLAUDIA Y ROC\u00cdO\u2026 - Los pol\u00edticos Veracruz","isPartOf":{"@id":"https:\/\/lospoliticosveracruz.com\/#website"},"primaryImageOfPage":{"@id":"https:\/\/lospoliticosveracruz.com\/?p=114399#primaryimage"},"image":{"@id":"https:\/\/lospoliticosveracruz.com\/?p=114399#primaryimage"},"thumbnailUrl":"https:\/\/lospoliticosveracruz.com.mx\/wp-content\/uploads\/2021\/10\/WhatsApp-Image-2021-10-02-at-15.20.25-212x300.jpeg","datePublished":"2023-11-17T15:45:12+00:00","dateModified":"2023-11-17T15:45:19+00:00","breadcrumb":{"@id":"https:\/\/lospoliticosveracruz.com\/?p=114399#breadcrumb"},"inLanguage":"es","potentialAction":[{"@type":"ReadAction","target":["https:\/\/lospoliticosveracruz.com\/?p=114399"]}]},{"@type":"ImageObject","inLanguage":"es","@id":"https:\/\/lospoliticosveracruz.com\/?p=114399#primaryimage","url":"https:\/\/lospoliticosveracruz.com.mx\/wp-content\/uploads\/2021\/10\/WhatsApp-Image-2021-10-02-at-15.20.25-212x300.jpeg","contentUrl":"https:\/\/lospoliticosveracruz.com.mx\/wp-content\/uploads\/2021\/10\/WhatsApp-Image-2021-10-02-at-15.20.25-212x300.jpeg"},{"@type":"BreadcrumbList","@id":"https:\/\/lospoliticosveracruz.com\/?p=114399#breadcrumb","itemListElement":[{"@type":"ListItem","position":1,"name":"Portada","item":"https:\/\/lospoliticosveracruz.com\/"},{"@type":"ListItem","position":2,"name":"CLAUDIA Y ROC\u00cdO\u2026"}]},{"@type":"WebSite","@id":"https:\/\/lospoliticosveracruz.com\/#website","url":"https:\/\/lospoliticosveracruz.com\/","name":"Los pol\u00edticos Veracruz","description":"","publisher":{"@id":"https:\/\/lospoliticosveracruz.com\/#organization"},"potentialAction":[{"@type":"SearchAction","target":{"@type":"EntryPoint","urlTemplate":"https:\/\/lospoliticosveracruz.com\/?s={search_term_string}"},"query-input":{"@type":"PropertyValueSpecification","valueRequired":true,"valueName":"search_term_string"}}],"inLanguage":"es"},{"@type":"Organization","@id":"https:\/\/lospoliticosveracruz.com\/#organization","name":"Los pol\u00edticos Veracruz","url":"https:\/\/lospoliticosveracruz.com\/","logo":{"@type":"ImageObject","inLanguage":"es","@id":"https:\/\/lospoliticosveracruz.com\/#\/schema\/logo\/image\/","url":"https:\/\/lospoliticosveracruz.com\/wp-content\/uploads\/2025\/12\/Logo-Nuevo-LOS-POLITICOS-1.jpg","contentUrl":"https:\/\/lospoliticosveracruz.com\/wp-content\/uploads\/2025\/12\/Logo-Nuevo-LOS-POLITICOS-1.jpg","width":260,"height":70,"caption":"Los pol\u00edticos Veracruz"},"image":{"@id":"https:\/\/lospoliticosveracruz.com\/#\/schema\/logo\/image\/"},"sameAs":["https:\/\/www.facebook.com\/people\/Notimemes-de-los-Polticos\/61565672886568\/","https:\/\/x.com\/LosPoliticosVer"]},{"@type":"Person","@id":"https:\/\/lospoliticosveracruz.com\/#\/schema\/person\/b8702bb0e538456e6efd07080bf2a4a2","name":"Lo viste en Los Pol\u00edticos","image":{"@type":"ImageObject","inLanguage":"es","@id":"https:\/\/secure.gravatar.com\/avatar\/3a8de04a2656d44082be478bd6c086daa447c4651605818287b9532d3d0bd435?s=96&d=mm&r=g","url":"https:\/\/secure.gravatar.com\/avatar\/3a8de04a2656d44082be478bd6c086daa447c4651605818287b9532d3d0bd435?s=96&d=mm&r=g","contentUrl":"https:\/\/secure.gravatar.com\/avatar\/3a8de04a2656d44082be478bd6c086daa447c4651605818287b9532d3d0bd435?s=96&d=mm&r=g","caption":"Lo viste en Los Pol\u00edticos"},"url":"https:\/\/lospoliticosveracruz.com\/?author=2"}]}},"_links":{"self":[{"href":"https:\/\/lospoliticosveracruz.com\/index.php?rest_route=\/wp\/v2\/posts\/114399","targetHints":{"allow":["GET"]}}],"collection":[{"href":"https:\/\/lospoliticosveracruz.com\/index.php?rest_route=\/wp\/v2\/posts"}],"about":[{"href":"https:\/\/lospoliticosveracruz.com\/index.php?rest_route=\/wp\/v2\/types\/post"}],"author":[{"embeddable":true,"href":"https:\/\/lospoliticosveracruz.com\/index.php?rest_route=\/wp\/v2\/users\/2"}],"replies":[{"embeddable":true,"href":"https:\/\/lospoliticosveracruz.com\/index.php?rest_route=%2Fwp%2Fv2%2Fcomments&post=114399"}],"version-history":[{"count":1,"href":"https:\/\/lospoliticosveracruz.com\/index.php?rest_route=\/wp\/v2\/posts\/114399\/revisions"}],"predecessor-version":[{"id":114400,"href":"https:\/\/lospoliticosveracruz.com\/index.php?rest_route=\/wp\/v2\/posts\/114399\/revisions\/114400"}],"wp:attachment":[{"href":"https:\/\/lospoliticosveracruz.com\/index.php?rest_route=%2Fwp%2Fv2%2Fmedia&parent=114399"}],"wp:term":[{"taxonomy":"category","embeddable":true,"href":"https:\/\/lospoliticosveracruz.com\/index.php?rest_route=%2Fwp%2Fv2%2Fcategories&post=114399"},{"taxonomy":"post_tag","embeddable":true,"href":"https:\/\/lospoliticosveracruz.com\/index.php?rest_route=%2Fwp%2Fv2%2Ftags&post=114399"}],"curies":[{"name":"wp","href":"https:\/\/api.w.org\/{rel}","templated":true}]}}