{"id":114401,"date":"2023-11-17T10:23:25","date_gmt":"2023-11-17T16:23:25","guid":{"rendered":"https:\/\/lospoliticosveracruz.com.mx\/?p=114401"},"modified":"2023-11-17T10:23:41","modified_gmt":"2023-11-17T16:23:41","slug":"el-pri-se-empantana","status":"publish","type":"post","link":"https:\/\/lospoliticosveracruz.com\/?p=114401","title":{"rendered":"EL PRI SE EMPANTANA"},"content":{"rendered":"\n<p><strong>Luis Bustos<\/strong><\/p>\n\n\n\n<p><em>EnEstaHora<\/em><\/p>\n\n\n\n<p>Cuando Adolfo Ram\u00edrez Arana, nuevo dirigente del PRI veracruzano, empieza a agarrar los hilos del ambiente pol\u00edtico al interior de su partido y hacia afuera rumbo a la construcci\u00f3n del Frente Amplio por Veracruz, aparece Alito y muy a su estilo, complica las cosas, en lugar de dejar que sea su dirigencia estatal la que tenga el control del proceso interno.<\/p>\n\n\n\n\n\n<p>Apenas ayer, desde el antiguo Distrito Federal, se entromete y enrarece el clima pol\u00edtico previo a la selecci\u00f3n del precandidato priista que debe de buscar la conciliaci\u00f3n y acuerdos con el PAN y PRD para encabezar la nominaci\u00f3n de la Representaci\u00f3n del FAV para el proceso electoral del 24.<\/p>\n\n\n\n<p>Si bien Adolfo es nuevo en la dirigencia, no lo es en la pol\u00edtica veracruzana en la que ha transitado desde su juventud. Ha sido alcalde y diputado local, dirigente de la CNOP y nunca ha negado su militancia. Razones suficientes para que se le hubiera permitido tener los hilos del proceso interno en el cual ya se enfilaban los dos \u00fanicos varones con posibilidades reales de competir por la candidatura: Pepe y H\u00e9ctor, que han gastado suela y saliva recorriendo el estado y buscando reagrupar a las huestes priistas que han dejado de participar, e incluso han migrado hacia otros partidos. Los dos han sido diputados y senadores y han gestionado recursos y obras para Veracruz.<\/p>\n\n\n\n<p>Por las f\u00e9minas, s\u00f3lo hab\u00eda una: Anil\u00fa Ingram, quien conoce el estado al que ha recorrido como funcionaria federal (Sedesol) y como priista de hueso colorado siempre aderezado con sus jarochadas. Hoy, es una voz potente que se deja o\u00edr fuerte en el Congreso del Estado y, como Coordinadora, ha sabido negociar la secretar\u00eda de la Mesa Directiva que ocupa la diputada Ariadna Guadalupe \u00c1ngeles.<\/p>\n\n\n\n<p>Lo anterior, deja en claro que Alejandro Moreno C\u00e1rdenas no conoce Veracruz, no tiene idea del adelgazamiento del padr\u00f3n de militantes y, desafortunadamente, muestra su poder para alargar la agon\u00eda priista y del Frente Amplio, y decide incrustar a tres personajes m\u00e1s en la encuesta: Marlon Ram\u00edrez, Lorena Pi\u00f1\u00f3n y Cirilo V\u00e1zquez.<\/p>\n\n\n\n<p>Marlon, hizo su chamba como dirigente y hoy, desde el Congreso, es el mejor exponente de la oposici\u00f3n con sus intervenciones y posteriores acciones de tr\u00e1mite ante las instancias de fiscalizaci\u00f3n que correspondan.<\/p>\n\n\n\n<p>De Cirilo, es innegable su presencia en el sur del estado, pero, estar\u00eda llegando tarde a la contienda, pues en el centro y norte del estado, no se le conoce.<\/p>\n\n\n\n<p>Lorena es oriunda de San Rafael, en donde ha visto c\u00f3mo el PRI ha perdido tres veces al hilo la presidencia municipal, la que ha quedado en manos del PRD y de una familia en particular: Pap\u00e1 alcalde, hijo alcalde y pap\u00e1 alcalde, de nueva cuenta. Es decir, no se nota su potencial priista.<\/p>\n\n\n\n<p>Lo anterior, s\u00f3lo demuestra el inter\u00e9s personal de Alito de incrustarla en el proceso y, para ello, solo est\u00e1 utilizando a Marlon y a Cirilo, quienes en los hechos, tienen los suficientes m\u00e9ritos para pelear por una senadur\u00eda y una diputaci\u00f3n federal, respectivamente.<\/p>\n\n\n\n<p>En conclusi\u00f3n, en este momento, en que el tiempo apremia, la inclusi\u00f3n de otros personajes pol\u00edticos era innecesaria, porque la campa\u00f1a del partido-gobierno ya est\u00e1 al cien, contando con toda la fuerza del estado, y el FAV ni siquiera se ha constituido y, en el PRI, decidieron empantanarse.<\/p>\n","protected":false},"excerpt":{"rendered":"<p>Luis Bustos EnEstaHora Cuando Adolfo Ram\u00edrez Arana, nuevo dirigente del PRI veracruzano, empieza a agarrar los hilos del ambiente pol\u00edtico al interior de su partido y hacia afuera rumbo a la construcci\u00f3n del Frente Amplio por Veracruz, aparece Alito y muy a su estilo, complica las cosas, en lugar de dejar que sea su dirigencia [&hellip;]<\/p>\n","protected":false},"author":2,"featured_media":0,"comment_status":"closed","ping_status":"closed","sticky":false,"template":"","format":"standard","meta":{"tdm_status":"","tdm_grid_status":"","footnotes":""},"categories":[70],"tags":[],"class_list":{"0":"post-114401","1":"post","2":"type-post","3":"status-publish","4":"format-standard","6":"category-de-opinion"},"yoast_head":"<!-- This site is optimized with the Yoast SEO plugin v27.4 - https:\/\/yoast.com\/product\/yoast-seo-wordpress\/ -->\n<title>EL PRI SE EMPANTANA - Los pol\u00edticos Veracruz<\/title>\n<meta name=\"robots\" content=\"index, follow, max-snippet:-1, max-image-preview:large, max-video-preview:-1\" \/>\n<link rel=\"canonical\" href=\"https:\/\/lospoliticosveracruz.com\/?p=114401\" \/>\n<meta property=\"og:locale\" content=\"es_ES\" \/>\n<meta property=\"og:type\" content=\"article\" \/>\n<meta property=\"og:title\" content=\"EL PRI SE EMPANTANA - Los pol\u00edticos Veracruz\" \/>\n<meta property=\"og:description\" content=\"Luis Bustos EnEstaHora Cuando Adolfo Ram\u00edrez Arana, nuevo dirigente del PRI veracruzano, empieza a agarrar los hilos del ambiente pol\u00edtico al interior de su partido y hacia afuera rumbo a la construcci\u00f3n del Frente Amplio por Veracruz, aparece Alito y muy a su estilo, complica las cosas, en lugar de dejar que sea su dirigencia [&hellip;]\" \/>\n<meta property=\"og:url\" content=\"https:\/\/lospoliticosveracruz.com\/?p=114401\" \/>\n<meta property=\"og:site_name\" content=\"Los pol\u00edticos Veracruz\" \/>\n<meta property=\"article:publisher\" content=\"https:\/\/www.facebook.com\/people\/Notimemes-de-los-Polticos\/61565672886568\/\" \/>\n<meta property=\"article:published_time\" content=\"2023-11-17T16:23:25+00:00\" \/>\n<meta property=\"article:modified_time\" content=\"2023-11-17T16:23:41+00:00\" \/>\n<meta property=\"og:image\" content=\"https:\/\/lospoliticosveracruz.com\/wp-content\/uploads\/2016\/07\/Logo-Dor.jpg\" \/>\n\t<meta property=\"og:image:width\" content=\"200\" \/>\n\t<meta property=\"og:image:height\" content=\"200\" \/>\n\t<meta property=\"og:image:type\" content=\"image\/jpeg\" \/>\n<meta name=\"author\" content=\"Lo viste en Los Pol\u00edticos\" \/>\n<meta name=\"twitter:card\" content=\"summary_large_image\" \/>\n<meta name=\"twitter:creator\" content=\"@LosPoliticosVer\" \/>\n<meta name=\"twitter:site\" content=\"@LosPoliticosVer\" \/>\n<meta name=\"twitter:label1\" content=\"Escrito por\" \/>\n\t<meta name=\"twitter:data1\" content=\"Lo viste en Los Pol\u00edticos\" \/>\n\t<meta name=\"twitter:label2\" content=\"Tiempo de lectura\" \/>\n\t<meta name=\"twitter:data2\" content=\"3 minutos\" \/>\n<script type=\"application\/ld+json\" class=\"yoast-schema-graph\">{\"@context\":\"https:\\\/\\\/schema.org\",\"@graph\":[{\"@type\":\"Article\",\"@id\":\"https:\\\/\\\/lospoliticosveracruz.com\\\/?p=114401#article\",\"isPartOf\":{\"@id\":\"https:\\\/\\\/lospoliticosveracruz.com\\\/?p=114401\"},\"author\":{\"name\":\"Lo viste en Los Pol\u00edticos\",\"@id\":\"https:\\\/\\\/lospoliticosveracruz.com\\\/#\\\/schema\\\/person\\\/b8702bb0e538456e6efd07080bf2a4a2\"},\"headline\":\"EL PRI SE EMPANTANA\",\"datePublished\":\"2023-11-17T16:23:25+00:00\",\"dateModified\":\"2023-11-17T16:23:41+00:00\",\"mainEntityOfPage\":{\"@id\":\"https:\\\/\\\/lospoliticosveracruz.com\\\/?p=114401\"},\"wordCount\":594,\"publisher\":{\"@id\":\"https:\\\/\\\/lospoliticosveracruz.com\\\/#organization\"},\"articleSection\":[\"De Opini\u00f3n\"],\"inLanguage\":\"es\"},{\"@type\":\"WebPage\",\"@id\":\"https:\\\/\\\/lospoliticosveracruz.com\\\/?p=114401\",\"url\":\"https:\\\/\\\/lospoliticosveracruz.com\\\/?p=114401\",\"name\":\"EL PRI SE EMPANTANA - Los pol\u00edticos Veracruz\",\"isPartOf\":{\"@id\":\"https:\\\/\\\/lospoliticosveracruz.com\\\/#website\"},\"datePublished\":\"2023-11-17T16:23:25+00:00\",\"dateModified\":\"2023-11-17T16:23:41+00:00\",\"breadcrumb\":{\"@id\":\"https:\\\/\\\/lospoliticosveracruz.com\\\/?p=114401#breadcrumb\"},\"inLanguage\":\"es\",\"potentialAction\":[{\"@type\":\"ReadAction\",\"target\":[\"https:\\\/\\\/lospoliticosveracruz.com\\\/?p=114401\"]}]},{\"@type\":\"BreadcrumbList\",\"@id\":\"https:\\\/\\\/lospoliticosveracruz.com\\\/?p=114401#breadcrumb\",\"itemListElement\":[{\"@type\":\"ListItem\",\"position\":1,\"name\":\"Portada\",\"item\":\"https:\\\/\\\/lospoliticosveracruz.com\\\/\"},{\"@type\":\"ListItem\",\"position\":2,\"name\":\"EL PRI SE EMPANTANA\"}]},{\"@type\":\"WebSite\",\"@id\":\"https:\\\/\\\/lospoliticosveracruz.com\\\/#website\",\"url\":\"https:\\\/\\\/lospoliticosveracruz.com\\\/\",\"name\":\"Los pol\u00edticos Veracruz\",\"description\":\"\",\"publisher\":{\"@id\":\"https:\\\/\\\/lospoliticosveracruz.com\\\/#organization\"},\"potentialAction\":[{\"@type\":\"SearchAction\",\"target\":{\"@type\":\"EntryPoint\",\"urlTemplate\":\"https:\\\/\\\/lospoliticosveracruz.com\\\/?s={search_term_string}\"},\"query-input\":{\"@type\":\"PropertyValueSpecification\",\"valueRequired\":true,\"valueName\":\"search_term_string\"}}],\"inLanguage\":\"es\"},{\"@type\":\"Organization\",\"@id\":\"https:\\\/\\\/lospoliticosveracruz.com\\\/#organization\",\"name\":\"Los pol\u00edticos Veracruz\",\"url\":\"https:\\\/\\\/lospoliticosveracruz.com\\\/\",\"logo\":{\"@type\":\"ImageObject\",\"inLanguage\":\"es\",\"@id\":\"https:\\\/\\\/lospoliticosveracruz.com\\\/#\\\/schema\\\/logo\\\/image\\\/\",\"url\":\"https:\\\/\\\/lospoliticosveracruz.com\\\/wp-content\\\/uploads\\\/2025\\\/12\\\/Logo-Nuevo-LOS-POLITICOS-1.jpg\",\"contentUrl\":\"https:\\\/\\\/lospoliticosveracruz.com\\\/wp-content\\\/uploads\\\/2025\\\/12\\\/Logo-Nuevo-LOS-POLITICOS-1.jpg\",\"width\":260,\"height\":70,\"caption\":\"Los pol\u00edticos Veracruz\"},\"image\":{\"@id\":\"https:\\\/\\\/lospoliticosveracruz.com\\\/#\\\/schema\\\/logo\\\/image\\\/\"},\"sameAs\":[\"https:\\\/\\\/www.facebook.com\\\/people\\\/Notimemes-de-los-Polticos\\\/61565672886568\\\/\",\"https:\\\/\\\/x.com\\\/LosPoliticosVer\"]},{\"@type\":\"Person\",\"@id\":\"https:\\\/\\\/lospoliticosveracruz.com\\\/#\\\/schema\\\/person\\\/b8702bb0e538456e6efd07080bf2a4a2\",\"name\":\"Lo viste en Los Pol\u00edticos\",\"image\":{\"@type\":\"ImageObject\",\"inLanguage\":\"es\",\"@id\":\"https:\\\/\\\/secure.gravatar.com\\\/avatar\\\/3a8de04a2656d44082be478bd6c086daa447c4651605818287b9532d3d0bd435?s=96&d=mm&r=g\",\"url\":\"https:\\\/\\\/secure.gravatar.com\\\/avatar\\\/3a8de04a2656d44082be478bd6c086daa447c4651605818287b9532d3d0bd435?s=96&d=mm&r=g\",\"contentUrl\":\"https:\\\/\\\/secure.gravatar.com\\\/avatar\\\/3a8de04a2656d44082be478bd6c086daa447c4651605818287b9532d3d0bd435?s=96&d=mm&r=g\",\"caption\":\"Lo viste en Los Pol\u00edticos\"},\"url\":\"https:\\\/\\\/lospoliticosveracruz.com\\\/?author=2\"}]}<\/script>\n<!-- \/ Yoast SEO plugin. -->","yoast_head_json":{"title":"EL PRI SE EMPANTANA - Los pol\u00edticos Veracruz","robots":{"index":"index","follow":"follow","max-snippet":"max-snippet:-1","max-image-preview":"max-image-preview:large","max-video-preview":"max-video-preview:-1"},"canonical":"https:\/\/lospoliticosveracruz.com\/?p=114401","og_locale":"es_ES","og_type":"article","og_title":"EL PRI SE EMPANTANA - Los pol\u00edticos Veracruz","og_description":"Luis Bustos EnEstaHora Cuando Adolfo Ram\u00edrez Arana, nuevo dirigente del PRI veracruzano, empieza a agarrar los hilos del ambiente pol\u00edtico al interior de su partido y hacia afuera rumbo a la construcci\u00f3n del Frente Amplio por Veracruz, aparece Alito y muy a su estilo, complica las cosas, en lugar de dejar que sea su dirigencia [&hellip;]","og_url":"https:\/\/lospoliticosveracruz.com\/?p=114401","og_site_name":"Los pol\u00edticos Veracruz","article_publisher":"https:\/\/www.facebook.com\/people\/Notimemes-de-los-Polticos\/61565672886568\/","article_published_time":"2023-11-17T16:23:25+00:00","article_modified_time":"2023-11-17T16:23:41+00:00","og_image":[{"width":200,"height":200,"url":"https:\/\/lospoliticosveracruz.com\/wp-content\/uploads\/2016\/07\/Logo-Dor.jpg","type":"image\/jpeg"}],"author":"Lo viste en Los Pol\u00edticos","twitter_card":"summary_large_image","twitter_creator":"@LosPoliticosVer","twitter_site":"@LosPoliticosVer","twitter_misc":{"Escrito por":"Lo viste en Los Pol\u00edticos","Tiempo de lectura":"3 minutos"},"schema":{"@context":"https:\/\/schema.org","@graph":[{"@type":"Article","@id":"https:\/\/lospoliticosveracruz.com\/?p=114401#article","isPartOf":{"@id":"https:\/\/lospoliticosveracruz.com\/?p=114401"},"author":{"name":"Lo viste en Los Pol\u00edticos","@id":"https:\/\/lospoliticosveracruz.com\/#\/schema\/person\/b8702bb0e538456e6efd07080bf2a4a2"},"headline":"EL PRI SE EMPANTANA","datePublished":"2023-11-17T16:23:25+00:00","dateModified":"2023-11-17T16:23:41+00:00","mainEntityOfPage":{"@id":"https:\/\/lospoliticosveracruz.com\/?p=114401"},"wordCount":594,"publisher":{"@id":"https:\/\/lospoliticosveracruz.com\/#organization"},"articleSection":["De Opini\u00f3n"],"inLanguage":"es"},{"@type":"WebPage","@id":"https:\/\/lospoliticosveracruz.com\/?p=114401","url":"https:\/\/lospoliticosveracruz.com\/?p=114401","name":"EL PRI SE EMPANTANA - Los pol\u00edticos Veracruz","isPartOf":{"@id":"https:\/\/lospoliticosveracruz.com\/#website"},"datePublished":"2023-11-17T16:23:25+00:00","dateModified":"2023-11-17T16:23:41+00:00","breadcrumb":{"@id":"https:\/\/lospoliticosveracruz.com\/?p=114401#breadcrumb"},"inLanguage":"es","potentialAction":[{"@type":"ReadAction","target":["https:\/\/lospoliticosveracruz.com\/?p=114401"]}]},{"@type":"BreadcrumbList","@id":"https:\/\/lospoliticosveracruz.com\/?p=114401#breadcrumb","itemListElement":[{"@type":"ListItem","position":1,"name":"Portada","item":"https:\/\/lospoliticosveracruz.com\/"},{"@type":"ListItem","position":2,"name":"EL PRI SE EMPANTANA"}]},{"@type":"WebSite","@id":"https:\/\/lospoliticosveracruz.com\/#website","url":"https:\/\/lospoliticosveracruz.com\/","name":"Los pol\u00edticos Veracruz","description":"","publisher":{"@id":"https:\/\/lospoliticosveracruz.com\/#organization"},"potentialAction":[{"@type":"SearchAction","target":{"@type":"EntryPoint","urlTemplate":"https:\/\/lospoliticosveracruz.com\/?s={search_term_string}"},"query-input":{"@type":"PropertyValueSpecification","valueRequired":true,"valueName":"search_term_string"}}],"inLanguage":"es"},{"@type":"Organization","@id":"https:\/\/lospoliticosveracruz.com\/#organization","name":"Los pol\u00edticos Veracruz","url":"https:\/\/lospoliticosveracruz.com\/","logo":{"@type":"ImageObject","inLanguage":"es","@id":"https:\/\/lospoliticosveracruz.com\/#\/schema\/logo\/image\/","url":"https:\/\/lospoliticosveracruz.com\/wp-content\/uploads\/2025\/12\/Logo-Nuevo-LOS-POLITICOS-1.jpg","contentUrl":"https:\/\/lospoliticosveracruz.com\/wp-content\/uploads\/2025\/12\/Logo-Nuevo-LOS-POLITICOS-1.jpg","width":260,"height":70,"caption":"Los pol\u00edticos Veracruz"},"image":{"@id":"https:\/\/lospoliticosveracruz.com\/#\/schema\/logo\/image\/"},"sameAs":["https:\/\/www.facebook.com\/people\/Notimemes-de-los-Polticos\/61565672886568\/","https:\/\/x.com\/LosPoliticosVer"]},{"@type":"Person","@id":"https:\/\/lospoliticosveracruz.com\/#\/schema\/person\/b8702bb0e538456e6efd07080bf2a4a2","name":"Lo viste en Los Pol\u00edticos","image":{"@type":"ImageObject","inLanguage":"es","@id":"https:\/\/secure.gravatar.com\/avatar\/3a8de04a2656d44082be478bd6c086daa447c4651605818287b9532d3d0bd435?s=96&d=mm&r=g","url":"https:\/\/secure.gravatar.com\/avatar\/3a8de04a2656d44082be478bd6c086daa447c4651605818287b9532d3d0bd435?s=96&d=mm&r=g","contentUrl":"https:\/\/secure.gravatar.com\/avatar\/3a8de04a2656d44082be478bd6c086daa447c4651605818287b9532d3d0bd435?s=96&d=mm&r=g","caption":"Lo viste en Los Pol\u00edticos"},"url":"https:\/\/lospoliticosveracruz.com\/?author=2"}]}},"_links":{"self":[{"href":"https:\/\/lospoliticosveracruz.com\/index.php?rest_route=\/wp\/v2\/posts\/114401","targetHints":{"allow":["GET"]}}],"collection":[{"href":"https:\/\/lospoliticosveracruz.com\/index.php?rest_route=\/wp\/v2\/posts"}],"about":[{"href":"https:\/\/lospoliticosveracruz.com\/index.php?rest_route=\/wp\/v2\/types\/post"}],"author":[{"embeddable":true,"href":"https:\/\/lospoliticosveracruz.com\/index.php?rest_route=\/wp\/v2\/users\/2"}],"replies":[{"embeddable":true,"href":"https:\/\/lospoliticosveracruz.com\/index.php?rest_route=%2Fwp%2Fv2%2Fcomments&post=114401"}],"version-history":[{"count":1,"href":"https:\/\/lospoliticosveracruz.com\/index.php?rest_route=\/wp\/v2\/posts\/114401\/revisions"}],"predecessor-version":[{"id":114402,"href":"https:\/\/lospoliticosveracruz.com\/index.php?rest_route=\/wp\/v2\/posts\/114401\/revisions\/114402"}],"wp:attachment":[{"href":"https:\/\/lospoliticosveracruz.com\/index.php?rest_route=%2Fwp%2Fv2%2Fmedia&parent=114401"}],"wp:term":[{"taxonomy":"category","embeddable":true,"href":"https:\/\/lospoliticosveracruz.com\/index.php?rest_route=%2Fwp%2Fv2%2Fcategories&post=114401"},{"taxonomy":"post_tag","embeddable":true,"href":"https:\/\/lospoliticosveracruz.com\/index.php?rest_route=%2Fwp%2Fv2%2Ftags&post=114401"}],"curies":[{"name":"wp","href":"https:\/\/api.w.org\/{rel}","templated":true}]}}