{"id":114403,"date":"2023-11-17T11:15:51","date_gmt":"2023-11-17T17:15:51","guid":{"rendered":"https:\/\/lospoliticosveracruz.com.mx\/?p=114403"},"modified":"2023-11-17T11:20:20","modified_gmt":"2023-11-17T17:20:20","slug":"buen-fin-2023","status":"publish","type":"post","link":"https:\/\/lospoliticosveracruz.com\/?p=114403","title":{"rendered":"BUEN FIN 2023"},"content":{"rendered":"\n<p><strong>Teresa Carbajal<\/strong><\/p>\n\n\n\n<p><em>Debo, no niego; pago, lo justo<\/em><\/p>\n\n\n\n<p>Una consulta a tu Bur\u00f3 de Cr\u00e9dito, hacer la lista de todo el fin de a\u00f1o con los pendientes por pagar y las compras necesarias; as\u00ed como visualizar los gastos que traer\u00e1 la cuesta de enero 2024 te ser\u00e1n de gran ayuda para planificar adecuadamente.<\/p>\n\n\n\n<p><a href=\"https:\/\/youtu.be\/Nxe-vxf8GuY\"><\/a><\/p>\n\n\n\n<figure class=\"wp-block-embed is-type-video is-provider-youtube wp-block-embed-youtube wp-embed-aspect-16-9 wp-has-aspect-ratio\"><div class=\"wp-block-embed__wrapper\">\n<iframe loading=\"lazy\" title=\"Cluster Coworking\" width=\"696\" height=\"392\" src=\"https:\/\/www.youtube.com\/embed\/Nxe-vxf8GuY?feature=oembed\" frameborder=\"0\" allow=\"accelerometer; autoplay; clipboard-write; encrypted-media; gyroscope; picture-in-picture; web-share\" referrerpolicy=\"strict-origin-when-cross-origin\" allowfullscreen><\/iframe>\n<\/div><\/figure>\n\n\n\n<p>El m\u00e9todo de pago m\u00e1s recurrido en el buen fin es sin duda la tarjeta de cr\u00e9dito, los pagos a meses pueden generar complicaciones durante los pr\u00f3ximos 6, 12 o 18 meses seg\u00fan el plazo que elijas al sumarse con otros gastos pre existentes.<\/p>\n\n\n\n<p>Por eso se recomienda que, para ser un buen comprador, tengas siempre en mente los otros gastos o compromisos de pagos pendientes.<\/p>\n\n\n\n<p>El Buen fin es solo el arranque de la temporada alta de gastos y compras navide\u00f1as, los regalos a los seres queridos, las cenas familiares y hasta los imprevistos estar\u00e1n a la orden del d\u00eda en este \u00faltimo bimestre del a\u00f1o.<\/p>\n\n\n\n<p>As\u00ed que no hay que desesperar por gastar, pues la carrera por hacer rendir el aguinaldo apenas comienza. El uso de tarjetas departamentales tiene en la mayor\u00eda de los casos la ventaja de no generar intereses, historia aparte lo son los pl\u00e1sticos bancarios en donde vemos tasas de inter\u00e9s hasta de mas del noventa por ciento anual.<\/p>\n\n\n\n<p>Mientras que los \u00edndices de endeudamiento y falta de pago en cr\u00e9ditos compiten con las descaradas ganancias que ostentan los bancos por cada financiamiento otorgado en \u00e9poca de inflaci\u00f3n a sus clientes.<\/p>\n\n\n\n<p>\u00a1No nos enga\u00f1emos! ese dinero tarde o temprano tiene que ser pagado, y va a generar intereses, o va a poner en jaque la forma puntual de cubrir otras necesidades, por eso es conveniente planificar nuestras compras, qu\u00e9 es necesario adquirir, y qu\u00e9 puede esperar.<\/p>\n\n\n\n<p>Acaso no vale m\u00e1s un poco de tranquilidad que estrenar algo que durar\u00e1 menos que la deuda; indudablemente s\u00ed, para muestra a\u00f1os anteriores.<\/p>\n\n\n\n<p>El Buen Fin ser\u00e1 una gran oportunidad y es una buena estrategia comercial de los empresarios para reactivar la econom\u00eda, por lo que no es que debamos de dejar de participar en ella, sino que debemos de hacerlo con inteligencia y planificaci\u00f3n para obtener beneficios y no salir lastimados.<\/p>\n\n\n\n<p>Tambi\u00e9n hay que recordar que con las fechas se han reportado en otros a\u00f1os el alza de reclamos por cargos no reconocidos en los saldos de las tarjetas bancarias, pues los delincuentes de la red, aprovechan siempre la distracci\u00f3n para hacer uso de t\u00e9cnicas fraudulentas para obtener informaci\u00f3n y datos de los clientes.<\/p>\n\n\n\n<p>As\u00ed que no se deje sorprender, ni enga\u00f1ar, sea cauto y no proporcione informaci\u00f3n confidencial o datos personales a desconocidos y evite comprar en tiendas o sitios inseguros de esos que abundar\u00e1n en la red este fin de semana.<\/p>\n\n\n\n<p>Leer siempre los comentarios, experiencias y recomendaciones de otros usuarios ser\u00e1 una gu\u00eda importante a la hora de tomar decisiones, hacerlo antes y no despu\u00e9s es una gran medida de protecci\u00f3n.<\/p>\n\n\n\n<p>Si la compra la hace en tienda f\u00edsica, por favor no pierda de vista su tarjeta y proteja siempre su n\u00famero de identificaci\u00f3n personal, confirme antes de teclear o autorizar el pago, que el precio de la compra sea el precio final ofrecido al p\u00fablico.<\/p>\n\n\n\n<p>Conserve sus comprobantes de pago y las garant\u00edas, no deje de rectificar si la mercanc\u00eda entregada corresponde a la pagada, hay muchas an\u00e9cdotas de haber llegado a casa con el art\u00edculo equivocado.<\/p>\n\n\n\n<p>O de fallas en el producto que no se pueden hacer v\u00e1lidas por haber extraviado los comprobantes que vinculan al vendedor, y con el descuido le eximen de su responsabilidad.<\/p>\n\n\n\n<p>Procure disponer de tiempo para comprar, ello le permitir\u00e1 comparar y elegir de mejor manera el mejor producto. Razone su compra, no se lleve lo primero que vea, nada de que \u201cfue amor a primera vista\u201d.<\/p>\n\n\n\n<p>Revise constantemente su saldo y mant\u00e9ngase alerta a los avisos de su banco, en caso de detectar un cargo no reconocido, rep\u00f3rtelo de inmediato pues cuenta con 48 horas para que el aviso se considere hecho de manera oportuno y proceda el reembolso o el pago de intereses si el banco se niega a devolver el dinero.<\/p>\n\n\n\n<p>Si decide no comprar, tambi\u00e9n est\u00e1 bien, no va a pasar nada por esta vez. Y la recomendaci\u00f3n final, es para quienes recibir\u00e1n ofertas de pago de deudas, todo acuerdo, quita o negociaci\u00f3n debe hacerse por escrito para que se lo respeten, nada de que fue por Whatsapp porque eso no vale. Ahora s\u00ed, \u00a1arrancan!<\/p>\n\n\n\n<p>\u00danase ya, a la Jornada Estatal para la Defensa del Patrimonio Familiar 2281148502 visite &nbsp;<a href=\"http:\/\/www.elbarzonrc.org\/\">www.elbarzonrc.org<\/a>&nbsp;Contacte&nbsp;<a href=\"mailto:elbarzonrc@yahoo.com.mx\">elbarzonrc@yahoo.com.mx<\/a>, O s\u00edgame en @terecarbajal<\/p>\n","protected":false},"excerpt":{"rendered":"<p>Teresa Carbajal Debo, no niego; pago, lo justo Una consulta a tu Bur\u00f3 de Cr\u00e9dito, hacer la lista de todo el fin de a\u00f1o con los pendientes por pagar y las compras necesarias; as\u00ed como visualizar los gastos que traer\u00e1 la cuesta de enero 2024 te ser\u00e1n de gran ayuda para planificar adecuadamente. El m\u00e9todo [&hellip;]<\/p>\n","protected":false},"author":2,"featured_media":0,"comment_status":"closed","ping_status":"closed","sticky":false,"template":"","format":"standard","meta":{"tdm_status":"","tdm_grid_status":"","footnotes":""},"categories":[70],"tags":[862,13788],"class_list":{"0":"post-114403","1":"post","2":"type-post","3":"status-publish","4":"format-standard","6":"category-de-opinion","7":"tag-buen-fin","8":"tag-buro-de-credito"},"yoast_head":"<!-- This site is optimized with the Yoast SEO plugin v27.4 - https:\/\/yoast.com\/product\/yoast-seo-wordpress\/ -->\n<title>BUEN FIN 2023 - Los pol\u00edticos Veracruz<\/title>\n<meta name=\"robots\" content=\"index, follow, max-snippet:-1, max-image-preview:large, max-video-preview:-1\" \/>\n<link rel=\"canonical\" href=\"https:\/\/lospoliticosveracruz.com\/?p=114403\" \/>\n<meta property=\"og:locale\" content=\"es_ES\" \/>\n<meta property=\"og:type\" content=\"article\" \/>\n<meta property=\"og:title\" content=\"BUEN FIN 2023 - Los pol\u00edticos Veracruz\" \/>\n<meta property=\"og:description\" content=\"Teresa Carbajal Debo, no niego; pago, lo justo Una consulta a tu Bur\u00f3 de Cr\u00e9dito, hacer la lista de todo el fin de a\u00f1o con los pendientes por pagar y las compras necesarias; as\u00ed como visualizar los gastos que traer\u00e1 la cuesta de enero 2024 te ser\u00e1n de gran ayuda para planificar adecuadamente. El m\u00e9todo [&hellip;]\" \/>\n<meta property=\"og:url\" content=\"https:\/\/lospoliticosveracruz.com\/?p=114403\" \/>\n<meta property=\"og:site_name\" content=\"Los pol\u00edticos Veracruz\" \/>\n<meta property=\"article:publisher\" content=\"https:\/\/www.facebook.com\/people\/Notimemes-de-los-Polticos\/61565672886568\/\" \/>\n<meta property=\"article:published_time\" content=\"2023-11-17T17:15:51+00:00\" \/>\n<meta property=\"article:modified_time\" content=\"2023-11-17T17:20:20+00:00\" \/>\n<meta property=\"og:image\" content=\"https:\/\/lospoliticosveracruz.com\/wp-content\/uploads\/2016\/07\/Logo-Dor.jpg\" \/>\n\t<meta property=\"og:image:width\" content=\"200\" \/>\n\t<meta property=\"og:image:height\" content=\"200\" \/>\n\t<meta property=\"og:image:type\" content=\"image\/jpeg\" \/>\n<meta name=\"author\" content=\"Lo viste en Los Pol\u00edticos\" \/>\n<meta name=\"twitter:card\" content=\"summary_large_image\" \/>\n<meta name=\"twitter:creator\" content=\"@LosPoliticosVer\" \/>\n<meta name=\"twitter:site\" content=\"@LosPoliticosVer\" \/>\n<meta name=\"twitter:label1\" content=\"Escrito por\" \/>\n\t<meta name=\"twitter:data1\" content=\"Lo viste en Los Pol\u00edticos\" \/>\n\t<meta name=\"twitter:label2\" content=\"Tiempo de lectura\" \/>\n\t<meta name=\"twitter:data2\" content=\"4 minutos\" \/>\n<script type=\"application\/ld+json\" class=\"yoast-schema-graph\">{\"@context\":\"https:\\\/\\\/schema.org\",\"@graph\":[{\"@type\":\"Article\",\"@id\":\"https:\\\/\\\/lospoliticosveracruz.com\\\/?p=114403#article\",\"isPartOf\":{\"@id\":\"https:\\\/\\\/lospoliticosveracruz.com\\\/?p=114403\"},\"author\":{\"name\":\"Lo viste en Los Pol\u00edticos\",\"@id\":\"https:\\\/\\\/lospoliticosveracruz.com\\\/#\\\/schema\\\/person\\\/b8702bb0e538456e6efd07080bf2a4a2\"},\"headline\":\"BUEN FIN 2023\",\"datePublished\":\"2023-11-17T17:15:51+00:00\",\"dateModified\":\"2023-11-17T17:20:20+00:00\",\"mainEntityOfPage\":{\"@id\":\"https:\\\/\\\/lospoliticosveracruz.com\\\/?p=114403\"},\"wordCount\":823,\"publisher\":{\"@id\":\"https:\\\/\\\/lospoliticosveracruz.com\\\/#organization\"},\"keywords\":[\"Buen Fin\",\"Bur\u00f3 de Cr\u00e9dito\"],\"articleSection\":[\"De Opini\u00f3n\"],\"inLanguage\":\"es\"},{\"@type\":\"WebPage\",\"@id\":\"https:\\\/\\\/lospoliticosveracruz.com\\\/?p=114403\",\"url\":\"https:\\\/\\\/lospoliticosveracruz.com\\\/?p=114403\",\"name\":\"BUEN FIN 2023 - Los pol\u00edticos Veracruz\",\"isPartOf\":{\"@id\":\"https:\\\/\\\/lospoliticosveracruz.com\\\/#website\"},\"datePublished\":\"2023-11-17T17:15:51+00:00\",\"dateModified\":\"2023-11-17T17:20:20+00:00\",\"breadcrumb\":{\"@id\":\"https:\\\/\\\/lospoliticosveracruz.com\\\/?p=114403#breadcrumb\"},\"inLanguage\":\"es\",\"potentialAction\":[{\"@type\":\"ReadAction\",\"target\":[\"https:\\\/\\\/lospoliticosveracruz.com\\\/?p=114403\"]}]},{\"@type\":\"BreadcrumbList\",\"@id\":\"https:\\\/\\\/lospoliticosveracruz.com\\\/?p=114403#breadcrumb\",\"itemListElement\":[{\"@type\":\"ListItem\",\"position\":1,\"name\":\"Portada\",\"item\":\"https:\\\/\\\/lospoliticosveracruz.com\\\/\"},{\"@type\":\"ListItem\",\"position\":2,\"name\":\"BUEN FIN 2023\"}]},{\"@type\":\"WebSite\",\"@id\":\"https:\\\/\\\/lospoliticosveracruz.com\\\/#website\",\"url\":\"https:\\\/\\\/lospoliticosveracruz.com\\\/\",\"name\":\"Los pol\u00edticos Veracruz\",\"description\":\"\",\"publisher\":{\"@id\":\"https:\\\/\\\/lospoliticosveracruz.com\\\/#organization\"},\"potentialAction\":[{\"@type\":\"SearchAction\",\"target\":{\"@type\":\"EntryPoint\",\"urlTemplate\":\"https:\\\/\\\/lospoliticosveracruz.com\\\/?s={search_term_string}\"},\"query-input\":{\"@type\":\"PropertyValueSpecification\",\"valueRequired\":true,\"valueName\":\"search_term_string\"}}],\"inLanguage\":\"es\"},{\"@type\":\"Organization\",\"@id\":\"https:\\\/\\\/lospoliticosveracruz.com\\\/#organization\",\"name\":\"Los pol\u00edticos Veracruz\",\"url\":\"https:\\\/\\\/lospoliticosveracruz.com\\\/\",\"logo\":{\"@type\":\"ImageObject\",\"inLanguage\":\"es\",\"@id\":\"https:\\\/\\\/lospoliticosveracruz.com\\\/#\\\/schema\\\/logo\\\/image\\\/\",\"url\":\"https:\\\/\\\/lospoliticosveracruz.com\\\/wp-content\\\/uploads\\\/2025\\\/12\\\/Logo-Nuevo-LOS-POLITICOS-1.jpg\",\"contentUrl\":\"https:\\\/\\\/lospoliticosveracruz.com\\\/wp-content\\\/uploads\\\/2025\\\/12\\\/Logo-Nuevo-LOS-POLITICOS-1.jpg\",\"width\":260,\"height\":70,\"caption\":\"Los pol\u00edticos Veracruz\"},\"image\":{\"@id\":\"https:\\\/\\\/lospoliticosveracruz.com\\\/#\\\/schema\\\/logo\\\/image\\\/\"},\"sameAs\":[\"https:\\\/\\\/www.facebook.com\\\/people\\\/Notimemes-de-los-Polticos\\\/61565672886568\\\/\",\"https:\\\/\\\/x.com\\\/LosPoliticosVer\"]},{\"@type\":\"Person\",\"@id\":\"https:\\\/\\\/lospoliticosveracruz.com\\\/#\\\/schema\\\/person\\\/b8702bb0e538456e6efd07080bf2a4a2\",\"name\":\"Lo viste en Los Pol\u00edticos\",\"image\":{\"@type\":\"ImageObject\",\"inLanguage\":\"es\",\"@id\":\"https:\\\/\\\/secure.gravatar.com\\\/avatar\\\/3a8de04a2656d44082be478bd6c086daa447c4651605818287b9532d3d0bd435?s=96&d=mm&r=g\",\"url\":\"https:\\\/\\\/secure.gravatar.com\\\/avatar\\\/3a8de04a2656d44082be478bd6c086daa447c4651605818287b9532d3d0bd435?s=96&d=mm&r=g\",\"contentUrl\":\"https:\\\/\\\/secure.gravatar.com\\\/avatar\\\/3a8de04a2656d44082be478bd6c086daa447c4651605818287b9532d3d0bd435?s=96&d=mm&r=g\",\"caption\":\"Lo viste en Los Pol\u00edticos\"},\"url\":\"https:\\\/\\\/lospoliticosveracruz.com\\\/?author=2\"}]}<\/script>\n<!-- \/ Yoast SEO plugin. -->","yoast_head_json":{"title":"BUEN FIN 2023 - Los pol\u00edticos Veracruz","robots":{"index":"index","follow":"follow","max-snippet":"max-snippet:-1","max-image-preview":"max-image-preview:large","max-video-preview":"max-video-preview:-1"},"canonical":"https:\/\/lospoliticosveracruz.com\/?p=114403","og_locale":"es_ES","og_type":"article","og_title":"BUEN FIN 2023 - Los pol\u00edticos Veracruz","og_description":"Teresa Carbajal Debo, no niego; pago, lo justo Una consulta a tu Bur\u00f3 de Cr\u00e9dito, hacer la lista de todo el fin de a\u00f1o con los pendientes por pagar y las compras necesarias; as\u00ed como visualizar los gastos que traer\u00e1 la cuesta de enero 2024 te ser\u00e1n de gran ayuda para planificar adecuadamente. El m\u00e9todo [&hellip;]","og_url":"https:\/\/lospoliticosveracruz.com\/?p=114403","og_site_name":"Los pol\u00edticos Veracruz","article_publisher":"https:\/\/www.facebook.com\/people\/Notimemes-de-los-Polticos\/61565672886568\/","article_published_time":"2023-11-17T17:15:51+00:00","article_modified_time":"2023-11-17T17:20:20+00:00","og_image":[{"width":200,"height":200,"url":"https:\/\/lospoliticosveracruz.com\/wp-content\/uploads\/2016\/07\/Logo-Dor.jpg","type":"image\/jpeg"}],"author":"Lo viste en Los Pol\u00edticos","twitter_card":"summary_large_image","twitter_creator":"@LosPoliticosVer","twitter_site":"@LosPoliticosVer","twitter_misc":{"Escrito por":"Lo viste en Los Pol\u00edticos","Tiempo de lectura":"4 minutos"},"schema":{"@context":"https:\/\/schema.org","@graph":[{"@type":"Article","@id":"https:\/\/lospoliticosveracruz.com\/?p=114403#article","isPartOf":{"@id":"https:\/\/lospoliticosveracruz.com\/?p=114403"},"author":{"name":"Lo viste en Los Pol\u00edticos","@id":"https:\/\/lospoliticosveracruz.com\/#\/schema\/person\/b8702bb0e538456e6efd07080bf2a4a2"},"headline":"BUEN FIN 2023","datePublished":"2023-11-17T17:15:51+00:00","dateModified":"2023-11-17T17:20:20+00:00","mainEntityOfPage":{"@id":"https:\/\/lospoliticosveracruz.com\/?p=114403"},"wordCount":823,"publisher":{"@id":"https:\/\/lospoliticosveracruz.com\/#organization"},"keywords":["Buen Fin","Bur\u00f3 de Cr\u00e9dito"],"articleSection":["De Opini\u00f3n"],"inLanguage":"es"},{"@type":"WebPage","@id":"https:\/\/lospoliticosveracruz.com\/?p=114403","url":"https:\/\/lospoliticosveracruz.com\/?p=114403","name":"BUEN FIN 2023 - Los pol\u00edticos Veracruz","isPartOf":{"@id":"https:\/\/lospoliticosveracruz.com\/#website"},"datePublished":"2023-11-17T17:15:51+00:00","dateModified":"2023-11-17T17:20:20+00:00","breadcrumb":{"@id":"https:\/\/lospoliticosveracruz.com\/?p=114403#breadcrumb"},"inLanguage":"es","potentialAction":[{"@type":"ReadAction","target":["https:\/\/lospoliticosveracruz.com\/?p=114403"]}]},{"@type":"BreadcrumbList","@id":"https:\/\/lospoliticosveracruz.com\/?p=114403#breadcrumb","itemListElement":[{"@type":"ListItem","position":1,"name":"Portada","item":"https:\/\/lospoliticosveracruz.com\/"},{"@type":"ListItem","position":2,"name":"BUEN FIN 2023"}]},{"@type":"WebSite","@id":"https:\/\/lospoliticosveracruz.com\/#website","url":"https:\/\/lospoliticosveracruz.com\/","name":"Los pol\u00edticos Veracruz","description":"","publisher":{"@id":"https:\/\/lospoliticosveracruz.com\/#organization"},"potentialAction":[{"@type":"SearchAction","target":{"@type":"EntryPoint","urlTemplate":"https:\/\/lospoliticosveracruz.com\/?s={search_term_string}"},"query-input":{"@type":"PropertyValueSpecification","valueRequired":true,"valueName":"search_term_string"}}],"inLanguage":"es"},{"@type":"Organization","@id":"https:\/\/lospoliticosveracruz.com\/#organization","name":"Los pol\u00edticos Veracruz","url":"https:\/\/lospoliticosveracruz.com\/","logo":{"@type":"ImageObject","inLanguage":"es","@id":"https:\/\/lospoliticosveracruz.com\/#\/schema\/logo\/image\/","url":"https:\/\/lospoliticosveracruz.com\/wp-content\/uploads\/2025\/12\/Logo-Nuevo-LOS-POLITICOS-1.jpg","contentUrl":"https:\/\/lospoliticosveracruz.com\/wp-content\/uploads\/2025\/12\/Logo-Nuevo-LOS-POLITICOS-1.jpg","width":260,"height":70,"caption":"Los pol\u00edticos Veracruz"},"image":{"@id":"https:\/\/lospoliticosveracruz.com\/#\/schema\/logo\/image\/"},"sameAs":["https:\/\/www.facebook.com\/people\/Notimemes-de-los-Polticos\/61565672886568\/","https:\/\/x.com\/LosPoliticosVer"]},{"@type":"Person","@id":"https:\/\/lospoliticosveracruz.com\/#\/schema\/person\/b8702bb0e538456e6efd07080bf2a4a2","name":"Lo viste en Los Pol\u00edticos","image":{"@type":"ImageObject","inLanguage":"es","@id":"https:\/\/secure.gravatar.com\/avatar\/3a8de04a2656d44082be478bd6c086daa447c4651605818287b9532d3d0bd435?s=96&d=mm&r=g","url":"https:\/\/secure.gravatar.com\/avatar\/3a8de04a2656d44082be478bd6c086daa447c4651605818287b9532d3d0bd435?s=96&d=mm&r=g","contentUrl":"https:\/\/secure.gravatar.com\/avatar\/3a8de04a2656d44082be478bd6c086daa447c4651605818287b9532d3d0bd435?s=96&d=mm&r=g","caption":"Lo viste en Los Pol\u00edticos"},"url":"https:\/\/lospoliticosveracruz.com\/?author=2"}]}},"_links":{"self":[{"href":"https:\/\/lospoliticosveracruz.com\/index.php?rest_route=\/wp\/v2\/posts\/114403","targetHints":{"allow":["GET"]}}],"collection":[{"href":"https:\/\/lospoliticosveracruz.com\/index.php?rest_route=\/wp\/v2\/posts"}],"about":[{"href":"https:\/\/lospoliticosveracruz.com\/index.php?rest_route=\/wp\/v2\/types\/post"}],"author":[{"embeddable":true,"href":"https:\/\/lospoliticosveracruz.com\/index.php?rest_route=\/wp\/v2\/users\/2"}],"replies":[{"embeddable":true,"href":"https:\/\/lospoliticosveracruz.com\/index.php?rest_route=%2Fwp%2Fv2%2Fcomments&post=114403"}],"version-history":[{"count":2,"href":"https:\/\/lospoliticosveracruz.com\/index.php?rest_route=\/wp\/v2\/posts\/114403\/revisions"}],"predecessor-version":[{"id":114405,"href":"https:\/\/lospoliticosveracruz.com\/index.php?rest_route=\/wp\/v2\/posts\/114403\/revisions\/114405"}],"wp:attachment":[{"href":"https:\/\/lospoliticosveracruz.com\/index.php?rest_route=%2Fwp%2Fv2%2Fmedia&parent=114403"}],"wp:term":[{"taxonomy":"category","embeddable":true,"href":"https:\/\/lospoliticosveracruz.com\/index.php?rest_route=%2Fwp%2Fv2%2Fcategories&post=114403"},{"taxonomy":"post_tag","embeddable":true,"href":"https:\/\/lospoliticosveracruz.com\/index.php?rest_route=%2Fwp%2Fv2%2Ftags&post=114403"}],"curies":[{"name":"wp","href":"https:\/\/api.w.org\/{rel}","templated":true}]}}