{"id":114427,"date":"2023-11-17T19:54:32","date_gmt":"2023-11-18T01:54:32","guid":{"rendered":"https:\/\/lospoliticosveracruz.com.mx\/?p=114427"},"modified":"2023-11-17T19:54:38","modified_gmt":"2023-11-18T01:54:38","slug":"el-pri-la-hace-cardiaca","status":"publish","type":"post","link":"https:\/\/lospoliticosveracruz.com\/?p=114427","title":{"rendered":"EL PRI LA HACE CARDIACA\u2026"},"content":{"rendered":"\n<p><\/p>\n\n\n\n<p><strong>Bernardo Guti\u00e9rrez Parra<br><\/strong><em>Desde el Caf\u00e9<br><\/em>La reuni\u00f3n que sostuvo este jueves el l\u00edder nacional del PRI, Alejandro Moreno con Jos\u00e9 Yunes, Anil\u00fa Ingram y H\u00e9ctor Yunes, tres aspirantes del tricolor a la gubernatura de Veracruz, transcurri\u00f3 sin sorpresas, acaso la \u00fanica fue la incorporaci\u00f3n a la lista de aspirantes de Marlon Ram\u00edrez, Lorena Pi\u00f1\u00f3n y Cirilo V\u00e1zquez. Por lo dem\u00e1s, hubo consenso en que una encuesta defina al ganador y eso fue todo.<\/p>\n\n\n\n<p>Sobre la encuesta, vaya manera de hacerla cardiaca. Pero en fin.<\/p>\n\n\n\n<p>Si hay algo devaluado en este pa\u00eds tanto como los partidos pol\u00edticos, esas son las encuestas con sus respectivas casas encuestadoras. En Morena no solo las devaluaron sino que no les hicieron caso. Dos ejemplos de lo anterior son la CDMX donde Omar Garc\u00eda Harfuch gan\u00f3 por una ventaja de 40 puntos a Clara Brugada y Veracruz, donde el vencedor fue Manuel Huerta sobre Roc\u00edo Nahle. Sin embargo, los perdedores resultaron elegidos candidatos.<\/p>\n\n\n\n<p>En lo personal veo innecesario un sondeo entre los aspirantes del tricolor ya que Jos\u00e9 Francisco Yunes Zorrilla ha salido con el brazo en alto en la gran mayor\u00eda. Y a estas alturas no veo un cambio sustancial con Pepe cada vez m\u00e1s consolidado en el \u00e1nimo de los veracruzanos y en el de la militancia de su partido.<\/p>\n\n\n\n<p>De los aspirantes que agreg\u00f3 Alito a la lista, Marlon Ram\u00edrez es quien puede hacer m\u00e1s ruido. No hay que olvidar que hasta hace unas semanas era presidente estatal del PRI y es muy conocido por los tricolores.<\/p>\n\n\n\n<p>Pero sin darle muchas vueltas al asunto, la batalla de las encuestas se centrar\u00e1 en Pepe y H\u00e9ctor. Y desde antes de empezar, el legislador perote\u00f1o le lleva una ventaja considerable al nativo de Soledad de Doblado.<\/p>\n\n\n\n<p>En s\u00edntesis lector, si la encuesta es pareja, Pepe Yunes ser\u00e1 candidato del Frente opositor. Otro resultado, el que sea, provocar\u00e1 una rebeli\u00f3n en la granja que ser\u00e1 letal para el PRI y al menos para la mitad de los veracruzanos.<\/p>\n\n\n\n<p>Donde no marchan bien las cosas es en el patio de enfrente.<\/p>\n\n\n\n<p>La fuente de Morena que este martes me habl\u00f3 del miedo que les provoca que Pepe Yunes sea el adversario de Roc\u00edo Nahle, abund\u00f3 sobre lo mal que la est\u00e1n pasando en el equipo de la zacatecana.<\/p>\n\n\n\n<p>Me dijo que sus asesores est\u00e1n sudando la gota gorda porque no saben c\u00f3mo contrarrestar la de broncas que se le vendr\u00e1n a su candidata cuando arranquen las campa\u00f1as y comiencen los reclamos por las promesas que hizo Cuitl\u00e1huac Garc\u00eda y nom\u00e1s no ha cumplido. Y me puso un ejemplo: carecen de un plan efectivo con qu\u00e9 convencer al electorado de que ahora s\u00ed, con Roc\u00edo como gobernadora, Veracruz dejar\u00e1 de ser inseguro y violento.<\/p>\n\n\n\n<p>\u201cLe van a echar en cara todos los dislates de Cuitl\u00e1huac como si los hubiera cometido ella y no encuentran una estrategia convincente con qu\u00e9 darles la vuelta\u201d me asegur\u00f3.<\/p>\n\n\n\n<p>Hasta ahorita lector, lo \u00fanico que ha tenido Roc\u00edo han sido reuniones a modo como una (muy desangelada) con los maestros, donde Zenyazen Escobar ex secretario de la SEV y l\u00edder del Movimiento Maestros con Morena, le prometi\u00f3 el voto de 10 mil docentes que dijo, ser\u00e1n el \u201cej\u00e9rcito\u201d que la respaldar\u00e1.<\/p>\n\n\n\n<p>Magro ej\u00e9rcito si se toma en cuenta que en la entidad hay m\u00e1s de 60 mil docentes y que el voto corporativo ya no existe. Nadie ni Zenyazen Escobar, le garantiza a Roc\u00edo que ese \u201cej\u00e9rcito\u201d de maestros voten por ella el pr\u00f3ximo 6 de junio.<\/p>\n\n\n\n<p>Falta poco para que comience oficialmente la carrera por la gubernatura. Y si los adversarios son Pepe y Roc\u00edo, el camino para llegar a Palacio de Gobierno tendr\u00e1 de todo, menos aburrimiento.<\/p>\n\n\n\n<p>Eso te lo garantizo, lector.<\/p>\n\n\n\n<p>bernardogup@hotmail.com<\/p>\n","protected":false},"excerpt":{"rendered":"<p>Bernardo Guti\u00e9rrez ParraDesde el Caf\u00e9La reuni\u00f3n que sostuvo este jueves el l\u00edder nacional del PRI, Alejandro Moreno con Jos\u00e9 Yunes, Anil\u00fa Ingram y H\u00e9ctor Yunes, tres aspirantes del tricolor a la gubernatura de Veracruz, transcurri\u00f3 sin sorpresas, acaso la \u00fanica fue la incorporaci\u00f3n a la lista de aspirantes de Marlon Ram\u00edrez, Lorena Pi\u00f1\u00f3n y Cirilo [&hellip;]<\/p>\n","protected":false},"author":2,"featured_media":0,"comment_status":"closed","ping_status":"closed","sticky":false,"template":"","format":"standard","meta":{"tdm_status":"","tdm_grid_status":"","footnotes":""},"categories":[70],"tags":[3940,1070,1706],"class_list":{"0":"post-114427","1":"post","2":"type-post","3":"status-publish","4":"format-standard","6":"category-de-opinion","7":"tag-jose-yunes","8":"tag-lorena-pinon","9":"tag-marlon-ramirez"},"yoast_head":"<!-- This site is optimized with the Yoast SEO plugin v27.4 - https:\/\/yoast.com\/product\/yoast-seo-wordpress\/ -->\n<title>EL PRI LA HACE CARDIACA\u2026 - Los pol\u00edticos Veracruz<\/title>\n<meta name=\"robots\" content=\"index, follow, max-snippet:-1, max-image-preview:large, max-video-preview:-1\" \/>\n<link rel=\"canonical\" href=\"https:\/\/lospoliticosveracruz.com\/?p=114427\" \/>\n<meta property=\"og:locale\" content=\"es_ES\" \/>\n<meta property=\"og:type\" content=\"article\" \/>\n<meta property=\"og:title\" content=\"EL PRI LA HACE CARDIACA\u2026 - Los pol\u00edticos Veracruz\" \/>\n<meta property=\"og:description\" content=\"Bernardo Guti\u00e9rrez ParraDesde el Caf\u00e9La reuni\u00f3n que sostuvo este jueves el l\u00edder nacional del PRI, Alejandro Moreno con Jos\u00e9 Yunes, Anil\u00fa Ingram y H\u00e9ctor Yunes, tres aspirantes del tricolor a la gubernatura de Veracruz, transcurri\u00f3 sin sorpresas, acaso la \u00fanica fue la incorporaci\u00f3n a la lista de aspirantes de Marlon Ram\u00edrez, Lorena Pi\u00f1\u00f3n y Cirilo [&hellip;]\" \/>\n<meta property=\"og:url\" content=\"https:\/\/lospoliticosveracruz.com\/?p=114427\" \/>\n<meta property=\"og:site_name\" content=\"Los pol\u00edticos Veracruz\" \/>\n<meta property=\"article:publisher\" content=\"https:\/\/www.facebook.com\/people\/Notimemes-de-los-Polticos\/61565672886568\/\" \/>\n<meta property=\"article:published_time\" content=\"2023-11-18T01:54:32+00:00\" \/>\n<meta property=\"article:modified_time\" content=\"2023-11-18T01:54:38+00:00\" \/>\n<meta property=\"og:image\" content=\"https:\/\/lospoliticosveracruz.com\/wp-content\/uploads\/2016\/07\/Logo-Dor.jpg\" \/>\n\t<meta property=\"og:image:width\" content=\"200\" \/>\n\t<meta property=\"og:image:height\" content=\"200\" \/>\n\t<meta property=\"og:image:type\" content=\"image\/jpeg\" \/>\n<meta name=\"author\" content=\"Lo viste en Los Pol\u00edticos\" \/>\n<meta name=\"twitter:card\" content=\"summary_large_image\" \/>\n<meta name=\"twitter:creator\" content=\"@LosPoliticosVer\" \/>\n<meta name=\"twitter:site\" content=\"@LosPoliticosVer\" \/>\n<meta name=\"twitter:label1\" content=\"Escrito por\" \/>\n\t<meta name=\"twitter:data1\" content=\"Lo viste en Los Pol\u00edticos\" \/>\n\t<meta name=\"twitter:label2\" content=\"Tiempo de lectura\" \/>\n\t<meta name=\"twitter:data2\" content=\"3 minutos\" \/>\n<script type=\"application\/ld+json\" class=\"yoast-schema-graph\">{\"@context\":\"https:\\\/\\\/schema.org\",\"@graph\":[{\"@type\":\"Article\",\"@id\":\"https:\\\/\\\/lospoliticosveracruz.com\\\/?p=114427#article\",\"isPartOf\":{\"@id\":\"https:\\\/\\\/lospoliticosveracruz.com\\\/?p=114427\"},\"author\":{\"name\":\"Lo viste en Los Pol\u00edticos\",\"@id\":\"https:\\\/\\\/lospoliticosveracruz.com\\\/#\\\/schema\\\/person\\\/b8702bb0e538456e6efd07080bf2a4a2\"},\"headline\":\"EL PRI LA HACE CARDIACA\u2026\",\"datePublished\":\"2023-11-18T01:54:32+00:00\",\"dateModified\":\"2023-11-18T01:54:38+00:00\",\"mainEntityOfPage\":{\"@id\":\"https:\\\/\\\/lospoliticosveracruz.com\\\/?p=114427\"},\"wordCount\":668,\"publisher\":{\"@id\":\"https:\\\/\\\/lospoliticosveracruz.com\\\/#organization\"},\"keywords\":[\"Jos\u00e9 Yunes\",\"Lorena Pi\u00f1\u00f3n\",\"Marlon Ram\u00edrez\"],\"articleSection\":[\"De Opini\u00f3n\"],\"inLanguage\":\"es\"},{\"@type\":\"WebPage\",\"@id\":\"https:\\\/\\\/lospoliticosveracruz.com\\\/?p=114427\",\"url\":\"https:\\\/\\\/lospoliticosveracruz.com\\\/?p=114427\",\"name\":\"EL PRI LA HACE CARDIACA\u2026 - Los pol\u00edticos Veracruz\",\"isPartOf\":{\"@id\":\"https:\\\/\\\/lospoliticosveracruz.com\\\/#website\"},\"datePublished\":\"2023-11-18T01:54:32+00:00\",\"dateModified\":\"2023-11-18T01:54:38+00:00\",\"breadcrumb\":{\"@id\":\"https:\\\/\\\/lospoliticosveracruz.com\\\/?p=114427#breadcrumb\"},\"inLanguage\":\"es\",\"potentialAction\":[{\"@type\":\"ReadAction\",\"target\":[\"https:\\\/\\\/lospoliticosveracruz.com\\\/?p=114427\"]}]},{\"@type\":\"BreadcrumbList\",\"@id\":\"https:\\\/\\\/lospoliticosveracruz.com\\\/?p=114427#breadcrumb\",\"itemListElement\":[{\"@type\":\"ListItem\",\"position\":1,\"name\":\"Portada\",\"item\":\"https:\\\/\\\/lospoliticosveracruz.com\\\/\"},{\"@type\":\"ListItem\",\"position\":2,\"name\":\"EL PRI LA HACE CARDIACA\u2026\"}]},{\"@type\":\"WebSite\",\"@id\":\"https:\\\/\\\/lospoliticosveracruz.com\\\/#website\",\"url\":\"https:\\\/\\\/lospoliticosveracruz.com\\\/\",\"name\":\"Los pol\u00edticos Veracruz\",\"description\":\"\",\"publisher\":{\"@id\":\"https:\\\/\\\/lospoliticosveracruz.com\\\/#organization\"},\"potentialAction\":[{\"@type\":\"SearchAction\",\"target\":{\"@type\":\"EntryPoint\",\"urlTemplate\":\"https:\\\/\\\/lospoliticosveracruz.com\\\/?s={search_term_string}\"},\"query-input\":{\"@type\":\"PropertyValueSpecification\",\"valueRequired\":true,\"valueName\":\"search_term_string\"}}],\"inLanguage\":\"es\"},{\"@type\":\"Organization\",\"@id\":\"https:\\\/\\\/lospoliticosveracruz.com\\\/#organization\",\"name\":\"Los pol\u00edticos Veracruz\",\"url\":\"https:\\\/\\\/lospoliticosveracruz.com\\\/\",\"logo\":{\"@type\":\"ImageObject\",\"inLanguage\":\"es\",\"@id\":\"https:\\\/\\\/lospoliticosveracruz.com\\\/#\\\/schema\\\/logo\\\/image\\\/\",\"url\":\"https:\\\/\\\/lospoliticosveracruz.com\\\/wp-content\\\/uploads\\\/2025\\\/12\\\/Logo-Nuevo-LOS-POLITICOS-1.jpg\",\"contentUrl\":\"https:\\\/\\\/lospoliticosveracruz.com\\\/wp-content\\\/uploads\\\/2025\\\/12\\\/Logo-Nuevo-LOS-POLITICOS-1.jpg\",\"width\":260,\"height\":70,\"caption\":\"Los pol\u00edticos Veracruz\"},\"image\":{\"@id\":\"https:\\\/\\\/lospoliticosveracruz.com\\\/#\\\/schema\\\/logo\\\/image\\\/\"},\"sameAs\":[\"https:\\\/\\\/www.facebook.com\\\/people\\\/Notimemes-de-los-Polticos\\\/61565672886568\\\/\",\"https:\\\/\\\/x.com\\\/LosPoliticosVer\"]},{\"@type\":\"Person\",\"@id\":\"https:\\\/\\\/lospoliticosveracruz.com\\\/#\\\/schema\\\/person\\\/b8702bb0e538456e6efd07080bf2a4a2\",\"name\":\"Lo viste en Los Pol\u00edticos\",\"image\":{\"@type\":\"ImageObject\",\"inLanguage\":\"es\",\"@id\":\"https:\\\/\\\/secure.gravatar.com\\\/avatar\\\/3a8de04a2656d44082be478bd6c086daa447c4651605818287b9532d3d0bd435?s=96&d=mm&r=g\",\"url\":\"https:\\\/\\\/secure.gravatar.com\\\/avatar\\\/3a8de04a2656d44082be478bd6c086daa447c4651605818287b9532d3d0bd435?s=96&d=mm&r=g\",\"contentUrl\":\"https:\\\/\\\/secure.gravatar.com\\\/avatar\\\/3a8de04a2656d44082be478bd6c086daa447c4651605818287b9532d3d0bd435?s=96&d=mm&r=g\",\"caption\":\"Lo viste en Los Pol\u00edticos\"},\"url\":\"https:\\\/\\\/lospoliticosveracruz.com\\\/?author=2\"}]}<\/script>\n<!-- \/ Yoast SEO plugin. -->","yoast_head_json":{"title":"EL PRI LA HACE CARDIACA\u2026 - Los pol\u00edticos Veracruz","robots":{"index":"index","follow":"follow","max-snippet":"max-snippet:-1","max-image-preview":"max-image-preview:large","max-video-preview":"max-video-preview:-1"},"canonical":"https:\/\/lospoliticosveracruz.com\/?p=114427","og_locale":"es_ES","og_type":"article","og_title":"EL PRI LA HACE CARDIACA\u2026 - Los pol\u00edticos Veracruz","og_description":"Bernardo Guti\u00e9rrez ParraDesde el Caf\u00e9La reuni\u00f3n que sostuvo este jueves el l\u00edder nacional del PRI, Alejandro Moreno con Jos\u00e9 Yunes, Anil\u00fa Ingram y H\u00e9ctor Yunes, tres aspirantes del tricolor a la gubernatura de Veracruz, transcurri\u00f3 sin sorpresas, acaso la \u00fanica fue la incorporaci\u00f3n a la lista de aspirantes de Marlon Ram\u00edrez, Lorena Pi\u00f1\u00f3n y Cirilo [&hellip;]","og_url":"https:\/\/lospoliticosveracruz.com\/?p=114427","og_site_name":"Los pol\u00edticos Veracruz","article_publisher":"https:\/\/www.facebook.com\/people\/Notimemes-de-los-Polticos\/61565672886568\/","article_published_time":"2023-11-18T01:54:32+00:00","article_modified_time":"2023-11-18T01:54:38+00:00","og_image":[{"width":200,"height":200,"url":"https:\/\/lospoliticosveracruz.com\/wp-content\/uploads\/2016\/07\/Logo-Dor.jpg","type":"image\/jpeg"}],"author":"Lo viste en Los Pol\u00edticos","twitter_card":"summary_large_image","twitter_creator":"@LosPoliticosVer","twitter_site":"@LosPoliticosVer","twitter_misc":{"Escrito por":"Lo viste en Los Pol\u00edticos","Tiempo de lectura":"3 minutos"},"schema":{"@context":"https:\/\/schema.org","@graph":[{"@type":"Article","@id":"https:\/\/lospoliticosveracruz.com\/?p=114427#article","isPartOf":{"@id":"https:\/\/lospoliticosveracruz.com\/?p=114427"},"author":{"name":"Lo viste en Los Pol\u00edticos","@id":"https:\/\/lospoliticosveracruz.com\/#\/schema\/person\/b8702bb0e538456e6efd07080bf2a4a2"},"headline":"EL PRI LA HACE CARDIACA\u2026","datePublished":"2023-11-18T01:54:32+00:00","dateModified":"2023-11-18T01:54:38+00:00","mainEntityOfPage":{"@id":"https:\/\/lospoliticosveracruz.com\/?p=114427"},"wordCount":668,"publisher":{"@id":"https:\/\/lospoliticosveracruz.com\/#organization"},"keywords":["Jos\u00e9 Yunes","Lorena Pi\u00f1\u00f3n","Marlon Ram\u00edrez"],"articleSection":["De Opini\u00f3n"],"inLanguage":"es"},{"@type":"WebPage","@id":"https:\/\/lospoliticosveracruz.com\/?p=114427","url":"https:\/\/lospoliticosveracruz.com\/?p=114427","name":"EL PRI LA HACE CARDIACA\u2026 - Los pol\u00edticos Veracruz","isPartOf":{"@id":"https:\/\/lospoliticosveracruz.com\/#website"},"datePublished":"2023-11-18T01:54:32+00:00","dateModified":"2023-11-18T01:54:38+00:00","breadcrumb":{"@id":"https:\/\/lospoliticosveracruz.com\/?p=114427#breadcrumb"},"inLanguage":"es","potentialAction":[{"@type":"ReadAction","target":["https:\/\/lospoliticosveracruz.com\/?p=114427"]}]},{"@type":"BreadcrumbList","@id":"https:\/\/lospoliticosveracruz.com\/?p=114427#breadcrumb","itemListElement":[{"@type":"ListItem","position":1,"name":"Portada","item":"https:\/\/lospoliticosveracruz.com\/"},{"@type":"ListItem","position":2,"name":"EL PRI LA HACE CARDIACA\u2026"}]},{"@type":"WebSite","@id":"https:\/\/lospoliticosveracruz.com\/#website","url":"https:\/\/lospoliticosveracruz.com\/","name":"Los pol\u00edticos Veracruz","description":"","publisher":{"@id":"https:\/\/lospoliticosveracruz.com\/#organization"},"potentialAction":[{"@type":"SearchAction","target":{"@type":"EntryPoint","urlTemplate":"https:\/\/lospoliticosveracruz.com\/?s={search_term_string}"},"query-input":{"@type":"PropertyValueSpecification","valueRequired":true,"valueName":"search_term_string"}}],"inLanguage":"es"},{"@type":"Organization","@id":"https:\/\/lospoliticosveracruz.com\/#organization","name":"Los pol\u00edticos Veracruz","url":"https:\/\/lospoliticosveracruz.com\/","logo":{"@type":"ImageObject","inLanguage":"es","@id":"https:\/\/lospoliticosveracruz.com\/#\/schema\/logo\/image\/","url":"https:\/\/lospoliticosveracruz.com\/wp-content\/uploads\/2025\/12\/Logo-Nuevo-LOS-POLITICOS-1.jpg","contentUrl":"https:\/\/lospoliticosveracruz.com\/wp-content\/uploads\/2025\/12\/Logo-Nuevo-LOS-POLITICOS-1.jpg","width":260,"height":70,"caption":"Los pol\u00edticos Veracruz"},"image":{"@id":"https:\/\/lospoliticosveracruz.com\/#\/schema\/logo\/image\/"},"sameAs":["https:\/\/www.facebook.com\/people\/Notimemes-de-los-Polticos\/61565672886568\/","https:\/\/x.com\/LosPoliticosVer"]},{"@type":"Person","@id":"https:\/\/lospoliticosveracruz.com\/#\/schema\/person\/b8702bb0e538456e6efd07080bf2a4a2","name":"Lo viste en Los Pol\u00edticos","image":{"@type":"ImageObject","inLanguage":"es","@id":"https:\/\/secure.gravatar.com\/avatar\/3a8de04a2656d44082be478bd6c086daa447c4651605818287b9532d3d0bd435?s=96&d=mm&r=g","url":"https:\/\/secure.gravatar.com\/avatar\/3a8de04a2656d44082be478bd6c086daa447c4651605818287b9532d3d0bd435?s=96&d=mm&r=g","contentUrl":"https:\/\/secure.gravatar.com\/avatar\/3a8de04a2656d44082be478bd6c086daa447c4651605818287b9532d3d0bd435?s=96&d=mm&r=g","caption":"Lo viste en Los Pol\u00edticos"},"url":"https:\/\/lospoliticosveracruz.com\/?author=2"}]}},"_links":{"self":[{"href":"https:\/\/lospoliticosveracruz.com\/index.php?rest_route=\/wp\/v2\/posts\/114427","targetHints":{"allow":["GET"]}}],"collection":[{"href":"https:\/\/lospoliticosveracruz.com\/index.php?rest_route=\/wp\/v2\/posts"}],"about":[{"href":"https:\/\/lospoliticosveracruz.com\/index.php?rest_route=\/wp\/v2\/types\/post"}],"author":[{"embeddable":true,"href":"https:\/\/lospoliticosveracruz.com\/index.php?rest_route=\/wp\/v2\/users\/2"}],"replies":[{"embeddable":true,"href":"https:\/\/lospoliticosveracruz.com\/index.php?rest_route=%2Fwp%2Fv2%2Fcomments&post=114427"}],"version-history":[{"count":1,"href":"https:\/\/lospoliticosveracruz.com\/index.php?rest_route=\/wp\/v2\/posts\/114427\/revisions"}],"predecessor-version":[{"id":114428,"href":"https:\/\/lospoliticosveracruz.com\/index.php?rest_route=\/wp\/v2\/posts\/114427\/revisions\/114428"}],"wp:attachment":[{"href":"https:\/\/lospoliticosveracruz.com\/index.php?rest_route=%2Fwp%2Fv2%2Fmedia&parent=114427"}],"wp:term":[{"taxonomy":"category","embeddable":true,"href":"https:\/\/lospoliticosveracruz.com\/index.php?rest_route=%2Fwp%2Fv2%2Fcategories&post=114427"},{"taxonomy":"post_tag","embeddable":true,"href":"https:\/\/lospoliticosveracruz.com\/index.php?rest_route=%2Fwp%2Fv2%2Ftags&post=114427"}],"curies":[{"name":"wp","href":"https:\/\/api.w.org\/{rel}","templated":true}]}}